{"id":68450,"date":"2022-05-11T02:20:49","date_gmt":"2022-05-11T07:20:49","guid":{"rendered":"https:\/\/akunq.net\/tr\/?p=68450"},"modified":"2022-05-11T02:20:49","modified_gmt":"2022-05-11T07:20:49","slug":"osmanli-doneminde-ve-sonrasi-kac-ermeni-ve-rum-vardi","status":"publish","type":"post","link":"https:\/\/akunq.net\/tr\/?p=68450","title":{"rendered":"Osmanl\u0131 d\u00f6neminde ve sonras\u0131 ka\u00e7 Ermeni ve Rum vard\u0131?"},"content":{"rendered":"<div class=\"html-content\">\n<p><img loading=\"lazy\" decoding=\"async\" class=\"aligncenter size-medium wp-image-68451\" src=\"https:\/\/akunq.net\/tr\/wp-content\/uploads\/2022\/05\/Ermeni-ve-Rum-360x192.jpg\" alt=\"\" width=\"360\" height=\"192\" srcset=\"https:\/\/akunq.net\/tr\/wp-content\/uploads\/sites\/6\/2022\/05\/Ermeni-ve-Rum-360x192.jpg 360w, https:\/\/akunq.net\/tr\/wp-content\/uploads\/sites\/6\/2022\/05\/Ermeni-ve-Rum-768x409.jpg 768w, https:\/\/akunq.net\/tr\/wp-content\/uploads\/sites\/6\/2022\/05\/Ermeni-ve-Rum-560x298.jpg 560w, https:\/\/akunq.net\/tr\/wp-content\/uploads\/sites\/6\/2022\/05\/Ermeni-ve-Rum-260x138.jpg 260w, https:\/\/akunq.net\/tr\/wp-content\/uploads\/sites\/6\/2022\/05\/Ermeni-ve-Rum-160x85.jpg 160w, https:\/\/akunq.net\/tr\/wp-content\/uploads\/sites\/6\/2022\/05\/Ermeni-ve-Rum.jpg 800w\" sizes=\"auto, (max-width: 360px) 100vw, 360px\" \/><\/p>\n<p><strong><em>Bu b\u00f6lgedeki Rumlar\u0131n ve Ermenilerin etnik yap\u0131s\u0131ndaki de\u011fi\u015fimin temel nedeni Ermenilere, Rumlara, ve Pontus&#8217;ta yap\u0131lan soyk\u0131r\u0131mlar, Ermenilerin tehcir edilmesi, etnik temizliktir.<\/em><\/strong><\/p>\n<p>Ermeniler, T\u00fcrk unsurunun oraya yerle\u015fmesinden \u00e7ok daha \u00f6nce \u015fimdiki T\u00fcrkiye topraklar\u0131nda ya\u015fam\u0131\u015flard\u0131r. T\u00fcrklerin K\u00fc\u00e7\u00fck Asya&#8217;ya yerle\u015fmesinden sonra, Ermeniler Bat\u0131 Ermenistan topraklar\u0131nda ulusal ya\u015fam\u0131 \u00f6rg\u00fctlediler, kendilerine ait ve kamu mallar\u0131n\u0131 y\u00f6nettiler.<\/p>\n<p>Ancak Osmanl\u0131 \u0130mparatorlu\u011fu&#8217;nun kurulmas\u0131ndan sonra T\u00fcrkiye&#8217;deki Ermenilerin durumu daha da k\u00f6t\u00fcle\u015fti. 16. ve 17. y\u00fczy\u0131llarda T\u00fcrkiye ile \u0130ran aras\u0131nda uzun sava\u015flar patlak verdi. Bat\u0131 Ermenistan s\u0131k s\u0131k kitlesel eylemlere sahne oldu, bunun sonucunda ekonomisi \u00e7\u00f6kt\u00fc ve Ermeni sivil n\u00fcfusu b\u00fcy\u00fck \u00f6l\u00e7\u00fcde etkilendi.<\/p>\n<p>18. y\u00fczy\u0131lda ve \u00f6zellikle 19. y\u00fczy\u0131lda T\u00fcrk diktat\u00f6rl\u00fc\u011f\u00fc Ermeniler \u00fczerindeki bask\u0131y\u0131 yo\u011funla\u015ft\u0131rm\u0131\u015f, milli-dini vehimleri k\u00f6r\u00fcklemi\u015ftir. Ermeni halk\u0131n\u0131n T\u00fcrk i\u015fgalc\u0131lar\u0131na kar\u015f\u0131 m\u00fccadelesi ba\u015flad\u0131\u011f\u0131nda, ulusal kurtulu\u015f hareketinin Bat\u0131 Ermenistan&#8217;da yay\u0131lmas\u0131yla \u00f6zellikle 19. y\u00fczy\u0131l\u0131n sonu ve 20. y\u00fczy\u0131l\u0131n ba\u015flar\u0131nda yeni bir ivme kazand\u0131. Ermeni halk\u0131n\u0131n T\u00fcrk ke\u015fi\u015flerine kar\u015f\u0131 m\u00fccadelesi, \u00f6zellikle 19. y\u00fczy\u0131l\u0131n sonu ve 20. y\u00fczy\u0131l\u0131n ba\u015flar\u0131nda feodal hareketin Bat\u0131 Ermenistan&#8217;da yay\u0131lmas\u0131yla yeni bir ivme kazand\u0131.<\/p>\n<p>B\u00fct\u00fcn bunlar\u0131n sonucu, Birinci D\u00fcnya Sava\u015f\u0131 (1914-1918) y\u0131llar\u0131nda, Ermenistan&#8217;\u0131n t\u00fcm Ermenilerinin yerlerinden edilmesiydi, 1915&#8217;te 20. y\u00fczy\u0131l\u0131n en b\u00fcy\u00fck su\u00e7lar\u0131ndan biri olan Mets Yeghern (B\u00fcy\u00fck Soyk\u0131r\u0131m) ger\u00e7ekle\u015fti. 1.5 milyon Ermeni yok edildi, hayatta kalanlar tehcir edildi, d\u00fcnyan\u0131n d\u00f6rt bir yan\u0131na da\u011f\u0131ld\u0131. Osmanl\u0131 \u0130mparatorlu\u011fu, Bat\u0131 Ermenistan&#8217;\u0131 Ermenilerden &#8220;temizlemek&#8221; i\u00e7in siyasi plan\u0131n\u0131 uygulamay\u0131 ba\u015fard\u0131 ve Ermeni halk\u0131n\u0131 as\u0131rl\u0131k anavatanlar\u0131nda ya\u015fama hakk\u0131ndan mahrum b\u0131rakt\u0131.<\/p>\n<p>\u015eu anda T\u00fcrkiye&#8217;de yakla\u015f\u0131k 70-90 bin Ermeni (Hem\u015finli Ermenilerle birlikte 480 bin) ya\u015f\u0131yor. Ermenilerin 70 bini \u0130stanbul&#8217;da ya\u015f\u0131yor.<\/p>\n<p>Resmi istatistiklere g\u00f6re, 1919-1922 y\u0131llar\u0131nda Yunan-T\u00fcrk sava\u015f\u0131 s\u0131ras\u0131nda 151 bin 892 Rum K\u00fc\u00e7\u00fck Asya&#8217;y\u0131 terk etti. \u00c7ok say\u0131da Rum, Yunan topluluklar\u0131n\u0131n kuruldu\u011fu Amerika Birle\u015fik Devletleri, Kanada veya Avustralya&#8217;ya g\u00f6\u00e7 etti.<\/p>\n<p>24 Temmuz 1923 tarihli Lozan Antla\u015fmas\u0131&#8217;n\u0131n bir sonucu olarak, 1,4 milyondan fazla Rum Hristiyan T\u00fcrkiye&#8217;yi terk ederek anavatanlar\u0131na yerle\u015fti. Toplam 60 bim 27 Rum, kom\u015fu Bulgaristan k\u0131y\u0131lar\u0131na yerle\u015fti. Yakla\u015f\u0131k 60 bin Rum, ba\u015fta K\u0131r\u0131m olmak \u00fczere Rus \u0130mparatorlu\u011fu topraklar\u0131na yerle\u015fti.<\/p>\n<\/div>\n<div class=\"current-author fl cb\"><strong><em>\u00a0<a class=\"a-none\" href=\"https:\/\/www.ermenihaber.am\/tr\/news\/2022\/05\/10\/Osman-Ermeni-ve-Rum-vard%C4%B1\/230754\">Ermenihaber.am<\/a><\/em><\/strong><\/div>\n<div class=\"cb\"><\/div>\n<div class=\"current-socials\">\n<div id=\"st-1\" class=\"sharethis-inline-share-buttons st-left  st-inline-share-buttons st-animated\">\n<div class=\"st-btn st-first\" data-network=\"facebook\"><\/div>\n<\/div>\n<\/div>\n","protected":false},"excerpt":{"rendered":"<p>Bu b\u00f6lgedeki Rumlar\u0131n ve Ermenilerin etnik yap\u0131s\u0131ndaki de\u011fi\u015fimin temel nedeni Ermenilere, Rumlara, ve Pontus&#8217;ta yap\u0131lan soyk\u0131r\u0131mlar, Ermenilerin tehcir edilmesi, etnik temizliktir. Ermeniler, T\u00fcrk unsurunun oraya yerle\u015fmesinden \u00e7ok daha \u00f6nce \u015fimdiki T\u00fcrkiye topraklar\u0131nda ya\u015fam\u0131\u015flard\u0131r. T\u00fcrklerin K\u00fc\u00e7\u00fck Asya&#8217;ya yerle\u015fmesinden sonra, Ermeniler Bat\u0131 Ermenistan topraklar\u0131nda ulusal ya\u015fam\u0131 \u00f6rg\u00fctlediler, kendilerine ait ve kamu mallar\u0131n\u0131 y\u00f6nettiler. Ancak Osmanl\u0131 \u0130mparatorlu\u011fu&#8217;nun kurulmas\u0131ndan [&hellip;]<\/p>\n","protected":false},"author":7,"featured_media":68451,"comment_status":"open","ping_status":"open","sticky":false,"template":"","format":"standard","meta":{"footnotes":""},"categories":[1,53],"tags":[],"class_list":["post-68450","post","type-post","status-publish","format-standard","has-post-thumbnail","hentry","category-haberler","category-turkiyede-azinliklar"],"yoast_head":"<!-- This site is optimized with the Yoast SEO plugin v27.4 - https:\/\/yoast.com\/product\/yoast-seo-wordpress\/ -->\n<title>Osmanl\u0131 d\u00f6neminde ve sonras\u0131 ka\u00e7 Ermeni ve Rum vard\u0131? - Bati Ermenistan Ve Bati Ermenileri Sorunlari Ara\u015ftirmalar Merkezi<\/title>\n<meta name=\"robots\" content=\"index, follow, max-snippet:-1, max-image-preview:large, max-video-preview:-1\" \/>\n<link rel=\"canonical\" href=\"https:\/\/akunq.net\/tr\/?p=68450\" \/>\n<meta property=\"og:locale\" content=\"en_US\" \/>\n<meta property=\"og:type\" content=\"article\" \/>\n<meta property=\"og:title\" content=\"Osmanl\u0131 d\u00f6neminde ve sonras\u0131 ka\u00e7 Ermeni ve Rum vard\u0131? - Bati Ermenistan Ve Bati Ermenileri Sorunlari Ara\u015ftirmalar Merkezi\" \/>\n<meta property=\"og:description\" content=\"Bu b\u00f6lgedeki Rumlar\u0131n ve Ermenilerin etnik yap\u0131s\u0131ndaki de\u011fi\u015fimin temel nedeni Ermenilere, Rumlara, ve Pontus&#8217;ta yap\u0131lan soyk\u0131r\u0131mlar, Ermenilerin tehcir edilmesi, etnik temizliktir. Ermeniler, T\u00fcrk unsurunun oraya yerle\u015fmesinden \u00e7ok daha \u00f6nce \u015fimdiki T\u00fcrkiye topraklar\u0131nda ya\u015fam\u0131\u015flard\u0131r. T\u00fcrklerin K\u00fc\u00e7\u00fck Asya&#8217;ya yerle\u015fmesinden sonra, Ermeniler Bat\u0131 Ermenistan topraklar\u0131nda ulusal ya\u015fam\u0131 \u00f6rg\u00fctlediler, kendilerine ait ve kamu mallar\u0131n\u0131 y\u00f6nettiler. Ancak Osmanl\u0131 \u0130mparatorlu\u011fu&#8217;nun kurulmas\u0131ndan [&hellip;]\" \/>\n<meta property=\"og:url\" content=\"https:\/\/akunq.net\/tr\/?p=68450\" \/>\n<meta property=\"og:site_name\" content=\"Bati Ermenistan Ve Bati Ermenileri Sorunlari Ara\u015ftirmalar Merkezi\" \/>\n<meta property=\"article:published_time\" content=\"2022-05-11T07:20:49+00:00\" \/>\n<meta property=\"og:image\" content=\"https:\/\/akunq.net\/tr\/wp-content\/uploads\/sites\/6\/2022\/05\/Ermeni-ve-Rum.jpg\" \/>\n\t<meta property=\"og:image:width\" content=\"800\" \/>\n\t<meta property=\"og:image:height\" content=\"426\" \/>\n\t<meta property=\"og:image:type\" content=\"image\/jpeg\" \/>\n<meta name=\"author\" content=\"admin\" \/>\n<meta name=\"twitter:card\" content=\"summary_large_image\" \/>\n<meta name=\"twitter:label1\" content=\"Written by\" \/>\n\t<meta name=\"twitter:data1\" content=\"admin\" \/>\n\t<meta name=\"twitter:label2\" content=\"Est. reading time\" \/>\n\t<meta name=\"twitter:data2\" content=\"2 minutes\" \/>\n<script type=\"application\/ld+json\" class=\"yoast-schema-graph\">{\"@context\":\"https:\\\/\\\/schema.org\",\"@graph\":[{\"@type\":\"Article\",\"@id\":\"https:\\\/\\\/akunq.net\\\/tr\\\/?p=68450#article\",\"isPartOf\":{\"@id\":\"https:\\\/\\\/akunq.net\\\/tr\\\/?p=68450\"},\"author\":{\"name\":\"admin\",\"@id\":\"https:\\\/\\\/akunq.net\\\/tr\\\/#\\\/schema\\\/person\\\/096f1d38a12cce57fb855b485ed24c9e\"},\"headline\":\"Osmanl\u0131 d\u00f6neminde ve sonras\u0131 ka\u00e7 Ermeni ve Rum vard\u0131?\",\"datePublished\":\"2022-05-11T07:20:49+00:00\",\"mainEntityOfPage\":{\"@id\":\"https:\\\/\\\/akunq.net\\\/tr\\\/?p=68450\"},\"wordCount\":457,\"commentCount\":0,\"image\":{\"@id\":\"https:\\\/\\\/akunq.net\\\/tr\\\/?p=68450#primaryimage\"},\"thumbnailUrl\":\"https:\\\/\\\/akunq.net\\\/tr\\\/wp-content\\\/uploads\\\/sites\\\/6\\\/2022\\\/05\\\/Ermeni-ve-Rum.jpg\",\"articleSection\":[\"Haberler\",\"T\u00fcrkiye\u2019de Az\u0131nl\u0131klar\"],\"inLanguage\":\"en-US\",\"potentialAction\":[{\"@type\":\"CommentAction\",\"name\":\"Comment\",\"target\":[\"https:\\\/\\\/akunq.net\\\/tr\\\/?p=68450#respond\"]}]},{\"@type\":\"WebPage\",\"@id\":\"https:\\\/\\\/akunq.net\\\/tr\\\/?p=68450\",\"url\":\"https:\\\/\\\/akunq.net\\\/tr\\\/?p=68450\",\"name\":\"Osmanl\u0131 d\u00f6neminde ve sonras\u0131 ka\u00e7 Ermeni ve Rum vard\u0131? - Bati Ermenistan Ve Bati Ermenileri Sorunlari Ara\u015ftirmalar Merkezi\",\"isPartOf\":{\"@id\":\"https:\\\/\\\/akunq.net\\\/tr\\\/#website\"},\"primaryImageOfPage\":{\"@id\":\"https:\\\/\\\/akunq.net\\\/tr\\\/?p=68450#primaryimage\"},\"image\":{\"@id\":\"https:\\\/\\\/akunq.net\\\/tr\\\/?p=68450#primaryimage\"},\"thumbnailUrl\":\"https:\\\/\\\/akunq.net\\\/tr\\\/wp-content\\\/uploads\\\/sites\\\/6\\\/2022\\\/05\\\/Ermeni-ve-Rum.jpg\",\"datePublished\":\"2022-05-11T07:20:49+00:00\",\"author\":{\"@id\":\"https:\\\/\\\/akunq.net\\\/tr\\\/#\\\/schema\\\/person\\\/096f1d38a12cce57fb855b485ed24c9e\"},\"breadcrumb\":{\"@id\":\"https:\\\/\\\/akunq.net\\\/tr\\\/?p=68450#breadcrumb\"},\"inLanguage\":\"en-US\",\"potentialAction\":[{\"@type\":\"ReadAction\",\"target\":[\"https:\\\/\\\/akunq.net\\\/tr\\\/?p=68450\"]}]},{\"@type\":\"ImageObject\",\"inLanguage\":\"en-US\",\"@id\":\"https:\\\/\\\/akunq.net\\\/tr\\\/?p=68450#primaryimage\",\"url\":\"https:\\\/\\\/akunq.net\\\/tr\\\/wp-content\\\/uploads\\\/sites\\\/6\\\/2022\\\/05\\\/Ermeni-ve-Rum.jpg\",\"contentUrl\":\"https:\\\/\\\/akunq.net\\\/tr\\\/wp-content\\\/uploads\\\/sites\\\/6\\\/2022\\\/05\\\/Ermeni-ve-Rum.jpg\",\"width\":800,\"height\":426},{\"@type\":\"BreadcrumbList\",\"@id\":\"https:\\\/\\\/akunq.net\\\/tr\\\/?p=68450#breadcrumb\",\"itemListElement\":[{\"@type\":\"ListItem\",\"position\":1,\"name\":\"Home\",\"item\":\"https:\\\/\\\/akunq.net\\\/tr\"},{\"@type\":\"ListItem\",\"position\":2,\"name\":\"Osmanl\u0131 d\u00f6neminde ve sonras\u0131 ka\u00e7 Ermeni ve Rum vard\u0131?\"}]},{\"@type\":\"WebSite\",\"@id\":\"https:\\\/\\\/akunq.net\\\/tr\\\/#website\",\"url\":\"https:\\\/\\\/akunq.net\\\/tr\\\/\",\"name\":\"Bati Ermenistan Ve Bati Ermenileri Sorunlari Ara\u015ftirmalar Merkezi\",\"description\":\"\",\"potentialAction\":[{\"@type\":\"SearchAction\",\"target\":{\"@type\":\"EntryPoint\",\"urlTemplate\":\"https:\\\/\\\/akunq.net\\\/tr\\\/?s={search_term_string}\"},\"query-input\":{\"@type\":\"PropertyValueSpecification\",\"valueRequired\":true,\"valueName\":\"search_term_string\"}}],\"inLanguage\":\"en-US\"},{\"@type\":\"Person\",\"@id\":\"https:\\\/\\\/akunq.net\\\/tr\\\/#\\\/schema\\\/person\\\/096f1d38a12cce57fb855b485ed24c9e\",\"name\":\"admin\",\"url\":\"https:\\\/\\\/akunq.net\\\/tr\\\/?author=7\"}]}<\/script>\n<!-- \/ Yoast SEO plugin. -->","yoast_head_json":{"title":"Osmanl\u0131 d\u00f6neminde ve sonras\u0131 ka\u00e7 Ermeni ve Rum vard\u0131? - Bati Ermenistan Ve Bati Ermenileri Sorunlari Ara\u015ftirmalar Merkezi","robots":{"index":"index","follow":"follow","max-snippet":"max-snippet:-1","max-image-preview":"max-image-preview:large","max-video-preview":"max-video-preview:-1"},"canonical":"https:\/\/akunq.net\/tr\/?p=68450","og_locale":"en_US","og_type":"article","og_title":"Osmanl\u0131 d\u00f6neminde ve sonras\u0131 ka\u00e7 Ermeni ve Rum vard\u0131? - Bati Ermenistan Ve Bati Ermenileri Sorunlari Ara\u015ftirmalar Merkezi","og_description":"Bu b\u00f6lgedeki Rumlar\u0131n ve Ermenilerin etnik yap\u0131s\u0131ndaki de\u011fi\u015fimin temel nedeni Ermenilere, Rumlara, ve Pontus&#8217;ta yap\u0131lan soyk\u0131r\u0131mlar, Ermenilerin tehcir edilmesi, etnik temizliktir. Ermeniler, T\u00fcrk unsurunun oraya yerle\u015fmesinden \u00e7ok daha \u00f6nce \u015fimdiki T\u00fcrkiye topraklar\u0131nda ya\u015fam\u0131\u015flard\u0131r. T\u00fcrklerin K\u00fc\u00e7\u00fck Asya&#8217;ya yerle\u015fmesinden sonra, Ermeniler Bat\u0131 Ermenistan topraklar\u0131nda ulusal ya\u015fam\u0131 \u00f6rg\u00fctlediler, kendilerine ait ve kamu mallar\u0131n\u0131 y\u00f6nettiler. Ancak Osmanl\u0131 \u0130mparatorlu\u011fu&#8217;nun kurulmas\u0131ndan [&hellip;]","og_url":"https:\/\/akunq.net\/tr\/?p=68450","og_site_name":"Bati Ermenistan Ve Bati Ermenileri Sorunlari Ara\u015ftirmalar Merkezi","article_published_time":"2022-05-11T07:20:49+00:00","og_image":[{"width":800,"height":426,"url":"https:\/\/akunq.net\/tr\/wp-content\/uploads\/sites\/6\/2022\/05\/Ermeni-ve-Rum.jpg","type":"image\/jpeg"}],"author":"admin","twitter_card":"summary_large_image","twitter_misc":{"Written by":"admin","Est. reading time":"2 minutes"},"schema":{"@context":"https:\/\/schema.org","@graph":[{"@type":"Article","@id":"https:\/\/akunq.net\/tr\/?p=68450#article","isPartOf":{"@id":"https:\/\/akunq.net\/tr\/?p=68450"},"author":{"name":"admin","@id":"https:\/\/akunq.net\/tr\/#\/schema\/person\/096f1d38a12cce57fb855b485ed24c9e"},"headline":"Osmanl\u0131 d\u00f6neminde ve sonras\u0131 ka\u00e7 Ermeni ve Rum vard\u0131?","datePublished":"2022-05-11T07:20:49+00:00","mainEntityOfPage":{"@id":"https:\/\/akunq.net\/tr\/?p=68450"},"wordCount":457,"commentCount":0,"image":{"@id":"https:\/\/akunq.net\/tr\/?p=68450#primaryimage"},"thumbnailUrl":"https:\/\/akunq.net\/tr\/wp-content\/uploads\/sites\/6\/2022\/05\/Ermeni-ve-Rum.jpg","articleSection":["Haberler","T\u00fcrkiye\u2019de Az\u0131nl\u0131klar"],"inLanguage":"en-US","potentialAction":[{"@type":"CommentAction","name":"Comment","target":["https:\/\/akunq.net\/tr\/?p=68450#respond"]}]},{"@type":"WebPage","@id":"https:\/\/akunq.net\/tr\/?p=68450","url":"https:\/\/akunq.net\/tr\/?p=68450","name":"Osmanl\u0131 d\u00f6neminde ve sonras\u0131 ka\u00e7 Ermeni ve Rum vard\u0131? - Bati Ermenistan Ve Bati Ermenileri Sorunlari Ara\u015ftirmalar Merkezi","isPartOf":{"@id":"https:\/\/akunq.net\/tr\/#website"},"primaryImageOfPage":{"@id":"https:\/\/akunq.net\/tr\/?p=68450#primaryimage"},"image":{"@id":"https:\/\/akunq.net\/tr\/?p=68450#primaryimage"},"thumbnailUrl":"https:\/\/akunq.net\/tr\/wp-content\/uploads\/sites\/6\/2022\/05\/Ermeni-ve-Rum.jpg","datePublished":"2022-05-11T07:20:49+00:00","author":{"@id":"https:\/\/akunq.net\/tr\/#\/schema\/person\/096f1d38a12cce57fb855b485ed24c9e"},"breadcrumb":{"@id":"https:\/\/akunq.net\/tr\/?p=68450#breadcrumb"},"inLanguage":"en-US","potentialAction":[{"@type":"ReadAction","target":["https:\/\/akunq.net\/tr\/?p=68450"]}]},{"@type":"ImageObject","inLanguage":"en-US","@id":"https:\/\/akunq.net\/tr\/?p=68450#primaryimage","url":"https:\/\/akunq.net\/tr\/wp-content\/uploads\/sites\/6\/2022\/05\/Ermeni-ve-Rum.jpg","contentUrl":"https:\/\/akunq.net\/tr\/wp-content\/uploads\/sites\/6\/2022\/05\/Ermeni-ve-Rum.jpg","width":800,"height":426},{"@type":"BreadcrumbList","@id":"https:\/\/akunq.net\/tr\/?p=68450#breadcrumb","itemListElement":[{"@type":"ListItem","position":1,"name":"Home","item":"https:\/\/akunq.net\/tr"},{"@type":"ListItem","position":2,"name":"Osmanl\u0131 d\u00f6neminde ve sonras\u0131 ka\u00e7 Ermeni ve Rum vard\u0131?"}]},{"@type":"WebSite","@id":"https:\/\/akunq.net\/tr\/#website","url":"https:\/\/akunq.net\/tr\/","name":"Bati Ermenistan Ve Bati Ermenileri Sorunlari Ara\u015ftirmalar Merkezi","description":"","potentialAction":[{"@type":"SearchAction","target":{"@type":"EntryPoint","urlTemplate":"https:\/\/akunq.net\/tr\/?s={search_term_string}"},"query-input":{"@type":"PropertyValueSpecification","valueRequired":true,"valueName":"search_term_string"}}],"inLanguage":"en-US"},{"@type":"Person","@id":"https:\/\/akunq.net\/tr\/#\/schema\/person\/096f1d38a12cce57fb855b485ed24c9e","name":"admin","url":"https:\/\/akunq.net\/tr\/?author=7"}]}},"_links":{"self":[{"href":"https:\/\/akunq.net\/tr\/index.php?rest_route=\/wp\/v2\/posts\/68450","targetHints":{"allow":["GET"]}}],"collection":[{"href":"https:\/\/akunq.net\/tr\/index.php?rest_route=\/wp\/v2\/posts"}],"about":[{"href":"https:\/\/akunq.net\/tr\/index.php?rest_route=\/wp\/v2\/types\/post"}],"author":[{"embeddable":true,"href":"https:\/\/akunq.net\/tr\/index.php?rest_route=\/wp\/v2\/users\/7"}],"replies":[{"embeddable":true,"href":"https:\/\/akunq.net\/tr\/index.php?rest_route=%2Fwp%2Fv2%2Fcomments&post=68450"}],"version-history":[{"count":1,"href":"https:\/\/akunq.net\/tr\/index.php?rest_route=\/wp\/v2\/posts\/68450\/revisions"}],"predecessor-version":[{"id":68452,"href":"https:\/\/akunq.net\/tr\/index.php?rest_route=\/wp\/v2\/posts\/68450\/revisions\/68452"}],"wp:featuredmedia":[{"embeddable":true,"href":"https:\/\/akunq.net\/tr\/index.php?rest_route=\/wp\/v2\/media\/68451"}],"wp:attachment":[{"href":"https:\/\/akunq.net\/tr\/index.php?rest_route=%2Fwp%2Fv2%2Fmedia&parent=68450"}],"wp:term":[{"taxonomy":"category","embeddable":true,"href":"https:\/\/akunq.net\/tr\/index.php?rest_route=%2Fwp%2Fv2%2Fcategories&post=68450"},{"taxonomy":"post_tag","embeddable":true,"href":"https:\/\/akunq.net\/tr\/index.php?rest_route=%2Fwp%2Fv2%2Ftags&post=68450"}],"curies":[{"name":"wp","href":"https:\/\/api.w.org\/{rel}","templated":true}]}}