{"id":68429,"date":"2022-05-10T02:33:37","date_gmt":"2022-05-10T07:33:37","guid":{"rendered":"https:\/\/akunq.net\/tr\/?p=68429"},"modified":"2022-05-10T02:33:37","modified_gmt":"2022-05-10T07:33:37","slug":"ermeni-kilisesinde-7-yil-sonra-ilk-ayin","status":"publish","type":"post","link":"https:\/\/akunq.net\/tr\/?p=68429","title":{"rendered":"Ermeni kilisesinde 7 y\u0131l sonra ilk ayin"},"content":{"rendered":"<p><img loading=\"lazy\" decoding=\"async\" class=\"aligncenter size-medium wp-image-68430\" src=\"https:\/\/akunq.net\/tr\/wp-content\/uploads\/2022\/05\/Sahak-Ma\u015falyan-360x189.jpeg\" alt=\"\" width=\"360\" height=\"189\" srcset=\"https:\/\/akunq.net\/tr\/wp-content\/uploads\/sites\/6\/2022\/05\/Sahak-Ma\u015falyan-360x189.jpeg 360w, https:\/\/akunq.net\/tr\/wp-content\/uploads\/sites\/6\/2022\/05\/Sahak-Ma\u015falyan-560x294.jpeg 560w, https:\/\/akunq.net\/tr\/wp-content\/uploads\/sites\/6\/2022\/05\/Sahak-Ma\u015falyan-260x137.jpeg 260w, https:\/\/akunq.net\/tr\/wp-content\/uploads\/sites\/6\/2022\/05\/Sahak-Ma\u015falyan-160x84.jpeg 160w, https:\/\/akunq.net\/tr\/wp-content\/uploads\/sites\/6\/2022\/05\/Sahak-Ma\u015falyan.jpeg 752w\" sizes=\"auto, (max-width: 360px) 100vw, 360px\" \/><\/p>\n<p><em><strong>Diyarbak\u0131r\u2019\u0131n Sur il\u00e7esinde hendek olaylar\u0131 s\u0131ras\u0131nda hasar g\u00f6rmesi nedeniyle restorasyonu yap\u0131lan Surp Giragos Ermeni Kilisesi\u2019nde 7 y\u0131l aradan sonra ilk ayin yap\u0131ld\u0131. <\/strong><\/em><\/p>\n<p>\u00c7ok say\u0131da Ermeni cemaati \u00fcyelerinin kat\u0131ld\u0131\u011f\u0131 ayini, T\u00fcrkiye Ermenileri Patri\u011fi Sahak Ma\u015falyan y\u00f6netti.<\/p>\n<p>650 y\u0131ll\u0131k Surp Giragos Ermeni Kilisesi, Cumhurba\u015fkan\u0131 Recep Tayyip Erdo\u011fan\u2019\u0131n talimat\u0131yla ba\u015flat\u0131lan \u201cSur \u0130hya Projesi\u201d kapsam\u0131nda, \u00c7evre, \u015eehircilik ve \u0130klim De\u011fi\u015fikli\u011fi Bakanl\u0131\u011f\u0131 taraf\u0131ndan 34 milyon lira harcanarak restore edilmi\u015fti.<\/p>\n<p><em><strong><a href=\"https:\/\/www.sabah.com.tr\/gundem\/2022\/05\/09\/ermeni-kilisesinde-7-yil-sonra-ilk-ayin\" target=\"_blank\" rel=\"noopener noreferrer\">Sabah Gazetesi<\/a>\u00a0<\/strong><\/em><\/p>\n","protected":false},"excerpt":{"rendered":"<p>Diyarbak\u0131r\u2019\u0131n Sur il\u00e7esinde hendek olaylar\u0131 s\u0131ras\u0131nda hasar g\u00f6rmesi nedeniyle restorasyonu yap\u0131lan Surp Giragos Ermeni Kilisesi\u2019nde 7 y\u0131l aradan sonra ilk ayin yap\u0131ld\u0131. \u00c7ok say\u0131da Ermeni cemaati \u00fcyelerinin kat\u0131ld\u0131\u011f\u0131 ayini, T\u00fcrkiye Ermenileri Patri\u011fi Sahak Ma\u015falyan y\u00f6netti. 650 y\u0131ll\u0131k Surp Giragos Ermeni Kilisesi, Cumhurba\u015fkan\u0131 Recep Tayyip Erdo\u011fan\u2019\u0131n talimat\u0131yla ba\u015flat\u0131lan \u201cSur \u0130hya Projesi\u201d kapsam\u0131nda, \u00c7evre, \u015eehircilik ve \u0130klim [&hellip;]<\/p>\n","protected":false},"author":7,"featured_media":68430,"comment_status":"open","ping_status":"open","sticky":false,"template":"","format":"standard","meta":{"footnotes":""},"categories":[22,1],"tags":[],"class_list":["post-68429","post","type-post","status-publish","format-standard","has-post-thumbnail","hentry","category-gunumuzde-bati-ermenistan","category-haberler"],"yoast_head":"<!-- This site is optimized with the Yoast SEO plugin v27.4 - https:\/\/yoast.com\/product\/yoast-seo-wordpress\/ -->\n<title>Ermeni kilisesinde 7 y\u0131l sonra ilk ayin - Bati Ermenistan Ve Bati Ermenileri Sorunlari Ara\u015ftirmalar Merkezi<\/title>\n<meta name=\"robots\" content=\"index, follow, max-snippet:-1, max-image-preview:large, max-video-preview:-1\" \/>\n<link rel=\"canonical\" href=\"https:\/\/akunq.net\/tr\/?p=68429\" \/>\n<meta property=\"og:locale\" content=\"en_US\" \/>\n<meta property=\"og:type\" content=\"article\" \/>\n<meta property=\"og:title\" content=\"Ermeni kilisesinde 7 y\u0131l sonra ilk ayin - Bati Ermenistan Ve Bati Ermenileri Sorunlari Ara\u015ftirmalar Merkezi\" \/>\n<meta property=\"og:description\" content=\"Diyarbak\u0131r\u2019\u0131n Sur il\u00e7esinde hendek olaylar\u0131 s\u0131ras\u0131nda hasar g\u00f6rmesi nedeniyle restorasyonu yap\u0131lan Surp Giragos Ermeni Kilisesi\u2019nde 7 y\u0131l aradan sonra ilk ayin yap\u0131ld\u0131. \u00c7ok say\u0131da Ermeni cemaati \u00fcyelerinin kat\u0131ld\u0131\u011f\u0131 ayini, T\u00fcrkiye Ermenileri Patri\u011fi Sahak Ma\u015falyan y\u00f6netti. 650 y\u0131ll\u0131k Surp Giragos Ermeni Kilisesi, Cumhurba\u015fkan\u0131 Recep Tayyip Erdo\u011fan\u2019\u0131n talimat\u0131yla ba\u015flat\u0131lan \u201cSur \u0130hya Projesi\u201d kapsam\u0131nda, \u00c7evre, \u015eehircilik ve \u0130klim [&hellip;]\" \/>\n<meta property=\"og:url\" content=\"https:\/\/akunq.net\/tr\/?p=68429\" \/>\n<meta property=\"og:site_name\" content=\"Bati Ermenistan Ve Bati Ermenileri Sorunlari Ara\u015ftirmalar Merkezi\" \/>\n<meta property=\"article:published_time\" content=\"2022-05-10T07:33:37+00:00\" \/>\n<meta property=\"og:image\" content=\"https:\/\/akunq.net\/tr\/wp-content\/uploads\/sites\/6\/2022\/05\/Sahak-Ma\u015falyan.jpeg\" \/>\n\t<meta property=\"og:image:width\" content=\"752\" \/>\n\t<meta property=\"og:image:height\" content=\"395\" \/>\n\t<meta property=\"og:image:type\" content=\"image\/jpeg\" \/>\n<meta name=\"author\" content=\"admin\" \/>\n<meta name=\"twitter:card\" content=\"summary_large_image\" \/>\n<meta name=\"twitter:label1\" content=\"Written by\" \/>\n\t<meta name=\"twitter:data1\" content=\"admin\" \/>\n<script type=\"application\/ld+json\" class=\"yoast-schema-graph\">{\"@context\":\"https:\\\/\\\/schema.org\",\"@graph\":[{\"@type\":\"Article\",\"@id\":\"https:\\\/\\\/akunq.net\\\/tr\\\/?p=68429#article\",\"isPartOf\":{\"@id\":\"https:\\\/\\\/akunq.net\\\/tr\\\/?p=68429\"},\"author\":{\"name\":\"admin\",\"@id\":\"https:\\\/\\\/akunq.net\\\/tr\\\/#\\\/schema\\\/person\\\/096f1d38a12cce57fb855b485ed24c9e\"},\"headline\":\"Ermeni kilisesinde 7 y\u0131l sonra ilk ayin\",\"datePublished\":\"2022-05-10T07:33:37+00:00\",\"mainEntityOfPage\":{\"@id\":\"https:\\\/\\\/akunq.net\\\/tr\\\/?p=68429\"},\"wordCount\":100,\"commentCount\":0,\"image\":{\"@id\":\"https:\\\/\\\/akunq.net\\\/tr\\\/?p=68429#primaryimage\"},\"thumbnailUrl\":\"https:\\\/\\\/akunq.net\\\/tr\\\/wp-content\\\/uploads\\\/sites\\\/6\\\/2022\\\/05\\\/Sahak-Ma\u015falyan.jpeg\",\"articleSection\":[\"G\u00fcn\u00fcm\u00fczde Bat\u0131 Ermenistan\",\"Haberler\"],\"inLanguage\":\"en-US\",\"potentialAction\":[{\"@type\":\"CommentAction\",\"name\":\"Comment\",\"target\":[\"https:\\\/\\\/akunq.net\\\/tr\\\/?p=68429#respond\"]}]},{\"@type\":\"WebPage\",\"@id\":\"https:\\\/\\\/akunq.net\\\/tr\\\/?p=68429\",\"url\":\"https:\\\/\\\/akunq.net\\\/tr\\\/?p=68429\",\"name\":\"Ermeni kilisesinde 7 y\u0131l sonra ilk ayin - Bati Ermenistan Ve Bati Ermenileri Sorunlari Ara\u015ftirmalar Merkezi\",\"isPartOf\":{\"@id\":\"https:\\\/\\\/akunq.net\\\/tr\\\/#website\"},\"primaryImageOfPage\":{\"@id\":\"https:\\\/\\\/akunq.net\\\/tr\\\/?p=68429#primaryimage\"},\"image\":{\"@id\":\"https:\\\/\\\/akunq.net\\\/tr\\\/?p=68429#primaryimage\"},\"thumbnailUrl\":\"https:\\\/\\\/akunq.net\\\/tr\\\/wp-content\\\/uploads\\\/sites\\\/6\\\/2022\\\/05\\\/Sahak-Ma\u015falyan.jpeg\",\"datePublished\":\"2022-05-10T07:33:37+00:00\",\"author\":{\"@id\":\"https:\\\/\\\/akunq.net\\\/tr\\\/#\\\/schema\\\/person\\\/096f1d38a12cce57fb855b485ed24c9e\"},\"breadcrumb\":{\"@id\":\"https:\\\/\\\/akunq.net\\\/tr\\\/?p=68429#breadcrumb\"},\"inLanguage\":\"en-US\",\"potentialAction\":[{\"@type\":\"ReadAction\",\"target\":[\"https:\\\/\\\/akunq.net\\\/tr\\\/?p=68429\"]}]},{\"@type\":\"ImageObject\",\"inLanguage\":\"en-US\",\"@id\":\"https:\\\/\\\/akunq.net\\\/tr\\\/?p=68429#primaryimage\",\"url\":\"https:\\\/\\\/akunq.net\\\/tr\\\/wp-content\\\/uploads\\\/sites\\\/6\\\/2022\\\/05\\\/Sahak-Ma\u015falyan.jpeg\",\"contentUrl\":\"https:\\\/\\\/akunq.net\\\/tr\\\/wp-content\\\/uploads\\\/sites\\\/6\\\/2022\\\/05\\\/Sahak-Ma\u015falyan.jpeg\",\"width\":752,\"height\":395},{\"@type\":\"BreadcrumbList\",\"@id\":\"https:\\\/\\\/akunq.net\\\/tr\\\/?p=68429#breadcrumb\",\"itemListElement\":[{\"@type\":\"ListItem\",\"position\":1,\"name\":\"Home\",\"item\":\"https:\\\/\\\/akunq.net\\\/tr\"},{\"@type\":\"ListItem\",\"position\":2,\"name\":\"Ermeni kilisesinde 7 y\u0131l sonra ilk ayin\"}]},{\"@type\":\"WebSite\",\"@id\":\"https:\\\/\\\/akunq.net\\\/tr\\\/#website\",\"url\":\"https:\\\/\\\/akunq.net\\\/tr\\\/\",\"name\":\"Bati Ermenistan Ve Bati Ermenileri Sorunlari Ara\u015ftirmalar Merkezi\",\"description\":\"\",\"potentialAction\":[{\"@type\":\"SearchAction\",\"target\":{\"@type\":\"EntryPoint\",\"urlTemplate\":\"https:\\\/\\\/akunq.net\\\/tr\\\/?s={search_term_string}\"},\"query-input\":{\"@type\":\"PropertyValueSpecification\",\"valueRequired\":true,\"valueName\":\"search_term_string\"}}],\"inLanguage\":\"en-US\"},{\"@type\":\"Person\",\"@id\":\"https:\\\/\\\/akunq.net\\\/tr\\\/#\\\/schema\\\/person\\\/096f1d38a12cce57fb855b485ed24c9e\",\"name\":\"admin\",\"url\":\"https:\\\/\\\/akunq.net\\\/tr\\\/?author=7\"}]}<\/script>\n<!-- \/ Yoast SEO plugin. -->","yoast_head_json":{"title":"Ermeni kilisesinde 7 y\u0131l sonra ilk ayin - Bati Ermenistan Ve Bati Ermenileri Sorunlari Ara\u015ftirmalar Merkezi","robots":{"index":"index","follow":"follow","max-snippet":"max-snippet:-1","max-image-preview":"max-image-preview:large","max-video-preview":"max-video-preview:-1"},"canonical":"https:\/\/akunq.net\/tr\/?p=68429","og_locale":"en_US","og_type":"article","og_title":"Ermeni kilisesinde 7 y\u0131l sonra ilk ayin - Bati Ermenistan Ve Bati Ermenileri Sorunlari Ara\u015ftirmalar Merkezi","og_description":"Diyarbak\u0131r\u2019\u0131n Sur il\u00e7esinde hendek olaylar\u0131 s\u0131ras\u0131nda hasar g\u00f6rmesi nedeniyle restorasyonu yap\u0131lan Surp Giragos Ermeni Kilisesi\u2019nde 7 y\u0131l aradan sonra ilk ayin yap\u0131ld\u0131. \u00c7ok say\u0131da Ermeni cemaati \u00fcyelerinin kat\u0131ld\u0131\u011f\u0131 ayini, T\u00fcrkiye Ermenileri Patri\u011fi Sahak Ma\u015falyan y\u00f6netti. 650 y\u0131ll\u0131k Surp Giragos Ermeni Kilisesi, Cumhurba\u015fkan\u0131 Recep Tayyip Erdo\u011fan\u2019\u0131n talimat\u0131yla ba\u015flat\u0131lan \u201cSur \u0130hya Projesi\u201d kapsam\u0131nda, \u00c7evre, \u015eehircilik ve \u0130klim [&hellip;]","og_url":"https:\/\/akunq.net\/tr\/?p=68429","og_site_name":"Bati Ermenistan Ve Bati Ermenileri Sorunlari Ara\u015ftirmalar Merkezi","article_published_time":"2022-05-10T07:33:37+00:00","og_image":[{"width":752,"height":395,"url":"https:\/\/akunq.net\/tr\/wp-content\/uploads\/sites\/6\/2022\/05\/Sahak-Ma\u015falyan.jpeg","type":"image\/jpeg"}],"author":"admin","twitter_card":"summary_large_image","twitter_misc":{"Written by":"admin"},"schema":{"@context":"https:\/\/schema.org","@graph":[{"@type":"Article","@id":"https:\/\/akunq.net\/tr\/?p=68429#article","isPartOf":{"@id":"https:\/\/akunq.net\/tr\/?p=68429"},"author":{"name":"admin","@id":"https:\/\/akunq.net\/tr\/#\/schema\/person\/096f1d38a12cce57fb855b485ed24c9e"},"headline":"Ermeni kilisesinde 7 y\u0131l sonra ilk ayin","datePublished":"2022-05-10T07:33:37+00:00","mainEntityOfPage":{"@id":"https:\/\/akunq.net\/tr\/?p=68429"},"wordCount":100,"commentCount":0,"image":{"@id":"https:\/\/akunq.net\/tr\/?p=68429#primaryimage"},"thumbnailUrl":"https:\/\/akunq.net\/tr\/wp-content\/uploads\/sites\/6\/2022\/05\/Sahak-Ma\u015falyan.jpeg","articleSection":["G\u00fcn\u00fcm\u00fczde Bat\u0131 Ermenistan","Haberler"],"inLanguage":"en-US","potentialAction":[{"@type":"CommentAction","name":"Comment","target":["https:\/\/akunq.net\/tr\/?p=68429#respond"]}]},{"@type":"WebPage","@id":"https:\/\/akunq.net\/tr\/?p=68429","url":"https:\/\/akunq.net\/tr\/?p=68429","name":"Ermeni kilisesinde 7 y\u0131l sonra ilk ayin - Bati Ermenistan Ve Bati Ermenileri Sorunlari Ara\u015ftirmalar Merkezi","isPartOf":{"@id":"https:\/\/akunq.net\/tr\/#website"},"primaryImageOfPage":{"@id":"https:\/\/akunq.net\/tr\/?p=68429#primaryimage"},"image":{"@id":"https:\/\/akunq.net\/tr\/?p=68429#primaryimage"},"thumbnailUrl":"https:\/\/akunq.net\/tr\/wp-content\/uploads\/sites\/6\/2022\/05\/Sahak-Ma\u015falyan.jpeg","datePublished":"2022-05-10T07:33:37+00:00","author":{"@id":"https:\/\/akunq.net\/tr\/#\/schema\/person\/096f1d38a12cce57fb855b485ed24c9e"},"breadcrumb":{"@id":"https:\/\/akunq.net\/tr\/?p=68429#breadcrumb"},"inLanguage":"en-US","potentialAction":[{"@type":"ReadAction","target":["https:\/\/akunq.net\/tr\/?p=68429"]}]},{"@type":"ImageObject","inLanguage":"en-US","@id":"https:\/\/akunq.net\/tr\/?p=68429#primaryimage","url":"https:\/\/akunq.net\/tr\/wp-content\/uploads\/sites\/6\/2022\/05\/Sahak-Ma\u015falyan.jpeg","contentUrl":"https:\/\/akunq.net\/tr\/wp-content\/uploads\/sites\/6\/2022\/05\/Sahak-Ma\u015falyan.jpeg","width":752,"height":395},{"@type":"BreadcrumbList","@id":"https:\/\/akunq.net\/tr\/?p=68429#breadcrumb","itemListElement":[{"@type":"ListItem","position":1,"name":"Home","item":"https:\/\/akunq.net\/tr"},{"@type":"ListItem","position":2,"name":"Ermeni kilisesinde 7 y\u0131l sonra ilk ayin"}]},{"@type":"WebSite","@id":"https:\/\/akunq.net\/tr\/#website","url":"https:\/\/akunq.net\/tr\/","name":"Bati Ermenistan Ve Bati Ermenileri Sorunlari Ara\u015ftirmalar Merkezi","description":"","potentialAction":[{"@type":"SearchAction","target":{"@type":"EntryPoint","urlTemplate":"https:\/\/akunq.net\/tr\/?s={search_term_string}"},"query-input":{"@type":"PropertyValueSpecification","valueRequired":true,"valueName":"search_term_string"}}],"inLanguage":"en-US"},{"@type":"Person","@id":"https:\/\/akunq.net\/tr\/#\/schema\/person\/096f1d38a12cce57fb855b485ed24c9e","name":"admin","url":"https:\/\/akunq.net\/tr\/?author=7"}]}},"_links":{"self":[{"href":"https:\/\/akunq.net\/tr\/index.php?rest_route=\/wp\/v2\/posts\/68429","targetHints":{"allow":["GET"]}}],"collection":[{"href":"https:\/\/akunq.net\/tr\/index.php?rest_route=\/wp\/v2\/posts"}],"about":[{"href":"https:\/\/akunq.net\/tr\/index.php?rest_route=\/wp\/v2\/types\/post"}],"author":[{"embeddable":true,"href":"https:\/\/akunq.net\/tr\/index.php?rest_route=\/wp\/v2\/users\/7"}],"replies":[{"embeddable":true,"href":"https:\/\/akunq.net\/tr\/index.php?rest_route=%2Fwp%2Fv2%2Fcomments&post=68429"}],"version-history":[{"count":1,"href":"https:\/\/akunq.net\/tr\/index.php?rest_route=\/wp\/v2\/posts\/68429\/revisions"}],"predecessor-version":[{"id":68431,"href":"https:\/\/akunq.net\/tr\/index.php?rest_route=\/wp\/v2\/posts\/68429\/revisions\/68431"}],"wp:featuredmedia":[{"embeddable":true,"href":"https:\/\/akunq.net\/tr\/index.php?rest_route=\/wp\/v2\/media\/68430"}],"wp:attachment":[{"href":"https:\/\/akunq.net\/tr\/index.php?rest_route=%2Fwp%2Fv2%2Fmedia&parent=68429"}],"wp:term":[{"taxonomy":"category","embeddable":true,"href":"https:\/\/akunq.net\/tr\/index.php?rest_route=%2Fwp%2Fv2%2Fcategories&post=68429"},{"taxonomy":"post_tag","embeddable":true,"href":"https:\/\/akunq.net\/tr\/index.php?rest_route=%2Fwp%2Fv2%2Ftags&post=68429"}],"curies":[{"name":"wp","href":"https:\/\/api.w.org\/{rel}","templated":true}]}}