{"id":68409,"date":"2022-05-06T07:31:42","date_gmt":"2022-05-06T12:31:42","guid":{"rendered":"https:\/\/akunq.net\/tr\/?p=68409"},"modified":"2022-05-06T07:31:42","modified_gmt":"2022-05-06T12:31:42","slug":"surp-giragosta-7-yil-sonra-ilk-ayin","status":"publish","type":"post","link":"https:\/\/akunq.net\/tr\/?p=68409","title":{"rendered":"Surp Giragos\u2019ta 7 y\u0131l sonra ilk ayin!"},"content":{"rendered":"<p><img loading=\"lazy\" decoding=\"async\" class=\"aligncenter size-medium wp-image-68410\" src=\"https:\/\/akunq.net\/tr\/wp-content\/uploads\/2022\/05\/Surp-Giragos-360x270.jpg\" alt=\"\" width=\"360\" height=\"270\" srcset=\"https:\/\/akunq.net\/tr\/wp-content\/uploads\/sites\/6\/2022\/05\/Surp-Giragos-360x270.jpg 360w, https:\/\/akunq.net\/tr\/wp-content\/uploads\/sites\/6\/2022\/05\/Surp-Giragos-768x576.jpg 768w, https:\/\/akunq.net\/tr\/wp-content\/uploads\/sites\/6\/2022\/05\/Surp-Giragos-560x420.jpg 560w, https:\/\/akunq.net\/tr\/wp-content\/uploads\/sites\/6\/2022\/05\/Surp-Giragos-260x195.jpg 260w, https:\/\/akunq.net\/tr\/wp-content\/uploads\/sites\/6\/2022\/05\/Surp-Giragos-160x120.jpg 160w, https:\/\/akunq.net\/tr\/wp-content\/uploads\/sites\/6\/2022\/05\/Surp-Giragos.jpg 800w\" sizes=\"auto, (max-width: 360px) 100vw, 360px\" \/><\/p>\n<p><em><strong>Diyarbak\u0131r\u2019\u0131n merkez Sur il\u00e7esinde 7 y\u0131l aradan sonra ibadete a\u00e7\u0131lan Surp Giragos Ermeni Kilisesi\u2019nde Pazar g\u00fcn\u00fc ilk ayin d\u00fczenlenecek.<\/strong><\/em><\/p>\n<p>Diyarbak\u0131r\u2019\u0131n merkez Sur il\u00e7esinde ya\u015fanan olaylar s\u0131ras\u0131nda b\u00fcy\u00fck hasar g\u00f6ren Surp Giragos Ermeni Kilisesi yedi y\u0131l aradan sonra ibadete a\u00e7\u0131l\u0131yor. \u00c7evre, \u015eehircilik ve \u0130klim De\u011fi\u015fikli\u011fi Bakanl\u0131\u011f\u0131\u2019n\u0131n restorasyon maliyetini \u00fcstlendi\u011fi kilisenin resmi a\u00e7\u0131l\u0131\u015f\u0131 yar\u0131n yap\u0131lacak, Pazar g\u00fcn\u00fc ise ilk ayin d\u00fczenlenecek.<\/p>\n<div class=\"ads\"><\/div>\n<p><img loading=\"lazy\" decoding=\"async\" class=\"alignnone  wp-image-114202\" src=\"https:\/\/diyarbakiryenigun.com\/wp-content\/uploads\/2022\/05\/surp-giragosta-7-yil-sonra-ilk-ayin-1-300x201.jpg\" sizes=\"auto, (max-width: 861px) 100vw, 861px\" srcset=\"https:\/\/diyarbakiryenigun.com\/wp-content\/uploads\/2022\/05\/surp-giragosta-7-yil-sonra-ilk-ayin-1-300x201.jpg 300w, https:\/\/diyarbakiryenigun.com\/wp-content\/uploads\/2022\/05\/surp-giragosta-7-yil-sonra-ilk-ayin-1-768x515.jpg 768w, https:\/\/diyarbakiryenigun.com\/wp-content\/uploads\/2022\/05\/surp-giragosta-7-yil-sonra-ilk-ayin-1.jpg 800w\" alt=\"\" width=\"861\" height=\"577\" \/><\/p>\n<p><strong>Patrik Ma\u015falyan\u2019dan Vali Karalo\u011flu\u2019na ziyaret<\/strong><\/p>\n<p>Bu arada Surp Giragos Kilisesi\u2019nin a\u00e7\u0131l\u0131\u015f\u0131 i\u00e7in Diyarbak\u0131r\u2019a gelen 85. T\u00fcrkiye Ermenileri Patri\u011fi Sahak Ma\u015falyan ve beraberindeki heyet Diyarbak\u0131r Valisi M\u00fcnir Karalo\u011flu\u2019na nezaket ziyaretinde bulundu. Ma\u015falyan ve beraberindeki heyetle g\u00f6r\u00fc\u015fme ger\u00e7ekle\u015ftiren Vali Karalo\u011flu, Ma\u015falyan\u2019\u0131 medeniyetler \u015fehri Diyarbak\u0131r\u2019da a\u011f\u0131rlamaktan duydu\u011fu memnuniyeti dile getirdi. Patrik Ma\u015falyan ise zengin bir k\u00fclt\u00fcr birikimine sahip Diyarbak\u0131r\u2019\u0131n tarihi kiliselerinde yap\u0131lan restore \u00e7al\u0131\u015fmalar\u0131ndan dolay\u0131 Vali Karalo\u011flu\u2019na te\u015fekk\u00fcr etti.<\/p>\n<p><em><strong>https:\/\/diyarbakiryenigun.com\/surp-giragosta-7-yil-sonra-ilk-ayin\/\u00a0<\/strong><\/em><\/p>\n","protected":false},"excerpt":{"rendered":"<p>Diyarbak\u0131r\u2019\u0131n merkez Sur il\u00e7esinde 7 y\u0131l aradan sonra ibadete a\u00e7\u0131lan Surp Giragos Ermeni Kilisesi\u2019nde Pazar g\u00fcn\u00fc ilk ayin d\u00fczenlenecek. Diyarbak\u0131r\u2019\u0131n merkez Sur il\u00e7esinde ya\u015fanan olaylar s\u0131ras\u0131nda b\u00fcy\u00fck hasar g\u00f6ren Surp Giragos Ermeni Kilisesi yedi y\u0131l aradan sonra ibadete a\u00e7\u0131l\u0131yor. \u00c7evre, \u015eehircilik ve \u0130klim De\u011fi\u015fikli\u011fi Bakanl\u0131\u011f\u0131\u2019n\u0131n restorasyon maliyetini \u00fcstlendi\u011fi kilisenin resmi a\u00e7\u0131l\u0131\u015f\u0131 yar\u0131n yap\u0131lacak, Pazar g\u00fcn\u00fc [&hellip;]<\/p>\n","protected":false},"author":7,"featured_media":68410,"comment_status":"open","ping_status":"open","sticky":false,"template":"","format":"standard","meta":{"footnotes":""},"categories":[22,1],"tags":[],"class_list":["post-68409","post","type-post","status-publish","format-standard","has-post-thumbnail","hentry","category-gunumuzde-bati-ermenistan","category-haberler"],"yoast_head":"<!-- This site is optimized with the Yoast SEO plugin v27.4 - https:\/\/yoast.com\/product\/yoast-seo-wordpress\/ -->\n<title>Surp Giragos\u2019ta 7 y\u0131l sonra ilk ayin! - Bati Ermenistan Ve Bati Ermenileri Sorunlari Ara\u015ftirmalar Merkezi<\/title>\n<meta name=\"robots\" content=\"index, follow, max-snippet:-1, max-image-preview:large, max-video-preview:-1\" \/>\n<link rel=\"canonical\" href=\"https:\/\/akunq.net\/tr\/?p=68409\" \/>\n<meta property=\"og:locale\" content=\"en_US\" \/>\n<meta property=\"og:type\" content=\"article\" \/>\n<meta property=\"og:title\" content=\"Surp Giragos\u2019ta 7 y\u0131l sonra ilk ayin! - Bati Ermenistan Ve Bati Ermenileri Sorunlari Ara\u015ftirmalar Merkezi\" \/>\n<meta property=\"og:description\" content=\"Diyarbak\u0131r\u2019\u0131n merkez Sur il\u00e7esinde 7 y\u0131l aradan sonra ibadete a\u00e7\u0131lan Surp Giragos Ermeni Kilisesi\u2019nde Pazar g\u00fcn\u00fc ilk ayin d\u00fczenlenecek. Diyarbak\u0131r\u2019\u0131n merkez Sur il\u00e7esinde ya\u015fanan olaylar s\u0131ras\u0131nda b\u00fcy\u00fck hasar g\u00f6ren Surp Giragos Ermeni Kilisesi yedi y\u0131l aradan sonra ibadete a\u00e7\u0131l\u0131yor. \u00c7evre, \u015eehircilik ve \u0130klim De\u011fi\u015fikli\u011fi Bakanl\u0131\u011f\u0131\u2019n\u0131n restorasyon maliyetini \u00fcstlendi\u011fi kilisenin resmi a\u00e7\u0131l\u0131\u015f\u0131 yar\u0131n yap\u0131lacak, Pazar g\u00fcn\u00fc [&hellip;]\" \/>\n<meta property=\"og:url\" content=\"https:\/\/akunq.net\/tr\/?p=68409\" \/>\n<meta property=\"og:site_name\" content=\"Bati Ermenistan Ve Bati Ermenileri Sorunlari Ara\u015ftirmalar Merkezi\" \/>\n<meta property=\"article:published_time\" content=\"2022-05-06T12:31:42+00:00\" \/>\n<meta property=\"og:image\" content=\"https:\/\/akunq.net\/tr\/wp-content\/uploads\/sites\/6\/2022\/05\/Surp-Giragos.jpg\" \/>\n\t<meta property=\"og:image:width\" content=\"800\" \/>\n\t<meta property=\"og:image:height\" content=\"600\" \/>\n\t<meta property=\"og:image:type\" content=\"image\/jpeg\" \/>\n<meta name=\"author\" content=\"admin\" \/>\n<meta name=\"twitter:card\" content=\"summary_large_image\" \/>\n<meta name=\"twitter:label1\" content=\"Written by\" \/>\n\t<meta name=\"twitter:data1\" content=\"admin\" \/>\n\t<meta name=\"twitter:label2\" content=\"Est. reading time\" \/>\n\t<meta name=\"twitter:data2\" content=\"1 minute\" \/>\n<script type=\"application\/ld+json\" class=\"yoast-schema-graph\">{\"@context\":\"https:\\\/\\\/schema.org\",\"@graph\":[{\"@type\":\"Article\",\"@id\":\"https:\\\/\\\/akunq.net\\\/tr\\\/?p=68409#article\",\"isPartOf\":{\"@id\":\"https:\\\/\\\/akunq.net\\\/tr\\\/?p=68409\"},\"author\":{\"name\":\"admin\",\"@id\":\"https:\\\/\\\/akunq.net\\\/tr\\\/#\\\/schema\\\/person\\\/096f1d38a12cce57fb855b485ed24c9e\"},\"headline\":\"Surp Giragos\u2019ta 7 y\u0131l sonra ilk ayin!\",\"datePublished\":\"2022-05-06T12:31:42+00:00\",\"mainEntityOfPage\":{\"@id\":\"https:\\\/\\\/akunq.net\\\/tr\\\/?p=68409\"},\"wordCount\":206,\"commentCount\":0,\"image\":{\"@id\":\"https:\\\/\\\/akunq.net\\\/tr\\\/?p=68409#primaryimage\"},\"thumbnailUrl\":\"https:\\\/\\\/akunq.net\\\/tr\\\/wp-content\\\/uploads\\\/sites\\\/6\\\/2022\\\/05\\\/Surp-Giragos.jpg\",\"articleSection\":[\"G\u00fcn\u00fcm\u00fczde Bat\u0131 Ermenistan\",\"Haberler\"],\"inLanguage\":\"en-US\",\"potentialAction\":[{\"@type\":\"CommentAction\",\"name\":\"Comment\",\"target\":[\"https:\\\/\\\/akunq.net\\\/tr\\\/?p=68409#respond\"]}]},{\"@type\":\"WebPage\",\"@id\":\"https:\\\/\\\/akunq.net\\\/tr\\\/?p=68409\",\"url\":\"https:\\\/\\\/akunq.net\\\/tr\\\/?p=68409\",\"name\":\"Surp Giragos\u2019ta 7 y\u0131l sonra ilk ayin! - Bati Ermenistan Ve Bati Ermenileri Sorunlari Ara\u015ftirmalar Merkezi\",\"isPartOf\":{\"@id\":\"https:\\\/\\\/akunq.net\\\/tr\\\/#website\"},\"primaryImageOfPage\":{\"@id\":\"https:\\\/\\\/akunq.net\\\/tr\\\/?p=68409#primaryimage\"},\"image\":{\"@id\":\"https:\\\/\\\/akunq.net\\\/tr\\\/?p=68409#primaryimage\"},\"thumbnailUrl\":\"https:\\\/\\\/akunq.net\\\/tr\\\/wp-content\\\/uploads\\\/sites\\\/6\\\/2022\\\/05\\\/Surp-Giragos.jpg\",\"datePublished\":\"2022-05-06T12:31:42+00:00\",\"author\":{\"@id\":\"https:\\\/\\\/akunq.net\\\/tr\\\/#\\\/schema\\\/person\\\/096f1d38a12cce57fb855b485ed24c9e\"},\"breadcrumb\":{\"@id\":\"https:\\\/\\\/akunq.net\\\/tr\\\/?p=68409#breadcrumb\"},\"inLanguage\":\"en-US\",\"potentialAction\":[{\"@type\":\"ReadAction\",\"target\":[\"https:\\\/\\\/akunq.net\\\/tr\\\/?p=68409\"]}]},{\"@type\":\"ImageObject\",\"inLanguage\":\"en-US\",\"@id\":\"https:\\\/\\\/akunq.net\\\/tr\\\/?p=68409#primaryimage\",\"url\":\"https:\\\/\\\/akunq.net\\\/tr\\\/wp-content\\\/uploads\\\/sites\\\/6\\\/2022\\\/05\\\/Surp-Giragos.jpg\",\"contentUrl\":\"https:\\\/\\\/akunq.net\\\/tr\\\/wp-content\\\/uploads\\\/sites\\\/6\\\/2022\\\/05\\\/Surp-Giragos.jpg\",\"width\":800,\"height\":600},{\"@type\":\"BreadcrumbList\",\"@id\":\"https:\\\/\\\/akunq.net\\\/tr\\\/?p=68409#breadcrumb\",\"itemListElement\":[{\"@type\":\"ListItem\",\"position\":1,\"name\":\"Home\",\"item\":\"https:\\\/\\\/akunq.net\\\/tr\"},{\"@type\":\"ListItem\",\"position\":2,\"name\":\"Surp Giragos\u2019ta 7 y\u0131l sonra ilk ayin!\"}]},{\"@type\":\"WebSite\",\"@id\":\"https:\\\/\\\/akunq.net\\\/tr\\\/#website\",\"url\":\"https:\\\/\\\/akunq.net\\\/tr\\\/\",\"name\":\"Bati Ermenistan Ve Bati Ermenileri Sorunlari Ara\u015ftirmalar Merkezi\",\"description\":\"\",\"potentialAction\":[{\"@type\":\"SearchAction\",\"target\":{\"@type\":\"EntryPoint\",\"urlTemplate\":\"https:\\\/\\\/akunq.net\\\/tr\\\/?s={search_term_string}\"},\"query-input\":{\"@type\":\"PropertyValueSpecification\",\"valueRequired\":true,\"valueName\":\"search_term_string\"}}],\"inLanguage\":\"en-US\"},{\"@type\":\"Person\",\"@id\":\"https:\\\/\\\/akunq.net\\\/tr\\\/#\\\/schema\\\/person\\\/096f1d38a12cce57fb855b485ed24c9e\",\"name\":\"admin\",\"url\":\"https:\\\/\\\/akunq.net\\\/tr\\\/?author=7\"}]}<\/script>\n<!-- \/ Yoast SEO plugin. -->","yoast_head_json":{"title":"Surp Giragos\u2019ta 7 y\u0131l sonra ilk ayin! - Bati Ermenistan Ve Bati Ermenileri Sorunlari Ara\u015ftirmalar Merkezi","robots":{"index":"index","follow":"follow","max-snippet":"max-snippet:-1","max-image-preview":"max-image-preview:large","max-video-preview":"max-video-preview:-1"},"canonical":"https:\/\/akunq.net\/tr\/?p=68409","og_locale":"en_US","og_type":"article","og_title":"Surp Giragos\u2019ta 7 y\u0131l sonra ilk ayin! - Bati Ermenistan Ve Bati Ermenileri Sorunlari Ara\u015ftirmalar Merkezi","og_description":"Diyarbak\u0131r\u2019\u0131n merkez Sur il\u00e7esinde 7 y\u0131l aradan sonra ibadete a\u00e7\u0131lan Surp Giragos Ermeni Kilisesi\u2019nde Pazar g\u00fcn\u00fc ilk ayin d\u00fczenlenecek. Diyarbak\u0131r\u2019\u0131n merkez Sur il\u00e7esinde ya\u015fanan olaylar s\u0131ras\u0131nda b\u00fcy\u00fck hasar g\u00f6ren Surp Giragos Ermeni Kilisesi yedi y\u0131l aradan sonra ibadete a\u00e7\u0131l\u0131yor. \u00c7evre, \u015eehircilik ve \u0130klim De\u011fi\u015fikli\u011fi Bakanl\u0131\u011f\u0131\u2019n\u0131n restorasyon maliyetini \u00fcstlendi\u011fi kilisenin resmi a\u00e7\u0131l\u0131\u015f\u0131 yar\u0131n yap\u0131lacak, Pazar g\u00fcn\u00fc [&hellip;]","og_url":"https:\/\/akunq.net\/tr\/?p=68409","og_site_name":"Bati Ermenistan Ve Bati Ermenileri Sorunlari Ara\u015ftirmalar Merkezi","article_published_time":"2022-05-06T12:31:42+00:00","og_image":[{"width":800,"height":600,"url":"https:\/\/akunq.net\/tr\/wp-content\/uploads\/sites\/6\/2022\/05\/Surp-Giragos.jpg","type":"image\/jpeg"}],"author":"admin","twitter_card":"summary_large_image","twitter_misc":{"Written by":"admin","Est. reading time":"1 minute"},"schema":{"@context":"https:\/\/schema.org","@graph":[{"@type":"Article","@id":"https:\/\/akunq.net\/tr\/?p=68409#article","isPartOf":{"@id":"https:\/\/akunq.net\/tr\/?p=68409"},"author":{"name":"admin","@id":"https:\/\/akunq.net\/tr\/#\/schema\/person\/096f1d38a12cce57fb855b485ed24c9e"},"headline":"Surp Giragos\u2019ta 7 y\u0131l sonra ilk ayin!","datePublished":"2022-05-06T12:31:42+00:00","mainEntityOfPage":{"@id":"https:\/\/akunq.net\/tr\/?p=68409"},"wordCount":206,"commentCount":0,"image":{"@id":"https:\/\/akunq.net\/tr\/?p=68409#primaryimage"},"thumbnailUrl":"https:\/\/akunq.net\/tr\/wp-content\/uploads\/sites\/6\/2022\/05\/Surp-Giragos.jpg","articleSection":["G\u00fcn\u00fcm\u00fczde Bat\u0131 Ermenistan","Haberler"],"inLanguage":"en-US","potentialAction":[{"@type":"CommentAction","name":"Comment","target":["https:\/\/akunq.net\/tr\/?p=68409#respond"]}]},{"@type":"WebPage","@id":"https:\/\/akunq.net\/tr\/?p=68409","url":"https:\/\/akunq.net\/tr\/?p=68409","name":"Surp Giragos\u2019ta 7 y\u0131l sonra ilk ayin! - Bati Ermenistan Ve Bati Ermenileri Sorunlari Ara\u015ftirmalar Merkezi","isPartOf":{"@id":"https:\/\/akunq.net\/tr\/#website"},"primaryImageOfPage":{"@id":"https:\/\/akunq.net\/tr\/?p=68409#primaryimage"},"image":{"@id":"https:\/\/akunq.net\/tr\/?p=68409#primaryimage"},"thumbnailUrl":"https:\/\/akunq.net\/tr\/wp-content\/uploads\/sites\/6\/2022\/05\/Surp-Giragos.jpg","datePublished":"2022-05-06T12:31:42+00:00","author":{"@id":"https:\/\/akunq.net\/tr\/#\/schema\/person\/096f1d38a12cce57fb855b485ed24c9e"},"breadcrumb":{"@id":"https:\/\/akunq.net\/tr\/?p=68409#breadcrumb"},"inLanguage":"en-US","potentialAction":[{"@type":"ReadAction","target":["https:\/\/akunq.net\/tr\/?p=68409"]}]},{"@type":"ImageObject","inLanguage":"en-US","@id":"https:\/\/akunq.net\/tr\/?p=68409#primaryimage","url":"https:\/\/akunq.net\/tr\/wp-content\/uploads\/sites\/6\/2022\/05\/Surp-Giragos.jpg","contentUrl":"https:\/\/akunq.net\/tr\/wp-content\/uploads\/sites\/6\/2022\/05\/Surp-Giragos.jpg","width":800,"height":600},{"@type":"BreadcrumbList","@id":"https:\/\/akunq.net\/tr\/?p=68409#breadcrumb","itemListElement":[{"@type":"ListItem","position":1,"name":"Home","item":"https:\/\/akunq.net\/tr"},{"@type":"ListItem","position":2,"name":"Surp Giragos\u2019ta 7 y\u0131l sonra ilk ayin!"}]},{"@type":"WebSite","@id":"https:\/\/akunq.net\/tr\/#website","url":"https:\/\/akunq.net\/tr\/","name":"Bati Ermenistan Ve Bati Ermenileri Sorunlari Ara\u015ftirmalar Merkezi","description":"","potentialAction":[{"@type":"SearchAction","target":{"@type":"EntryPoint","urlTemplate":"https:\/\/akunq.net\/tr\/?s={search_term_string}"},"query-input":{"@type":"PropertyValueSpecification","valueRequired":true,"valueName":"search_term_string"}}],"inLanguage":"en-US"},{"@type":"Person","@id":"https:\/\/akunq.net\/tr\/#\/schema\/person\/096f1d38a12cce57fb855b485ed24c9e","name":"admin","url":"https:\/\/akunq.net\/tr\/?author=7"}]}},"_links":{"self":[{"href":"https:\/\/akunq.net\/tr\/index.php?rest_route=\/wp\/v2\/posts\/68409","targetHints":{"allow":["GET"]}}],"collection":[{"href":"https:\/\/akunq.net\/tr\/index.php?rest_route=\/wp\/v2\/posts"}],"about":[{"href":"https:\/\/akunq.net\/tr\/index.php?rest_route=\/wp\/v2\/types\/post"}],"author":[{"embeddable":true,"href":"https:\/\/akunq.net\/tr\/index.php?rest_route=\/wp\/v2\/users\/7"}],"replies":[{"embeddable":true,"href":"https:\/\/akunq.net\/tr\/index.php?rest_route=%2Fwp%2Fv2%2Fcomments&post=68409"}],"version-history":[{"count":1,"href":"https:\/\/akunq.net\/tr\/index.php?rest_route=\/wp\/v2\/posts\/68409\/revisions"}],"predecessor-version":[{"id":68411,"href":"https:\/\/akunq.net\/tr\/index.php?rest_route=\/wp\/v2\/posts\/68409\/revisions\/68411"}],"wp:featuredmedia":[{"embeddable":true,"href":"https:\/\/akunq.net\/tr\/index.php?rest_route=\/wp\/v2\/media\/68410"}],"wp:attachment":[{"href":"https:\/\/akunq.net\/tr\/index.php?rest_route=%2Fwp%2Fv2%2Fmedia&parent=68409"}],"wp:term":[{"taxonomy":"category","embeddable":true,"href":"https:\/\/akunq.net\/tr\/index.php?rest_route=%2Fwp%2Fv2%2Fcategories&post=68409"},{"taxonomy":"post_tag","embeddable":true,"href":"https:\/\/akunq.net\/tr\/index.php?rest_route=%2Fwp%2Fv2%2Ftags&post=68409"}],"curies":[{"name":"wp","href":"https:\/\/api.w.org\/{rel}","templated":true}]}}