{"id":68401,"date":"2022-05-06T03:02:49","date_gmt":"2022-05-06T08:02:49","guid":{"rendered":"https:\/\/akunq.net\/tr\/?p=68401"},"modified":"2022-05-06T03:02:58","modified_gmt":"2022-05-06T08:02:58","slug":"yillarca-askere-gitmedi-silaha-el-surmem-gunah-mahkemeden-emsal-karar","status":"publish","type":"post","link":"https:\/\/akunq.net\/tr\/?p=68401","title":{"rendered":"Y\u0131llarca askere gitmedi: \u201cSilaha el s\u00fcrmem g\u00fcnah\u201d! Mahkemeden emsal karar"},"content":{"rendered":"<p><img loading=\"lazy\" decoding=\"async\" class=\"aligncenter size-medium wp-image-68402\" src=\"https:\/\/akunq.net\/tr\/wp-content\/uploads\/2022\/05\/Yakup-Bilensir-360x189.jpeg\" alt=\"\" width=\"360\" height=\"189\" srcset=\"https:\/\/akunq.net\/tr\/wp-content\/uploads\/sites\/6\/2022\/05\/Yakup-Bilensir-360x189.jpeg 360w, https:\/\/akunq.net\/tr\/wp-content\/uploads\/sites\/6\/2022\/05\/Yakup-Bilensir-560x294.jpeg 560w, https:\/\/akunq.net\/tr\/wp-content\/uploads\/sites\/6\/2022\/05\/Yakup-Bilensir-260x137.jpeg 260w, https:\/\/akunq.net\/tr\/wp-content\/uploads\/sites\/6\/2022\/05\/Yakup-Bilensir-160x84.jpeg 160w, https:\/\/akunq.net\/tr\/wp-content\/uploads\/sites\/6\/2022\/05\/Yakup-Bilensir.jpeg 752w\" sizes=\"auto, (max-width: 360px) 100vw, 360px\" \/><\/p>\n<p><strong><a href=\"https:\/\/www.sabah.com.tr\/dilek-yaman\/haberleri\">D\u0130LEK YAMAN DEM\u0130R<\/a><\/strong><\/p>\n<p><em><strong><a href=\"https:\/\/www.sabah.com.tr\/haberleri\/bursa\" target=\"_blank\" rel=\"noreferrer noopener\">Bursa<\/a>\u2018da askerlik ya\u015f\u0131na gelen gayrim\u00fcslim\u00a0<a href=\"https:\/\/www.sabah.com.tr\/haberleri\/yakup-bilensir\" target=\"_blank\" rel=\"noreferrer noopener\">Yakup Bilensir<\/a>, y\u0131llarca askere gitmedi. 3 y\u0131l \u00f6nce hakk\u0131nda, \u2018Askeri Ceza Kanununa muhalefet\u2019 su\u00e7undan dava a\u00e7\u0131lan gen\u00e7, ba\u011fl\u0131 oldu\u011fu mezhepte silaha el s\u00fcrmenin g\u00fcnah oldu\u011funu ve bu nedenle askerlik yapmak istemedi\u011fini s\u00f6yledi. Yerel mahkeme, y\u0131llarca kilisede dinini ya\u015fad\u0131\u011f\u0131n\u0131 belgeleyen gen\u00e7 adam\u0131n beraat\u0131na h\u00fckmetti. B\u00f6lge Adliye Mahkemesi, \u2018<a href=\"https:\/\/www.sabah.com.tr\/haberleri\/turkiye-cumhuriyeti\" target=\"_blank\" rel=\"noreferrer noopener\">T\u00fcrkiye Cumhuriyeti<\/a>\u00a0<a href=\"https:\/\/www.sabah.com.tr\/haberleri\/islam-dini\" target=\"_blank\" rel=\"noreferrer noopener\">\u0130slam dini<\/a>\u00a0olsa da di\u011fer dinlere de ho\u015f g\u00f6r\u00fcl\u00fcd\u00fcr\u2019 diyerek, yerel mahkemenin beraat karar\u0131n\u0131 onad\u0131.<\/strong><\/em><\/p>\n<p>Bursa\u2019da ikamet eden 32 ya\u015f\u0131ndaki Yakup Bilensir, isimli gen\u00e7 adam, ge\u00e7ti\u011fimiz y\u0131llarda askerlik ya\u015f\u0131 geldi\u011fi i\u00e7in askere \u00e7a\u011fr\u0131lm\u0131\u015f gitmedi\u011fi i\u00e7in yoklama ka\u00e7a\u011f\u0131 say\u0131lm\u0131\u015ft\u0131. Y\u0131llarca askere gitmeyerek yoklama ka\u00e7a\u011f\u0131 olan gen\u00e7 hakk\u0131nda, 2019 y\u0131l\u0131nda askeri ceza kanununa muhalefet su\u00e7unu i\u015fledi\u011fi gerek\u00e7esiyle dava a\u00e7\u0131ld\u0131.<\/p>\n<figure class=\"wp-block-image\"><img decoding=\"async\" src=\"https:\/\/iasbh.tmgrup.com.tr\/f3879d\/0\/0\/0\/0\/1280\/720?u=https:\/\/isbh.tmgrup.com.tr\/sbh\/2022\/05\/05\/yillarca-askere-gitmedi-silaha-el-surmem-gunah-mahkemeden-emsal-karar-1651735581222.jpeg&amp;mw=700\" alt=\"\" \/><\/figure>\n<p><strong>GAYR\u0130M\u00dcSL\u0130M SAVUNMASI<\/strong><br \/>\nLondra\u2019daki i\u015fleri i\u00e7in s\u00fcrekli yurt d\u0131\u015f\u0131na \u00e7\u0131kan gen\u00e7, a\u00e7\u0131lan dava kapsam\u0131nda Asliye Ceza Mahkemesinde hakim kar\u015f\u0131s\u0131na \u00e7\u0131kt\u0131. Kendisinin ve ailesinin gayrim\u00fcslim oldu\u011funu belirten Bilensir, mensubu oldu\u011fu Yedinci G\u00fcn Adventist mezhebinde silah tutman\u0131n g\u00fcnah oldu\u011funu bu nedenle askere gidip g\u00fcnah i\u015flemek istemedi\u011fini ifade etti. 3 ya\u015f\u0131ndan beri kiliseye giderek dininin gerekti\u011fi gibi Cumartesi g\u00fcn\u00fc ayinlere kat\u0131ld\u0131\u011f\u0131n\u0131 ve s\u0131k\u0131 bir Hristiyan oldu\u011fu i\u00e7in dinine kar\u015f\u0131 gelmek istemedi\u011fini ifade eden gen\u00e7 adam, bu nedenle askere gitmek istemedi\u011fini ifade etti.<\/p>\n<p><strong>MAHKEME, SU\u00c7 YOK DED\u0130<\/strong><br \/>\nBa\u011fl\u0131 oldu\u011fu dinin mezhebi gere\u011fi bedelli askerlikte de silah talimat\u0131 yap\u0131ld\u0131\u011f\u0131 i\u00e7in bu durumda bile askerlik yapamayaca\u011f\u0131n\u0131 s\u00f6yleyen Bilensir, \u2018Ben silaha hi\u00e7bir ko\u015fulda el s\u00fcrmek istemiyorum. Bu nedenle beraat\u0131m\u0131 talep ediyorum\u2019 dedi. Mahkeme yarg\u0131lama sonunda gen\u00e7 adam\u0131n askeri ceza kanununa muhalefet su\u00e7undan beraat etmesi y\u00f6n\u00fcnde karar verdi. Yap\u0131lan itiraz sonras\u0131 dosya, B\u00f6lge Adliye Mahkemesine g\u00f6nderildi.<\/p>\n<p><strong>BAM\u2019DAN EMSAL KARAR<\/strong><br \/>\nBursa B\u00f6lge Adliye Mahkemesi yerel mahkemenin karar\u0131n\u0131 onad\u0131. Emsal nitelikteki bu kararda T\u00fcrkiye Cumhuriyetinin her ne kadar \u0130slam devleti olsa da di\u011fer dinlere de ho\u015f g\u00f6r\u00fcl\u00fc oldu\u011funu ve kendisini gayrim\u00fcslim kabul eden bir gencin bu talebinin yerinde oldu\u011funu vurgulad\u0131. BAM, yerel mahkemenin bu nedenle inan\u00e7 ve takdirine g\u00f6re verdi\u011fi beraat karar\u0131n\u0131n yerinde oldu\u011funa h\u00fckmetti.<\/p>\n<p><em><strong><a href=\"https:\/\/www.sabah.com.tr\/yasam\/yillarca-askere-gitmedi-silaha-el-surmem-gunah-mahkemeden-emsal-karar-5979089?paging=3\">https:\/\/www.sabah.com.tr\/yasam\/yillarca-askere-gitmedi-silaha-el-surmem-gunah-mahkemeden-emsal-karar-5979089?paging=3<\/a>\u00a0<\/strong><\/em><\/p>\n","protected":false},"excerpt":{"rendered":"<p>D\u0130LEK YAMAN DEM\u0130R Bursa\u2018da askerlik ya\u015f\u0131na gelen gayrim\u00fcslim\u00a0Yakup Bilensir, y\u0131llarca askere gitmedi. 3 y\u0131l \u00f6nce hakk\u0131nda, \u2018Askeri Ceza Kanununa muhalefet\u2019 su\u00e7undan dava a\u00e7\u0131lan gen\u00e7, ba\u011fl\u0131 oldu\u011fu mezhepte silaha el s\u00fcrmenin g\u00fcnah oldu\u011funu ve bu nedenle askerlik yapmak istemedi\u011fini s\u00f6yledi. Yerel mahkeme, y\u0131llarca kilisede dinini ya\u015fad\u0131\u011f\u0131n\u0131 belgeleyen gen\u00e7 adam\u0131n beraat\u0131na h\u00fckmetti. B\u00f6lge Adliye Mahkemesi, \u2018T\u00fcrkiye Cumhuriyeti\u00a0\u0130slam [&hellip;]<\/p>\n","protected":false},"author":7,"featured_media":68402,"comment_status":"open","ping_status":"open","sticky":false,"template":"","format":"standard","meta":{"footnotes":""},"categories":[1,53],"tags":[],"class_list":["post-68401","post","type-post","status-publish","format-standard","has-post-thumbnail","hentry","category-haberler","category-turkiyede-azinliklar"],"yoast_head":"<!-- This site is optimized with the Yoast SEO plugin v27.4 - https:\/\/yoast.com\/product\/yoast-seo-wordpress\/ -->\n<title>Y\u0131llarca askere gitmedi: \u201cSilaha el s\u00fcrmem g\u00fcnah\u201d! Mahkemeden emsal karar - Bati Ermenistan Ve Bati Ermenileri Sorunlari Ara\u015ftirmalar Merkezi<\/title>\n<meta name=\"robots\" content=\"index, follow, max-snippet:-1, max-image-preview:large, max-video-preview:-1\" \/>\n<link rel=\"canonical\" href=\"https:\/\/akunq.net\/tr\/?p=68401\" \/>\n<meta property=\"og:locale\" content=\"en_US\" \/>\n<meta property=\"og:type\" content=\"article\" \/>\n<meta property=\"og:title\" content=\"Y\u0131llarca askere gitmedi: \u201cSilaha el s\u00fcrmem g\u00fcnah\u201d! Mahkemeden emsal karar - Bati Ermenistan Ve Bati Ermenileri Sorunlari Ara\u015ftirmalar Merkezi\" \/>\n<meta property=\"og:description\" content=\"D\u0130LEK YAMAN DEM\u0130R Bursa\u2018da askerlik ya\u015f\u0131na gelen gayrim\u00fcslim\u00a0Yakup Bilensir, y\u0131llarca askere gitmedi. 3 y\u0131l \u00f6nce hakk\u0131nda, \u2018Askeri Ceza Kanununa muhalefet\u2019 su\u00e7undan dava a\u00e7\u0131lan gen\u00e7, ba\u011fl\u0131 oldu\u011fu mezhepte silaha el s\u00fcrmenin g\u00fcnah oldu\u011funu ve bu nedenle askerlik yapmak istemedi\u011fini s\u00f6yledi. Yerel mahkeme, y\u0131llarca kilisede dinini ya\u015fad\u0131\u011f\u0131n\u0131 belgeleyen gen\u00e7 adam\u0131n beraat\u0131na h\u00fckmetti. B\u00f6lge Adliye Mahkemesi, \u2018T\u00fcrkiye Cumhuriyeti\u00a0\u0130slam [&hellip;]\" \/>\n<meta property=\"og:url\" content=\"https:\/\/akunq.net\/tr\/?p=68401\" \/>\n<meta property=\"og:site_name\" content=\"Bati Ermenistan Ve Bati Ermenileri Sorunlari Ara\u015ftirmalar Merkezi\" \/>\n<meta property=\"article:published_time\" content=\"2022-05-06T08:02:49+00:00\" \/>\n<meta property=\"article:modified_time\" content=\"2022-05-06T08:02:58+00:00\" \/>\n<meta property=\"og:image\" content=\"https:\/\/akunq.net\/tr\/wp-content\/uploads\/sites\/6\/2022\/05\/Yakup-Bilensir.jpeg\" \/>\n\t<meta property=\"og:image:width\" content=\"752\" \/>\n\t<meta property=\"og:image:height\" content=\"395\" \/>\n\t<meta property=\"og:image:type\" content=\"image\/jpeg\" \/>\n<meta name=\"author\" content=\"admin\" \/>\n<meta name=\"twitter:card\" content=\"summary_large_image\" \/>\n<meta name=\"twitter:label1\" content=\"Written by\" \/>\n\t<meta name=\"twitter:data1\" content=\"admin\" \/>\n\t<meta name=\"twitter:label2\" content=\"Est. reading time\" \/>\n\t<meta name=\"twitter:data2\" content=\"2 minutes\" \/>\n<script type=\"application\/ld+json\" class=\"yoast-schema-graph\">{\"@context\":\"https:\\\/\\\/schema.org\",\"@graph\":[{\"@type\":\"Article\",\"@id\":\"https:\\\/\\\/akunq.net\\\/tr\\\/?p=68401#article\",\"isPartOf\":{\"@id\":\"https:\\\/\\\/akunq.net\\\/tr\\\/?p=68401\"},\"author\":{\"name\":\"admin\",\"@id\":\"https:\\\/\\\/akunq.net\\\/tr\\\/#\\\/schema\\\/person\\\/096f1d38a12cce57fb855b485ed24c9e\"},\"headline\":\"Y\u0131llarca askere gitmedi: \u201cSilaha el s\u00fcrmem g\u00fcnah\u201d! Mahkemeden emsal karar\",\"datePublished\":\"2022-05-06T08:02:49+00:00\",\"dateModified\":\"2022-05-06T08:02:58+00:00\",\"mainEntityOfPage\":{\"@id\":\"https:\\\/\\\/akunq.net\\\/tr\\\/?p=68401\"},\"wordCount\":446,\"commentCount\":0,\"image\":{\"@id\":\"https:\\\/\\\/akunq.net\\\/tr\\\/?p=68401#primaryimage\"},\"thumbnailUrl\":\"https:\\\/\\\/akunq.net\\\/tr\\\/wp-content\\\/uploads\\\/sites\\\/6\\\/2022\\\/05\\\/Yakup-Bilensir.jpeg\",\"articleSection\":[\"Haberler\",\"T\u00fcrkiye\u2019de Az\u0131nl\u0131klar\"],\"inLanguage\":\"en-US\",\"potentialAction\":[{\"@type\":\"CommentAction\",\"name\":\"Comment\",\"target\":[\"https:\\\/\\\/akunq.net\\\/tr\\\/?p=68401#respond\"]}]},{\"@type\":\"WebPage\",\"@id\":\"https:\\\/\\\/akunq.net\\\/tr\\\/?p=68401\",\"url\":\"https:\\\/\\\/akunq.net\\\/tr\\\/?p=68401\",\"name\":\"Y\u0131llarca askere gitmedi: \u201cSilaha el s\u00fcrmem g\u00fcnah\u201d! Mahkemeden emsal karar - Bati Ermenistan Ve Bati Ermenileri Sorunlari Ara\u015ftirmalar Merkezi\",\"isPartOf\":{\"@id\":\"https:\\\/\\\/akunq.net\\\/tr\\\/#website\"},\"primaryImageOfPage\":{\"@id\":\"https:\\\/\\\/akunq.net\\\/tr\\\/?p=68401#primaryimage\"},\"image\":{\"@id\":\"https:\\\/\\\/akunq.net\\\/tr\\\/?p=68401#primaryimage\"},\"thumbnailUrl\":\"https:\\\/\\\/akunq.net\\\/tr\\\/wp-content\\\/uploads\\\/sites\\\/6\\\/2022\\\/05\\\/Yakup-Bilensir.jpeg\",\"datePublished\":\"2022-05-06T08:02:49+00:00\",\"dateModified\":\"2022-05-06T08:02:58+00:00\",\"author\":{\"@id\":\"https:\\\/\\\/akunq.net\\\/tr\\\/#\\\/schema\\\/person\\\/096f1d38a12cce57fb855b485ed24c9e\"},\"breadcrumb\":{\"@id\":\"https:\\\/\\\/akunq.net\\\/tr\\\/?p=68401#breadcrumb\"},\"inLanguage\":\"en-US\",\"potentialAction\":[{\"@type\":\"ReadAction\",\"target\":[\"https:\\\/\\\/akunq.net\\\/tr\\\/?p=68401\"]}]},{\"@type\":\"ImageObject\",\"inLanguage\":\"en-US\",\"@id\":\"https:\\\/\\\/akunq.net\\\/tr\\\/?p=68401#primaryimage\",\"url\":\"https:\\\/\\\/akunq.net\\\/tr\\\/wp-content\\\/uploads\\\/sites\\\/6\\\/2022\\\/05\\\/Yakup-Bilensir.jpeg\",\"contentUrl\":\"https:\\\/\\\/akunq.net\\\/tr\\\/wp-content\\\/uploads\\\/sites\\\/6\\\/2022\\\/05\\\/Yakup-Bilensir.jpeg\",\"width\":752,\"height\":395},{\"@type\":\"BreadcrumbList\",\"@id\":\"https:\\\/\\\/akunq.net\\\/tr\\\/?p=68401#breadcrumb\",\"itemListElement\":[{\"@type\":\"ListItem\",\"position\":1,\"name\":\"Home\",\"item\":\"https:\\\/\\\/akunq.net\\\/tr\"},{\"@type\":\"ListItem\",\"position\":2,\"name\":\"Y\u0131llarca askere gitmedi: \u201cSilaha el s\u00fcrmem g\u00fcnah\u201d! Mahkemeden emsal karar\"}]},{\"@type\":\"WebSite\",\"@id\":\"https:\\\/\\\/akunq.net\\\/tr\\\/#website\",\"url\":\"https:\\\/\\\/akunq.net\\\/tr\\\/\",\"name\":\"Bati Ermenistan Ve Bati Ermenileri Sorunlari Ara\u015ftirmalar Merkezi\",\"description\":\"\",\"potentialAction\":[{\"@type\":\"SearchAction\",\"target\":{\"@type\":\"EntryPoint\",\"urlTemplate\":\"https:\\\/\\\/akunq.net\\\/tr\\\/?s={search_term_string}\"},\"query-input\":{\"@type\":\"PropertyValueSpecification\",\"valueRequired\":true,\"valueName\":\"search_term_string\"}}],\"inLanguage\":\"en-US\"},{\"@type\":\"Person\",\"@id\":\"https:\\\/\\\/akunq.net\\\/tr\\\/#\\\/schema\\\/person\\\/096f1d38a12cce57fb855b485ed24c9e\",\"name\":\"admin\",\"url\":\"https:\\\/\\\/akunq.net\\\/tr\\\/?author=7\"}]}<\/script>\n<!-- \/ Yoast SEO plugin. -->","yoast_head_json":{"title":"Y\u0131llarca askere gitmedi: \u201cSilaha el s\u00fcrmem g\u00fcnah\u201d! Mahkemeden emsal karar - Bati Ermenistan Ve Bati Ermenileri Sorunlari Ara\u015ftirmalar Merkezi","robots":{"index":"index","follow":"follow","max-snippet":"max-snippet:-1","max-image-preview":"max-image-preview:large","max-video-preview":"max-video-preview:-1"},"canonical":"https:\/\/akunq.net\/tr\/?p=68401","og_locale":"en_US","og_type":"article","og_title":"Y\u0131llarca askere gitmedi: \u201cSilaha el s\u00fcrmem g\u00fcnah\u201d! Mahkemeden emsal karar - Bati Ermenistan Ve Bati Ermenileri Sorunlari Ara\u015ftirmalar Merkezi","og_description":"D\u0130LEK YAMAN DEM\u0130R Bursa\u2018da askerlik ya\u015f\u0131na gelen gayrim\u00fcslim\u00a0Yakup Bilensir, y\u0131llarca askere gitmedi. 3 y\u0131l \u00f6nce hakk\u0131nda, \u2018Askeri Ceza Kanununa muhalefet\u2019 su\u00e7undan dava a\u00e7\u0131lan gen\u00e7, ba\u011fl\u0131 oldu\u011fu mezhepte silaha el s\u00fcrmenin g\u00fcnah oldu\u011funu ve bu nedenle askerlik yapmak istemedi\u011fini s\u00f6yledi. Yerel mahkeme, y\u0131llarca kilisede dinini ya\u015fad\u0131\u011f\u0131n\u0131 belgeleyen gen\u00e7 adam\u0131n beraat\u0131na h\u00fckmetti. B\u00f6lge Adliye Mahkemesi, \u2018T\u00fcrkiye Cumhuriyeti\u00a0\u0130slam [&hellip;]","og_url":"https:\/\/akunq.net\/tr\/?p=68401","og_site_name":"Bati Ermenistan Ve Bati Ermenileri Sorunlari Ara\u015ftirmalar Merkezi","article_published_time":"2022-05-06T08:02:49+00:00","article_modified_time":"2022-05-06T08:02:58+00:00","og_image":[{"width":752,"height":395,"url":"https:\/\/akunq.net\/tr\/wp-content\/uploads\/sites\/6\/2022\/05\/Yakup-Bilensir.jpeg","type":"image\/jpeg"}],"author":"admin","twitter_card":"summary_large_image","twitter_misc":{"Written by":"admin","Est. reading time":"2 minutes"},"schema":{"@context":"https:\/\/schema.org","@graph":[{"@type":"Article","@id":"https:\/\/akunq.net\/tr\/?p=68401#article","isPartOf":{"@id":"https:\/\/akunq.net\/tr\/?p=68401"},"author":{"name":"admin","@id":"https:\/\/akunq.net\/tr\/#\/schema\/person\/096f1d38a12cce57fb855b485ed24c9e"},"headline":"Y\u0131llarca askere gitmedi: \u201cSilaha el s\u00fcrmem g\u00fcnah\u201d! Mahkemeden emsal karar","datePublished":"2022-05-06T08:02:49+00:00","dateModified":"2022-05-06T08:02:58+00:00","mainEntityOfPage":{"@id":"https:\/\/akunq.net\/tr\/?p=68401"},"wordCount":446,"commentCount":0,"image":{"@id":"https:\/\/akunq.net\/tr\/?p=68401#primaryimage"},"thumbnailUrl":"https:\/\/akunq.net\/tr\/wp-content\/uploads\/sites\/6\/2022\/05\/Yakup-Bilensir.jpeg","articleSection":["Haberler","T\u00fcrkiye\u2019de Az\u0131nl\u0131klar"],"inLanguage":"en-US","potentialAction":[{"@type":"CommentAction","name":"Comment","target":["https:\/\/akunq.net\/tr\/?p=68401#respond"]}]},{"@type":"WebPage","@id":"https:\/\/akunq.net\/tr\/?p=68401","url":"https:\/\/akunq.net\/tr\/?p=68401","name":"Y\u0131llarca askere gitmedi: \u201cSilaha el s\u00fcrmem g\u00fcnah\u201d! Mahkemeden emsal karar - Bati Ermenistan Ve Bati Ermenileri Sorunlari Ara\u015ftirmalar Merkezi","isPartOf":{"@id":"https:\/\/akunq.net\/tr\/#website"},"primaryImageOfPage":{"@id":"https:\/\/akunq.net\/tr\/?p=68401#primaryimage"},"image":{"@id":"https:\/\/akunq.net\/tr\/?p=68401#primaryimage"},"thumbnailUrl":"https:\/\/akunq.net\/tr\/wp-content\/uploads\/sites\/6\/2022\/05\/Yakup-Bilensir.jpeg","datePublished":"2022-05-06T08:02:49+00:00","dateModified":"2022-05-06T08:02:58+00:00","author":{"@id":"https:\/\/akunq.net\/tr\/#\/schema\/person\/096f1d38a12cce57fb855b485ed24c9e"},"breadcrumb":{"@id":"https:\/\/akunq.net\/tr\/?p=68401#breadcrumb"},"inLanguage":"en-US","potentialAction":[{"@type":"ReadAction","target":["https:\/\/akunq.net\/tr\/?p=68401"]}]},{"@type":"ImageObject","inLanguage":"en-US","@id":"https:\/\/akunq.net\/tr\/?p=68401#primaryimage","url":"https:\/\/akunq.net\/tr\/wp-content\/uploads\/sites\/6\/2022\/05\/Yakup-Bilensir.jpeg","contentUrl":"https:\/\/akunq.net\/tr\/wp-content\/uploads\/sites\/6\/2022\/05\/Yakup-Bilensir.jpeg","width":752,"height":395},{"@type":"BreadcrumbList","@id":"https:\/\/akunq.net\/tr\/?p=68401#breadcrumb","itemListElement":[{"@type":"ListItem","position":1,"name":"Home","item":"https:\/\/akunq.net\/tr"},{"@type":"ListItem","position":2,"name":"Y\u0131llarca askere gitmedi: \u201cSilaha el s\u00fcrmem g\u00fcnah\u201d! Mahkemeden emsal karar"}]},{"@type":"WebSite","@id":"https:\/\/akunq.net\/tr\/#website","url":"https:\/\/akunq.net\/tr\/","name":"Bati Ermenistan Ve Bati Ermenileri Sorunlari Ara\u015ftirmalar Merkezi","description":"","potentialAction":[{"@type":"SearchAction","target":{"@type":"EntryPoint","urlTemplate":"https:\/\/akunq.net\/tr\/?s={search_term_string}"},"query-input":{"@type":"PropertyValueSpecification","valueRequired":true,"valueName":"search_term_string"}}],"inLanguage":"en-US"},{"@type":"Person","@id":"https:\/\/akunq.net\/tr\/#\/schema\/person\/096f1d38a12cce57fb855b485ed24c9e","name":"admin","url":"https:\/\/akunq.net\/tr\/?author=7"}]}},"_links":{"self":[{"href":"https:\/\/akunq.net\/tr\/index.php?rest_route=\/wp\/v2\/posts\/68401","targetHints":{"allow":["GET"]}}],"collection":[{"href":"https:\/\/akunq.net\/tr\/index.php?rest_route=\/wp\/v2\/posts"}],"about":[{"href":"https:\/\/akunq.net\/tr\/index.php?rest_route=\/wp\/v2\/types\/post"}],"author":[{"embeddable":true,"href":"https:\/\/akunq.net\/tr\/index.php?rest_route=\/wp\/v2\/users\/7"}],"replies":[{"embeddable":true,"href":"https:\/\/akunq.net\/tr\/index.php?rest_route=%2Fwp%2Fv2%2Fcomments&post=68401"}],"version-history":[{"count":2,"href":"https:\/\/akunq.net\/tr\/index.php?rest_route=\/wp\/v2\/posts\/68401\/revisions"}],"predecessor-version":[{"id":68404,"href":"https:\/\/akunq.net\/tr\/index.php?rest_route=\/wp\/v2\/posts\/68401\/revisions\/68404"}],"wp:featuredmedia":[{"embeddable":true,"href":"https:\/\/akunq.net\/tr\/index.php?rest_route=\/wp\/v2\/media\/68402"}],"wp:attachment":[{"href":"https:\/\/akunq.net\/tr\/index.php?rest_route=%2Fwp%2Fv2%2Fmedia&parent=68401"}],"wp:term":[{"taxonomy":"category","embeddable":true,"href":"https:\/\/akunq.net\/tr\/index.php?rest_route=%2Fwp%2Fv2%2Fcategories&post=68401"},{"taxonomy":"post_tag","embeddable":true,"href":"https:\/\/akunq.net\/tr\/index.php?rest_route=%2Fwp%2Fv2%2Ftags&post=68401"}],"curies":[{"name":"wp","href":"https:\/\/api.w.org\/{rel}","templated":true}]}}