{"id":68388,"date":"2022-05-06T01:36:28","date_gmt":"2022-05-06T06:36:28","guid":{"rendered":"https:\/\/akunq.net\/tr\/?p=68388"},"modified":"2022-05-06T01:36:28","modified_gmt":"2022-05-06T06:36:28","slug":"turkiye-flyone-armenia-havayollarina-kendi-hava-sahasindan-avrupa-ulkelerine-ucmaya-izin-vermedi","status":"publish","type":"post","link":"https:\/\/akunq.net\/tr\/?p=68388","title":{"rendered":"T\u00fcrkiye, FlyOne Armenia havayollar\u0131na kendi hava sahas\u0131ndan Avrupa \u00fclkelerine u\u00e7maya izin vermedi"},"content":{"rendered":"<p><img loading=\"lazy\" decoding=\"async\" class=\"aligncenter size-medium wp-image-68389\" src=\"https:\/\/akunq.net\/tr\/wp-content\/uploads\/2022\/05\/FlyOne-Armenia-360x242.jpg\" alt=\"\" width=\"360\" height=\"242\" srcset=\"https:\/\/akunq.net\/tr\/wp-content\/uploads\/sites\/6\/2022\/05\/FlyOne-Armenia-360x242.jpg 360w, https:\/\/akunq.net\/tr\/wp-content\/uploads\/sites\/6\/2022\/05\/FlyOne-Armenia-560x376.jpg 560w, https:\/\/akunq.net\/tr\/wp-content\/uploads\/sites\/6\/2022\/05\/FlyOne-Armenia-260x175.jpg 260w, https:\/\/akunq.net\/tr\/wp-content\/uploads\/sites\/6\/2022\/05\/FlyOne-Armenia-160x107.jpg 160w, https:\/\/akunq.net\/tr\/wp-content\/uploads\/sites\/6\/2022\/05\/FlyOne-Armenia.jpg 670w\" sizes=\"auto, (max-width: 360px) 100vw, 360px\" \/><\/p>\n<p><em><strong>T\u00fcrkiye havac\u0131l\u0131k yetkili makamlar\u0131 otoriteleri, FlyOne Armenia havayollar\u0131na T\u00fcrkiye hava sahas\u0131 \u00fczerinden (overflight) Avrupa \u00fclkelerine u\u00e7u\u015flar\u0131 yapma imkan\u0131 sa\u011flamad\u0131.<\/strong><\/em><\/p>\n<p>Armenpress haber ajans\u0131n\u0131n aktard\u0131\u011f\u0131 bilgilere g\u00f6re FlyOne Armenia havayollar\u0131 \u015firketi, meydana gelen bu durum nedeniyle 10 Haziran tarihine kadar Yerevan-Lyon-Yerevan ve Yerevan-Paris-Yerevan seferlerini iptal etmeye mecbur kald\u0131.<\/p>\n<p>Yerevan-\u0130stanbul-Yerevan seferleri ise planland\u0131\u011f\u0131 gibi devam edecek ve herhangi bir de\u011fi\u015fiklik olmayacak.<\/p>\n<p>Di\u011fer u\u00e7u\u015flar\u0131n yeniden ba\u015flamas\u0131yla ilgili gerekli ek bilgiler verilecektir. \u015eirket verdi\u011fi rahats\u0131zl\u0131ktan dolay\u0131 yolculardan \u00f6z\u00fcr diledi.<\/p>\n<p><em><strong>https:\/\/armenpress.am\/tur\/news\/1082495.html\u00a0<\/strong><\/em><\/p>\n","protected":false},"excerpt":{"rendered":"<p>T\u00fcrkiye havac\u0131l\u0131k yetkili makamlar\u0131 otoriteleri, FlyOne Armenia havayollar\u0131na T\u00fcrkiye hava sahas\u0131 \u00fczerinden (overflight) Avrupa \u00fclkelerine u\u00e7u\u015flar\u0131 yapma imkan\u0131 sa\u011flamad\u0131. Armenpress haber ajans\u0131n\u0131n aktard\u0131\u011f\u0131 bilgilere g\u00f6re FlyOne Armenia havayollar\u0131 \u015firketi, meydana gelen bu durum nedeniyle 10 Haziran tarihine kadar Yerevan-Lyon-Yerevan ve Yerevan-Paris-Yerevan seferlerini iptal etmeye mecbur kald\u0131. Yerevan-\u0130stanbul-Yerevan seferleri ise planland\u0131\u011f\u0131 gibi devam edecek ve herhangi [&hellip;]<\/p>\n","protected":false},"author":7,"featured_media":68389,"comment_status":"open","ping_status":"open","sticky":false,"template":"","format":"standard","meta":{"footnotes":""},"categories":[1],"tags":[],"class_list":["post-68388","post","type-post","status-publish","format-standard","has-post-thumbnail","hentry","category-haberler"],"yoast_head":"<!-- This site is optimized with the Yoast SEO plugin v27.4 - https:\/\/yoast.com\/product\/yoast-seo-wordpress\/ -->\n<title>T\u00fcrkiye, FlyOne Armenia havayollar\u0131na kendi hava sahas\u0131ndan Avrupa \u00fclkelerine u\u00e7maya izin vermedi - Bati Ermenistan Ve Bati Ermenileri Sorunlari Ara\u015ftirmalar Merkezi<\/title>\n<meta name=\"robots\" content=\"index, follow, max-snippet:-1, max-image-preview:large, max-video-preview:-1\" \/>\n<link rel=\"canonical\" href=\"https:\/\/akunq.net\/tr\/?p=68388\" \/>\n<meta property=\"og:locale\" content=\"en_US\" \/>\n<meta property=\"og:type\" content=\"article\" \/>\n<meta property=\"og:title\" content=\"T\u00fcrkiye, FlyOne Armenia havayollar\u0131na kendi hava sahas\u0131ndan Avrupa \u00fclkelerine u\u00e7maya izin vermedi - Bati Ermenistan Ve Bati Ermenileri Sorunlari Ara\u015ftirmalar Merkezi\" \/>\n<meta property=\"og:description\" content=\"T\u00fcrkiye havac\u0131l\u0131k yetkili makamlar\u0131 otoriteleri, FlyOne Armenia havayollar\u0131na T\u00fcrkiye hava sahas\u0131 \u00fczerinden (overflight) Avrupa \u00fclkelerine u\u00e7u\u015flar\u0131 yapma imkan\u0131 sa\u011flamad\u0131. Armenpress haber ajans\u0131n\u0131n aktard\u0131\u011f\u0131 bilgilere g\u00f6re FlyOne Armenia havayollar\u0131 \u015firketi, meydana gelen bu durum nedeniyle 10 Haziran tarihine kadar Yerevan-Lyon-Yerevan ve Yerevan-Paris-Yerevan seferlerini iptal etmeye mecbur kald\u0131. Yerevan-\u0130stanbul-Yerevan seferleri ise planland\u0131\u011f\u0131 gibi devam edecek ve herhangi [&hellip;]\" \/>\n<meta property=\"og:url\" content=\"https:\/\/akunq.net\/tr\/?p=68388\" \/>\n<meta property=\"og:site_name\" content=\"Bati Ermenistan Ve Bati Ermenileri Sorunlari Ara\u015ftirmalar Merkezi\" \/>\n<meta property=\"article:published_time\" content=\"2022-05-06T06:36:28+00:00\" \/>\n<meta property=\"og:image\" content=\"https:\/\/akunq.net\/tr\/wp-content\/uploads\/sites\/6\/2022\/05\/FlyOne-Armenia.jpg\" \/>\n\t<meta property=\"og:image:width\" content=\"670\" \/>\n\t<meta property=\"og:image:height\" content=\"450\" \/>\n\t<meta property=\"og:image:type\" content=\"image\/jpeg\" \/>\n<meta name=\"author\" content=\"admin\" \/>\n<meta name=\"twitter:card\" content=\"summary_large_image\" \/>\n<meta name=\"twitter:label1\" content=\"Written by\" \/>\n\t<meta name=\"twitter:data1\" content=\"admin\" \/>\n\t<meta name=\"twitter:label2\" content=\"Est. reading time\" \/>\n\t<meta name=\"twitter:data2\" content=\"1 minute\" \/>\n<script type=\"application\/ld+json\" class=\"yoast-schema-graph\">{\"@context\":\"https:\\\/\\\/schema.org\",\"@graph\":[{\"@type\":\"Article\",\"@id\":\"https:\\\/\\\/akunq.net\\\/tr\\\/?p=68388#article\",\"isPartOf\":{\"@id\":\"https:\\\/\\\/akunq.net\\\/tr\\\/?p=68388\"},\"author\":{\"name\":\"admin\",\"@id\":\"https:\\\/\\\/akunq.net\\\/tr\\\/#\\\/schema\\\/person\\\/096f1d38a12cce57fb855b485ed24c9e\"},\"headline\":\"T\u00fcrkiye, FlyOne Armenia havayollar\u0131na kendi hava sahas\u0131ndan Avrupa \u00fclkelerine u\u00e7maya izin vermedi\",\"datePublished\":\"2022-05-06T06:36:28+00:00\",\"mainEntityOfPage\":{\"@id\":\"https:\\\/\\\/akunq.net\\\/tr\\\/?p=68388\"},\"wordCount\":119,\"commentCount\":0,\"image\":{\"@id\":\"https:\\\/\\\/akunq.net\\\/tr\\\/?p=68388#primaryimage\"},\"thumbnailUrl\":\"https:\\\/\\\/akunq.net\\\/tr\\\/wp-content\\\/uploads\\\/sites\\\/6\\\/2022\\\/05\\\/FlyOne-Armenia.jpg\",\"articleSection\":[\"Haberler\"],\"inLanguage\":\"en-US\",\"potentialAction\":[{\"@type\":\"CommentAction\",\"name\":\"Comment\",\"target\":[\"https:\\\/\\\/akunq.net\\\/tr\\\/?p=68388#respond\"]}]},{\"@type\":\"WebPage\",\"@id\":\"https:\\\/\\\/akunq.net\\\/tr\\\/?p=68388\",\"url\":\"https:\\\/\\\/akunq.net\\\/tr\\\/?p=68388\",\"name\":\"T\u00fcrkiye, FlyOne Armenia havayollar\u0131na kendi hava sahas\u0131ndan Avrupa \u00fclkelerine u\u00e7maya izin vermedi - Bati Ermenistan Ve Bati Ermenileri Sorunlari Ara\u015ftirmalar Merkezi\",\"isPartOf\":{\"@id\":\"https:\\\/\\\/akunq.net\\\/tr\\\/#website\"},\"primaryImageOfPage\":{\"@id\":\"https:\\\/\\\/akunq.net\\\/tr\\\/?p=68388#primaryimage\"},\"image\":{\"@id\":\"https:\\\/\\\/akunq.net\\\/tr\\\/?p=68388#primaryimage\"},\"thumbnailUrl\":\"https:\\\/\\\/akunq.net\\\/tr\\\/wp-content\\\/uploads\\\/sites\\\/6\\\/2022\\\/05\\\/FlyOne-Armenia.jpg\",\"datePublished\":\"2022-05-06T06:36:28+00:00\",\"author\":{\"@id\":\"https:\\\/\\\/akunq.net\\\/tr\\\/#\\\/schema\\\/person\\\/096f1d38a12cce57fb855b485ed24c9e\"},\"breadcrumb\":{\"@id\":\"https:\\\/\\\/akunq.net\\\/tr\\\/?p=68388#breadcrumb\"},\"inLanguage\":\"en-US\",\"potentialAction\":[{\"@type\":\"ReadAction\",\"target\":[\"https:\\\/\\\/akunq.net\\\/tr\\\/?p=68388\"]}]},{\"@type\":\"ImageObject\",\"inLanguage\":\"en-US\",\"@id\":\"https:\\\/\\\/akunq.net\\\/tr\\\/?p=68388#primaryimage\",\"url\":\"https:\\\/\\\/akunq.net\\\/tr\\\/wp-content\\\/uploads\\\/sites\\\/6\\\/2022\\\/05\\\/FlyOne-Armenia.jpg\",\"contentUrl\":\"https:\\\/\\\/akunq.net\\\/tr\\\/wp-content\\\/uploads\\\/sites\\\/6\\\/2022\\\/05\\\/FlyOne-Armenia.jpg\",\"width\":670,\"height\":450},{\"@type\":\"BreadcrumbList\",\"@id\":\"https:\\\/\\\/akunq.net\\\/tr\\\/?p=68388#breadcrumb\",\"itemListElement\":[{\"@type\":\"ListItem\",\"position\":1,\"name\":\"Home\",\"item\":\"https:\\\/\\\/akunq.net\\\/tr\"},{\"@type\":\"ListItem\",\"position\":2,\"name\":\"T\u00fcrkiye, FlyOne Armenia havayollar\u0131na kendi hava sahas\u0131ndan Avrupa \u00fclkelerine u\u00e7maya izin vermedi\"}]},{\"@type\":\"WebSite\",\"@id\":\"https:\\\/\\\/akunq.net\\\/tr\\\/#website\",\"url\":\"https:\\\/\\\/akunq.net\\\/tr\\\/\",\"name\":\"Bati Ermenistan Ve Bati Ermenileri Sorunlari Ara\u015ftirmalar Merkezi\",\"description\":\"\",\"potentialAction\":[{\"@type\":\"SearchAction\",\"target\":{\"@type\":\"EntryPoint\",\"urlTemplate\":\"https:\\\/\\\/akunq.net\\\/tr\\\/?s={search_term_string}\"},\"query-input\":{\"@type\":\"PropertyValueSpecification\",\"valueRequired\":true,\"valueName\":\"search_term_string\"}}],\"inLanguage\":\"en-US\"},{\"@type\":\"Person\",\"@id\":\"https:\\\/\\\/akunq.net\\\/tr\\\/#\\\/schema\\\/person\\\/096f1d38a12cce57fb855b485ed24c9e\",\"name\":\"admin\",\"url\":\"https:\\\/\\\/akunq.net\\\/tr\\\/?author=7\"}]}<\/script>\n<!-- \/ Yoast SEO plugin. -->","yoast_head_json":{"title":"T\u00fcrkiye, FlyOne Armenia havayollar\u0131na kendi hava sahas\u0131ndan Avrupa \u00fclkelerine u\u00e7maya izin vermedi - Bati Ermenistan Ve Bati Ermenileri Sorunlari Ara\u015ftirmalar Merkezi","robots":{"index":"index","follow":"follow","max-snippet":"max-snippet:-1","max-image-preview":"max-image-preview:large","max-video-preview":"max-video-preview:-1"},"canonical":"https:\/\/akunq.net\/tr\/?p=68388","og_locale":"en_US","og_type":"article","og_title":"T\u00fcrkiye, FlyOne Armenia havayollar\u0131na kendi hava sahas\u0131ndan Avrupa \u00fclkelerine u\u00e7maya izin vermedi - Bati Ermenistan Ve Bati Ermenileri Sorunlari Ara\u015ftirmalar Merkezi","og_description":"T\u00fcrkiye havac\u0131l\u0131k yetkili makamlar\u0131 otoriteleri, FlyOne Armenia havayollar\u0131na T\u00fcrkiye hava sahas\u0131 \u00fczerinden (overflight) Avrupa \u00fclkelerine u\u00e7u\u015flar\u0131 yapma imkan\u0131 sa\u011flamad\u0131. Armenpress haber ajans\u0131n\u0131n aktard\u0131\u011f\u0131 bilgilere g\u00f6re FlyOne Armenia havayollar\u0131 \u015firketi, meydana gelen bu durum nedeniyle 10 Haziran tarihine kadar Yerevan-Lyon-Yerevan ve Yerevan-Paris-Yerevan seferlerini iptal etmeye mecbur kald\u0131. Yerevan-\u0130stanbul-Yerevan seferleri ise planland\u0131\u011f\u0131 gibi devam edecek ve herhangi [&hellip;]","og_url":"https:\/\/akunq.net\/tr\/?p=68388","og_site_name":"Bati Ermenistan Ve Bati Ermenileri Sorunlari Ara\u015ftirmalar Merkezi","article_published_time":"2022-05-06T06:36:28+00:00","og_image":[{"width":670,"height":450,"url":"https:\/\/akunq.net\/tr\/wp-content\/uploads\/sites\/6\/2022\/05\/FlyOne-Armenia.jpg","type":"image\/jpeg"}],"author":"admin","twitter_card":"summary_large_image","twitter_misc":{"Written by":"admin","Est. reading time":"1 minute"},"schema":{"@context":"https:\/\/schema.org","@graph":[{"@type":"Article","@id":"https:\/\/akunq.net\/tr\/?p=68388#article","isPartOf":{"@id":"https:\/\/akunq.net\/tr\/?p=68388"},"author":{"name":"admin","@id":"https:\/\/akunq.net\/tr\/#\/schema\/person\/096f1d38a12cce57fb855b485ed24c9e"},"headline":"T\u00fcrkiye, FlyOne Armenia havayollar\u0131na kendi hava sahas\u0131ndan Avrupa \u00fclkelerine u\u00e7maya izin vermedi","datePublished":"2022-05-06T06:36:28+00:00","mainEntityOfPage":{"@id":"https:\/\/akunq.net\/tr\/?p=68388"},"wordCount":119,"commentCount":0,"image":{"@id":"https:\/\/akunq.net\/tr\/?p=68388#primaryimage"},"thumbnailUrl":"https:\/\/akunq.net\/tr\/wp-content\/uploads\/sites\/6\/2022\/05\/FlyOne-Armenia.jpg","articleSection":["Haberler"],"inLanguage":"en-US","potentialAction":[{"@type":"CommentAction","name":"Comment","target":["https:\/\/akunq.net\/tr\/?p=68388#respond"]}]},{"@type":"WebPage","@id":"https:\/\/akunq.net\/tr\/?p=68388","url":"https:\/\/akunq.net\/tr\/?p=68388","name":"T\u00fcrkiye, FlyOne Armenia havayollar\u0131na kendi hava sahas\u0131ndan Avrupa \u00fclkelerine u\u00e7maya izin vermedi - Bati Ermenistan Ve Bati Ermenileri Sorunlari Ara\u015ftirmalar Merkezi","isPartOf":{"@id":"https:\/\/akunq.net\/tr\/#website"},"primaryImageOfPage":{"@id":"https:\/\/akunq.net\/tr\/?p=68388#primaryimage"},"image":{"@id":"https:\/\/akunq.net\/tr\/?p=68388#primaryimage"},"thumbnailUrl":"https:\/\/akunq.net\/tr\/wp-content\/uploads\/sites\/6\/2022\/05\/FlyOne-Armenia.jpg","datePublished":"2022-05-06T06:36:28+00:00","author":{"@id":"https:\/\/akunq.net\/tr\/#\/schema\/person\/096f1d38a12cce57fb855b485ed24c9e"},"breadcrumb":{"@id":"https:\/\/akunq.net\/tr\/?p=68388#breadcrumb"},"inLanguage":"en-US","potentialAction":[{"@type":"ReadAction","target":["https:\/\/akunq.net\/tr\/?p=68388"]}]},{"@type":"ImageObject","inLanguage":"en-US","@id":"https:\/\/akunq.net\/tr\/?p=68388#primaryimage","url":"https:\/\/akunq.net\/tr\/wp-content\/uploads\/sites\/6\/2022\/05\/FlyOne-Armenia.jpg","contentUrl":"https:\/\/akunq.net\/tr\/wp-content\/uploads\/sites\/6\/2022\/05\/FlyOne-Armenia.jpg","width":670,"height":450},{"@type":"BreadcrumbList","@id":"https:\/\/akunq.net\/tr\/?p=68388#breadcrumb","itemListElement":[{"@type":"ListItem","position":1,"name":"Home","item":"https:\/\/akunq.net\/tr"},{"@type":"ListItem","position":2,"name":"T\u00fcrkiye, FlyOne Armenia havayollar\u0131na kendi hava sahas\u0131ndan Avrupa \u00fclkelerine u\u00e7maya izin vermedi"}]},{"@type":"WebSite","@id":"https:\/\/akunq.net\/tr\/#website","url":"https:\/\/akunq.net\/tr\/","name":"Bati Ermenistan Ve Bati Ermenileri Sorunlari Ara\u015ftirmalar Merkezi","description":"","potentialAction":[{"@type":"SearchAction","target":{"@type":"EntryPoint","urlTemplate":"https:\/\/akunq.net\/tr\/?s={search_term_string}"},"query-input":{"@type":"PropertyValueSpecification","valueRequired":true,"valueName":"search_term_string"}}],"inLanguage":"en-US"},{"@type":"Person","@id":"https:\/\/akunq.net\/tr\/#\/schema\/person\/096f1d38a12cce57fb855b485ed24c9e","name":"admin","url":"https:\/\/akunq.net\/tr\/?author=7"}]}},"_links":{"self":[{"href":"https:\/\/akunq.net\/tr\/index.php?rest_route=\/wp\/v2\/posts\/68388","targetHints":{"allow":["GET"]}}],"collection":[{"href":"https:\/\/akunq.net\/tr\/index.php?rest_route=\/wp\/v2\/posts"}],"about":[{"href":"https:\/\/akunq.net\/tr\/index.php?rest_route=\/wp\/v2\/types\/post"}],"author":[{"embeddable":true,"href":"https:\/\/akunq.net\/tr\/index.php?rest_route=\/wp\/v2\/users\/7"}],"replies":[{"embeddable":true,"href":"https:\/\/akunq.net\/tr\/index.php?rest_route=%2Fwp%2Fv2%2Fcomments&post=68388"}],"version-history":[{"count":1,"href":"https:\/\/akunq.net\/tr\/index.php?rest_route=\/wp\/v2\/posts\/68388\/revisions"}],"predecessor-version":[{"id":68390,"href":"https:\/\/akunq.net\/tr\/index.php?rest_route=\/wp\/v2\/posts\/68388\/revisions\/68390"}],"wp:featuredmedia":[{"embeddable":true,"href":"https:\/\/akunq.net\/tr\/index.php?rest_route=\/wp\/v2\/media\/68389"}],"wp:attachment":[{"href":"https:\/\/akunq.net\/tr\/index.php?rest_route=%2Fwp%2Fv2%2Fmedia&parent=68388"}],"wp:term":[{"taxonomy":"category","embeddable":true,"href":"https:\/\/akunq.net\/tr\/index.php?rest_route=%2Fwp%2Fv2%2Fcategories&post=68388"},{"taxonomy":"post_tag","embeddable":true,"href":"https:\/\/akunq.net\/tr\/index.php?rest_route=%2Fwp%2Fv2%2Ftags&post=68388"}],"curies":[{"name":"wp","href":"https:\/\/api.w.org\/{rel}","templated":true}]}}