{"id":68381,"date":"2022-05-05T07:25:18","date_gmt":"2022-05-05T12:25:18","guid":{"rendered":"https:\/\/akunq.net\/tr\/?p=68381"},"modified":"2022-05-05T07:25:18","modified_gmt":"2022-05-05T12:25:18","slug":"hrant-dink-burada-ve-simdi-sergisi-ermenistanda-aciliyor","status":"publish","type":"post","link":"https:\/\/akunq.net\/tr\/?p=68381","title":{"rendered":"&#8220;Hrant Dink: Burada ve \u015eimdi&#8221; sergisi Ermenistan&#8217;da a\u00e7\u0131l\u0131yor."},"content":{"rendered":"<p><img loading=\"lazy\" decoding=\"async\" class=\"aligncenter size-medium wp-image-68382\" src=\"https:\/\/akunq.net\/tr\/wp-content\/uploads\/2022\/05\/Dink-360x180.jpg\" alt=\"\" width=\"360\" height=\"180\" srcset=\"https:\/\/akunq.net\/tr\/wp-content\/uploads\/sites\/6\/2022\/05\/Dink-360x180.jpg 360w, https:\/\/akunq.net\/tr\/wp-content\/uploads\/sites\/6\/2022\/05\/Dink-768x384.jpg 768w, https:\/\/akunq.net\/tr\/wp-content\/uploads\/sites\/6\/2022\/05\/Dink-1536x768.jpg 1536w, https:\/\/akunq.net\/tr\/wp-content\/uploads\/sites\/6\/2022\/05\/Dink-560x280.jpg 560w, https:\/\/akunq.net\/tr\/wp-content\/uploads\/sites\/6\/2022\/05\/Dink-260x130.jpg 260w, https:\/\/akunq.net\/tr\/wp-content\/uploads\/sites\/6\/2022\/05\/Dink-160x80.jpg 160w, https:\/\/akunq.net\/tr\/wp-content\/uploads\/sites\/6\/2022\/05\/Dink.jpg 1667w\" sizes=\"auto, (max-width: 360px) 100vw, 360px\" \/><\/p>\n<p><em><strong>23,5 Hrant Dink Haf\u0131za Mek\u00e2n\u0131, \u00f6ld\u00fcr\u00fclmesinin 15. y\u0131l\u0131nda, Hrant Dink\u2019in hayat\u0131n\u0131 ve m\u00fccadelesini konu alan \u201cHrant Dink: Burada ve \u015eimdi\u201d sergisini Yerevan\u2019da a\u00e7\u0131yor.<\/strong><\/em><\/p>\n<p>\u0130stanbul\u2019daki 23,5 Haf\u0131za Mekan\u0131\u2019n\u0131n i\u00e7eriklerinden bir se\u00e7kinin sunuldu\u011fu sergi, Yerevan\u2019daki ziyaret\u00e7ilerine Hrant Dink&#8217;in hayallerini, dilini, u\u011fruna m\u00fccadele etti\u011fi diyalog, bir arada ya\u015fam gibi de\u011ferleri daha yak\u0131ndan anlama ve m\u00fccadelesine tan\u0131k olma imk\u00e2n\u0131 sunuyor.<\/p>\n<p>7 May\u0131s &#8211; 30 Temmuz 2022 tarihleri aras\u0131nda ziyaret\u00e7ilerini bekleyen Yerevan\u2019daki sergi s\u00fcresince, \u0130stanbul\u2019daki 23,5 Hrant Dink Haf\u0131za Mek\u00e2n\u0131 ve Yerevan\u2019daki sergi ziyaret\u00e7ileri aras\u0131nda bir k\u00f6pr\u00fc kurulacak. Canl\u0131 internet ba\u011flant\u0131s\u0131 ile bu mek\u00e2nlar\u0131 ziyaret eden iki kom\u015fu \u00fclkenin halklar\u0131n\u0131n etkile\u015fim kurabilece\u011fi, birbirini g\u00f6r\u00fcp, tan\u0131yabilece\u011fi bir ekran olacak.<\/p>\n<p>Sergi Yerevan&#8217;da Pavstos Buzand 1\/3 0010\u00a0<a href=\"https:\/\/www.google.ru\/maps\/place\/Armenian+Center+for+Contemporary+Experimental+Art\/@40.1760142,44.5149239,17z\/data=!4m5!3m4!1s0x0:0xd2e543675fe24347!8m2!3d40.1755127!4d44.5178857\" target=\"_blank\" rel=\"noopener noreferrer\">adresindeki\u00a0\u00a0<\/a>\u201cArmenian Center for Contemporary Experimental Art\/\u0546\u0578\u0580\u0561\u0580\u0561\u0580 \u0583\u0578\u0580\u0571\u0561\u057c\u0561\u056f\u0561\u0576 \u0561\u0580\u057e\u0565\u057d\u057f\u056b \u056f\u0565\u0576\u057f\u0580\u0578\u0576\u0568&#8221;\u00a0 (ACCEA \/(\u0546\u0553\u0531\u053f) sergi salonunda ger\u00e7ekle\u015fecek.<\/p>\n<p>23,5 Hrant Dink Haf\u0131za Mek\u00e2n\u0131 Hrant Dink\u2019in \u00f6n\u00fcnde \u00f6ld\u00fcr\u00fclmesiyle toplumsal bellekte sembolik bir yer edinen Sebat Apartman\u0131\u2019nda bulunan Agos Gazetesi\u2019nin eski \u00e7al\u0131\u015fma ofisinde, 2019 y\u0131l\u0131nda a\u00e7\u0131ld\u0131.<\/p>\n<p>Haf\u0131za Mek\u00e2n\u0131 ad\u0131n\u0131, Hrant Dink\u2019in 23 Nisan 1996\u2019da Agos\u2019ta yay\u0131mlanan \u201823,5 Nisan\u2019 ba\u015fl\u0131kl\u0131 k\u00f6\u015fe\u00a0<a href=\"https:\/\/www.agos.com.tr\/tr\/yazi\/22350\/23-5-nisan\" target=\"_blank\" rel=\"noopener noreferrer\">yaz\u0131s\u0131ndan\u00a0<\/a>al\u0131yor.\u00a0 Haf\u0131za Mek\u00e2n\u0131 ziyaret\u00e7i programlar\u0131yla, etkinlikleriyle, ar\u015fiviyle ve sundu\u011fu i\u00e7erik ile bir ara\u015ft\u0131rma, \u00fcretim, bilgi edinme, payla\u015f\u0131m, diyalog ve tefekk\u00fcr mek\u00e2n\u0131 olarak \u00fc\u00e7 y\u0131ld\u0131r\u00a0 faaliyet g\u00f6steriyor.<\/p>\n<p>Hrant Dink Vakf\u0131&#8217;ndan yap\u0131lan a\u00e7\u0131klamada &#8220;Yak\u0131n kom\u015funuz ile tan\u0131\u015fmak, k\u00f6pr\u00fcler kurmak, dostluk ve bar\u0131\u015f\u0131 \u00e7o\u011faltmak \u00fczere bu yaz sizi de 23,5 Hrant Dink Haf\u0131za Mek\u00e2n\u0131&#8217;na bekliyoruz. T\u0131pk\u0131 Hrant Dink&#8217;in s\u00f6zlerinde oldu\u011fu gibi \u201cGelin \u00f6nce birbirimizi anlayal\u0131m&#8221; dendi.<\/p>\n<p><em><strong>https:\/\/www.agos.com.tr\/tr\/yazi\/27063\/hrant-dink-burada-ve-simdi-sergisi-ermenistan-da-aciliyor\u00a0<\/strong><\/em><\/p>\n","protected":false},"excerpt":{"rendered":"<p>23,5 Hrant Dink Haf\u0131za Mek\u00e2n\u0131, \u00f6ld\u00fcr\u00fclmesinin 15. y\u0131l\u0131nda, Hrant Dink\u2019in hayat\u0131n\u0131 ve m\u00fccadelesini konu alan \u201cHrant Dink: Burada ve \u015eimdi\u201d sergisini Yerevan\u2019da a\u00e7\u0131yor. \u0130stanbul\u2019daki 23,5 Haf\u0131za Mekan\u0131\u2019n\u0131n i\u00e7eriklerinden bir se\u00e7kinin sunuldu\u011fu sergi, Yerevan\u2019daki ziyaret\u00e7ilerine Hrant Dink&#8217;in hayallerini, dilini, u\u011fruna m\u00fccadele etti\u011fi diyalog, bir arada ya\u015fam gibi de\u011ferleri daha yak\u0131ndan anlama ve m\u00fccadelesine tan\u0131k olma imk\u00e2n\u0131 [&hellip;]<\/p>\n","protected":false},"author":7,"featured_media":68382,"comment_status":"open","ping_status":"open","sticky":false,"template":"","format":"standard","meta":{"footnotes":""},"categories":[1],"tags":[],"class_list":["post-68381","post","type-post","status-publish","format-standard","has-post-thumbnail","hentry","category-haberler"],"yoast_head":"<!-- This site is optimized with the Yoast SEO plugin v27.4 - https:\/\/yoast.com\/product\/yoast-seo-wordpress\/ -->\n<title>&quot;Hrant Dink: Burada ve \u015eimdi&quot; sergisi Ermenistan&#039;da a\u00e7\u0131l\u0131yor. - Bati Ermenistan Ve Bati Ermenileri Sorunlari Ara\u015ftirmalar Merkezi<\/title>\n<meta name=\"robots\" content=\"index, follow, max-snippet:-1, max-image-preview:large, max-video-preview:-1\" \/>\n<link rel=\"canonical\" href=\"https:\/\/akunq.net\/tr\/?p=68381\" \/>\n<meta property=\"og:locale\" content=\"en_US\" \/>\n<meta property=\"og:type\" content=\"article\" \/>\n<meta property=\"og:title\" content=\"&quot;Hrant Dink: Burada ve \u015eimdi&quot; sergisi Ermenistan&#039;da a\u00e7\u0131l\u0131yor. - Bati Ermenistan Ve Bati Ermenileri Sorunlari Ara\u015ftirmalar Merkezi\" \/>\n<meta property=\"og:description\" content=\"23,5 Hrant Dink Haf\u0131za Mek\u00e2n\u0131, \u00f6ld\u00fcr\u00fclmesinin 15. y\u0131l\u0131nda, Hrant Dink\u2019in hayat\u0131n\u0131 ve m\u00fccadelesini konu alan \u201cHrant Dink: Burada ve \u015eimdi\u201d sergisini Yerevan\u2019da a\u00e7\u0131yor. \u0130stanbul\u2019daki 23,5 Haf\u0131za Mekan\u0131\u2019n\u0131n i\u00e7eriklerinden bir se\u00e7kinin sunuldu\u011fu sergi, Yerevan\u2019daki ziyaret\u00e7ilerine Hrant Dink&#8217;in hayallerini, dilini, u\u011fruna m\u00fccadele etti\u011fi diyalog, bir arada ya\u015fam gibi de\u011ferleri daha yak\u0131ndan anlama ve m\u00fccadelesine tan\u0131k olma imk\u00e2n\u0131 [&hellip;]\" \/>\n<meta property=\"og:url\" content=\"https:\/\/akunq.net\/tr\/?p=68381\" \/>\n<meta property=\"og:site_name\" content=\"Bati Ermenistan Ve Bati Ermenileri Sorunlari Ara\u015ftirmalar Merkezi\" \/>\n<meta property=\"article:published_time\" content=\"2022-05-05T12:25:18+00:00\" \/>\n<meta property=\"og:image\" content=\"https:\/\/akunq.net\/tr\/wp-content\/uploads\/sites\/6\/2022\/05\/Dink.jpg\" \/>\n\t<meta property=\"og:image:width\" content=\"1667\" \/>\n\t<meta property=\"og:image:height\" content=\"833\" \/>\n\t<meta property=\"og:image:type\" content=\"image\/jpeg\" \/>\n<meta name=\"author\" content=\"admin\" \/>\n<meta name=\"twitter:card\" content=\"summary_large_image\" \/>\n<meta name=\"twitter:label1\" content=\"Written by\" \/>\n\t<meta name=\"twitter:data1\" content=\"admin\" \/>\n\t<meta name=\"twitter:label2\" content=\"Est. reading time\" \/>\n\t<meta name=\"twitter:data2\" content=\"2 minutes\" \/>\n<script type=\"application\/ld+json\" class=\"yoast-schema-graph\">{\"@context\":\"https:\\\/\\\/schema.org\",\"@graph\":[{\"@type\":\"Article\",\"@id\":\"https:\\\/\\\/akunq.net\\\/tr\\\/?p=68381#article\",\"isPartOf\":{\"@id\":\"https:\\\/\\\/akunq.net\\\/tr\\\/?p=68381\"},\"author\":{\"name\":\"admin\",\"@id\":\"https:\\\/\\\/akunq.net\\\/tr\\\/#\\\/schema\\\/person\\\/096f1d38a12cce57fb855b485ed24c9e\"},\"headline\":\"&#8220;Hrant Dink: Burada ve \u015eimdi&#8221; sergisi Ermenistan&#8217;da a\u00e7\u0131l\u0131yor.\",\"datePublished\":\"2022-05-05T12:25:18+00:00\",\"mainEntityOfPage\":{\"@id\":\"https:\\\/\\\/akunq.net\\\/tr\\\/?p=68381\"},\"wordCount\":337,\"commentCount\":0,\"image\":{\"@id\":\"https:\\\/\\\/akunq.net\\\/tr\\\/?p=68381#primaryimage\"},\"thumbnailUrl\":\"https:\\\/\\\/akunq.net\\\/tr\\\/wp-content\\\/uploads\\\/sites\\\/6\\\/2022\\\/05\\\/Dink.jpg\",\"articleSection\":[\"Haberler\"],\"inLanguage\":\"en-US\",\"potentialAction\":[{\"@type\":\"CommentAction\",\"name\":\"Comment\",\"target\":[\"https:\\\/\\\/akunq.net\\\/tr\\\/?p=68381#respond\"]}]},{\"@type\":\"WebPage\",\"@id\":\"https:\\\/\\\/akunq.net\\\/tr\\\/?p=68381\",\"url\":\"https:\\\/\\\/akunq.net\\\/tr\\\/?p=68381\",\"name\":\"\\\"Hrant Dink: Burada ve \u015eimdi\\\" sergisi Ermenistan'da a\u00e7\u0131l\u0131yor. - Bati Ermenistan Ve Bati Ermenileri Sorunlari Ara\u015ftirmalar Merkezi\",\"isPartOf\":{\"@id\":\"https:\\\/\\\/akunq.net\\\/tr\\\/#website\"},\"primaryImageOfPage\":{\"@id\":\"https:\\\/\\\/akunq.net\\\/tr\\\/?p=68381#primaryimage\"},\"image\":{\"@id\":\"https:\\\/\\\/akunq.net\\\/tr\\\/?p=68381#primaryimage\"},\"thumbnailUrl\":\"https:\\\/\\\/akunq.net\\\/tr\\\/wp-content\\\/uploads\\\/sites\\\/6\\\/2022\\\/05\\\/Dink.jpg\",\"datePublished\":\"2022-05-05T12:25:18+00:00\",\"author\":{\"@id\":\"https:\\\/\\\/akunq.net\\\/tr\\\/#\\\/schema\\\/person\\\/096f1d38a12cce57fb855b485ed24c9e\"},\"breadcrumb\":{\"@id\":\"https:\\\/\\\/akunq.net\\\/tr\\\/?p=68381#breadcrumb\"},\"inLanguage\":\"en-US\",\"potentialAction\":[{\"@type\":\"ReadAction\",\"target\":[\"https:\\\/\\\/akunq.net\\\/tr\\\/?p=68381\"]}]},{\"@type\":\"ImageObject\",\"inLanguage\":\"en-US\",\"@id\":\"https:\\\/\\\/akunq.net\\\/tr\\\/?p=68381#primaryimage\",\"url\":\"https:\\\/\\\/akunq.net\\\/tr\\\/wp-content\\\/uploads\\\/sites\\\/6\\\/2022\\\/05\\\/Dink.jpg\",\"contentUrl\":\"https:\\\/\\\/akunq.net\\\/tr\\\/wp-content\\\/uploads\\\/sites\\\/6\\\/2022\\\/05\\\/Dink.jpg\",\"width\":1667,\"height\":833},{\"@type\":\"BreadcrumbList\",\"@id\":\"https:\\\/\\\/akunq.net\\\/tr\\\/?p=68381#breadcrumb\",\"itemListElement\":[{\"@type\":\"ListItem\",\"position\":1,\"name\":\"Home\",\"item\":\"https:\\\/\\\/akunq.net\\\/tr\"},{\"@type\":\"ListItem\",\"position\":2,\"name\":\"&#8220;Hrant Dink: Burada ve \u015eimdi&#8221; sergisi Ermenistan&#8217;da a\u00e7\u0131l\u0131yor.\"}]},{\"@type\":\"WebSite\",\"@id\":\"https:\\\/\\\/akunq.net\\\/tr\\\/#website\",\"url\":\"https:\\\/\\\/akunq.net\\\/tr\\\/\",\"name\":\"Bati Ermenistan Ve Bati Ermenileri Sorunlari Ara\u015ftirmalar Merkezi\",\"description\":\"\",\"potentialAction\":[{\"@type\":\"SearchAction\",\"target\":{\"@type\":\"EntryPoint\",\"urlTemplate\":\"https:\\\/\\\/akunq.net\\\/tr\\\/?s={search_term_string}\"},\"query-input\":{\"@type\":\"PropertyValueSpecification\",\"valueRequired\":true,\"valueName\":\"search_term_string\"}}],\"inLanguage\":\"en-US\"},{\"@type\":\"Person\",\"@id\":\"https:\\\/\\\/akunq.net\\\/tr\\\/#\\\/schema\\\/person\\\/096f1d38a12cce57fb855b485ed24c9e\",\"name\":\"admin\",\"url\":\"https:\\\/\\\/akunq.net\\\/tr\\\/?author=7\"}]}<\/script>\n<!-- \/ Yoast SEO plugin. -->","yoast_head_json":{"title":"\"Hrant Dink: Burada ve \u015eimdi\" sergisi Ermenistan'da a\u00e7\u0131l\u0131yor. - Bati Ermenistan Ve Bati Ermenileri Sorunlari Ara\u015ftirmalar Merkezi","robots":{"index":"index","follow":"follow","max-snippet":"max-snippet:-1","max-image-preview":"max-image-preview:large","max-video-preview":"max-video-preview:-1"},"canonical":"https:\/\/akunq.net\/tr\/?p=68381","og_locale":"en_US","og_type":"article","og_title":"\"Hrant Dink: Burada ve \u015eimdi\" sergisi Ermenistan'da a\u00e7\u0131l\u0131yor. - Bati Ermenistan Ve Bati Ermenileri Sorunlari Ara\u015ftirmalar Merkezi","og_description":"23,5 Hrant Dink Haf\u0131za Mek\u00e2n\u0131, \u00f6ld\u00fcr\u00fclmesinin 15. y\u0131l\u0131nda, Hrant Dink\u2019in hayat\u0131n\u0131 ve m\u00fccadelesini konu alan \u201cHrant Dink: Burada ve \u015eimdi\u201d sergisini Yerevan\u2019da a\u00e7\u0131yor. \u0130stanbul\u2019daki 23,5 Haf\u0131za Mekan\u0131\u2019n\u0131n i\u00e7eriklerinden bir se\u00e7kinin sunuldu\u011fu sergi, Yerevan\u2019daki ziyaret\u00e7ilerine Hrant Dink&#8217;in hayallerini, dilini, u\u011fruna m\u00fccadele etti\u011fi diyalog, bir arada ya\u015fam gibi de\u011ferleri daha yak\u0131ndan anlama ve m\u00fccadelesine tan\u0131k olma imk\u00e2n\u0131 [&hellip;]","og_url":"https:\/\/akunq.net\/tr\/?p=68381","og_site_name":"Bati Ermenistan Ve Bati Ermenileri Sorunlari Ara\u015ftirmalar Merkezi","article_published_time":"2022-05-05T12:25:18+00:00","og_image":[{"width":1667,"height":833,"url":"https:\/\/akunq.net\/tr\/wp-content\/uploads\/sites\/6\/2022\/05\/Dink.jpg","type":"image\/jpeg"}],"author":"admin","twitter_card":"summary_large_image","twitter_misc":{"Written by":"admin","Est. reading time":"2 minutes"},"schema":{"@context":"https:\/\/schema.org","@graph":[{"@type":"Article","@id":"https:\/\/akunq.net\/tr\/?p=68381#article","isPartOf":{"@id":"https:\/\/akunq.net\/tr\/?p=68381"},"author":{"name":"admin","@id":"https:\/\/akunq.net\/tr\/#\/schema\/person\/096f1d38a12cce57fb855b485ed24c9e"},"headline":"&#8220;Hrant Dink: Burada ve \u015eimdi&#8221; sergisi Ermenistan&#8217;da a\u00e7\u0131l\u0131yor.","datePublished":"2022-05-05T12:25:18+00:00","mainEntityOfPage":{"@id":"https:\/\/akunq.net\/tr\/?p=68381"},"wordCount":337,"commentCount":0,"image":{"@id":"https:\/\/akunq.net\/tr\/?p=68381#primaryimage"},"thumbnailUrl":"https:\/\/akunq.net\/tr\/wp-content\/uploads\/sites\/6\/2022\/05\/Dink.jpg","articleSection":["Haberler"],"inLanguage":"en-US","potentialAction":[{"@type":"CommentAction","name":"Comment","target":["https:\/\/akunq.net\/tr\/?p=68381#respond"]}]},{"@type":"WebPage","@id":"https:\/\/akunq.net\/tr\/?p=68381","url":"https:\/\/akunq.net\/tr\/?p=68381","name":"\"Hrant Dink: Burada ve \u015eimdi\" sergisi Ermenistan'da a\u00e7\u0131l\u0131yor. - Bati Ermenistan Ve Bati Ermenileri Sorunlari Ara\u015ftirmalar Merkezi","isPartOf":{"@id":"https:\/\/akunq.net\/tr\/#website"},"primaryImageOfPage":{"@id":"https:\/\/akunq.net\/tr\/?p=68381#primaryimage"},"image":{"@id":"https:\/\/akunq.net\/tr\/?p=68381#primaryimage"},"thumbnailUrl":"https:\/\/akunq.net\/tr\/wp-content\/uploads\/sites\/6\/2022\/05\/Dink.jpg","datePublished":"2022-05-05T12:25:18+00:00","author":{"@id":"https:\/\/akunq.net\/tr\/#\/schema\/person\/096f1d38a12cce57fb855b485ed24c9e"},"breadcrumb":{"@id":"https:\/\/akunq.net\/tr\/?p=68381#breadcrumb"},"inLanguage":"en-US","potentialAction":[{"@type":"ReadAction","target":["https:\/\/akunq.net\/tr\/?p=68381"]}]},{"@type":"ImageObject","inLanguage":"en-US","@id":"https:\/\/akunq.net\/tr\/?p=68381#primaryimage","url":"https:\/\/akunq.net\/tr\/wp-content\/uploads\/sites\/6\/2022\/05\/Dink.jpg","contentUrl":"https:\/\/akunq.net\/tr\/wp-content\/uploads\/sites\/6\/2022\/05\/Dink.jpg","width":1667,"height":833},{"@type":"BreadcrumbList","@id":"https:\/\/akunq.net\/tr\/?p=68381#breadcrumb","itemListElement":[{"@type":"ListItem","position":1,"name":"Home","item":"https:\/\/akunq.net\/tr"},{"@type":"ListItem","position":2,"name":"&#8220;Hrant Dink: Burada ve \u015eimdi&#8221; sergisi Ermenistan&#8217;da a\u00e7\u0131l\u0131yor."}]},{"@type":"WebSite","@id":"https:\/\/akunq.net\/tr\/#website","url":"https:\/\/akunq.net\/tr\/","name":"Bati Ermenistan Ve Bati Ermenileri Sorunlari Ara\u015ftirmalar Merkezi","description":"","potentialAction":[{"@type":"SearchAction","target":{"@type":"EntryPoint","urlTemplate":"https:\/\/akunq.net\/tr\/?s={search_term_string}"},"query-input":{"@type":"PropertyValueSpecification","valueRequired":true,"valueName":"search_term_string"}}],"inLanguage":"en-US"},{"@type":"Person","@id":"https:\/\/akunq.net\/tr\/#\/schema\/person\/096f1d38a12cce57fb855b485ed24c9e","name":"admin","url":"https:\/\/akunq.net\/tr\/?author=7"}]}},"_links":{"self":[{"href":"https:\/\/akunq.net\/tr\/index.php?rest_route=\/wp\/v2\/posts\/68381","targetHints":{"allow":["GET"]}}],"collection":[{"href":"https:\/\/akunq.net\/tr\/index.php?rest_route=\/wp\/v2\/posts"}],"about":[{"href":"https:\/\/akunq.net\/tr\/index.php?rest_route=\/wp\/v2\/types\/post"}],"author":[{"embeddable":true,"href":"https:\/\/akunq.net\/tr\/index.php?rest_route=\/wp\/v2\/users\/7"}],"replies":[{"embeddable":true,"href":"https:\/\/akunq.net\/tr\/index.php?rest_route=%2Fwp%2Fv2%2Fcomments&post=68381"}],"version-history":[{"count":1,"href":"https:\/\/akunq.net\/tr\/index.php?rest_route=\/wp\/v2\/posts\/68381\/revisions"}],"predecessor-version":[{"id":68383,"href":"https:\/\/akunq.net\/tr\/index.php?rest_route=\/wp\/v2\/posts\/68381\/revisions\/68383"}],"wp:featuredmedia":[{"embeddable":true,"href":"https:\/\/akunq.net\/tr\/index.php?rest_route=\/wp\/v2\/media\/68382"}],"wp:attachment":[{"href":"https:\/\/akunq.net\/tr\/index.php?rest_route=%2Fwp%2Fv2%2Fmedia&parent=68381"}],"wp:term":[{"taxonomy":"category","embeddable":true,"href":"https:\/\/akunq.net\/tr\/index.php?rest_route=%2Fwp%2Fv2%2Fcategories&post=68381"},{"taxonomy":"post_tag","embeddable":true,"href":"https:\/\/akunq.net\/tr\/index.php?rest_route=%2Fwp%2Fv2%2Ftags&post=68381"}],"curies":[{"name":"wp","href":"https:\/\/api.w.org\/{rel}","templated":true}]}}