{"id":68364,"date":"2022-05-05T01:20:03","date_gmt":"2022-05-05T06:20:03","guid":{"rendered":"https:\/\/akunq.net\/tr\/?p=68364"},"modified":"2022-05-05T01:20:03","modified_gmt":"2022-05-05T06:20:03","slug":"mithat-sancar-dersim-katliami-anmasina-katildi-adalete-giden-yol-hakikatten-gecer","status":"publish","type":"post","link":"https:\/\/akunq.net\/tr\/?p=68364","title":{"rendered":"Mithat Sancar Dersim Katliam\u0131 anmas\u0131na kat\u0131ld\u0131: Adalete giden yol hakikatten ge\u00e7er"},"content":{"rendered":"<p><img loading=\"lazy\" decoding=\"async\" class=\"aligncenter size-medium wp-image-68365\" src=\"https:\/\/akunq.net\/tr\/wp-content\/uploads\/2022\/05\/Mithat-Sancar-360x208.jpeg\" alt=\"\" width=\"360\" height=\"208\" srcset=\"https:\/\/akunq.net\/tr\/wp-content\/uploads\/sites\/6\/2022\/05\/Mithat-Sancar-360x208.jpeg 360w, https:\/\/akunq.net\/tr\/wp-content\/uploads\/sites\/6\/2022\/05\/Mithat-Sancar-768x444.jpeg 768w, https:\/\/akunq.net\/tr\/wp-content\/uploads\/sites\/6\/2022\/05\/Mithat-Sancar-560x324.jpeg 560w, https:\/\/akunq.net\/tr\/wp-content\/uploads\/sites\/6\/2022\/05\/Mithat-Sancar-260x150.jpeg 260w, https:\/\/akunq.net\/tr\/wp-content\/uploads\/sites\/6\/2022\/05\/Mithat-Sancar-160x93.jpeg 160w, https:\/\/akunq.net\/tr\/wp-content\/uploads\/sites\/6\/2022\/05\/Mithat-Sancar.jpeg 800w\" sizes=\"auto, (max-width: 360px) 100vw, 360px\" \/><\/p>\n<p><em><strong>Dersim Katliam\u0131\u2019n\u0131n 85\u2019inci y\u0131l d\u00f6n\u00fcm\u00fc i\u00e7in yap\u0131lan anmada konu\u015fan Mithat Sancar \u2018Sistem de\u011fi\u015fmezse 2011\u2019de Dersim diyen ba\u015fbakan, bug\u00fcn o d\u00f6nemin zihniyetini hayata ge\u00e7irir\u2019 dedi.<\/strong><\/em><\/p>\n<p>Dersim Katliam\u0131\u2019n\u0131n 85\u2019inci y\u0131l d\u00f6n\u00fcm\u00fcnde Dersim Seyid R\u0131za Meydan\u0131\u2019nda bir anma ger\u00e7ekle\u015ftirildi. Anmada konu\u015fan Mithat Sancar \u201cSistem de\u011fi\u015fmezse 2011\u2019de Dersim diyen ba\u015fbakan, bug\u00fcn o d\u00f6nemin zihniyetini hayata ge\u00e7irir\u201d dedi.<\/p>\n<p>HDP E\u015f Genel Ba\u015fkan\u0131 Mithat Sancar ve beraberindeki heyet Dersim Seyid R\u0131za Meydan\u0131\u2019nda ger\u00e7ekle\u015ftirilen 1937 Dersim Katliam\u0131 anmas\u0131na kat\u0131ld\u0131. Anmaya Dersim demokrasi g\u00fc\u00e7leri, siyasi parti temsilcileri, Dersim Baro Ba\u015fkan\u0131 Kenan \u00c7etin, Dersim Belediye Ba\u015fkan\u0131 Fatih Ma\u00e7o\u011flu ve \u00e7ok say\u0131da ki\u015fi kat\u0131ld\u0131.<\/p>\n<p>Burada yap\u0131lan anmada konu\u015fan HDP E\u015f Genel Ba\u015fkan\u0131 Mithat Sancar \u015funlar\u0131 ifade etti:<\/p>\n<p><strong>\u2018HAZIRLIKLAR DAHA ESK\u0130YE DAYANIYOR\u2019<\/strong><\/p>\n<p>\u201c4 Kas\u0131m 1937 Tertelesi\u2019nin y\u0131l d\u00f6n\u00fcm\u00fc olarak an\u0131l\u0131yor; \u00e7\u00fcnk\u00fc tertele karar\u0131 o g\u00fcn al\u0131nd\u0131. Ama haz\u0131rl\u0131klar daha eskiye dayan\u0131yor, 1925 Aral\u0131k Ay\u0131nda \u00e7\u0131kar\u0131lan Dersim Kanunu ve o y\u0131llarda pe\u015f pe\u015fe yay\u0131nlanan Dersim raporlar\u0131 bir katliam haz\u0131rl\u0131\u011f\u0131n\u0131n, bir soyk\u0131r\u0131m haz\u0131rl\u0131\u011f\u0131n\u0131n habercileriydi. 4 May\u0131s bir kara g\u00fcnd\u00fcr, K\u00fcrt\u00e7e tabirle roja re\u015f\u2019tir. 4 May\u0131s\u2019tan sonra ya\u015fananlar kara yarad\u0131r\u201d<\/p>\n<p>Dersim\u2019de vah\u015fi bir katliam ger\u00e7ekle\u015ftirildi\u011fini hat\u0131rlatan Sancar \u201cSay\u0131y\u0131 bilmiyoruz. Bundan 11 y\u0131l \u00f6ncel 2011\u2019de d\u00f6nemin ba\u015fbakan\u0131 \u015fimdiki Cumhurba\u015fkan\u0131 Erdo\u011fan bir konu\u015fmas\u0131nda \u00f6l\u00fclerin ve s\u00fcrg\u00fcn edilenlerin say\u0131lar\u0131n\u0131 vermi\u015fti. Resmi belgelere dayanarak \u0130\u00e7i\u015fleri Bakanl\u0131\u011f\u0131\u2019n\u0131n belgesine g\u00f6re katledilenlerin say\u0131s\u0131 13 bin 800 civar\u0131, s\u00fcrg\u00fcne g\u00f6nderilenlerin say\u0131s\u0131 11 bin 600 civar\u0131nda. Ama o zaman\u0131n n\u00fcfus kay\u0131t sistemini de biliyoruz. Ayr\u0131ca resmi evraklara nelerin girdi\u011fini, nelerin girmedi\u011fini de bilmiyoruz. S\u00f6zl\u00fc tarih \u00e7al\u0131\u015fmalar\u0131na bakt\u0131\u011f\u0131m\u0131zda, o ac\u0131 kara g\u00fcnleri ya\u015fayanlar\u0131n anlat\u0131mlar\u0131na kulak verdi\u011fimizde, katledilen insanlar\u0131m\u0131z\u0131n say\u0131s\u0131n\u0131n 50 ile 60 bin aras\u0131nda de\u011fi\u015fti\u011fini tahmin edebiliyoruz\u201d diye konu\u015ftu.<\/p>\n<p><strong>\u2018AS\u0130M\u0130LASYON POL\u0130T\u0130KALARI HAYATA GE\u00c7\u0130R\u0130LD\u0130, DERS\u0130M DE PAYINI B\u00dcY\u00dcK ACILARLA ALDI\u2019<\/strong><\/p>\n<p>Sancar s\u00f6zlerini \u015f\u00f6yle s\u00fcrd\u00fcrd\u00fc: \u201cO y\u0131llarda uygulanan bu katliam ve soyk\u0131r\u0131m bir zihniyetin \u00fcr\u00fcn\u00fcyd\u00fc. Tek\u00e7i, tehdit\u00e7i, imhac\u0131 bir sistemin kurulmas\u0131 i\u00e7in pe\u015f pe\u015fe katliamlar yap\u0131ld\u0131. Asimilasyon politikalar\u0131, g\u00f6\u00e7 ettirme uygulamalar\u0131 hayata ge\u00e7irildi. Dersim de bundan pay\u0131n\u0131 \u00e7ok b\u00fcy\u00fck ac\u0131larla ald\u0131. Daha sonra bu kara g\u00fcn unutturulmak ve \u00fcst\u00fc \u00f6rt\u00fclmek istendi. \u00c7e\u015fitli gerek\u00e7elerle me\u015frula\u015ft\u0131r\u0131lmaya da \u00e7al\u0131\u015f\u0131ld\u0131. Dersim\u2019e medeniyet g\u00f6t\u00fcrmek amac\u0131yla bir \u0131slah plan\u0131 olarak anlat\u0131ld\u0131 ve y\u0131llar i\u00e7inde bunlar\u0131n konu\u015fulmas\u0131 da yasakland\u0131. Haf\u0131zay\u0131 yok etmek i\u00e7in her y\u00f6ntem denendi ama topra\u011f\u0131n alt\u0131nda on binlerce kefensiz, mezars\u0131z \u00f6l\u00fc varken milyonlar\u0131n y\u00fcre\u011finde s\u0131n\u0131rs\u0131z sonsuz bir ac\u0131 k\u00f6kle\u015fmi\u015fken, bu haf\u0131zay\u0131 yok etmek m\u00fcmk\u00fcn de\u011fildir.\u201d<\/p>\n<p><strong>\u2018EGEMEN S\u0130STEM UNUTTURMAK \u0130STER\u2019<\/strong><\/p>\n<p>Haf\u0131zan\u0131n canl\u0131 kalmas\u0131n\u0131n \u00f6nemli oldu\u011funu belirten Sancar \u201d Bu ancak m\u00fccadele ile olur\u201d dedi.<\/p>\n<p>Mithat Sancar \u201cEgemen sistem unutturmak ister, bizler mazlumlar, mazlumlarla birlikte y\u00fcr\u00fcyenler, onlar\u0131n an\u0131lar\u0131n\u0131 ve haklar\u0131n\u0131 savunmay\u0131 g\u00f6rev bilenler, hat\u0131rlamak i\u00e7in her t\u00fcrl\u00fc m\u00fccadeleyi y\u00fcr\u00fctmek zorundad\u0131rlar. Nitekim bu m\u00fccadele durmad\u0131, hi\u00e7bir zaman geri de d\u00fc\u015fmedi. Y\u0131llar \u00f6nce bir yaz\u0131da \u2018Dersim\u2019in sesi kadar sessizli\u011fini de dinleyin\u2019 demi\u015ftim. Dersim\u2019de insanlar\u0131n sesi var, s\u00f6z\u00fc var ama do\u011fan\u0131n s\u00f6z\u00fc yok sesi var. Munzur\u2019un kendi dili var, da\u011flar\u0131n derelerin a\u011fa\u00e7lar\u0131n burada ya\u015fayan b\u00fct\u00fcn canl\u0131lar\u0131n sesi var, biz o sesi duyuyoruz. O ses bize zulm\u00fc b\u00fct\u00fcn derinli\u011fiyle anlatt\u0131 anlat\u0131yor. Dersim\u2019in sesini de sessizli\u011fini de bir y\u00fczle\u015fme ve hesapla\u015fma program\u0131na d\u00f6n\u00fc\u015ft\u00fcrmek de yine bizlere, demokrasi g\u00fc\u00e7lerine d\u00fc\u015f\u00fcyor\u201d diye konu\u015ftu.<\/p>\n<p><strong>\u201cHAK\u0130KAT ORTAYA \u00c7IKARILMALI\u201d<\/strong><\/p>\n<p>Katliam\u0131 yaratan zihniyetle hesapla\u015fmak gerekti\u011fini belirten Sanca \u201cY\u00fczle\u015fme sadece yaralar\u0131 tazelemek de\u011fil, sadece \u00f6fkeyi canl\u0131 tutmak de\u011fil, esas olarak bug\u00fcn\u00fc ve yar\u0131n\u0131 adalet \u00fczerine bar\u0131\u015f ve demokrasi \u00fczerine in\u015fa etmektir. Adalete giden yol hakikatten ge\u00e7er. O nedenle b\u00fct\u00fcn Dersimli demokrasi \u00e7evrelerinin ortak talebine bizler de b\u00fct\u00fcn y\u00fcre\u011fimizle kat\u0131l\u0131yoruz; \u00f6nce hakikat ortaya \u00e7\u0131kar\u0131lmal\u0131d\u0131r\u201d diye ifade etti.<\/p>\n<p><strong>RESM\u0130 \u00d6Z\u00dcR TALEB\u0130<\/strong><\/p>\n<p>HDP\u2019li E\u015f Ba\u015fkan S\u00f6zlerini \u015f\u00f6yle s\u00fcrd\u00fcrd\u00fc:<\/p>\n<p>\u201cHakikatin ortaya tam olarak \u00e7\u0131kar\u0131lmas\u0131 i\u00e7in de en ba\u015fta Meclis harekete ge\u00e7meli, bir komisyon olu\u015fturulmal\u0131, b\u00fct\u00fcn ar\u015fivler incelemeye a\u00e7\u0131lmal\u0131 ve neyin nas\u0131l ger\u00e7ekle\u015fti\u011fi o y\u0131llarda tam olarak ortaya \u00e7\u0131kar\u0131lmal\u0131d\u0131r. Hakikat olmadan adalet olmaz, adalet olmadan bar\u0131\u015f ve demokrasi olmaz. O nedenle y\u00fczle\u015fmemizin, y\u00fczle\u015fme talebimizin nedeni yaralar\u0131 sarmak o kara yaray\u0131 temizlemek, gelece\u011fi iyile\u015ftirmek ve gelece\u011fi demokrasi k\u00fclt\u00fcr\u00fc ve e\u015fit ortak ya\u015fam temelinde kurmakt\u0131r. Hakikati ortaya \u00e7\u0131karman\u0131n bir mutlak sonucu vard\u0131r, olmal\u0131d\u0131r o da resmi \u00f6z\u00fcrd\u00fcr.<\/p>\n<p><strong>\u2018TUNCEL\u0130 ADI DERS\u0130M OLARAK DE\u011e\u0130\u015eT\u0130R\u0130LMEL\u0130\u2019<\/strong><\/p>\n<p>Yine benden \u00f6nceki konu\u015fmac\u0131lar dile getirdiler. 2011 y\u0131l\u0131nda d\u00f6nemin ba\u015fbakan\u0131 \u015fartl\u0131 ve yar\u0131m yamalak bir \u00f6z\u00fcr diledi. Ama \u015funu bilelim ki \u00f6z\u00fcr bir c\u00fcmleden ve ifadeden ibaret olamaz. \u00d6zr\u00fcn bir anlam ifade etmesi i\u00e7in gereklerini yerine getirmek laz\u0131m. Nedir o gerekler, kamusal olarak bu ac\u0131y\u0131 tan\u0131mak ve ac\u0131yla b\u00fct\u00fcnle\u015fmi\u015f b\u00fct\u00fcn sembolleri de\u011fi\u015ftirmektir. Hakk\u0131 \u00f6z\u00fcne iade etmektir. Bunlar\u0131n ba\u015f\u0131nda Tunceli ad\u0131n\u0131n tekrar resmen Dersim olarak de\u011fi\u015ftirilmesi gerekiyor. Sadece Tunceli ismiyle s\u0131n\u0131rl\u0131 de\u011fil, k\u00f6ylerin, mezralar\u0131n isimleri de gasp edildi. Hem insan k\u0131y\u0131m\u0131 hem de k\u00fclt\u00fcr k\u0131r\u0131m\u0131 yap\u0131ld\u0131. \u015eimdi o sembollerin mutlaka de\u011fi\u015ftirilmesi gerekiyor. Tunceli resmen Dersim ad\u0131na geri d\u00f6nmelidir.<\/p>\n<p><strong>\u2018B\u00dcT\u00dcN KATLED\u0130LENLER\u0130N MEZARLARI YAPILMALI\u2019<\/strong><\/p>\n<p>25 Aral\u0131k 1935\u2019te \u00e7\u0131kar\u0131lan kanun 1940\u2019ta y\u00fcr\u00fcrl\u00fckten kalkacakt\u0131 ama kalkmad\u0131. Bize sorarsan\u0131z bug\u00fcn o kanun h\u00fck\u00fcms\u00fczd\u00fcr ama fiiliyatta ayn\u0131 \u015fekilde uygulan\u0131yor. Bu nedenle resmen kanunu la\u011fvetmek ve yeni bir kanunla Tunceli ad\u0131n\u0131 Dersim olarak de\u011fi\u015ftirmek gerekiyor. Bir de topra\u011f\u0131n alt\u0131nda mezars\u0131z ve kefensiz yatan onbinler var dedim. Bu \u00fclkede Dersim ba\u015fta olmak \u00fczere pek \u00e7ok \u015fehrimizde b\u00f6lgemizde b\u00f6yle milyonlar var kefensiz, mezars\u0131z topra\u011f\u0131n alt\u0131nda yatan. Topra\u011f\u0131n alt\u0131nda b\u00f6yle milyonlar, on binler, y\u00fczbinler kefensiz ve mezars\u0131z yat\u0131yorsa topra\u011f\u0131n \u00fcst\u00fc huzur bulamaz. \u0130\u015fte ba\u015fta Seyid R\u0131za, o\u011flu ve yol arkada\u015flar\u0131 olmak \u00fczere b\u00fct\u00fcn katledilenlerin mezarlar\u0131n\u0131n mutlaka yap\u0131lmas\u0131 gerekiyor. Nerede kim yat\u0131yorsa bunlar\u0131 tespit etmek laz\u0131m. \u00c7\u00fcnk\u00fc y\u00fczle\u015fmenin bir \u015fart\u0131 da yas tutmakt\u0131r. Yas\u0131m\u0131z\u0131 h\u00fcz\u00fcnle de\u011fil gelece\u011fi koruma azmiyle tutaca\u011f\u0131z, a\u011f\u0131tlar\u0131m\u0131z\u0131 a\u011flamak i\u00e7in de\u011fil o insanlara borcumuz olan e\u015fit yurtta\u015fl\u0131k ve \u00f6zg\u00fcrl\u00fck, demokrasi yolunu ilerletmek i\u00e7in kullanaca\u011f\u0131z. Burada a\u011f\u0131tlar dinlenecek hep de s\u00f6ylenecek. Bu m\u00fccadele s\u00fcrecek fakat yas ve a\u011f\u0131t, durup beklemek, h\u00fcz\u00fcnlenip a\u011flamak i\u00e7in de\u011fil; gelece\u011fi kurmada bize yol g\u00f6sterecek sestir, s\u00f6zd\u00fcr, g\u00fc\u00e7t\u00fcr.<\/p>\n<p><strong>\u2018\u0130NKAR BU S\u0130STEM\u0130N \u00d6Z\u00dcN\u00dc OLU\u015eTURUYOR\u2019<\/strong><\/p>\n<p>\u0130nkar katledilenleri bir kez daha katletmek demektir. \u0130nkar bu \u00fclkeye ac\u0131 bedeller \u00f6detti. Her konuda inkarc\u0131 politikalar\u2026 Ac\u0131lar\u0131 inkar, kimlikleri ve inan\u00e7lar\u0131 inkar bu sistemin \u00f6z\u00fcn\u00fc olu\u015fturuyor. \u0130\u015fte hesapla\u015fma bu sistemi de\u011fi\u015ftirecek bir hedefe y\u00f6nelirse anlaml\u0131d\u0131r. Yoksa 2011\u2019de d\u00f6nemin ba\u015fbakan\u0131 \u00e7\u0131kar bu s\u00f6zlerime benzer s\u00f6zler s\u00f6yler ama aradan y\u0131llar ge\u00e7er o d\u00f6nemin zihniyetini fazlas\u0131yla bug\u00fcn hayata ge\u00e7irir. Biz b\u00f6yle bir d\u00f6ng\u00fcy\u00fc kabul etmiyoruz. Birileri bug\u00fcn yine \u00e7\u0131k\u0131p Dersim halk\u0131n\u0131n, Alevi K\u00fcrt toplumunun ac\u0131lar\u0131n\u0131 payla\u015f\u0131yorum deyip gere\u011fini yerine getirmezse bunun de\u011feri olmaz. \u0130\u015fte hat\u0131rlama haf\u0131za ve bu konuda hesapla\u015fma m\u00fccadelesi tam da gelece\u011fi kurma m\u00fccadelesidir. Bizler, hepimiz, burada bulunanlar ve bulunmayan milyonlar bu ac\u0131y\u0131 b\u00fct\u00fcn \u00fclkenin ortak meselesi haline getirebilirsek, b\u00fct\u00fcn ac\u0131lar\u0131 kamusal olarak tan\u0131yacak bir iradeyi ortaya koyabilirsek bu sistemi de\u011fi\u015ftiririz. Bu irade bize bir bor\u00e7 olarak topra\u011f\u0131n alt\u0131nda kefensiz yatanlar\u0131n devretti\u011fi bir g\u00f6revdir.<\/p>\n<p><strong>\u2018TALEPLER KABUL ED\u0130LMEDEN AFFETMEYECE\u011e\u0130Z\u2019<\/strong><\/p>\n<p>HDP ve di\u011fer demokrasi g\u00fc\u00e7leri bu g\u00f6revi yerine getirmek i\u00e7in bundan sonra da her t\u00fcrl\u00fc m\u00fccadeleyi y\u00fcr\u00fctecektir. Unutturmayaca\u011f\u0131z. \u00d6z\u00fcr, kamusal tan\u0131ma ve bunun gerekleri yerine getirilmeden affetmeyece\u011fiz. Ama inan\u0131yorum ki birlikte m\u00fccadeleyi b\u00fcy\u00fct\u00fcrsek hem hakikati ortaya \u00e7\u0131karaca\u011f\u0131z hem hakikat \u00fczerine adaleti kuraca\u011f\u0131z hem de hakikat ve adalet temelinde e\u015fit yurtta\u015fl\u0131k ve demokratik sistemi in\u015fa edece\u011fiz. Bunlar olmadan huzur yok, bu \u00fclkede demokrasi k\u00fclt\u00fcr\u00fc yerle\u015fmez, b\u00fct\u00fcn bunlar\u0131 ba\u015far\u0131rsak i\u015fte e\u015fit yurtta\u015fl\u0131k, demokratik \u00e7o\u011fulculuk temelinde b\u00fcy\u00fck bar\u0131\u015f\u0131 sa\u011flayaca\u011f\u0131z. B\u00fcy\u00fck bar\u0131\u015f bizim g\u00f6revimizdir, hedefimizdir, borcumuzdur. Sald\u0131r\u0131lar devam edebilir, bazen ac\u0131lar da derinle\u015febilir ama Seyid R\u0131za pirimizin s\u00f6z\u00fc \u015fiar\u0131m\u0131zd\u0131r. \u0130stedikleri kadar oyun oynas\u0131nlar boyun e\u011fmeyece\u011fiz, vazge\u00e7meyece\u011fiz, sonuna kadar m\u00fccadele edece\u011fiz. Ba\u015fta pirimiz Seyid R\u0131za olmak \u00fczere bu topraklarda kefensiz yatan, s\u00fcrg\u00fcne g\u00f6nderilen, sahipsiz kimliksiz yeti\u015ftirilmeye zorlanan on binlerin an\u0131s\u0131na s\u00f6z veriyoruz; bu m\u00fccadele s\u00fcrecek ve sonuca da varacak. Bizim vicdani borcumuzdur, onur meselesidir, siyasi hedefimizdir, yolumuz a\u00e7\u0131k olsun. H\u0131z\u0131r yolda\u015f\u0131m\u0131z olsun.\u201d<\/p>\n<hr \/>\n<p><em><strong><a href=\"https:\/\/artigercek.com\/haberler\/mithat-sancar-dersim-katlaimi-anmasina-katildi-adalete-giden-yol-hakilkaten-gecer\" target=\"_blank\" rel=\"noopener noreferrer\">Art\u0131 Ger\u00e7ek<\/a>\u00a0<\/strong><\/em><\/p>\n","protected":false},"excerpt":{"rendered":"<p>Dersim Katliam\u0131\u2019n\u0131n 85\u2019inci y\u0131l d\u00f6n\u00fcm\u00fc i\u00e7in yap\u0131lan anmada konu\u015fan Mithat Sancar \u2018Sistem de\u011fi\u015fmezse 2011\u2019de Dersim diyen ba\u015fbakan, bug\u00fcn o d\u00f6nemin zihniyetini hayata ge\u00e7irir\u2019 dedi. Dersim Katliam\u0131\u2019n\u0131n 85\u2019inci y\u0131l d\u00f6n\u00fcm\u00fcnde Dersim Seyid R\u0131za Meydan\u0131\u2019nda bir anma ger\u00e7ekle\u015ftirildi. Anmada konu\u015fan Mithat Sancar \u201cSistem de\u011fi\u015fmezse 2011\u2019de Dersim diyen ba\u015fbakan, bug\u00fcn o d\u00f6nemin zihniyetini hayata ge\u00e7irir\u201d dedi. HDP E\u015f [&hellip;]<\/p>\n","protected":false},"author":7,"featured_media":68365,"comment_status":"open","ping_status":"open","sticky":false,"template":"","format":"standard","meta":{"footnotes":""},"categories":[1],"tags":[],"class_list":["post-68364","post","type-post","status-publish","format-standard","has-post-thumbnail","hentry","category-haberler"],"yoast_head":"<!-- This site is optimized with the Yoast SEO plugin v27.4 - https:\/\/yoast.com\/product\/yoast-seo-wordpress\/ -->\n<title>Mithat Sancar Dersim Katliam\u0131 anmas\u0131na kat\u0131ld\u0131: Adalete giden yol hakikatten ge\u00e7er - Bati Ermenistan Ve Bati Ermenileri Sorunlari Ara\u015ftirmalar Merkezi<\/title>\n<meta name=\"robots\" content=\"index, follow, max-snippet:-1, max-image-preview:large, max-video-preview:-1\" \/>\n<link rel=\"canonical\" href=\"https:\/\/akunq.net\/tr\/?p=68364\" \/>\n<meta property=\"og:locale\" content=\"en_US\" \/>\n<meta property=\"og:type\" content=\"article\" \/>\n<meta property=\"og:title\" content=\"Mithat Sancar Dersim Katliam\u0131 anmas\u0131na kat\u0131ld\u0131: Adalete giden yol hakikatten ge\u00e7er - Bati Ermenistan Ve Bati Ermenileri Sorunlari Ara\u015ftirmalar Merkezi\" \/>\n<meta property=\"og:description\" content=\"Dersim Katliam\u0131\u2019n\u0131n 85\u2019inci y\u0131l d\u00f6n\u00fcm\u00fc i\u00e7in yap\u0131lan anmada konu\u015fan Mithat Sancar \u2018Sistem de\u011fi\u015fmezse 2011\u2019de Dersim diyen ba\u015fbakan, bug\u00fcn o d\u00f6nemin zihniyetini hayata ge\u00e7irir\u2019 dedi. Dersim Katliam\u0131\u2019n\u0131n 85\u2019inci y\u0131l d\u00f6n\u00fcm\u00fcnde Dersim Seyid R\u0131za Meydan\u0131\u2019nda bir anma ger\u00e7ekle\u015ftirildi. Anmada konu\u015fan Mithat Sancar \u201cSistem de\u011fi\u015fmezse 2011\u2019de Dersim diyen ba\u015fbakan, bug\u00fcn o d\u00f6nemin zihniyetini hayata ge\u00e7irir\u201d dedi. HDP E\u015f [&hellip;]\" \/>\n<meta property=\"og:url\" content=\"https:\/\/akunq.net\/tr\/?p=68364\" \/>\n<meta property=\"og:site_name\" content=\"Bati Ermenistan Ve Bati Ermenileri Sorunlari Ara\u015ftirmalar Merkezi\" \/>\n<meta property=\"article:published_time\" content=\"2022-05-05T06:20:03+00:00\" \/>\n<meta property=\"og:image\" content=\"https:\/\/akunq.net\/tr\/wp-content\/uploads\/sites\/6\/2022\/05\/Mithat-Sancar.jpeg\" \/>\n\t<meta property=\"og:image:width\" content=\"800\" \/>\n\t<meta property=\"og:image:height\" content=\"463\" \/>\n\t<meta property=\"og:image:type\" content=\"image\/jpeg\" \/>\n<meta name=\"author\" content=\"admin\" \/>\n<meta name=\"twitter:card\" content=\"summary_large_image\" \/>\n<meta name=\"twitter:label1\" content=\"Written by\" \/>\n\t<meta name=\"twitter:data1\" content=\"admin\" \/>\n\t<meta name=\"twitter:label2\" content=\"Est. reading time\" \/>\n\t<meta name=\"twitter:data2\" content=\"9 minutes\" \/>\n<script type=\"application\/ld+json\" class=\"yoast-schema-graph\">{\"@context\":\"https:\\\/\\\/schema.org\",\"@graph\":[{\"@type\":\"Article\",\"@id\":\"https:\\\/\\\/akunq.net\\\/tr\\\/?p=68364#article\",\"isPartOf\":{\"@id\":\"https:\\\/\\\/akunq.net\\\/tr\\\/?p=68364\"},\"author\":{\"name\":\"admin\",\"@id\":\"https:\\\/\\\/akunq.net\\\/tr\\\/#\\\/schema\\\/person\\\/096f1d38a12cce57fb855b485ed24c9e\"},\"headline\":\"Mithat Sancar Dersim Katliam\u0131 anmas\u0131na kat\u0131ld\u0131: Adalete giden yol hakikatten ge\u00e7er\",\"datePublished\":\"2022-05-05T06:20:03+00:00\",\"mainEntityOfPage\":{\"@id\":\"https:\\\/\\\/akunq.net\\\/tr\\\/?p=68364\"},\"wordCount\":1788,\"commentCount\":0,\"image\":{\"@id\":\"https:\\\/\\\/akunq.net\\\/tr\\\/?p=68364#primaryimage\"},\"thumbnailUrl\":\"https:\\\/\\\/akunq.net\\\/tr\\\/wp-content\\\/uploads\\\/sites\\\/6\\\/2022\\\/05\\\/Mithat-Sancar.jpeg\",\"articleSection\":[\"Haberler\"],\"inLanguage\":\"en-US\",\"potentialAction\":[{\"@type\":\"CommentAction\",\"name\":\"Comment\",\"target\":[\"https:\\\/\\\/akunq.net\\\/tr\\\/?p=68364#respond\"]}]},{\"@type\":\"WebPage\",\"@id\":\"https:\\\/\\\/akunq.net\\\/tr\\\/?p=68364\",\"url\":\"https:\\\/\\\/akunq.net\\\/tr\\\/?p=68364\",\"name\":\"Mithat Sancar Dersim Katliam\u0131 anmas\u0131na kat\u0131ld\u0131: Adalete giden yol hakikatten ge\u00e7er - Bati Ermenistan Ve Bati Ermenileri Sorunlari Ara\u015ftirmalar Merkezi\",\"isPartOf\":{\"@id\":\"https:\\\/\\\/akunq.net\\\/tr\\\/#website\"},\"primaryImageOfPage\":{\"@id\":\"https:\\\/\\\/akunq.net\\\/tr\\\/?p=68364#primaryimage\"},\"image\":{\"@id\":\"https:\\\/\\\/akunq.net\\\/tr\\\/?p=68364#primaryimage\"},\"thumbnailUrl\":\"https:\\\/\\\/akunq.net\\\/tr\\\/wp-content\\\/uploads\\\/sites\\\/6\\\/2022\\\/05\\\/Mithat-Sancar.jpeg\",\"datePublished\":\"2022-05-05T06:20:03+00:00\",\"author\":{\"@id\":\"https:\\\/\\\/akunq.net\\\/tr\\\/#\\\/schema\\\/person\\\/096f1d38a12cce57fb855b485ed24c9e\"},\"breadcrumb\":{\"@id\":\"https:\\\/\\\/akunq.net\\\/tr\\\/?p=68364#breadcrumb\"},\"inLanguage\":\"en-US\",\"potentialAction\":[{\"@type\":\"ReadAction\",\"target\":[\"https:\\\/\\\/akunq.net\\\/tr\\\/?p=68364\"]}]},{\"@type\":\"ImageObject\",\"inLanguage\":\"en-US\",\"@id\":\"https:\\\/\\\/akunq.net\\\/tr\\\/?p=68364#primaryimage\",\"url\":\"https:\\\/\\\/akunq.net\\\/tr\\\/wp-content\\\/uploads\\\/sites\\\/6\\\/2022\\\/05\\\/Mithat-Sancar.jpeg\",\"contentUrl\":\"https:\\\/\\\/akunq.net\\\/tr\\\/wp-content\\\/uploads\\\/sites\\\/6\\\/2022\\\/05\\\/Mithat-Sancar.jpeg\",\"width\":800,\"height\":463},{\"@type\":\"BreadcrumbList\",\"@id\":\"https:\\\/\\\/akunq.net\\\/tr\\\/?p=68364#breadcrumb\",\"itemListElement\":[{\"@type\":\"ListItem\",\"position\":1,\"name\":\"Home\",\"item\":\"https:\\\/\\\/akunq.net\\\/tr\"},{\"@type\":\"ListItem\",\"position\":2,\"name\":\"Mithat Sancar Dersim Katliam\u0131 anmas\u0131na kat\u0131ld\u0131: Adalete giden yol hakikatten ge\u00e7er\"}]},{\"@type\":\"WebSite\",\"@id\":\"https:\\\/\\\/akunq.net\\\/tr\\\/#website\",\"url\":\"https:\\\/\\\/akunq.net\\\/tr\\\/\",\"name\":\"Bati Ermenistan Ve Bati Ermenileri Sorunlari Ara\u015ftirmalar Merkezi\",\"description\":\"\",\"potentialAction\":[{\"@type\":\"SearchAction\",\"target\":{\"@type\":\"EntryPoint\",\"urlTemplate\":\"https:\\\/\\\/akunq.net\\\/tr\\\/?s={search_term_string}\"},\"query-input\":{\"@type\":\"PropertyValueSpecification\",\"valueRequired\":true,\"valueName\":\"search_term_string\"}}],\"inLanguage\":\"en-US\"},{\"@type\":\"Person\",\"@id\":\"https:\\\/\\\/akunq.net\\\/tr\\\/#\\\/schema\\\/person\\\/096f1d38a12cce57fb855b485ed24c9e\",\"name\":\"admin\",\"url\":\"https:\\\/\\\/akunq.net\\\/tr\\\/?author=7\"}]}<\/script>\n<!-- \/ Yoast SEO plugin. -->","yoast_head_json":{"title":"Mithat Sancar Dersim Katliam\u0131 anmas\u0131na kat\u0131ld\u0131: Adalete giden yol hakikatten ge\u00e7er - Bati Ermenistan Ve Bati Ermenileri Sorunlari Ara\u015ftirmalar Merkezi","robots":{"index":"index","follow":"follow","max-snippet":"max-snippet:-1","max-image-preview":"max-image-preview:large","max-video-preview":"max-video-preview:-1"},"canonical":"https:\/\/akunq.net\/tr\/?p=68364","og_locale":"en_US","og_type":"article","og_title":"Mithat Sancar Dersim Katliam\u0131 anmas\u0131na kat\u0131ld\u0131: Adalete giden yol hakikatten ge\u00e7er - Bati Ermenistan Ve Bati Ermenileri Sorunlari Ara\u015ftirmalar Merkezi","og_description":"Dersim Katliam\u0131\u2019n\u0131n 85\u2019inci y\u0131l d\u00f6n\u00fcm\u00fc i\u00e7in yap\u0131lan anmada konu\u015fan Mithat Sancar \u2018Sistem de\u011fi\u015fmezse 2011\u2019de Dersim diyen ba\u015fbakan, bug\u00fcn o d\u00f6nemin zihniyetini hayata ge\u00e7irir\u2019 dedi. Dersim Katliam\u0131\u2019n\u0131n 85\u2019inci y\u0131l d\u00f6n\u00fcm\u00fcnde Dersim Seyid R\u0131za Meydan\u0131\u2019nda bir anma ger\u00e7ekle\u015ftirildi. Anmada konu\u015fan Mithat Sancar \u201cSistem de\u011fi\u015fmezse 2011\u2019de Dersim diyen ba\u015fbakan, bug\u00fcn o d\u00f6nemin zihniyetini hayata ge\u00e7irir\u201d dedi. HDP E\u015f [&hellip;]","og_url":"https:\/\/akunq.net\/tr\/?p=68364","og_site_name":"Bati Ermenistan Ve Bati Ermenileri Sorunlari Ara\u015ftirmalar Merkezi","article_published_time":"2022-05-05T06:20:03+00:00","og_image":[{"width":800,"height":463,"url":"https:\/\/akunq.net\/tr\/wp-content\/uploads\/sites\/6\/2022\/05\/Mithat-Sancar.jpeg","type":"image\/jpeg"}],"author":"admin","twitter_card":"summary_large_image","twitter_misc":{"Written by":"admin","Est. reading time":"9 minutes"},"schema":{"@context":"https:\/\/schema.org","@graph":[{"@type":"Article","@id":"https:\/\/akunq.net\/tr\/?p=68364#article","isPartOf":{"@id":"https:\/\/akunq.net\/tr\/?p=68364"},"author":{"name":"admin","@id":"https:\/\/akunq.net\/tr\/#\/schema\/person\/096f1d38a12cce57fb855b485ed24c9e"},"headline":"Mithat Sancar Dersim Katliam\u0131 anmas\u0131na kat\u0131ld\u0131: Adalete giden yol hakikatten ge\u00e7er","datePublished":"2022-05-05T06:20:03+00:00","mainEntityOfPage":{"@id":"https:\/\/akunq.net\/tr\/?p=68364"},"wordCount":1788,"commentCount":0,"image":{"@id":"https:\/\/akunq.net\/tr\/?p=68364#primaryimage"},"thumbnailUrl":"https:\/\/akunq.net\/tr\/wp-content\/uploads\/sites\/6\/2022\/05\/Mithat-Sancar.jpeg","articleSection":["Haberler"],"inLanguage":"en-US","potentialAction":[{"@type":"CommentAction","name":"Comment","target":["https:\/\/akunq.net\/tr\/?p=68364#respond"]}]},{"@type":"WebPage","@id":"https:\/\/akunq.net\/tr\/?p=68364","url":"https:\/\/akunq.net\/tr\/?p=68364","name":"Mithat Sancar Dersim Katliam\u0131 anmas\u0131na kat\u0131ld\u0131: Adalete giden yol hakikatten ge\u00e7er - Bati Ermenistan Ve Bati Ermenileri Sorunlari Ara\u015ftirmalar Merkezi","isPartOf":{"@id":"https:\/\/akunq.net\/tr\/#website"},"primaryImageOfPage":{"@id":"https:\/\/akunq.net\/tr\/?p=68364#primaryimage"},"image":{"@id":"https:\/\/akunq.net\/tr\/?p=68364#primaryimage"},"thumbnailUrl":"https:\/\/akunq.net\/tr\/wp-content\/uploads\/sites\/6\/2022\/05\/Mithat-Sancar.jpeg","datePublished":"2022-05-05T06:20:03+00:00","author":{"@id":"https:\/\/akunq.net\/tr\/#\/schema\/person\/096f1d38a12cce57fb855b485ed24c9e"},"breadcrumb":{"@id":"https:\/\/akunq.net\/tr\/?p=68364#breadcrumb"},"inLanguage":"en-US","potentialAction":[{"@type":"ReadAction","target":["https:\/\/akunq.net\/tr\/?p=68364"]}]},{"@type":"ImageObject","inLanguage":"en-US","@id":"https:\/\/akunq.net\/tr\/?p=68364#primaryimage","url":"https:\/\/akunq.net\/tr\/wp-content\/uploads\/sites\/6\/2022\/05\/Mithat-Sancar.jpeg","contentUrl":"https:\/\/akunq.net\/tr\/wp-content\/uploads\/sites\/6\/2022\/05\/Mithat-Sancar.jpeg","width":800,"height":463},{"@type":"BreadcrumbList","@id":"https:\/\/akunq.net\/tr\/?p=68364#breadcrumb","itemListElement":[{"@type":"ListItem","position":1,"name":"Home","item":"https:\/\/akunq.net\/tr"},{"@type":"ListItem","position":2,"name":"Mithat Sancar Dersim Katliam\u0131 anmas\u0131na kat\u0131ld\u0131: Adalete giden yol hakikatten ge\u00e7er"}]},{"@type":"WebSite","@id":"https:\/\/akunq.net\/tr\/#website","url":"https:\/\/akunq.net\/tr\/","name":"Bati Ermenistan Ve Bati Ermenileri Sorunlari Ara\u015ftirmalar Merkezi","description":"","potentialAction":[{"@type":"SearchAction","target":{"@type":"EntryPoint","urlTemplate":"https:\/\/akunq.net\/tr\/?s={search_term_string}"},"query-input":{"@type":"PropertyValueSpecification","valueRequired":true,"valueName":"search_term_string"}}],"inLanguage":"en-US"},{"@type":"Person","@id":"https:\/\/akunq.net\/tr\/#\/schema\/person\/096f1d38a12cce57fb855b485ed24c9e","name":"admin","url":"https:\/\/akunq.net\/tr\/?author=7"}]}},"_links":{"self":[{"href":"https:\/\/akunq.net\/tr\/index.php?rest_route=\/wp\/v2\/posts\/68364","targetHints":{"allow":["GET"]}}],"collection":[{"href":"https:\/\/akunq.net\/tr\/index.php?rest_route=\/wp\/v2\/posts"}],"about":[{"href":"https:\/\/akunq.net\/tr\/index.php?rest_route=\/wp\/v2\/types\/post"}],"author":[{"embeddable":true,"href":"https:\/\/akunq.net\/tr\/index.php?rest_route=\/wp\/v2\/users\/7"}],"replies":[{"embeddable":true,"href":"https:\/\/akunq.net\/tr\/index.php?rest_route=%2Fwp%2Fv2%2Fcomments&post=68364"}],"version-history":[{"count":1,"href":"https:\/\/akunq.net\/tr\/index.php?rest_route=\/wp\/v2\/posts\/68364\/revisions"}],"predecessor-version":[{"id":68366,"href":"https:\/\/akunq.net\/tr\/index.php?rest_route=\/wp\/v2\/posts\/68364\/revisions\/68366"}],"wp:featuredmedia":[{"embeddable":true,"href":"https:\/\/akunq.net\/tr\/index.php?rest_route=\/wp\/v2\/media\/68365"}],"wp:attachment":[{"href":"https:\/\/akunq.net\/tr\/index.php?rest_route=%2Fwp%2Fv2%2Fmedia&parent=68364"}],"wp:term":[{"taxonomy":"category","embeddable":true,"href":"https:\/\/akunq.net\/tr\/index.php?rest_route=%2Fwp%2Fv2%2Fcategories&post=68364"},{"taxonomy":"post_tag","embeddable":true,"href":"https:\/\/akunq.net\/tr\/index.php?rest_route=%2Fwp%2Fv2%2Ftags&post=68364"}],"curies":[{"name":"wp","href":"https:\/\/api.w.org\/{rel}","templated":true}]}}