{"id":68358,"date":"2022-05-05T01:02:30","date_gmt":"2022-05-05T06:02:30","guid":{"rendered":"https:\/\/akunq.net\/tr\/?p=68358"},"modified":"2022-05-05T01:02:30","modified_gmt":"2022-05-05T06:02:30","slug":"cavusoglunun-bozkurt-selami-uruguayi-karistirdi-atama-askida","status":"publish","type":"post","link":"https:\/\/akunq.net\/tr\/?p=68358","title":{"rendered":"\u00c7avu\u015fo\u011flu\u2019nun \u2018bozkurt selam\u0131\u2019 Uruguay\u2019\u0131 kar\u0131\u015ft\u0131rd\u0131: Atama ask\u0131da"},"content":{"rendered":"<p><img loading=\"lazy\" decoding=\"async\" class=\"aligncenter size-medium wp-image-68359\" src=\"https:\/\/akunq.net\/tr\/wp-content\/uploads\/2022\/05\/\u0549\u0561\u057e\u0578\u0582\u0577\u0585\u0572\u056c\u0578\u0582-360x270.jpg\" alt=\"\" width=\"360\" height=\"270\" srcset=\"https:\/\/akunq.net\/tr\/wp-content\/uploads\/sites\/6\/2022\/05\/\u0549\u0561\u057e\u0578\u0582\u0577\u0585\u0572\u056c\u0578\u0582-360x270.jpg 360w, https:\/\/akunq.net\/tr\/wp-content\/uploads\/sites\/6\/2022\/05\/\u0549\u0561\u057e\u0578\u0582\u0577\u0585\u0572\u056c\u0578\u0582-260x195.jpg 260w, https:\/\/akunq.net\/tr\/wp-content\/uploads\/sites\/6\/2022\/05\/\u0549\u0561\u057e\u0578\u0582\u0577\u0585\u0572\u056c\u0578\u0582-160x120.jpg 160w, https:\/\/akunq.net\/tr\/wp-content\/uploads\/sites\/6\/2022\/05\/\u0549\u0561\u057e\u0578\u0582\u0577\u0585\u0572\u056c\u0578\u0582.jpg 400w\" sizes=\"auto, (max-width: 360px) 100vw, 360px\" \/><\/p>\n<p><em><strong>D\u0131\u015fi\u015fleri Bakan\u0131 Mevl\u00fct \u00c7avu\u015fo\u011flu\u2019nun, 24 Nisan\u2019da Uruguay\u2019daki Ermeni protestoculara bozkurt i\u015fareti yapmas\u0131na tepki s\u00fcr\u00fcyor. Uruguay, T\u00fcrkiye\u2019ye b\u00fcy\u00fckel\u00e7i atamay\u0131 erteledi.<\/strong><\/em><\/p>\n<p>DUVAR \u2013 D\u0131\u015fi\u015fleri Bakan\u0131 Mevl\u00fct \u00c7avu\u015fo\u011flu\u2019nun, Ermeni Soyk\u0131r\u0131m\u0131\u2019n\u0131n y\u0131ld\u00f6n\u00fcm\u00fc olan 24 Nisan\u2019daki Uruguay ziyareti s\u0131ras\u0131nda Ermeni protestoculara g\u00fcl\u00fcmseyerek bozkurt i\u015fareti yapmas\u0131n\u0131n yank\u0131lar\u0131 dinmiyor. Uruguay\u2019\u0131n T\u00fcrkiye\u2019ye b\u00fcy\u00fckel\u00e7i atamas\u0131, \u00c7avu\u015fo\u011flu\u2019na tepki olarak ask\u0131ya al\u0131nd\u0131.<\/p>\n<p>K\u0131sa Dalga\u2019n\u0131n haberine g\u00f6re, Hugo Cayr\u00fas\u2019un b\u00fcy\u00fckel\u00e7ili\u011fe atamas\u0131, sol partilerin ittifak\u0131ndan olu\u015fan Frente Amplio\u2019nun (Geni\u015f Cephe) talebi ve t\u00fcm partilerin deste\u011fiyle, Senato\u2019dan d\u00f6nd\u00fc. Dosya, oy veren 25 vekilin tamam\u0131n\u0131n oyuyla, Uruguay parlamentosunun \u00fcst kanad\u0131n\u0131n Uluslararas\u0131 \u0130li\u015fkiler Komitesi\u2019ne geri g\u00f6nderildi.<\/p>\n<p>Muhalefetteki senat\u00f6rlerden Liliam Ke\u00e7iciyan, ge\u00e7ti\u011fimiz hafta El Pais gazetesine yapt\u0131\u011f\u0131 a\u00e7\u0131klamada, T\u00fcrkiye ile Ermenistan\u2019a b\u00fcy\u00fckel\u00e7i atamalar\u0131n\u0131n e\u015f zamanl\u0131 yap\u0131lmas\u0131 i\u00e7in b\u00f6yle bir giri\u015fimde bulunacaklar\u0131n\u0131 a\u00e7\u0131klam\u0131\u015ft\u0131. Ke\u00e7iciyan, Senato\u2019daki oturumdaysa, kararlar\u0131n\u0131n Cayrus\u2019un \u015fahs\u0131yla bir ilgisi olmad\u0131\u011f\u0131n\u0131 vurgulad\u0131.<\/p>\n<p>Muhalefet vekili, hem \u2018T\u00fcrkiye D\u0131\u015fi\u015fleri Bakan\u0131\u2019n\u0131n bozkurt i\u015fareti yapmas\u0131n\u0131n daha ayr\u0131nt\u0131l\u0131 incelenmesi\u2019, hem de T\u00fcrkiye ile Ermenistan\u2019daki b\u00fcy\u00fckel\u00e7iliklerin dengeli bir \u015fekilde ele al\u0131nmas\u0131 amac\u0131yla atamay\u0131 engellediklerini s\u00f6yledi.<\/p>\n<p>\u00c7avu\u015fo\u011flu\u2019nun bozkurt i\u015fareti, Uruguay\u2019daki Ermeni cemaatinin yan\u0131 s\u0131ra Devlet Ba\u015fkan\u0131 Luis Lacalle Pou ve D\u0131\u015fi\u015fleri Bakan\u0131 Francisco Bustillo\u2019nun da tepkilerini \u00e7ekmi\u015fti.<\/p>\n<hr \/>\n<p><em><strong><a href=\"https:\/\/www.gazeteduvar.com.tr\/cavusoglunun-bozkurt-selami-uruguayi-karistirdi-atama-askida-haber-1563408\" target=\"_blank\" rel=\"noopener noreferrer\">Gazete Duvar<\/a><\/strong><\/em><\/p>\n","protected":false},"excerpt":{"rendered":"<p>D\u0131\u015fi\u015fleri Bakan\u0131 Mevl\u00fct \u00c7avu\u015fo\u011flu\u2019nun, 24 Nisan\u2019da Uruguay\u2019daki Ermeni protestoculara bozkurt i\u015fareti yapmas\u0131na tepki s\u00fcr\u00fcyor. Uruguay, T\u00fcrkiye\u2019ye b\u00fcy\u00fckel\u00e7i atamay\u0131 erteledi. DUVAR \u2013 D\u0131\u015fi\u015fleri Bakan\u0131 Mevl\u00fct \u00c7avu\u015fo\u011flu\u2019nun, Ermeni Soyk\u0131r\u0131m\u0131\u2019n\u0131n y\u0131ld\u00f6n\u00fcm\u00fc olan 24 Nisan\u2019daki Uruguay ziyareti s\u0131ras\u0131nda Ermeni protestoculara g\u00fcl\u00fcmseyerek bozkurt i\u015fareti yapmas\u0131n\u0131n yank\u0131lar\u0131 dinmiyor. Uruguay\u2019\u0131n T\u00fcrkiye\u2019ye b\u00fcy\u00fckel\u00e7i atamas\u0131, \u00c7avu\u015fo\u011flu\u2019na tepki olarak ask\u0131ya al\u0131nd\u0131. K\u0131sa Dalga\u2019n\u0131n haberine g\u00f6re, [&hellip;]<\/p>\n","protected":false},"author":7,"featured_media":68359,"comment_status":"open","ping_status":"open","sticky":false,"template":"","format":"standard","meta":{"footnotes":""},"categories":[1],"tags":[],"class_list":["post-68358","post","type-post","status-publish","format-standard","has-post-thumbnail","hentry","category-haberler"],"yoast_head":"<!-- This site is optimized with the Yoast SEO plugin v27.4 - https:\/\/yoast.com\/product\/yoast-seo-wordpress\/ -->\n<title>\u00c7avu\u015fo\u011flu\u2019nun \u2018bozkurt selam\u0131\u2019 Uruguay\u2019\u0131 kar\u0131\u015ft\u0131rd\u0131: Atama ask\u0131da - Bati Ermenistan Ve Bati Ermenileri Sorunlari Ara\u015ftirmalar Merkezi<\/title>\n<meta name=\"robots\" content=\"index, follow, max-snippet:-1, max-image-preview:large, max-video-preview:-1\" \/>\n<link rel=\"canonical\" href=\"https:\/\/akunq.net\/tr\/?p=68358\" \/>\n<meta property=\"og:locale\" content=\"en_US\" \/>\n<meta property=\"og:type\" content=\"article\" \/>\n<meta property=\"og:title\" content=\"\u00c7avu\u015fo\u011flu\u2019nun \u2018bozkurt selam\u0131\u2019 Uruguay\u2019\u0131 kar\u0131\u015ft\u0131rd\u0131: Atama ask\u0131da - Bati Ermenistan Ve Bati Ermenileri Sorunlari Ara\u015ftirmalar Merkezi\" \/>\n<meta property=\"og:description\" content=\"D\u0131\u015fi\u015fleri Bakan\u0131 Mevl\u00fct \u00c7avu\u015fo\u011flu\u2019nun, 24 Nisan\u2019da Uruguay\u2019daki Ermeni protestoculara bozkurt i\u015fareti yapmas\u0131na tepki s\u00fcr\u00fcyor. Uruguay, T\u00fcrkiye\u2019ye b\u00fcy\u00fckel\u00e7i atamay\u0131 erteledi. DUVAR \u2013 D\u0131\u015fi\u015fleri Bakan\u0131 Mevl\u00fct \u00c7avu\u015fo\u011flu\u2019nun, Ermeni Soyk\u0131r\u0131m\u0131\u2019n\u0131n y\u0131ld\u00f6n\u00fcm\u00fc olan 24 Nisan\u2019daki Uruguay ziyareti s\u0131ras\u0131nda Ermeni protestoculara g\u00fcl\u00fcmseyerek bozkurt i\u015fareti yapmas\u0131n\u0131n yank\u0131lar\u0131 dinmiyor. Uruguay\u2019\u0131n T\u00fcrkiye\u2019ye b\u00fcy\u00fckel\u00e7i atamas\u0131, \u00c7avu\u015fo\u011flu\u2019na tepki olarak ask\u0131ya al\u0131nd\u0131. K\u0131sa Dalga\u2019n\u0131n haberine g\u00f6re, [&hellip;]\" \/>\n<meta property=\"og:url\" content=\"https:\/\/akunq.net\/tr\/?p=68358\" \/>\n<meta property=\"og:site_name\" content=\"Bati Ermenistan Ve Bati Ermenileri Sorunlari Ara\u015ftirmalar Merkezi\" \/>\n<meta property=\"article:published_time\" content=\"2022-05-05T06:02:30+00:00\" \/>\n<meta property=\"og:image\" content=\"https:\/\/akunq.net\/tr\/wp-content\/uploads\/sites\/6\/2022\/05\/\u0549\u0561\u057e\u0578\u0582\u0577\u0585\u0572\u056c\u0578\u0582.jpg\" \/>\n\t<meta property=\"og:image:width\" content=\"400\" \/>\n\t<meta property=\"og:image:height\" content=\"300\" \/>\n\t<meta property=\"og:image:type\" content=\"image\/jpeg\" \/>\n<meta name=\"author\" content=\"admin\" \/>\n<meta name=\"twitter:card\" content=\"summary_large_image\" \/>\n<meta name=\"twitter:label1\" content=\"Written by\" \/>\n\t<meta name=\"twitter:data1\" content=\"admin\" \/>\n\t<meta name=\"twitter:label2\" content=\"Est. reading time\" \/>\n\t<meta name=\"twitter:data2\" content=\"2 minutes\" \/>\n<script type=\"application\/ld+json\" class=\"yoast-schema-graph\">{\"@context\":\"https:\\\/\\\/schema.org\",\"@graph\":[{\"@type\":\"Article\",\"@id\":\"https:\\\/\\\/akunq.net\\\/tr\\\/?p=68358#article\",\"isPartOf\":{\"@id\":\"https:\\\/\\\/akunq.net\\\/tr\\\/?p=68358\"},\"author\":{\"name\":\"admin\",\"@id\":\"https:\\\/\\\/akunq.net\\\/tr\\\/#\\\/schema\\\/person\\\/096f1d38a12cce57fb855b485ed24c9e\"},\"headline\":\"\u00c7avu\u015fo\u011flu\u2019nun \u2018bozkurt selam\u0131\u2019 Uruguay\u2019\u0131 kar\u0131\u015ft\u0131rd\u0131: Atama ask\u0131da\",\"datePublished\":\"2022-05-05T06:02:30+00:00\",\"mainEntityOfPage\":{\"@id\":\"https:\\\/\\\/akunq.net\\\/tr\\\/?p=68358\"},\"wordCount\":313,\"commentCount\":0,\"image\":{\"@id\":\"https:\\\/\\\/akunq.net\\\/tr\\\/?p=68358#primaryimage\"},\"thumbnailUrl\":\"https:\\\/\\\/akunq.net\\\/tr\\\/wp-content\\\/uploads\\\/sites\\\/6\\\/2022\\\/05\\\/\u0549\u0561\u057e\u0578\u0582\u0577\u0585\u0572\u056c\u0578\u0582.jpg\",\"articleSection\":[\"Haberler\"],\"inLanguage\":\"en-US\",\"potentialAction\":[{\"@type\":\"CommentAction\",\"name\":\"Comment\",\"target\":[\"https:\\\/\\\/akunq.net\\\/tr\\\/?p=68358#respond\"]}]},{\"@type\":\"WebPage\",\"@id\":\"https:\\\/\\\/akunq.net\\\/tr\\\/?p=68358\",\"url\":\"https:\\\/\\\/akunq.net\\\/tr\\\/?p=68358\",\"name\":\"\u00c7avu\u015fo\u011flu\u2019nun \u2018bozkurt selam\u0131\u2019 Uruguay\u2019\u0131 kar\u0131\u015ft\u0131rd\u0131: Atama ask\u0131da - Bati Ermenistan Ve Bati Ermenileri Sorunlari Ara\u015ftirmalar Merkezi\",\"isPartOf\":{\"@id\":\"https:\\\/\\\/akunq.net\\\/tr\\\/#website\"},\"primaryImageOfPage\":{\"@id\":\"https:\\\/\\\/akunq.net\\\/tr\\\/?p=68358#primaryimage\"},\"image\":{\"@id\":\"https:\\\/\\\/akunq.net\\\/tr\\\/?p=68358#primaryimage\"},\"thumbnailUrl\":\"https:\\\/\\\/akunq.net\\\/tr\\\/wp-content\\\/uploads\\\/sites\\\/6\\\/2022\\\/05\\\/\u0549\u0561\u057e\u0578\u0582\u0577\u0585\u0572\u056c\u0578\u0582.jpg\",\"datePublished\":\"2022-05-05T06:02:30+00:00\",\"author\":{\"@id\":\"https:\\\/\\\/akunq.net\\\/tr\\\/#\\\/schema\\\/person\\\/096f1d38a12cce57fb855b485ed24c9e\"},\"breadcrumb\":{\"@id\":\"https:\\\/\\\/akunq.net\\\/tr\\\/?p=68358#breadcrumb\"},\"inLanguage\":\"en-US\",\"potentialAction\":[{\"@type\":\"ReadAction\",\"target\":[\"https:\\\/\\\/akunq.net\\\/tr\\\/?p=68358\"]}]},{\"@type\":\"ImageObject\",\"inLanguage\":\"en-US\",\"@id\":\"https:\\\/\\\/akunq.net\\\/tr\\\/?p=68358#primaryimage\",\"url\":\"https:\\\/\\\/akunq.net\\\/tr\\\/wp-content\\\/uploads\\\/sites\\\/6\\\/2022\\\/05\\\/\u0549\u0561\u057e\u0578\u0582\u0577\u0585\u0572\u056c\u0578\u0582.jpg\",\"contentUrl\":\"https:\\\/\\\/akunq.net\\\/tr\\\/wp-content\\\/uploads\\\/sites\\\/6\\\/2022\\\/05\\\/\u0549\u0561\u057e\u0578\u0582\u0577\u0585\u0572\u056c\u0578\u0582.jpg\",\"width\":400,\"height\":300},{\"@type\":\"BreadcrumbList\",\"@id\":\"https:\\\/\\\/akunq.net\\\/tr\\\/?p=68358#breadcrumb\",\"itemListElement\":[{\"@type\":\"ListItem\",\"position\":1,\"name\":\"Home\",\"item\":\"https:\\\/\\\/akunq.net\\\/tr\"},{\"@type\":\"ListItem\",\"position\":2,\"name\":\"\u00c7avu\u015fo\u011flu\u2019nun \u2018bozkurt selam\u0131\u2019 Uruguay\u2019\u0131 kar\u0131\u015ft\u0131rd\u0131: Atama ask\u0131da\"}]},{\"@type\":\"WebSite\",\"@id\":\"https:\\\/\\\/akunq.net\\\/tr\\\/#website\",\"url\":\"https:\\\/\\\/akunq.net\\\/tr\\\/\",\"name\":\"Bati Ermenistan Ve Bati Ermenileri Sorunlari Ara\u015ftirmalar Merkezi\",\"description\":\"\",\"potentialAction\":[{\"@type\":\"SearchAction\",\"target\":{\"@type\":\"EntryPoint\",\"urlTemplate\":\"https:\\\/\\\/akunq.net\\\/tr\\\/?s={search_term_string}\"},\"query-input\":{\"@type\":\"PropertyValueSpecification\",\"valueRequired\":true,\"valueName\":\"search_term_string\"}}],\"inLanguage\":\"en-US\"},{\"@type\":\"Person\",\"@id\":\"https:\\\/\\\/akunq.net\\\/tr\\\/#\\\/schema\\\/person\\\/096f1d38a12cce57fb855b485ed24c9e\",\"name\":\"admin\",\"url\":\"https:\\\/\\\/akunq.net\\\/tr\\\/?author=7\"}]}<\/script>\n<!-- \/ Yoast SEO plugin. -->","yoast_head_json":{"title":"\u00c7avu\u015fo\u011flu\u2019nun \u2018bozkurt selam\u0131\u2019 Uruguay\u2019\u0131 kar\u0131\u015ft\u0131rd\u0131: Atama ask\u0131da - Bati Ermenistan Ve Bati Ermenileri Sorunlari Ara\u015ftirmalar Merkezi","robots":{"index":"index","follow":"follow","max-snippet":"max-snippet:-1","max-image-preview":"max-image-preview:large","max-video-preview":"max-video-preview:-1"},"canonical":"https:\/\/akunq.net\/tr\/?p=68358","og_locale":"en_US","og_type":"article","og_title":"\u00c7avu\u015fo\u011flu\u2019nun \u2018bozkurt selam\u0131\u2019 Uruguay\u2019\u0131 kar\u0131\u015ft\u0131rd\u0131: Atama ask\u0131da - Bati Ermenistan Ve Bati Ermenileri Sorunlari Ara\u015ftirmalar Merkezi","og_description":"D\u0131\u015fi\u015fleri Bakan\u0131 Mevl\u00fct \u00c7avu\u015fo\u011flu\u2019nun, 24 Nisan\u2019da Uruguay\u2019daki Ermeni protestoculara bozkurt i\u015fareti yapmas\u0131na tepki s\u00fcr\u00fcyor. Uruguay, T\u00fcrkiye\u2019ye b\u00fcy\u00fckel\u00e7i atamay\u0131 erteledi. DUVAR \u2013 D\u0131\u015fi\u015fleri Bakan\u0131 Mevl\u00fct \u00c7avu\u015fo\u011flu\u2019nun, Ermeni Soyk\u0131r\u0131m\u0131\u2019n\u0131n y\u0131ld\u00f6n\u00fcm\u00fc olan 24 Nisan\u2019daki Uruguay ziyareti s\u0131ras\u0131nda Ermeni protestoculara g\u00fcl\u00fcmseyerek bozkurt i\u015fareti yapmas\u0131n\u0131n yank\u0131lar\u0131 dinmiyor. Uruguay\u2019\u0131n T\u00fcrkiye\u2019ye b\u00fcy\u00fckel\u00e7i atamas\u0131, \u00c7avu\u015fo\u011flu\u2019na tepki olarak ask\u0131ya al\u0131nd\u0131. K\u0131sa Dalga\u2019n\u0131n haberine g\u00f6re, [&hellip;]","og_url":"https:\/\/akunq.net\/tr\/?p=68358","og_site_name":"Bati Ermenistan Ve Bati Ermenileri Sorunlari Ara\u015ftirmalar Merkezi","article_published_time":"2022-05-05T06:02:30+00:00","og_image":[{"width":400,"height":300,"url":"https:\/\/akunq.net\/tr\/wp-content\/uploads\/sites\/6\/2022\/05\/\u0549\u0561\u057e\u0578\u0582\u0577\u0585\u0572\u056c\u0578\u0582.jpg","type":"image\/jpeg"}],"author":"admin","twitter_card":"summary_large_image","twitter_misc":{"Written by":"admin","Est. reading time":"2 minutes"},"schema":{"@context":"https:\/\/schema.org","@graph":[{"@type":"Article","@id":"https:\/\/akunq.net\/tr\/?p=68358#article","isPartOf":{"@id":"https:\/\/akunq.net\/tr\/?p=68358"},"author":{"name":"admin","@id":"https:\/\/akunq.net\/tr\/#\/schema\/person\/096f1d38a12cce57fb855b485ed24c9e"},"headline":"\u00c7avu\u015fo\u011flu\u2019nun \u2018bozkurt selam\u0131\u2019 Uruguay\u2019\u0131 kar\u0131\u015ft\u0131rd\u0131: Atama ask\u0131da","datePublished":"2022-05-05T06:02:30+00:00","mainEntityOfPage":{"@id":"https:\/\/akunq.net\/tr\/?p=68358"},"wordCount":313,"commentCount":0,"image":{"@id":"https:\/\/akunq.net\/tr\/?p=68358#primaryimage"},"thumbnailUrl":"https:\/\/akunq.net\/tr\/wp-content\/uploads\/sites\/6\/2022\/05\/\u0549\u0561\u057e\u0578\u0582\u0577\u0585\u0572\u056c\u0578\u0582.jpg","articleSection":["Haberler"],"inLanguage":"en-US","potentialAction":[{"@type":"CommentAction","name":"Comment","target":["https:\/\/akunq.net\/tr\/?p=68358#respond"]}]},{"@type":"WebPage","@id":"https:\/\/akunq.net\/tr\/?p=68358","url":"https:\/\/akunq.net\/tr\/?p=68358","name":"\u00c7avu\u015fo\u011flu\u2019nun \u2018bozkurt selam\u0131\u2019 Uruguay\u2019\u0131 kar\u0131\u015ft\u0131rd\u0131: Atama ask\u0131da - Bati Ermenistan Ve Bati Ermenileri Sorunlari Ara\u015ftirmalar Merkezi","isPartOf":{"@id":"https:\/\/akunq.net\/tr\/#website"},"primaryImageOfPage":{"@id":"https:\/\/akunq.net\/tr\/?p=68358#primaryimage"},"image":{"@id":"https:\/\/akunq.net\/tr\/?p=68358#primaryimage"},"thumbnailUrl":"https:\/\/akunq.net\/tr\/wp-content\/uploads\/sites\/6\/2022\/05\/\u0549\u0561\u057e\u0578\u0582\u0577\u0585\u0572\u056c\u0578\u0582.jpg","datePublished":"2022-05-05T06:02:30+00:00","author":{"@id":"https:\/\/akunq.net\/tr\/#\/schema\/person\/096f1d38a12cce57fb855b485ed24c9e"},"breadcrumb":{"@id":"https:\/\/akunq.net\/tr\/?p=68358#breadcrumb"},"inLanguage":"en-US","potentialAction":[{"@type":"ReadAction","target":["https:\/\/akunq.net\/tr\/?p=68358"]}]},{"@type":"ImageObject","inLanguage":"en-US","@id":"https:\/\/akunq.net\/tr\/?p=68358#primaryimage","url":"https:\/\/akunq.net\/tr\/wp-content\/uploads\/sites\/6\/2022\/05\/\u0549\u0561\u057e\u0578\u0582\u0577\u0585\u0572\u056c\u0578\u0582.jpg","contentUrl":"https:\/\/akunq.net\/tr\/wp-content\/uploads\/sites\/6\/2022\/05\/\u0549\u0561\u057e\u0578\u0582\u0577\u0585\u0572\u056c\u0578\u0582.jpg","width":400,"height":300},{"@type":"BreadcrumbList","@id":"https:\/\/akunq.net\/tr\/?p=68358#breadcrumb","itemListElement":[{"@type":"ListItem","position":1,"name":"Home","item":"https:\/\/akunq.net\/tr"},{"@type":"ListItem","position":2,"name":"\u00c7avu\u015fo\u011flu\u2019nun \u2018bozkurt selam\u0131\u2019 Uruguay\u2019\u0131 kar\u0131\u015ft\u0131rd\u0131: Atama ask\u0131da"}]},{"@type":"WebSite","@id":"https:\/\/akunq.net\/tr\/#website","url":"https:\/\/akunq.net\/tr\/","name":"Bati Ermenistan Ve Bati Ermenileri Sorunlari Ara\u015ftirmalar Merkezi","description":"","potentialAction":[{"@type":"SearchAction","target":{"@type":"EntryPoint","urlTemplate":"https:\/\/akunq.net\/tr\/?s={search_term_string}"},"query-input":{"@type":"PropertyValueSpecification","valueRequired":true,"valueName":"search_term_string"}}],"inLanguage":"en-US"},{"@type":"Person","@id":"https:\/\/akunq.net\/tr\/#\/schema\/person\/096f1d38a12cce57fb855b485ed24c9e","name":"admin","url":"https:\/\/akunq.net\/tr\/?author=7"}]}},"_links":{"self":[{"href":"https:\/\/akunq.net\/tr\/index.php?rest_route=\/wp\/v2\/posts\/68358","targetHints":{"allow":["GET"]}}],"collection":[{"href":"https:\/\/akunq.net\/tr\/index.php?rest_route=\/wp\/v2\/posts"}],"about":[{"href":"https:\/\/akunq.net\/tr\/index.php?rest_route=\/wp\/v2\/types\/post"}],"author":[{"embeddable":true,"href":"https:\/\/akunq.net\/tr\/index.php?rest_route=\/wp\/v2\/users\/7"}],"replies":[{"embeddable":true,"href":"https:\/\/akunq.net\/tr\/index.php?rest_route=%2Fwp%2Fv2%2Fcomments&post=68358"}],"version-history":[{"count":1,"href":"https:\/\/akunq.net\/tr\/index.php?rest_route=\/wp\/v2\/posts\/68358\/revisions"}],"predecessor-version":[{"id":68360,"href":"https:\/\/akunq.net\/tr\/index.php?rest_route=\/wp\/v2\/posts\/68358\/revisions\/68360"}],"wp:featuredmedia":[{"embeddable":true,"href":"https:\/\/akunq.net\/tr\/index.php?rest_route=\/wp\/v2\/media\/68359"}],"wp:attachment":[{"href":"https:\/\/akunq.net\/tr\/index.php?rest_route=%2Fwp%2Fv2%2Fmedia&parent=68358"}],"wp:term":[{"taxonomy":"category","embeddable":true,"href":"https:\/\/akunq.net\/tr\/index.php?rest_route=%2Fwp%2Fv2%2Fcategories&post=68358"},{"taxonomy":"post_tag","embeddable":true,"href":"https:\/\/akunq.net\/tr\/index.php?rest_route=%2Fwp%2Fv2%2Ftags&post=68358"}],"curies":[{"name":"wp","href":"https:\/\/api.w.org\/{rel}","templated":true}]}}