{"id":68351,"date":"2022-05-04T02:14:03","date_gmt":"2022-05-04T07:14:03","guid":{"rendered":"https:\/\/akunq.net\/tr\/?p=68351"},"modified":"2022-05-04T02:14:03","modified_gmt":"2022-05-04T07:14:03","slug":"erzurumda-kurtceye-hakaret-eden-kadin-ogretmenlere-sorusturma","status":"publish","type":"post","link":"https:\/\/akunq.net\/tr\/?p=68351","title":{"rendered":"Erzurum\u2019da \u2018K\u00fcrt\u00e7e\u2019ye hakaret eden kad\u0131n \u00f6\u011fretmenlere soru\u015fturma"},"content":{"rendered":"<div class=\"articleContent selectionShareable\">\n<div class=\"bodyContentMainParent selectionShareable\">\n<p><img loading=\"lazy\" decoding=\"async\" class=\"aligncenter size-medium wp-image-68352\" src=\"https:\/\/akunq.net\/tr\/wp-content\/uploads\/2022\/05\/\u0539\u0578\u0582\u0580\u0584-\u0578\u0582\u057d\u0578\u0582\u0581\u0579\u0578\u0582\u0570\u056b\u0576\u0565\u0580-360x195.png\" alt=\"\" width=\"360\" height=\"195\" srcset=\"https:\/\/akunq.net\/tr\/wp-content\/uploads\/sites\/6\/2022\/05\/\u0539\u0578\u0582\u0580\u0584-\u0578\u0582\u057d\u0578\u0582\u0581\u0579\u0578\u0582\u0570\u056b\u0576\u0565\u0580-360x195.png 360w, https:\/\/akunq.net\/tr\/wp-content\/uploads\/sites\/6\/2022\/05\/\u0539\u0578\u0582\u0580\u0584-\u0578\u0582\u057d\u0578\u0582\u0581\u0579\u0578\u0582\u0570\u056b\u0576\u0565\u0580-560x303.png 560w, https:\/\/akunq.net\/tr\/wp-content\/uploads\/sites\/6\/2022\/05\/\u0539\u0578\u0582\u0580\u0584-\u0578\u0582\u057d\u0578\u0582\u0581\u0579\u0578\u0582\u0570\u056b\u0576\u0565\u0580-260x141.png 260w, https:\/\/akunq.net\/tr\/wp-content\/uploads\/sites\/6\/2022\/05\/\u0539\u0578\u0582\u0580\u0584-\u0578\u0582\u057d\u0578\u0582\u0581\u0579\u0578\u0582\u0570\u056b\u0576\u0565\u0580-160x87.png 160w, https:\/\/akunq.net\/tr\/wp-content\/uploads\/sites\/6\/2022\/05\/\u0539\u0578\u0582\u0580\u0584-\u0578\u0582\u057d\u0578\u0582\u0581\u0579\u0578\u0582\u0570\u056b\u0576\u0565\u0580.png 680w\" sizes=\"auto, (max-width: 360px) 100vw, 360px\" \/><\/p>\n<p><em><strong>Haber Merkezi \u2013<\/strong>\u00a0<strong>Erzurum\u2019un Karayaz\u0131 il\u00e7esinde sosyal medya \u00fczerinde K\u00fcrt\u00e7e\u2019ye hakaret i\u00e7erikli payla\u015f\u0131mda bulunan 4 kad\u0131n \u00f6\u011fretmen hakk\u0131nda adli ve idari soru\u015fturma ba\u015flat\u0131ld\u0131.<\/strong><\/em><\/p>\n<p>\u00d6nceki g\u00fcn sosyal medya \u00fczerinde Karayaz\u0131 giri\u015findeki K\u00fcrt\u00e7e ve T\u00fcrk\u00e7e &#8220;Ho\u015f geldiniz&#8221; yaz\u0131l\u0131 tabela \u00f6n\u00fcnde foto\u011fraf payla\u015fan 4 kad\u0131n \u00f6\u011fretmen \u201cTabelan\u0131n \u00f6b\u00fcr taraf\u0131nda \u201cho\u015fgeldiniz yaz\u0131yor, ama ona hareketimiz belli\u201d payla\u015f\u0131m\u0131 yapm\u0131\u015ft\u0131.<\/p>\n<p>Tabelan\u0131n \u00f6b\u00fcr taraf\u0131nda K\u00fcrt\u00e7e \u201cX\u00ear hatin\u201d yaz\u0131lan ibareye tekmeli \u015fekilde poz vermesi sosyal medyada tepkiyle kar\u015f\u0131land\u0131.<\/p>\n<p>Bir\u00e7ok sosyal medya kullan\u0131c\u0131s\u0131 K\u00fcrt\u00e7e\u2019ye hakaret i\u00e7erikli payla\u015f\u0131m\u0131\u00a0\u00a0yapan \u00f6\u011fretmenler hakk\u0131nda soru\u015fturma istedi.<\/p>\n<p>Avukat Bi\u015far Abdi Al\u0131nak da bunlardan biriydi.<\/p>\n<p>Al\u0131nak, Twitter hesab\u0131ndan \u00f6\u011fretmenlerin foto\u011fraf\u0131n\u0131 payla\u015f\u0131p T\u00fcrkiye Milli E\u011fitim Bakanl\u0131\u011f\u0131\u2019n\u0131 etiketledi\u011fi payla\u015f\u0131m\u0131nda, \u015fu ifadeleri kulland\u0131:<\/p>\n<p>\u201cErzurum Karayaz\u0131\u2019daki \u00f6\u011fretmenlerin(!)K\u00fcrt\u00e7e tabelaya kar\u015f\u0131 yapt\u0131klar\u0131 kirli payla\u015f\u0131ma bak\u0131n!Bunlar e\u011fitimci olacak ve \u00e7ocuklar\u0131m\u0131za e\u011fitim verecek \u00f6yle mi? K\u00fcrt\u00e7e\u2019den nefret edenlere ne K\u00fcrt \u00e7ocuklar\u0131 ne de ba\u015fka bir \u00e7ocuk teslim edilemez. @tcmeb g\u00f6revini yap ve G\u00d6REVDEN AL.\u201d<\/p>\n<div class=\"twitter-tweet twitter-tweet-rendered\"><iframe id=\"twitter-widget-0\" class=\"\" title=\"Twitter Tweet\" src=\"https:\/\/platform.twitter.com\/embed\/Tweet.html?dnt=false&amp;embedId=twitter-widget-0&amp;features=eyJ0ZndfZXhwZXJpbWVudHNfY29va2llX2V4cGlyYXRpb24iOnsiYnVja2V0IjoxMjA5NjAwLCJ2ZXJzaW9uIjpudWxsfSwidGZ3X3NwYWNlX2NhcmQiOnsiYnVja2V0Ijoib2ZmIiwidmVyc2lvbiI6bnVsbH19&amp;frame=false&amp;hideCard=false&amp;hideThread=false&amp;id=1521283606370525184&amp;lang=en&amp;origin=https%3A%2F%2Fwww.rudaw.net%2Fturkish%2Fkurdistan%2F030520227&amp;sessionId=12f4123a96d65a94d2fd7ed9c29651a02804447d&amp;theme=light&amp;widgetsVersion=c8fe9736dd6fb%3A1649830956492&amp;width=460px\" frameborder=\"0\" scrolling=\"no\" allowfullscreen=\"allowfullscreen\" data-tweet-id=\"1521283606370525184\" data-mce-fragment=\"1\"><\/iframe><\/div>\n<p>Mardin Barosu Dilsel ve K\u00fclt\u00fcrel Haklar Komisyonu resmi Twitter hesab\u0131nda yapt\u0131\u011f\u0131 a\u00e7\u0131klamada \u201cErzurum\u2019un Karayaz\u0131 il\u00e7esinde \u00f6\u011fretmen olan ki\u015filer sosyal medya \u00fczerinden K\u00fcrt\u00e7eye y\u00f6nelik hakaret i\u00e7erikli davran\u0131\u015f ve s\u00f6ylemlerde bulunmu\u015flard\u0131r. \u0130lgililerin bu eylemleri ayr\u0131mc\u0131l\u0131k ve nefret su\u00e7unu olu\u015fturmaktad\u0131r\u201d \u015feklinde tepki g\u00f6sterdi.<\/p>\n<div class=\"twitter-tweet twitter-tweet-rendered\"><iframe id=\"twitter-widget-1\" class=\"\" title=\"Twitter Tweet\" src=\"https:\/\/platform.twitter.com\/embed\/Tweet.html?dnt=false&amp;embedId=twitter-widget-1&amp;features=eyJ0ZndfZXhwZXJpbWVudHNfY29va2llX2V4cGlyYXRpb24iOnsiYnVja2V0IjoxMjA5NjAwLCJ2ZXJzaW9uIjpudWxsfSwidGZ3X3NwYWNlX2NhcmQiOnsiYnVja2V0Ijoib2ZmIiwidmVyc2lvbiI6bnVsbH19&amp;frame=false&amp;hideCard=false&amp;hideThread=false&amp;id=1521417957976514562&amp;lang=en&amp;origin=https%3A%2F%2Fwww.rudaw.net%2Fturkish%2Fkurdistan%2F030520227&amp;sessionId=12f4123a96d65a94d2fd7ed9c29651a02804447d&amp;theme=light&amp;widgetsVersion=c8fe9736dd6fb%3A1649830956492&amp;width=550px\" frameborder=\"0\" scrolling=\"no\" allowfullscreen=\"allowfullscreen\" data-tweet-id=\"1521417957976514562\" data-mce-fragment=\"1\"><\/iframe><\/div>\n<p>Sosyal medyada gelen tepkiler ard\u0131ndan \u0130l\u00e7e Milli E\u011fitim M\u00fcd\u00fcrl\u00fc\u011f\u00fcnden yap\u0131lan a\u00e7\u0131klamada, 4 \u00f6\u011fretmenin, Karayaz\u0131 giri\u015findeki K\u00fcrt\u00e7e ve T\u00fcrk\u00e7e &#8220;Ho\u015f geldiniz&#8221; yaz\u0131l\u0131 tabela \u00f6n\u00fcnde uygunsuz foto\u011fraf \u00e7ekerek sosyal medyadan payla\u015ft\u0131\u011f\u0131 a\u00e7\u0131klamas\u0131 geldi.<\/p>\n<p>A\u00e7\u0131klamada, payla\u015f\u0131m \u00fczerine Kaymakaml\u0131k ve \u0130l\u00e7e Milli E\u011fitim M\u00fcd\u00fcrl\u00fc\u011f\u00fcnce \u00f6\u011fretmenler hakk\u0131nda adli ve idari soru\u015fturma ba\u015flat\u0131ld\u0131\u011f\u0131 bildirildi.<\/p>\n<div class=\"twitter-tweet twitter-tweet-rendered\"><iframe id=\"twitter-widget-2\" class=\"\" title=\"Twitter Tweet\" src=\"https:\/\/platform.twitter.com\/embed\/Tweet.html?dnt=false&amp;embedId=twitter-widget-2&amp;features=eyJ0ZndfZXhwZXJpbWVudHNfY29va2llX2V4cGlyYXRpb24iOnsiYnVja2V0IjoxMjA5NjAwLCJ2ZXJzaW9uIjpudWxsfSwidGZ3X3NwYWNlX2NhcmQiOnsiYnVja2V0Ijoib2ZmIiwidmVyc2lvbiI6bnVsbH19&amp;frame=false&amp;hideCard=false&amp;hideThread=false&amp;id=1521400357959704579&amp;lang=en&amp;origin=https%3A%2F%2Fwww.rudaw.net%2Fturkish%2Fkurdistan%2F030520227&amp;sessionId=12f4123a96d65a94d2fd7ed9c29651a02804447d&amp;theme=light&amp;widgetsVersion=c8fe9736dd6fb%3A1649830956492&amp;width=550px\" frameborder=\"0\" scrolling=\"no\" allowfullscreen=\"allowfullscreen\" data-tweet-id=\"1521400357959704579\" data-mce-fragment=\"1\"><\/iframe><\/div>\n<div><em><strong>https:\/\/www.rudaw.net\/turkish\/kurdistan\/030520227\u00a0<\/strong><\/em><\/div>\n<\/div>\n<\/div>\n","protected":false},"excerpt":{"rendered":"<p>Haber Merkezi \u2013\u00a0Erzurum\u2019un Karayaz\u0131 il\u00e7esinde sosyal medya \u00fczerinde K\u00fcrt\u00e7e\u2019ye hakaret i\u00e7erikli payla\u015f\u0131mda bulunan 4 kad\u0131n \u00f6\u011fretmen hakk\u0131nda adli ve idari soru\u015fturma ba\u015flat\u0131ld\u0131. \u00d6nceki g\u00fcn sosyal medya \u00fczerinde Karayaz\u0131 giri\u015findeki K\u00fcrt\u00e7e ve T\u00fcrk\u00e7e &#8220;Ho\u015f geldiniz&#8221; yaz\u0131l\u0131 tabela \u00f6n\u00fcnde foto\u011fraf payla\u015fan 4 kad\u0131n \u00f6\u011fretmen \u201cTabelan\u0131n \u00f6b\u00fcr taraf\u0131nda \u201cho\u015fgeldiniz yaz\u0131yor, ama ona hareketimiz belli\u201d payla\u015f\u0131m\u0131 yapm\u0131\u015ft\u0131. Tabelan\u0131n \u00f6b\u00fcr [&hellip;]<\/p>\n","protected":false},"author":7,"featured_media":68352,"comment_status":"open","ping_status":"open","sticky":false,"template":"","format":"standard","meta":{"footnotes":""},"categories":[1,53],"tags":[],"class_list":["post-68351","post","type-post","status-publish","format-standard","has-post-thumbnail","hentry","category-haberler","category-turkiyede-azinliklar"],"yoast_head":"<!-- This site is optimized with the Yoast SEO plugin v27.4 - https:\/\/yoast.com\/product\/yoast-seo-wordpress\/ -->\n<title>Erzurum\u2019da \u2018K\u00fcrt\u00e7e\u2019ye hakaret eden kad\u0131n \u00f6\u011fretmenlere soru\u015fturma - Bati Ermenistan Ve Bati Ermenileri Sorunlari Ara\u015ftirmalar Merkezi<\/title>\n<meta name=\"robots\" content=\"index, follow, max-snippet:-1, max-image-preview:large, max-video-preview:-1\" \/>\n<link rel=\"canonical\" href=\"https:\/\/akunq.net\/tr\/?p=68351\" \/>\n<meta property=\"og:locale\" content=\"en_US\" \/>\n<meta property=\"og:type\" content=\"article\" \/>\n<meta property=\"og:title\" content=\"Erzurum\u2019da \u2018K\u00fcrt\u00e7e\u2019ye hakaret eden kad\u0131n \u00f6\u011fretmenlere soru\u015fturma - Bati Ermenistan Ve Bati Ermenileri Sorunlari Ara\u015ftirmalar Merkezi\" \/>\n<meta property=\"og:description\" content=\"Haber Merkezi \u2013\u00a0Erzurum\u2019un Karayaz\u0131 il\u00e7esinde sosyal medya \u00fczerinde K\u00fcrt\u00e7e\u2019ye hakaret i\u00e7erikli payla\u015f\u0131mda bulunan 4 kad\u0131n \u00f6\u011fretmen hakk\u0131nda adli ve idari soru\u015fturma ba\u015flat\u0131ld\u0131. \u00d6nceki g\u00fcn sosyal medya \u00fczerinde Karayaz\u0131 giri\u015findeki K\u00fcrt\u00e7e ve T\u00fcrk\u00e7e &#8220;Ho\u015f geldiniz&#8221; yaz\u0131l\u0131 tabela \u00f6n\u00fcnde foto\u011fraf payla\u015fan 4 kad\u0131n \u00f6\u011fretmen \u201cTabelan\u0131n \u00f6b\u00fcr taraf\u0131nda \u201cho\u015fgeldiniz yaz\u0131yor, ama ona hareketimiz belli\u201d payla\u015f\u0131m\u0131 yapm\u0131\u015ft\u0131. Tabelan\u0131n \u00f6b\u00fcr [&hellip;]\" \/>\n<meta property=\"og:url\" content=\"https:\/\/akunq.net\/tr\/?p=68351\" \/>\n<meta property=\"og:site_name\" content=\"Bati Ermenistan Ve Bati Ermenileri Sorunlari Ara\u015ftirmalar Merkezi\" \/>\n<meta property=\"article:published_time\" content=\"2022-05-04T07:14:03+00:00\" \/>\n<meta property=\"og:image\" content=\"https:\/\/akunq.net\/tr\/wp-content\/uploads\/sites\/6\/2022\/05\/\u0539\u0578\u0582\u0580\u0584-\u0578\u0582\u057d\u0578\u0582\u0581\u0579\u0578\u0582\u0570\u056b\u0576\u0565\u0580.png\" \/>\n\t<meta property=\"og:image:width\" content=\"680\" \/>\n\t<meta property=\"og:image:height\" content=\"368\" \/>\n\t<meta property=\"og:image:type\" content=\"image\/png\" \/>\n<meta name=\"author\" content=\"admin\" \/>\n<meta name=\"twitter:card\" content=\"summary_large_image\" \/>\n<meta name=\"twitter:label1\" content=\"Written by\" \/>\n\t<meta name=\"twitter:data1\" content=\"admin\" \/>\n\t<meta name=\"twitter:label2\" content=\"Est. reading time\" \/>\n\t<meta name=\"twitter:data2\" content=\"2 minutes\" \/>\n<script type=\"application\/ld+json\" class=\"yoast-schema-graph\">{\"@context\":\"https:\\\/\\\/schema.org\",\"@graph\":[{\"@type\":\"Article\",\"@id\":\"https:\\\/\\\/akunq.net\\\/tr\\\/?p=68351#article\",\"isPartOf\":{\"@id\":\"https:\\\/\\\/akunq.net\\\/tr\\\/?p=68351\"},\"author\":{\"name\":\"admin\",\"@id\":\"https:\\\/\\\/akunq.net\\\/tr\\\/#\\\/schema\\\/person\\\/096f1d38a12cce57fb855b485ed24c9e\"},\"headline\":\"Erzurum\u2019da \u2018K\u00fcrt\u00e7e\u2019ye hakaret eden kad\u0131n \u00f6\u011fretmenlere soru\u015fturma\",\"datePublished\":\"2022-05-04T07:14:03+00:00\",\"mainEntityOfPage\":{\"@id\":\"https:\\\/\\\/akunq.net\\\/tr\\\/?p=68351\"},\"wordCount\":375,\"commentCount\":0,\"image\":{\"@id\":\"https:\\\/\\\/akunq.net\\\/tr\\\/?p=68351#primaryimage\"},\"thumbnailUrl\":\"https:\\\/\\\/akunq.net\\\/tr\\\/wp-content\\\/uploads\\\/sites\\\/6\\\/2022\\\/05\\\/\u0539\u0578\u0582\u0580\u0584-\u0578\u0582\u057d\u0578\u0582\u0581\u0579\u0578\u0582\u0570\u056b\u0576\u0565\u0580.png\",\"articleSection\":[\"Haberler\",\"T\u00fcrkiye\u2019de Az\u0131nl\u0131klar\"],\"inLanguage\":\"en-US\",\"potentialAction\":[{\"@type\":\"CommentAction\",\"name\":\"Comment\",\"target\":[\"https:\\\/\\\/akunq.net\\\/tr\\\/?p=68351#respond\"]}]},{\"@type\":\"WebPage\",\"@id\":\"https:\\\/\\\/akunq.net\\\/tr\\\/?p=68351\",\"url\":\"https:\\\/\\\/akunq.net\\\/tr\\\/?p=68351\",\"name\":\"Erzurum\u2019da \u2018K\u00fcrt\u00e7e\u2019ye hakaret eden kad\u0131n \u00f6\u011fretmenlere soru\u015fturma - Bati Ermenistan Ve Bati Ermenileri Sorunlari Ara\u015ftirmalar Merkezi\",\"isPartOf\":{\"@id\":\"https:\\\/\\\/akunq.net\\\/tr\\\/#website\"},\"primaryImageOfPage\":{\"@id\":\"https:\\\/\\\/akunq.net\\\/tr\\\/?p=68351#primaryimage\"},\"image\":{\"@id\":\"https:\\\/\\\/akunq.net\\\/tr\\\/?p=68351#primaryimage\"},\"thumbnailUrl\":\"https:\\\/\\\/akunq.net\\\/tr\\\/wp-content\\\/uploads\\\/sites\\\/6\\\/2022\\\/05\\\/\u0539\u0578\u0582\u0580\u0584-\u0578\u0582\u057d\u0578\u0582\u0581\u0579\u0578\u0582\u0570\u056b\u0576\u0565\u0580.png\",\"datePublished\":\"2022-05-04T07:14:03+00:00\",\"author\":{\"@id\":\"https:\\\/\\\/akunq.net\\\/tr\\\/#\\\/schema\\\/person\\\/096f1d38a12cce57fb855b485ed24c9e\"},\"breadcrumb\":{\"@id\":\"https:\\\/\\\/akunq.net\\\/tr\\\/?p=68351#breadcrumb\"},\"inLanguage\":\"en-US\",\"potentialAction\":[{\"@type\":\"ReadAction\",\"target\":[\"https:\\\/\\\/akunq.net\\\/tr\\\/?p=68351\"]}]},{\"@type\":\"ImageObject\",\"inLanguage\":\"en-US\",\"@id\":\"https:\\\/\\\/akunq.net\\\/tr\\\/?p=68351#primaryimage\",\"url\":\"https:\\\/\\\/akunq.net\\\/tr\\\/wp-content\\\/uploads\\\/sites\\\/6\\\/2022\\\/05\\\/\u0539\u0578\u0582\u0580\u0584-\u0578\u0582\u057d\u0578\u0582\u0581\u0579\u0578\u0582\u0570\u056b\u0576\u0565\u0580.png\",\"contentUrl\":\"https:\\\/\\\/akunq.net\\\/tr\\\/wp-content\\\/uploads\\\/sites\\\/6\\\/2022\\\/05\\\/\u0539\u0578\u0582\u0580\u0584-\u0578\u0582\u057d\u0578\u0582\u0581\u0579\u0578\u0582\u0570\u056b\u0576\u0565\u0580.png\",\"width\":680,\"height\":368},{\"@type\":\"BreadcrumbList\",\"@id\":\"https:\\\/\\\/akunq.net\\\/tr\\\/?p=68351#breadcrumb\",\"itemListElement\":[{\"@type\":\"ListItem\",\"position\":1,\"name\":\"Home\",\"item\":\"https:\\\/\\\/akunq.net\\\/tr\"},{\"@type\":\"ListItem\",\"position\":2,\"name\":\"Erzurum\u2019da \u2018K\u00fcrt\u00e7e\u2019ye hakaret eden kad\u0131n \u00f6\u011fretmenlere soru\u015fturma\"}]},{\"@type\":\"WebSite\",\"@id\":\"https:\\\/\\\/akunq.net\\\/tr\\\/#website\",\"url\":\"https:\\\/\\\/akunq.net\\\/tr\\\/\",\"name\":\"Bati Ermenistan Ve Bati Ermenileri Sorunlari Ara\u015ftirmalar Merkezi\",\"description\":\"\",\"potentialAction\":[{\"@type\":\"SearchAction\",\"target\":{\"@type\":\"EntryPoint\",\"urlTemplate\":\"https:\\\/\\\/akunq.net\\\/tr\\\/?s={search_term_string}\"},\"query-input\":{\"@type\":\"PropertyValueSpecification\",\"valueRequired\":true,\"valueName\":\"search_term_string\"}}],\"inLanguage\":\"en-US\"},{\"@type\":\"Person\",\"@id\":\"https:\\\/\\\/akunq.net\\\/tr\\\/#\\\/schema\\\/person\\\/096f1d38a12cce57fb855b485ed24c9e\",\"name\":\"admin\",\"url\":\"https:\\\/\\\/akunq.net\\\/tr\\\/?author=7\"}]}<\/script>\n<!-- \/ Yoast SEO plugin. -->","yoast_head_json":{"title":"Erzurum\u2019da \u2018K\u00fcrt\u00e7e\u2019ye hakaret eden kad\u0131n \u00f6\u011fretmenlere soru\u015fturma - Bati Ermenistan Ve Bati Ermenileri Sorunlari Ara\u015ftirmalar Merkezi","robots":{"index":"index","follow":"follow","max-snippet":"max-snippet:-1","max-image-preview":"max-image-preview:large","max-video-preview":"max-video-preview:-1"},"canonical":"https:\/\/akunq.net\/tr\/?p=68351","og_locale":"en_US","og_type":"article","og_title":"Erzurum\u2019da \u2018K\u00fcrt\u00e7e\u2019ye hakaret eden kad\u0131n \u00f6\u011fretmenlere soru\u015fturma - Bati Ermenistan Ve Bati Ermenileri Sorunlari Ara\u015ftirmalar Merkezi","og_description":"Haber Merkezi \u2013\u00a0Erzurum\u2019un Karayaz\u0131 il\u00e7esinde sosyal medya \u00fczerinde K\u00fcrt\u00e7e\u2019ye hakaret i\u00e7erikli payla\u015f\u0131mda bulunan 4 kad\u0131n \u00f6\u011fretmen hakk\u0131nda adli ve idari soru\u015fturma ba\u015flat\u0131ld\u0131. \u00d6nceki g\u00fcn sosyal medya \u00fczerinde Karayaz\u0131 giri\u015findeki K\u00fcrt\u00e7e ve T\u00fcrk\u00e7e &#8220;Ho\u015f geldiniz&#8221; yaz\u0131l\u0131 tabela \u00f6n\u00fcnde foto\u011fraf payla\u015fan 4 kad\u0131n \u00f6\u011fretmen \u201cTabelan\u0131n \u00f6b\u00fcr taraf\u0131nda \u201cho\u015fgeldiniz yaz\u0131yor, ama ona hareketimiz belli\u201d payla\u015f\u0131m\u0131 yapm\u0131\u015ft\u0131. Tabelan\u0131n \u00f6b\u00fcr [&hellip;]","og_url":"https:\/\/akunq.net\/tr\/?p=68351","og_site_name":"Bati Ermenistan Ve Bati Ermenileri Sorunlari Ara\u015ftirmalar Merkezi","article_published_time":"2022-05-04T07:14:03+00:00","og_image":[{"width":680,"height":368,"url":"https:\/\/akunq.net\/tr\/wp-content\/uploads\/sites\/6\/2022\/05\/\u0539\u0578\u0582\u0580\u0584-\u0578\u0582\u057d\u0578\u0582\u0581\u0579\u0578\u0582\u0570\u056b\u0576\u0565\u0580.png","type":"image\/png"}],"author":"admin","twitter_card":"summary_large_image","twitter_misc":{"Written by":"admin","Est. reading time":"2 minutes"},"schema":{"@context":"https:\/\/schema.org","@graph":[{"@type":"Article","@id":"https:\/\/akunq.net\/tr\/?p=68351#article","isPartOf":{"@id":"https:\/\/akunq.net\/tr\/?p=68351"},"author":{"name":"admin","@id":"https:\/\/akunq.net\/tr\/#\/schema\/person\/096f1d38a12cce57fb855b485ed24c9e"},"headline":"Erzurum\u2019da \u2018K\u00fcrt\u00e7e\u2019ye hakaret eden kad\u0131n \u00f6\u011fretmenlere soru\u015fturma","datePublished":"2022-05-04T07:14:03+00:00","mainEntityOfPage":{"@id":"https:\/\/akunq.net\/tr\/?p=68351"},"wordCount":375,"commentCount":0,"image":{"@id":"https:\/\/akunq.net\/tr\/?p=68351#primaryimage"},"thumbnailUrl":"https:\/\/akunq.net\/tr\/wp-content\/uploads\/sites\/6\/2022\/05\/\u0539\u0578\u0582\u0580\u0584-\u0578\u0582\u057d\u0578\u0582\u0581\u0579\u0578\u0582\u0570\u056b\u0576\u0565\u0580.png","articleSection":["Haberler","T\u00fcrkiye\u2019de Az\u0131nl\u0131klar"],"inLanguage":"en-US","potentialAction":[{"@type":"CommentAction","name":"Comment","target":["https:\/\/akunq.net\/tr\/?p=68351#respond"]}]},{"@type":"WebPage","@id":"https:\/\/akunq.net\/tr\/?p=68351","url":"https:\/\/akunq.net\/tr\/?p=68351","name":"Erzurum\u2019da \u2018K\u00fcrt\u00e7e\u2019ye hakaret eden kad\u0131n \u00f6\u011fretmenlere soru\u015fturma - Bati Ermenistan Ve Bati Ermenileri Sorunlari Ara\u015ftirmalar Merkezi","isPartOf":{"@id":"https:\/\/akunq.net\/tr\/#website"},"primaryImageOfPage":{"@id":"https:\/\/akunq.net\/tr\/?p=68351#primaryimage"},"image":{"@id":"https:\/\/akunq.net\/tr\/?p=68351#primaryimage"},"thumbnailUrl":"https:\/\/akunq.net\/tr\/wp-content\/uploads\/sites\/6\/2022\/05\/\u0539\u0578\u0582\u0580\u0584-\u0578\u0582\u057d\u0578\u0582\u0581\u0579\u0578\u0582\u0570\u056b\u0576\u0565\u0580.png","datePublished":"2022-05-04T07:14:03+00:00","author":{"@id":"https:\/\/akunq.net\/tr\/#\/schema\/person\/096f1d38a12cce57fb855b485ed24c9e"},"breadcrumb":{"@id":"https:\/\/akunq.net\/tr\/?p=68351#breadcrumb"},"inLanguage":"en-US","potentialAction":[{"@type":"ReadAction","target":["https:\/\/akunq.net\/tr\/?p=68351"]}]},{"@type":"ImageObject","inLanguage":"en-US","@id":"https:\/\/akunq.net\/tr\/?p=68351#primaryimage","url":"https:\/\/akunq.net\/tr\/wp-content\/uploads\/sites\/6\/2022\/05\/\u0539\u0578\u0582\u0580\u0584-\u0578\u0582\u057d\u0578\u0582\u0581\u0579\u0578\u0582\u0570\u056b\u0576\u0565\u0580.png","contentUrl":"https:\/\/akunq.net\/tr\/wp-content\/uploads\/sites\/6\/2022\/05\/\u0539\u0578\u0582\u0580\u0584-\u0578\u0582\u057d\u0578\u0582\u0581\u0579\u0578\u0582\u0570\u056b\u0576\u0565\u0580.png","width":680,"height":368},{"@type":"BreadcrumbList","@id":"https:\/\/akunq.net\/tr\/?p=68351#breadcrumb","itemListElement":[{"@type":"ListItem","position":1,"name":"Home","item":"https:\/\/akunq.net\/tr"},{"@type":"ListItem","position":2,"name":"Erzurum\u2019da \u2018K\u00fcrt\u00e7e\u2019ye hakaret eden kad\u0131n \u00f6\u011fretmenlere soru\u015fturma"}]},{"@type":"WebSite","@id":"https:\/\/akunq.net\/tr\/#website","url":"https:\/\/akunq.net\/tr\/","name":"Bati Ermenistan Ve Bati Ermenileri Sorunlari Ara\u015ftirmalar Merkezi","description":"","potentialAction":[{"@type":"SearchAction","target":{"@type":"EntryPoint","urlTemplate":"https:\/\/akunq.net\/tr\/?s={search_term_string}"},"query-input":{"@type":"PropertyValueSpecification","valueRequired":true,"valueName":"search_term_string"}}],"inLanguage":"en-US"},{"@type":"Person","@id":"https:\/\/akunq.net\/tr\/#\/schema\/person\/096f1d38a12cce57fb855b485ed24c9e","name":"admin","url":"https:\/\/akunq.net\/tr\/?author=7"}]}},"_links":{"self":[{"href":"https:\/\/akunq.net\/tr\/index.php?rest_route=\/wp\/v2\/posts\/68351","targetHints":{"allow":["GET"]}}],"collection":[{"href":"https:\/\/akunq.net\/tr\/index.php?rest_route=\/wp\/v2\/posts"}],"about":[{"href":"https:\/\/akunq.net\/tr\/index.php?rest_route=\/wp\/v2\/types\/post"}],"author":[{"embeddable":true,"href":"https:\/\/akunq.net\/tr\/index.php?rest_route=\/wp\/v2\/users\/7"}],"replies":[{"embeddable":true,"href":"https:\/\/akunq.net\/tr\/index.php?rest_route=%2Fwp%2Fv2%2Fcomments&post=68351"}],"version-history":[{"count":1,"href":"https:\/\/akunq.net\/tr\/index.php?rest_route=\/wp\/v2\/posts\/68351\/revisions"}],"predecessor-version":[{"id":68353,"href":"https:\/\/akunq.net\/tr\/index.php?rest_route=\/wp\/v2\/posts\/68351\/revisions\/68353"}],"wp:featuredmedia":[{"embeddable":true,"href":"https:\/\/akunq.net\/tr\/index.php?rest_route=\/wp\/v2\/media\/68352"}],"wp:attachment":[{"href":"https:\/\/akunq.net\/tr\/index.php?rest_route=%2Fwp%2Fv2%2Fmedia&parent=68351"}],"wp:term":[{"taxonomy":"category","embeddable":true,"href":"https:\/\/akunq.net\/tr\/index.php?rest_route=%2Fwp%2Fv2%2Fcategories&post=68351"},{"taxonomy":"post_tag","embeddable":true,"href":"https:\/\/akunq.net\/tr\/index.php?rest_route=%2Fwp%2Fv2%2Ftags&post=68351"}],"curies":[{"name":"wp","href":"https:\/\/api.w.org\/{rel}","templated":true}]}}