{"id":68348,"date":"2022-05-04T02:07:41","date_gmt":"2022-05-04T07:07:41","guid":{"rendered":"https:\/\/akunq.net\/tr\/?p=68348"},"modified":"2022-05-04T02:07:41","modified_gmt":"2022-05-04T07:07:41","slug":"sumelaya-ziyaretci-akini-cok-etkileyici-bir-ortam","status":"publish","type":"post","link":"https:\/\/akunq.net\/tr\/?p=68348","title":{"rendered":"S\u00fcmela\u2019ya ziyaret\u00e7i ak\u0131n\u0131! \u2018\u00c7ok etkileyici bir ortam\u2019"},"content":{"rendered":"<p><img loading=\"lazy\" decoding=\"async\" class=\"aligncenter size-medium wp-image-68349\" src=\"https:\/\/akunq.net\/tr\/wp-content\/uploads\/2022\/05\/S\u00fcmela-1-360x240.jpg\" alt=\"\" width=\"360\" height=\"240\" srcset=\"https:\/\/akunq.net\/tr\/wp-content\/uploads\/sites\/6\/2022\/05\/S\u00fcmela-1-360x240.jpg 360w, https:\/\/akunq.net\/tr\/wp-content\/uploads\/sites\/6\/2022\/05\/S\u00fcmela-1-768x512.jpg 768w, https:\/\/akunq.net\/tr\/wp-content\/uploads\/sites\/6\/2022\/05\/S\u00fcmela-1-560x374.jpg 560w, https:\/\/akunq.net\/tr\/wp-content\/uploads\/sites\/6\/2022\/05\/S\u00fcmela-1-260x173.jpg 260w, https:\/\/akunq.net\/tr\/wp-content\/uploads\/sites\/6\/2022\/05\/S\u00fcmela-1-160x107.jpg 160w, https:\/\/akunq.net\/tr\/wp-content\/uploads\/sites\/6\/2022\/05\/S\u00fcmela-1.jpg 1024w\" sizes=\"auto, (max-width: 360px) 100vw, 360px\" \/><\/p>\n<p><strong><em>T\u00fcrkiye\u2019nin en \u00f6nemli inan\u00e7 turizmi merkezlerinden biri olan Trabzon\u2019un Ma\u00e7ka il\u00e7esi Alt\u0131ndere Vadisi\u2019ndeki tarihi S\u00fcmela Manast\u0131r\u0131\u2019nda yakla\u015f\u0131k 6 y\u0131l \u00f6nce ba\u015flayan restorasyon ve kaya g\u00fc\u00e7lendirme \u00e7al\u0131\u015fmalar\u0131nda y\u00fczde 95\u2019lik b\u00f6l\u00fcm\u00fc tamamlanarak ge\u00e7ti\u011fimiz Pazar g\u00fcn\u00fc ziyarete a\u00e7\u0131ld\u0131.<\/em><\/strong><\/p>\n<p>22 Eyl\u00fcl 2015 tarihinde restorasyon \u00e7al\u0131\u015fmalar\u0131 nedeniyle ziyarete kapat\u0131lan S\u00fcmela Manast\u0131r\u0131\u2019nda kaya g\u00fc\u00e7lendirme ve restorasyon \u00e7al\u0131\u015fmalar\u0131 2016 y\u0131l\u0131 \u015eubat ay\u0131nda ba\u015flam\u0131\u015ft\u0131. 24 end\u00fcstriyel da\u011fc\u0131 ve 5 m\u00fchendisin bulundu\u011fun ekip ile ba\u015flayan restorasyon \u00e7al\u0131\u015fmalar\u0131nda \u00e7elik halat \u00e7ekme ve sabitlendirme \u00e7al\u0131\u015fmalar\u0131 yap\u0131l\u0131rken b\u00fcy\u00fck boyutlardaki kaya par\u00e7alar\u0131n\u0131n stabilizasyonunun sa\u011flanmas\u0131 ve sabitlenmesi ger\u00e7ekle\u015ftirildi. Restorasyon \u00e7al\u0131\u015fmalar\u0131nda en iyi ve uzun s\u00fcreli g\u00fcvenlik seviyesine ula\u015ft\u0131r\u0131lmas\u0131 i\u00e7in kaya tutucu bariyerler in\u015fa edilirken Manast\u0131r i\u00e7in b\u00fcy\u00fck tehlike olu\u015fturan 10 bin tonluk kaya 16 metrelik demir ile birle\u015ftirilerek sabitlendirildi.<\/p>\n<p>Yurt i\u00e7i ve yurt d\u0131\u015f\u0131ndan ziyaret\u00e7i ak\u0131n\u0131na u\u011frayan S\u00fcmela Manast\u0131r\u0131, yakla\u015f\u0131k 2 y\u0131l s\u00fcren pandemi d\u00f6nemi ve 6 y\u0131l kadar s\u00fcren restorasyon \u00e7al\u0131\u015fmalar\u0131 dolay\u0131s\u0131yla ziyaret\u00e7i say\u0131s\u0131nda \u00f6nemli \u00f6l\u00e7\u00fcde azalma olmu\u015ftu.<\/p>\n<p>Manast\u0131rda restoran \u00e7al\u0131\u015fmalar\u0131n\u0131n b\u00fcy\u00fck oranda tamamlanmas\u0131n\u0131n ard\u0131ndan bu y\u0131lki turizm sezonunda ziyaret\u00e7i say\u0131s\u0131nda \u00f6nemli oranda art\u0131\u015f ya\u015fanmas\u0131 beklenirken yap\u0131lan tadilat \u00e7al\u0131\u015fmalar\u0131 be\u011fenildi.<\/p>\n<p><strong>\u201c\u00c7OK BE\u011eEND\u0130K\u201d<\/strong><\/p>\n<p>Ziyaret\u00e7ilerden O\u011fuzhan Erg\u00fcn 8 y\u0131l aradan sonra S\u00fcmela\u2019ya geldi\u011fini ifade ederek \u201cAnkara\u2019dan geliyoruz. S\u00fcmela\u2019ya daha \u00f6nce gelmi\u015ftim ancak e\u015fim gelmemi\u015fti. Hem k\u00fclt\u00fcrel bir gezi olsun hem de memleketlerimizi gezelim dedik. Kendi topraklardaki k\u00fclt\u00fcrleri \u00f6\u011frenelim, vesilesi ile Trabzon\u2019a geldik. En son yakla\u015f\u0131k 8 y\u0131l \u00f6nce gelmi\u015ftim. Tadilat g\u00fczel olmu\u015f yap\u0131lan i\u015fleri \u00e7ok be\u011fendik. Kayalar d\u00fc\u015fmesi diye a\u011flarla \u00f6r\u00fclm\u00fc\u015f \u00e7ok ba\u015far\u0131l\u0131 buldum. Geldi\u011fimizden dolay\u0131 mutluyuz\u201d dedi.<\/p>\n<p><strong>\u201c\u00c7OK ETK\u0130LEY\u0130C\u0130 B\u0130R ORTAM\u201d<\/strong><\/p>\n<p>Restorasyon \u00e7al\u0131\u015fmas\u0131n\u0131 be\u011fendi\u011fini belirten Simge Kapusuz, \u201c\u0130stanbul\u2019dan geliyoruz. S\u00fcmela Manast\u0131r\u0131na ve Trabzon\u2019a ilk kez geliyorum buras\u0131 \u00e7ok etkileyici bir ortam. Sislerin aras\u0131nda olmas\u0131 bizi \u00e7ok etkiledi \u00e7ok be\u011fendik. Biraz kalabal\u0131k, gayet memnun kald\u0131k. Kesinlikle bu tarz tarihi yerlerin de\u011ferlendirilmesi, restorasyon \u00e7al\u0131\u015fmas\u0131n\u0131n yap\u0131lmas\u0131 gerekiyordu. \u015eu anda da gayet g\u00fczel olmu\u015f. Orijinal gibi g\u00f6sterilen bir \u00e7al\u0131\u015fma yap\u0131lm\u0131\u015f, gayet g\u00fczel \u00e7ok be\u011fendik\u201d diye konu\u015ftu.<\/p>\n<p>\u0130zmir\u2019den gelen Mustafa \u00c7atal ise \u201c\u0130zmir\u2019den geliyoruz. Trabzon\u2019a ve S\u00fcmela manast\u0131r\u0131na ilk kez geliyorum. Restorasyon \u00e7al\u0131\u015fmalar\u0131nda eksikler olmas\u0131na ra\u011fmen g\u00fczel olmu\u015f . Tamamland\u0131\u011f\u0131nda \u00e7ok daha g\u00fczel olaca\u011f\u0131n\u0131 d\u00fc\u015f\u00fcn\u00fcyorum. Geldi\u011fimiz i\u00e7in \u00e7ok mutluyuz. Yetkililere \u00e7al\u0131\u015fmalar\u0131ndan dolay\u0131 \u00e7ok te\u015fekk\u00fcr ederim\u201d derken, ilk kez S\u00fcmela\u2019y\u0131 ziyarete geldi\u011fini belirten Tu\u011f\u00e7e \u00c7atal ise \u201c\u0130zmir\u2019den geliyorum. Daha \u00f6nce gelmemi\u015ftik, ger\u00e7ekten \u00e7ok g\u00fczel her yeri gezebiliyoruz. Malzemelerde kalkt\u0131\u011f\u0131 zaman \u00e7ok daha g\u00fczel g\u00f6r\u00fcnt\u00fc olacak diye d\u00fc\u015f\u00fcn\u00fcyorum. Yetkililer iyi \u00e7al\u0131\u015fm\u0131\u015f g\u00fczel olmu\u015f. Daha sonra tekrar gelmeyi d\u00fc\u015f\u00fcn\u00fcyoruz. Yollar\u0131m\u0131z biraz daha g\u00fczel olursa \u00e7ok daha iyi olur\u201d ifadelerini kulland\u0131.<\/p>\n<hr \/>\n<p><em><a href=\"https:\/\/www.milliyet.com.tr\/gundem\/sumelaya-ziyaretci-akini-cok-etkileyici-bir-ortam-6748572\" target=\"_blank\" rel=\"noopener noreferrer\">Milliyet Gazetesi<\/a>\u00a0<\/em><\/p>\n","protected":false},"excerpt":{"rendered":"<p>T\u00fcrkiye\u2019nin en \u00f6nemli inan\u00e7 turizmi merkezlerinden biri olan Trabzon\u2019un Ma\u00e7ka il\u00e7esi Alt\u0131ndere Vadisi\u2019ndeki tarihi S\u00fcmela Manast\u0131r\u0131\u2019nda yakla\u015f\u0131k 6 y\u0131l \u00f6nce ba\u015flayan restorasyon ve kaya g\u00fc\u00e7lendirme \u00e7al\u0131\u015fmalar\u0131nda y\u00fczde 95\u2019lik b\u00f6l\u00fcm\u00fc tamamlanarak ge\u00e7ti\u011fimiz Pazar g\u00fcn\u00fc ziyarete a\u00e7\u0131ld\u0131. 22 Eyl\u00fcl 2015 tarihinde restorasyon \u00e7al\u0131\u015fmalar\u0131 nedeniyle ziyarete kapat\u0131lan S\u00fcmela Manast\u0131r\u0131\u2019nda kaya g\u00fc\u00e7lendirme ve restorasyon \u00e7al\u0131\u015fmalar\u0131 2016 y\u0131l\u0131 \u015eubat ay\u0131nda [&hellip;]<\/p>\n","protected":false},"author":7,"featured_media":68349,"comment_status":"open","ping_status":"open","sticky":false,"template":"","format":"standard","meta":{"footnotes":""},"categories":[1],"tags":[],"class_list":["post-68348","post","type-post","status-publish","format-standard","has-post-thumbnail","hentry","category-haberler"],"yoast_head":"<!-- This site is optimized with the Yoast SEO plugin v27.4 - https:\/\/yoast.com\/product\/yoast-seo-wordpress\/ -->\n<title>S\u00fcmela\u2019ya ziyaret\u00e7i ak\u0131n\u0131! \u2018\u00c7ok etkileyici bir ortam\u2019 - Bati Ermenistan Ve Bati Ermenileri Sorunlari Ara\u015ftirmalar Merkezi<\/title>\n<meta name=\"robots\" content=\"index, follow, max-snippet:-1, max-image-preview:large, max-video-preview:-1\" \/>\n<link rel=\"canonical\" href=\"https:\/\/akunq.net\/tr\/?p=68348\" \/>\n<meta property=\"og:locale\" content=\"en_US\" \/>\n<meta property=\"og:type\" content=\"article\" \/>\n<meta property=\"og:title\" content=\"S\u00fcmela\u2019ya ziyaret\u00e7i ak\u0131n\u0131! \u2018\u00c7ok etkileyici bir ortam\u2019 - Bati Ermenistan Ve Bati Ermenileri Sorunlari Ara\u015ftirmalar Merkezi\" \/>\n<meta property=\"og:description\" content=\"T\u00fcrkiye\u2019nin en \u00f6nemli inan\u00e7 turizmi merkezlerinden biri olan Trabzon\u2019un Ma\u00e7ka il\u00e7esi Alt\u0131ndere Vadisi\u2019ndeki tarihi S\u00fcmela Manast\u0131r\u0131\u2019nda yakla\u015f\u0131k 6 y\u0131l \u00f6nce ba\u015flayan restorasyon ve kaya g\u00fc\u00e7lendirme \u00e7al\u0131\u015fmalar\u0131nda y\u00fczde 95\u2019lik b\u00f6l\u00fcm\u00fc tamamlanarak ge\u00e7ti\u011fimiz Pazar g\u00fcn\u00fc ziyarete a\u00e7\u0131ld\u0131. 22 Eyl\u00fcl 2015 tarihinde restorasyon \u00e7al\u0131\u015fmalar\u0131 nedeniyle ziyarete kapat\u0131lan S\u00fcmela Manast\u0131r\u0131\u2019nda kaya g\u00fc\u00e7lendirme ve restorasyon \u00e7al\u0131\u015fmalar\u0131 2016 y\u0131l\u0131 \u015eubat ay\u0131nda [&hellip;]\" \/>\n<meta property=\"og:url\" content=\"https:\/\/akunq.net\/tr\/?p=68348\" \/>\n<meta property=\"og:site_name\" content=\"Bati Ermenistan Ve Bati Ermenileri Sorunlari Ara\u015ftirmalar Merkezi\" \/>\n<meta property=\"article:published_time\" content=\"2022-05-04T07:07:41+00:00\" \/>\n<meta property=\"og:image\" content=\"https:\/\/akunq.net\/tr\/wp-content\/uploads\/sites\/6\/2022\/05\/S\u00fcmela-1.jpg\" \/>\n\t<meta property=\"og:image:width\" content=\"1024\" \/>\n\t<meta property=\"og:image:height\" content=\"683\" \/>\n\t<meta property=\"og:image:type\" content=\"image\/jpeg\" \/>\n<meta name=\"author\" content=\"admin\" \/>\n<meta name=\"twitter:card\" content=\"summary_large_image\" \/>\n<meta name=\"twitter:label1\" content=\"Written by\" \/>\n\t<meta name=\"twitter:data1\" content=\"admin\" \/>\n\t<meta name=\"twitter:label2\" content=\"Est. reading time\" \/>\n\t<meta name=\"twitter:data2\" content=\"3 minutes\" \/>\n<script type=\"application\/ld+json\" class=\"yoast-schema-graph\">{\"@context\":\"https:\\\/\\\/schema.org\",\"@graph\":[{\"@type\":\"Article\",\"@id\":\"https:\\\/\\\/akunq.net\\\/tr\\\/?p=68348#article\",\"isPartOf\":{\"@id\":\"https:\\\/\\\/akunq.net\\\/tr\\\/?p=68348\"},\"author\":{\"name\":\"admin\",\"@id\":\"https:\\\/\\\/akunq.net\\\/tr\\\/#\\\/schema\\\/person\\\/096f1d38a12cce57fb855b485ed24c9e\"},\"headline\":\"S\u00fcmela\u2019ya ziyaret\u00e7i ak\u0131n\u0131! \u2018\u00c7ok etkileyici bir ortam\u2019\",\"datePublished\":\"2022-05-04T07:07:41+00:00\",\"mainEntityOfPage\":{\"@id\":\"https:\\\/\\\/akunq.net\\\/tr\\\/?p=68348\"},\"wordCount\":598,\"commentCount\":0,\"image\":{\"@id\":\"https:\\\/\\\/akunq.net\\\/tr\\\/?p=68348#primaryimage\"},\"thumbnailUrl\":\"https:\\\/\\\/akunq.net\\\/tr\\\/wp-content\\\/uploads\\\/sites\\\/6\\\/2022\\\/05\\\/S\u00fcmela-1.jpg\",\"articleSection\":[\"Haberler\"],\"inLanguage\":\"en-US\",\"potentialAction\":[{\"@type\":\"CommentAction\",\"name\":\"Comment\",\"target\":[\"https:\\\/\\\/akunq.net\\\/tr\\\/?p=68348#respond\"]}]},{\"@type\":\"WebPage\",\"@id\":\"https:\\\/\\\/akunq.net\\\/tr\\\/?p=68348\",\"url\":\"https:\\\/\\\/akunq.net\\\/tr\\\/?p=68348\",\"name\":\"S\u00fcmela\u2019ya ziyaret\u00e7i ak\u0131n\u0131! \u2018\u00c7ok etkileyici bir ortam\u2019 - Bati Ermenistan Ve Bati Ermenileri Sorunlari Ara\u015ftirmalar Merkezi\",\"isPartOf\":{\"@id\":\"https:\\\/\\\/akunq.net\\\/tr\\\/#website\"},\"primaryImageOfPage\":{\"@id\":\"https:\\\/\\\/akunq.net\\\/tr\\\/?p=68348#primaryimage\"},\"image\":{\"@id\":\"https:\\\/\\\/akunq.net\\\/tr\\\/?p=68348#primaryimage\"},\"thumbnailUrl\":\"https:\\\/\\\/akunq.net\\\/tr\\\/wp-content\\\/uploads\\\/sites\\\/6\\\/2022\\\/05\\\/S\u00fcmela-1.jpg\",\"datePublished\":\"2022-05-04T07:07:41+00:00\",\"author\":{\"@id\":\"https:\\\/\\\/akunq.net\\\/tr\\\/#\\\/schema\\\/person\\\/096f1d38a12cce57fb855b485ed24c9e\"},\"breadcrumb\":{\"@id\":\"https:\\\/\\\/akunq.net\\\/tr\\\/?p=68348#breadcrumb\"},\"inLanguage\":\"en-US\",\"potentialAction\":[{\"@type\":\"ReadAction\",\"target\":[\"https:\\\/\\\/akunq.net\\\/tr\\\/?p=68348\"]}]},{\"@type\":\"ImageObject\",\"inLanguage\":\"en-US\",\"@id\":\"https:\\\/\\\/akunq.net\\\/tr\\\/?p=68348#primaryimage\",\"url\":\"https:\\\/\\\/akunq.net\\\/tr\\\/wp-content\\\/uploads\\\/sites\\\/6\\\/2022\\\/05\\\/S\u00fcmela-1.jpg\",\"contentUrl\":\"https:\\\/\\\/akunq.net\\\/tr\\\/wp-content\\\/uploads\\\/sites\\\/6\\\/2022\\\/05\\\/S\u00fcmela-1.jpg\",\"width\":1024,\"height\":683},{\"@type\":\"BreadcrumbList\",\"@id\":\"https:\\\/\\\/akunq.net\\\/tr\\\/?p=68348#breadcrumb\",\"itemListElement\":[{\"@type\":\"ListItem\",\"position\":1,\"name\":\"Home\",\"item\":\"https:\\\/\\\/akunq.net\\\/tr\"},{\"@type\":\"ListItem\",\"position\":2,\"name\":\"S\u00fcmela\u2019ya ziyaret\u00e7i ak\u0131n\u0131! \u2018\u00c7ok etkileyici bir ortam\u2019\"}]},{\"@type\":\"WebSite\",\"@id\":\"https:\\\/\\\/akunq.net\\\/tr\\\/#website\",\"url\":\"https:\\\/\\\/akunq.net\\\/tr\\\/\",\"name\":\"Bati Ermenistan Ve Bati Ermenileri Sorunlari Ara\u015ftirmalar Merkezi\",\"description\":\"\",\"potentialAction\":[{\"@type\":\"SearchAction\",\"target\":{\"@type\":\"EntryPoint\",\"urlTemplate\":\"https:\\\/\\\/akunq.net\\\/tr\\\/?s={search_term_string}\"},\"query-input\":{\"@type\":\"PropertyValueSpecification\",\"valueRequired\":true,\"valueName\":\"search_term_string\"}}],\"inLanguage\":\"en-US\"},{\"@type\":\"Person\",\"@id\":\"https:\\\/\\\/akunq.net\\\/tr\\\/#\\\/schema\\\/person\\\/096f1d38a12cce57fb855b485ed24c9e\",\"name\":\"admin\",\"url\":\"https:\\\/\\\/akunq.net\\\/tr\\\/?author=7\"}]}<\/script>\n<!-- \/ Yoast SEO plugin. -->","yoast_head_json":{"title":"S\u00fcmela\u2019ya ziyaret\u00e7i ak\u0131n\u0131! \u2018\u00c7ok etkileyici bir ortam\u2019 - Bati Ermenistan Ve Bati Ermenileri Sorunlari Ara\u015ftirmalar Merkezi","robots":{"index":"index","follow":"follow","max-snippet":"max-snippet:-1","max-image-preview":"max-image-preview:large","max-video-preview":"max-video-preview:-1"},"canonical":"https:\/\/akunq.net\/tr\/?p=68348","og_locale":"en_US","og_type":"article","og_title":"S\u00fcmela\u2019ya ziyaret\u00e7i ak\u0131n\u0131! \u2018\u00c7ok etkileyici bir ortam\u2019 - Bati Ermenistan Ve Bati Ermenileri Sorunlari Ara\u015ftirmalar Merkezi","og_description":"T\u00fcrkiye\u2019nin en \u00f6nemli inan\u00e7 turizmi merkezlerinden biri olan Trabzon\u2019un Ma\u00e7ka il\u00e7esi Alt\u0131ndere Vadisi\u2019ndeki tarihi S\u00fcmela Manast\u0131r\u0131\u2019nda yakla\u015f\u0131k 6 y\u0131l \u00f6nce ba\u015flayan restorasyon ve kaya g\u00fc\u00e7lendirme \u00e7al\u0131\u015fmalar\u0131nda y\u00fczde 95\u2019lik b\u00f6l\u00fcm\u00fc tamamlanarak ge\u00e7ti\u011fimiz Pazar g\u00fcn\u00fc ziyarete a\u00e7\u0131ld\u0131. 22 Eyl\u00fcl 2015 tarihinde restorasyon \u00e7al\u0131\u015fmalar\u0131 nedeniyle ziyarete kapat\u0131lan S\u00fcmela Manast\u0131r\u0131\u2019nda kaya g\u00fc\u00e7lendirme ve restorasyon \u00e7al\u0131\u015fmalar\u0131 2016 y\u0131l\u0131 \u015eubat ay\u0131nda [&hellip;]","og_url":"https:\/\/akunq.net\/tr\/?p=68348","og_site_name":"Bati Ermenistan Ve Bati Ermenileri Sorunlari Ara\u015ftirmalar Merkezi","article_published_time":"2022-05-04T07:07:41+00:00","og_image":[{"width":1024,"height":683,"url":"https:\/\/akunq.net\/tr\/wp-content\/uploads\/sites\/6\/2022\/05\/S\u00fcmela-1.jpg","type":"image\/jpeg"}],"author":"admin","twitter_card":"summary_large_image","twitter_misc":{"Written by":"admin","Est. reading time":"3 minutes"},"schema":{"@context":"https:\/\/schema.org","@graph":[{"@type":"Article","@id":"https:\/\/akunq.net\/tr\/?p=68348#article","isPartOf":{"@id":"https:\/\/akunq.net\/tr\/?p=68348"},"author":{"name":"admin","@id":"https:\/\/akunq.net\/tr\/#\/schema\/person\/096f1d38a12cce57fb855b485ed24c9e"},"headline":"S\u00fcmela\u2019ya ziyaret\u00e7i ak\u0131n\u0131! \u2018\u00c7ok etkileyici bir ortam\u2019","datePublished":"2022-05-04T07:07:41+00:00","mainEntityOfPage":{"@id":"https:\/\/akunq.net\/tr\/?p=68348"},"wordCount":598,"commentCount":0,"image":{"@id":"https:\/\/akunq.net\/tr\/?p=68348#primaryimage"},"thumbnailUrl":"https:\/\/akunq.net\/tr\/wp-content\/uploads\/sites\/6\/2022\/05\/S\u00fcmela-1.jpg","articleSection":["Haberler"],"inLanguage":"en-US","potentialAction":[{"@type":"CommentAction","name":"Comment","target":["https:\/\/akunq.net\/tr\/?p=68348#respond"]}]},{"@type":"WebPage","@id":"https:\/\/akunq.net\/tr\/?p=68348","url":"https:\/\/akunq.net\/tr\/?p=68348","name":"S\u00fcmela\u2019ya ziyaret\u00e7i ak\u0131n\u0131! \u2018\u00c7ok etkileyici bir ortam\u2019 - Bati Ermenistan Ve Bati Ermenileri Sorunlari Ara\u015ftirmalar Merkezi","isPartOf":{"@id":"https:\/\/akunq.net\/tr\/#website"},"primaryImageOfPage":{"@id":"https:\/\/akunq.net\/tr\/?p=68348#primaryimage"},"image":{"@id":"https:\/\/akunq.net\/tr\/?p=68348#primaryimage"},"thumbnailUrl":"https:\/\/akunq.net\/tr\/wp-content\/uploads\/sites\/6\/2022\/05\/S\u00fcmela-1.jpg","datePublished":"2022-05-04T07:07:41+00:00","author":{"@id":"https:\/\/akunq.net\/tr\/#\/schema\/person\/096f1d38a12cce57fb855b485ed24c9e"},"breadcrumb":{"@id":"https:\/\/akunq.net\/tr\/?p=68348#breadcrumb"},"inLanguage":"en-US","potentialAction":[{"@type":"ReadAction","target":["https:\/\/akunq.net\/tr\/?p=68348"]}]},{"@type":"ImageObject","inLanguage":"en-US","@id":"https:\/\/akunq.net\/tr\/?p=68348#primaryimage","url":"https:\/\/akunq.net\/tr\/wp-content\/uploads\/sites\/6\/2022\/05\/S\u00fcmela-1.jpg","contentUrl":"https:\/\/akunq.net\/tr\/wp-content\/uploads\/sites\/6\/2022\/05\/S\u00fcmela-1.jpg","width":1024,"height":683},{"@type":"BreadcrumbList","@id":"https:\/\/akunq.net\/tr\/?p=68348#breadcrumb","itemListElement":[{"@type":"ListItem","position":1,"name":"Home","item":"https:\/\/akunq.net\/tr"},{"@type":"ListItem","position":2,"name":"S\u00fcmela\u2019ya ziyaret\u00e7i ak\u0131n\u0131! \u2018\u00c7ok etkileyici bir ortam\u2019"}]},{"@type":"WebSite","@id":"https:\/\/akunq.net\/tr\/#website","url":"https:\/\/akunq.net\/tr\/","name":"Bati Ermenistan Ve Bati Ermenileri Sorunlari Ara\u015ftirmalar Merkezi","description":"","potentialAction":[{"@type":"SearchAction","target":{"@type":"EntryPoint","urlTemplate":"https:\/\/akunq.net\/tr\/?s={search_term_string}"},"query-input":{"@type":"PropertyValueSpecification","valueRequired":true,"valueName":"search_term_string"}}],"inLanguage":"en-US"},{"@type":"Person","@id":"https:\/\/akunq.net\/tr\/#\/schema\/person\/096f1d38a12cce57fb855b485ed24c9e","name":"admin","url":"https:\/\/akunq.net\/tr\/?author=7"}]}},"_links":{"self":[{"href":"https:\/\/akunq.net\/tr\/index.php?rest_route=\/wp\/v2\/posts\/68348","targetHints":{"allow":["GET"]}}],"collection":[{"href":"https:\/\/akunq.net\/tr\/index.php?rest_route=\/wp\/v2\/posts"}],"about":[{"href":"https:\/\/akunq.net\/tr\/index.php?rest_route=\/wp\/v2\/types\/post"}],"author":[{"embeddable":true,"href":"https:\/\/akunq.net\/tr\/index.php?rest_route=\/wp\/v2\/users\/7"}],"replies":[{"embeddable":true,"href":"https:\/\/akunq.net\/tr\/index.php?rest_route=%2Fwp%2Fv2%2Fcomments&post=68348"}],"version-history":[{"count":1,"href":"https:\/\/akunq.net\/tr\/index.php?rest_route=\/wp\/v2\/posts\/68348\/revisions"}],"predecessor-version":[{"id":68350,"href":"https:\/\/akunq.net\/tr\/index.php?rest_route=\/wp\/v2\/posts\/68348\/revisions\/68350"}],"wp:featuredmedia":[{"embeddable":true,"href":"https:\/\/akunq.net\/tr\/index.php?rest_route=\/wp\/v2\/media\/68349"}],"wp:attachment":[{"href":"https:\/\/akunq.net\/tr\/index.php?rest_route=%2Fwp%2Fv2%2Fmedia&parent=68348"}],"wp:term":[{"taxonomy":"category","embeddable":true,"href":"https:\/\/akunq.net\/tr\/index.php?rest_route=%2Fwp%2Fv2%2Fcategories&post=68348"},{"taxonomy":"post_tag","embeddable":true,"href":"https:\/\/akunq.net\/tr\/index.php?rest_route=%2Fwp%2Fv2%2Ftags&post=68348"}],"curies":[{"name":"wp","href":"https:\/\/api.w.org\/{rel}","templated":true}]}}