{"id":68345,"date":"2022-05-04T01:53:12","date_gmt":"2022-05-04T06:53:12","guid":{"rendered":"https:\/\/akunq.net\/tr\/?p=68345"},"modified":"2022-05-04T01:53:12","modified_gmt":"2022-05-04T06:53:12","slug":"medeniyetler-sehri-mardin-ve-diyarbakir-turizmde-bayram-bereketi-yasiyor","status":"publish","type":"post","link":"https:\/\/akunq.net\/tr\/?p=68345","title":{"rendered":"Medeniyetler \u015fehri Mardin ve Diyarbak\u0131r turizmde bayram bereketi ya\u015f\u0131yor"},"content":{"rendered":"<div class=\"detay-bg\">\n<div class=\"detay-spot container \">\n<div class=\"detay-spot-category\">\n<p><em><strong>Diyarbak\u0131r Otelciler ve Turizm Derne\u011fi Ba\u015fkan\u0131 Veysi Kaya, &#8220;Kentte ciddi manada turist ak\u0131n\u0131 g\u00f6rmekteyiz. Otellerimizde rezervasyon y\u00fczde 100&#8217;e yakla\u015fmak \u00fczere. Avrupa \u00fclkelerinden ciddi rezervasyonlar alm\u0131\u015f bulunmaktay\u0131z.&#8221; dedi.<\/strong><\/em><\/p>\n<div class=\"row\"><strong>Aziz Aslan, Halil \u0130brahim Sincar\u00a0<\/strong><\/div>\n<\/div>\n<\/div>\n<\/div>\n<div><\/div>\n<div class=\"row detay container\">\n<div class=\"col-md-10\"><img decoding=\"async\" class=\"detay-buyukFoto img-fluid\" src=\"https:\/\/cdnuploads.aa.com.tr\/uploads\/Contents\/2022\/05\/03\/thumbs_b_c_2e8409c2abd07c6068d8762bde2c36e8.jpg?v=115158\" alt=\"Medeniyetler \u015fehri Mardin ve Diyarbak\u0131r turizmde bayram bereketi ya\u015f\u0131yor\" \/><\/p>\n<div>\n<div class=\"sticky-top social-left d-none d-sm-block\"><strong><span style=\"color: #333333; font-family: 'Cantata One', serif; letter-spacing: 0.05em;\">Diyarbakir<\/span><\/strong><\/div>\n<div class=\"detay-icerik\">\n<div class=\"photoembed\">\n<div class=\"w3-content w3-display-container\"><img decoding=\"async\" class=\"mySlides\" title=\"Medeniyetler \u015fehri Mardin ve Diyarbak\u0131r turizmde bayram bereketi ya\u015f\u0131yor\" src=\"https:\/\/cdnuploads.aa.com.tr\/uploads\/PhotoGallery\/2022\/05\/03\/thumbs_b2_72451f142a6eb517fa7723751ab51725.jpg\" \/><button class=\"w3-button w3-black w3-display-left\">\u276e<\/button><button class=\"w3-button w3-black w3-display-right\">\u276f<\/button><\/div>\n<\/div>\n<p>Tarihi yap\u0131lar\u0131 ve inan\u00e7 turizmindeki de\u011ferleriyle son y\u0131llar\u0131n en \u00f6nemli cazibe merkezlerinden Diyarbak\u0131r ve Mardin&#8217;de Ramazan Bayram\u0131&#8217;nda ziyaret\u00e7i yo\u011funlu\u011fu ya\u015fan\u0131yor.<\/p>\n<p>Binlerce y\u0131ld\u0131r farkl\u0131 medeniyetlere be\u015fiklik eden, tarihi ve turistik mekanlar\u0131yla \u00f6n plana \u00e7\u0131kan kadim kentler, bayramda yerli ve yabanc\u0131 turistlerin g\u00f6zdesi oldu.<\/p>\n<p>Farkl\u0131 \u00fclkelerden ve T\u00fcrkiye&#8217;nin de\u011fi\u015fik b\u00f6lgelerinden \u00e7ok say\u0131da ki\u015fi, bayramda rotas\u0131n\u0131 Diyarbak\u0131r ve Mardin&#8217;e \u00e7evirdi.<\/p>\n<p>Kovid-19 tedbirlerinde sa\u011flanan normalle\u015fmeyle hareketlili\u011fin ya\u015fand\u0131\u011f\u0131 tarihi kentlerde bayram dolay\u0131s\u0131yla yo\u011funluk olu\u015ftu.<\/p>\n<p>Diyarbak\u0131r&#8217;daki UNESCO D\u00fcnya Miras\u0131 Listesi&#8217;nde yer alan tarihi surlar, \u0130\u00e7kale M\u00fcze Kompleksi, \u0130slam aleminin 5. Harem-i \u015eerif&#8217;i kabul edilen Ulu Cami, Ong\u00f6zl\u00fc K\u00f6pr\u00fc ve Hasanpa\u015fa Han\u0131, Mardin&#8217;deki tarihi sokak ve caddeler, Mardin M\u00fczesi, Kas\u0131miye Medresesi ile Deyrulzafaran Manast\u0131r\u0131 gibi \u00e7ok say\u0131da tarihi ve k\u00fclt\u00fcrel mekan, yerli ve yabanc\u0131 turistlerle doldu ta\u015ft\u0131.<\/p>\n<h3>&#8220;12 bin y\u0131ll\u0131k tarih burada t\u00fcm misafirlerini bekliyor&#8221;<\/h3>\n<p>Diyarbak\u0131r Otelciler ve Turizm Derne\u011fi Ba\u015fkan\u0131 Veysi Kaya, AA muhabirine, bayram tatilini f\u0131rsat bilen turistlerin, kentin tarihi mekanlar\u0131n\u0131 gezdi\u011fini s\u00f6yledi.<\/p>\n<p>Kaya, &#8220;Kentte ciddi manada turist ak\u0131n\u0131 g\u00f6rmekteyiz. Diyarbak\u0131r&#8217;da \u015fu anda otellerimizde rezervasyon y\u00fczde 100&#8217;e yakla\u015fmak \u00fczere. Kent a\u00e7\u0131k hava m\u00fczesi gibi. 12 bin y\u0131ll\u0131k tarih burada t\u00fcm misafirlerini bekliyor.&#8221; dedi.<\/p>\n<p>Salg\u0131n s\u00fcrecinde yerli ve yabanc\u0131 turist say\u0131s\u0131n\u0131n ciddi oranda d\u00fc\u015ft\u00fc\u011f\u00fcn\u00fc hat\u0131rlatan Kaya, salg\u0131n\u0131n etkisinin azalmas\u0131yla, ge\u00e7en y\u0131l\u0131n ilk \u00e7eyre\u011finde 102 bin yerli turist a\u011f\u0131rlayan kentte bu senenin ayn\u0131 d\u00f6neminde say\u0131n\u0131n 129 bin 700&#8217;e \u00e7\u0131kt\u0131\u011f\u0131n\u0131 aktard\u0131.<\/p>\n<p>Ge\u00e7en sene salg\u0131n \u015fartlar\u0131na ra\u011fmen kente 3 bin 200 yabanc\u0131 turist geldi\u011fini anlatan Kaya, bu y\u0131l ise \u015fimdiden turist say\u0131s\u0131n\u0131n 9 bin 300&#8217;\u00fc ge\u00e7ti\u011fini bildirdi.<\/p>\n<p>Kaya, \u015funlar\u0131 kaydetti:<\/p>\n<p>&#8220;Bu y\u0131l\u0131n ikinci \u00e7eyre\u011finde \u00f6ng\u00f6rd\u00fc\u011f\u00fcm\u00fcz yerli 400 bin, yabanc\u0131 ise en az 70 bin turist. May\u0131sta di\u011fer aylara oranla hareketli g\u00fcnler bekliyoruz. \u00c7\u00fcnk\u00fc bu ayda k\u00fclt\u00fcr turlar\u0131n\u0131n say\u0131s\u0131n\u0131n ciddi manada artt\u0131\u011f\u0131n\u0131 g\u00f6r\u00fcyoruz. Yabanc\u0131 turistlerin de pandeminin etkisinden kurtulma sayesinde rezervasyon yapt\u0131klar\u0131n\u0131 g\u00f6r\u00fcyoruz. Almanya ve \u0130sve\u00e7 ba\u015fta olmak \u00fczere Avrupa \u00fclkelerinden ciddi rezervasyonlar alm\u0131\u015f bulunmaktay\u0131z. Diyarbak\u0131r&#8217;da misafirlerimizi a\u011f\u0131rlamaktan heyecan duymaktay\u0131z. L\u00fctfen 12 bin y\u0131ll\u0131k kadim \u015fehri g\u00f6r\u00fcn.&#8221;<\/p>\n<h3>Amerika&#8217;dan kenti ziyarete geldi<\/h3>\n<p>Amerika&#8217;dan gelen Heather Caveney, arkada\u015flar\u0131n\u0131n tavsiyesi \u00fczerine Diyarbak\u0131r&#8217;\u0131 ziyaret etti\u011fini s\u00f6yledi.<\/p>\n<p>GAP turu kapsam\u0131nda geldi\u011fi kenti 2 g\u00fcnd\u00fcr gezdi\u011fini anlatan Caveney, &#8220;Planlanm\u0131\u015f gezilerimiz var. \u015eu ana kadar g\u00f6rd\u00fcklerim m\u00fckemmel. \u00d6zellikle Diyarbak\u0131r&#8217;da tarif edemeyece\u011fim hisler i\u00e7erisindeyim. \u0130\u00e7imdeki duygunun &#8216;Mutlaka bir g\u00fcn yine buralara geleceksin.&#8217; dedi\u011fini hissediyorum.&#8221; ifadelerini kulland\u0131.<\/p>\n<p>Samsun&#8217;dan ailesi ve arkada\u015flar\u0131yla gelen Filiz Ad\u0131belli ise Diyarbak\u0131r&#8217;\u0131n k\u00fclt\u00fcrel zenginli\u011fiyle \u00e7ok g\u00fczel bir \u015fehir oldu\u011funu belirtti.<\/p>\n<p>Ad\u0131belli, &#8220;\u00c7ok memnun kald\u0131k. \u0130lk kez geliyorum. Herkese gelmesini tavsiye ediyorum. \u0130nsanlar o kadar iyi ve h\u00fcrmetli ki&#8230; K\u00fclt\u00fcrel anlamda \u00e7ok zengin bir memleket. Her \u015feyini \u00e7ok be\u011fendik. Arkada\u015flar\u0131ma &#8216;Buraya yerle\u015febilirim.&#8217; dedim. O kadar be\u011fendim.&#8221; \u015feklinde konu\u015ftu.<\/p>\n<p>Erdo\u011fan Bayrak da Samsun&#8217;dan ailesiyle bayram tatilini ge\u00e7irmek i\u00e7in Diyarbak\u0131r&#8217;a geldi\u011fini s\u00f6yledi.<\/p>\n<p>&#8220;Medeniyetler \u015fehri Diyarbak\u0131r bizi \u015fa\u015f\u0131rtt\u0131. \u0130nsanlar\u0131n bize yakla\u015f\u0131m\u0131 ve ilgisi gayet g\u00fczel. Memnun kald\u0131k.&#8221; diyen Bayrak, herkese Diyarbak\u0131r&#8217;\u0131 ziyaret etmeleri tavsiyesinde bulundu.<\/p>\n<h3>Mardin<\/h3>\n<p>Mardin Valisi Mahmut Demirta\u015f, bu y\u0131l turistlerin yo\u011fun \u015fekilde kenti g\u00f6rmeye geldi\u011fini belirtti.<\/p>\n<p>Demirta\u015f, &#8220;\u015eu an doluluk oran\u0131n\u0131n y\u00fczde 100 oldu\u011funu g\u00f6rmek bizleri \u00e7ok mutlu ediyor. Esnaf\u0131m\u0131z\u0131n y\u00fcz\u00fc g\u00fcl\u00fcyor. Esnaf\u0131m\u0131z durumdan \u00e7ok memnun. \u0130n\u015fallah bundan sonra daha da iyi olaca\u011f\u0131z.&#8221; dedi.<\/p>\n<p>Turizm acentesi yetkilisi \u0130smail Sincar da 15 y\u0131ld\u0131r bu sekt\u00f6rde olduklar\u0131n\u0131 dile getirdi.<\/p>\n<p>Bu bayram \u00e7ok g\u00fczel bir yo\u011funluk ya\u015fand\u0131\u011f\u0131n\u0131 kaydeden Sincar, &#8220;\u00c7ifte bayram kutluyoruz. Mardin&#8217;de turizm a\u00e7\u0131s\u0131ndan ilk kez bu kadar yo\u011fun g\u00fcnler ya\u015f\u0131yoruz.&#8221; ifadelerini kulland\u0131.<\/p>\n<h3>&#8220;Burada oldu\u011fumuz i\u00e7in \u00e7ok mutluyuz&#8221;<\/h3>\n<p>Bayram tatilini Mardin&#8217;de ge\u00e7irmek i\u00e7in Mersin&#8217;den gelen Ali \u00d6zkan, tarihi \u015fehirden \u00e7ok etkilendi\u011fini anlatarak, &#8220;Mardin \u00e7ok g\u00fczel bir yer. Herkese tavsiye ederim. Her yeri birbirinden g\u00fczel.&#8221; diye konu\u015ftu.<\/p>\n<p>Gamze Zeybek ise Adana&#8217;dan turla \u00e7ok merak ettikleri Mardin&#8217;e geldiklerini belirterek, &#8220;\u00c7ok be\u011fendim, tekrar gelmek isterim. Tarih kokan bir yer. Burada oldu\u011fumuz i\u00e7in \u00e7ok mutluyuz. Tarihi yerleri g\u00f6rmek, hissetmek \u00e7ok g\u00fczel. \u0130yi ki gelmi\u015fiz. Herkesin gelip g\u00f6rmesi gerekir.&#8221; dedi.<\/p>\n<p>\u0130stanbul&#8217;dan gelen Sena Nur da G\u00fcneydo\u011fu turu kapsam\u0131nda geldikleri Mardin&#8217;in hem g\u00f6ze hem de g\u00f6n\u00fcllere hitap etti\u011fini, geziden \u00e7ok memnun kald\u0131klar\u0131n\u0131 kaydetti.<\/p>\n<p><em><strong>https:\/\/www.aa.com.tr\/tr\/ekonomi\/medeniyetler-sehri-mardin-ve-diyarbakir-turizmde-bayram-bereketi-yasiyor\/2578550\u00a0<\/strong><\/em><\/p>\n<\/div>\n<\/div>\n<\/div>\n<\/div>\n","protected":false},"excerpt":{"rendered":"<p>Diyarbak\u0131r Otelciler ve Turizm Derne\u011fi Ba\u015fkan\u0131 Veysi Kaya, &#8220;Kentte ciddi manada turist ak\u0131n\u0131 g\u00f6rmekteyiz. Otellerimizde rezervasyon y\u00fczde 100&#8217;e yakla\u015fmak \u00fczere. Avrupa \u00fclkelerinden ciddi rezervasyonlar alm\u0131\u015f bulunmaktay\u0131z.&#8221; dedi. Aziz Aslan, Halil \u0130brahim Sincar\u00a0 Diyarbakir \u276e\u276f Tarihi yap\u0131lar\u0131 ve inan\u00e7 turizmindeki de\u011ferleriyle son y\u0131llar\u0131n en \u00f6nemli cazibe merkezlerinden Diyarbak\u0131r ve Mardin&#8217;de Ramazan Bayram\u0131&#8217;nda ziyaret\u00e7i yo\u011funlu\u011fu ya\u015fan\u0131yor. Binlerce [&hellip;]<\/p>\n","protected":false},"author":7,"featured_media":68346,"comment_status":"open","ping_status":"open","sticky":false,"template":"","format":"standard","meta":{"footnotes":""},"categories":[22,1],"tags":[],"class_list":["post-68345","post","type-post","status-publish","format-standard","has-post-thumbnail","hentry","category-gunumuzde-bati-ermenistan","category-haberler"],"yoast_head":"<!-- This site is optimized with the Yoast SEO plugin v27.4 - https:\/\/yoast.com\/product\/yoast-seo-wordpress\/ -->\n<title>Medeniyetler \u015fehri Mardin ve Diyarbak\u0131r turizmde bayram bereketi ya\u015f\u0131yor - Bati Ermenistan Ve Bati Ermenileri Sorunlari Ara\u015ftirmalar Merkezi<\/title>\n<meta name=\"robots\" content=\"index, follow, max-snippet:-1, max-image-preview:large, max-video-preview:-1\" \/>\n<link rel=\"canonical\" href=\"https:\/\/akunq.net\/tr\/?p=68345\" \/>\n<meta property=\"og:locale\" content=\"en_US\" \/>\n<meta property=\"og:type\" content=\"article\" \/>\n<meta property=\"og:title\" content=\"Medeniyetler \u015fehri Mardin ve Diyarbak\u0131r turizmde bayram bereketi ya\u015f\u0131yor - Bati Ermenistan Ve Bati Ermenileri Sorunlari Ara\u015ftirmalar Merkezi\" \/>\n<meta property=\"og:description\" content=\"Diyarbak\u0131r Otelciler ve Turizm Derne\u011fi Ba\u015fkan\u0131 Veysi Kaya, &#8220;Kentte ciddi manada turist ak\u0131n\u0131 g\u00f6rmekteyiz. Otellerimizde rezervasyon y\u00fczde 100&#8217;e yakla\u015fmak \u00fczere. Avrupa \u00fclkelerinden ciddi rezervasyonlar alm\u0131\u015f bulunmaktay\u0131z.&#8221; dedi. Aziz Aslan, Halil \u0130brahim Sincar\u00a0 Diyarbakir \u276e\u276f Tarihi yap\u0131lar\u0131 ve inan\u00e7 turizmindeki de\u011ferleriyle son y\u0131llar\u0131n en \u00f6nemli cazibe merkezlerinden Diyarbak\u0131r ve Mardin&#8217;de Ramazan Bayram\u0131&#8217;nda ziyaret\u00e7i yo\u011funlu\u011fu ya\u015fan\u0131yor. Binlerce [&hellip;]\" \/>\n<meta property=\"og:url\" content=\"https:\/\/akunq.net\/tr\/?p=68345\" \/>\n<meta property=\"og:site_name\" content=\"Bati Ermenistan Ve Bati Ermenileri Sorunlari Ara\u015ftirmalar Merkezi\" \/>\n<meta property=\"article:published_time\" content=\"2022-05-04T06:53:12+00:00\" \/>\n<meta property=\"og:image\" content=\"https:\/\/akunq.net\/tr\/wp-content\/uploads\/sites\/6\/2022\/05\/Mardin.jpg\" \/>\n\t<meta property=\"og:image:width\" content=\"864\" \/>\n\t<meta property=\"og:image:height\" content=\"486\" \/>\n\t<meta property=\"og:image:type\" content=\"image\/jpeg\" \/>\n<meta name=\"author\" content=\"admin\" \/>\n<meta name=\"twitter:card\" content=\"summary_large_image\" \/>\n<meta name=\"twitter:label1\" content=\"Written by\" \/>\n\t<meta name=\"twitter:data1\" content=\"admin\" \/>\n\t<meta name=\"twitter:label2\" content=\"Est. reading time\" \/>\n\t<meta name=\"twitter:data2\" content=\"4 minutes\" \/>\n<script type=\"application\/ld+json\" class=\"yoast-schema-graph\">{\"@context\":\"https:\\\/\\\/schema.org\",\"@graph\":[{\"@type\":\"Article\",\"@id\":\"https:\\\/\\\/akunq.net\\\/tr\\\/?p=68345#article\",\"isPartOf\":{\"@id\":\"https:\\\/\\\/akunq.net\\\/tr\\\/?p=68345\"},\"author\":{\"name\":\"admin\",\"@id\":\"https:\\\/\\\/akunq.net\\\/tr\\\/#\\\/schema\\\/person\\\/096f1d38a12cce57fb855b485ed24c9e\"},\"headline\":\"Medeniyetler \u015fehri Mardin ve Diyarbak\u0131r turizmde bayram bereketi ya\u015f\u0131yor\",\"datePublished\":\"2022-05-04T06:53:12+00:00\",\"mainEntityOfPage\":{\"@id\":\"https:\\\/\\\/akunq.net\\\/tr\\\/?p=68345\"},\"wordCount\":905,\"commentCount\":0,\"image\":{\"@id\":\"https:\\\/\\\/akunq.net\\\/tr\\\/?p=68345#primaryimage\"},\"thumbnailUrl\":\"https:\\\/\\\/akunq.net\\\/tr\\\/wp-content\\\/uploads\\\/sites\\\/6\\\/2022\\\/05\\\/Mardin.jpg\",\"articleSection\":[\"G\u00fcn\u00fcm\u00fczde Bat\u0131 Ermenistan\",\"Haberler\"],\"inLanguage\":\"en-US\",\"potentialAction\":[{\"@type\":\"CommentAction\",\"name\":\"Comment\",\"target\":[\"https:\\\/\\\/akunq.net\\\/tr\\\/?p=68345#respond\"]}]},{\"@type\":\"WebPage\",\"@id\":\"https:\\\/\\\/akunq.net\\\/tr\\\/?p=68345\",\"url\":\"https:\\\/\\\/akunq.net\\\/tr\\\/?p=68345\",\"name\":\"Medeniyetler \u015fehri Mardin ve Diyarbak\u0131r turizmde bayram bereketi ya\u015f\u0131yor - Bati Ermenistan Ve Bati Ermenileri Sorunlari Ara\u015ftirmalar Merkezi\",\"isPartOf\":{\"@id\":\"https:\\\/\\\/akunq.net\\\/tr\\\/#website\"},\"primaryImageOfPage\":{\"@id\":\"https:\\\/\\\/akunq.net\\\/tr\\\/?p=68345#primaryimage\"},\"image\":{\"@id\":\"https:\\\/\\\/akunq.net\\\/tr\\\/?p=68345#primaryimage\"},\"thumbnailUrl\":\"https:\\\/\\\/akunq.net\\\/tr\\\/wp-content\\\/uploads\\\/sites\\\/6\\\/2022\\\/05\\\/Mardin.jpg\",\"datePublished\":\"2022-05-04T06:53:12+00:00\",\"author\":{\"@id\":\"https:\\\/\\\/akunq.net\\\/tr\\\/#\\\/schema\\\/person\\\/096f1d38a12cce57fb855b485ed24c9e\"},\"breadcrumb\":{\"@id\":\"https:\\\/\\\/akunq.net\\\/tr\\\/?p=68345#breadcrumb\"},\"inLanguage\":\"en-US\",\"potentialAction\":[{\"@type\":\"ReadAction\",\"target\":[\"https:\\\/\\\/akunq.net\\\/tr\\\/?p=68345\"]}]},{\"@type\":\"ImageObject\",\"inLanguage\":\"en-US\",\"@id\":\"https:\\\/\\\/akunq.net\\\/tr\\\/?p=68345#primaryimage\",\"url\":\"https:\\\/\\\/akunq.net\\\/tr\\\/wp-content\\\/uploads\\\/sites\\\/6\\\/2022\\\/05\\\/Mardin.jpg\",\"contentUrl\":\"https:\\\/\\\/akunq.net\\\/tr\\\/wp-content\\\/uploads\\\/sites\\\/6\\\/2022\\\/05\\\/Mardin.jpg\",\"width\":864,\"height\":486},{\"@type\":\"BreadcrumbList\",\"@id\":\"https:\\\/\\\/akunq.net\\\/tr\\\/?p=68345#breadcrumb\",\"itemListElement\":[{\"@type\":\"ListItem\",\"position\":1,\"name\":\"Home\",\"item\":\"https:\\\/\\\/akunq.net\\\/tr\"},{\"@type\":\"ListItem\",\"position\":2,\"name\":\"Medeniyetler \u015fehri Mardin ve Diyarbak\u0131r turizmde bayram bereketi ya\u015f\u0131yor\"}]},{\"@type\":\"WebSite\",\"@id\":\"https:\\\/\\\/akunq.net\\\/tr\\\/#website\",\"url\":\"https:\\\/\\\/akunq.net\\\/tr\\\/\",\"name\":\"Bati Ermenistan Ve Bati Ermenileri Sorunlari Ara\u015ftirmalar Merkezi\",\"description\":\"\",\"potentialAction\":[{\"@type\":\"SearchAction\",\"target\":{\"@type\":\"EntryPoint\",\"urlTemplate\":\"https:\\\/\\\/akunq.net\\\/tr\\\/?s={search_term_string}\"},\"query-input\":{\"@type\":\"PropertyValueSpecification\",\"valueRequired\":true,\"valueName\":\"search_term_string\"}}],\"inLanguage\":\"en-US\"},{\"@type\":\"Person\",\"@id\":\"https:\\\/\\\/akunq.net\\\/tr\\\/#\\\/schema\\\/person\\\/096f1d38a12cce57fb855b485ed24c9e\",\"name\":\"admin\",\"url\":\"https:\\\/\\\/akunq.net\\\/tr\\\/?author=7\"}]}<\/script>\n<!-- \/ Yoast SEO plugin. -->","yoast_head_json":{"title":"Medeniyetler \u015fehri Mardin ve Diyarbak\u0131r turizmde bayram bereketi ya\u015f\u0131yor - Bati Ermenistan Ve Bati Ermenileri Sorunlari Ara\u015ftirmalar Merkezi","robots":{"index":"index","follow":"follow","max-snippet":"max-snippet:-1","max-image-preview":"max-image-preview:large","max-video-preview":"max-video-preview:-1"},"canonical":"https:\/\/akunq.net\/tr\/?p=68345","og_locale":"en_US","og_type":"article","og_title":"Medeniyetler \u015fehri Mardin ve Diyarbak\u0131r turizmde bayram bereketi ya\u015f\u0131yor - Bati Ermenistan Ve Bati Ermenileri Sorunlari Ara\u015ftirmalar Merkezi","og_description":"Diyarbak\u0131r Otelciler ve Turizm Derne\u011fi Ba\u015fkan\u0131 Veysi Kaya, &#8220;Kentte ciddi manada turist ak\u0131n\u0131 g\u00f6rmekteyiz. Otellerimizde rezervasyon y\u00fczde 100&#8217;e yakla\u015fmak \u00fczere. Avrupa \u00fclkelerinden ciddi rezervasyonlar alm\u0131\u015f bulunmaktay\u0131z.&#8221; dedi. Aziz Aslan, Halil \u0130brahim Sincar\u00a0 Diyarbakir \u276e\u276f Tarihi yap\u0131lar\u0131 ve inan\u00e7 turizmindeki de\u011ferleriyle son y\u0131llar\u0131n en \u00f6nemli cazibe merkezlerinden Diyarbak\u0131r ve Mardin&#8217;de Ramazan Bayram\u0131&#8217;nda ziyaret\u00e7i yo\u011funlu\u011fu ya\u015fan\u0131yor. Binlerce [&hellip;]","og_url":"https:\/\/akunq.net\/tr\/?p=68345","og_site_name":"Bati Ermenistan Ve Bati Ermenileri Sorunlari Ara\u015ftirmalar Merkezi","article_published_time":"2022-05-04T06:53:12+00:00","og_image":[{"width":864,"height":486,"url":"https:\/\/akunq.net\/tr\/wp-content\/uploads\/sites\/6\/2022\/05\/Mardin.jpg","type":"image\/jpeg"}],"author":"admin","twitter_card":"summary_large_image","twitter_misc":{"Written by":"admin","Est. reading time":"4 minutes"},"schema":{"@context":"https:\/\/schema.org","@graph":[{"@type":"Article","@id":"https:\/\/akunq.net\/tr\/?p=68345#article","isPartOf":{"@id":"https:\/\/akunq.net\/tr\/?p=68345"},"author":{"name":"admin","@id":"https:\/\/akunq.net\/tr\/#\/schema\/person\/096f1d38a12cce57fb855b485ed24c9e"},"headline":"Medeniyetler \u015fehri Mardin ve Diyarbak\u0131r turizmde bayram bereketi ya\u015f\u0131yor","datePublished":"2022-05-04T06:53:12+00:00","mainEntityOfPage":{"@id":"https:\/\/akunq.net\/tr\/?p=68345"},"wordCount":905,"commentCount":0,"image":{"@id":"https:\/\/akunq.net\/tr\/?p=68345#primaryimage"},"thumbnailUrl":"https:\/\/akunq.net\/tr\/wp-content\/uploads\/sites\/6\/2022\/05\/Mardin.jpg","articleSection":["G\u00fcn\u00fcm\u00fczde Bat\u0131 Ermenistan","Haberler"],"inLanguage":"en-US","potentialAction":[{"@type":"CommentAction","name":"Comment","target":["https:\/\/akunq.net\/tr\/?p=68345#respond"]}]},{"@type":"WebPage","@id":"https:\/\/akunq.net\/tr\/?p=68345","url":"https:\/\/akunq.net\/tr\/?p=68345","name":"Medeniyetler \u015fehri Mardin ve Diyarbak\u0131r turizmde bayram bereketi ya\u015f\u0131yor - Bati Ermenistan Ve Bati Ermenileri Sorunlari Ara\u015ftirmalar Merkezi","isPartOf":{"@id":"https:\/\/akunq.net\/tr\/#website"},"primaryImageOfPage":{"@id":"https:\/\/akunq.net\/tr\/?p=68345#primaryimage"},"image":{"@id":"https:\/\/akunq.net\/tr\/?p=68345#primaryimage"},"thumbnailUrl":"https:\/\/akunq.net\/tr\/wp-content\/uploads\/sites\/6\/2022\/05\/Mardin.jpg","datePublished":"2022-05-04T06:53:12+00:00","author":{"@id":"https:\/\/akunq.net\/tr\/#\/schema\/person\/096f1d38a12cce57fb855b485ed24c9e"},"breadcrumb":{"@id":"https:\/\/akunq.net\/tr\/?p=68345#breadcrumb"},"inLanguage":"en-US","potentialAction":[{"@type":"ReadAction","target":["https:\/\/akunq.net\/tr\/?p=68345"]}]},{"@type":"ImageObject","inLanguage":"en-US","@id":"https:\/\/akunq.net\/tr\/?p=68345#primaryimage","url":"https:\/\/akunq.net\/tr\/wp-content\/uploads\/sites\/6\/2022\/05\/Mardin.jpg","contentUrl":"https:\/\/akunq.net\/tr\/wp-content\/uploads\/sites\/6\/2022\/05\/Mardin.jpg","width":864,"height":486},{"@type":"BreadcrumbList","@id":"https:\/\/akunq.net\/tr\/?p=68345#breadcrumb","itemListElement":[{"@type":"ListItem","position":1,"name":"Home","item":"https:\/\/akunq.net\/tr"},{"@type":"ListItem","position":2,"name":"Medeniyetler \u015fehri Mardin ve Diyarbak\u0131r turizmde bayram bereketi ya\u015f\u0131yor"}]},{"@type":"WebSite","@id":"https:\/\/akunq.net\/tr\/#website","url":"https:\/\/akunq.net\/tr\/","name":"Bati Ermenistan Ve Bati Ermenileri Sorunlari Ara\u015ftirmalar Merkezi","description":"","potentialAction":[{"@type":"SearchAction","target":{"@type":"EntryPoint","urlTemplate":"https:\/\/akunq.net\/tr\/?s={search_term_string}"},"query-input":{"@type":"PropertyValueSpecification","valueRequired":true,"valueName":"search_term_string"}}],"inLanguage":"en-US"},{"@type":"Person","@id":"https:\/\/akunq.net\/tr\/#\/schema\/person\/096f1d38a12cce57fb855b485ed24c9e","name":"admin","url":"https:\/\/akunq.net\/tr\/?author=7"}]}},"_links":{"self":[{"href":"https:\/\/akunq.net\/tr\/index.php?rest_route=\/wp\/v2\/posts\/68345","targetHints":{"allow":["GET"]}}],"collection":[{"href":"https:\/\/akunq.net\/tr\/index.php?rest_route=\/wp\/v2\/posts"}],"about":[{"href":"https:\/\/akunq.net\/tr\/index.php?rest_route=\/wp\/v2\/types\/post"}],"author":[{"embeddable":true,"href":"https:\/\/akunq.net\/tr\/index.php?rest_route=\/wp\/v2\/users\/7"}],"replies":[{"embeddable":true,"href":"https:\/\/akunq.net\/tr\/index.php?rest_route=%2Fwp%2Fv2%2Fcomments&post=68345"}],"version-history":[{"count":1,"href":"https:\/\/akunq.net\/tr\/index.php?rest_route=\/wp\/v2\/posts\/68345\/revisions"}],"predecessor-version":[{"id":68347,"href":"https:\/\/akunq.net\/tr\/index.php?rest_route=\/wp\/v2\/posts\/68345\/revisions\/68347"}],"wp:featuredmedia":[{"embeddable":true,"href":"https:\/\/akunq.net\/tr\/index.php?rest_route=\/wp\/v2\/media\/68346"}],"wp:attachment":[{"href":"https:\/\/akunq.net\/tr\/index.php?rest_route=%2Fwp%2Fv2%2Fmedia&parent=68345"}],"wp:term":[{"taxonomy":"category","embeddable":true,"href":"https:\/\/akunq.net\/tr\/index.php?rest_route=%2Fwp%2Fv2%2Fcategories&post=68345"},{"taxonomy":"post_tag","embeddable":true,"href":"https:\/\/akunq.net\/tr\/index.php?rest_route=%2Fwp%2Fv2%2Ftags&post=68345"}],"curies":[{"name":"wp","href":"https:\/\/api.w.org\/{rel}","templated":true}]}}