{"id":68316,"date":"2022-05-03T01:02:25","date_gmt":"2022-05-03T06:02:25","guid":{"rendered":"https:\/\/akunq.net\/tr\/?p=68316"},"modified":"2022-05-03T01:02:31","modified_gmt":"2022-05-03T06:02:31","slug":"garo-paylan-meral-aksener-beni-kurtlar-sofrasina-atti","status":"publish","type":"post","link":"https:\/\/akunq.net\/tr\/?p=68316","title":{"rendered":"Garo Paylan: Meral Ak\u015fener beni kurtlar sofras\u0131na att\u0131"},"content":{"rendered":"<header><em><strong>Meclis\u2019e sundu\u011fu \u2018Ermeni soyk\u0131r\u0131m\u0131n\u0131n tan\u0131nmas\u0131na ili\u015fkin kanun teklifi\u2019 nedeniyle kendini hem iktidar hem muhalefet cephesinin hedefinde bulan Paylan: Meral Ak\u015fener beni kurtlar sofras\u0131na att\u0131.<\/strong><\/em><\/header>\n<div class=\"content-side\">\n<div class=\"v-image\" data-kiosked-context-name=\"kskdUIContext_01g24840x4wv6rnp0ayrr0hnhv\">\n<figure><picture data-iesrc=\"https:\/\/i.gazeteduvar.com.tr\/2\/850\/479\/storage\/files\/images\/2021\/12\/20\/paylan-ZI75_cover.jpg\" data-alt=\"Garo Paylan: Meral Ak\u015fener beni kurtlar sofras\u0131na att\u0131\" data-loaded=\"true\"><source srcset=\"https:\/\/i.gazeteduvar.com.tr\/2\/850\/479\/storage\/files\/images\/2021\/12\/20\/paylan-ZI75_cover.jpg.webp\" type=\"image\/webp\" \/><source srcset=\"https:\/\/i.gazeteduvar.com.tr\/2\/850\/479\/storage\/files\/images\/2021\/12\/20\/paylan-ZI75_cover.jpg\" \/><img class=\"aligncenter\" alt=\"Garo Paylan: Meral Ak\u015fener beni kurtlar sofras\u0131na att\u0131\" \/><\/picture><\/figure>\n<\/div>\n<div id=\"kskd01g24840xqyzdh906cpfwk5ah9\" class=\"kskdDiv kskdCls\" data-kiosked-role=\"anchor\" data-kiosked-type=\"in-line\" data-kioskid=\"01g24840xqyzdh906cpfwk5ah9\" data-kiosked-cntrid=\"12280_ff3f6934db4a46ea1fc8726acab85da5\">\n<div class=\"kskdDiv\" data-kiosked-role=\"boundary\">\n<div class=\"kskdDiv\" data-kioskid=\"01g24840xqyzdh906cpfwk5ah9\" data-kiosked-role=\"ad-container\">\n<div class=\"kskdDiv\" data-kskd-type=\"banner\" data-width=\"728\" data-height=\"90\"><\/div>\n<\/div>\n<\/div>\n<\/div>\n<div class=\"content-text\">\n<p><span style=\"letter-spacing: 0.05em;\">Siyaset\u00e7ilerin a\u00e7\u0131klamalar\u0131 sonras\u0131nda tehditler ald\u0131\u011f\u0131n\u0131 a\u00e7\u0131klayan Paylan, \u201cTehdit dedi\u011finiz \u015fey bir iklimden do\u011far\u2026 Hrant Dink\u2019i bir ifadesinden dolay\u0131 hedefe koydular. Vatan haini dediler, bir iklim olu\u015ftu ona kar\u015f\u0131, bunun sonucunda da katledildi. \u2018Garo Paylan hain\u2019 man\u015fetini att\u0131\u011f\u0131n\u0131zda, bunu dillendirdi\u011finizde, az\u0131nl\u0131k olan bir ki\u015finin hedef olmamas\u0131n\u0131 beklemek m\u00fcmk\u00fcn de\u011fil. Ben ne ya\u015fad\u0131\u011f\u0131m\u0131n da ne ya\u015fayabilece\u011fimin de fark\u0131nday\u0131m. Onlar da bence ne ya\u015fatt\u0131klar\u0131n\u0131n ve ne ya\u015fatabileceklerinin fark\u0131nda, fark\u0131nda olarak bunu yap\u0131yorlar\u2026 \u015eunun da fark\u0131nday\u0131m, \u00fclkenin cumhurba\u015fkan\u0131, iktidar orta\u011f\u0131, bakanlar\u0131 \u2018hain\u2019 demi\u015fse, her an ba\u015f\u0131ma her t\u00fcrl\u00fc provokasyon gelebilir. Bu i\u015fler hep b\u00f6yle olmu\u015f; birileri hedef g\u00f6stermi\u015f, sonucunda her t\u00fcrl\u00fc provokasyon s\u00f6z konusu olabilmi\u015f. Ben de maalesef b\u00f6yle bir iklimin \u00f6znesi oldum.\u201d<\/span><strong>DUVAR-\u00a0<\/strong>HDP Diyarbak\u0131r Milletvekili Garo Paylan&#8217;\u0131n &#8220;Ermeni Soyk\u0131r\u0131m\u0131\u2019n\u0131n Tan\u0131nmas\u0131, Soyk\u0131r\u0131m Faillerinin \u0130simlerinin Kamusal Alandan Kald\u0131r\u0131lmas\u0131&#8221; kanun teklifini, TBMM Ba\u015fkanl\u0131\u011f\u0131\u2019na sunmas\u0131n\u0131n ard\u0131ndan siyasilerden tepkiler art arda gelmi\u015fti.<\/p>\n<p>\u0130Y\u0130 Parti lideri Ak\u015fener de teklifle ilgili: &#8220;S\u00f6zde &#8216;soyk\u0131r\u0131m&#8217; teklifiyle, milletimizin ba\u015f\u0131n\u0131 yere e\u011fdirmeye kalkan hadsizli\u011fi \u015fiddetle k\u0131n\u0131yorum&#8221; ifadelerini kullanm\u0131\u015ft\u0131.<\/p>\n<p>Paylan,\u00a0<strong>Diken&#8217;den \u015eule T\u00fcrker&#8217;e verdi\u011fi r\u00f6portajda<\/strong>, Ak\u015fener i\u00e7in:\u00a0\u201cYazd\u0131\u011f\u0131 tweet ile i\u015faret fi\u015fe\u011fini att\u0131. Bu i\u015fi onun ba\u015flatmas\u0131 beni \u00e7ok \u015fa\u015f\u0131rtt\u0131&#8230;\u00a0Tabii ki her teklif gibi bu teklif de ele\u015ftirilebilir ama Meral Ak\u015fener beni kurtlar sofras\u0131na att\u0131\u201d\u00a0 ifadelerini kulland\u0131.<\/p>\n<p><em><strong>(<a href=\"https:\/\/www.diken.com.tr\/garo-paylan-aksener-beni-kurtlar-sofrasina-atti\/\" target=\"_blank\" rel=\"nofollow noopener noreferrer\">Kaynak<\/a>)<\/strong><\/em><\/p>\n<p><em><strong>https:\/\/www.gazeteduvar.com.tr\/garo-paylan-meral-aksener-beni-kurtlar-sofrasina-atti-haber-1563060<\/strong><\/em><\/p>\n<\/div>\n<\/div>\n","protected":false},"excerpt":{"rendered":"<p>Meclis\u2019e sundu\u011fu \u2018Ermeni soyk\u0131r\u0131m\u0131n\u0131n tan\u0131nmas\u0131na ili\u015fkin kanun teklifi\u2019 nedeniyle kendini hem iktidar hem muhalefet cephesinin hedefinde bulan Paylan: Meral Ak\u015fener beni kurtlar sofras\u0131na att\u0131. Siyaset\u00e7ilerin a\u00e7\u0131klamalar\u0131 sonras\u0131nda tehditler ald\u0131\u011f\u0131n\u0131 a\u00e7\u0131klayan Paylan, \u201cTehdit dedi\u011finiz \u015fey bir iklimden do\u011far\u2026 Hrant Dink\u2019i bir ifadesinden dolay\u0131 hedefe koydular. Vatan haini dediler, bir iklim olu\u015ftu ona kar\u015f\u0131, bunun sonucunda da [&hellip;]<\/p>\n","protected":false},"author":7,"featured_media":68317,"comment_status":"open","ping_status":"open","sticky":false,"template":"","format":"standard","meta":{"footnotes":""},"categories":[1],"tags":[],"class_list":["post-68316","post","type-post","status-publish","format-standard","has-post-thumbnail","hentry","category-haberler"],"yoast_head":"<!-- This site is optimized with the Yoast SEO plugin v27.4 - https:\/\/yoast.com\/product\/yoast-seo-wordpress\/ -->\n<title>Garo Paylan: Meral Ak\u015fener beni kurtlar sofras\u0131na att\u0131 - Bati Ermenistan Ve Bati Ermenileri Sorunlari Ara\u015ftirmalar Merkezi<\/title>\n<meta name=\"robots\" content=\"index, follow, max-snippet:-1, max-image-preview:large, max-video-preview:-1\" \/>\n<link rel=\"canonical\" href=\"https:\/\/akunq.net\/tr\/?p=68316\" \/>\n<meta property=\"og:locale\" content=\"en_US\" \/>\n<meta property=\"og:type\" content=\"article\" \/>\n<meta property=\"og:title\" content=\"Garo Paylan: Meral Ak\u015fener beni kurtlar sofras\u0131na att\u0131 - Bati Ermenistan Ve Bati Ermenileri Sorunlari Ara\u015ftirmalar Merkezi\" \/>\n<meta property=\"og:description\" content=\"Meclis\u2019e sundu\u011fu \u2018Ermeni soyk\u0131r\u0131m\u0131n\u0131n tan\u0131nmas\u0131na ili\u015fkin kanun teklifi\u2019 nedeniyle kendini hem iktidar hem muhalefet cephesinin hedefinde bulan Paylan: Meral Ak\u015fener beni kurtlar sofras\u0131na att\u0131. Siyaset\u00e7ilerin a\u00e7\u0131klamalar\u0131 sonras\u0131nda tehditler ald\u0131\u011f\u0131n\u0131 a\u00e7\u0131klayan Paylan, \u201cTehdit dedi\u011finiz \u015fey bir iklimden do\u011far\u2026 Hrant Dink\u2019i bir ifadesinden dolay\u0131 hedefe koydular. Vatan haini dediler, bir iklim olu\u015ftu ona kar\u015f\u0131, bunun sonucunda da [&hellip;]\" \/>\n<meta property=\"og:url\" content=\"https:\/\/akunq.net\/tr\/?p=68316\" \/>\n<meta property=\"og:site_name\" content=\"Bati Ermenistan Ve Bati Ermenileri Sorunlari Ara\u015ftirmalar Merkezi\" \/>\n<meta property=\"article:published_time\" content=\"2022-05-03T06:02:25+00:00\" \/>\n<meta property=\"article:modified_time\" content=\"2022-05-03T06:02:31+00:00\" \/>\n<meta property=\"og:image\" content=\"https:\/\/akunq.net\/tr\/wp-content\/uploads\/sites\/6\/2022\/05\/Paylan-1.jpg\" \/>\n\t<meta property=\"og:image:width\" content=\"410\" \/>\n\t<meta property=\"og:image:height\" content=\"300\" \/>\n\t<meta property=\"og:image:type\" content=\"image\/jpeg\" \/>\n<meta name=\"author\" content=\"admin\" \/>\n<meta name=\"twitter:card\" content=\"summary_large_image\" \/>\n<meta name=\"twitter:label1\" content=\"Written by\" \/>\n\t<meta name=\"twitter:data1\" content=\"admin\" \/>\n\t<meta name=\"twitter:label2\" content=\"Est. reading time\" \/>\n\t<meta name=\"twitter:data2\" content=\"2 minutes\" \/>\n<script type=\"application\/ld+json\" class=\"yoast-schema-graph\">{\"@context\":\"https:\\\/\\\/schema.org\",\"@graph\":[{\"@type\":\"Article\",\"@id\":\"https:\\\/\\\/akunq.net\\\/tr\\\/?p=68316#article\",\"isPartOf\":{\"@id\":\"https:\\\/\\\/akunq.net\\\/tr\\\/?p=68316\"},\"author\":{\"name\":\"admin\",\"@id\":\"https:\\\/\\\/akunq.net\\\/tr\\\/#\\\/schema\\\/person\\\/096f1d38a12cce57fb855b485ed24c9e\"},\"headline\":\"Garo Paylan: Meral Ak\u015fener beni kurtlar sofras\u0131na att\u0131\",\"datePublished\":\"2022-05-03T06:02:25+00:00\",\"dateModified\":\"2022-05-03T06:02:31+00:00\",\"mainEntityOfPage\":{\"@id\":\"https:\\\/\\\/akunq.net\\\/tr\\\/?p=68316\"},\"wordCount\":334,\"commentCount\":0,\"image\":{\"@id\":\"https:\\\/\\\/akunq.net\\\/tr\\\/?p=68316#primaryimage\"},\"thumbnailUrl\":\"https:\\\/\\\/akunq.net\\\/tr\\\/wp-content\\\/uploads\\\/sites\\\/6\\\/2022\\\/05\\\/Paylan-1.jpg\",\"articleSection\":[\"Haberler\"],\"inLanguage\":\"en-US\",\"potentialAction\":[{\"@type\":\"CommentAction\",\"name\":\"Comment\",\"target\":[\"https:\\\/\\\/akunq.net\\\/tr\\\/?p=68316#respond\"]}]},{\"@type\":\"WebPage\",\"@id\":\"https:\\\/\\\/akunq.net\\\/tr\\\/?p=68316\",\"url\":\"https:\\\/\\\/akunq.net\\\/tr\\\/?p=68316\",\"name\":\"Garo Paylan: Meral Ak\u015fener beni kurtlar sofras\u0131na att\u0131 - Bati Ermenistan Ve Bati Ermenileri Sorunlari Ara\u015ftirmalar Merkezi\",\"isPartOf\":{\"@id\":\"https:\\\/\\\/akunq.net\\\/tr\\\/#website\"},\"primaryImageOfPage\":{\"@id\":\"https:\\\/\\\/akunq.net\\\/tr\\\/?p=68316#primaryimage\"},\"image\":{\"@id\":\"https:\\\/\\\/akunq.net\\\/tr\\\/?p=68316#primaryimage\"},\"thumbnailUrl\":\"https:\\\/\\\/akunq.net\\\/tr\\\/wp-content\\\/uploads\\\/sites\\\/6\\\/2022\\\/05\\\/Paylan-1.jpg\",\"datePublished\":\"2022-05-03T06:02:25+00:00\",\"dateModified\":\"2022-05-03T06:02:31+00:00\",\"author\":{\"@id\":\"https:\\\/\\\/akunq.net\\\/tr\\\/#\\\/schema\\\/person\\\/096f1d38a12cce57fb855b485ed24c9e\"},\"breadcrumb\":{\"@id\":\"https:\\\/\\\/akunq.net\\\/tr\\\/?p=68316#breadcrumb\"},\"inLanguage\":\"en-US\",\"potentialAction\":[{\"@type\":\"ReadAction\",\"target\":[\"https:\\\/\\\/akunq.net\\\/tr\\\/?p=68316\"]}]},{\"@type\":\"ImageObject\",\"inLanguage\":\"en-US\",\"@id\":\"https:\\\/\\\/akunq.net\\\/tr\\\/?p=68316#primaryimage\",\"url\":\"https:\\\/\\\/akunq.net\\\/tr\\\/wp-content\\\/uploads\\\/sites\\\/6\\\/2022\\\/05\\\/Paylan-1.jpg\",\"contentUrl\":\"https:\\\/\\\/akunq.net\\\/tr\\\/wp-content\\\/uploads\\\/sites\\\/6\\\/2022\\\/05\\\/Paylan-1.jpg\",\"width\":410,\"height\":300},{\"@type\":\"BreadcrumbList\",\"@id\":\"https:\\\/\\\/akunq.net\\\/tr\\\/?p=68316#breadcrumb\",\"itemListElement\":[{\"@type\":\"ListItem\",\"position\":1,\"name\":\"Home\",\"item\":\"https:\\\/\\\/akunq.net\\\/tr\"},{\"@type\":\"ListItem\",\"position\":2,\"name\":\"Garo Paylan: Meral Ak\u015fener beni kurtlar sofras\u0131na att\u0131\"}]},{\"@type\":\"WebSite\",\"@id\":\"https:\\\/\\\/akunq.net\\\/tr\\\/#website\",\"url\":\"https:\\\/\\\/akunq.net\\\/tr\\\/\",\"name\":\"Bati Ermenistan Ve Bati Ermenileri Sorunlari Ara\u015ftirmalar Merkezi\",\"description\":\"\",\"potentialAction\":[{\"@type\":\"SearchAction\",\"target\":{\"@type\":\"EntryPoint\",\"urlTemplate\":\"https:\\\/\\\/akunq.net\\\/tr\\\/?s={search_term_string}\"},\"query-input\":{\"@type\":\"PropertyValueSpecification\",\"valueRequired\":true,\"valueName\":\"search_term_string\"}}],\"inLanguage\":\"en-US\"},{\"@type\":\"Person\",\"@id\":\"https:\\\/\\\/akunq.net\\\/tr\\\/#\\\/schema\\\/person\\\/096f1d38a12cce57fb855b485ed24c9e\",\"name\":\"admin\",\"url\":\"https:\\\/\\\/akunq.net\\\/tr\\\/?author=7\"}]}<\/script>\n<!-- \/ Yoast SEO plugin. -->","yoast_head_json":{"title":"Garo Paylan: Meral Ak\u015fener beni kurtlar sofras\u0131na att\u0131 - Bati Ermenistan Ve Bati Ermenileri Sorunlari Ara\u015ftirmalar Merkezi","robots":{"index":"index","follow":"follow","max-snippet":"max-snippet:-1","max-image-preview":"max-image-preview:large","max-video-preview":"max-video-preview:-1"},"canonical":"https:\/\/akunq.net\/tr\/?p=68316","og_locale":"en_US","og_type":"article","og_title":"Garo Paylan: Meral Ak\u015fener beni kurtlar sofras\u0131na att\u0131 - Bati Ermenistan Ve Bati Ermenileri Sorunlari Ara\u015ftirmalar Merkezi","og_description":"Meclis\u2019e sundu\u011fu \u2018Ermeni soyk\u0131r\u0131m\u0131n\u0131n tan\u0131nmas\u0131na ili\u015fkin kanun teklifi\u2019 nedeniyle kendini hem iktidar hem muhalefet cephesinin hedefinde bulan Paylan: Meral Ak\u015fener beni kurtlar sofras\u0131na att\u0131. Siyaset\u00e7ilerin a\u00e7\u0131klamalar\u0131 sonras\u0131nda tehditler ald\u0131\u011f\u0131n\u0131 a\u00e7\u0131klayan Paylan, \u201cTehdit dedi\u011finiz \u015fey bir iklimden do\u011far\u2026 Hrant Dink\u2019i bir ifadesinden dolay\u0131 hedefe koydular. Vatan haini dediler, bir iklim olu\u015ftu ona kar\u015f\u0131, bunun sonucunda da [&hellip;]","og_url":"https:\/\/akunq.net\/tr\/?p=68316","og_site_name":"Bati Ermenistan Ve Bati Ermenileri Sorunlari Ara\u015ftirmalar Merkezi","article_published_time":"2022-05-03T06:02:25+00:00","article_modified_time":"2022-05-03T06:02:31+00:00","og_image":[{"width":410,"height":300,"url":"https:\/\/akunq.net\/tr\/wp-content\/uploads\/sites\/6\/2022\/05\/Paylan-1.jpg","type":"image\/jpeg"}],"author":"admin","twitter_card":"summary_large_image","twitter_misc":{"Written by":"admin","Est. reading time":"2 minutes"},"schema":{"@context":"https:\/\/schema.org","@graph":[{"@type":"Article","@id":"https:\/\/akunq.net\/tr\/?p=68316#article","isPartOf":{"@id":"https:\/\/akunq.net\/tr\/?p=68316"},"author":{"name":"admin","@id":"https:\/\/akunq.net\/tr\/#\/schema\/person\/096f1d38a12cce57fb855b485ed24c9e"},"headline":"Garo Paylan: Meral Ak\u015fener beni kurtlar sofras\u0131na att\u0131","datePublished":"2022-05-03T06:02:25+00:00","dateModified":"2022-05-03T06:02:31+00:00","mainEntityOfPage":{"@id":"https:\/\/akunq.net\/tr\/?p=68316"},"wordCount":334,"commentCount":0,"image":{"@id":"https:\/\/akunq.net\/tr\/?p=68316#primaryimage"},"thumbnailUrl":"https:\/\/akunq.net\/tr\/wp-content\/uploads\/sites\/6\/2022\/05\/Paylan-1.jpg","articleSection":["Haberler"],"inLanguage":"en-US","potentialAction":[{"@type":"CommentAction","name":"Comment","target":["https:\/\/akunq.net\/tr\/?p=68316#respond"]}]},{"@type":"WebPage","@id":"https:\/\/akunq.net\/tr\/?p=68316","url":"https:\/\/akunq.net\/tr\/?p=68316","name":"Garo Paylan: Meral Ak\u015fener beni kurtlar sofras\u0131na att\u0131 - Bati Ermenistan Ve Bati Ermenileri Sorunlari Ara\u015ftirmalar Merkezi","isPartOf":{"@id":"https:\/\/akunq.net\/tr\/#website"},"primaryImageOfPage":{"@id":"https:\/\/akunq.net\/tr\/?p=68316#primaryimage"},"image":{"@id":"https:\/\/akunq.net\/tr\/?p=68316#primaryimage"},"thumbnailUrl":"https:\/\/akunq.net\/tr\/wp-content\/uploads\/sites\/6\/2022\/05\/Paylan-1.jpg","datePublished":"2022-05-03T06:02:25+00:00","dateModified":"2022-05-03T06:02:31+00:00","author":{"@id":"https:\/\/akunq.net\/tr\/#\/schema\/person\/096f1d38a12cce57fb855b485ed24c9e"},"breadcrumb":{"@id":"https:\/\/akunq.net\/tr\/?p=68316#breadcrumb"},"inLanguage":"en-US","potentialAction":[{"@type":"ReadAction","target":["https:\/\/akunq.net\/tr\/?p=68316"]}]},{"@type":"ImageObject","inLanguage":"en-US","@id":"https:\/\/akunq.net\/tr\/?p=68316#primaryimage","url":"https:\/\/akunq.net\/tr\/wp-content\/uploads\/sites\/6\/2022\/05\/Paylan-1.jpg","contentUrl":"https:\/\/akunq.net\/tr\/wp-content\/uploads\/sites\/6\/2022\/05\/Paylan-1.jpg","width":410,"height":300},{"@type":"BreadcrumbList","@id":"https:\/\/akunq.net\/tr\/?p=68316#breadcrumb","itemListElement":[{"@type":"ListItem","position":1,"name":"Home","item":"https:\/\/akunq.net\/tr"},{"@type":"ListItem","position":2,"name":"Garo Paylan: Meral Ak\u015fener beni kurtlar sofras\u0131na att\u0131"}]},{"@type":"WebSite","@id":"https:\/\/akunq.net\/tr\/#website","url":"https:\/\/akunq.net\/tr\/","name":"Bati Ermenistan Ve Bati Ermenileri Sorunlari Ara\u015ftirmalar Merkezi","description":"","potentialAction":[{"@type":"SearchAction","target":{"@type":"EntryPoint","urlTemplate":"https:\/\/akunq.net\/tr\/?s={search_term_string}"},"query-input":{"@type":"PropertyValueSpecification","valueRequired":true,"valueName":"search_term_string"}}],"inLanguage":"en-US"},{"@type":"Person","@id":"https:\/\/akunq.net\/tr\/#\/schema\/person\/096f1d38a12cce57fb855b485ed24c9e","name":"admin","url":"https:\/\/akunq.net\/tr\/?author=7"}]}},"_links":{"self":[{"href":"https:\/\/akunq.net\/tr\/index.php?rest_route=\/wp\/v2\/posts\/68316","targetHints":{"allow":["GET"]}}],"collection":[{"href":"https:\/\/akunq.net\/tr\/index.php?rest_route=\/wp\/v2\/posts"}],"about":[{"href":"https:\/\/akunq.net\/tr\/index.php?rest_route=\/wp\/v2\/types\/post"}],"author":[{"embeddable":true,"href":"https:\/\/akunq.net\/tr\/index.php?rest_route=\/wp\/v2\/users\/7"}],"replies":[{"embeddable":true,"href":"https:\/\/akunq.net\/tr\/index.php?rest_route=%2Fwp%2Fv2%2Fcomments&post=68316"}],"version-history":[{"count":2,"href":"https:\/\/akunq.net\/tr\/index.php?rest_route=\/wp\/v2\/posts\/68316\/revisions"}],"predecessor-version":[{"id":68319,"href":"https:\/\/akunq.net\/tr\/index.php?rest_route=\/wp\/v2\/posts\/68316\/revisions\/68319"}],"wp:featuredmedia":[{"embeddable":true,"href":"https:\/\/akunq.net\/tr\/index.php?rest_route=\/wp\/v2\/media\/68317"}],"wp:attachment":[{"href":"https:\/\/akunq.net\/tr\/index.php?rest_route=%2Fwp%2Fv2%2Fmedia&parent=68316"}],"wp:term":[{"taxonomy":"category","embeddable":true,"href":"https:\/\/akunq.net\/tr\/index.php?rest_route=%2Fwp%2Fv2%2Fcategories&post=68316"},{"taxonomy":"post_tag","embeddable":true,"href":"https:\/\/akunq.net\/tr\/index.php?rest_route=%2Fwp%2Fv2%2Ftags&post=68316"}],"curies":[{"name":"wp","href":"https:\/\/api.w.org\/{rel}","templated":true}]}}