{"id":68304,"date":"2022-05-02T02:56:47","date_gmt":"2022-05-02T07:56:47","guid":{"rendered":"https:\/\/akunq.net\/tr\/?p=68304"},"modified":"2022-05-02T02:56:47","modified_gmt":"2022-05-02T07:56:47","slug":"garbis-balikci-oglu-sevagin-yanina-defnedildi","status":"publish","type":"post","link":"https:\/\/akunq.net\/tr\/?p=68304","title":{"rendered":"Garbis Bal\u0131k\u00e7\u0131, o\u011flu Sevag\u2019\u0131n yan\u0131na defnedildi"},"content":{"rendered":"<p><img loading=\"lazy\" decoding=\"async\" class=\"aligncenter size-medium wp-image-68305\" src=\"https:\/\/akunq.net\/tr\/wp-content\/uploads\/2022\/05\/Garbis-Bal\u0131k\u00e7\u0131-360x233.jpg\" alt=\"\" width=\"360\" height=\"233\" srcset=\"https:\/\/akunq.net\/tr\/wp-content\/uploads\/sites\/6\/2022\/05\/Garbis-Bal\u0131k\u00e7\u0131-360x233.jpg 360w, https:\/\/akunq.net\/tr\/wp-content\/uploads\/sites\/6\/2022\/05\/Garbis-Bal\u0131k\u00e7\u0131-768x497.jpg 768w, https:\/\/akunq.net\/tr\/wp-content\/uploads\/sites\/6\/2022\/05\/Garbis-Bal\u0131k\u00e7\u0131-560x362.jpg 560w, https:\/\/akunq.net\/tr\/wp-content\/uploads\/sites\/6\/2022\/05\/Garbis-Bal\u0131k\u00e7\u0131-260x168.jpg 260w, https:\/\/akunq.net\/tr\/wp-content\/uploads\/sites\/6\/2022\/05\/Garbis-Bal\u0131k\u00e7\u0131-160x104.jpg 160w, https:\/\/akunq.net\/tr\/wp-content\/uploads\/sites\/6\/2022\/05\/Garbis-Bal\u0131k\u00e7\u0131.jpg 1020w\" sizes=\"auto, (max-width: 360px) 100vw, 360px\" \/><\/p>\n<p><em><strong>Kilisede yap\u0131lan cenaze t\u00f6reni sonras\u0131nda Garbis Bal\u0131k\u00e7\u0131, o\u011flu Sevag Bal\u0131k\u00e7\u0131\u2019n\u0131n mezar\u0131n\u0131n yan\u0131na \u015ei\u015fli Ermeni Mezarl\u0131\u011f\u0131\u2019na defnedildi.<\/strong><\/em><\/p>\n<p>Batman\u2019da 24 Nisan 2011\u2019de zorunlu askerli\u011fini yaparken \u00f6ld\u00fcr\u00fclen Sevag Bal\u0131k\u00e7\u0131\u2019n\u0131n 24 Nisan g\u00fcn\u00fc ya\u015fam\u0131n\u0131 yitiren babas\u0131 Garbis Bal\u0131k\u00e7\u0131, topra\u011fa verildi.<\/p>\n<p>Garbis Bal\u0131k\u00e7\u0131 i\u00e7in bug\u00fcn (28 Nisan) Ferik\u00f6y Surp Vartanants Ermeni Kilisesi\u2019nde t\u00f6ren yap\u0131ld\u0131.<br \/>\nFoto\u011fraf HDP Milletvekili Musa Piro\u011flu\u2019nun Twitter hesab\u0131ndan al\u0131nm\u0131\u015ft\u0131r.<\/p>\n<p>T\u00f6rene ailesi, yak\u0131nlar\u0131, Halklar\u0131n Demokratik Partisi (HDP) milletvekilleri Garo Paylan, H\u00fcda Kaya, Ali Kenano\u011flu, Musa Piro\u011flu, Cumhuriyet Halk Partisi (CHP) milletvekili Sezgin Tanr\u0131kulu\u2019nun yan\u0131 s\u0131ra \u00e7ok say\u0131da ki\u015fi kat\u0131ld\u0131.<\/p>\n<p>Kilisede yap\u0131lan cenaze t\u00f6reni sonras\u0131nda Garbis Bal\u0131k\u00e7\u0131, o\u011flu Sevag Bal\u0131k\u00e7\u0131\u2019n\u0131n mezar\u0131n\u0131n yan\u0131na \u015ei\u015fli Ermeni Mezarl\u0131\u011f\u0131\u2019na defnedildi.<\/p>\n<p><em><strong><a href=\"https:\/\/bianet.org\/bianet\/yasam\/261171-garbis-balikci-oglu-sevag-in-yanina-defnedildi?bia_source=rss\" target=\"_blank\" rel=\"noopener noreferrer\">Bianet<\/a>\u00a0<\/strong><\/em><\/p>\n","protected":false},"excerpt":{"rendered":"<p>Kilisede yap\u0131lan cenaze t\u00f6reni sonras\u0131nda Garbis Bal\u0131k\u00e7\u0131, o\u011flu Sevag Bal\u0131k\u00e7\u0131\u2019n\u0131n mezar\u0131n\u0131n yan\u0131na \u015ei\u015fli Ermeni Mezarl\u0131\u011f\u0131\u2019na defnedildi. Batman\u2019da 24 Nisan 2011\u2019de zorunlu askerli\u011fini yaparken \u00f6ld\u00fcr\u00fclen Sevag Bal\u0131k\u00e7\u0131\u2019n\u0131n 24 Nisan g\u00fcn\u00fc ya\u015fam\u0131n\u0131 yitiren babas\u0131 Garbis Bal\u0131k\u00e7\u0131, topra\u011fa verildi. Garbis Bal\u0131k\u00e7\u0131 i\u00e7in bug\u00fcn (28 Nisan) Ferik\u00f6y Surp Vartanants Ermeni Kilisesi\u2019nde t\u00f6ren yap\u0131ld\u0131. Foto\u011fraf HDP Milletvekili Musa Piro\u011flu\u2019nun Twitter [&hellip;]<\/p>\n","protected":false},"author":7,"featured_media":68305,"comment_status":"open","ping_status":"open","sticky":false,"template":"","format":"standard","meta":{"footnotes":""},"categories":[1],"tags":[],"class_list":["post-68304","post","type-post","status-publish","format-standard","has-post-thumbnail","hentry","category-haberler"],"yoast_head":"<!-- This site is optimized with the Yoast SEO plugin v27.4 - https:\/\/yoast.com\/product\/yoast-seo-wordpress\/ -->\n<title>Garbis Bal\u0131k\u00e7\u0131, o\u011flu Sevag\u2019\u0131n yan\u0131na defnedildi - Bati Ermenistan Ve Bati Ermenileri Sorunlari Ara\u015ftirmalar Merkezi<\/title>\n<meta name=\"robots\" content=\"index, follow, max-snippet:-1, max-image-preview:large, max-video-preview:-1\" \/>\n<link rel=\"canonical\" href=\"https:\/\/akunq.net\/tr\/?p=68304\" \/>\n<meta property=\"og:locale\" content=\"en_US\" \/>\n<meta property=\"og:type\" content=\"article\" \/>\n<meta property=\"og:title\" content=\"Garbis Bal\u0131k\u00e7\u0131, o\u011flu Sevag\u2019\u0131n yan\u0131na defnedildi - Bati Ermenistan Ve Bati Ermenileri Sorunlari Ara\u015ftirmalar Merkezi\" \/>\n<meta property=\"og:description\" content=\"Kilisede yap\u0131lan cenaze t\u00f6reni sonras\u0131nda Garbis Bal\u0131k\u00e7\u0131, o\u011flu Sevag Bal\u0131k\u00e7\u0131\u2019n\u0131n mezar\u0131n\u0131n yan\u0131na \u015ei\u015fli Ermeni Mezarl\u0131\u011f\u0131\u2019na defnedildi. Batman\u2019da 24 Nisan 2011\u2019de zorunlu askerli\u011fini yaparken \u00f6ld\u00fcr\u00fclen Sevag Bal\u0131k\u00e7\u0131\u2019n\u0131n 24 Nisan g\u00fcn\u00fc ya\u015fam\u0131n\u0131 yitiren babas\u0131 Garbis Bal\u0131k\u00e7\u0131, topra\u011fa verildi. Garbis Bal\u0131k\u00e7\u0131 i\u00e7in bug\u00fcn (28 Nisan) Ferik\u00f6y Surp Vartanants Ermeni Kilisesi\u2019nde t\u00f6ren yap\u0131ld\u0131. Foto\u011fraf HDP Milletvekili Musa Piro\u011flu\u2019nun Twitter [&hellip;]\" \/>\n<meta property=\"og:url\" content=\"https:\/\/akunq.net\/tr\/?p=68304\" \/>\n<meta property=\"og:site_name\" content=\"Bati Ermenistan Ve Bati Ermenileri Sorunlari Ara\u015ftirmalar Merkezi\" \/>\n<meta property=\"article:published_time\" content=\"2022-05-02T07:56:47+00:00\" \/>\n<meta property=\"og:image\" content=\"https:\/\/akunq.net\/tr\/wp-content\/uploads\/sites\/6\/2022\/05\/Garbis-Bal\u0131k\u00e7\u0131.jpg\" \/>\n\t<meta property=\"og:image:width\" content=\"1020\" \/>\n\t<meta property=\"og:image:height\" content=\"660\" \/>\n\t<meta property=\"og:image:type\" content=\"image\/jpeg\" \/>\n<meta name=\"author\" content=\"admin\" \/>\n<meta name=\"twitter:card\" content=\"summary_large_image\" \/>\n<meta name=\"twitter:label1\" content=\"Written by\" \/>\n\t<meta name=\"twitter:data1\" content=\"admin\" \/>\n\t<meta name=\"twitter:label2\" content=\"Est. reading time\" \/>\n\t<meta name=\"twitter:data2\" content=\"1 minute\" \/>\n<script type=\"application\/ld+json\" class=\"yoast-schema-graph\">{\"@context\":\"https:\\\/\\\/schema.org\",\"@graph\":[{\"@type\":\"Article\",\"@id\":\"https:\\\/\\\/akunq.net\\\/tr\\\/?p=68304#article\",\"isPartOf\":{\"@id\":\"https:\\\/\\\/akunq.net\\\/tr\\\/?p=68304\"},\"author\":{\"name\":\"admin\",\"@id\":\"https:\\\/\\\/akunq.net\\\/tr\\\/#\\\/schema\\\/person\\\/096f1d38a12cce57fb855b485ed24c9e\"},\"headline\":\"Garbis Bal\u0131k\u00e7\u0131, o\u011flu Sevag\u2019\u0131n yan\u0131na defnedildi\",\"datePublished\":\"2022-05-02T07:56:47+00:00\",\"mainEntityOfPage\":{\"@id\":\"https:\\\/\\\/akunq.net\\\/tr\\\/?p=68304\"},\"wordCount\":174,\"commentCount\":0,\"image\":{\"@id\":\"https:\\\/\\\/akunq.net\\\/tr\\\/?p=68304#primaryimage\"},\"thumbnailUrl\":\"https:\\\/\\\/akunq.net\\\/tr\\\/wp-content\\\/uploads\\\/sites\\\/6\\\/2022\\\/05\\\/Garbis-Bal\u0131k\u00e7\u0131.jpg\",\"articleSection\":[\"Haberler\"],\"inLanguage\":\"en-US\",\"potentialAction\":[{\"@type\":\"CommentAction\",\"name\":\"Comment\",\"target\":[\"https:\\\/\\\/akunq.net\\\/tr\\\/?p=68304#respond\"]}]},{\"@type\":\"WebPage\",\"@id\":\"https:\\\/\\\/akunq.net\\\/tr\\\/?p=68304\",\"url\":\"https:\\\/\\\/akunq.net\\\/tr\\\/?p=68304\",\"name\":\"Garbis Bal\u0131k\u00e7\u0131, o\u011flu Sevag\u2019\u0131n yan\u0131na defnedildi - Bati Ermenistan Ve Bati Ermenileri Sorunlari Ara\u015ftirmalar Merkezi\",\"isPartOf\":{\"@id\":\"https:\\\/\\\/akunq.net\\\/tr\\\/#website\"},\"primaryImageOfPage\":{\"@id\":\"https:\\\/\\\/akunq.net\\\/tr\\\/?p=68304#primaryimage\"},\"image\":{\"@id\":\"https:\\\/\\\/akunq.net\\\/tr\\\/?p=68304#primaryimage\"},\"thumbnailUrl\":\"https:\\\/\\\/akunq.net\\\/tr\\\/wp-content\\\/uploads\\\/sites\\\/6\\\/2022\\\/05\\\/Garbis-Bal\u0131k\u00e7\u0131.jpg\",\"datePublished\":\"2022-05-02T07:56:47+00:00\",\"author\":{\"@id\":\"https:\\\/\\\/akunq.net\\\/tr\\\/#\\\/schema\\\/person\\\/096f1d38a12cce57fb855b485ed24c9e\"},\"breadcrumb\":{\"@id\":\"https:\\\/\\\/akunq.net\\\/tr\\\/?p=68304#breadcrumb\"},\"inLanguage\":\"en-US\",\"potentialAction\":[{\"@type\":\"ReadAction\",\"target\":[\"https:\\\/\\\/akunq.net\\\/tr\\\/?p=68304\"]}]},{\"@type\":\"ImageObject\",\"inLanguage\":\"en-US\",\"@id\":\"https:\\\/\\\/akunq.net\\\/tr\\\/?p=68304#primaryimage\",\"url\":\"https:\\\/\\\/akunq.net\\\/tr\\\/wp-content\\\/uploads\\\/sites\\\/6\\\/2022\\\/05\\\/Garbis-Bal\u0131k\u00e7\u0131.jpg\",\"contentUrl\":\"https:\\\/\\\/akunq.net\\\/tr\\\/wp-content\\\/uploads\\\/sites\\\/6\\\/2022\\\/05\\\/Garbis-Bal\u0131k\u00e7\u0131.jpg\",\"width\":1020,\"height\":660},{\"@type\":\"BreadcrumbList\",\"@id\":\"https:\\\/\\\/akunq.net\\\/tr\\\/?p=68304#breadcrumb\",\"itemListElement\":[{\"@type\":\"ListItem\",\"position\":1,\"name\":\"Home\",\"item\":\"https:\\\/\\\/akunq.net\\\/tr\"},{\"@type\":\"ListItem\",\"position\":2,\"name\":\"Garbis Bal\u0131k\u00e7\u0131, o\u011flu Sevag\u2019\u0131n yan\u0131na defnedildi\"}]},{\"@type\":\"WebSite\",\"@id\":\"https:\\\/\\\/akunq.net\\\/tr\\\/#website\",\"url\":\"https:\\\/\\\/akunq.net\\\/tr\\\/\",\"name\":\"Bati Ermenistan Ve Bati Ermenileri Sorunlari Ara\u015ftirmalar Merkezi\",\"description\":\"\",\"potentialAction\":[{\"@type\":\"SearchAction\",\"target\":{\"@type\":\"EntryPoint\",\"urlTemplate\":\"https:\\\/\\\/akunq.net\\\/tr\\\/?s={search_term_string}\"},\"query-input\":{\"@type\":\"PropertyValueSpecification\",\"valueRequired\":true,\"valueName\":\"search_term_string\"}}],\"inLanguage\":\"en-US\"},{\"@type\":\"Person\",\"@id\":\"https:\\\/\\\/akunq.net\\\/tr\\\/#\\\/schema\\\/person\\\/096f1d38a12cce57fb855b485ed24c9e\",\"name\":\"admin\",\"url\":\"https:\\\/\\\/akunq.net\\\/tr\\\/?author=7\"}]}<\/script>\n<!-- \/ Yoast SEO plugin. -->","yoast_head_json":{"title":"Garbis Bal\u0131k\u00e7\u0131, o\u011flu Sevag\u2019\u0131n yan\u0131na defnedildi - Bati Ermenistan Ve Bati Ermenileri Sorunlari Ara\u015ftirmalar Merkezi","robots":{"index":"index","follow":"follow","max-snippet":"max-snippet:-1","max-image-preview":"max-image-preview:large","max-video-preview":"max-video-preview:-1"},"canonical":"https:\/\/akunq.net\/tr\/?p=68304","og_locale":"en_US","og_type":"article","og_title":"Garbis Bal\u0131k\u00e7\u0131, o\u011flu Sevag\u2019\u0131n yan\u0131na defnedildi - Bati Ermenistan Ve Bati Ermenileri Sorunlari Ara\u015ftirmalar Merkezi","og_description":"Kilisede yap\u0131lan cenaze t\u00f6reni sonras\u0131nda Garbis Bal\u0131k\u00e7\u0131, o\u011flu Sevag Bal\u0131k\u00e7\u0131\u2019n\u0131n mezar\u0131n\u0131n yan\u0131na \u015ei\u015fli Ermeni Mezarl\u0131\u011f\u0131\u2019na defnedildi. Batman\u2019da 24 Nisan 2011\u2019de zorunlu askerli\u011fini yaparken \u00f6ld\u00fcr\u00fclen Sevag Bal\u0131k\u00e7\u0131\u2019n\u0131n 24 Nisan g\u00fcn\u00fc ya\u015fam\u0131n\u0131 yitiren babas\u0131 Garbis Bal\u0131k\u00e7\u0131, topra\u011fa verildi. Garbis Bal\u0131k\u00e7\u0131 i\u00e7in bug\u00fcn (28 Nisan) Ferik\u00f6y Surp Vartanants Ermeni Kilisesi\u2019nde t\u00f6ren yap\u0131ld\u0131. Foto\u011fraf HDP Milletvekili Musa Piro\u011flu\u2019nun Twitter [&hellip;]","og_url":"https:\/\/akunq.net\/tr\/?p=68304","og_site_name":"Bati Ermenistan Ve Bati Ermenileri Sorunlari Ara\u015ftirmalar Merkezi","article_published_time":"2022-05-02T07:56:47+00:00","og_image":[{"width":1020,"height":660,"url":"https:\/\/akunq.net\/tr\/wp-content\/uploads\/sites\/6\/2022\/05\/Garbis-Bal\u0131k\u00e7\u0131.jpg","type":"image\/jpeg"}],"author":"admin","twitter_card":"summary_large_image","twitter_misc":{"Written by":"admin","Est. reading time":"1 minute"},"schema":{"@context":"https:\/\/schema.org","@graph":[{"@type":"Article","@id":"https:\/\/akunq.net\/tr\/?p=68304#article","isPartOf":{"@id":"https:\/\/akunq.net\/tr\/?p=68304"},"author":{"name":"admin","@id":"https:\/\/akunq.net\/tr\/#\/schema\/person\/096f1d38a12cce57fb855b485ed24c9e"},"headline":"Garbis Bal\u0131k\u00e7\u0131, o\u011flu Sevag\u2019\u0131n yan\u0131na defnedildi","datePublished":"2022-05-02T07:56:47+00:00","mainEntityOfPage":{"@id":"https:\/\/akunq.net\/tr\/?p=68304"},"wordCount":174,"commentCount":0,"image":{"@id":"https:\/\/akunq.net\/tr\/?p=68304#primaryimage"},"thumbnailUrl":"https:\/\/akunq.net\/tr\/wp-content\/uploads\/sites\/6\/2022\/05\/Garbis-Bal\u0131k\u00e7\u0131.jpg","articleSection":["Haberler"],"inLanguage":"en-US","potentialAction":[{"@type":"CommentAction","name":"Comment","target":["https:\/\/akunq.net\/tr\/?p=68304#respond"]}]},{"@type":"WebPage","@id":"https:\/\/akunq.net\/tr\/?p=68304","url":"https:\/\/akunq.net\/tr\/?p=68304","name":"Garbis Bal\u0131k\u00e7\u0131, o\u011flu Sevag\u2019\u0131n yan\u0131na defnedildi - Bati Ermenistan Ve Bati Ermenileri Sorunlari Ara\u015ftirmalar Merkezi","isPartOf":{"@id":"https:\/\/akunq.net\/tr\/#website"},"primaryImageOfPage":{"@id":"https:\/\/akunq.net\/tr\/?p=68304#primaryimage"},"image":{"@id":"https:\/\/akunq.net\/tr\/?p=68304#primaryimage"},"thumbnailUrl":"https:\/\/akunq.net\/tr\/wp-content\/uploads\/sites\/6\/2022\/05\/Garbis-Bal\u0131k\u00e7\u0131.jpg","datePublished":"2022-05-02T07:56:47+00:00","author":{"@id":"https:\/\/akunq.net\/tr\/#\/schema\/person\/096f1d38a12cce57fb855b485ed24c9e"},"breadcrumb":{"@id":"https:\/\/akunq.net\/tr\/?p=68304#breadcrumb"},"inLanguage":"en-US","potentialAction":[{"@type":"ReadAction","target":["https:\/\/akunq.net\/tr\/?p=68304"]}]},{"@type":"ImageObject","inLanguage":"en-US","@id":"https:\/\/akunq.net\/tr\/?p=68304#primaryimage","url":"https:\/\/akunq.net\/tr\/wp-content\/uploads\/sites\/6\/2022\/05\/Garbis-Bal\u0131k\u00e7\u0131.jpg","contentUrl":"https:\/\/akunq.net\/tr\/wp-content\/uploads\/sites\/6\/2022\/05\/Garbis-Bal\u0131k\u00e7\u0131.jpg","width":1020,"height":660},{"@type":"BreadcrumbList","@id":"https:\/\/akunq.net\/tr\/?p=68304#breadcrumb","itemListElement":[{"@type":"ListItem","position":1,"name":"Home","item":"https:\/\/akunq.net\/tr"},{"@type":"ListItem","position":2,"name":"Garbis Bal\u0131k\u00e7\u0131, o\u011flu Sevag\u2019\u0131n yan\u0131na defnedildi"}]},{"@type":"WebSite","@id":"https:\/\/akunq.net\/tr\/#website","url":"https:\/\/akunq.net\/tr\/","name":"Bati Ermenistan Ve Bati Ermenileri Sorunlari Ara\u015ftirmalar Merkezi","description":"","potentialAction":[{"@type":"SearchAction","target":{"@type":"EntryPoint","urlTemplate":"https:\/\/akunq.net\/tr\/?s={search_term_string}"},"query-input":{"@type":"PropertyValueSpecification","valueRequired":true,"valueName":"search_term_string"}}],"inLanguage":"en-US"},{"@type":"Person","@id":"https:\/\/akunq.net\/tr\/#\/schema\/person\/096f1d38a12cce57fb855b485ed24c9e","name":"admin","url":"https:\/\/akunq.net\/tr\/?author=7"}]}},"_links":{"self":[{"href":"https:\/\/akunq.net\/tr\/index.php?rest_route=\/wp\/v2\/posts\/68304","targetHints":{"allow":["GET"]}}],"collection":[{"href":"https:\/\/akunq.net\/tr\/index.php?rest_route=\/wp\/v2\/posts"}],"about":[{"href":"https:\/\/akunq.net\/tr\/index.php?rest_route=\/wp\/v2\/types\/post"}],"author":[{"embeddable":true,"href":"https:\/\/akunq.net\/tr\/index.php?rest_route=\/wp\/v2\/users\/7"}],"replies":[{"embeddable":true,"href":"https:\/\/akunq.net\/tr\/index.php?rest_route=%2Fwp%2Fv2%2Fcomments&post=68304"}],"version-history":[{"count":1,"href":"https:\/\/akunq.net\/tr\/index.php?rest_route=\/wp\/v2\/posts\/68304\/revisions"}],"predecessor-version":[{"id":68306,"href":"https:\/\/akunq.net\/tr\/index.php?rest_route=\/wp\/v2\/posts\/68304\/revisions\/68306"}],"wp:featuredmedia":[{"embeddable":true,"href":"https:\/\/akunq.net\/tr\/index.php?rest_route=\/wp\/v2\/media\/68305"}],"wp:attachment":[{"href":"https:\/\/akunq.net\/tr\/index.php?rest_route=%2Fwp%2Fv2%2Fmedia&parent=68304"}],"wp:term":[{"taxonomy":"category","embeddable":true,"href":"https:\/\/akunq.net\/tr\/index.php?rest_route=%2Fwp%2Fv2%2Fcategories&post=68304"},{"taxonomy":"post_tag","embeddable":true,"href":"https:\/\/akunq.net\/tr\/index.php?rest_route=%2Fwp%2Fv2%2Ftags&post=68304"}],"curies":[{"name":"wp","href":"https:\/\/api.w.org\/{rel}","templated":true}]}}