{"id":68291,"date":"2022-05-02T02:19:37","date_gmt":"2022-05-02T07:19:37","guid":{"rendered":"https:\/\/akunq.net\/tr\/?p=68291"},"modified":"2022-05-02T02:19:37","modified_gmt":"2022-05-02T07:19:37","slug":"sumela-manastiri-ziyarete-acildi","status":"publish","type":"post","link":"https:\/\/akunq.net\/tr\/?p=68291","title":{"rendered":"S\u00fcmela Manast\u0131r\u0131 ziyarete a\u00e7\u0131ld\u0131"},"content":{"rendered":"<p><img loading=\"lazy\" decoding=\"async\" class=\"aligncenter size-medium wp-image-68292\" src=\"https:\/\/akunq.net\/tr\/wp-content\/uploads\/2022\/05\/S\u00fcmela-Manast\u0131r\u0131-360x189.jpg\" alt=\"\" width=\"360\" height=\"189\" srcset=\"https:\/\/akunq.net\/tr\/wp-content\/uploads\/sites\/6\/2022\/05\/S\u00fcmela-Manast\u0131r\u0131-360x189.jpg 360w, https:\/\/akunq.net\/tr\/wp-content\/uploads\/sites\/6\/2022\/05\/S\u00fcmela-Manast\u0131r\u0131-560x294.jpg 560w, https:\/\/akunq.net\/tr\/wp-content\/uploads\/sites\/6\/2022\/05\/S\u00fcmela-Manast\u0131r\u0131-260x137.jpg 260w, https:\/\/akunq.net\/tr\/wp-content\/uploads\/sites\/6\/2022\/05\/S\u00fcmela-Manast\u0131r\u0131-160x84.jpg 160w, https:\/\/akunq.net\/tr\/wp-content\/uploads\/sites\/6\/2022\/05\/S\u00fcmela-Manast\u0131r\u0131.jpg 752w\" sizes=\"auto, (max-width: 360px) 100vw, 360px\" \/><\/p>\n<p><strong>\u00d6ZG\u00dcR \u00d6ZDEM\u0130R<\/strong><\/p>\n<p><em><strong>Restorasyon ve kaya g\u00fc\u00e7lendirme \u00e7al\u0131\u015fmalar\u0131 i\u00e7in 2015\u2019de ziyarete kapat\u0131larak restore edilen Trabzon\u2019daki S\u00fcmela Manast\u0131r\u0131, 6 y\u0131l\u0131n ard\u0131ndan merakl\u0131lar\u0131na kap\u0131lar\u0131n\u0131 a\u00e7t\u0131.<\/strong><\/em><\/p>\n<p>Trabzon\u2019un tarihi ve \u00fcnl\u00fc S\u00fcmela Manast\u0131r\u0131, 24 end\u00fcstriyel da\u011fc\u0131 ve 5 m\u00fchendisten olu\u015fan ekibin titiz restorasyon \u00e7al\u0131\u015fmas\u0131n\u0131n ard\u0131ndan yeniden ziyaret\u00e7ileriyle bulu\u015ftu.<\/p>\n<p>Tarihi manast\u0131rdaki restorasyon \u00e7al\u0131\u015fmalar\u0131 kapsam\u0131nda, tehlike olu\u015fturan b\u00fcy\u00fck boyutlu kaya par\u00e7alar\u0131, \u00e7elik halatlarla sabitlenirken kaya tutucu bariyerler in\u015fa edildi. Manast\u0131r\u2019\u0131n giri\u015f kap\u0131s\u0131 \u00fczerinde y\u00fcksek risk te\u015fkil eden 360 tonluk kaya k\u00fctlesi de 16 metrelik \u00e7elik kaz\u0131klarla yamaca sabitlendi. Manast\u0131r restorasyonun tamamlanmas\u0131n\u0131n ard\u0131ndan bug\u00fcn yeniden ziyarete a\u00e7\u0131ld\u0131.<\/p>\n<p>Yeniden ziyarete a\u00e7\u0131lan manast\u0131ra gelen ziyaret\u00e7iler SABAH\u2019a konu\u015ftu.<\/p>\n<p><img loading=\"lazy\" decoding=\"async\" class=\"aligncenter size-medium wp-image-68293\" src=\"https:\/\/akunq.net\/tr\/wp-content\/uploads\/2022\/05\/S\u00fcmela-360x270.jpg\" alt=\"\" width=\"360\" height=\"270\" srcset=\"https:\/\/akunq.net\/tr\/wp-content\/uploads\/sites\/6\/2022\/05\/S\u00fcmela-360x270.jpg 360w, https:\/\/akunq.net\/tr\/wp-content\/uploads\/sites\/6\/2022\/05\/S\u00fcmela-560x420.jpg 560w, https:\/\/akunq.net\/tr\/wp-content\/uploads\/sites\/6\/2022\/05\/S\u00fcmela-260x195.jpg 260w, https:\/\/akunq.net\/tr\/wp-content\/uploads\/sites\/6\/2022\/05\/S\u00fcmela-160x120.jpg 160w, https:\/\/akunq.net\/tr\/wp-content\/uploads\/sites\/6\/2022\/05\/S\u00fcmela.jpg 600w\" sizes=\"auto, (max-width: 360px) 100vw, 360px\" \/><\/p>\n<p>Bayram tatilini memleketinde ge\u00e7irmek isteyen \u00d6zge Baki, \u0130stanbul\u2019dan geldi\u011fini belirterek \u201c5 y\u0131l \u00f6nce geldi\u011fimizde restorasyon nedeniyle manast\u0131r\u0131n i\u00e7ini g\u00f6rmemi\u015ftik. Ger\u00e7ekten \u00e7ok g\u00fczel restorasyon yap\u0131lm\u0131\u015f ve buradaki tarih koruma alt\u0131na al\u0131nm\u0131\u015f. Burada bir tarih yat\u0131yor. Herkesin buray\u0131 gezip g\u00f6rmesini tavsiye ediyorum.\u201d dedi.<\/p>\n<p>Ankara\u2019dan S\u00fcmela Manast\u0131r\u0131\u2019n\u0131 ziyarete gelen Mehmet Akif Ko\u00e7 ise, \u201cBuray\u0131 \u00e7ok g\u00f6rmek istiyordum. Restorasyonu tamamlan\u0131nca bayram tatili sayesinde gelip g\u00f6rd\u00fcm. Buran\u0131n ambiyans\u0131 \u00e7ok g\u00fczel. Tarihi yap\u0131 hi\u00e7 bozulmam\u0131\u015f. Buran\u0131n koruma alt\u0131na al\u0131nmas\u0131 ve g\u00fc\u00e7lendirilmesi nedeniyle devletimize te\u015fekk\u00fcr ediyorum. Do\u011fa ve tarih kokan bir yer.\u201d ifadelerini kulland\u0131.<\/p>\n<p>\u00c7anakkale\u2019den gelen \u00fcniversite \u00f6\u011frencisi Merve Sava\u015f\u00e7\u0131 da, \u201cBuraya ilk kez geliyorum. \u00c7ok g\u00fczel do\u011fa harikas\u0131 ve tarihi bir yer. Buray\u0131 g\u00f6rmeyenlerin kesinlikle gelip g\u00f6rmelerini tavsiye ediyorum.\u201d \u015feklinde konu\u015ftu.<\/p>\n<p>\u00d6te yandan manast\u0131r\u0131 yaz sezonunda yakla\u015f\u0131k 300 bin yerli ve yabanc\u0131 turistin ziyaret etmesi bekleniyor.<\/p>\n<hr \/>\n<p><em><strong><a href=\"https:\/\/www.sabah.com.tr\/yasam\/sumela-manastiri-ziyarete-acildi-5975777\" target=\"_blank\" rel=\"noopener noreferrer\">Sabah Gazetesi<\/a>\u00a0<\/strong><\/em><\/p>\n","protected":false},"excerpt":{"rendered":"<p>\u00d6ZG\u00dcR \u00d6ZDEM\u0130R Restorasyon ve kaya g\u00fc\u00e7lendirme \u00e7al\u0131\u015fmalar\u0131 i\u00e7in 2015\u2019de ziyarete kapat\u0131larak restore edilen Trabzon\u2019daki S\u00fcmela Manast\u0131r\u0131, 6 y\u0131l\u0131n ard\u0131ndan merakl\u0131lar\u0131na kap\u0131lar\u0131n\u0131 a\u00e7t\u0131. Trabzon\u2019un tarihi ve \u00fcnl\u00fc S\u00fcmela Manast\u0131r\u0131, 24 end\u00fcstriyel da\u011fc\u0131 ve 5 m\u00fchendisten olu\u015fan ekibin titiz restorasyon \u00e7al\u0131\u015fmas\u0131n\u0131n ard\u0131ndan yeniden ziyaret\u00e7ileriyle bulu\u015ftu. Tarihi manast\u0131rdaki restorasyon \u00e7al\u0131\u015fmalar\u0131 kapsam\u0131nda, tehlike olu\u015fturan b\u00fcy\u00fck boyutlu kaya par\u00e7alar\u0131, \u00e7elik [&hellip;]<\/p>\n","protected":false},"author":7,"featured_media":68293,"comment_status":"open","ping_status":"open","sticky":false,"template":"","format":"standard","meta":{"footnotes":""},"categories":[1],"tags":[],"class_list":["post-68291","post","type-post","status-publish","format-standard","has-post-thumbnail","hentry","category-haberler"],"yoast_head":"<!-- This site is optimized with the Yoast SEO plugin v27.4 - https:\/\/yoast.com\/product\/yoast-seo-wordpress\/ -->\n<title>S\u00fcmela Manast\u0131r\u0131 ziyarete a\u00e7\u0131ld\u0131 - Bati Ermenistan Ve Bati Ermenileri Sorunlari Ara\u015ftirmalar Merkezi<\/title>\n<meta name=\"robots\" content=\"index, follow, max-snippet:-1, max-image-preview:large, max-video-preview:-1\" \/>\n<link rel=\"canonical\" href=\"https:\/\/akunq.net\/tr\/?p=68291\" \/>\n<meta property=\"og:locale\" content=\"en_US\" \/>\n<meta property=\"og:type\" content=\"article\" \/>\n<meta property=\"og:title\" content=\"S\u00fcmela Manast\u0131r\u0131 ziyarete a\u00e7\u0131ld\u0131 - Bati Ermenistan Ve Bati Ermenileri Sorunlari Ara\u015ftirmalar Merkezi\" \/>\n<meta property=\"og:description\" content=\"\u00d6ZG\u00dcR \u00d6ZDEM\u0130R Restorasyon ve kaya g\u00fc\u00e7lendirme \u00e7al\u0131\u015fmalar\u0131 i\u00e7in 2015\u2019de ziyarete kapat\u0131larak restore edilen Trabzon\u2019daki S\u00fcmela Manast\u0131r\u0131, 6 y\u0131l\u0131n ard\u0131ndan merakl\u0131lar\u0131na kap\u0131lar\u0131n\u0131 a\u00e7t\u0131. Trabzon\u2019un tarihi ve \u00fcnl\u00fc S\u00fcmela Manast\u0131r\u0131, 24 end\u00fcstriyel da\u011fc\u0131 ve 5 m\u00fchendisten olu\u015fan ekibin titiz restorasyon \u00e7al\u0131\u015fmas\u0131n\u0131n ard\u0131ndan yeniden ziyaret\u00e7ileriyle bulu\u015ftu. Tarihi manast\u0131rdaki restorasyon \u00e7al\u0131\u015fmalar\u0131 kapsam\u0131nda, tehlike olu\u015fturan b\u00fcy\u00fck boyutlu kaya par\u00e7alar\u0131, \u00e7elik [&hellip;]\" \/>\n<meta property=\"og:url\" content=\"https:\/\/akunq.net\/tr\/?p=68291\" \/>\n<meta property=\"og:site_name\" content=\"Bati Ermenistan Ve Bati Ermenileri Sorunlari Ara\u015ftirmalar Merkezi\" \/>\n<meta property=\"article:published_time\" content=\"2022-05-02T07:19:37+00:00\" \/>\n<meta property=\"og:image\" content=\"https:\/\/akunq.net\/tr\/wp-content\/uploads\/sites\/6\/2022\/05\/S\u00fcmela.jpg\" \/>\n\t<meta property=\"og:image:width\" content=\"600\" \/>\n\t<meta property=\"og:image:height\" content=\"450\" \/>\n\t<meta property=\"og:image:type\" content=\"image\/jpeg\" \/>\n<meta name=\"author\" content=\"admin\" \/>\n<meta name=\"twitter:card\" content=\"summary_large_image\" \/>\n<meta name=\"twitter:label1\" content=\"Written by\" \/>\n\t<meta name=\"twitter:data1\" content=\"admin\" \/>\n\t<meta name=\"twitter:label2\" content=\"Est. reading time\" \/>\n\t<meta name=\"twitter:data2\" content=\"2 minutes\" \/>\n<script type=\"application\/ld+json\" class=\"yoast-schema-graph\">{\"@context\":\"https:\\\/\\\/schema.org\",\"@graph\":[{\"@type\":\"Article\",\"@id\":\"https:\\\/\\\/akunq.net\\\/tr\\\/?p=68291#article\",\"isPartOf\":{\"@id\":\"https:\\\/\\\/akunq.net\\\/tr\\\/?p=68291\"},\"author\":{\"name\":\"admin\",\"@id\":\"https:\\\/\\\/akunq.net\\\/tr\\\/#\\\/schema\\\/person\\\/096f1d38a12cce57fb855b485ed24c9e\"},\"headline\":\"S\u00fcmela Manast\u0131r\u0131 ziyarete a\u00e7\u0131ld\u0131\",\"datePublished\":\"2022-05-02T07:19:37+00:00\",\"mainEntityOfPage\":{\"@id\":\"https:\\\/\\\/akunq.net\\\/tr\\\/?p=68291\"},\"wordCount\":327,\"commentCount\":0,\"image\":{\"@id\":\"https:\\\/\\\/akunq.net\\\/tr\\\/?p=68291#primaryimage\"},\"thumbnailUrl\":\"https:\\\/\\\/akunq.net\\\/tr\\\/wp-content\\\/uploads\\\/sites\\\/6\\\/2022\\\/05\\\/S\u00fcmela.jpg\",\"articleSection\":[\"Haberler\"],\"inLanguage\":\"en-US\",\"potentialAction\":[{\"@type\":\"CommentAction\",\"name\":\"Comment\",\"target\":[\"https:\\\/\\\/akunq.net\\\/tr\\\/?p=68291#respond\"]}]},{\"@type\":\"WebPage\",\"@id\":\"https:\\\/\\\/akunq.net\\\/tr\\\/?p=68291\",\"url\":\"https:\\\/\\\/akunq.net\\\/tr\\\/?p=68291\",\"name\":\"S\u00fcmela Manast\u0131r\u0131 ziyarete a\u00e7\u0131ld\u0131 - Bati Ermenistan Ve Bati Ermenileri Sorunlari Ara\u015ftirmalar Merkezi\",\"isPartOf\":{\"@id\":\"https:\\\/\\\/akunq.net\\\/tr\\\/#website\"},\"primaryImageOfPage\":{\"@id\":\"https:\\\/\\\/akunq.net\\\/tr\\\/?p=68291#primaryimage\"},\"image\":{\"@id\":\"https:\\\/\\\/akunq.net\\\/tr\\\/?p=68291#primaryimage\"},\"thumbnailUrl\":\"https:\\\/\\\/akunq.net\\\/tr\\\/wp-content\\\/uploads\\\/sites\\\/6\\\/2022\\\/05\\\/S\u00fcmela.jpg\",\"datePublished\":\"2022-05-02T07:19:37+00:00\",\"author\":{\"@id\":\"https:\\\/\\\/akunq.net\\\/tr\\\/#\\\/schema\\\/person\\\/096f1d38a12cce57fb855b485ed24c9e\"},\"breadcrumb\":{\"@id\":\"https:\\\/\\\/akunq.net\\\/tr\\\/?p=68291#breadcrumb\"},\"inLanguage\":\"en-US\",\"potentialAction\":[{\"@type\":\"ReadAction\",\"target\":[\"https:\\\/\\\/akunq.net\\\/tr\\\/?p=68291\"]}]},{\"@type\":\"ImageObject\",\"inLanguage\":\"en-US\",\"@id\":\"https:\\\/\\\/akunq.net\\\/tr\\\/?p=68291#primaryimage\",\"url\":\"https:\\\/\\\/akunq.net\\\/tr\\\/wp-content\\\/uploads\\\/sites\\\/6\\\/2022\\\/05\\\/S\u00fcmela.jpg\",\"contentUrl\":\"https:\\\/\\\/akunq.net\\\/tr\\\/wp-content\\\/uploads\\\/sites\\\/6\\\/2022\\\/05\\\/S\u00fcmela.jpg\",\"width\":600,\"height\":450},{\"@type\":\"BreadcrumbList\",\"@id\":\"https:\\\/\\\/akunq.net\\\/tr\\\/?p=68291#breadcrumb\",\"itemListElement\":[{\"@type\":\"ListItem\",\"position\":1,\"name\":\"Home\",\"item\":\"https:\\\/\\\/akunq.net\\\/tr\"},{\"@type\":\"ListItem\",\"position\":2,\"name\":\"S\u00fcmela Manast\u0131r\u0131 ziyarete a\u00e7\u0131ld\u0131\"}]},{\"@type\":\"WebSite\",\"@id\":\"https:\\\/\\\/akunq.net\\\/tr\\\/#website\",\"url\":\"https:\\\/\\\/akunq.net\\\/tr\\\/\",\"name\":\"Bati Ermenistan Ve Bati Ermenileri Sorunlari Ara\u015ftirmalar Merkezi\",\"description\":\"\",\"potentialAction\":[{\"@type\":\"SearchAction\",\"target\":{\"@type\":\"EntryPoint\",\"urlTemplate\":\"https:\\\/\\\/akunq.net\\\/tr\\\/?s={search_term_string}\"},\"query-input\":{\"@type\":\"PropertyValueSpecification\",\"valueRequired\":true,\"valueName\":\"search_term_string\"}}],\"inLanguage\":\"en-US\"},{\"@type\":\"Person\",\"@id\":\"https:\\\/\\\/akunq.net\\\/tr\\\/#\\\/schema\\\/person\\\/096f1d38a12cce57fb855b485ed24c9e\",\"name\":\"admin\",\"url\":\"https:\\\/\\\/akunq.net\\\/tr\\\/?author=7\"}]}<\/script>\n<!-- \/ Yoast SEO plugin. -->","yoast_head_json":{"title":"S\u00fcmela Manast\u0131r\u0131 ziyarete a\u00e7\u0131ld\u0131 - Bati Ermenistan Ve Bati Ermenileri Sorunlari Ara\u015ftirmalar Merkezi","robots":{"index":"index","follow":"follow","max-snippet":"max-snippet:-1","max-image-preview":"max-image-preview:large","max-video-preview":"max-video-preview:-1"},"canonical":"https:\/\/akunq.net\/tr\/?p=68291","og_locale":"en_US","og_type":"article","og_title":"S\u00fcmela Manast\u0131r\u0131 ziyarete a\u00e7\u0131ld\u0131 - Bati Ermenistan Ve Bati Ermenileri Sorunlari Ara\u015ftirmalar Merkezi","og_description":"\u00d6ZG\u00dcR \u00d6ZDEM\u0130R Restorasyon ve kaya g\u00fc\u00e7lendirme \u00e7al\u0131\u015fmalar\u0131 i\u00e7in 2015\u2019de ziyarete kapat\u0131larak restore edilen Trabzon\u2019daki S\u00fcmela Manast\u0131r\u0131, 6 y\u0131l\u0131n ard\u0131ndan merakl\u0131lar\u0131na kap\u0131lar\u0131n\u0131 a\u00e7t\u0131. Trabzon\u2019un tarihi ve \u00fcnl\u00fc S\u00fcmela Manast\u0131r\u0131, 24 end\u00fcstriyel da\u011fc\u0131 ve 5 m\u00fchendisten olu\u015fan ekibin titiz restorasyon \u00e7al\u0131\u015fmas\u0131n\u0131n ard\u0131ndan yeniden ziyaret\u00e7ileriyle bulu\u015ftu. Tarihi manast\u0131rdaki restorasyon \u00e7al\u0131\u015fmalar\u0131 kapsam\u0131nda, tehlike olu\u015fturan b\u00fcy\u00fck boyutlu kaya par\u00e7alar\u0131, \u00e7elik [&hellip;]","og_url":"https:\/\/akunq.net\/tr\/?p=68291","og_site_name":"Bati Ermenistan Ve Bati Ermenileri Sorunlari Ara\u015ftirmalar Merkezi","article_published_time":"2022-05-02T07:19:37+00:00","og_image":[{"width":600,"height":450,"url":"https:\/\/akunq.net\/tr\/wp-content\/uploads\/sites\/6\/2022\/05\/S\u00fcmela.jpg","type":"image\/jpeg"}],"author":"admin","twitter_card":"summary_large_image","twitter_misc":{"Written by":"admin","Est. reading time":"2 minutes"},"schema":{"@context":"https:\/\/schema.org","@graph":[{"@type":"Article","@id":"https:\/\/akunq.net\/tr\/?p=68291#article","isPartOf":{"@id":"https:\/\/akunq.net\/tr\/?p=68291"},"author":{"name":"admin","@id":"https:\/\/akunq.net\/tr\/#\/schema\/person\/096f1d38a12cce57fb855b485ed24c9e"},"headline":"S\u00fcmela Manast\u0131r\u0131 ziyarete a\u00e7\u0131ld\u0131","datePublished":"2022-05-02T07:19:37+00:00","mainEntityOfPage":{"@id":"https:\/\/akunq.net\/tr\/?p=68291"},"wordCount":327,"commentCount":0,"image":{"@id":"https:\/\/akunq.net\/tr\/?p=68291#primaryimage"},"thumbnailUrl":"https:\/\/akunq.net\/tr\/wp-content\/uploads\/sites\/6\/2022\/05\/S\u00fcmela.jpg","articleSection":["Haberler"],"inLanguage":"en-US","potentialAction":[{"@type":"CommentAction","name":"Comment","target":["https:\/\/akunq.net\/tr\/?p=68291#respond"]}]},{"@type":"WebPage","@id":"https:\/\/akunq.net\/tr\/?p=68291","url":"https:\/\/akunq.net\/tr\/?p=68291","name":"S\u00fcmela Manast\u0131r\u0131 ziyarete a\u00e7\u0131ld\u0131 - Bati Ermenistan Ve Bati Ermenileri Sorunlari Ara\u015ftirmalar Merkezi","isPartOf":{"@id":"https:\/\/akunq.net\/tr\/#website"},"primaryImageOfPage":{"@id":"https:\/\/akunq.net\/tr\/?p=68291#primaryimage"},"image":{"@id":"https:\/\/akunq.net\/tr\/?p=68291#primaryimage"},"thumbnailUrl":"https:\/\/akunq.net\/tr\/wp-content\/uploads\/sites\/6\/2022\/05\/S\u00fcmela.jpg","datePublished":"2022-05-02T07:19:37+00:00","author":{"@id":"https:\/\/akunq.net\/tr\/#\/schema\/person\/096f1d38a12cce57fb855b485ed24c9e"},"breadcrumb":{"@id":"https:\/\/akunq.net\/tr\/?p=68291#breadcrumb"},"inLanguage":"en-US","potentialAction":[{"@type":"ReadAction","target":["https:\/\/akunq.net\/tr\/?p=68291"]}]},{"@type":"ImageObject","inLanguage":"en-US","@id":"https:\/\/akunq.net\/tr\/?p=68291#primaryimage","url":"https:\/\/akunq.net\/tr\/wp-content\/uploads\/sites\/6\/2022\/05\/S\u00fcmela.jpg","contentUrl":"https:\/\/akunq.net\/tr\/wp-content\/uploads\/sites\/6\/2022\/05\/S\u00fcmela.jpg","width":600,"height":450},{"@type":"BreadcrumbList","@id":"https:\/\/akunq.net\/tr\/?p=68291#breadcrumb","itemListElement":[{"@type":"ListItem","position":1,"name":"Home","item":"https:\/\/akunq.net\/tr"},{"@type":"ListItem","position":2,"name":"S\u00fcmela Manast\u0131r\u0131 ziyarete a\u00e7\u0131ld\u0131"}]},{"@type":"WebSite","@id":"https:\/\/akunq.net\/tr\/#website","url":"https:\/\/akunq.net\/tr\/","name":"Bati Ermenistan Ve Bati Ermenileri Sorunlari Ara\u015ftirmalar Merkezi","description":"","potentialAction":[{"@type":"SearchAction","target":{"@type":"EntryPoint","urlTemplate":"https:\/\/akunq.net\/tr\/?s={search_term_string}"},"query-input":{"@type":"PropertyValueSpecification","valueRequired":true,"valueName":"search_term_string"}}],"inLanguage":"en-US"},{"@type":"Person","@id":"https:\/\/akunq.net\/tr\/#\/schema\/person\/096f1d38a12cce57fb855b485ed24c9e","name":"admin","url":"https:\/\/akunq.net\/tr\/?author=7"}]}},"_links":{"self":[{"href":"https:\/\/akunq.net\/tr\/index.php?rest_route=\/wp\/v2\/posts\/68291","targetHints":{"allow":["GET"]}}],"collection":[{"href":"https:\/\/akunq.net\/tr\/index.php?rest_route=\/wp\/v2\/posts"}],"about":[{"href":"https:\/\/akunq.net\/tr\/index.php?rest_route=\/wp\/v2\/types\/post"}],"author":[{"embeddable":true,"href":"https:\/\/akunq.net\/tr\/index.php?rest_route=\/wp\/v2\/users\/7"}],"replies":[{"embeddable":true,"href":"https:\/\/akunq.net\/tr\/index.php?rest_route=%2Fwp%2Fv2%2Fcomments&post=68291"}],"version-history":[{"count":1,"href":"https:\/\/akunq.net\/tr\/index.php?rest_route=\/wp\/v2\/posts\/68291\/revisions"}],"predecessor-version":[{"id":68294,"href":"https:\/\/akunq.net\/tr\/index.php?rest_route=\/wp\/v2\/posts\/68291\/revisions\/68294"}],"wp:featuredmedia":[{"embeddable":true,"href":"https:\/\/akunq.net\/tr\/index.php?rest_route=\/wp\/v2\/media\/68293"}],"wp:attachment":[{"href":"https:\/\/akunq.net\/tr\/index.php?rest_route=%2Fwp%2Fv2%2Fmedia&parent=68291"}],"wp:term":[{"taxonomy":"category","embeddable":true,"href":"https:\/\/akunq.net\/tr\/index.php?rest_route=%2Fwp%2Fv2%2Fcategories&post=68291"},{"taxonomy":"post_tag","embeddable":true,"href":"https:\/\/akunq.net\/tr\/index.php?rest_route=%2Fwp%2Fv2%2Ftags&post=68291"}],"curies":[{"name":"wp","href":"https:\/\/api.w.org\/{rel}","templated":true}]}}