{"id":68278,"date":"2022-04-29T03:23:23","date_gmt":"2022-04-29T08:23:23","guid":{"rendered":"https:\/\/akunq.net\/tr\/?p=68278"},"modified":"2022-04-29T03:23:23","modified_gmt":"2022-04-29T08:23:23","slug":"bahceliden-tehditkar-aciklamalar-kavala-soroscudur-garo-paylan-tbmmden-atilsin-halk-tv-dikkatli-olsun","status":"publish","type":"post","link":"https:\/\/akunq.net\/tr\/?p=68278","title":{"rendered":"Bah\u00e7eli\u2019den tehditkar a\u00e7\u0131klamalar: Kavala Soros\u00e7udur, Garo Paylan TBMM\u2019den at\u0131ls\u0131n, Halk TV dikkatli olsun"},"content":{"rendered":"<div class=\"spot\">\n<p><em><strong>MHP Genel Ba\u015fkan\u0131 Devlet Bah\u00e7eli, Osman Kavala\u2019ya \u201cSoros\u00e7u\u201d dedi, \u201cGaro Paylan\u2019\u0131 Meclisten at\u0131n\u201d \u00e7a\u011fr\u0131s\u0131 yapt\u0131, K\u0131l\u0131\u00e7daro\u011flu\u2019nu ve Halk TV\u2019yi ise tehdit etti.<\/strong><\/em><\/p>\n<\/div>\n<div class=\"article-header\">\n<div class=\"haber-gorsel\">\n<div class=\"lightbox\" data-src=\"https:\/\/www.evrensel.net\/upload\/dosya\/209149.jpg\" data-sub-html=\"Foto\u011fraf: DHA\"><img decoding=\"async\" src=\"https:\/\/www.evrensel.net\/images\/840\/upload\/dosya\/209149.jpg\" alt=\"\" \/><\/div>\n<div><span style=\"letter-spacing: 0.05em;\">MHP Genel Ba\u015fkan\u0131 Devlet Bah\u00e7eli yine CHP Genel Ba\u015fkan\u0131 Kemal K\u0131l\u0131\u00e7daro\u011flu\u2019nu hedef ald\u0131, \u0130Y\u0130 Parti Meral Ak\u015fener\u2019in Gezi a\u00e7\u0131klamalar\u0131na tepki g\u00f6sterdi.<\/span><\/div>\n<\/div>\n<\/div>\n<div class=\"haber\">\n<div id=\"haber-reklam\" class=\"haber-metin\">\n<p>\u201cSay\u0131n Kemal K\u0131I\u0131\u00e7daro\u011flu&#8217;nun bir helalle\u015fmenin \u00f6tesine gidip kavgala\u015fmaya heveslenmesi do\u011fru bir \u015fey de\u011fildir, bayramla\u015fmay\u0131 ve toplumlar aras\u0131nda bar\u0131\u015fmay\u0131 tercih etmeli, \u00e7\u0131k\u0131\u015f yolu bu\u201d diyen Bah\u00e7eli, \u201cB\u00f6yle bir s\u00fcre\u00e7ten gelen ve h\u00e2l\u00e2 kavgan\u0131n nerede bitti\u011fine dair kanaatleri tam olu\u015fmam\u0131\u015f olan insanlar, kalk\u0131p baz\u0131 konularda \u00e7ok dikkatli olmas\u0131 laz\u0131m. B\u00f6yle bir konuda Halk TV de dikkatli olsun. 6-7 Eyl\u00fcl olaylar\u0131nda 3 devrimcinin idam edili\u015fini s\u00fcrekli k\u00f6r\u00fckleyerek ortam\u0131 k\u0131z\u0131\u015ft\u0131rman\u0131n, tahrik edici ifadeler kullanman\u0131n bir felakete gidece\u011finin fark\u0131na varmal\u0131lar. Ve Kemal K\u0131l\u0131\u00e7daro\u011flu b\u00f6yle bir kavgada kaybeder\u201d \u015feklinde konu\u015ftu.<\/p>\n<h3>BAH\u00c7EL\u0130\u2019DEN AK\u015eENER\u2019E GEZ\u0130 TEPK\u0130S\u0130<\/h3>\n<p>Bah\u00e7eli, \u0130Y\u0130 Parti Genel Ba\u015fkan\u0131 Meral Ak\u015fener&#8217;in Gezi davas\u0131 karar\u0131yla ilgili a\u00e7\u0131klamas\u0131na ili\u015fkin &#8220;Kavala\u2019ya bak\u0131\u015fta farkl\u0131l\u0131klar var T\u00fcrkiye&#8217;de. O bak\u0131\u015f da yanl\u0131\u015f bir bak\u0131\u015f. T\u00fcrkiye\u2019de \u00f6zellikle 2013 tarihinde 27 May\u0131s\u2019tan itibaren gezi olaylar\u0131n\u0131n sosyal ve ekonomik maliyetinin ne oldu\u011fu ortada. Yani a\u011fa\u00e7 i\u00e7in gidiyorsunuz kur\u015fun at\u0131yorsunuz. Bunun neresinde &#8216;istibdat&#8217; diye yaz\u0131yor? Osman Kavala Soros\u00e7udur ve T\u00fcrk milletini temsil edecek bir zekada, kabiliyette, soyda de\u011fildir&#8221; ithamlar\u0131nda bulundu.<\/p>\n<p>Bah\u00e7eli, Gezi\u2019de MHP\u2019lilerin de yer ald\u0131\u011f\u0131na y\u00f6nelik a\u00e7\u0131klamalara ili\u015fkin, &#8220;\u0130lk d\u00f6nemlerde Taksim meydan\u0131nda olmayan yoktu ki. Bakt\u0131lar ki a\u011fa\u00e7 yerine memleketi y\u0131k\u0131yorlar, o zaman dediler ki &#8216;dur&#8217;. O g\u00fcnden itibaren \u00fclk\u00fcc\u00fc camia devlete zarar verebilecek bir eylemin i\u00e7erisinde olmaz. Bu d\u00f6nemi tekrar ya\u015fatmak isteyenler Allah muhafaza yar\u0131da kalm\u0131\u015f hesapla\u015fmay\u0131 g\u00fcndeme getirirlerse T\u00fcrkiye felakete gider. Bunun alt\u0131ndan CHP kalkamaz&#8221; ifadelerini kulland\u0131.<\/p>\n<p>Bah\u00e7eli, &#8220;Tehlikeyi o kadar yak\u0131n m\u0131 g\u00f6r\u00fcyorsunuz?&#8221; sorusuna &#8220;Evet, kavgay\u0131 k\u00f6r\u00fcklerseniz \u00e7ok yak\u0131nd\u0131r&#8221; diye cevap\u00a0verdi.<\/p>\n<h3>GARO PAYLAN A\u00c7IKLAMASI<\/h3>\n<p>Bah\u00e7eli, HDP\u2019li Garo Paylan\u2019\u0131n Ermeni soyk\u0131r\u0131m\u0131 teklifine ili\u015fkin de &#8220;Bunun arkas\u0131 \u00f6n\u00fc yok. \u0130hanetin arkas\u0131 ve \u00f6n\u00fc yok. Ya kendisi &#8216;TBMM benim Meclisim de\u011fildir&#8217; diyecek veya Meclis gere\u011fini yap\u0131p bunu atacak. Nereye gitmek istiyorsa, Ermenilerin hangi diasporas\u0131nda kim varsa orayla temasa ge\u00e7mesi laz\u0131m. Kendisine tavsiyem Amerika\u2019ya gitmesidir&#8221;\u00a0dedi.<\/p>\n<p><em><strong>https:\/\/www.evrensel.net\/haber\/460463\/bahceliden-tehditkar-aciklamalar-kavala-soroscudur-garo-paylan-tbmmden-atilsin-halk-tv-dikkatli-olsun\u00a0<\/strong><\/em><\/p>\n<\/div>\n<\/div>\n","protected":false},"excerpt":{"rendered":"<p>MHP Genel Ba\u015fkan\u0131 Devlet Bah\u00e7eli, Osman Kavala\u2019ya \u201cSoros\u00e7u\u201d dedi, \u201cGaro Paylan\u2019\u0131 Meclisten at\u0131n\u201d \u00e7a\u011fr\u0131s\u0131 yapt\u0131, K\u0131l\u0131\u00e7daro\u011flu\u2019nu ve Halk TV\u2019yi ise tehdit etti. MHP Genel Ba\u015fkan\u0131 Devlet Bah\u00e7eli yine CHP Genel Ba\u015fkan\u0131 Kemal K\u0131l\u0131\u00e7daro\u011flu\u2019nu hedef ald\u0131, \u0130Y\u0130 Parti Meral Ak\u015fener\u2019in Gezi a\u00e7\u0131klamalar\u0131na tepki g\u00f6sterdi. \u201cSay\u0131n Kemal K\u0131I\u0131\u00e7daro\u011flu&#8217;nun bir helalle\u015fmenin \u00f6tesine gidip kavgala\u015fmaya heveslenmesi do\u011fru bir \u015fey [&hellip;]<\/p>\n","protected":false},"author":7,"featured_media":68279,"comment_status":"open","ping_status":"open","sticky":false,"template":"","format":"standard","meta":{"footnotes":""},"categories":[1],"tags":[],"class_list":["post-68278","post","type-post","status-publish","format-standard","has-post-thumbnail","hentry","category-haberler"],"yoast_head":"<!-- This site is optimized with the Yoast SEO plugin v27.4 - https:\/\/yoast.com\/product\/yoast-seo-wordpress\/ -->\n<title>Bah\u00e7eli\u2019den tehditkar a\u00e7\u0131klamalar: Kavala Soros\u00e7udur, Garo Paylan TBMM\u2019den at\u0131ls\u0131n, Halk TV dikkatli olsun - Bati Ermenistan Ve Bati Ermenileri Sorunlari Ara\u015ftirmalar Merkezi<\/title>\n<meta name=\"robots\" content=\"index, follow, max-snippet:-1, max-image-preview:large, max-video-preview:-1\" \/>\n<link rel=\"canonical\" href=\"https:\/\/akunq.net\/tr\/?p=68278\" \/>\n<meta property=\"og:locale\" content=\"en_US\" \/>\n<meta property=\"og:type\" content=\"article\" \/>\n<meta property=\"og:title\" content=\"Bah\u00e7eli\u2019den tehditkar a\u00e7\u0131klamalar: Kavala Soros\u00e7udur, Garo Paylan TBMM\u2019den at\u0131ls\u0131n, Halk TV dikkatli olsun - Bati Ermenistan Ve Bati Ermenileri Sorunlari Ara\u015ftirmalar Merkezi\" \/>\n<meta property=\"og:description\" content=\"MHP Genel Ba\u015fkan\u0131 Devlet Bah\u00e7eli, Osman Kavala\u2019ya \u201cSoros\u00e7u\u201d dedi, \u201cGaro Paylan\u2019\u0131 Meclisten at\u0131n\u201d \u00e7a\u011fr\u0131s\u0131 yapt\u0131, K\u0131l\u0131\u00e7daro\u011flu\u2019nu ve Halk TV\u2019yi ise tehdit etti. MHP Genel Ba\u015fkan\u0131 Devlet Bah\u00e7eli yine CHP Genel Ba\u015fkan\u0131 Kemal K\u0131l\u0131\u00e7daro\u011flu\u2019nu hedef ald\u0131, \u0130Y\u0130 Parti Meral Ak\u015fener\u2019in Gezi a\u00e7\u0131klamalar\u0131na tepki g\u00f6sterdi. \u201cSay\u0131n Kemal K\u0131I\u0131\u00e7daro\u011flu&#8217;nun bir helalle\u015fmenin \u00f6tesine gidip kavgala\u015fmaya heveslenmesi do\u011fru bir \u015fey [&hellip;]\" \/>\n<meta property=\"og:url\" content=\"https:\/\/akunq.net\/tr\/?p=68278\" \/>\n<meta property=\"og:site_name\" content=\"Bati Ermenistan Ve Bati Ermenileri Sorunlari Ara\u015ftirmalar Merkezi\" \/>\n<meta property=\"article:published_time\" content=\"2022-04-29T08:23:23+00:00\" \/>\n<meta property=\"og:image\" content=\"https:\/\/akunq.net\/tr\/wp-content\/uploads\/sites\/6\/2022\/04\/\u0534\u0587\u056c\u0565\u0569-\u0532\u0561\u0570\u0579\u0565\u056c\u056b.jpg\" \/>\n\t<meta property=\"og:image:width\" content=\"1200\" \/>\n\t<meta property=\"og:image:height\" content=\"706\" \/>\n\t<meta property=\"og:image:type\" content=\"image\/jpeg\" \/>\n<meta name=\"author\" content=\"admin\" \/>\n<meta name=\"twitter:card\" content=\"summary_large_image\" \/>\n<meta name=\"twitter:label1\" content=\"Written by\" \/>\n\t<meta name=\"twitter:data1\" content=\"admin\" \/>\n\t<meta name=\"twitter:label2\" content=\"Est. reading time\" \/>\n\t<meta name=\"twitter:data2\" content=\"2 minutes\" \/>\n<script type=\"application\/ld+json\" class=\"yoast-schema-graph\">{\"@context\":\"https:\\\/\\\/schema.org\",\"@graph\":[{\"@type\":\"Article\",\"@id\":\"https:\\\/\\\/akunq.net\\\/tr\\\/?p=68278#article\",\"isPartOf\":{\"@id\":\"https:\\\/\\\/akunq.net\\\/tr\\\/?p=68278\"},\"author\":{\"name\":\"admin\",\"@id\":\"https:\\\/\\\/akunq.net\\\/tr\\\/#\\\/schema\\\/person\\\/096f1d38a12cce57fb855b485ed24c9e\"},\"headline\":\"Bah\u00e7eli\u2019den tehditkar a\u00e7\u0131klamalar: Kavala Soros\u00e7udur, Garo Paylan TBMM\u2019den at\u0131ls\u0131n, Halk TV dikkatli olsun\",\"datePublished\":\"2022-04-29T08:23:23+00:00\",\"mainEntityOfPage\":{\"@id\":\"https:\\\/\\\/akunq.net\\\/tr\\\/?p=68278\"},\"wordCount\":490,\"commentCount\":0,\"image\":{\"@id\":\"https:\\\/\\\/akunq.net\\\/tr\\\/?p=68278#primaryimage\"},\"thumbnailUrl\":\"https:\\\/\\\/akunq.net\\\/tr\\\/wp-content\\\/uploads\\\/sites\\\/6\\\/2022\\\/04\\\/\u0534\u0587\u056c\u0565\u0569-\u0532\u0561\u0570\u0579\u0565\u056c\u056b.jpg\",\"articleSection\":[\"Haberler\"],\"inLanguage\":\"en-US\",\"potentialAction\":[{\"@type\":\"CommentAction\",\"name\":\"Comment\",\"target\":[\"https:\\\/\\\/akunq.net\\\/tr\\\/?p=68278#respond\"]}]},{\"@type\":\"WebPage\",\"@id\":\"https:\\\/\\\/akunq.net\\\/tr\\\/?p=68278\",\"url\":\"https:\\\/\\\/akunq.net\\\/tr\\\/?p=68278\",\"name\":\"Bah\u00e7eli\u2019den tehditkar a\u00e7\u0131klamalar: Kavala Soros\u00e7udur, Garo Paylan TBMM\u2019den at\u0131ls\u0131n, Halk TV dikkatli olsun - Bati Ermenistan Ve Bati Ermenileri Sorunlari Ara\u015ftirmalar Merkezi\",\"isPartOf\":{\"@id\":\"https:\\\/\\\/akunq.net\\\/tr\\\/#website\"},\"primaryImageOfPage\":{\"@id\":\"https:\\\/\\\/akunq.net\\\/tr\\\/?p=68278#primaryimage\"},\"image\":{\"@id\":\"https:\\\/\\\/akunq.net\\\/tr\\\/?p=68278#primaryimage\"},\"thumbnailUrl\":\"https:\\\/\\\/akunq.net\\\/tr\\\/wp-content\\\/uploads\\\/sites\\\/6\\\/2022\\\/04\\\/\u0534\u0587\u056c\u0565\u0569-\u0532\u0561\u0570\u0579\u0565\u056c\u056b.jpg\",\"datePublished\":\"2022-04-29T08:23:23+00:00\",\"author\":{\"@id\":\"https:\\\/\\\/akunq.net\\\/tr\\\/#\\\/schema\\\/person\\\/096f1d38a12cce57fb855b485ed24c9e\"},\"breadcrumb\":{\"@id\":\"https:\\\/\\\/akunq.net\\\/tr\\\/?p=68278#breadcrumb\"},\"inLanguage\":\"en-US\",\"potentialAction\":[{\"@type\":\"ReadAction\",\"target\":[\"https:\\\/\\\/akunq.net\\\/tr\\\/?p=68278\"]}]},{\"@type\":\"ImageObject\",\"inLanguage\":\"en-US\",\"@id\":\"https:\\\/\\\/akunq.net\\\/tr\\\/?p=68278#primaryimage\",\"url\":\"https:\\\/\\\/akunq.net\\\/tr\\\/wp-content\\\/uploads\\\/sites\\\/6\\\/2022\\\/04\\\/\u0534\u0587\u056c\u0565\u0569-\u0532\u0561\u0570\u0579\u0565\u056c\u056b.jpg\",\"contentUrl\":\"https:\\\/\\\/akunq.net\\\/tr\\\/wp-content\\\/uploads\\\/sites\\\/6\\\/2022\\\/04\\\/\u0534\u0587\u056c\u0565\u0569-\u0532\u0561\u0570\u0579\u0565\u056c\u056b.jpg\",\"width\":1200,\"height\":706},{\"@type\":\"BreadcrumbList\",\"@id\":\"https:\\\/\\\/akunq.net\\\/tr\\\/?p=68278#breadcrumb\",\"itemListElement\":[{\"@type\":\"ListItem\",\"position\":1,\"name\":\"Home\",\"item\":\"https:\\\/\\\/akunq.net\\\/tr\"},{\"@type\":\"ListItem\",\"position\":2,\"name\":\"Bah\u00e7eli\u2019den tehditkar a\u00e7\u0131klamalar: Kavala Soros\u00e7udur, Garo Paylan TBMM\u2019den at\u0131ls\u0131n, Halk TV dikkatli olsun\"}]},{\"@type\":\"WebSite\",\"@id\":\"https:\\\/\\\/akunq.net\\\/tr\\\/#website\",\"url\":\"https:\\\/\\\/akunq.net\\\/tr\\\/\",\"name\":\"Bati Ermenistan Ve Bati Ermenileri Sorunlari Ara\u015ftirmalar Merkezi\",\"description\":\"\",\"potentialAction\":[{\"@type\":\"SearchAction\",\"target\":{\"@type\":\"EntryPoint\",\"urlTemplate\":\"https:\\\/\\\/akunq.net\\\/tr\\\/?s={search_term_string}\"},\"query-input\":{\"@type\":\"PropertyValueSpecification\",\"valueRequired\":true,\"valueName\":\"search_term_string\"}}],\"inLanguage\":\"en-US\"},{\"@type\":\"Person\",\"@id\":\"https:\\\/\\\/akunq.net\\\/tr\\\/#\\\/schema\\\/person\\\/096f1d38a12cce57fb855b485ed24c9e\",\"name\":\"admin\",\"url\":\"https:\\\/\\\/akunq.net\\\/tr\\\/?author=7\"}]}<\/script>\n<!-- \/ Yoast SEO plugin. -->","yoast_head_json":{"title":"Bah\u00e7eli\u2019den tehditkar a\u00e7\u0131klamalar: Kavala Soros\u00e7udur, Garo Paylan TBMM\u2019den at\u0131ls\u0131n, Halk TV dikkatli olsun - Bati Ermenistan Ve Bati Ermenileri Sorunlari Ara\u015ftirmalar Merkezi","robots":{"index":"index","follow":"follow","max-snippet":"max-snippet:-1","max-image-preview":"max-image-preview:large","max-video-preview":"max-video-preview:-1"},"canonical":"https:\/\/akunq.net\/tr\/?p=68278","og_locale":"en_US","og_type":"article","og_title":"Bah\u00e7eli\u2019den tehditkar a\u00e7\u0131klamalar: Kavala Soros\u00e7udur, Garo Paylan TBMM\u2019den at\u0131ls\u0131n, Halk TV dikkatli olsun - Bati Ermenistan Ve Bati Ermenileri Sorunlari Ara\u015ftirmalar Merkezi","og_description":"MHP Genel Ba\u015fkan\u0131 Devlet Bah\u00e7eli, Osman Kavala\u2019ya \u201cSoros\u00e7u\u201d dedi, \u201cGaro Paylan\u2019\u0131 Meclisten at\u0131n\u201d \u00e7a\u011fr\u0131s\u0131 yapt\u0131, K\u0131l\u0131\u00e7daro\u011flu\u2019nu ve Halk TV\u2019yi ise tehdit etti. MHP Genel Ba\u015fkan\u0131 Devlet Bah\u00e7eli yine CHP Genel Ba\u015fkan\u0131 Kemal K\u0131l\u0131\u00e7daro\u011flu\u2019nu hedef ald\u0131, \u0130Y\u0130 Parti Meral Ak\u015fener\u2019in Gezi a\u00e7\u0131klamalar\u0131na tepki g\u00f6sterdi. \u201cSay\u0131n Kemal K\u0131I\u0131\u00e7daro\u011flu&#8217;nun bir helalle\u015fmenin \u00f6tesine gidip kavgala\u015fmaya heveslenmesi do\u011fru bir \u015fey [&hellip;]","og_url":"https:\/\/akunq.net\/tr\/?p=68278","og_site_name":"Bati Ermenistan Ve Bati Ermenileri Sorunlari Ara\u015ftirmalar Merkezi","article_published_time":"2022-04-29T08:23:23+00:00","og_image":[{"width":1200,"height":706,"url":"https:\/\/akunq.net\/tr\/wp-content\/uploads\/sites\/6\/2022\/04\/\u0534\u0587\u056c\u0565\u0569-\u0532\u0561\u0570\u0579\u0565\u056c\u056b.jpg","type":"image\/jpeg"}],"author":"admin","twitter_card":"summary_large_image","twitter_misc":{"Written by":"admin","Est. reading time":"2 minutes"},"schema":{"@context":"https:\/\/schema.org","@graph":[{"@type":"Article","@id":"https:\/\/akunq.net\/tr\/?p=68278#article","isPartOf":{"@id":"https:\/\/akunq.net\/tr\/?p=68278"},"author":{"name":"admin","@id":"https:\/\/akunq.net\/tr\/#\/schema\/person\/096f1d38a12cce57fb855b485ed24c9e"},"headline":"Bah\u00e7eli\u2019den tehditkar a\u00e7\u0131klamalar: Kavala Soros\u00e7udur, Garo Paylan TBMM\u2019den at\u0131ls\u0131n, Halk TV dikkatli olsun","datePublished":"2022-04-29T08:23:23+00:00","mainEntityOfPage":{"@id":"https:\/\/akunq.net\/tr\/?p=68278"},"wordCount":490,"commentCount":0,"image":{"@id":"https:\/\/akunq.net\/tr\/?p=68278#primaryimage"},"thumbnailUrl":"https:\/\/akunq.net\/tr\/wp-content\/uploads\/sites\/6\/2022\/04\/\u0534\u0587\u056c\u0565\u0569-\u0532\u0561\u0570\u0579\u0565\u056c\u056b.jpg","articleSection":["Haberler"],"inLanguage":"en-US","potentialAction":[{"@type":"CommentAction","name":"Comment","target":["https:\/\/akunq.net\/tr\/?p=68278#respond"]}]},{"@type":"WebPage","@id":"https:\/\/akunq.net\/tr\/?p=68278","url":"https:\/\/akunq.net\/tr\/?p=68278","name":"Bah\u00e7eli\u2019den tehditkar a\u00e7\u0131klamalar: Kavala Soros\u00e7udur, Garo Paylan TBMM\u2019den at\u0131ls\u0131n, Halk TV dikkatli olsun - Bati Ermenistan Ve Bati Ermenileri Sorunlari Ara\u015ftirmalar Merkezi","isPartOf":{"@id":"https:\/\/akunq.net\/tr\/#website"},"primaryImageOfPage":{"@id":"https:\/\/akunq.net\/tr\/?p=68278#primaryimage"},"image":{"@id":"https:\/\/akunq.net\/tr\/?p=68278#primaryimage"},"thumbnailUrl":"https:\/\/akunq.net\/tr\/wp-content\/uploads\/sites\/6\/2022\/04\/\u0534\u0587\u056c\u0565\u0569-\u0532\u0561\u0570\u0579\u0565\u056c\u056b.jpg","datePublished":"2022-04-29T08:23:23+00:00","author":{"@id":"https:\/\/akunq.net\/tr\/#\/schema\/person\/096f1d38a12cce57fb855b485ed24c9e"},"breadcrumb":{"@id":"https:\/\/akunq.net\/tr\/?p=68278#breadcrumb"},"inLanguage":"en-US","potentialAction":[{"@type":"ReadAction","target":["https:\/\/akunq.net\/tr\/?p=68278"]}]},{"@type":"ImageObject","inLanguage":"en-US","@id":"https:\/\/akunq.net\/tr\/?p=68278#primaryimage","url":"https:\/\/akunq.net\/tr\/wp-content\/uploads\/sites\/6\/2022\/04\/\u0534\u0587\u056c\u0565\u0569-\u0532\u0561\u0570\u0579\u0565\u056c\u056b.jpg","contentUrl":"https:\/\/akunq.net\/tr\/wp-content\/uploads\/sites\/6\/2022\/04\/\u0534\u0587\u056c\u0565\u0569-\u0532\u0561\u0570\u0579\u0565\u056c\u056b.jpg","width":1200,"height":706},{"@type":"BreadcrumbList","@id":"https:\/\/akunq.net\/tr\/?p=68278#breadcrumb","itemListElement":[{"@type":"ListItem","position":1,"name":"Home","item":"https:\/\/akunq.net\/tr"},{"@type":"ListItem","position":2,"name":"Bah\u00e7eli\u2019den tehditkar a\u00e7\u0131klamalar: Kavala Soros\u00e7udur, Garo Paylan TBMM\u2019den at\u0131ls\u0131n, Halk TV dikkatli olsun"}]},{"@type":"WebSite","@id":"https:\/\/akunq.net\/tr\/#website","url":"https:\/\/akunq.net\/tr\/","name":"Bati Ermenistan Ve Bati Ermenileri Sorunlari Ara\u015ftirmalar Merkezi","description":"","potentialAction":[{"@type":"SearchAction","target":{"@type":"EntryPoint","urlTemplate":"https:\/\/akunq.net\/tr\/?s={search_term_string}"},"query-input":{"@type":"PropertyValueSpecification","valueRequired":true,"valueName":"search_term_string"}}],"inLanguage":"en-US"},{"@type":"Person","@id":"https:\/\/akunq.net\/tr\/#\/schema\/person\/096f1d38a12cce57fb855b485ed24c9e","name":"admin","url":"https:\/\/akunq.net\/tr\/?author=7"}]}},"_links":{"self":[{"href":"https:\/\/akunq.net\/tr\/index.php?rest_route=\/wp\/v2\/posts\/68278","targetHints":{"allow":["GET"]}}],"collection":[{"href":"https:\/\/akunq.net\/tr\/index.php?rest_route=\/wp\/v2\/posts"}],"about":[{"href":"https:\/\/akunq.net\/tr\/index.php?rest_route=\/wp\/v2\/types\/post"}],"author":[{"embeddable":true,"href":"https:\/\/akunq.net\/tr\/index.php?rest_route=\/wp\/v2\/users\/7"}],"replies":[{"embeddable":true,"href":"https:\/\/akunq.net\/tr\/index.php?rest_route=%2Fwp%2Fv2%2Fcomments&post=68278"}],"version-history":[{"count":1,"href":"https:\/\/akunq.net\/tr\/index.php?rest_route=\/wp\/v2\/posts\/68278\/revisions"}],"predecessor-version":[{"id":68280,"href":"https:\/\/akunq.net\/tr\/index.php?rest_route=\/wp\/v2\/posts\/68278\/revisions\/68280"}],"wp:featuredmedia":[{"embeddable":true,"href":"https:\/\/akunq.net\/tr\/index.php?rest_route=\/wp\/v2\/media\/68279"}],"wp:attachment":[{"href":"https:\/\/akunq.net\/tr\/index.php?rest_route=%2Fwp%2Fv2%2Fmedia&parent=68278"}],"wp:term":[{"taxonomy":"category","embeddable":true,"href":"https:\/\/akunq.net\/tr\/index.php?rest_route=%2Fwp%2Fv2%2Fcategories&post=68278"},{"taxonomy":"post_tag","embeddable":true,"href":"https:\/\/akunq.net\/tr\/index.php?rest_route=%2Fwp%2Fv2%2Ftags&post=68278"}],"curies":[{"name":"wp","href":"https:\/\/api.w.org\/{rel}","templated":true}]}}