{"id":68272,"date":"2022-04-29T02:51:08","date_gmt":"2022-04-29T07:51:08","guid":{"rendered":"https:\/\/akunq.net\/tr\/?p=68272"},"modified":"2022-04-29T02:51:08","modified_gmt":"2022-04-29T07:51:08","slug":"hatay-butun-orta-doguya-ornektir","status":"publish","type":"post","link":"https:\/\/akunq.net\/tr\/?p=68272","title":{"rendered":"Hatay B\u00fct\u00fcn Orta Do\u011fu\u2019ya \u00d6rnektir!"},"content":{"rendered":"<p><img loading=\"lazy\" decoding=\"async\" class=\"aligncenter size-medium wp-image-68273\" src=\"https:\/\/akunq.net\/tr\/wp-content\/uploads\/2022\/04\/Hatay-360x169.jpeg\" alt=\"\" width=\"360\" height=\"169\" srcset=\"https:\/\/akunq.net\/tr\/wp-content\/uploads\/sites\/6\/2022\/04\/Hatay-360x169.jpeg 360w, https:\/\/akunq.net\/tr\/wp-content\/uploads\/sites\/6\/2022\/04\/Hatay-560x263.jpeg 560w, https:\/\/akunq.net\/tr\/wp-content\/uploads\/sites\/6\/2022\/04\/Hatay-260x122.jpeg 260w, https:\/\/akunq.net\/tr\/wp-content\/uploads\/sites\/6\/2022\/04\/Hatay-160x75.jpeg 160w, https:\/\/akunq.net\/tr\/wp-content\/uploads\/sites\/6\/2022\/04\/Hatay.jpeg 640w\" sizes=\"auto, (max-width: 360px) 100vw, 360px\" \/><\/p>\n<p><em><strong><a href=\"https:\/\/www.korfezgazete.com\/?s=Hatay+Valisi+Rahmi+Do%C4%9Fan\">Hatay Valisi Rahmi Do\u011fan<\/a>: Biz her zaman Hatay\u2019\u0131 b\u00fct\u00fcn Ortado\u011fu\u2019ya \u00f6rnek g\u00f6steriyoruz!<\/strong><\/em><\/p>\n<p>Hatay Valisi Rahmi Do\u011fan e\u015fi G\u00fclden G\u00fcl\u00fczar Do\u011fan \u00a0ile birlikte, Hatay\u2019\u0131n \u00a0gururlar\u0131ndan biri olan Medeniyetler Korosu\u2019nun d\u00fczenlendi\u011fi \u0130ftar program\u0131na kat\u0131ld\u0131.<\/p>\n<p>\u00c7ar\u015famba g\u00fcn\u00fc Antakya il\u00e7esinde okunan Kuran-\u0131 Kerim tilaveti ile ba\u015flayan iftar program\u0131na Vali Rahmi Do\u011fan ve e\u015fi G\u00fclden G\u00fcl\u00fczar Do\u011fan\u2019n\u0131n \u00a0yan\u0131 s\u0131ra, Medeniyetler Korosu \u015eefi Y\u0131lmaz \u00d6zf\u0131rat ve ekip \u00fcyeleri, Hatay Milletvekilleri Sabahat \u00d6zg\u00fcrsoy \u00c7elik, \u0130smet Tokdemir, Mehmet G\u00fczelmansur, Suzan \u015eahin, Mustafa Kemal \u00dcniversitesi Rekt\u00f6r\u00fc Prof. Dr. Hasan Kaya, \u00a0Antakya Belediye Ba\u015fkan\u0131 \u0130zzettin Y\u0131lmaz, Hatay\u2019\u0131n kanaat \u00f6nderleri ve davetliler kat\u0131ld\u0131.<\/p>\n<p>Hatay\u2019\u0131n ve T\u00fcrkiye\u2019nin \u00a0D\u00fcnyaya tan\u0131t\u0131m\u0131nda \u00f6nemli bir misyon \u00fcstlenen Medeniyetler Korosu\u2019nun d\u00fczenledi\u011fi iftar program\u0131, okunan ak\u015fam ezan\u0131yla beraber davetlilerin oru\u00e7lar\u0131n\u0131 a\u00e7mas\u0131yla devam etti.<\/p>\n<p>D\u00fczenlenen programda a\u00e7\u0131l\u0131\u015f konu\u015fmas\u0131n\u0131 yapan koro \u015fefi Y\u0131lmaz \u00d6zf\u0131rat konu\u015fmas\u0131nda \u015funlar\u0131 s\u00f6yledi.<\/p>\n<p>\u201cMedeniyetler Korosu olarak bu etkinlikle tek bir amac\u0131m\u0131z, hedefimiz var; her dilden, \u0131rktan insanlar\u0131n Hatay\u2019da bir arada karde\u015f\u00e7e, dostane bir \u015fekilde ya\u015fad\u0131\u011f\u0131n\u0131, bu karde\u015flik sofram\u0131zla da herkese g\u00f6stermeye \u00e7al\u0131\u015f\u0131yoruz. Allah tuttu\u011funuz oru\u00e7lar\u0131 kabul etsin. Beni k\u0131rmayarak farkl\u0131 dinlere mensup arkada\u015flar\u0131m\u0131z\u0131n da Allah i\u00e7in oru\u00e7 tutmas\u0131 bizler i\u00e7in \u00e7ok b\u00fcy\u00fck bir vesile. Bu sofra karde\u015flik sofras\u0131, insanlar\u0131n birlikte \u00fcretti\u011fi, ortaya \u00e7\u0131kartt\u0131\u011f\u0131 yemeklerle kurulmu\u015ftur. Eme\u011fi ge\u00e7en, bu i\u015fe katk\u0131 veren de\u011ferli dostlar\u0131ma te\u015fekk\u00fcr ediyorum. Ayaklar\u0131n\u0131za sa\u011fl\u0131k bu ak\u015fam bizi k\u0131rmay\u0131p geldi\u011finiz i\u00e7in, \u00fclkemizde bu vesile ile belki d\u00fcnyaya da ibret olur ki i\u015fte karde\u015flik sofras\u0131 burada, herkes bunu g\u00f6rs\u00fcn isteriz. Hepinize \u00e7ok te\u015fekk\u00fcr ediyorum. Say\u0131n Valimin program\u0131n\u0131n \u00e7ok yo\u011fun oldu\u011funu biliyorum, pandemiden \u00f6nceki iftar sofram\u0131zda da beraberdik, bug\u00fcnde bizi k\u0131rmay\u0131p geldi\u011fi i\u00e7in \u00e7ok te\u015fekk\u00fcr ediyorum.\u201d<\/p>\n<p><strong>\u201dHERKES GELS\u0130N HATAY\u2019I G\u00d6RS\u00dcN\u201d<\/strong><\/p>\n<p>Hatay Valisi \u00a0Rahmi Do\u011fan konu\u015fmas\u0131nda, Hatay\u2019daki birlik ve beraberlik ortam\u0131na dikkat \u00e7ekerken, Antakya\u2019dan D\u00fcnya\u2019ya \u015f\u00f6yle seslendi:<\/p>\n<p>\u201cSay\u0131n Milletvekillerim, \u00e7ok de\u011ferli han\u0131mefendiler, beyefendiler herkese hay\u0131rl\u0131 ramazanlar diliyor, kadir gecenizi tebrik ediyor, \u00f6n\u00fcm\u00fczdeki hafta kutlayaca\u011f\u0131m\u0131z Ramazan Bayram\u0131n\u0131z\u0131 da \u015fimdiden kutluyorum. Ge\u00e7ti\u011fimiz pazar, Paskalya Bayram\u0131 idi, ondan \u00f6nceki hafta cumartesi Hamursuz Bayram\u0131yd\u0131, \u00f6n\u00fcm\u00fczdeki haftada Ramazan Bayram\u0131. Bu topraklar hepsini ho\u015fg\u00f6r\u00fcyle kar\u015f\u0131lay\u0131p, harmanlay\u0131p b\u00f6yle g\u00fczel bereketli sofralara d\u00f6n\u00fc\u015ft\u00fcrebilecek nitelikte topraklar, o y\u00fczden bu sofraya icabet eden b\u00fct\u00fcn dostlara ho\u015f geldiniz diyorum, \u015feref verdiniz. Bug\u00fcn bizlerle birlikte oldunuz, Hristiyan, Yahudi, Ermeni cemaatlerinden dostlar\u0131m\u0131z var. Bug\u00fcn bu hazz\u0131, mutlulu\u011fu birlikte ya\u015fad\u0131k. Y\u0131lmaz bey bunu geleneksel hale getirdi, son 2 senedir yapam\u0131yorduk ama bu vesile ile bug\u00fcn tekrar bir araya geldik. G\u00fczel bir gelenek ve devam ettirilmesi laz\u0131m. Bu topraklar medeniyetlerin bir araya geldi\u011fi, farkl\u0131 k\u00fclt\u00fcrden ve inan\u00e7tan insanlar\u0131n bir arada, huzur i\u00e7erisinde ya\u015fad\u0131\u011f\u0131 topraklar. Biz her zaman Hatay\u2019\u0131 b\u00fct\u00fcn Ortado\u011fu\u2019ya \u00f6rnek g\u00f6steriyoruz. Ortado\u011fu da birileri sorun oldu\u011funu s\u00f6yl\u00fcyorsa, gelsinler Hatay\u2019\u0131 g\u00f6rs\u00fcnler, bu sofrada ayn\u0131 \u00e7orbaya ka\u015f\u0131k sallayan insanlar\u0131n mutlulu\u011funu, huzurunu g\u00f6rs\u00fcnler ve asl\u0131nda Ortado\u011fu\u2019da bir sorun olmad\u0131\u011f\u0131n\u0131, sorunlar\u0131 asl\u0131nda birilerinin \u00e7\u0131kartt\u0131\u011f\u0131n\u0131 ve \u00fczerinden de prim elde etmeye \u00e7al\u0131\u015ft\u0131klar\u0131n\u0131 g\u00f6rs\u00fcnler istiyoruz. Hatay bu anlamda ger\u00e7ekten \u00f6rnek bir \u015fehir ve biz bu hazz\u0131 ya\u015f\u0131yoruz. Bu durumu d\u0131\u015far\u0131dan gelen insanlarda fark ediyorlar, hafta sonlar\u0131 ciddi anlamda ziyaret\u00e7i al\u0131yoruz ve bu insanlar buradaki medeniyetleri, ho\u015fg\u00f6r\u00fcy\u00fc, karde\u015fli\u011fi g\u00f6rd\u00fcklerinde ger\u00e7ekten etkileniyorlar. Tabi buradaki bu karde\u015fli\u011fe, birlikteli\u011fi cemaatler destek veriyor, bu cemaatlerin duru\u015flar\u0131, davran\u0131\u015flar\u0131, tav\u0131rlar\u0131 bunlar\u0131 ortaya \u00e7\u0131kar\u0131yor. Bundan dolay\u0131 da olduk\u00e7a mutluyuz. Cemaatler aras\u0131nda ki bu dayan\u0131\u015fman\u0131n, birlikteli\u011fin, beraber hareket etmenin, d\u00fc\u011f\u00fcnlerde, bayramlarda, cenazelerde bir arada olmalar\u0131n\u0131n bu ho\u015fg\u00f6r\u00fcye ciddi katk\u0131s\u0131 var, ben bundan dolay\u0131 da t\u00fcm cemaat mensuplar\u0131na da \u015f\u00fckranlar\u0131m\u0131 sunuyorum. Bug\u00fcn \u015fehidimiz var, Yaylada\u011f\u0131 il\u00e7emizde defnettik. Biliyorsunuz T\u00fcrk Silahl\u0131 Kuvvetlerinin, Kuzey Irak\u2019ta bir operasyonu var. T\u00fcrkiye s\u0131n\u0131rlar\u0131nda bir huzursuzluk var, biraz \u00f6ncede bahsettim Ortado\u011fu kar\u0131\u015f\u0131k. Arap Bahar\u0131 ad\u0131 alt\u0131nda uydurulan bir yalan, b\u00fct\u00fcn insanlar\u0131 kaosa, g\u00f6z ya\u015f\u0131na, kana s\u00fcr\u00fckledi ve bu insanlar huzur, mutluluk i\u00e7erisinde ya\u015farken, i\u015fleri, a\u015flar\u0131, mevkileri, vatanlar\u0131 varken bug\u00fcn \u00e7ok zor \u015fartlarda ve sava\u015f ortam\u0131nda ya\u015famak durumunda kald\u0131lar. Bu bizi \u00e7ok etkiledi, 911 km Suriye, 345 km Irak s\u0131n\u0131r\u0131 olan bir \u00fclke olarak bundan etkilenmemek m\u00fcmk\u00fcn de\u011fil. Dolay\u0131s\u0131yla 40 y\u0131ld\u0131r var olan PKK ter\u00f6r \u00f6rg\u00fct\u00fcyle birle\u015fince T\u00fcrkiye\u2019yi rahats\u0131z etmeye ba\u015flad\u0131 ve T\u00fcrkiye kendi g\u00fcney s\u0131n\u0131rlar\u0131nda bir tampon b\u00f6lge olu\u015fturma niyetiyle birtak\u0131m harekatlar yap\u0131yor. Bu harekatlar\u0131n sonuncusu Pen\u00e7e-Kilit Operasyonu, in\u015fallah evlatlar\u0131m\u0131z kazas\u0131z belas\u0131z bir \u015fekilde bu harekat\u0131 da tamamlayacaklard\u0131r. Bu harekatlar\u0131n tamam\u0131 T\u00fcrkiye Cumhuriyeti Devleti s\u0131n\u0131rlar\u0131 i\u00e7erisinde ya\u015fayan t\u00fcm vatanda\u015flar\u0131n g\u00fcvenli\u011fi i\u00e7in yap\u0131lan harekatlard\u0131r. Bu harekatlar, insanlar burada \u00fcretsin, huzur ve mutluluk i\u00e7erisinde ya\u015fas\u0131n diye yap\u0131lan harekatlard\u0131r. T\u00fcrkiye Cumhuriyeti Devletinin, bu harekatlar\u0131 yapma mecburiyeti var \u00e7\u00fcnk\u00fc her \u00fclke, her devlet kendi vatanda\u015flar\u0131n\u0131n huzur ve g\u00fcvenli\u011fini sa\u011flamakla m\u00fckelleftir. Bug\u00fcn Yaylada\u011f\u0131 il\u00e7emizde \u015fehidimizi defnettik, Rabbim gani gani rahmet eylesin. Bu topraklar\u0131 vatan yapmak i\u00e7in \u015fehit olan evlatlar\u0131m\u0131z\u0131n mekanlar\u0131 cennet olsun. Rabbim onlar\u0131 cennetinde a\u011f\u0131rlas\u0131n, makamlar\u0131 ali olsun, gazilerimize sa\u011fl\u0131k, s\u0131hhat ve huzur diliyorum. Bug\u00fcn buraya gelen t\u00fcm dostlara da tekrar \u015f\u00fckranlar\u0131m\u0131 sunuyorum, iyi ki geldiniz, iyi ki birlikte olduk. \u00d6nemli olan birlikte bu havay\u0131 teneff\u00fcs etmekti. Ben tekrar eme\u011fi ge\u00e7en t\u00fcm arkada\u015flar\u0131ma da te\u015fekk\u00fcr ediyorum. Yemeklerin tamam\u0131 koroda ki arkada\u015flar\u0131m\u0131z\u0131n emekleriyle haz\u0131rland\u0131. Dolay\u0131s\u0131yla ba\u015fta Y\u0131lmaz bey olmak \u00fczere t\u00fcm ekibe \u015f\u00fckranlar\u0131m\u0131 sunuyorum. Bizler her zaman Medeniyetler Korosunu destekliyoruz, yanlar\u0131nda yer al\u0131yoruz. Hatay\u2019\u0131, Antakya\u2019y\u0131 tan\u0131tmak anlam\u0131nda b\u00fcy\u00fck bir misyon y\u00fckleniyor. Bizde Valilik olarak her zaman yanlar\u0131nda oluyor, maddi ve manevi imkanlar\u0131m\u0131z\u0131 kendilerine seferber etmeye \u00e7al\u0131\u015f\u0131yoruz. \u0130laveten bir koro daha kurduk, Hatay Valili\u011fi M\u00fczik Toplulu\u011fu ismiyle m\u00fczik \u00f6\u011fretmenlerimizden olu\u015fan bir koro. Bir konser verdiler, haz\u0131rl\u0131klar\u0131n\u0131 yap\u0131yorlar devam edecek, g\u00fczel bir koro oldu bunu \u00e7e\u015fitlendirmek laz\u0131m. Meclis K\u00fclt\u00fcr Merkezi\u2019nde, hem Medeniyetler Korosu, hem Hatay Valili\u011fi M\u00fczik Toplulu\u011fu bu faaliyetlerine de ayr\u0131ca devam edecek. Te\u015fekk\u00fcr ediyorum herkese, hay\u0131rl\u0131 ak\u015famlar ve hay\u0131rl\u0131 iftarlar diliyorum.\u201d ifadelerini kulland\u0131.<\/p>\n<figure class=\"wp-block-image\"><a href=\"https:\/\/i0.wp.com\/atayurtgazetesi.com.tr\/wp-content\/uploads\/2022\/04\/VALI-1-9.jpg?ssl=1\"><img decoding=\"async\" class=\"wp-image-52060\" src=\"https:\/\/i0.wp.com\/atayurtgazetesi.com.tr\/wp-content\/uploads\/2022\/04\/VALI-1-9-1024x768.jpg?resize=1024%2C768&amp;ssl=1\" alt=\"\" data-recalc-dims=\"1\" \/><\/a><\/figure>\n<p><em><strong><a href=\"https:\/\/www.korfezgazete.com\/hatay-butun-orta-doguya-ornektir\/\">https:\/\/www.korfezgazete.com\/hatay-butun-orta-doguya-ornektir\/<\/a>\u00a0<\/strong><\/em><\/p>\n","protected":false},"excerpt":{"rendered":"<p>Hatay Valisi Rahmi Do\u011fan: Biz her zaman Hatay\u2019\u0131 b\u00fct\u00fcn Ortado\u011fu\u2019ya \u00f6rnek g\u00f6steriyoruz! Hatay Valisi Rahmi Do\u011fan e\u015fi G\u00fclden G\u00fcl\u00fczar Do\u011fan \u00a0ile birlikte, Hatay\u2019\u0131n \u00a0gururlar\u0131ndan biri olan Medeniyetler Korosu\u2019nun d\u00fczenlendi\u011fi \u0130ftar program\u0131na kat\u0131ld\u0131. \u00c7ar\u015famba g\u00fcn\u00fc Antakya il\u00e7esinde okunan Kuran-\u0131 Kerim tilaveti ile ba\u015flayan iftar program\u0131na Vali Rahmi Do\u011fan ve e\u015fi G\u00fclden G\u00fcl\u00fczar Do\u011fan\u2019n\u0131n \u00a0yan\u0131 s\u0131ra, Medeniyetler [&hellip;]<\/p>\n","protected":false},"author":7,"featured_media":68273,"comment_status":"open","ping_status":"open","sticky":false,"template":"","format":"standard","meta":{"footnotes":""},"categories":[1],"tags":[],"class_list":["post-68272","post","type-post","status-publish","format-standard","has-post-thumbnail","hentry","category-haberler"],"yoast_head":"<!-- This site is optimized with the Yoast SEO plugin v27.4 - https:\/\/yoast.com\/product\/yoast-seo-wordpress\/ -->\n<title>Hatay B\u00fct\u00fcn Orta Do\u011fu\u2019ya \u00d6rnektir! - Bati Ermenistan Ve Bati Ermenileri Sorunlari Ara\u015ftirmalar Merkezi<\/title>\n<meta name=\"robots\" content=\"index, follow, max-snippet:-1, max-image-preview:large, max-video-preview:-1\" \/>\n<link rel=\"canonical\" href=\"https:\/\/akunq.net\/tr\/?p=68272\" \/>\n<meta property=\"og:locale\" content=\"en_US\" \/>\n<meta property=\"og:type\" content=\"article\" \/>\n<meta property=\"og:title\" content=\"Hatay B\u00fct\u00fcn Orta Do\u011fu\u2019ya \u00d6rnektir! - Bati Ermenistan Ve Bati Ermenileri Sorunlari Ara\u015ftirmalar Merkezi\" \/>\n<meta property=\"og:description\" content=\"Hatay Valisi Rahmi Do\u011fan: Biz her zaman Hatay\u2019\u0131 b\u00fct\u00fcn Ortado\u011fu\u2019ya \u00f6rnek g\u00f6steriyoruz! Hatay Valisi Rahmi Do\u011fan e\u015fi G\u00fclden G\u00fcl\u00fczar Do\u011fan \u00a0ile birlikte, Hatay\u2019\u0131n \u00a0gururlar\u0131ndan biri olan Medeniyetler Korosu\u2019nun d\u00fczenlendi\u011fi \u0130ftar program\u0131na kat\u0131ld\u0131. \u00c7ar\u015famba g\u00fcn\u00fc Antakya il\u00e7esinde okunan Kuran-\u0131 Kerim tilaveti ile ba\u015flayan iftar program\u0131na Vali Rahmi Do\u011fan ve e\u015fi G\u00fclden G\u00fcl\u00fczar Do\u011fan\u2019n\u0131n \u00a0yan\u0131 s\u0131ra, Medeniyetler [&hellip;]\" \/>\n<meta property=\"og:url\" content=\"https:\/\/akunq.net\/tr\/?p=68272\" \/>\n<meta property=\"og:site_name\" content=\"Bati Ermenistan Ve Bati Ermenileri Sorunlari Ara\u015ftirmalar Merkezi\" \/>\n<meta property=\"article:published_time\" content=\"2022-04-29T07:51:08+00:00\" \/>\n<meta property=\"og:image\" content=\"https:\/\/akunq.net\/tr\/wp-content\/uploads\/sites\/6\/2022\/04\/Hatay.jpeg\" \/>\n\t<meta property=\"og:image:width\" content=\"640\" \/>\n\t<meta property=\"og:image:height\" content=\"300\" \/>\n\t<meta property=\"og:image:type\" content=\"image\/jpeg\" \/>\n<meta name=\"author\" content=\"admin\" \/>\n<meta name=\"twitter:card\" content=\"summary_large_image\" \/>\n<meta name=\"twitter:label1\" content=\"Written by\" \/>\n\t<meta name=\"twitter:data1\" content=\"admin\" \/>\n\t<meta name=\"twitter:label2\" content=\"Est. reading time\" \/>\n\t<meta name=\"twitter:data2\" content=\"6 minutes\" \/>\n<script type=\"application\/ld+json\" class=\"yoast-schema-graph\">{\"@context\":\"https:\\\/\\\/schema.org\",\"@graph\":[{\"@type\":\"Article\",\"@id\":\"https:\\\/\\\/akunq.net\\\/tr\\\/?p=68272#article\",\"isPartOf\":{\"@id\":\"https:\\\/\\\/akunq.net\\\/tr\\\/?p=68272\"},\"author\":{\"name\":\"admin\",\"@id\":\"https:\\\/\\\/akunq.net\\\/tr\\\/#\\\/schema\\\/person\\\/096f1d38a12cce57fb855b485ed24c9e\"},\"headline\":\"Hatay B\u00fct\u00fcn Orta Do\u011fu\u2019ya \u00d6rnektir!\",\"datePublished\":\"2022-04-29T07:51:08+00:00\",\"mainEntityOfPage\":{\"@id\":\"https:\\\/\\\/akunq.net\\\/tr\\\/?p=68272\"},\"wordCount\":1282,\"commentCount\":0,\"image\":{\"@id\":\"https:\\\/\\\/akunq.net\\\/tr\\\/?p=68272#primaryimage\"},\"thumbnailUrl\":\"https:\\\/\\\/akunq.net\\\/tr\\\/wp-content\\\/uploads\\\/sites\\\/6\\\/2022\\\/04\\\/Hatay.jpeg\",\"articleSection\":[\"Haberler\"],\"inLanguage\":\"en-US\",\"potentialAction\":[{\"@type\":\"CommentAction\",\"name\":\"Comment\",\"target\":[\"https:\\\/\\\/akunq.net\\\/tr\\\/?p=68272#respond\"]}]},{\"@type\":\"WebPage\",\"@id\":\"https:\\\/\\\/akunq.net\\\/tr\\\/?p=68272\",\"url\":\"https:\\\/\\\/akunq.net\\\/tr\\\/?p=68272\",\"name\":\"Hatay B\u00fct\u00fcn Orta Do\u011fu\u2019ya \u00d6rnektir! - Bati Ermenistan Ve Bati Ermenileri Sorunlari Ara\u015ftirmalar Merkezi\",\"isPartOf\":{\"@id\":\"https:\\\/\\\/akunq.net\\\/tr\\\/#website\"},\"primaryImageOfPage\":{\"@id\":\"https:\\\/\\\/akunq.net\\\/tr\\\/?p=68272#primaryimage\"},\"image\":{\"@id\":\"https:\\\/\\\/akunq.net\\\/tr\\\/?p=68272#primaryimage\"},\"thumbnailUrl\":\"https:\\\/\\\/akunq.net\\\/tr\\\/wp-content\\\/uploads\\\/sites\\\/6\\\/2022\\\/04\\\/Hatay.jpeg\",\"datePublished\":\"2022-04-29T07:51:08+00:00\",\"author\":{\"@id\":\"https:\\\/\\\/akunq.net\\\/tr\\\/#\\\/schema\\\/person\\\/096f1d38a12cce57fb855b485ed24c9e\"},\"breadcrumb\":{\"@id\":\"https:\\\/\\\/akunq.net\\\/tr\\\/?p=68272#breadcrumb\"},\"inLanguage\":\"en-US\",\"potentialAction\":[{\"@type\":\"ReadAction\",\"target\":[\"https:\\\/\\\/akunq.net\\\/tr\\\/?p=68272\"]}]},{\"@type\":\"ImageObject\",\"inLanguage\":\"en-US\",\"@id\":\"https:\\\/\\\/akunq.net\\\/tr\\\/?p=68272#primaryimage\",\"url\":\"https:\\\/\\\/akunq.net\\\/tr\\\/wp-content\\\/uploads\\\/sites\\\/6\\\/2022\\\/04\\\/Hatay.jpeg\",\"contentUrl\":\"https:\\\/\\\/akunq.net\\\/tr\\\/wp-content\\\/uploads\\\/sites\\\/6\\\/2022\\\/04\\\/Hatay.jpeg\",\"width\":640,\"height\":300},{\"@type\":\"BreadcrumbList\",\"@id\":\"https:\\\/\\\/akunq.net\\\/tr\\\/?p=68272#breadcrumb\",\"itemListElement\":[{\"@type\":\"ListItem\",\"position\":1,\"name\":\"Home\",\"item\":\"https:\\\/\\\/akunq.net\\\/tr\"},{\"@type\":\"ListItem\",\"position\":2,\"name\":\"Hatay B\u00fct\u00fcn Orta Do\u011fu\u2019ya \u00d6rnektir!\"}]},{\"@type\":\"WebSite\",\"@id\":\"https:\\\/\\\/akunq.net\\\/tr\\\/#website\",\"url\":\"https:\\\/\\\/akunq.net\\\/tr\\\/\",\"name\":\"Bati Ermenistan Ve Bati Ermenileri Sorunlari Ara\u015ftirmalar Merkezi\",\"description\":\"\",\"potentialAction\":[{\"@type\":\"SearchAction\",\"target\":{\"@type\":\"EntryPoint\",\"urlTemplate\":\"https:\\\/\\\/akunq.net\\\/tr\\\/?s={search_term_string}\"},\"query-input\":{\"@type\":\"PropertyValueSpecification\",\"valueRequired\":true,\"valueName\":\"search_term_string\"}}],\"inLanguage\":\"en-US\"},{\"@type\":\"Person\",\"@id\":\"https:\\\/\\\/akunq.net\\\/tr\\\/#\\\/schema\\\/person\\\/096f1d38a12cce57fb855b485ed24c9e\",\"name\":\"admin\",\"url\":\"https:\\\/\\\/akunq.net\\\/tr\\\/?author=7\"}]}<\/script>\n<!-- \/ Yoast SEO plugin. -->","yoast_head_json":{"title":"Hatay B\u00fct\u00fcn Orta Do\u011fu\u2019ya \u00d6rnektir! - Bati Ermenistan Ve Bati Ermenileri Sorunlari Ara\u015ftirmalar Merkezi","robots":{"index":"index","follow":"follow","max-snippet":"max-snippet:-1","max-image-preview":"max-image-preview:large","max-video-preview":"max-video-preview:-1"},"canonical":"https:\/\/akunq.net\/tr\/?p=68272","og_locale":"en_US","og_type":"article","og_title":"Hatay B\u00fct\u00fcn Orta Do\u011fu\u2019ya \u00d6rnektir! - Bati Ermenistan Ve Bati Ermenileri Sorunlari Ara\u015ftirmalar Merkezi","og_description":"Hatay Valisi Rahmi Do\u011fan: Biz her zaman Hatay\u2019\u0131 b\u00fct\u00fcn Ortado\u011fu\u2019ya \u00f6rnek g\u00f6steriyoruz! Hatay Valisi Rahmi Do\u011fan e\u015fi G\u00fclden G\u00fcl\u00fczar Do\u011fan \u00a0ile birlikte, Hatay\u2019\u0131n \u00a0gururlar\u0131ndan biri olan Medeniyetler Korosu\u2019nun d\u00fczenlendi\u011fi \u0130ftar program\u0131na kat\u0131ld\u0131. \u00c7ar\u015famba g\u00fcn\u00fc Antakya il\u00e7esinde okunan Kuran-\u0131 Kerim tilaveti ile ba\u015flayan iftar program\u0131na Vali Rahmi Do\u011fan ve e\u015fi G\u00fclden G\u00fcl\u00fczar Do\u011fan\u2019n\u0131n \u00a0yan\u0131 s\u0131ra, Medeniyetler [&hellip;]","og_url":"https:\/\/akunq.net\/tr\/?p=68272","og_site_name":"Bati Ermenistan Ve Bati Ermenileri Sorunlari Ara\u015ftirmalar Merkezi","article_published_time":"2022-04-29T07:51:08+00:00","og_image":[{"width":640,"height":300,"url":"https:\/\/akunq.net\/tr\/wp-content\/uploads\/sites\/6\/2022\/04\/Hatay.jpeg","type":"image\/jpeg"}],"author":"admin","twitter_card":"summary_large_image","twitter_misc":{"Written by":"admin","Est. reading time":"6 minutes"},"schema":{"@context":"https:\/\/schema.org","@graph":[{"@type":"Article","@id":"https:\/\/akunq.net\/tr\/?p=68272#article","isPartOf":{"@id":"https:\/\/akunq.net\/tr\/?p=68272"},"author":{"name":"admin","@id":"https:\/\/akunq.net\/tr\/#\/schema\/person\/096f1d38a12cce57fb855b485ed24c9e"},"headline":"Hatay B\u00fct\u00fcn Orta Do\u011fu\u2019ya \u00d6rnektir!","datePublished":"2022-04-29T07:51:08+00:00","mainEntityOfPage":{"@id":"https:\/\/akunq.net\/tr\/?p=68272"},"wordCount":1282,"commentCount":0,"image":{"@id":"https:\/\/akunq.net\/tr\/?p=68272#primaryimage"},"thumbnailUrl":"https:\/\/akunq.net\/tr\/wp-content\/uploads\/sites\/6\/2022\/04\/Hatay.jpeg","articleSection":["Haberler"],"inLanguage":"en-US","potentialAction":[{"@type":"CommentAction","name":"Comment","target":["https:\/\/akunq.net\/tr\/?p=68272#respond"]}]},{"@type":"WebPage","@id":"https:\/\/akunq.net\/tr\/?p=68272","url":"https:\/\/akunq.net\/tr\/?p=68272","name":"Hatay B\u00fct\u00fcn Orta Do\u011fu\u2019ya \u00d6rnektir! - Bati Ermenistan Ve Bati Ermenileri Sorunlari Ara\u015ftirmalar Merkezi","isPartOf":{"@id":"https:\/\/akunq.net\/tr\/#website"},"primaryImageOfPage":{"@id":"https:\/\/akunq.net\/tr\/?p=68272#primaryimage"},"image":{"@id":"https:\/\/akunq.net\/tr\/?p=68272#primaryimage"},"thumbnailUrl":"https:\/\/akunq.net\/tr\/wp-content\/uploads\/sites\/6\/2022\/04\/Hatay.jpeg","datePublished":"2022-04-29T07:51:08+00:00","author":{"@id":"https:\/\/akunq.net\/tr\/#\/schema\/person\/096f1d38a12cce57fb855b485ed24c9e"},"breadcrumb":{"@id":"https:\/\/akunq.net\/tr\/?p=68272#breadcrumb"},"inLanguage":"en-US","potentialAction":[{"@type":"ReadAction","target":["https:\/\/akunq.net\/tr\/?p=68272"]}]},{"@type":"ImageObject","inLanguage":"en-US","@id":"https:\/\/akunq.net\/tr\/?p=68272#primaryimage","url":"https:\/\/akunq.net\/tr\/wp-content\/uploads\/sites\/6\/2022\/04\/Hatay.jpeg","contentUrl":"https:\/\/akunq.net\/tr\/wp-content\/uploads\/sites\/6\/2022\/04\/Hatay.jpeg","width":640,"height":300},{"@type":"BreadcrumbList","@id":"https:\/\/akunq.net\/tr\/?p=68272#breadcrumb","itemListElement":[{"@type":"ListItem","position":1,"name":"Home","item":"https:\/\/akunq.net\/tr"},{"@type":"ListItem","position":2,"name":"Hatay B\u00fct\u00fcn Orta Do\u011fu\u2019ya \u00d6rnektir!"}]},{"@type":"WebSite","@id":"https:\/\/akunq.net\/tr\/#website","url":"https:\/\/akunq.net\/tr\/","name":"Bati Ermenistan Ve Bati Ermenileri Sorunlari Ara\u015ftirmalar Merkezi","description":"","potentialAction":[{"@type":"SearchAction","target":{"@type":"EntryPoint","urlTemplate":"https:\/\/akunq.net\/tr\/?s={search_term_string}"},"query-input":{"@type":"PropertyValueSpecification","valueRequired":true,"valueName":"search_term_string"}}],"inLanguage":"en-US"},{"@type":"Person","@id":"https:\/\/akunq.net\/tr\/#\/schema\/person\/096f1d38a12cce57fb855b485ed24c9e","name":"admin","url":"https:\/\/akunq.net\/tr\/?author=7"}]}},"_links":{"self":[{"href":"https:\/\/akunq.net\/tr\/index.php?rest_route=\/wp\/v2\/posts\/68272","targetHints":{"allow":["GET"]}}],"collection":[{"href":"https:\/\/akunq.net\/tr\/index.php?rest_route=\/wp\/v2\/posts"}],"about":[{"href":"https:\/\/akunq.net\/tr\/index.php?rest_route=\/wp\/v2\/types\/post"}],"author":[{"embeddable":true,"href":"https:\/\/akunq.net\/tr\/index.php?rest_route=\/wp\/v2\/users\/7"}],"replies":[{"embeddable":true,"href":"https:\/\/akunq.net\/tr\/index.php?rest_route=%2Fwp%2Fv2%2Fcomments&post=68272"}],"version-history":[{"count":1,"href":"https:\/\/akunq.net\/tr\/index.php?rest_route=\/wp\/v2\/posts\/68272\/revisions"}],"predecessor-version":[{"id":68274,"href":"https:\/\/akunq.net\/tr\/index.php?rest_route=\/wp\/v2\/posts\/68272\/revisions\/68274"}],"wp:featuredmedia":[{"embeddable":true,"href":"https:\/\/akunq.net\/tr\/index.php?rest_route=\/wp\/v2\/media\/68273"}],"wp:attachment":[{"href":"https:\/\/akunq.net\/tr\/index.php?rest_route=%2Fwp%2Fv2%2Fmedia&parent=68272"}],"wp:term":[{"taxonomy":"category","embeddable":true,"href":"https:\/\/akunq.net\/tr\/index.php?rest_route=%2Fwp%2Fv2%2Fcategories&post=68272"},{"taxonomy":"post_tag","embeddable":true,"href":"https:\/\/akunq.net\/tr\/index.php?rest_route=%2Fwp%2Fv2%2Ftags&post=68272"}],"curies":[{"name":"wp","href":"https:\/\/api.w.org\/{rel}","templated":true}]}}