{"id":68269,"date":"2022-04-29T02:28:19","date_gmt":"2022-04-29T07:28:19","guid":{"rendered":"https:\/\/akunq.net\/tr\/?p=68269"},"modified":"2022-04-29T02:28:19","modified_gmt":"2022-04-29T07:28:19","slug":"sevag-balikcinin-babasi-garbis-balikci-hayatini-kaybetti","status":"publish","type":"post","link":"https:\/\/akunq.net\/tr\/?p=68269","title":{"rendered":"Sevag Bal\u0131k\u00e7\u0131&#8217;n\u0131n babas\u0131 Garbis Bal\u0131k\u00e7\u0131 hayat\u0131n\u0131 kaybetti"},"content":{"rendered":"<p><img loading=\"lazy\" decoding=\"async\" class=\"aligncenter size-medium wp-image-68270\" src=\"https:\/\/akunq.net\/tr\/wp-content\/uploads\/2022\/04\/Ani-ve-Garbis-Bal\u0131k\u00e7\u0131-360x239.jpg\" alt=\"\" width=\"360\" height=\"239\" srcset=\"https:\/\/akunq.net\/tr\/wp-content\/uploads\/sites\/6\/2022\/04\/Ani-ve-Garbis-Bal\u0131k\u00e7\u0131-360x239.jpg 360w, https:\/\/akunq.net\/tr\/wp-content\/uploads\/sites\/6\/2022\/04\/Ani-ve-Garbis-Bal\u0131k\u00e7\u0131-560x372.jpg 560w, https:\/\/akunq.net\/tr\/wp-content\/uploads\/sites\/6\/2022\/04\/Ani-ve-Garbis-Bal\u0131k\u00e7\u0131-260x173.jpg 260w, https:\/\/akunq.net\/tr\/wp-content\/uploads\/sites\/6\/2022\/04\/Ani-ve-Garbis-Bal\u0131k\u00e7\u0131-160x106.jpg 160w, https:\/\/akunq.net\/tr\/wp-content\/uploads\/sites\/6\/2022\/04\/Ani-ve-Garbis-Bal\u0131k\u00e7\u0131.jpg 680w\" sizes=\"auto, (max-width: 360px) 100vw, 360px\" \/><\/p>\n<p><em><strong>24 Nisan 2011&#8217;da Batman&#8217;da askerlik g\u00f6revini yaparken ayn\u0131 birlikteki bir askerin silah\u0131ndan \u00e7\u0131kan kur\u015funla hayat\u0131n\u0131 kaybeden Sevag Bal\u0131k\u00e7\u0131&#8217;n\u0131n babas\u0131 Garbis Bal\u0131k\u00e7\u0131 24 Nisan Pazar g\u00fcn\u00fc hayat\u0131n\u0131 kaybetti.<\/strong><\/em><\/p>\n<p>Bal\u0131k\u00e7\u0131 ailesi 24 Nisan Pazar g\u00fcn\u00fc saat 13.00&#8217;te \u015ei\u015fli Ermeni Mezarl\u0131\u011f\u0131nda Sevag Bal\u0131k\u00e7\u0131 i\u00e7in d\u00fczenlenecek anma t\u00f6renine kat\u0131lacakt\u0131.<\/p>\n<p>Garbis Bal\u0131k\u00e7\u0131 ayn\u0131 g\u00fcn\u00fcn sabah\u0131nda\u00a0 K\u0131nal\u0131ada&#8217;daki evlerinde ge\u00e7irdi\u011fi rahats\u0131zl\u0131k sonucu hayat\u0131n\u0131 kaybetti.<\/p>\n<p>Sevag Bal\u0131k\u00e7\u0131 i\u00e7in planlanan anma t\u00f6reni\u00a0 saat 13.00&#8217;te ailenin kat\u0131l\u0131m\u0131 olmadan Bal\u0131k\u00e7\u0131 ailesinin dostlar\u0131 taraf\u0131ndan ger\u00e7ekle\u015ftirildi.<\/p>\n<p>Sevag Bal\u0131k\u00e7\u0131, Ermeni Soyk\u0131r\u0131m\u0131&#8217;n\u0131n 96. y\u0131l\u0131nda, 24 Nisan 2011 tarihinde, zorunlu askerli\u011fini yaparken Batman Kozluk il\u00e7esinde K\u0131van\u00e7 A\u011fao\u011flu&#8217;nun silah\u0131ndan \u00e7\u0131kan kur\u015funla hayat\u0131n\u0131 kaybetmi\u015fti.<\/p>\n<p>Bal\u0131k\u00e7\u0131, tezkeresine 20 g\u00fcn kala, karakol \u00e7evresine \u00e7it \u00f6rme g\u00f6revi s\u0131ras\u0131nda \u00f6ld\u00fcr\u00fclm\u00fc\u015ft\u00fc.<\/p>\n<p>Garbis Bal\u0131k\u00e7\u0131 i\u00e7in 28 Nisan\u00a0 Per\u015fembe g\u00fcn\u00fc saat 14.00&#8217;te Ferik\u00f6y Surp Vartanants Kilisesi&#8217;nde cenaze t\u00f6reni d\u00fczenlenecek.<\/p>\n<p><em><strong>https:\/\/www.agos.com.tr\/tr\/yazi\/27010\/sevag-balikci-nin-babasi-garbis-balikci-hayatini-kaybetti\u00a0<\/strong><\/em><\/p>\n","protected":false},"excerpt":{"rendered":"<p>24 Nisan 2011&#8217;da Batman&#8217;da askerlik g\u00f6revini yaparken ayn\u0131 birlikteki bir askerin silah\u0131ndan \u00e7\u0131kan kur\u015funla hayat\u0131n\u0131 kaybeden Sevag Bal\u0131k\u00e7\u0131&#8217;n\u0131n babas\u0131 Garbis Bal\u0131k\u00e7\u0131 24 Nisan Pazar g\u00fcn\u00fc hayat\u0131n\u0131 kaybetti. Bal\u0131k\u00e7\u0131 ailesi 24 Nisan Pazar g\u00fcn\u00fc saat 13.00&#8217;te \u015ei\u015fli Ermeni Mezarl\u0131\u011f\u0131nda Sevag Bal\u0131k\u00e7\u0131 i\u00e7in d\u00fczenlenecek anma t\u00f6renine kat\u0131lacakt\u0131. Garbis Bal\u0131k\u00e7\u0131 ayn\u0131 g\u00fcn\u00fcn sabah\u0131nda\u00a0 K\u0131nal\u0131ada&#8217;daki evlerinde ge\u00e7irdi\u011fi rahats\u0131zl\u0131k sonucu [&hellip;]<\/p>\n","protected":false},"author":7,"featured_media":68270,"comment_status":"open","ping_status":"open","sticky":false,"template":"","format":"standard","meta":{"footnotes":""},"categories":[1],"tags":[],"class_list":["post-68269","post","type-post","status-publish","format-standard","has-post-thumbnail","hentry","category-haberler"],"yoast_head":"<!-- This site is optimized with the Yoast SEO plugin v27.4 - https:\/\/yoast.com\/product\/yoast-seo-wordpress\/ -->\n<title>Sevag Bal\u0131k\u00e7\u0131&#039;n\u0131n babas\u0131 Garbis Bal\u0131k\u00e7\u0131 hayat\u0131n\u0131 kaybetti - Bati Ermenistan Ve Bati Ermenileri Sorunlari Ara\u015ftirmalar Merkezi<\/title>\n<meta name=\"robots\" content=\"index, follow, max-snippet:-1, max-image-preview:large, max-video-preview:-1\" \/>\n<link rel=\"canonical\" href=\"https:\/\/akunq.net\/tr\/?p=68269\" \/>\n<meta property=\"og:locale\" content=\"en_US\" \/>\n<meta property=\"og:type\" content=\"article\" \/>\n<meta property=\"og:title\" content=\"Sevag Bal\u0131k\u00e7\u0131&#039;n\u0131n babas\u0131 Garbis Bal\u0131k\u00e7\u0131 hayat\u0131n\u0131 kaybetti - Bati Ermenistan Ve Bati Ermenileri Sorunlari Ara\u015ftirmalar Merkezi\" \/>\n<meta property=\"og:description\" content=\"24 Nisan 2011&#8217;da Batman&#8217;da askerlik g\u00f6revini yaparken ayn\u0131 birlikteki bir askerin silah\u0131ndan \u00e7\u0131kan kur\u015funla hayat\u0131n\u0131 kaybeden Sevag Bal\u0131k\u00e7\u0131&#8217;n\u0131n babas\u0131 Garbis Bal\u0131k\u00e7\u0131 24 Nisan Pazar g\u00fcn\u00fc hayat\u0131n\u0131 kaybetti. Bal\u0131k\u00e7\u0131 ailesi 24 Nisan Pazar g\u00fcn\u00fc saat 13.00&#8217;te \u015ei\u015fli Ermeni Mezarl\u0131\u011f\u0131nda Sevag Bal\u0131k\u00e7\u0131 i\u00e7in d\u00fczenlenecek anma t\u00f6renine kat\u0131lacakt\u0131. Garbis Bal\u0131k\u00e7\u0131 ayn\u0131 g\u00fcn\u00fcn sabah\u0131nda\u00a0 K\u0131nal\u0131ada&#8217;daki evlerinde ge\u00e7irdi\u011fi rahats\u0131zl\u0131k sonucu [&hellip;]\" \/>\n<meta property=\"og:url\" content=\"https:\/\/akunq.net\/tr\/?p=68269\" \/>\n<meta property=\"og:site_name\" content=\"Bati Ermenistan Ve Bati Ermenileri Sorunlari Ara\u015ftirmalar Merkezi\" \/>\n<meta property=\"article:published_time\" content=\"2022-04-29T07:28:19+00:00\" \/>\n<meta property=\"og:image\" content=\"https:\/\/akunq.net\/tr\/wp-content\/uploads\/sites\/6\/2022\/04\/Ani-ve-Garbis-Bal\u0131k\u00e7\u0131.jpg\" \/>\n\t<meta property=\"og:image:width\" content=\"680\" \/>\n\t<meta property=\"og:image:height\" content=\"452\" \/>\n\t<meta property=\"og:image:type\" content=\"image\/jpeg\" \/>\n<meta name=\"author\" content=\"admin\" \/>\n<meta name=\"twitter:card\" content=\"summary_large_image\" \/>\n<meta name=\"twitter:label1\" content=\"Written by\" \/>\n\t<meta name=\"twitter:data1\" content=\"admin\" \/>\n\t<meta name=\"twitter:label2\" content=\"Est. reading time\" \/>\n\t<meta name=\"twitter:data2\" content=\"1 minute\" \/>\n<script type=\"application\/ld+json\" class=\"yoast-schema-graph\">{\"@context\":\"https:\\\/\\\/schema.org\",\"@graph\":[{\"@type\":\"Article\",\"@id\":\"https:\\\/\\\/akunq.net\\\/tr\\\/?p=68269#article\",\"isPartOf\":{\"@id\":\"https:\\\/\\\/akunq.net\\\/tr\\\/?p=68269\"},\"author\":{\"name\":\"admin\",\"@id\":\"https:\\\/\\\/akunq.net\\\/tr\\\/#\\\/schema\\\/person\\\/096f1d38a12cce57fb855b485ed24c9e\"},\"headline\":\"Sevag Bal\u0131k\u00e7\u0131&#8217;n\u0131n babas\u0131 Garbis Bal\u0131k\u00e7\u0131 hayat\u0131n\u0131 kaybetti\",\"datePublished\":\"2022-04-29T07:28:19+00:00\",\"mainEntityOfPage\":{\"@id\":\"https:\\\/\\\/akunq.net\\\/tr\\\/?p=68269\"},\"wordCount\":206,\"commentCount\":0,\"image\":{\"@id\":\"https:\\\/\\\/akunq.net\\\/tr\\\/?p=68269#primaryimage\"},\"thumbnailUrl\":\"https:\\\/\\\/akunq.net\\\/tr\\\/wp-content\\\/uploads\\\/sites\\\/6\\\/2022\\\/04\\\/Ani-ve-Garbis-Bal\u0131k\u00e7\u0131.jpg\",\"articleSection\":[\"Haberler\"],\"inLanguage\":\"en-US\",\"potentialAction\":[{\"@type\":\"CommentAction\",\"name\":\"Comment\",\"target\":[\"https:\\\/\\\/akunq.net\\\/tr\\\/?p=68269#respond\"]}]},{\"@type\":\"WebPage\",\"@id\":\"https:\\\/\\\/akunq.net\\\/tr\\\/?p=68269\",\"url\":\"https:\\\/\\\/akunq.net\\\/tr\\\/?p=68269\",\"name\":\"Sevag Bal\u0131k\u00e7\u0131'n\u0131n babas\u0131 Garbis Bal\u0131k\u00e7\u0131 hayat\u0131n\u0131 kaybetti - Bati Ermenistan Ve Bati Ermenileri Sorunlari Ara\u015ftirmalar Merkezi\",\"isPartOf\":{\"@id\":\"https:\\\/\\\/akunq.net\\\/tr\\\/#website\"},\"primaryImageOfPage\":{\"@id\":\"https:\\\/\\\/akunq.net\\\/tr\\\/?p=68269#primaryimage\"},\"image\":{\"@id\":\"https:\\\/\\\/akunq.net\\\/tr\\\/?p=68269#primaryimage\"},\"thumbnailUrl\":\"https:\\\/\\\/akunq.net\\\/tr\\\/wp-content\\\/uploads\\\/sites\\\/6\\\/2022\\\/04\\\/Ani-ve-Garbis-Bal\u0131k\u00e7\u0131.jpg\",\"datePublished\":\"2022-04-29T07:28:19+00:00\",\"author\":{\"@id\":\"https:\\\/\\\/akunq.net\\\/tr\\\/#\\\/schema\\\/person\\\/096f1d38a12cce57fb855b485ed24c9e\"},\"breadcrumb\":{\"@id\":\"https:\\\/\\\/akunq.net\\\/tr\\\/?p=68269#breadcrumb\"},\"inLanguage\":\"en-US\",\"potentialAction\":[{\"@type\":\"ReadAction\",\"target\":[\"https:\\\/\\\/akunq.net\\\/tr\\\/?p=68269\"]}]},{\"@type\":\"ImageObject\",\"inLanguage\":\"en-US\",\"@id\":\"https:\\\/\\\/akunq.net\\\/tr\\\/?p=68269#primaryimage\",\"url\":\"https:\\\/\\\/akunq.net\\\/tr\\\/wp-content\\\/uploads\\\/sites\\\/6\\\/2022\\\/04\\\/Ani-ve-Garbis-Bal\u0131k\u00e7\u0131.jpg\",\"contentUrl\":\"https:\\\/\\\/akunq.net\\\/tr\\\/wp-content\\\/uploads\\\/sites\\\/6\\\/2022\\\/04\\\/Ani-ve-Garbis-Bal\u0131k\u00e7\u0131.jpg\",\"width\":680,\"height\":452},{\"@type\":\"BreadcrumbList\",\"@id\":\"https:\\\/\\\/akunq.net\\\/tr\\\/?p=68269#breadcrumb\",\"itemListElement\":[{\"@type\":\"ListItem\",\"position\":1,\"name\":\"Home\",\"item\":\"https:\\\/\\\/akunq.net\\\/tr\"},{\"@type\":\"ListItem\",\"position\":2,\"name\":\"Sevag Bal\u0131k\u00e7\u0131&#8217;n\u0131n babas\u0131 Garbis Bal\u0131k\u00e7\u0131 hayat\u0131n\u0131 kaybetti\"}]},{\"@type\":\"WebSite\",\"@id\":\"https:\\\/\\\/akunq.net\\\/tr\\\/#website\",\"url\":\"https:\\\/\\\/akunq.net\\\/tr\\\/\",\"name\":\"Bati Ermenistan Ve Bati Ermenileri Sorunlari Ara\u015ftirmalar Merkezi\",\"description\":\"\",\"potentialAction\":[{\"@type\":\"SearchAction\",\"target\":{\"@type\":\"EntryPoint\",\"urlTemplate\":\"https:\\\/\\\/akunq.net\\\/tr\\\/?s={search_term_string}\"},\"query-input\":{\"@type\":\"PropertyValueSpecification\",\"valueRequired\":true,\"valueName\":\"search_term_string\"}}],\"inLanguage\":\"en-US\"},{\"@type\":\"Person\",\"@id\":\"https:\\\/\\\/akunq.net\\\/tr\\\/#\\\/schema\\\/person\\\/096f1d38a12cce57fb855b485ed24c9e\",\"name\":\"admin\",\"url\":\"https:\\\/\\\/akunq.net\\\/tr\\\/?author=7\"}]}<\/script>\n<!-- \/ Yoast SEO plugin. -->","yoast_head_json":{"title":"Sevag Bal\u0131k\u00e7\u0131'n\u0131n babas\u0131 Garbis Bal\u0131k\u00e7\u0131 hayat\u0131n\u0131 kaybetti - Bati Ermenistan Ve Bati Ermenileri Sorunlari Ara\u015ftirmalar Merkezi","robots":{"index":"index","follow":"follow","max-snippet":"max-snippet:-1","max-image-preview":"max-image-preview:large","max-video-preview":"max-video-preview:-1"},"canonical":"https:\/\/akunq.net\/tr\/?p=68269","og_locale":"en_US","og_type":"article","og_title":"Sevag Bal\u0131k\u00e7\u0131'n\u0131n babas\u0131 Garbis Bal\u0131k\u00e7\u0131 hayat\u0131n\u0131 kaybetti - Bati Ermenistan Ve Bati Ermenileri Sorunlari Ara\u015ftirmalar Merkezi","og_description":"24 Nisan 2011&#8217;da Batman&#8217;da askerlik g\u00f6revini yaparken ayn\u0131 birlikteki bir askerin silah\u0131ndan \u00e7\u0131kan kur\u015funla hayat\u0131n\u0131 kaybeden Sevag Bal\u0131k\u00e7\u0131&#8217;n\u0131n babas\u0131 Garbis Bal\u0131k\u00e7\u0131 24 Nisan Pazar g\u00fcn\u00fc hayat\u0131n\u0131 kaybetti. Bal\u0131k\u00e7\u0131 ailesi 24 Nisan Pazar g\u00fcn\u00fc saat 13.00&#8217;te \u015ei\u015fli Ermeni Mezarl\u0131\u011f\u0131nda Sevag Bal\u0131k\u00e7\u0131 i\u00e7in d\u00fczenlenecek anma t\u00f6renine kat\u0131lacakt\u0131. Garbis Bal\u0131k\u00e7\u0131 ayn\u0131 g\u00fcn\u00fcn sabah\u0131nda\u00a0 K\u0131nal\u0131ada&#8217;daki evlerinde ge\u00e7irdi\u011fi rahats\u0131zl\u0131k sonucu [&hellip;]","og_url":"https:\/\/akunq.net\/tr\/?p=68269","og_site_name":"Bati Ermenistan Ve Bati Ermenileri Sorunlari Ara\u015ftirmalar Merkezi","article_published_time":"2022-04-29T07:28:19+00:00","og_image":[{"width":680,"height":452,"url":"https:\/\/akunq.net\/tr\/wp-content\/uploads\/sites\/6\/2022\/04\/Ani-ve-Garbis-Bal\u0131k\u00e7\u0131.jpg","type":"image\/jpeg"}],"author":"admin","twitter_card":"summary_large_image","twitter_misc":{"Written by":"admin","Est. reading time":"1 minute"},"schema":{"@context":"https:\/\/schema.org","@graph":[{"@type":"Article","@id":"https:\/\/akunq.net\/tr\/?p=68269#article","isPartOf":{"@id":"https:\/\/akunq.net\/tr\/?p=68269"},"author":{"name":"admin","@id":"https:\/\/akunq.net\/tr\/#\/schema\/person\/096f1d38a12cce57fb855b485ed24c9e"},"headline":"Sevag Bal\u0131k\u00e7\u0131&#8217;n\u0131n babas\u0131 Garbis Bal\u0131k\u00e7\u0131 hayat\u0131n\u0131 kaybetti","datePublished":"2022-04-29T07:28:19+00:00","mainEntityOfPage":{"@id":"https:\/\/akunq.net\/tr\/?p=68269"},"wordCount":206,"commentCount":0,"image":{"@id":"https:\/\/akunq.net\/tr\/?p=68269#primaryimage"},"thumbnailUrl":"https:\/\/akunq.net\/tr\/wp-content\/uploads\/sites\/6\/2022\/04\/Ani-ve-Garbis-Bal\u0131k\u00e7\u0131.jpg","articleSection":["Haberler"],"inLanguage":"en-US","potentialAction":[{"@type":"CommentAction","name":"Comment","target":["https:\/\/akunq.net\/tr\/?p=68269#respond"]}]},{"@type":"WebPage","@id":"https:\/\/akunq.net\/tr\/?p=68269","url":"https:\/\/akunq.net\/tr\/?p=68269","name":"Sevag Bal\u0131k\u00e7\u0131'n\u0131n babas\u0131 Garbis Bal\u0131k\u00e7\u0131 hayat\u0131n\u0131 kaybetti - Bati Ermenistan Ve Bati Ermenileri Sorunlari Ara\u015ftirmalar Merkezi","isPartOf":{"@id":"https:\/\/akunq.net\/tr\/#website"},"primaryImageOfPage":{"@id":"https:\/\/akunq.net\/tr\/?p=68269#primaryimage"},"image":{"@id":"https:\/\/akunq.net\/tr\/?p=68269#primaryimage"},"thumbnailUrl":"https:\/\/akunq.net\/tr\/wp-content\/uploads\/sites\/6\/2022\/04\/Ani-ve-Garbis-Bal\u0131k\u00e7\u0131.jpg","datePublished":"2022-04-29T07:28:19+00:00","author":{"@id":"https:\/\/akunq.net\/tr\/#\/schema\/person\/096f1d38a12cce57fb855b485ed24c9e"},"breadcrumb":{"@id":"https:\/\/akunq.net\/tr\/?p=68269#breadcrumb"},"inLanguage":"en-US","potentialAction":[{"@type":"ReadAction","target":["https:\/\/akunq.net\/tr\/?p=68269"]}]},{"@type":"ImageObject","inLanguage":"en-US","@id":"https:\/\/akunq.net\/tr\/?p=68269#primaryimage","url":"https:\/\/akunq.net\/tr\/wp-content\/uploads\/sites\/6\/2022\/04\/Ani-ve-Garbis-Bal\u0131k\u00e7\u0131.jpg","contentUrl":"https:\/\/akunq.net\/tr\/wp-content\/uploads\/sites\/6\/2022\/04\/Ani-ve-Garbis-Bal\u0131k\u00e7\u0131.jpg","width":680,"height":452},{"@type":"BreadcrumbList","@id":"https:\/\/akunq.net\/tr\/?p=68269#breadcrumb","itemListElement":[{"@type":"ListItem","position":1,"name":"Home","item":"https:\/\/akunq.net\/tr"},{"@type":"ListItem","position":2,"name":"Sevag Bal\u0131k\u00e7\u0131&#8217;n\u0131n babas\u0131 Garbis Bal\u0131k\u00e7\u0131 hayat\u0131n\u0131 kaybetti"}]},{"@type":"WebSite","@id":"https:\/\/akunq.net\/tr\/#website","url":"https:\/\/akunq.net\/tr\/","name":"Bati Ermenistan Ve Bati Ermenileri Sorunlari Ara\u015ftirmalar Merkezi","description":"","potentialAction":[{"@type":"SearchAction","target":{"@type":"EntryPoint","urlTemplate":"https:\/\/akunq.net\/tr\/?s={search_term_string}"},"query-input":{"@type":"PropertyValueSpecification","valueRequired":true,"valueName":"search_term_string"}}],"inLanguage":"en-US"},{"@type":"Person","@id":"https:\/\/akunq.net\/tr\/#\/schema\/person\/096f1d38a12cce57fb855b485ed24c9e","name":"admin","url":"https:\/\/akunq.net\/tr\/?author=7"}]}},"_links":{"self":[{"href":"https:\/\/akunq.net\/tr\/index.php?rest_route=\/wp\/v2\/posts\/68269","targetHints":{"allow":["GET"]}}],"collection":[{"href":"https:\/\/akunq.net\/tr\/index.php?rest_route=\/wp\/v2\/posts"}],"about":[{"href":"https:\/\/akunq.net\/tr\/index.php?rest_route=\/wp\/v2\/types\/post"}],"author":[{"embeddable":true,"href":"https:\/\/akunq.net\/tr\/index.php?rest_route=\/wp\/v2\/users\/7"}],"replies":[{"embeddable":true,"href":"https:\/\/akunq.net\/tr\/index.php?rest_route=%2Fwp%2Fv2%2Fcomments&post=68269"}],"version-history":[{"count":1,"href":"https:\/\/akunq.net\/tr\/index.php?rest_route=\/wp\/v2\/posts\/68269\/revisions"}],"predecessor-version":[{"id":68271,"href":"https:\/\/akunq.net\/tr\/index.php?rest_route=\/wp\/v2\/posts\/68269\/revisions\/68271"}],"wp:featuredmedia":[{"embeddable":true,"href":"https:\/\/akunq.net\/tr\/index.php?rest_route=\/wp\/v2\/media\/68270"}],"wp:attachment":[{"href":"https:\/\/akunq.net\/tr\/index.php?rest_route=%2Fwp%2Fv2%2Fmedia&parent=68269"}],"wp:term":[{"taxonomy":"category","embeddable":true,"href":"https:\/\/akunq.net\/tr\/index.php?rest_route=%2Fwp%2Fv2%2Fcategories&post=68269"},{"taxonomy":"post_tag","embeddable":true,"href":"https:\/\/akunq.net\/tr\/index.php?rest_route=%2Fwp%2Fv2%2Ftags&post=68269"}],"curies":[{"name":"wp","href":"https:\/\/api.w.org\/{rel}","templated":true}]}}