{"id":68158,"date":"2022-04-22T04:19:37","date_gmt":"2022-04-22T09:19:37","guid":{"rendered":"https:\/\/akunq.net\/tr\/?p=68158"},"modified":"2022-04-22T04:19:37","modified_gmt":"2022-04-22T09:19:37","slug":"ayasofyadaki-imparator-kapisiyla-ilgili-iddia-parca-koparip-agzina-atanlar-var","status":"publish","type":"post","link":"https:\/\/akunq.net\/tr\/?p=68158","title":{"rendered":"Ayasofya\u2019daki \u0130mparator Kap\u0131s\u0131\u2019yla ilgili iddia: \u2018Par\u00e7a kopar\u0131p a\u011fz\u0131na atanlar var\u2019"},"content":{"rendered":"<p><img loading=\"lazy\" decoding=\"async\" class=\"aligncenter size-medium wp-image-68159\" src=\"https:\/\/akunq.net\/tr\/wp-content\/uploads\/2022\/04\/Ayasofya\u2019daki-\u0130mparator-Kap\u0131s\u0131-360x200.jpg\" alt=\"\" width=\"360\" height=\"200\" srcset=\"https:\/\/akunq.net\/tr\/wp-content\/uploads\/sites\/6\/2022\/04\/Ayasofya\u2019daki-\u0130mparator-Kap\u0131s\u0131-360x200.jpg 360w, https:\/\/akunq.net\/tr\/wp-content\/uploads\/sites\/6\/2022\/04\/Ayasofya\u2019daki-\u0130mparator-Kap\u0131s\u0131-560x311.jpg 560w, https:\/\/akunq.net\/tr\/wp-content\/uploads\/sites\/6\/2022\/04\/Ayasofya\u2019daki-\u0130mparator-Kap\u0131s\u0131-260x144.jpg 260w, https:\/\/akunq.net\/tr\/wp-content\/uploads\/sites\/6\/2022\/04\/Ayasofya\u2019daki-\u0130mparator-Kap\u0131s\u0131-160x89.jpg 160w, https:\/\/akunq.net\/tr\/wp-content\/uploads\/sites\/6\/2022\/04\/Ayasofya\u2019daki-\u0130mparator-Kap\u0131s\u0131.jpg 720w\" sizes=\"auto, (max-width: 360px) 100vw, 360px\" \/><\/p>\n<p><em><strong>Camiye \u00e7evrilen Ayasofya\u2019daki tarihi \u0130mparator Kap\u0131s\u0131\u2019n\u0131n nas\u0131l tahrip edildi\u011fi hen\u00fcz belirlenemedi. Sanat Tarihi Derne\u011fi Ba\u015fkan\u0131 \u015eerif Ya\u015far, tahribat\u0131n ortaya \u00e7\u0131kmas\u0131n\u0131n ard\u0131ndan bir g\u00f6revlinin kendisine, \u201c\u0130nsanlar oradan ge\u00e7erken ellerini s\u00fcrt\u00fcyorlar. Baz\u0131lar\u0131 hatta oradan par\u00e7a kopar\u0131p a\u011f\u0131zlar\u0131na at\u0131yorlar\u201d dedi\u011fini aktard\u0131.<\/strong><\/em><\/p>\n<p>Sanat Tarihi Derne\u011fi Y\u00f6netim Kurulu Ba\u015fkan\u0131 \u015eerif Ya\u015far, camiye \u00e7evrilen Ayasofya\u2019n\u0131n tarihi \u2018\u0130mparator Kap\u0131s\u0131\u2019n\u0131n tahrip edildi\u011finin ortaya \u00e7\u0131kmas\u0131 \u00fczerine bir g\u00f6revlinin kendisine, \u201c\u0130nsanlar buray\u0131 kutsal say\u0131yor. Baz\u0131lar\u0131 hatta oradan par\u00e7a kopar\u0131p a\u011f\u0131zlar\u0131na at\u0131yorlar\u201d dedi\u011fini anlatt\u0131.<\/p>\n<p>Sanat Tarihi Derne\u011fi sosyal medya hesab\u0131ndan yapt\u0131\u011f\u0131 a\u00e7\u0131klama ile Ayasofya\u2019da meydana gelen tahribat\u0131 duyurmu\u015ftu. Kamuoyundan b\u00fcy\u00fck tepki alan olay ard\u0131ndan m\u00fcfetti\u015f g\u00f6revlendirilerek inceleme ba\u015flat\u0131lm\u0131\u015ft\u0131.<\/p>\n<p>Sanat Tarihi Derne\u011fi Ba\u015fkan\u0131 \u015eerif Ya\u015far, Habert\u00fcrk TV\u2019ye a\u00e7\u0131klamalarda bulunarak olayla ilgili su\u00e7 duyurusunda bulunacaklar\u0131n\u0131 s\u00f6yledi.<\/p>\n<p>\u00dc\u00e7 hafta \u00f6nce Ayasofya\u2019ya geldi\u011fini ve b\u00f6yle bir durumla kar\u015f\u0131la\u015fmad\u0131\u011f\u0131n\u0131 belirten Ya\u015far, g\u00fcvenlik kamera kay\u0131tlar\u0131n\u0131n olmad\u0131\u011f\u0131n\u0131 belirterek, \u201cBana verilen yan\u0131t kay\u0131tlar\u0131n olmad\u0131\u011f\u0131 y\u00f6n\u00fcnde. E\u011fer Ayasofya\u2019da g\u00fcvenlik kamera kay\u0131tlar\u0131 i\u015flemiyorsa bu daha da b\u00fcy\u00fck bir problem\u201d dedi.<\/p>\n<p>Ya\u015far ayr\u0131ca bir g\u00f6revlinin kendisine, \u201c\u0130nsanlar buray\u0131 kutsal say\u0131yor; turistler, yerli insanlar\u2026 Oradan ge\u00e7erken ellerini s\u00fcrt\u00fcyorlar. Baz\u0131lar\u0131 hatta oradan par\u00e7a kopar\u0131p a\u011f\u0131zlar\u0131na at\u0131yorlar\u201d diye yan\u0131t verdi\u011fini de s\u00f6yledi. Ya\u015far, duyduklar\u0131 kar\u015f\u0131s\u0131nda \u015fok oldu\u011funu belirtirken \u201c\u015eaka gibi\u201d dedi.<\/p>\n<p>Habert\u00fcrk\u2019\u00fcn ilgili haber \u015f\u00f6yle:<\/p>\n<div class=\"fluid-width-video-wrapper\"><iframe id=\"fitvid308044\" title=\"Prof. Dr. \u0130lber Ortayl\u0131, tahrip edilen Ayasofya'n\u0131n tarihi kap\u0131s\u0131yla ilgili Habert\u00fcrk TV'ye konu\u015ftu\" src=\"https:\/\/www.youtube.com\/embed\/8C1zmBQrH9Y?feature=oembed\" frameborder=\"0\" allowfullscreen=\"allowfullscreen\" data-mce-fragment=\"1\"><\/iframe><\/div>\n<p><strong>VAKIFLAR M\u00dcD\u00dcRL\u00dc\u011e\u00dc \u2018UFAK B\u0130R DOKUNMA\u2019 DEM\u0130\u015eT\u0130<\/strong><\/p>\n<p>Vak\u0131flar Genel M\u00fcd\u00fcrl\u00fc\u011f\u00fc (VGM), Ayasofya Camisi\u2019nin kap\u0131s\u0131n\u0131n tahrip edilmesiyle ilgili yaz\u0131l\u0131 a\u00e7\u0131klamas\u0131nda tahribat\u0131n \u201cufak bir dokunma\u201d nedeniyle olu\u015ftu\u011fu belirtmi\u015fti. A\u00e7\u0131klamada, \u201cSon olarak Ayasofya Kebir Camii \u0130mparator kap\u0131s\u0131nda bulunan ah\u015fap madalyon \u00fczerindeki a\u015f\u0131nma ve tahribat ah\u015fab\u0131n ola\u011fan s\u00fcrecinden y\u0131pranm\u0131\u015f ve ufak bir dokunma ile de tahribat olu\u015fmu\u015ftur\u201d ifadeleri kullan\u0131lm\u0131\u015ft\u0131.<\/p>\n<p>Olu\u015fan tahribatta bir g\u00fcvenlik zafiyetinin s\u00f6z konusu olmad\u0131\u011f\u0131n\u0131n da iddia edildi\u011fi a\u00e7\u0131klamada, \u201cTakdir edersiniz ki m\u00fcze stat\u00fcs\u00fcndeyken 18-19 bin band\u0131nda olan ziyaret\u00e7i say\u0131s\u0131, camiye d\u00f6n\u00fc\u015ft\u00fcr\u00fclmesiyle 40-45 binleri bulmaktad\u0131r. D\u00fcnya miras\u0131, UNESCO eseri ayr\u0131ca Fatih Sultan Mehmet Han\u2019\u0131n Vakfiyesi ile bizlere emaneti, mimarl\u0131k tarihinin en b\u00fcy\u00fck ve \u00f6nemli yap\u0131lar\u0131ndan olan Ayasofya, 1484 y\u0131ld\u0131r nas\u0131l ayakta kald\u0131ysa gelece\u011fe de ayn\u0131 ihti\u015fam\u0131 ile bir mabet olarak ta\u015f\u0131nacakt\u0131r\u201d denmi\u015fti.<\/p>\n<hr \/>\n<p><em><strong><a href=\"https:\/\/www.birgun.net\/haber\/ayasofya-daki-imparator-kapisi-yla-ilgili-iddia-parca-koparip-agzina-atanlar-var-385126\" target=\"_blank\" rel=\"noopener noreferrer\">BirG\u00fcn Gazetesi<\/a><\/strong><\/em><\/p>\n<div class=\"sharedaddy sd-sharing-enabled\">\n<div class=\"robots-nocontent sd-block sd-social sd-social-icon-text sd-sharing\">\n<h3 class=\"sd-title\"><\/h3>\n<\/div>\n<\/div>\n","protected":false},"excerpt":{"rendered":"<p>Camiye \u00e7evrilen Ayasofya\u2019daki tarihi \u0130mparator Kap\u0131s\u0131\u2019n\u0131n nas\u0131l tahrip edildi\u011fi hen\u00fcz belirlenemedi. Sanat Tarihi Derne\u011fi Ba\u015fkan\u0131 \u015eerif Ya\u015far, tahribat\u0131n ortaya \u00e7\u0131kmas\u0131n\u0131n ard\u0131ndan bir g\u00f6revlinin kendisine, \u201c\u0130nsanlar oradan ge\u00e7erken ellerini s\u00fcrt\u00fcyorlar. Baz\u0131lar\u0131 hatta oradan par\u00e7a kopar\u0131p a\u011f\u0131zlar\u0131na at\u0131yorlar\u201d dedi\u011fini aktard\u0131. Sanat Tarihi Derne\u011fi Y\u00f6netim Kurulu Ba\u015fkan\u0131 \u015eerif Ya\u015far, camiye \u00e7evrilen Ayasofya\u2019n\u0131n tarihi \u2018\u0130mparator Kap\u0131s\u0131\u2019n\u0131n tahrip edildi\u011finin ortaya [&hellip;]<\/p>\n","protected":false},"author":7,"featured_media":68159,"comment_status":"open","ping_status":"open","sticky":false,"template":"","format":"standard","meta":{"footnotes":""},"categories":[1],"tags":[],"class_list":["post-68158","post","type-post","status-publish","format-standard","has-post-thumbnail","hentry","category-haberler"],"yoast_head":"<!-- This site is optimized with the Yoast SEO plugin v27.4 - https:\/\/yoast.com\/product\/yoast-seo-wordpress\/ -->\n<title>Ayasofya\u2019daki \u0130mparator Kap\u0131s\u0131\u2019yla ilgili iddia: \u2018Par\u00e7a kopar\u0131p a\u011fz\u0131na atanlar var\u2019 - Bati Ermenistan Ve Bati Ermenileri Sorunlari Ara\u015ftirmalar Merkezi<\/title>\n<meta name=\"robots\" content=\"index, follow, max-snippet:-1, max-image-preview:large, max-video-preview:-1\" \/>\n<link rel=\"canonical\" href=\"https:\/\/akunq.net\/tr\/?p=68158\" \/>\n<meta property=\"og:locale\" content=\"en_US\" \/>\n<meta property=\"og:type\" content=\"article\" \/>\n<meta property=\"og:title\" content=\"Ayasofya\u2019daki \u0130mparator Kap\u0131s\u0131\u2019yla ilgili iddia: \u2018Par\u00e7a kopar\u0131p a\u011fz\u0131na atanlar var\u2019 - Bati Ermenistan Ve Bati Ermenileri Sorunlari Ara\u015ftirmalar Merkezi\" \/>\n<meta property=\"og:description\" content=\"Camiye \u00e7evrilen Ayasofya\u2019daki tarihi \u0130mparator Kap\u0131s\u0131\u2019n\u0131n nas\u0131l tahrip edildi\u011fi hen\u00fcz belirlenemedi. Sanat Tarihi Derne\u011fi Ba\u015fkan\u0131 \u015eerif Ya\u015far, tahribat\u0131n ortaya \u00e7\u0131kmas\u0131n\u0131n ard\u0131ndan bir g\u00f6revlinin kendisine, \u201c\u0130nsanlar oradan ge\u00e7erken ellerini s\u00fcrt\u00fcyorlar. Baz\u0131lar\u0131 hatta oradan par\u00e7a kopar\u0131p a\u011f\u0131zlar\u0131na at\u0131yorlar\u201d dedi\u011fini aktard\u0131. Sanat Tarihi Derne\u011fi Y\u00f6netim Kurulu Ba\u015fkan\u0131 \u015eerif Ya\u015far, camiye \u00e7evrilen Ayasofya\u2019n\u0131n tarihi \u2018\u0130mparator Kap\u0131s\u0131\u2019n\u0131n tahrip edildi\u011finin ortaya [&hellip;]\" \/>\n<meta property=\"og:url\" content=\"https:\/\/akunq.net\/tr\/?p=68158\" \/>\n<meta property=\"og:site_name\" content=\"Bati Ermenistan Ve Bati Ermenileri Sorunlari Ara\u015ftirmalar Merkezi\" \/>\n<meta property=\"article:published_time\" content=\"2022-04-22T09:19:37+00:00\" \/>\n<meta property=\"og:image\" content=\"https:\/\/akunq.net\/tr\/wp-content\/uploads\/sites\/6\/2022\/04\/Ayasofya\u2019daki-\u0130mparator-Kap\u0131s\u0131.jpg\" \/>\n\t<meta property=\"og:image:width\" content=\"720\" \/>\n\t<meta property=\"og:image:height\" content=\"400\" \/>\n\t<meta property=\"og:image:type\" content=\"image\/jpeg\" \/>\n<meta name=\"author\" content=\"admin\" \/>\n<meta name=\"twitter:card\" content=\"summary_large_image\" \/>\n<meta name=\"twitter:label1\" content=\"Written by\" \/>\n\t<meta name=\"twitter:data1\" content=\"admin\" \/>\n\t<meta name=\"twitter:label2\" content=\"Est. reading time\" \/>\n\t<meta name=\"twitter:data2\" content=\"2 minutes\" \/>\n<script type=\"application\/ld+json\" class=\"yoast-schema-graph\">{\"@context\":\"https:\\\/\\\/schema.org\",\"@graph\":[{\"@type\":\"Article\",\"@id\":\"https:\\\/\\\/akunq.net\\\/tr\\\/?p=68158#article\",\"isPartOf\":{\"@id\":\"https:\\\/\\\/akunq.net\\\/tr\\\/?p=68158\"},\"author\":{\"name\":\"admin\",\"@id\":\"https:\\\/\\\/akunq.net\\\/tr\\\/#\\\/schema\\\/person\\\/096f1d38a12cce57fb855b485ed24c9e\"},\"headline\":\"Ayasofya\u2019daki \u0130mparator Kap\u0131s\u0131\u2019yla ilgili iddia: \u2018Par\u00e7a kopar\u0131p a\u011fz\u0131na atanlar var\u2019\",\"datePublished\":\"2022-04-22T09:19:37+00:00\",\"mainEntityOfPage\":{\"@id\":\"https:\\\/\\\/akunq.net\\\/tr\\\/?p=68158\"},\"wordCount\":505,\"commentCount\":0,\"image\":{\"@id\":\"https:\\\/\\\/akunq.net\\\/tr\\\/?p=68158#primaryimage\"},\"thumbnailUrl\":\"https:\\\/\\\/akunq.net\\\/tr\\\/wp-content\\\/uploads\\\/sites\\\/6\\\/2022\\\/04\\\/Ayasofya\u2019daki-\u0130mparator-Kap\u0131s\u0131.jpg\",\"articleSection\":[\"Haberler\"],\"inLanguage\":\"en-US\",\"potentialAction\":[{\"@type\":\"CommentAction\",\"name\":\"Comment\",\"target\":[\"https:\\\/\\\/akunq.net\\\/tr\\\/?p=68158#respond\"]}]},{\"@type\":\"WebPage\",\"@id\":\"https:\\\/\\\/akunq.net\\\/tr\\\/?p=68158\",\"url\":\"https:\\\/\\\/akunq.net\\\/tr\\\/?p=68158\",\"name\":\"Ayasofya\u2019daki \u0130mparator Kap\u0131s\u0131\u2019yla ilgili iddia: \u2018Par\u00e7a kopar\u0131p a\u011fz\u0131na atanlar var\u2019 - Bati Ermenistan Ve Bati Ermenileri Sorunlari Ara\u015ftirmalar Merkezi\",\"isPartOf\":{\"@id\":\"https:\\\/\\\/akunq.net\\\/tr\\\/#website\"},\"primaryImageOfPage\":{\"@id\":\"https:\\\/\\\/akunq.net\\\/tr\\\/?p=68158#primaryimage\"},\"image\":{\"@id\":\"https:\\\/\\\/akunq.net\\\/tr\\\/?p=68158#primaryimage\"},\"thumbnailUrl\":\"https:\\\/\\\/akunq.net\\\/tr\\\/wp-content\\\/uploads\\\/sites\\\/6\\\/2022\\\/04\\\/Ayasofya\u2019daki-\u0130mparator-Kap\u0131s\u0131.jpg\",\"datePublished\":\"2022-04-22T09:19:37+00:00\",\"author\":{\"@id\":\"https:\\\/\\\/akunq.net\\\/tr\\\/#\\\/schema\\\/person\\\/096f1d38a12cce57fb855b485ed24c9e\"},\"breadcrumb\":{\"@id\":\"https:\\\/\\\/akunq.net\\\/tr\\\/?p=68158#breadcrumb\"},\"inLanguage\":\"en-US\",\"potentialAction\":[{\"@type\":\"ReadAction\",\"target\":[\"https:\\\/\\\/akunq.net\\\/tr\\\/?p=68158\"]}]},{\"@type\":\"ImageObject\",\"inLanguage\":\"en-US\",\"@id\":\"https:\\\/\\\/akunq.net\\\/tr\\\/?p=68158#primaryimage\",\"url\":\"https:\\\/\\\/akunq.net\\\/tr\\\/wp-content\\\/uploads\\\/sites\\\/6\\\/2022\\\/04\\\/Ayasofya\u2019daki-\u0130mparator-Kap\u0131s\u0131.jpg\",\"contentUrl\":\"https:\\\/\\\/akunq.net\\\/tr\\\/wp-content\\\/uploads\\\/sites\\\/6\\\/2022\\\/04\\\/Ayasofya\u2019daki-\u0130mparator-Kap\u0131s\u0131.jpg\",\"width\":720,\"height\":400},{\"@type\":\"BreadcrumbList\",\"@id\":\"https:\\\/\\\/akunq.net\\\/tr\\\/?p=68158#breadcrumb\",\"itemListElement\":[{\"@type\":\"ListItem\",\"position\":1,\"name\":\"Home\",\"item\":\"https:\\\/\\\/akunq.net\\\/tr\"},{\"@type\":\"ListItem\",\"position\":2,\"name\":\"Ayasofya\u2019daki \u0130mparator Kap\u0131s\u0131\u2019yla ilgili iddia: \u2018Par\u00e7a kopar\u0131p a\u011fz\u0131na atanlar var\u2019\"}]},{\"@type\":\"WebSite\",\"@id\":\"https:\\\/\\\/akunq.net\\\/tr\\\/#website\",\"url\":\"https:\\\/\\\/akunq.net\\\/tr\\\/\",\"name\":\"Bati Ermenistan Ve Bati Ermenileri Sorunlari Ara\u015ftirmalar Merkezi\",\"description\":\"\",\"potentialAction\":[{\"@type\":\"SearchAction\",\"target\":{\"@type\":\"EntryPoint\",\"urlTemplate\":\"https:\\\/\\\/akunq.net\\\/tr\\\/?s={search_term_string}\"},\"query-input\":{\"@type\":\"PropertyValueSpecification\",\"valueRequired\":true,\"valueName\":\"search_term_string\"}}],\"inLanguage\":\"en-US\"},{\"@type\":\"Person\",\"@id\":\"https:\\\/\\\/akunq.net\\\/tr\\\/#\\\/schema\\\/person\\\/096f1d38a12cce57fb855b485ed24c9e\",\"name\":\"admin\",\"url\":\"https:\\\/\\\/akunq.net\\\/tr\\\/?author=7\"}]}<\/script>\n<!-- \/ Yoast SEO plugin. -->","yoast_head_json":{"title":"Ayasofya\u2019daki \u0130mparator Kap\u0131s\u0131\u2019yla ilgili iddia: \u2018Par\u00e7a kopar\u0131p a\u011fz\u0131na atanlar var\u2019 - Bati Ermenistan Ve Bati Ermenileri Sorunlari Ara\u015ftirmalar Merkezi","robots":{"index":"index","follow":"follow","max-snippet":"max-snippet:-1","max-image-preview":"max-image-preview:large","max-video-preview":"max-video-preview:-1"},"canonical":"https:\/\/akunq.net\/tr\/?p=68158","og_locale":"en_US","og_type":"article","og_title":"Ayasofya\u2019daki \u0130mparator Kap\u0131s\u0131\u2019yla ilgili iddia: \u2018Par\u00e7a kopar\u0131p a\u011fz\u0131na atanlar var\u2019 - Bati Ermenistan Ve Bati Ermenileri Sorunlari Ara\u015ftirmalar Merkezi","og_description":"Camiye \u00e7evrilen Ayasofya\u2019daki tarihi \u0130mparator Kap\u0131s\u0131\u2019n\u0131n nas\u0131l tahrip edildi\u011fi hen\u00fcz belirlenemedi. Sanat Tarihi Derne\u011fi Ba\u015fkan\u0131 \u015eerif Ya\u015far, tahribat\u0131n ortaya \u00e7\u0131kmas\u0131n\u0131n ard\u0131ndan bir g\u00f6revlinin kendisine, \u201c\u0130nsanlar oradan ge\u00e7erken ellerini s\u00fcrt\u00fcyorlar. Baz\u0131lar\u0131 hatta oradan par\u00e7a kopar\u0131p a\u011f\u0131zlar\u0131na at\u0131yorlar\u201d dedi\u011fini aktard\u0131. Sanat Tarihi Derne\u011fi Y\u00f6netim Kurulu Ba\u015fkan\u0131 \u015eerif Ya\u015far, camiye \u00e7evrilen Ayasofya\u2019n\u0131n tarihi \u2018\u0130mparator Kap\u0131s\u0131\u2019n\u0131n tahrip edildi\u011finin ortaya [&hellip;]","og_url":"https:\/\/akunq.net\/tr\/?p=68158","og_site_name":"Bati Ermenistan Ve Bati Ermenileri Sorunlari Ara\u015ftirmalar Merkezi","article_published_time":"2022-04-22T09:19:37+00:00","og_image":[{"width":720,"height":400,"url":"https:\/\/akunq.net\/tr\/wp-content\/uploads\/sites\/6\/2022\/04\/Ayasofya\u2019daki-\u0130mparator-Kap\u0131s\u0131.jpg","type":"image\/jpeg"}],"author":"admin","twitter_card":"summary_large_image","twitter_misc":{"Written by":"admin","Est. reading time":"2 minutes"},"schema":{"@context":"https:\/\/schema.org","@graph":[{"@type":"Article","@id":"https:\/\/akunq.net\/tr\/?p=68158#article","isPartOf":{"@id":"https:\/\/akunq.net\/tr\/?p=68158"},"author":{"name":"admin","@id":"https:\/\/akunq.net\/tr\/#\/schema\/person\/096f1d38a12cce57fb855b485ed24c9e"},"headline":"Ayasofya\u2019daki \u0130mparator Kap\u0131s\u0131\u2019yla ilgili iddia: \u2018Par\u00e7a kopar\u0131p a\u011fz\u0131na atanlar var\u2019","datePublished":"2022-04-22T09:19:37+00:00","mainEntityOfPage":{"@id":"https:\/\/akunq.net\/tr\/?p=68158"},"wordCount":505,"commentCount":0,"image":{"@id":"https:\/\/akunq.net\/tr\/?p=68158#primaryimage"},"thumbnailUrl":"https:\/\/akunq.net\/tr\/wp-content\/uploads\/sites\/6\/2022\/04\/Ayasofya\u2019daki-\u0130mparator-Kap\u0131s\u0131.jpg","articleSection":["Haberler"],"inLanguage":"en-US","potentialAction":[{"@type":"CommentAction","name":"Comment","target":["https:\/\/akunq.net\/tr\/?p=68158#respond"]}]},{"@type":"WebPage","@id":"https:\/\/akunq.net\/tr\/?p=68158","url":"https:\/\/akunq.net\/tr\/?p=68158","name":"Ayasofya\u2019daki \u0130mparator Kap\u0131s\u0131\u2019yla ilgili iddia: \u2018Par\u00e7a kopar\u0131p a\u011fz\u0131na atanlar var\u2019 - Bati Ermenistan Ve Bati Ermenileri Sorunlari Ara\u015ftirmalar Merkezi","isPartOf":{"@id":"https:\/\/akunq.net\/tr\/#website"},"primaryImageOfPage":{"@id":"https:\/\/akunq.net\/tr\/?p=68158#primaryimage"},"image":{"@id":"https:\/\/akunq.net\/tr\/?p=68158#primaryimage"},"thumbnailUrl":"https:\/\/akunq.net\/tr\/wp-content\/uploads\/sites\/6\/2022\/04\/Ayasofya\u2019daki-\u0130mparator-Kap\u0131s\u0131.jpg","datePublished":"2022-04-22T09:19:37+00:00","author":{"@id":"https:\/\/akunq.net\/tr\/#\/schema\/person\/096f1d38a12cce57fb855b485ed24c9e"},"breadcrumb":{"@id":"https:\/\/akunq.net\/tr\/?p=68158#breadcrumb"},"inLanguage":"en-US","potentialAction":[{"@type":"ReadAction","target":["https:\/\/akunq.net\/tr\/?p=68158"]}]},{"@type":"ImageObject","inLanguage":"en-US","@id":"https:\/\/akunq.net\/tr\/?p=68158#primaryimage","url":"https:\/\/akunq.net\/tr\/wp-content\/uploads\/sites\/6\/2022\/04\/Ayasofya\u2019daki-\u0130mparator-Kap\u0131s\u0131.jpg","contentUrl":"https:\/\/akunq.net\/tr\/wp-content\/uploads\/sites\/6\/2022\/04\/Ayasofya\u2019daki-\u0130mparator-Kap\u0131s\u0131.jpg","width":720,"height":400},{"@type":"BreadcrumbList","@id":"https:\/\/akunq.net\/tr\/?p=68158#breadcrumb","itemListElement":[{"@type":"ListItem","position":1,"name":"Home","item":"https:\/\/akunq.net\/tr"},{"@type":"ListItem","position":2,"name":"Ayasofya\u2019daki \u0130mparator Kap\u0131s\u0131\u2019yla ilgili iddia: \u2018Par\u00e7a kopar\u0131p a\u011fz\u0131na atanlar var\u2019"}]},{"@type":"WebSite","@id":"https:\/\/akunq.net\/tr\/#website","url":"https:\/\/akunq.net\/tr\/","name":"Bati Ermenistan Ve Bati Ermenileri Sorunlari Ara\u015ftirmalar Merkezi","description":"","potentialAction":[{"@type":"SearchAction","target":{"@type":"EntryPoint","urlTemplate":"https:\/\/akunq.net\/tr\/?s={search_term_string}"},"query-input":{"@type":"PropertyValueSpecification","valueRequired":true,"valueName":"search_term_string"}}],"inLanguage":"en-US"},{"@type":"Person","@id":"https:\/\/akunq.net\/tr\/#\/schema\/person\/096f1d38a12cce57fb855b485ed24c9e","name":"admin","url":"https:\/\/akunq.net\/tr\/?author=7"}]}},"_links":{"self":[{"href":"https:\/\/akunq.net\/tr\/index.php?rest_route=\/wp\/v2\/posts\/68158","targetHints":{"allow":["GET"]}}],"collection":[{"href":"https:\/\/akunq.net\/tr\/index.php?rest_route=\/wp\/v2\/posts"}],"about":[{"href":"https:\/\/akunq.net\/tr\/index.php?rest_route=\/wp\/v2\/types\/post"}],"author":[{"embeddable":true,"href":"https:\/\/akunq.net\/tr\/index.php?rest_route=\/wp\/v2\/users\/7"}],"replies":[{"embeddable":true,"href":"https:\/\/akunq.net\/tr\/index.php?rest_route=%2Fwp%2Fv2%2Fcomments&post=68158"}],"version-history":[{"count":1,"href":"https:\/\/akunq.net\/tr\/index.php?rest_route=\/wp\/v2\/posts\/68158\/revisions"}],"predecessor-version":[{"id":68160,"href":"https:\/\/akunq.net\/tr\/index.php?rest_route=\/wp\/v2\/posts\/68158\/revisions\/68160"}],"wp:featuredmedia":[{"embeddable":true,"href":"https:\/\/akunq.net\/tr\/index.php?rest_route=\/wp\/v2\/media\/68159"}],"wp:attachment":[{"href":"https:\/\/akunq.net\/tr\/index.php?rest_route=%2Fwp%2Fv2%2Fmedia&parent=68158"}],"wp:term":[{"taxonomy":"category","embeddable":true,"href":"https:\/\/akunq.net\/tr\/index.php?rest_route=%2Fwp%2Fv2%2Fcategories&post=68158"},{"taxonomy":"post_tag","embeddable":true,"href":"https:\/\/akunq.net\/tr\/index.php?rest_route=%2Fwp%2Fv2%2Ftags&post=68158"}],"curies":[{"name":"wp","href":"https:\/\/api.w.org\/{rel}","templated":true}]}}