{"id":68145,"date":"2022-04-22T02:37:20","date_gmt":"2022-04-22T07:37:20","guid":{"rendered":"https:\/\/akunq.net\/tr\/?p=68145"},"modified":"2022-04-22T02:37:20","modified_gmt":"2022-04-22T07:37:20","slug":"garo-paylandan-gocmenlere-yonelik-nefret-soylemlerine-tepki","status":"publish","type":"post","link":"https:\/\/akunq.net\/tr\/?p=68145","title":{"rendered":"Garo Paylan\u2019dan g\u00f6\u00e7menlere y\u00f6nelik nefret s\u00f6ylemlerine tepki"},"content":{"rendered":"<p><img loading=\"lazy\" decoding=\"async\" class=\"aligncenter size-medium wp-image-68146\" src=\"https:\/\/akunq.net\/tr\/wp-content\/uploads\/2022\/04\/Paylan-360x202.jpg\" alt=\"\" width=\"360\" height=\"202\" srcset=\"https:\/\/akunq.net\/tr\/wp-content\/uploads\/sites\/6\/2022\/04\/Paylan-360x202.jpg 360w, https:\/\/akunq.net\/tr\/wp-content\/uploads\/sites\/6\/2022\/04\/Paylan-768x431.jpg 768w, https:\/\/akunq.net\/tr\/wp-content\/uploads\/sites\/6\/2022\/04\/Paylan-560x314.jpg 560w, https:\/\/akunq.net\/tr\/wp-content\/uploads\/sites\/6\/2022\/04\/Paylan-260x146.jpg 260w, https:\/\/akunq.net\/tr\/wp-content\/uploads\/sites\/6\/2022\/04\/Paylan-160x90.jpg 160w, https:\/\/akunq.net\/tr\/wp-content\/uploads\/sites\/6\/2022\/04\/Paylan.jpg 790w\" sizes=\"auto, (max-width: 360px) 100vw, 360px\" \/><\/p>\n<p><em><strong>HPP\u2019li Garo Paylan, g\u00f6\u00e7menlere y\u00f6nelik son d\u00f6nemde artan nefret s\u00f6ylemlerine tepki g\u00f6sterdi. \u201cBu \u00fclkenin vicdan\u0131 Ege sahillerinde \u00f6len Aylan Bebek ile g\u00f6zya\u015f\u0131 d\u00f6km\u00fc\u015ft\u00fc\u201d diyen Paylan, \u015fimdi m\u00fcltecilerin \u201cPostalayaca\u011f\u0131z, toplayaca\u011f\u0131z, g\u00f6nderece\u011fiz\u201d s\u00f6ylemlerine maruz kald\u0131\u011f\u0131n\u0131 aktard\u0131.<\/strong><\/em><\/p>\n<p>HDP Genel Ba\u015fkan Yard\u0131mc\u0131s\u0131 Garo Paylan, bug\u00fcn TBMM\u2019de d\u00fczenledi\u011fi bas\u0131n toplant\u0131s\u0131nda, ekonomiye ve g\u00f6\u00e7menlere y\u00f6nelik nefret s\u00f6ylemleri hakk\u0131nda a\u00e7\u0131klama yapt\u0131.<\/p>\n<p>Paylan, iki ayr\u0131 T\u00fcrkiye ger\u00e7ekli\u011fi oldu\u011funu belirterek, \u201cPeki bu iki T\u00fcrkiye ger\u00e7ekli\u011finin bir yan\u0131nda zenginler daha \u00e7ok zenginle\u015fiyor, di\u011fer yan\u0131nda halk\u0131n b\u00fcy\u00fck \u00e7o\u011funlu\u011fu yoksulla\u015f\u0131yor. Bu iki T\u00fcrkiye ger\u00e7ekli\u011finde iktidar kimden yana? Maalesef zenginlerden yana\u201d dedi.<\/p>\n<p>Paylan, \u00c7al\u0131\u015fma ve Sosyal G\u00fcvenlik Bakan\u0131 Vedat Bilgin\u2019in emekli maa\u015flar\u0131, bayram ikramiyesi ve asgari \u00fccrete zam taleplerine ili\u015fkin s\u00f6yledi\u011fi \u201cArt\u0131\u015f yaparsak enflasyona yol a\u00e7ar\u201d s\u00f6z\u00fcn\u00fc \u015f\u00f6yle ele\u015ftirdi:<\/p>\n<p>\u201cMevzu bahis emekliler, i\u015f\u00e7iler, \u00e7ift\u00e7iler oldu\u011funda iktidar \u2018Kaynak yok, para yok\u2019 diyor. \u0130ktidarda Hazine ve Maliye Bakan\u0131\u2019n\u0131 anlayabiliyorum; kendisi bir patron ve patronlardan yana. Erdo\u011fan zenginleri seviyor, fakirleri pek de umursam\u0131yor. Ama bakanlar kurulunda bir bakan var ki dar gelirliden yana olmas\u0131 gerekir. Emekliden, i\u015f\u00e7iden, memurdan yana olmas\u0131 gereken bir bakan var. Kim o? \u00c7al\u0131\u015fma ve Sosyal G\u00fcvenlik Bakan\u0131 Say\u0131n Vedat Bilgin. D\u00fcn a\u00e7\u0131klamalar yapt\u0131. Aman yarabbi, en ba\u015f patron seven, me\u011fer \u00c7al\u0131\u015fma ve Sosyal G\u00fcvenlik Bakan\u0131\u2019ym\u0131\u015f.<\/p>\n<p>Allah\u2019tan kork Say\u0131n Vedat Bilgin. Bir y\u0131lda \u00e7ar\u015f\u0131da, pazarda temel g\u0131da \u00fcr\u00fcnlerine y\u00fczde 150-200 zam gelmi\u015f, sen diyorsun ki \u2018Emeklilerin bayram ikramiyesine zam yapmayaca\u011f\u0131m. Emekliler bin 100 lira alacaklar\u2019. Say\u0131n Vedat Bilgin\u2019e soruyorum. Bir emekli e\u015fiyle memlekete gitmeye kalksa gidi\u015f biletlerini, otob\u00fcs, u\u00e7ak biletlerini belki alabilir ama memleketinde kal\u0131r. Geri d\u00f6nemez. U\u00e7ak biletleri, otob\u00fcs biletleri 500-600-700 lira olmu\u015f. Bir emekli e\u015fiyle gitmeye kalksa belki gider diyorum, ama geri d\u00f6nemez bu bayram ikramiyesiyle.<\/p>\n<p><strong>\u201cYEME\u011eE G\u00d6T\u00dcREY\u0130M DESE KEBAP\u00c7IDA REH\u0130N KALIR\u201d<\/strong><\/p>\n<p>Diyelim ki memleketine gidemedi. Bir emekli \u2018Gelin \u00e7ocuklar\u0131m, torunlar\u0131m, geni\u015f ailem, sizi ben bir yeme\u011fe g\u00f6t\u00fcreyim\u2019 dese ve bir kebap\u00e7\u0131ya gitse bu bayram ikramiyesiyle emekli kebap\u00e7\u0131da rehin kal\u0131r, bir \u00f6\u011f\u00fcn yemek i\u00e7in. E\u011fer ki bin 100 lira ile torunlara bayram har\u00e7l\u0131\u011f\u0131 da\u011f\u0131tmaya kalksan torunlar\u0131 sevindiremezsin. Say\u0131n Vedat Bilgin, siz kimden yanas\u0131n\u0131z? Bu \u00fclkenin kaynaklar\u0131 zenginlere, patronlara\u2026 Ve kur korumal\u0131 mevduat ad\u0131na zenginler servetlerine servet kat\u0131yorlar. Yanda\u015flar b\u00fct\u00e7enin kaynaklar\u0131n\u0131 hortumluyorlar, siz \u2018Emeklinin bayram ikramiyesini art\u0131r\u0131rsak enflasyona yol a\u00e7ar\u2019 diyorsunuz. Enflasyon resmi olarak zaten y\u00fczde 61\u2019de; T\u00dc\u0130K\u2019in rakam\u0131. ENAG\u2019\u0131n rakamlar\u0131na g\u00f6re y\u00fczde 141\u2019de. \u00c7ar\u015f\u0131n\u0131n, pazar\u0131n enflasyonu y\u00fczde 100\u2019\u00fcn \u00fczerinde. Sen diyorsun ki \u2018Ben emekliye s\u0131f\u0131r zam verece\u011fim\u2019.<\/p>\n<p><strong>\u201cTHY\u2019DE Y\u00d6NET\u0130M KURULUNUN HUZUR HAKKI Y\u00dcZDE 200 ARTMI\u015e\u201d<\/strong><\/p>\n<p>T\u00fcrk Havayollar\u0131\u2019nda y\u00f6netim kurulunun huzur hakk\u0131 y\u00fczde 200 artm\u0131\u015f. Bunlar yanda\u015flar, y\u00f6netim kurulunda olanlar. Kamunun kaynaklar\u0131 yanda\u015flara aktar\u0131l\u0131rken dolar, euro baz\u0131nda aktar\u0131l\u0131yor. Milyarlarca lira y\u00fczde 100 zam ile aktar\u0131l\u0131yor zenginlere. Bakt\u0131\u011f\u0131m\u0131zda \u00c7al\u0131\u015fma ve Sosyal G\u00fcvenlik Bakan\u0131 diyor ki \u2018Emeklilerin bayram ikramiyesine s\u0131f\u0131r zam verece\u011fim\u2019. Bu hak m\u0131d\u0131r, adalet midir?<\/p>\n<p>Emekli ikramiyesinin bu bayram ve Kurban Bayram\u0131 i\u00e7in 5 bin lira olmas\u0131n\u0131 \u00f6nerdik. Diyecekler ki \u2018Kaynak yok\u2019. Kaynak var. Yaln\u0131zca yanda\u015flar\u0131n\u0131za aktard\u0131\u011f\u0131n\u0131z paralardan vazge\u00e7erseniz emeklilerin bayram ikramiyesini 5 bin lira yapar\u0131z. Bu bayram bir g\u00fczellik de var. Hristiyanlar\u0131n Paskalya Bayram\u0131, Musevilerin Pesah Bayram\u0131, M\u00fcsl\u00fcmanlar\u0131n Ramazan Bayram\u0131 ayn\u0131 aya denk geliyor. Bu anlamda emeklilerimizin b\u00fcy\u00fck \u00e7o\u011funlu\u011funun bayram\u0131 ayn\u0131 aya denk geliyor. Bu ay t\u00fcm emeklilerimizi sevindirme f\u0131rsat\u0131n\u0131z var Say\u0131n Erdo\u011fan. Gelin, bin 100 lira olarak d\u00fc\u015f\u00fcnd\u00fc\u011f\u00fcn\u00fcz emekli ikramiyesini, ikramiye olmayan emekli ikramiye rakam\u0131n\u0131 gelin 5 bin liraya y\u00fckseltelim.<\/p>\n<p>\u00c7al\u0131\u015fma Bakan\u0131 bunun ile de yetinmiyor. Ne diyor? \u2018Asgari \u00fccrete zam yok. Asgari \u00fccret 4 bin 250 lira kalacak\u2019 diyor. Allah\u2019tan korkun Vedat Bey. Asgari \u00fccret, daha i\u015f\u00e7inin cebine girmeden, ocak ay\u0131nda a\u00e7l\u0131k s\u0131n\u0131r\u0131n\u0131n alt\u0131na d\u00fc\u015ft\u00fc. Do\u011fal gaz, elektrik, benzin, mazota zam ya\u011fd\u0131rd\u0131n\u0131z. B\u00fct\u00fcn g\u0131da \u00fcr\u00fcnlerine y\u00fczde 100\u2019den fazla zam geldi, y\u0131l ba\u015f\u0131ndan beri. Siz diyorsunuz ki \u2018Asgari \u00fccretliye zam yok, y\u0131l ba\u015f\u0131n\u0131 bekleyecekler\u2019. Neden b\u00f6yle diyor? Diyor ki \u2018T\u00fcrkiye, sanayimiz b\u00fcy\u00fcyor. Patronlar b\u00fcy\u00fcyor\u2019. Sizin i\u015finiz patronlar\u0131 b\u00fcy\u00fctmek de\u011fil, i\u015finiz i\u015f\u00e7inin al\u0131m g\u00fcc\u00fcn\u00fc korumak. Ben size buradan \u00e7a\u011fr\u0131 yap\u0131yorum; Erdo\u011fan\u2019a ve g\u00f6zlerinden \u0131\u015f\u0131k sa\u00e7an Hazine Bakan\u0131\u2019na, Say\u0131n Vedat Bilgin\u2019e. Ya enflasyonu durdurun ya da i\u015f\u00e7inin, memurun, emeklinin enflasyondan kaynaklanan al\u0131m g\u00fcc\u00fc kay\u0131plar\u0131n\u0131 yerine koyun. Aksi takdirde al\u0131m g\u00fcc\u00fc biterse ticaret de ekonomi de durur. \u00c7ok sevdi\u011finiz patronlar da i\u015f yapamazlar. Asgari \u00dccret Tespit Komisyonu\u2019nun \u00fc\u00e7 ayda bir toplanmas\u0131n\u0131 \u00f6neriyoruz.<\/p>\n<p><strong>\u201cKAMU EMEK\u00c7\u0130LER\u0130N\u0130N OYUNU ALACA\u011eIZ ZANNED\u0130YORLAR\u201d<\/strong><\/p>\n<p>Vedat Bilgin bununla da yetinmiyor. 3600 ek g\u00f6stergeyle ilgili \u2018Y\u0131l\u0131n ilk alt\u0131 ay\u0131nda 3600 ek g\u00f6sterge i\u015fi bitecek\u2019 demi\u015fti. G\u00fczel, \u2018Hazirana kadar bunu bitirelim\u2019 dedik. \u015eimdi ne diyor, y\u0131l sonunu g\u00f6steriyor. Niye? \u2018Para bitti\u2019 diyor. Mevzu bahis kamu emek\u00e7isi ve emeklileri oldu\u011funda onlara da \u2018para yok\u2019 diyor. \u2018Y\u0131l sonu gelecek, y\u0131l sonunda se\u00e7ime 5-6 ay kalm\u0131\u015f olacak. Biz de bu \u00e7er\u00e7evede d\u00fczenleme yapaca\u011f\u0131z ve kamu emek\u00e7ilerin oyunu alaca\u011f\u0131z\u2019 zannediyor. Ama Say\u0131n Vedat Bilgin, kamu emek\u00e7ilerine s\u00f6z verip ertelemeye kalkarsan\u0131z kamu emek\u00e7ilerinin de yurtta\u015flar\u0131m\u0131z\u0131n da oyunu alamazs\u0131n\u0131z.<\/p>\n<p>\u2018Emeklilikte ya\u015fa tak\u0131lanlar g\u00fcndemimizde yok\u2019 diyor. Milyonlarca emeklilikte ya\u015fa tak\u0131lana umut verdiniz. AKP Grup Ba\u015fkanvekili Emin Akba\u015fo\u011flu, \u2018Emeklilikte ya\u015fa tak\u0131lanlarla ilgili \u00e7al\u0131\u015f\u0131yoruz\u2019 dedi. Vedat Bilgin de \u2018\u00e7al\u0131\u015f\u0131yoruz\u2019 demi\u015fti. Ama bir bak\u0131yoruz, Cumhurba\u015fkan\u0131 Yard\u0131mc\u0131s\u0131 Fuat Oktay, \u2018B\u00f6yle bir \u00e7al\u0131\u015fmam\u0131z yok\u2019 demi\u015fti. \u015eimdi Vedat Bilgin de ayn\u0131 noktaya gelmi\u015f. \u2018Emeklilikte ya\u015fa tak\u0131lanlar g\u00fcndemimizde yok\u2019 diyor.<\/p>\n<p>Siz \u2018Emeklilikte ya\u015fa tak\u0131lanlar g\u00fcndemimizde yok\u2019 derseniz emeklilikte ya\u015fa tak\u0131lanlar da sizi g\u00fcndemlerinden \u00e7\u0131kar\u0131rlar. Zaten yurtta\u015flar\u0131m\u0131z sizi g\u00fcndemlerinden \u00e7\u0131karacak ama bu gidi\u015fat\u0131 daha da h\u0131zland\u0131rm\u0131\u015f olursunuz. Emeklilerin emekli ikramiyesi, asgari \u00fccret yok, 3600 ek g\u00f6sterge y\u0131l sonunda, emeklilikte ya\u015fa tak\u0131lanlar g\u00fcndemlerinde yok. Peki sizin g\u00fcndeminizde ne var? Zengini daha fazla zenginle\u015ftirmek. Kur korumal\u0131 mevduat ad\u0131na faiz geliri elde edenlere servet transferi yapmak ve kamu kaynaklar\u0131n\u0131 yanda\u015flar\u0131n\u0131za aktarmak. Ben, iktidara g\u00fcndemlerini halktan yana de\u011fi\u015ftirmelerini \u00f6neriyorum. Aksi taktirde bir sosyal patlama riskiyle kar\u015f\u0131 kar\u015f\u0131yay\u0131z. Tencere kaynam\u0131yorsa o \u00fclkede huzur yoktur. Al\u0131m g\u00fcc\u00fcn\u00fc koruyacak d\u00fczenlemeleri g\u00fcndemimize almal\u0131y\u0131z.<\/p>\n<p><strong>\u201c\u2018AYA G\u0130DECE\u011e\u0130Z\u2019 D\u0130YORLARDI \u015e\u0130MD\u0130 \u2018KI\u015eIN DOMATES, SALATALIK YEMEY\u0130N\u2019 D\u0130YORLAR\u201d<\/strong><\/p>\n<p>Milletvekillerinden sonra AKP il ba\u015fkanlar\u0131 da \u00e7ar\u015f\u0131da dayak yiyorlar. Daha \u00e7ok dayak yiyeceksiniz. Hele \u00e7\u0131k\u0131n \u00e7ar\u015f\u0131ya, pazara milletten daha \u00e7ok dayak yiyeceksiniz. \u00c7\u00fcnk\u00fc enflasyonu siz patlatt\u0131n\u0131z. Bu \u00fclkedeki yurtta\u015flar\u0131n al\u0131m g\u00fcc\u00fcn\u00fc siz d\u00fc\u015f\u00fcrd\u00fcn\u00fcz. Milleti siz sefalete mahkum ettiniz. AKP\u2019li il ba\u015fkan\u0131 ne \u00f6neriyor biliyor musunuz? \u2018K\u0131\u015f\u0131n salatal\u0131k, domates yemezdik, tur\u015fu yerdik\u2019 diyor. Yani d\u00fc\u015f\u00fcnebiliyor musunuz? Ge\u00e7mi\u015fte benim \u00e7ocuklu\u011fumda da salatal\u0131k, domates yemezdik. Ama son 35-40 y\u0131ld\u0131r k\u0131\u015f\u0131n salatal\u0131k, domates yiyoruz. \u00dclke n\u00fcfusundan yar\u0131s\u0131ndan \u00e7o\u011fu ge\u00e7mi\u015f g\u00fcnleri bilmiyor. Eskiden cep telefonlar\u0131m\u0131z da yoktu. Mademki eskiye d\u00f6n\u00fcyoruz, bundan sonra cep telefonlar\u0131m\u0131z\u0131 teknolojiyi de kullanmayal\u0131m. AKP, \u00fclkeyi 50 y\u0131l \u00f6ncesine g\u00f6t\u00fcrmeye \u00e7al\u0131\u015f\u0131yor. Nereden nereye? \u2018Aya gidece\u011fiz\u2019 diyorlard\u0131, \u015fimdi \u2018k\u0131\u015f\u0131n domates, salatal\u0131k yemeyin\u2019 diyorlar.\u201d<\/p>\n<p><strong>\u201cNEFRET S\u00d6YLEM\u0130 VAR\u201d<\/strong><\/p>\n<p>Paylan, m\u00fclteciler konusunda da de\u011ferlendirmede bulunarak, g\u00f6\u00e7menlerle ilgili nefret s\u00f6ylemlerinin artt\u0131\u011f\u0131n\u0131 belirtti. Paylan, \u201c\u00dclkede m\u00fcltecilerle ilgili fa\u015fizan bir iklim var. Nefret s\u00f6ylemleri kullan\u0131l\u0131yor ve bu nefret s\u00f6ylemlerini kullananlar unutmas\u0131nlar, nefret s\u00f6ylemleri nefret su\u00e7lar\u0131na yol a\u00e7ar. Bu nefret s\u00f6ylemleri ne kadar \u00e7ok kullan\u0131lm\u0131\u015fsa Suriyelilere, s\u0131\u011f\u0131nmac\u0131lara d\u00f6n\u00fck nefret sald\u0131r\u0131lar\u0131 olmu\u015ftur. \u0130nsanlardan bahsediyoruz, unutmay\u0131n\u201d diye konu\u015ftu.<\/p>\n<p><strong>AYLAN BEBEK HATIRLATMASI<\/strong><\/p>\n<p>\u201cBu \u00fclkenin vicdan\u0131 Ege sahillerinde \u00f6len Aylan Bebek ile g\u00f6zya\u015f\u0131 d\u00f6km\u00fc\u015ft\u00fc\u201d diyen Paylan, \u015fimdi m\u00fcltecilerin \u201cPostalayaca\u011f\u0131z, toplayaca\u011f\u0131z, g\u00f6nderece\u011fiz\u201d s\u00f6ylemlerine maruz kald\u0131\u011f\u0131n\u0131 aktard\u0131. Paylan, Suriye\u2019deki yang\u0131na AKP\u2019nin benzin d\u00f6kt\u00fc\u011f\u00fcn\u00fc dile getirerek, \u201cSuriye\u2019de m\u00fclteci yaratan politikalar\u0131n alt\u0131na AKP imza att\u0131. Evet, s\u0131\u011f\u0131nmac\u0131lara kap\u0131 a\u00e7t\u0131k ve burada y\u0131llard\u0131r bizimle beraber ya\u015f\u0131yorlar. M\u00fcltecilerle u\u011fra\u015fmam\u0131z gerekiyor, m\u00fclteci yaratan politikalar ile u\u011fra\u015fmam\u0131z gerekiyor. AKP\u2019nin sava\u015f politikalar\u0131 m\u00fclteci yarat\u0131yor. Ancak \u00e7\u00f6z\u00fcm, bar\u0131\u015f olursa m\u00fclteciler tekrar \u00fclkelerine gidebilir. \u00c7\u00f6z\u00fcm ve bar\u0131\u015f olmadan b\u0131rak\u0131n m\u00fcltecilerin gitmesini, daha \u00e7ok m\u00fclteci \u00fclkemize gelir\u201d dedi.<\/p>\n<p>Paylan, \u201cM\u00fcltecilere 40-50 milyar dolar harcad\u0131k\u201d s\u00f6ylemlerinin de ger\u00e7ek olmad\u0131\u011f\u0131n\u0131 savunarak, \u201cYalan s\u00f6yl\u00fcyorlar. Plan ve B\u00fct\u00e7e Komisyonu \u00fcyesi olarak s\u00f6yl\u00fcyorum. Yalan s\u00f6yl\u00fcyorlar. M\u00fcltecilere, b\u0131rak\u0131n 40-50 milyar dolar\u0131, onda biri kadar bile para harcanmad\u0131\u201d diye konu\u015ftu.<\/p>\n<p><em><strong><a href=\"https:\/\/www.birgun.net\/haber\/garo-paylan-dan-gocmenlere-yonelik-nefret-soylemlerine-tepki-384996\" target=\"_blank\" rel=\"noopener noreferrer\">BirG\u00fcn Gazetesi<\/a>\u00a0<\/strong><\/em><\/p>\n","protected":false},"excerpt":{"rendered":"<p>HPP\u2019li Garo Paylan, g\u00f6\u00e7menlere y\u00f6nelik son d\u00f6nemde artan nefret s\u00f6ylemlerine tepki g\u00f6sterdi. \u201cBu \u00fclkenin vicdan\u0131 Ege sahillerinde \u00f6len Aylan Bebek ile g\u00f6zya\u015f\u0131 d\u00f6km\u00fc\u015ft\u00fc\u201d diyen Paylan, \u015fimdi m\u00fcltecilerin \u201cPostalayaca\u011f\u0131z, toplayaca\u011f\u0131z, g\u00f6nderece\u011fiz\u201d s\u00f6ylemlerine maruz kald\u0131\u011f\u0131n\u0131 aktard\u0131. HDP Genel Ba\u015fkan Yard\u0131mc\u0131s\u0131 Garo Paylan, bug\u00fcn TBMM\u2019de d\u00fczenledi\u011fi bas\u0131n toplant\u0131s\u0131nda, ekonomiye ve g\u00f6\u00e7menlere y\u00f6nelik nefret s\u00f6ylemleri hakk\u0131nda a\u00e7\u0131klama yapt\u0131. Paylan, [&hellip;]<\/p>\n","protected":false},"author":7,"featured_media":68146,"comment_status":"open","ping_status":"open","sticky":false,"template":"","format":"standard","meta":{"footnotes":""},"categories":[1],"tags":[],"class_list":["post-68145","post","type-post","status-publish","format-standard","has-post-thumbnail","hentry","category-haberler"],"yoast_head":"<!-- This site is optimized with the Yoast SEO plugin v27.4 - https:\/\/yoast.com\/product\/yoast-seo-wordpress\/ -->\n<title>Garo Paylan\u2019dan g\u00f6\u00e7menlere y\u00f6nelik nefret s\u00f6ylemlerine tepki - Bati Ermenistan Ve Bati Ermenileri Sorunlari Ara\u015ftirmalar Merkezi<\/title>\n<meta name=\"robots\" content=\"index, follow, max-snippet:-1, max-image-preview:large, max-video-preview:-1\" \/>\n<link rel=\"canonical\" href=\"https:\/\/akunq.net\/tr\/?p=68145\" \/>\n<meta property=\"og:locale\" content=\"en_US\" \/>\n<meta property=\"og:type\" content=\"article\" \/>\n<meta property=\"og:title\" content=\"Garo Paylan\u2019dan g\u00f6\u00e7menlere y\u00f6nelik nefret s\u00f6ylemlerine tepki - Bati Ermenistan Ve Bati Ermenileri Sorunlari Ara\u015ftirmalar Merkezi\" \/>\n<meta property=\"og:description\" content=\"HPP\u2019li Garo Paylan, g\u00f6\u00e7menlere y\u00f6nelik son d\u00f6nemde artan nefret s\u00f6ylemlerine tepki g\u00f6sterdi. \u201cBu \u00fclkenin vicdan\u0131 Ege sahillerinde \u00f6len Aylan Bebek ile g\u00f6zya\u015f\u0131 d\u00f6km\u00fc\u015ft\u00fc\u201d diyen Paylan, \u015fimdi m\u00fcltecilerin \u201cPostalayaca\u011f\u0131z, toplayaca\u011f\u0131z, g\u00f6nderece\u011fiz\u201d s\u00f6ylemlerine maruz kald\u0131\u011f\u0131n\u0131 aktard\u0131. HDP Genel Ba\u015fkan Yard\u0131mc\u0131s\u0131 Garo Paylan, bug\u00fcn TBMM\u2019de d\u00fczenledi\u011fi bas\u0131n toplant\u0131s\u0131nda, ekonomiye ve g\u00f6\u00e7menlere y\u00f6nelik nefret s\u00f6ylemleri hakk\u0131nda a\u00e7\u0131klama yapt\u0131. Paylan, [&hellip;]\" \/>\n<meta property=\"og:url\" content=\"https:\/\/akunq.net\/tr\/?p=68145\" \/>\n<meta property=\"og:site_name\" content=\"Bati Ermenistan Ve Bati Ermenileri Sorunlari Ara\u015ftirmalar Merkezi\" \/>\n<meta property=\"article:published_time\" content=\"2022-04-22T07:37:20+00:00\" \/>\n<meta property=\"og:image\" content=\"https:\/\/akunq.net\/tr\/wp-content\/uploads\/sites\/6\/2022\/04\/Paylan.jpg\" \/>\n\t<meta property=\"og:image:width\" content=\"790\" \/>\n\t<meta property=\"og:image:height\" content=\"443\" \/>\n\t<meta property=\"og:image:type\" content=\"image\/jpeg\" \/>\n<meta name=\"author\" content=\"admin\" \/>\n<meta name=\"twitter:card\" content=\"summary_large_image\" \/>\n<meta name=\"twitter:label1\" content=\"Written by\" \/>\n\t<meta name=\"twitter:data1\" content=\"admin\" \/>\n\t<meta name=\"twitter:label2\" content=\"Est. reading time\" \/>\n\t<meta name=\"twitter:data2\" content=\"8 minutes\" \/>\n<script type=\"application\/ld+json\" class=\"yoast-schema-graph\">{\"@context\":\"https:\\\/\\\/schema.org\",\"@graph\":[{\"@type\":\"Article\",\"@id\":\"https:\\\/\\\/akunq.net\\\/tr\\\/?p=68145#article\",\"isPartOf\":{\"@id\":\"https:\\\/\\\/akunq.net\\\/tr\\\/?p=68145\"},\"author\":{\"name\":\"admin\",\"@id\":\"https:\\\/\\\/akunq.net\\\/tr\\\/#\\\/schema\\\/person\\\/096f1d38a12cce57fb855b485ed24c9e\"},\"headline\":\"Garo Paylan\u2019dan g\u00f6\u00e7menlere y\u00f6nelik nefret s\u00f6ylemlerine tepki\",\"datePublished\":\"2022-04-22T07:37:20+00:00\",\"mainEntityOfPage\":{\"@id\":\"https:\\\/\\\/akunq.net\\\/tr\\\/?p=68145\"},\"wordCount\":1694,\"commentCount\":0,\"image\":{\"@id\":\"https:\\\/\\\/akunq.net\\\/tr\\\/?p=68145#primaryimage\"},\"thumbnailUrl\":\"https:\\\/\\\/akunq.net\\\/tr\\\/wp-content\\\/uploads\\\/sites\\\/6\\\/2022\\\/04\\\/Paylan.jpg\",\"articleSection\":[\"Haberler\"],\"inLanguage\":\"en-US\",\"potentialAction\":[{\"@type\":\"CommentAction\",\"name\":\"Comment\",\"target\":[\"https:\\\/\\\/akunq.net\\\/tr\\\/?p=68145#respond\"]}]},{\"@type\":\"WebPage\",\"@id\":\"https:\\\/\\\/akunq.net\\\/tr\\\/?p=68145\",\"url\":\"https:\\\/\\\/akunq.net\\\/tr\\\/?p=68145\",\"name\":\"Garo Paylan\u2019dan g\u00f6\u00e7menlere y\u00f6nelik nefret s\u00f6ylemlerine tepki - Bati Ermenistan Ve Bati Ermenileri Sorunlari Ara\u015ftirmalar Merkezi\",\"isPartOf\":{\"@id\":\"https:\\\/\\\/akunq.net\\\/tr\\\/#website\"},\"primaryImageOfPage\":{\"@id\":\"https:\\\/\\\/akunq.net\\\/tr\\\/?p=68145#primaryimage\"},\"image\":{\"@id\":\"https:\\\/\\\/akunq.net\\\/tr\\\/?p=68145#primaryimage\"},\"thumbnailUrl\":\"https:\\\/\\\/akunq.net\\\/tr\\\/wp-content\\\/uploads\\\/sites\\\/6\\\/2022\\\/04\\\/Paylan.jpg\",\"datePublished\":\"2022-04-22T07:37:20+00:00\",\"author\":{\"@id\":\"https:\\\/\\\/akunq.net\\\/tr\\\/#\\\/schema\\\/person\\\/096f1d38a12cce57fb855b485ed24c9e\"},\"breadcrumb\":{\"@id\":\"https:\\\/\\\/akunq.net\\\/tr\\\/?p=68145#breadcrumb\"},\"inLanguage\":\"en-US\",\"potentialAction\":[{\"@type\":\"ReadAction\",\"target\":[\"https:\\\/\\\/akunq.net\\\/tr\\\/?p=68145\"]}]},{\"@type\":\"ImageObject\",\"inLanguage\":\"en-US\",\"@id\":\"https:\\\/\\\/akunq.net\\\/tr\\\/?p=68145#primaryimage\",\"url\":\"https:\\\/\\\/akunq.net\\\/tr\\\/wp-content\\\/uploads\\\/sites\\\/6\\\/2022\\\/04\\\/Paylan.jpg\",\"contentUrl\":\"https:\\\/\\\/akunq.net\\\/tr\\\/wp-content\\\/uploads\\\/sites\\\/6\\\/2022\\\/04\\\/Paylan.jpg\",\"width\":790,\"height\":443},{\"@type\":\"BreadcrumbList\",\"@id\":\"https:\\\/\\\/akunq.net\\\/tr\\\/?p=68145#breadcrumb\",\"itemListElement\":[{\"@type\":\"ListItem\",\"position\":1,\"name\":\"Home\",\"item\":\"https:\\\/\\\/akunq.net\\\/tr\"},{\"@type\":\"ListItem\",\"position\":2,\"name\":\"Garo Paylan\u2019dan g\u00f6\u00e7menlere y\u00f6nelik nefret s\u00f6ylemlerine tepki\"}]},{\"@type\":\"WebSite\",\"@id\":\"https:\\\/\\\/akunq.net\\\/tr\\\/#website\",\"url\":\"https:\\\/\\\/akunq.net\\\/tr\\\/\",\"name\":\"Bati Ermenistan Ve Bati Ermenileri Sorunlari Ara\u015ftirmalar Merkezi\",\"description\":\"\",\"potentialAction\":[{\"@type\":\"SearchAction\",\"target\":{\"@type\":\"EntryPoint\",\"urlTemplate\":\"https:\\\/\\\/akunq.net\\\/tr\\\/?s={search_term_string}\"},\"query-input\":{\"@type\":\"PropertyValueSpecification\",\"valueRequired\":true,\"valueName\":\"search_term_string\"}}],\"inLanguage\":\"en-US\"},{\"@type\":\"Person\",\"@id\":\"https:\\\/\\\/akunq.net\\\/tr\\\/#\\\/schema\\\/person\\\/096f1d38a12cce57fb855b485ed24c9e\",\"name\":\"admin\",\"url\":\"https:\\\/\\\/akunq.net\\\/tr\\\/?author=7\"}]}<\/script>\n<!-- \/ Yoast SEO plugin. -->","yoast_head_json":{"title":"Garo Paylan\u2019dan g\u00f6\u00e7menlere y\u00f6nelik nefret s\u00f6ylemlerine tepki - Bati Ermenistan Ve Bati Ermenileri Sorunlari Ara\u015ftirmalar Merkezi","robots":{"index":"index","follow":"follow","max-snippet":"max-snippet:-1","max-image-preview":"max-image-preview:large","max-video-preview":"max-video-preview:-1"},"canonical":"https:\/\/akunq.net\/tr\/?p=68145","og_locale":"en_US","og_type":"article","og_title":"Garo Paylan\u2019dan g\u00f6\u00e7menlere y\u00f6nelik nefret s\u00f6ylemlerine tepki - Bati Ermenistan Ve Bati Ermenileri Sorunlari Ara\u015ftirmalar Merkezi","og_description":"HPP\u2019li Garo Paylan, g\u00f6\u00e7menlere y\u00f6nelik son d\u00f6nemde artan nefret s\u00f6ylemlerine tepki g\u00f6sterdi. \u201cBu \u00fclkenin vicdan\u0131 Ege sahillerinde \u00f6len Aylan Bebek ile g\u00f6zya\u015f\u0131 d\u00f6km\u00fc\u015ft\u00fc\u201d diyen Paylan, \u015fimdi m\u00fcltecilerin \u201cPostalayaca\u011f\u0131z, toplayaca\u011f\u0131z, g\u00f6nderece\u011fiz\u201d s\u00f6ylemlerine maruz kald\u0131\u011f\u0131n\u0131 aktard\u0131. HDP Genel Ba\u015fkan Yard\u0131mc\u0131s\u0131 Garo Paylan, bug\u00fcn TBMM\u2019de d\u00fczenledi\u011fi bas\u0131n toplant\u0131s\u0131nda, ekonomiye ve g\u00f6\u00e7menlere y\u00f6nelik nefret s\u00f6ylemleri hakk\u0131nda a\u00e7\u0131klama yapt\u0131. Paylan, [&hellip;]","og_url":"https:\/\/akunq.net\/tr\/?p=68145","og_site_name":"Bati Ermenistan Ve Bati Ermenileri Sorunlari Ara\u015ftirmalar Merkezi","article_published_time":"2022-04-22T07:37:20+00:00","og_image":[{"width":790,"height":443,"url":"https:\/\/akunq.net\/tr\/wp-content\/uploads\/sites\/6\/2022\/04\/Paylan.jpg","type":"image\/jpeg"}],"author":"admin","twitter_card":"summary_large_image","twitter_misc":{"Written by":"admin","Est. reading time":"8 minutes"},"schema":{"@context":"https:\/\/schema.org","@graph":[{"@type":"Article","@id":"https:\/\/akunq.net\/tr\/?p=68145#article","isPartOf":{"@id":"https:\/\/akunq.net\/tr\/?p=68145"},"author":{"name":"admin","@id":"https:\/\/akunq.net\/tr\/#\/schema\/person\/096f1d38a12cce57fb855b485ed24c9e"},"headline":"Garo Paylan\u2019dan g\u00f6\u00e7menlere y\u00f6nelik nefret s\u00f6ylemlerine tepki","datePublished":"2022-04-22T07:37:20+00:00","mainEntityOfPage":{"@id":"https:\/\/akunq.net\/tr\/?p=68145"},"wordCount":1694,"commentCount":0,"image":{"@id":"https:\/\/akunq.net\/tr\/?p=68145#primaryimage"},"thumbnailUrl":"https:\/\/akunq.net\/tr\/wp-content\/uploads\/sites\/6\/2022\/04\/Paylan.jpg","articleSection":["Haberler"],"inLanguage":"en-US","potentialAction":[{"@type":"CommentAction","name":"Comment","target":["https:\/\/akunq.net\/tr\/?p=68145#respond"]}]},{"@type":"WebPage","@id":"https:\/\/akunq.net\/tr\/?p=68145","url":"https:\/\/akunq.net\/tr\/?p=68145","name":"Garo Paylan\u2019dan g\u00f6\u00e7menlere y\u00f6nelik nefret s\u00f6ylemlerine tepki - Bati Ermenistan Ve Bati Ermenileri Sorunlari Ara\u015ftirmalar Merkezi","isPartOf":{"@id":"https:\/\/akunq.net\/tr\/#website"},"primaryImageOfPage":{"@id":"https:\/\/akunq.net\/tr\/?p=68145#primaryimage"},"image":{"@id":"https:\/\/akunq.net\/tr\/?p=68145#primaryimage"},"thumbnailUrl":"https:\/\/akunq.net\/tr\/wp-content\/uploads\/sites\/6\/2022\/04\/Paylan.jpg","datePublished":"2022-04-22T07:37:20+00:00","author":{"@id":"https:\/\/akunq.net\/tr\/#\/schema\/person\/096f1d38a12cce57fb855b485ed24c9e"},"breadcrumb":{"@id":"https:\/\/akunq.net\/tr\/?p=68145#breadcrumb"},"inLanguage":"en-US","potentialAction":[{"@type":"ReadAction","target":["https:\/\/akunq.net\/tr\/?p=68145"]}]},{"@type":"ImageObject","inLanguage":"en-US","@id":"https:\/\/akunq.net\/tr\/?p=68145#primaryimage","url":"https:\/\/akunq.net\/tr\/wp-content\/uploads\/sites\/6\/2022\/04\/Paylan.jpg","contentUrl":"https:\/\/akunq.net\/tr\/wp-content\/uploads\/sites\/6\/2022\/04\/Paylan.jpg","width":790,"height":443},{"@type":"BreadcrumbList","@id":"https:\/\/akunq.net\/tr\/?p=68145#breadcrumb","itemListElement":[{"@type":"ListItem","position":1,"name":"Home","item":"https:\/\/akunq.net\/tr"},{"@type":"ListItem","position":2,"name":"Garo Paylan\u2019dan g\u00f6\u00e7menlere y\u00f6nelik nefret s\u00f6ylemlerine tepki"}]},{"@type":"WebSite","@id":"https:\/\/akunq.net\/tr\/#website","url":"https:\/\/akunq.net\/tr\/","name":"Bati Ermenistan Ve Bati Ermenileri Sorunlari Ara\u015ftirmalar Merkezi","description":"","potentialAction":[{"@type":"SearchAction","target":{"@type":"EntryPoint","urlTemplate":"https:\/\/akunq.net\/tr\/?s={search_term_string}"},"query-input":{"@type":"PropertyValueSpecification","valueRequired":true,"valueName":"search_term_string"}}],"inLanguage":"en-US"},{"@type":"Person","@id":"https:\/\/akunq.net\/tr\/#\/schema\/person\/096f1d38a12cce57fb855b485ed24c9e","name":"admin","url":"https:\/\/akunq.net\/tr\/?author=7"}]}},"_links":{"self":[{"href":"https:\/\/akunq.net\/tr\/index.php?rest_route=\/wp\/v2\/posts\/68145","targetHints":{"allow":["GET"]}}],"collection":[{"href":"https:\/\/akunq.net\/tr\/index.php?rest_route=\/wp\/v2\/posts"}],"about":[{"href":"https:\/\/akunq.net\/tr\/index.php?rest_route=\/wp\/v2\/types\/post"}],"author":[{"embeddable":true,"href":"https:\/\/akunq.net\/tr\/index.php?rest_route=\/wp\/v2\/users\/7"}],"replies":[{"embeddable":true,"href":"https:\/\/akunq.net\/tr\/index.php?rest_route=%2Fwp%2Fv2%2Fcomments&post=68145"}],"version-history":[{"count":1,"href":"https:\/\/akunq.net\/tr\/index.php?rest_route=\/wp\/v2\/posts\/68145\/revisions"}],"predecessor-version":[{"id":68147,"href":"https:\/\/akunq.net\/tr\/index.php?rest_route=\/wp\/v2\/posts\/68145\/revisions\/68147"}],"wp:featuredmedia":[{"embeddable":true,"href":"https:\/\/akunq.net\/tr\/index.php?rest_route=\/wp\/v2\/media\/68146"}],"wp:attachment":[{"href":"https:\/\/akunq.net\/tr\/index.php?rest_route=%2Fwp%2Fv2%2Fmedia&parent=68145"}],"wp:term":[{"taxonomy":"category","embeddable":true,"href":"https:\/\/akunq.net\/tr\/index.php?rest_route=%2Fwp%2Fv2%2Fcategories&post=68145"},{"taxonomy":"post_tag","embeddable":true,"href":"https:\/\/akunq.net\/tr\/index.php?rest_route=%2Fwp%2Fv2%2Ftags&post=68145"}],"curies":[{"name":"wp","href":"https:\/\/api.w.org\/{rel}","templated":true}]}}