{"id":68142,"date":"2022-04-22T02:17:03","date_gmt":"2022-04-22T07:17:03","guid":{"rendered":"https:\/\/akunq.net\/tr\/?p=68142"},"modified":"2022-04-22T02:17:03","modified_gmt":"2022-04-22T07:17:03","slug":"tsknin-sinir-otesi-harekati-nedeniyle-hristiyanlar-koylerini-terk-ediyor","status":"publish","type":"post","link":"https:\/\/akunq.net\/tr\/?p=68142","title":{"rendered":"TSK\u2019nin s\u0131n\u0131r \u00f6tesi harekat\u0131 nedeniyle Hristiyanlar k\u00f6ylerini terk ediyor"},"content":{"rendered":"<p><img loading=\"lazy\" decoding=\"async\" class=\"aligncenter size-medium wp-image-68143\" src=\"https:\/\/akunq.net\/tr\/wp-content\/uploads\/2022\/04\/Federe-K\u00fcrdistan-B\u00f6lgesi-360x208.jpeg\" alt=\"\" width=\"360\" height=\"208\" srcset=\"https:\/\/akunq.net\/tr\/wp-content\/uploads\/sites\/6\/2022\/04\/Federe-K\u00fcrdistan-B\u00f6lgesi-360x208.jpeg 360w, https:\/\/akunq.net\/tr\/wp-content\/uploads\/sites\/6\/2022\/04\/Federe-K\u00fcrdistan-B\u00f6lgesi-768x444.jpeg 768w, https:\/\/akunq.net\/tr\/wp-content\/uploads\/sites\/6\/2022\/04\/Federe-K\u00fcrdistan-B\u00f6lgesi-560x324.jpeg 560w, https:\/\/akunq.net\/tr\/wp-content\/uploads\/sites\/6\/2022\/04\/Federe-K\u00fcrdistan-B\u00f6lgesi-260x150.jpeg 260w, https:\/\/akunq.net\/tr\/wp-content\/uploads\/sites\/6\/2022\/04\/Federe-K\u00fcrdistan-B\u00f6lgesi-160x93.jpeg 160w, https:\/\/akunq.net\/tr\/wp-content\/uploads\/sites\/6\/2022\/04\/Federe-K\u00fcrdistan-B\u00f6lgesi.jpeg 800w\" sizes=\"auto, (max-width: 360px) 100vw, 360px\" \/><\/p>\n<p><em><strong>T\u00fcrk Silahl\u0131 Kuvvetleri\u2019nin (TSK) Federe K\u00fcrdistan B\u00f6lgesi topraklar\u0131 i\u00e7erisinde PKK\u2019ye y\u00f6nelik operasyonlar\u0131 ve \u00e7at\u0131\u015fmalar en \u00e7ok s\u0131n\u0131r b\u00f6lgelerinde ya\u015fayan sivilleri etkiliyor.<\/strong><\/em><\/p>\n<p>Duhok\u2019un Zaho il\u00e7esine ba\u011fl\u0131 k\u00f6ylerde ya\u015fayan Hristiyan vatanda\u015flar, TSK\u2019nin askeri harekat\u0131yla birlikte ya\u015fanan \u00e7at\u0131\u015fmalar nedeniyle k\u00f6ylerini bo\u015fatmak zorunda kal\u0131yor. Baz\u0131 Hristiyan vatanda\u015flar ise \u00fclkeyi terk etmek istediklerini belirtiyor.<\/p>\n<p>T\u00fcrk Silahl\u0131 Kuvvetleri\u2019nin (TSK) Federe K\u00fcrdistan B\u00f6lgesi topraklar\u0131 i\u00e7erisinde PKK\u2019ye y\u00f6nelik operasyonlar\u0131 ve \u00e7at\u0131\u015fmalar en \u00e7ok s\u0131n\u0131r b\u00f6lgelerinde ya\u015fayan sivilleri etkiliyor.<\/p>\n<p>Zaho\u2019nun Batifa, Begova gibi s\u0131n\u0131r b\u00f6lgesindeki kasabalar\u0131 ve bu kasabalara ba\u011fl\u0131 k\u00f6ylerde ya\u015fayan Hristiyanlar, son 4 y\u0131ld\u0131r ya\u015fanan \u00e7at\u0131\u015fmalar nedeniyle evlerini terk etmek zorunda kald\u0131.<\/p>\n<p>Hristiyan \u015eerani\u015f k\u00f6y\u00fcndeki evini terk eden Emir Nisan da bunlardan biri. \u015eu an Bersiv\u2019deki yerle\u015fkede ya\u015fayan 65 ya\u015f\u0131ndaki Emir Nisan, operasyon ve \u00e7at\u0131\u015fmalar nedeniyle k\u00f6y\u00fcne geri d\u00f6nemedi\u011fini s\u00f6yledi.<\/p>\n<p>Okullar kapand\u0131\u011f\u0131nda \u00e7ocuklar\u0131 ve torunlar\u0131 ile \u00fclkeyi terk etmeyi d\u00fc\u015f\u00fcnd\u00fc\u011f\u00fcn\u00fc belirten Nisan, \u201cEvimi ka\u00e7 defa in\u015fa ettim ama art\u0131k olmuyor. Bu be\u015finci kez oluyor, evimi terk etmek zorunda kal\u0131yorum. Hayat\u0131m\u0131z g\u00f6\u00e7 yollar\u0131nda ge\u00e7ti. Art\u0131k buralar\u0131 b\u0131rakmay\u0131 d\u00fc\u015f\u00fcn\u00fcyoruz. Bir o\u011flum Avusturalya\u2019da, pasaportlar\u0131m\u0131z haz\u0131r, oraya gidece\u011fiz\u201d dedi.<\/p>\n<p>Zaho\u2019ya ba\u011fl\u0131 20 Hristiyan k\u00f6y\u00fcnden 9\u2019u, b\u00f6lgedeki g\u00fcvenlik sorunu nedeniyle bo\u015falt\u0131lm\u0131\u015f durumda.<\/p>\n<p>\u015eerani\u015f Kilisesi rahibi 85 ya\u015f\u0131ndaki John Davut da, bu durum nedeniyle k\u00f6y\u00fc terk edenlerden biri.<\/p>\n<p>R\u00fbdaw\u2019a konu\u015fan Rahip John Davut Hanna, \u201cK\u00f6y\u00fcm\u00fcz da\u011fl\u0131k alanda, \u015fimdi art\u0131k insanlar ya\u015fam\u0131yor, kilise kapal\u0131. K\u00fcrdistan B\u00f6lgesi, Irak ve T\u00fcrkiye h\u00fck\u00fcmetlerinden talebimiz Hristiyanlar\u0131n yurtlar\u0131na d\u00f6nmesi i\u00e7in yard\u0131m etmeleridir. Kiliseler kapat\u0131lmamal\u0131. Tanr\u0131\u2019n\u0131n evi kapat\u0131lmamal\u0131\u201d diye konu\u015ftu.<\/p>\n<p>B\u00f6lgede ya\u015fanan durum nedeniyle ma\u011fdur edilenler \u015fu ana kadar da zararlar\u0131 i\u00e7in tazmin edilmi\u015f de\u011fil.<\/p>\n<p>Batifa Kaymakam\u0131 Ferhad Mahmud da, \u201cKasabam\u0131zda bu durum nedeniyle b\u00fcy\u00fck \u00e7apta maddi hasar var ama \u015fu an boyutlar\u0131n\u0131 tam bilemiyoruz. \u00c7\u00fcnk\u00fc \u00e7at\u0131\u015fmalar devam ediyor ve baz\u0131 b\u00f6lgelere gidemiyoruz\u201d dedi.<\/p>\n<p>\u00c7at\u0131\u015fmalar\u0131n yo\u011funla\u015ft\u0131\u011f\u0131 Xamtir Da\u011f\u0131 b\u00f6lgesinde 130 k\u00f6y bulunuyor. S\u0131n\u0131ra yak\u0131n b\u00f6lgede \u015fu ana kadar 50 k\u00f6y bo\u015falt\u0131ld\u0131.<\/p>\n<hr \/>\n<p><em><strong><a href=\"https:\/\/artigercek.com\/haberler\/tsk-nin-sinir-otesi-harekati-nedeniyle-hristiyanlar-koylerini-terk-ediyor\" target=\"_blank\" rel=\"noopener noreferrer\">Art\u0131 Ger\u00e7ek<\/a>\u00a0<\/strong><\/em><\/p>\n","protected":false},"excerpt":{"rendered":"<p>T\u00fcrk Silahl\u0131 Kuvvetleri\u2019nin (TSK) Federe K\u00fcrdistan B\u00f6lgesi topraklar\u0131 i\u00e7erisinde PKK\u2019ye y\u00f6nelik operasyonlar\u0131 ve \u00e7at\u0131\u015fmalar en \u00e7ok s\u0131n\u0131r b\u00f6lgelerinde ya\u015fayan sivilleri etkiliyor. Duhok\u2019un Zaho il\u00e7esine ba\u011fl\u0131 k\u00f6ylerde ya\u015fayan Hristiyan vatanda\u015flar, TSK\u2019nin askeri harekat\u0131yla birlikte ya\u015fanan \u00e7at\u0131\u015fmalar nedeniyle k\u00f6ylerini bo\u015fatmak zorunda kal\u0131yor. Baz\u0131 Hristiyan vatanda\u015flar ise \u00fclkeyi terk etmek istediklerini belirtiyor. T\u00fcrk Silahl\u0131 Kuvvetleri\u2019nin (TSK) Federe K\u00fcrdistan [&hellip;]<\/p>\n","protected":false},"author":7,"featured_media":68143,"comment_status":"open","ping_status":"open","sticky":false,"template":"","format":"standard","meta":{"footnotes":""},"categories":[1],"tags":[],"class_list":["post-68142","post","type-post","status-publish","format-standard","has-post-thumbnail","hentry","category-haberler"],"yoast_head":"<!-- This site is optimized with the Yoast SEO plugin v27.4 - https:\/\/yoast.com\/product\/yoast-seo-wordpress\/ -->\n<title>TSK\u2019nin s\u0131n\u0131r \u00f6tesi harekat\u0131 nedeniyle Hristiyanlar k\u00f6ylerini terk ediyor - Bati Ermenistan Ve Bati Ermenileri Sorunlari Ara\u015ftirmalar Merkezi<\/title>\n<meta name=\"robots\" content=\"index, follow, max-snippet:-1, max-image-preview:large, max-video-preview:-1\" \/>\n<link rel=\"canonical\" href=\"https:\/\/akunq.net\/tr\/?p=68142\" \/>\n<meta property=\"og:locale\" content=\"en_US\" \/>\n<meta property=\"og:type\" content=\"article\" \/>\n<meta property=\"og:title\" content=\"TSK\u2019nin s\u0131n\u0131r \u00f6tesi harekat\u0131 nedeniyle Hristiyanlar k\u00f6ylerini terk ediyor - Bati Ermenistan Ve Bati Ermenileri Sorunlari Ara\u015ftirmalar Merkezi\" \/>\n<meta property=\"og:description\" content=\"T\u00fcrk Silahl\u0131 Kuvvetleri\u2019nin (TSK) Federe K\u00fcrdistan B\u00f6lgesi topraklar\u0131 i\u00e7erisinde PKK\u2019ye y\u00f6nelik operasyonlar\u0131 ve \u00e7at\u0131\u015fmalar en \u00e7ok s\u0131n\u0131r b\u00f6lgelerinde ya\u015fayan sivilleri etkiliyor. Duhok\u2019un Zaho il\u00e7esine ba\u011fl\u0131 k\u00f6ylerde ya\u015fayan Hristiyan vatanda\u015flar, TSK\u2019nin askeri harekat\u0131yla birlikte ya\u015fanan \u00e7at\u0131\u015fmalar nedeniyle k\u00f6ylerini bo\u015fatmak zorunda kal\u0131yor. Baz\u0131 Hristiyan vatanda\u015flar ise \u00fclkeyi terk etmek istediklerini belirtiyor. T\u00fcrk Silahl\u0131 Kuvvetleri\u2019nin (TSK) Federe K\u00fcrdistan [&hellip;]\" \/>\n<meta property=\"og:url\" content=\"https:\/\/akunq.net\/tr\/?p=68142\" \/>\n<meta property=\"og:site_name\" content=\"Bati Ermenistan Ve Bati Ermenileri Sorunlari Ara\u015ftirmalar Merkezi\" \/>\n<meta property=\"article:published_time\" content=\"2022-04-22T07:17:03+00:00\" \/>\n<meta property=\"og:image\" content=\"https:\/\/akunq.net\/tr\/wp-content\/uploads\/sites\/6\/2022\/04\/Federe-K\u00fcrdistan-B\u00f6lgesi.jpeg\" \/>\n\t<meta property=\"og:image:width\" content=\"800\" \/>\n\t<meta property=\"og:image:height\" content=\"463\" \/>\n\t<meta property=\"og:image:type\" content=\"image\/jpeg\" \/>\n<meta name=\"author\" content=\"admin\" \/>\n<meta name=\"twitter:card\" content=\"summary_large_image\" \/>\n<meta name=\"twitter:label1\" content=\"Written by\" \/>\n\t<meta name=\"twitter:data1\" content=\"admin\" \/>\n\t<meta name=\"twitter:label2\" content=\"Est. reading time\" \/>\n\t<meta name=\"twitter:data2\" content=\"2 minutes\" \/>\n<script type=\"application\/ld+json\" class=\"yoast-schema-graph\">{\"@context\":\"https:\\\/\\\/schema.org\",\"@graph\":[{\"@type\":\"Article\",\"@id\":\"https:\\\/\\\/akunq.net\\\/tr\\\/?p=68142#article\",\"isPartOf\":{\"@id\":\"https:\\\/\\\/akunq.net\\\/tr\\\/?p=68142\"},\"author\":{\"name\":\"admin\",\"@id\":\"https:\\\/\\\/akunq.net\\\/tr\\\/#\\\/schema\\\/person\\\/096f1d38a12cce57fb855b485ed24c9e\"},\"headline\":\"TSK\u2019nin s\u0131n\u0131r \u00f6tesi harekat\u0131 nedeniyle Hristiyanlar k\u00f6ylerini terk ediyor\",\"datePublished\":\"2022-04-22T07:17:03+00:00\",\"mainEntityOfPage\":{\"@id\":\"https:\\\/\\\/akunq.net\\\/tr\\\/?p=68142\"},\"wordCount\":443,\"commentCount\":0,\"image\":{\"@id\":\"https:\\\/\\\/akunq.net\\\/tr\\\/?p=68142#primaryimage\"},\"thumbnailUrl\":\"https:\\\/\\\/akunq.net\\\/tr\\\/wp-content\\\/uploads\\\/sites\\\/6\\\/2022\\\/04\\\/Federe-K\u00fcrdistan-B\u00f6lgesi.jpeg\",\"articleSection\":[\"Haberler\"],\"inLanguage\":\"en-US\",\"potentialAction\":[{\"@type\":\"CommentAction\",\"name\":\"Comment\",\"target\":[\"https:\\\/\\\/akunq.net\\\/tr\\\/?p=68142#respond\"]}]},{\"@type\":\"WebPage\",\"@id\":\"https:\\\/\\\/akunq.net\\\/tr\\\/?p=68142\",\"url\":\"https:\\\/\\\/akunq.net\\\/tr\\\/?p=68142\",\"name\":\"TSK\u2019nin s\u0131n\u0131r \u00f6tesi harekat\u0131 nedeniyle Hristiyanlar k\u00f6ylerini terk ediyor - Bati Ermenistan Ve Bati Ermenileri Sorunlari Ara\u015ftirmalar Merkezi\",\"isPartOf\":{\"@id\":\"https:\\\/\\\/akunq.net\\\/tr\\\/#website\"},\"primaryImageOfPage\":{\"@id\":\"https:\\\/\\\/akunq.net\\\/tr\\\/?p=68142#primaryimage\"},\"image\":{\"@id\":\"https:\\\/\\\/akunq.net\\\/tr\\\/?p=68142#primaryimage\"},\"thumbnailUrl\":\"https:\\\/\\\/akunq.net\\\/tr\\\/wp-content\\\/uploads\\\/sites\\\/6\\\/2022\\\/04\\\/Federe-K\u00fcrdistan-B\u00f6lgesi.jpeg\",\"datePublished\":\"2022-04-22T07:17:03+00:00\",\"author\":{\"@id\":\"https:\\\/\\\/akunq.net\\\/tr\\\/#\\\/schema\\\/person\\\/096f1d38a12cce57fb855b485ed24c9e\"},\"breadcrumb\":{\"@id\":\"https:\\\/\\\/akunq.net\\\/tr\\\/?p=68142#breadcrumb\"},\"inLanguage\":\"en-US\",\"potentialAction\":[{\"@type\":\"ReadAction\",\"target\":[\"https:\\\/\\\/akunq.net\\\/tr\\\/?p=68142\"]}]},{\"@type\":\"ImageObject\",\"inLanguage\":\"en-US\",\"@id\":\"https:\\\/\\\/akunq.net\\\/tr\\\/?p=68142#primaryimage\",\"url\":\"https:\\\/\\\/akunq.net\\\/tr\\\/wp-content\\\/uploads\\\/sites\\\/6\\\/2022\\\/04\\\/Federe-K\u00fcrdistan-B\u00f6lgesi.jpeg\",\"contentUrl\":\"https:\\\/\\\/akunq.net\\\/tr\\\/wp-content\\\/uploads\\\/sites\\\/6\\\/2022\\\/04\\\/Federe-K\u00fcrdistan-B\u00f6lgesi.jpeg\",\"width\":800,\"height\":463},{\"@type\":\"BreadcrumbList\",\"@id\":\"https:\\\/\\\/akunq.net\\\/tr\\\/?p=68142#breadcrumb\",\"itemListElement\":[{\"@type\":\"ListItem\",\"position\":1,\"name\":\"Home\",\"item\":\"https:\\\/\\\/akunq.net\\\/tr\"},{\"@type\":\"ListItem\",\"position\":2,\"name\":\"TSK\u2019nin s\u0131n\u0131r \u00f6tesi harekat\u0131 nedeniyle Hristiyanlar k\u00f6ylerini terk ediyor\"}]},{\"@type\":\"WebSite\",\"@id\":\"https:\\\/\\\/akunq.net\\\/tr\\\/#website\",\"url\":\"https:\\\/\\\/akunq.net\\\/tr\\\/\",\"name\":\"Bati Ermenistan Ve Bati Ermenileri Sorunlari Ara\u015ftirmalar Merkezi\",\"description\":\"\",\"potentialAction\":[{\"@type\":\"SearchAction\",\"target\":{\"@type\":\"EntryPoint\",\"urlTemplate\":\"https:\\\/\\\/akunq.net\\\/tr\\\/?s={search_term_string}\"},\"query-input\":{\"@type\":\"PropertyValueSpecification\",\"valueRequired\":true,\"valueName\":\"search_term_string\"}}],\"inLanguage\":\"en-US\"},{\"@type\":\"Person\",\"@id\":\"https:\\\/\\\/akunq.net\\\/tr\\\/#\\\/schema\\\/person\\\/096f1d38a12cce57fb855b485ed24c9e\",\"name\":\"admin\",\"url\":\"https:\\\/\\\/akunq.net\\\/tr\\\/?author=7\"}]}<\/script>\n<!-- \/ Yoast SEO plugin. -->","yoast_head_json":{"title":"TSK\u2019nin s\u0131n\u0131r \u00f6tesi harekat\u0131 nedeniyle Hristiyanlar k\u00f6ylerini terk ediyor - Bati Ermenistan Ve Bati Ermenileri Sorunlari Ara\u015ftirmalar Merkezi","robots":{"index":"index","follow":"follow","max-snippet":"max-snippet:-1","max-image-preview":"max-image-preview:large","max-video-preview":"max-video-preview:-1"},"canonical":"https:\/\/akunq.net\/tr\/?p=68142","og_locale":"en_US","og_type":"article","og_title":"TSK\u2019nin s\u0131n\u0131r \u00f6tesi harekat\u0131 nedeniyle Hristiyanlar k\u00f6ylerini terk ediyor - Bati Ermenistan Ve Bati Ermenileri Sorunlari Ara\u015ftirmalar Merkezi","og_description":"T\u00fcrk Silahl\u0131 Kuvvetleri\u2019nin (TSK) Federe K\u00fcrdistan B\u00f6lgesi topraklar\u0131 i\u00e7erisinde PKK\u2019ye y\u00f6nelik operasyonlar\u0131 ve \u00e7at\u0131\u015fmalar en \u00e7ok s\u0131n\u0131r b\u00f6lgelerinde ya\u015fayan sivilleri etkiliyor. Duhok\u2019un Zaho il\u00e7esine ba\u011fl\u0131 k\u00f6ylerde ya\u015fayan Hristiyan vatanda\u015flar, TSK\u2019nin askeri harekat\u0131yla birlikte ya\u015fanan \u00e7at\u0131\u015fmalar nedeniyle k\u00f6ylerini bo\u015fatmak zorunda kal\u0131yor. Baz\u0131 Hristiyan vatanda\u015flar ise \u00fclkeyi terk etmek istediklerini belirtiyor. T\u00fcrk Silahl\u0131 Kuvvetleri\u2019nin (TSK) Federe K\u00fcrdistan [&hellip;]","og_url":"https:\/\/akunq.net\/tr\/?p=68142","og_site_name":"Bati Ermenistan Ve Bati Ermenileri Sorunlari Ara\u015ftirmalar Merkezi","article_published_time":"2022-04-22T07:17:03+00:00","og_image":[{"width":800,"height":463,"url":"https:\/\/akunq.net\/tr\/wp-content\/uploads\/sites\/6\/2022\/04\/Federe-K\u00fcrdistan-B\u00f6lgesi.jpeg","type":"image\/jpeg"}],"author":"admin","twitter_card":"summary_large_image","twitter_misc":{"Written by":"admin","Est. reading time":"2 minutes"},"schema":{"@context":"https:\/\/schema.org","@graph":[{"@type":"Article","@id":"https:\/\/akunq.net\/tr\/?p=68142#article","isPartOf":{"@id":"https:\/\/akunq.net\/tr\/?p=68142"},"author":{"name":"admin","@id":"https:\/\/akunq.net\/tr\/#\/schema\/person\/096f1d38a12cce57fb855b485ed24c9e"},"headline":"TSK\u2019nin s\u0131n\u0131r \u00f6tesi harekat\u0131 nedeniyle Hristiyanlar k\u00f6ylerini terk ediyor","datePublished":"2022-04-22T07:17:03+00:00","mainEntityOfPage":{"@id":"https:\/\/akunq.net\/tr\/?p=68142"},"wordCount":443,"commentCount":0,"image":{"@id":"https:\/\/akunq.net\/tr\/?p=68142#primaryimage"},"thumbnailUrl":"https:\/\/akunq.net\/tr\/wp-content\/uploads\/sites\/6\/2022\/04\/Federe-K\u00fcrdistan-B\u00f6lgesi.jpeg","articleSection":["Haberler"],"inLanguage":"en-US","potentialAction":[{"@type":"CommentAction","name":"Comment","target":["https:\/\/akunq.net\/tr\/?p=68142#respond"]}]},{"@type":"WebPage","@id":"https:\/\/akunq.net\/tr\/?p=68142","url":"https:\/\/akunq.net\/tr\/?p=68142","name":"TSK\u2019nin s\u0131n\u0131r \u00f6tesi harekat\u0131 nedeniyle Hristiyanlar k\u00f6ylerini terk ediyor - Bati Ermenistan Ve Bati Ermenileri Sorunlari Ara\u015ftirmalar Merkezi","isPartOf":{"@id":"https:\/\/akunq.net\/tr\/#website"},"primaryImageOfPage":{"@id":"https:\/\/akunq.net\/tr\/?p=68142#primaryimage"},"image":{"@id":"https:\/\/akunq.net\/tr\/?p=68142#primaryimage"},"thumbnailUrl":"https:\/\/akunq.net\/tr\/wp-content\/uploads\/sites\/6\/2022\/04\/Federe-K\u00fcrdistan-B\u00f6lgesi.jpeg","datePublished":"2022-04-22T07:17:03+00:00","author":{"@id":"https:\/\/akunq.net\/tr\/#\/schema\/person\/096f1d38a12cce57fb855b485ed24c9e"},"breadcrumb":{"@id":"https:\/\/akunq.net\/tr\/?p=68142#breadcrumb"},"inLanguage":"en-US","potentialAction":[{"@type":"ReadAction","target":["https:\/\/akunq.net\/tr\/?p=68142"]}]},{"@type":"ImageObject","inLanguage":"en-US","@id":"https:\/\/akunq.net\/tr\/?p=68142#primaryimage","url":"https:\/\/akunq.net\/tr\/wp-content\/uploads\/sites\/6\/2022\/04\/Federe-K\u00fcrdistan-B\u00f6lgesi.jpeg","contentUrl":"https:\/\/akunq.net\/tr\/wp-content\/uploads\/sites\/6\/2022\/04\/Federe-K\u00fcrdistan-B\u00f6lgesi.jpeg","width":800,"height":463},{"@type":"BreadcrumbList","@id":"https:\/\/akunq.net\/tr\/?p=68142#breadcrumb","itemListElement":[{"@type":"ListItem","position":1,"name":"Home","item":"https:\/\/akunq.net\/tr"},{"@type":"ListItem","position":2,"name":"TSK\u2019nin s\u0131n\u0131r \u00f6tesi harekat\u0131 nedeniyle Hristiyanlar k\u00f6ylerini terk ediyor"}]},{"@type":"WebSite","@id":"https:\/\/akunq.net\/tr\/#website","url":"https:\/\/akunq.net\/tr\/","name":"Bati Ermenistan Ve Bati Ermenileri Sorunlari Ara\u015ftirmalar Merkezi","description":"","potentialAction":[{"@type":"SearchAction","target":{"@type":"EntryPoint","urlTemplate":"https:\/\/akunq.net\/tr\/?s={search_term_string}"},"query-input":{"@type":"PropertyValueSpecification","valueRequired":true,"valueName":"search_term_string"}}],"inLanguage":"en-US"},{"@type":"Person","@id":"https:\/\/akunq.net\/tr\/#\/schema\/person\/096f1d38a12cce57fb855b485ed24c9e","name":"admin","url":"https:\/\/akunq.net\/tr\/?author=7"}]}},"_links":{"self":[{"href":"https:\/\/akunq.net\/tr\/index.php?rest_route=\/wp\/v2\/posts\/68142","targetHints":{"allow":["GET"]}}],"collection":[{"href":"https:\/\/akunq.net\/tr\/index.php?rest_route=\/wp\/v2\/posts"}],"about":[{"href":"https:\/\/akunq.net\/tr\/index.php?rest_route=\/wp\/v2\/types\/post"}],"author":[{"embeddable":true,"href":"https:\/\/akunq.net\/tr\/index.php?rest_route=\/wp\/v2\/users\/7"}],"replies":[{"embeddable":true,"href":"https:\/\/akunq.net\/tr\/index.php?rest_route=%2Fwp%2Fv2%2Fcomments&post=68142"}],"version-history":[{"count":1,"href":"https:\/\/akunq.net\/tr\/index.php?rest_route=\/wp\/v2\/posts\/68142\/revisions"}],"predecessor-version":[{"id":68144,"href":"https:\/\/akunq.net\/tr\/index.php?rest_route=\/wp\/v2\/posts\/68142\/revisions\/68144"}],"wp:featuredmedia":[{"embeddable":true,"href":"https:\/\/akunq.net\/tr\/index.php?rest_route=\/wp\/v2\/media\/68143"}],"wp:attachment":[{"href":"https:\/\/akunq.net\/tr\/index.php?rest_route=%2Fwp%2Fv2%2Fmedia&parent=68142"}],"wp:term":[{"taxonomy":"category","embeddable":true,"href":"https:\/\/akunq.net\/tr\/index.php?rest_route=%2Fwp%2Fv2%2Fcategories&post=68142"},{"taxonomy":"post_tag","embeddable":true,"href":"https:\/\/akunq.net\/tr\/index.php?rest_route=%2Fwp%2Fv2%2Ftags&post=68142"}],"curies":[{"name":"wp","href":"https:\/\/api.w.org\/{rel}","templated":true}]}}