{"id":68125,"date":"2022-04-21T02:54:00","date_gmt":"2022-04-21T07:54:00","guid":{"rendered":"https:\/\/akunq.net\/tr\/?p=68125"},"modified":"2022-04-21T02:54:00","modified_gmt":"2022-04-21T07:54:00","slug":"hdp-iddianamenin-her-satirina-yanit-verdik","status":"publish","type":"post","link":"https:\/\/akunq.net\/tr\/?p=68125","title":{"rendered":"HDP: &#8220;\u0130ddianamenin her sat\u0131r\u0131na yan\u0131t verdik&#8221;"},"content":{"rendered":"<header class=\"sc-eVmaCL hyZMTI\"><img loading=\"lazy\" decoding=\"async\" class=\"aligncenter size-medium wp-image-68126\" src=\"https:\/\/akunq.net\/tr\/wp-content\/uploads\/2022\/04\/HDP-360x158.jpg\" alt=\"\" width=\"360\" height=\"158\" srcset=\"https:\/\/akunq.net\/tr\/wp-content\/uploads\/sites\/6\/2022\/04\/HDP-360x158.jpg 360w, https:\/\/akunq.net\/tr\/wp-content\/uploads\/sites\/6\/2022\/04\/HDP-768x336.jpg 768w, https:\/\/akunq.net\/tr\/wp-content\/uploads\/sites\/6\/2022\/04\/HDP-1536x672.jpg 1536w, https:\/\/akunq.net\/tr\/wp-content\/uploads\/sites\/6\/2022\/04\/HDP-560x245.jpg 560w, https:\/\/akunq.net\/tr\/wp-content\/uploads\/sites\/6\/2022\/04\/HDP-260x114.jpg 260w, https:\/\/akunq.net\/tr\/wp-content\/uploads\/sites\/6\/2022\/04\/HDP-160x70.jpg 160w, https:\/\/akunq.net\/tr\/wp-content\/uploads\/sites\/6\/2022\/04\/HDP.jpg 1600w\" sizes=\"auto, (max-width: 360px) 100vw, 360px\" \/><\/p>\n<p class=\"sc-ezbkAF eapyLE sc-fmciRz gAwfsd teaser-text\"><em><strong>HDP&#8217;li Tiryaki&#8217;ye g\u00f6re kapatma davas\u0131 siyasi bir dava ve parti se\u00e7im \u00f6ncesi denklem d\u0131\u015f\u0131na itilmek isteniyor. Tiryaki, Anayasa Mahkemesi ile ise hukuk temelli bir ili\u015fki kurmaya \u00f6zen g\u00f6sterdiklerini s\u00f6yl\u00fcyor.<\/strong><\/em><\/p>\n<\/header>\n<div class=\"sc-ezbkAF eapyLE sc-hcupDf fwHpFC rich-text has-italic\">\n<p>Erken se\u00e7im ve se\u00e7im ittifaklar\u0131 tart\u0131\u015fmalar\u0131n\u0131n yo\u011funla\u015ft\u0131\u011f\u0131 Ankara&#8217;da\u00a0<a class=\"internal-link\" href=\"https:\/\/www.dw.com\/tr\/hdp-kapatma-davas%C4%B1na-nas%C4%B1l-haz%C4%B1rlan%C4%B1yor\/a-59080817\">HDP&#8217;nin kapat\u0131lmas\u0131na y\u00f6nelik yarg\u0131 s\u00fcreci de<\/a>\u00a0yak\u0131ndan takip ediliyor.<\/p>\n<p>Yarg\u0131tay 2 Mart 2021&#8217;de\u00a0<a class=\"internal-link\" href=\"https:\/\/www.dw.com\/tr\/kapatma-davas%C4%B1-hdp-savunmas%C4%B1n%C4%B1-aymye-sundu\/a-61516520\">HDP hakk\u0131nda inceleme ba\u015flatm\u0131\u015f<\/a>\u00a0ve bu \u00e7er\u00e7evede Yarg\u0131tay Cumhuriyet Ba\u015fsavc\u0131s\u0131 Bekir \u015eahin 17 Mart 2021&#8217;de\u00a0<a class=\"internal-link\" href=\"https:\/\/www.dw.com\/tr\/sancar-bu-davay%C4%B1-bo%C5%9Fa-%C3%A7%C4%B1karaca%C4%9F%C4%B1z\/a-57979546\">HDP&#8217;nin kapat\u0131lmas\u0131 istemiyle<\/a>\u00a0Anayasa Mahkemesi&#8217;nde (AYM) dava a\u00e7m\u0131\u015ft\u0131.<\/p>\n<p>AYM, usul eksikli\u011fi tespit etti\u011fi gerek\u00e7esiyle bu iddianameyi Yarg\u0131tay Cumhuriyet Ba\u015fsavc\u0131l\u0131\u011f\u0131&#8217;na iade etmi\u015fti. Savc\u0131l\u0131k iddianamedeki eksiklikleri giderek, ikinci iddianamesini AYM&#8217;ye g\u00f6ndermi\u015fti. 7 Haziran&#8217;da sunulan ikinci iddianame AYM taraf\u0131ndan kabul edilmi\u015fti.<\/p>\n<p>\u0130ddianame kapsam\u0131nda HDP&#8217;nin kapat\u0131lmas\u0131 isteminin yan\u0131 s\u0131ra 451 parti y\u00f6neticisi veya \u00fcyesi hakk\u0131nda siyasi yasak isteniyor.<\/p>\n<p>HDP Hukuk Komisyonu uzun bir s\u00fcredir haz\u0131rl\u0131klar\u0131n\u0131 yapt\u0131\u011f\u0131 savunmas\u0131n\u0131 Sal\u0131 g\u00fcn\u00fc AYM&#8217;ye teslim etti.<\/p>\n<p>Bundan sonraki s\u00fcre\u00e7te kapatmaya gerek\u00e7e yap\u0131lan &#8221;b\u00f6l\u00fcc\u00fc eylemlerin oda\u011f\u0131 olma&#8221; ve &#8221;ter\u00f6r propagandas\u0131&#8221; iddialar\u0131 i\u00e7in yap\u0131lan savunma, AYM \u00fcyelerince incelenecek. Daha sonra da belirlenecek bir tarihte Yarg\u0131tay Cumhuriyet Ba\u015fsavc\u0131s\u0131 Bekir \u015eahin s\u00f6zl\u00fc a\u00e7\u0131klama, HDP yetkilileri de s\u00f6zl\u00fc savunma yapacak.<\/p>\n<p>Davaya ili\u015fkin\u00a0<a class=\"internal-link\" href=\"https:\/\/www.dw.com\/tr\/k%C3%BCrtler-k%C3%BCrt-sorununun-%C3%A7%C3%B6z%C3%BCld%C3%BC%C4%9F%C3%BCne-inan%C4%B1yor-mu\/a-59301319\">bilgi ve belgeleri toplayacak olan Anayasa Mahkemesi<\/a>\u00a0raport\u00f6r\u00fcn\u00fcn esas hakk\u0131ndaki raporunu haz\u0131rlamas\u0131 ve \u00fcyelerce incelenmesinin ard\u0131ndan karar i\u00e7in toplant\u0131 g\u00fcn\u00fc belirlenecek.<\/p>\n<p>Parti yetkililerinin ve yarg\u0131 \u00e7evrelerinin \u00f6ng\u00f6r\u00fcs\u00fc s\u00fcrecin yaz aylar\u0131ndaki adli tatilin ard\u0131ndan sonbaharda devam etmesi ve karar\u0131n da y\u0131l\u0131n son aylar\u0131nda \u00e7\u0131kabilece\u011fi y\u00f6n\u00fcnde. Bu arada s\u00f6zl\u00fc savunman\u0131n adli tatil \u00f6ncesi ya da sonras\u0131 i\u00e7in istenmesinin m\u00fcmk\u00fcn oldu\u011fu da belirtiliyor.<\/p>\n<figure class=\"placeholder-image master_landscape big\">\n<div class=\"render-container\">\n<div class=\"sc-dtMgUX jXpyLC sc-cZMNgc Nnzzs lazy-load-container\"><img decoding=\"async\" class=\"hq-img loaded quick-transition\" src=\"https:\/\/static.dw.com\/image\/56794717_906.jpg\" alt=\"HDP'lilerin bir g\u00f6sterisi\" \/><\/div>\n<\/div><figcaption class=\"img-caption\"><em>HDP&#8217;lilerin bir g\u00f6sterisi<small class=\"copyright\">Foto\u011fraf: Murad Sezer\/REUTERS<\/small><\/em><\/figcaption><\/figure>\n<h2>Savunmada neler var?<\/h2>\n<p>HDP kapatma davas\u0131n\u0131 siyasi bir dava olarak g\u00f6r\u00fcyor ve savunmas\u0131n\u0131 da bunun \u00fczerine kurmu\u015f durumda.<\/p>\n<p>DW T\u00fcrk\u00e7e&#8217;nin edindi\u011fi bilgiye g\u00f6re; esasa ili\u015fkin savunman\u0131n birinci b\u00f6l\u00fcm\u00fcnde\u00a0<a class=\"internal-link\" href=\"https:\/\/www.dw.com\/tr\/hdpden-2023-se%C3%A7imi-i%C3%A7in-tutum-belgesi-haz%C4%B1rl%C4%B1%C4%9F%C4%B1\/a-59167584\">HDP&#8217;ye y\u00f6neltilen iddialara yan\u0131tlar<\/a>\u00a0bulunuyor. Yan\u0131t verilen iddialarla ilgili &#8220;PKK\/KCK ile HDP aras\u0131nda yap\u0131sal benzerlikler oldu\u011fu iddias\u0131, DTK\/BDP\/DBP\/HDK\/HDP ge\u00e7i\u015fkenli\u011fi ve payda\u015fl\u0131\u011f\u0131 iddias\u0131, HDP&#8217;nin belediyecilik anlay\u0131\u015f\u0131na dair iddialar, KCK s\u00f6zle\u015fmesi ile HDP t\u00fcz\u00fc\u011f\u00fc aras\u0131nda benzerlik oldu\u011fu iddias\u0131&#8221; gibi ba\u015fl\u0131klar yer al\u0131yor.<\/p>\n<p>Savunman\u0131n ikinci b\u00f6l\u00fcm\u00fcnde ise iddianamede b\u00f6l\u00fcc\u00fc eylemlere odak olma iddias\u0131n\u0131n dayand\u0131r\u0131ld\u0131\u011f\u0131 eylem ve davran\u0131\u015flar hakk\u0131ndaki yan\u0131tlar bulunuyor.<\/p>\n<p>Siyaset yasa\u011f\u0131 istenen 451 siyaset\u00e7i hakk\u0131ndaki iddialara dair de\u011ferlendirmelere de yer verilen savunmada siyaset yasa\u011f\u0131 istenmeyen 69 siyaset\u00e7i hakk\u0131ndaki soru\u015fturma, kovu\u015fturma ve mahkumiyet kararlar\u0131n\u0131n HDP \u00fcyesi olmadan ya da HDP kurulmadan \u00f6ncesine ait olmas\u0131 nedeniyle kapatma gerek\u00e7esi olamayaca\u011f\u0131 da belirtildi.<\/p>\n<figure class=\"placeholder-image master_landscape big\">\n<div class=\"render-container\">\n<div class=\"sc-dtMgUX jXpyLC sc-cZMNgc Nnzzs lazy-load-container\"><img decoding=\"async\" class=\"hq-img loaded\" src=\"https:\/\/static.dw.com\/image\/43660292_906.jpg\" alt=\"\u0130stanbul'da bir araya gelen partililer\" \/><\/div>\n<\/div><figcaption class=\"img-caption\"><em>\u0130stanbul&#8217;da bir araya gelen partililer<small class=\"copyright\">Foto\u011fraf: DW\/B. Karakas<\/small><\/em><\/figcaption><\/figure>\n<p>Hukuk Komisyonu \u00fcyesi HDP Batman Milletvekili Mehmet R\u00fc\u015ft\u00fc Tiryaki, DW T\u00fcrk\u00e7e&#8217;ye yapt\u0131\u011f\u0131 a\u00e7\u0131klamada, &#8220;\u0130ddianamenin her sat\u0131r\u0131na yan\u0131t verdik&#8221; diyerek \u015f\u00f6yle konu\u015ftu:<\/p>\n<p>&#8220;\u00d6nce politik bir de\u011ferlendirme yapt\u0131k; K\u00fcrt sorununu ve \u00e7\u00f6z\u00fcm s\u00fcrecini anlatt\u0131k. Usule ili\u015fkin ciddi itirazlar\u0131m\u0131z vard\u0131, onlar\u0131 dile getirdik. Davan\u0131n neden siyasi oldu\u011funu anlatt\u0131k. Bizi \u015fiddetle \u00f6zde\u015fle\u015ftiriyorlar ama asl\u0131nda \u015fiddetin birinci derecede ma\u011fduru biziz dedik.&#8221;<\/p>\n<h2>HDP&#8217;ye g\u00f6re dava siyasi<\/h2>\n<p>Tiryaki, bu davan\u0131n hukuksal de\u011fil\u00a0<a class=\"internal-link\" href=\"https:\/\/www.dw.com\/tr\/sancar-bu-davay%C4%B1-bo%C5%9Fa-%C3%A7%C4%B1karaca%C4%9F%C4%B1z\/a-57979546\">siyasi bir dava oldu\u011funu herkesin g\u00f6rd\u00fc\u011f\u00fcn\u00fc<\/a>\u00a0ifade ederek, b\u00f6yle d\u00fc\u015f\u00fcnmeleri i\u00e7in baz\u0131 dayanaklar\u0131 bulundu\u011funu belirtti.<\/p>\n<p>Bu davan\u0131n a\u00e7\u0131lmas\u0131 i\u00e7in bir siyasi kampanya y\u00fcr\u00fct\u00fcld\u00fc\u011f\u00fcn\u00fc s\u00f6yleyen Tiryaki, &#8220;Bu kampanyay\u0131 iktidar\u0131n k\u00fc\u00e7\u00fck orta\u011f\u0131 MHP, gayri resmi orta\u011f\u0131 BBP ve Do\u011fu Perin\u00e7ek&#8217;in partisi y\u00fcr\u00fctt\u00fc asl\u0131nda. Ve dava bu kampanyalar \u00fczerine a\u00e7\u0131ld\u0131&#8221; yorumu yapt\u0131.<\/p>\n<p>Ba\u015fsavc\u0131l\u0131\u011f\u0131n iki iddianamesinin verilme tarihlerinin de \u00f6zel olarak se\u00e7ildi\u011fine i\u015faret eden Tiryaki, ilk iddianamenin 18 Mart&#8217;taki MHP Kongresi&#8217;nden bir g\u00fcn \u00f6nce, ikincisinin ise HDP&#8217;nin y\u00fczde 10 se\u00e7im baraj\u0131n\u0131 a\u015ft\u0131\u011f\u0131 7 Haziran se\u00e7iminin y\u0131ld\u00f6n\u00fcm\u00fcnde sunuldu\u011funu an\u0131msatt\u0131.<\/p>\n<div class=\"render-container tweet embed\">\n<div class=\"sc-gfXuXe huoqGE\">\n<blockquote data-id=\"1516809870607007750\">\n<div class=\"twitter-tweet twitter-tweet-rendered\"><iframe id=\"twitter-widget-0\" class=\"\" title=\"Twitter Tweet\" src=\"https:\/\/platform.twitter.com\/embed\/Tweet.html?dnt=false&amp;embedId=twitter-widget-0&amp;features=eyJ0ZndfZXhwZXJpbWVudHNfY29va2llX2V4cGlyYXRpb24iOnsiYnVja2V0IjoxMjA5NjAwLCJ2ZXJzaW9uIjpudWxsfSwidGZ3X3NwYWNlX2NhcmQiOnsiYnVja2V0Ijoib2ZmIiwidmVyc2lvbiI6bnVsbH19&amp;frame=false&amp;hideCard=false&amp;hideThread=false&amp;id=1516809870607007750&amp;lang=en&amp;origin=https%3A%2F%2Fwww.dw.com%2Ftr%2Fhdp-i%25CC%2587ddianamenin-her-sat%25C4%25B1r%25C4%25B1na-yan%25C4%25B1t-verdik%2Fa-61528771&amp;sessionId=af49f883bdca3e6ffecb91eb61b448f8ccec0398&amp;siteScreenName=dw_turkce&amp;theme=light&amp;widgetsVersion=c8fe9736dd6fb%3A1649830956492&amp;width=550px\" frameborder=\"0\" scrolling=\"no\" allowfullscreen=\"allowfullscreen\" data-tweet-id=\"1516809870607007750\" data-mce-fragment=\"1\"><\/iframe><\/div>\n<\/blockquote>\n<\/div>\n<\/div>\n<p>Tiryaki, bu dava ile\u00a0<a class=\"internal-link\" href=\"https:\/\/www.dw.com\/tr\/hdp-akpnin-de-alt%C4%B1na-dinamit-d%C3%B6%C5%9F%C3%BCyorlar\/a-60517794\">bir siyasi d\u00f6nemin de yarg\u0131land\u0131\u011f\u0131n\u0131<\/a>\u00a0s\u00f6yleyerek, &#8220;\u00c7\u00f6z\u00fcm s\u00fcreci d\u00f6neminde yap\u0131lan g\u00f6r\u00fc\u015fmeler ve yap\u0131lanlar da iddianamede \u00f6nemli yer tutuyor&#8221; dedi ve bir b\u00fct\u00fcn olarak t\u00fcm bu hususlara bak\u0131ld\u0131\u011f\u0131nda davan\u0131n siyasi bir dava oldu\u011funu kaydetti.<\/p>\n<p>\u0130ddianamenin hukuksal temelinin \u00e7ok zay\u0131f oldu\u011funu da savunan Tiryaki, &#8220;843 sayfal\u0131k iddianamenin 720 sayfas\u0131 yakla\u015f\u0131k y\u00fczde 85&#8217;i parti yetkilileri ve siyaset\u00e7ileri ile ilgili davalardan ve soru\u015fturmalardan olu\u015fuyor&#8221; diye konu\u015ftu.<\/p>\n<h2>&#8220;HDP denklem d\u0131\u015f\u0131na itilmek isteniyor&#8221;<\/h2>\n<p>HDP&#8217;nin kapatma davas\u0131 ile ilgili ak\u0131llara gelen bir ba\u015fka soru da T\u00fcrkiye&#8217;de yarg\u0131 ba\u011f\u0131ms\u0131zl\u0131\u011f\u0131na duyulan g\u00fcvensizlik ve se\u00e7im \u00f6ncesinde HDP&#8217;nin oy potansiyeli \u00fcst\u00fcnden yap\u0131lan siyasi hesaplar.<\/p>\n<p>Tiryaki, davan\u0131n sonucuna ili\u015fkin kendilerinin de temkinli oldu\u011funu ancak AYM ile hukuki ili\u015fki temelinden de asla \u00e7\u0131kmad\u0131klar\u0131n\u0131 kaydetti.<\/p>\n<p>Siyasi ama\u00e7l\u0131 oldu\u011funu s\u00f6yledi\u011fi bu dava ile HDP\u2019nin denklem d\u0131\u015f\u0131na itilmesinin ama\u00e7land\u0131\u011f\u0131n\u0131 belirten Tiryaki, s\u00f6zlerini \u015f\u00f6yle tamamlad\u0131:<\/p>\n<p>&#8220;HDP&#8217;nin denklem d\u0131\u015f\u0131na itilmesi i\u00e7in bu siyasi m\u00fccadele. Ger\u00e7ekten b\u0131\u00e7ak s\u0131rt\u0131 bir m\u00fccadele y\u00fcr\u00fcyor ve iktidar\u0131n el de\u011fi\u015ftirme olas\u0131l\u0131\u011f\u0131 \u00e7ok y\u00fcksek. HDP&#8217;nin bu denklem d\u0131\u015f\u0131na itilmesi amac\u0131yla a\u00e7\u0131lm\u0131\u015f bir dava oldu\u011funu herkes gibi biz de g\u00f6r\u00fcyoruz ama kesinlikle Anayasa Mahkemesi nezdindeki savunmalar\u0131m\u0131z da y\u00fcr\u00fctt\u00fc\u011f\u00fcm\u00fcz \u00e7al\u0131\u015fmalar da sadece hukuksal zemin \u00fczerinde y\u00fcr\u00fcyor.&#8221;<\/p>\n<p><em><strong>https:\/\/www.dw.com\/tr\/hdp-i%CC%87ddianamenin-her-sat%C4%B1r%C4%B1na-yan%C4%B1t-verdik\/a-61528771\u00a0<\/strong><\/em><\/p>\n<\/div>\n<footer class=\"sc-haTkiu hkhrml\">\n<div class=\"sc-kTqLtj ihdlmX feedback\">\n<div class=\"sc-knKHOI ljFjFJ feedback-sidebar\" tabindex=\"-1\" aria-hidden=\"true\">\n<div class=\"header\">\n<div class=\"sc-llYSUQ hZayaz close-feedback-btn\" tabindex=\"-1\" title=\"Formu kapat\" role=\"button\"><\/div>\n<\/div>\n<div class=\"feedback-elements\"><\/div>\n<\/div>\n<\/div>\n<\/footer>\n","protected":false},"excerpt":{"rendered":"<p>HDP&#8217;li Tiryaki&#8217;ye g\u00f6re kapatma davas\u0131 siyasi bir dava ve parti se\u00e7im \u00f6ncesi denklem d\u0131\u015f\u0131na itilmek isteniyor. Tiryaki, Anayasa Mahkemesi ile ise hukuk temelli bir ili\u015fki kurmaya \u00f6zen g\u00f6sterdiklerini s\u00f6yl\u00fcyor. Erken se\u00e7im ve se\u00e7im ittifaklar\u0131 tart\u0131\u015fmalar\u0131n\u0131n yo\u011funla\u015ft\u0131\u011f\u0131 Ankara&#8217;da\u00a0HDP&#8217;nin kapat\u0131lmas\u0131na y\u00f6nelik yarg\u0131 s\u00fcreci de\u00a0yak\u0131ndan takip ediliyor. Yarg\u0131tay 2 Mart 2021&#8217;de\u00a0HDP hakk\u0131nda inceleme ba\u015flatm\u0131\u015f\u00a0ve bu \u00e7er\u00e7evede Yarg\u0131tay Cumhuriyet [&hellip;]<\/p>\n","protected":false},"author":7,"featured_media":68126,"comment_status":"open","ping_status":"open","sticky":false,"template":"","format":"standard","meta":{"footnotes":""},"categories":[1],"tags":[],"class_list":["post-68125","post","type-post","status-publish","format-standard","has-post-thumbnail","hentry","category-haberler"],"yoast_head":"<!-- This site is optimized with the Yoast SEO plugin v27.4 - https:\/\/yoast.com\/product\/yoast-seo-wordpress\/ -->\n<title>HDP: &quot;\u0130ddianamenin her sat\u0131r\u0131na yan\u0131t verdik&quot; - Bati Ermenistan Ve Bati Ermenileri Sorunlari Ara\u015ftirmalar Merkezi<\/title>\n<meta name=\"robots\" content=\"index, follow, max-snippet:-1, max-image-preview:large, max-video-preview:-1\" \/>\n<link rel=\"canonical\" href=\"https:\/\/akunq.net\/tr\/?p=68125\" \/>\n<meta property=\"og:locale\" content=\"en_US\" \/>\n<meta property=\"og:type\" content=\"article\" \/>\n<meta property=\"og:title\" content=\"HDP: &quot;\u0130ddianamenin her sat\u0131r\u0131na yan\u0131t verdik&quot; - Bati Ermenistan Ve Bati Ermenileri Sorunlari Ara\u015ftirmalar Merkezi\" \/>\n<meta property=\"og:description\" content=\"HDP&#8217;li Tiryaki&#8217;ye g\u00f6re kapatma davas\u0131 siyasi bir dava ve parti se\u00e7im \u00f6ncesi denklem d\u0131\u015f\u0131na itilmek isteniyor. Tiryaki, Anayasa Mahkemesi ile ise hukuk temelli bir ili\u015fki kurmaya \u00f6zen g\u00f6sterdiklerini s\u00f6yl\u00fcyor. Erken se\u00e7im ve se\u00e7im ittifaklar\u0131 tart\u0131\u015fmalar\u0131n\u0131n yo\u011funla\u015ft\u0131\u011f\u0131 Ankara&#8217;da\u00a0HDP&#8217;nin kapat\u0131lmas\u0131na y\u00f6nelik yarg\u0131 s\u00fcreci de\u00a0yak\u0131ndan takip ediliyor. Yarg\u0131tay 2 Mart 2021&#8217;de\u00a0HDP hakk\u0131nda inceleme ba\u015flatm\u0131\u015f\u00a0ve bu \u00e7er\u00e7evede Yarg\u0131tay Cumhuriyet [&hellip;]\" \/>\n<meta property=\"og:url\" content=\"https:\/\/akunq.net\/tr\/?p=68125\" \/>\n<meta property=\"og:site_name\" content=\"Bati Ermenistan Ve Bati Ermenileri Sorunlari Ara\u015ftirmalar Merkezi\" \/>\n<meta property=\"article:published_time\" content=\"2022-04-21T07:54:00+00:00\" \/>\n<meta property=\"og:image\" content=\"https:\/\/akunq.net\/tr\/wp-content\/uploads\/sites\/6\/2022\/04\/HDP.jpg\" \/>\n\t<meta property=\"og:image:width\" content=\"1600\" \/>\n\t<meta property=\"og:image:height\" content=\"700\" \/>\n\t<meta property=\"og:image:type\" content=\"image\/jpeg\" \/>\n<meta name=\"author\" content=\"admin\" \/>\n<meta name=\"twitter:card\" content=\"summary_large_image\" \/>\n<meta name=\"twitter:label1\" content=\"Written by\" \/>\n\t<meta name=\"twitter:data1\" content=\"admin\" \/>\n\t<meta name=\"twitter:label2\" content=\"Est. reading time\" \/>\n\t<meta name=\"twitter:data2\" content=\"5 minutes\" \/>\n<script type=\"application\/ld+json\" class=\"yoast-schema-graph\">{\"@context\":\"https:\\\/\\\/schema.org\",\"@graph\":[{\"@type\":\"Article\",\"@id\":\"https:\\\/\\\/akunq.net\\\/tr\\\/?p=68125#article\",\"isPartOf\":{\"@id\":\"https:\\\/\\\/akunq.net\\\/tr\\\/?p=68125\"},\"author\":{\"name\":\"admin\",\"@id\":\"https:\\\/\\\/akunq.net\\\/tr\\\/#\\\/schema\\\/person\\\/096f1d38a12cce57fb855b485ed24c9e\"},\"headline\":\"HDP: &#8220;\u0130ddianamenin her sat\u0131r\u0131na yan\u0131t verdik&#8221;\",\"datePublished\":\"2022-04-21T07:54:00+00:00\",\"mainEntityOfPage\":{\"@id\":\"https:\\\/\\\/akunq.net\\\/tr\\\/?p=68125\"},\"wordCount\":1031,\"commentCount\":0,\"image\":{\"@id\":\"https:\\\/\\\/akunq.net\\\/tr\\\/?p=68125#primaryimage\"},\"thumbnailUrl\":\"https:\\\/\\\/akunq.net\\\/tr\\\/wp-content\\\/uploads\\\/sites\\\/6\\\/2022\\\/04\\\/HDP.jpg\",\"articleSection\":[\"Haberler\"],\"inLanguage\":\"en-US\",\"potentialAction\":[{\"@type\":\"CommentAction\",\"name\":\"Comment\",\"target\":[\"https:\\\/\\\/akunq.net\\\/tr\\\/?p=68125#respond\"]}]},{\"@type\":\"WebPage\",\"@id\":\"https:\\\/\\\/akunq.net\\\/tr\\\/?p=68125\",\"url\":\"https:\\\/\\\/akunq.net\\\/tr\\\/?p=68125\",\"name\":\"HDP: \\\"\u0130ddianamenin her sat\u0131r\u0131na yan\u0131t verdik\\\" - Bati Ermenistan Ve Bati Ermenileri Sorunlari Ara\u015ftirmalar Merkezi\",\"isPartOf\":{\"@id\":\"https:\\\/\\\/akunq.net\\\/tr\\\/#website\"},\"primaryImageOfPage\":{\"@id\":\"https:\\\/\\\/akunq.net\\\/tr\\\/?p=68125#primaryimage\"},\"image\":{\"@id\":\"https:\\\/\\\/akunq.net\\\/tr\\\/?p=68125#primaryimage\"},\"thumbnailUrl\":\"https:\\\/\\\/akunq.net\\\/tr\\\/wp-content\\\/uploads\\\/sites\\\/6\\\/2022\\\/04\\\/HDP.jpg\",\"datePublished\":\"2022-04-21T07:54:00+00:00\",\"author\":{\"@id\":\"https:\\\/\\\/akunq.net\\\/tr\\\/#\\\/schema\\\/person\\\/096f1d38a12cce57fb855b485ed24c9e\"},\"breadcrumb\":{\"@id\":\"https:\\\/\\\/akunq.net\\\/tr\\\/?p=68125#breadcrumb\"},\"inLanguage\":\"en-US\",\"potentialAction\":[{\"@type\":\"ReadAction\",\"target\":[\"https:\\\/\\\/akunq.net\\\/tr\\\/?p=68125\"]}]},{\"@type\":\"ImageObject\",\"inLanguage\":\"en-US\",\"@id\":\"https:\\\/\\\/akunq.net\\\/tr\\\/?p=68125#primaryimage\",\"url\":\"https:\\\/\\\/akunq.net\\\/tr\\\/wp-content\\\/uploads\\\/sites\\\/6\\\/2022\\\/04\\\/HDP.jpg\",\"contentUrl\":\"https:\\\/\\\/akunq.net\\\/tr\\\/wp-content\\\/uploads\\\/sites\\\/6\\\/2022\\\/04\\\/HDP.jpg\",\"width\":1600,\"height\":700},{\"@type\":\"BreadcrumbList\",\"@id\":\"https:\\\/\\\/akunq.net\\\/tr\\\/?p=68125#breadcrumb\",\"itemListElement\":[{\"@type\":\"ListItem\",\"position\":1,\"name\":\"Home\",\"item\":\"https:\\\/\\\/akunq.net\\\/tr\"},{\"@type\":\"ListItem\",\"position\":2,\"name\":\"HDP: &#8220;\u0130ddianamenin her sat\u0131r\u0131na yan\u0131t verdik&#8221;\"}]},{\"@type\":\"WebSite\",\"@id\":\"https:\\\/\\\/akunq.net\\\/tr\\\/#website\",\"url\":\"https:\\\/\\\/akunq.net\\\/tr\\\/\",\"name\":\"Bati Ermenistan Ve Bati Ermenileri Sorunlari Ara\u015ftirmalar Merkezi\",\"description\":\"\",\"potentialAction\":[{\"@type\":\"SearchAction\",\"target\":{\"@type\":\"EntryPoint\",\"urlTemplate\":\"https:\\\/\\\/akunq.net\\\/tr\\\/?s={search_term_string}\"},\"query-input\":{\"@type\":\"PropertyValueSpecification\",\"valueRequired\":true,\"valueName\":\"search_term_string\"}}],\"inLanguage\":\"en-US\"},{\"@type\":\"Person\",\"@id\":\"https:\\\/\\\/akunq.net\\\/tr\\\/#\\\/schema\\\/person\\\/096f1d38a12cce57fb855b485ed24c9e\",\"name\":\"admin\",\"url\":\"https:\\\/\\\/akunq.net\\\/tr\\\/?author=7\"}]}<\/script>\n<!-- \/ Yoast SEO plugin. -->","yoast_head_json":{"title":"HDP: \"\u0130ddianamenin her sat\u0131r\u0131na yan\u0131t verdik\" - Bati Ermenistan Ve Bati Ermenileri Sorunlari Ara\u015ftirmalar Merkezi","robots":{"index":"index","follow":"follow","max-snippet":"max-snippet:-1","max-image-preview":"max-image-preview:large","max-video-preview":"max-video-preview:-1"},"canonical":"https:\/\/akunq.net\/tr\/?p=68125","og_locale":"en_US","og_type":"article","og_title":"HDP: \"\u0130ddianamenin her sat\u0131r\u0131na yan\u0131t verdik\" - Bati Ermenistan Ve Bati Ermenileri Sorunlari Ara\u015ftirmalar Merkezi","og_description":"HDP&#8217;li Tiryaki&#8217;ye g\u00f6re kapatma davas\u0131 siyasi bir dava ve parti se\u00e7im \u00f6ncesi denklem d\u0131\u015f\u0131na itilmek isteniyor. Tiryaki, Anayasa Mahkemesi ile ise hukuk temelli bir ili\u015fki kurmaya \u00f6zen g\u00f6sterdiklerini s\u00f6yl\u00fcyor. Erken se\u00e7im ve se\u00e7im ittifaklar\u0131 tart\u0131\u015fmalar\u0131n\u0131n yo\u011funla\u015ft\u0131\u011f\u0131 Ankara&#8217;da\u00a0HDP&#8217;nin kapat\u0131lmas\u0131na y\u00f6nelik yarg\u0131 s\u00fcreci de\u00a0yak\u0131ndan takip ediliyor. Yarg\u0131tay 2 Mart 2021&#8217;de\u00a0HDP hakk\u0131nda inceleme ba\u015flatm\u0131\u015f\u00a0ve bu \u00e7er\u00e7evede Yarg\u0131tay Cumhuriyet [&hellip;]","og_url":"https:\/\/akunq.net\/tr\/?p=68125","og_site_name":"Bati Ermenistan Ve Bati Ermenileri Sorunlari Ara\u015ftirmalar Merkezi","article_published_time":"2022-04-21T07:54:00+00:00","og_image":[{"width":1600,"height":700,"url":"https:\/\/akunq.net\/tr\/wp-content\/uploads\/sites\/6\/2022\/04\/HDP.jpg","type":"image\/jpeg"}],"author":"admin","twitter_card":"summary_large_image","twitter_misc":{"Written by":"admin","Est. reading time":"5 minutes"},"schema":{"@context":"https:\/\/schema.org","@graph":[{"@type":"Article","@id":"https:\/\/akunq.net\/tr\/?p=68125#article","isPartOf":{"@id":"https:\/\/akunq.net\/tr\/?p=68125"},"author":{"name":"admin","@id":"https:\/\/akunq.net\/tr\/#\/schema\/person\/096f1d38a12cce57fb855b485ed24c9e"},"headline":"HDP: &#8220;\u0130ddianamenin her sat\u0131r\u0131na yan\u0131t verdik&#8221;","datePublished":"2022-04-21T07:54:00+00:00","mainEntityOfPage":{"@id":"https:\/\/akunq.net\/tr\/?p=68125"},"wordCount":1031,"commentCount":0,"image":{"@id":"https:\/\/akunq.net\/tr\/?p=68125#primaryimage"},"thumbnailUrl":"https:\/\/akunq.net\/tr\/wp-content\/uploads\/sites\/6\/2022\/04\/HDP.jpg","articleSection":["Haberler"],"inLanguage":"en-US","potentialAction":[{"@type":"CommentAction","name":"Comment","target":["https:\/\/akunq.net\/tr\/?p=68125#respond"]}]},{"@type":"WebPage","@id":"https:\/\/akunq.net\/tr\/?p=68125","url":"https:\/\/akunq.net\/tr\/?p=68125","name":"HDP: \"\u0130ddianamenin her sat\u0131r\u0131na yan\u0131t verdik\" - Bati Ermenistan Ve Bati Ermenileri Sorunlari Ara\u015ftirmalar Merkezi","isPartOf":{"@id":"https:\/\/akunq.net\/tr\/#website"},"primaryImageOfPage":{"@id":"https:\/\/akunq.net\/tr\/?p=68125#primaryimage"},"image":{"@id":"https:\/\/akunq.net\/tr\/?p=68125#primaryimage"},"thumbnailUrl":"https:\/\/akunq.net\/tr\/wp-content\/uploads\/sites\/6\/2022\/04\/HDP.jpg","datePublished":"2022-04-21T07:54:00+00:00","author":{"@id":"https:\/\/akunq.net\/tr\/#\/schema\/person\/096f1d38a12cce57fb855b485ed24c9e"},"breadcrumb":{"@id":"https:\/\/akunq.net\/tr\/?p=68125#breadcrumb"},"inLanguage":"en-US","potentialAction":[{"@type":"ReadAction","target":["https:\/\/akunq.net\/tr\/?p=68125"]}]},{"@type":"ImageObject","inLanguage":"en-US","@id":"https:\/\/akunq.net\/tr\/?p=68125#primaryimage","url":"https:\/\/akunq.net\/tr\/wp-content\/uploads\/sites\/6\/2022\/04\/HDP.jpg","contentUrl":"https:\/\/akunq.net\/tr\/wp-content\/uploads\/sites\/6\/2022\/04\/HDP.jpg","width":1600,"height":700},{"@type":"BreadcrumbList","@id":"https:\/\/akunq.net\/tr\/?p=68125#breadcrumb","itemListElement":[{"@type":"ListItem","position":1,"name":"Home","item":"https:\/\/akunq.net\/tr"},{"@type":"ListItem","position":2,"name":"HDP: &#8220;\u0130ddianamenin her sat\u0131r\u0131na yan\u0131t verdik&#8221;"}]},{"@type":"WebSite","@id":"https:\/\/akunq.net\/tr\/#website","url":"https:\/\/akunq.net\/tr\/","name":"Bati Ermenistan Ve Bati Ermenileri Sorunlari Ara\u015ftirmalar Merkezi","description":"","potentialAction":[{"@type":"SearchAction","target":{"@type":"EntryPoint","urlTemplate":"https:\/\/akunq.net\/tr\/?s={search_term_string}"},"query-input":{"@type":"PropertyValueSpecification","valueRequired":true,"valueName":"search_term_string"}}],"inLanguage":"en-US"},{"@type":"Person","@id":"https:\/\/akunq.net\/tr\/#\/schema\/person\/096f1d38a12cce57fb855b485ed24c9e","name":"admin","url":"https:\/\/akunq.net\/tr\/?author=7"}]}},"_links":{"self":[{"href":"https:\/\/akunq.net\/tr\/index.php?rest_route=\/wp\/v2\/posts\/68125","targetHints":{"allow":["GET"]}}],"collection":[{"href":"https:\/\/akunq.net\/tr\/index.php?rest_route=\/wp\/v2\/posts"}],"about":[{"href":"https:\/\/akunq.net\/tr\/index.php?rest_route=\/wp\/v2\/types\/post"}],"author":[{"embeddable":true,"href":"https:\/\/akunq.net\/tr\/index.php?rest_route=\/wp\/v2\/users\/7"}],"replies":[{"embeddable":true,"href":"https:\/\/akunq.net\/tr\/index.php?rest_route=%2Fwp%2Fv2%2Fcomments&post=68125"}],"version-history":[{"count":1,"href":"https:\/\/akunq.net\/tr\/index.php?rest_route=\/wp\/v2\/posts\/68125\/revisions"}],"predecessor-version":[{"id":68127,"href":"https:\/\/akunq.net\/tr\/index.php?rest_route=\/wp\/v2\/posts\/68125\/revisions\/68127"}],"wp:featuredmedia":[{"embeddable":true,"href":"https:\/\/akunq.net\/tr\/index.php?rest_route=\/wp\/v2\/media\/68126"}],"wp:attachment":[{"href":"https:\/\/akunq.net\/tr\/index.php?rest_route=%2Fwp%2Fv2%2Fmedia&parent=68125"}],"wp:term":[{"taxonomy":"category","embeddable":true,"href":"https:\/\/akunq.net\/tr\/index.php?rest_route=%2Fwp%2Fv2%2Fcategories&post=68125"},{"taxonomy":"post_tag","embeddable":true,"href":"https:\/\/akunq.net\/tr\/index.php?rest_route=%2Fwp%2Fv2%2Ftags&post=68125"}],"curies":[{"name":"wp","href":"https:\/\/api.w.org\/{rel}","templated":true}]}}