{"id":68113,"date":"2022-04-21T01:37:23","date_gmt":"2022-04-21T06:37:23","guid":{"rendered":"https:\/\/akunq.net\/tr\/?p=68113"},"modified":"2022-04-21T01:37:23","modified_gmt":"2022-04-21T06:37:23","slug":"din-ozgurlugu-icin-hukuki-duzenleme-cagrisi","status":"publish","type":"post","link":"https:\/\/akunq.net\/tr\/?p=68113","title":{"rendered":"Din \u00d6zg\u00fcrl\u00fc\u011f\u00fc \u0130\u00e7in Hukuki D\u00fczenleme \u00c7a\u011fr\u0131s\u0131"},"content":{"rendered":"<p><img loading=\"lazy\" decoding=\"async\" class=\"aligncenter size-medium wp-image-68114\" src=\"https:\/\/akunq.net\/tr\/wp-content\/uploads\/2022\/04\/Kilise-360x203.jpg\" alt=\"\" width=\"360\" height=\"203\" srcset=\"https:\/\/akunq.net\/tr\/wp-content\/uploads\/sites\/6\/2022\/04\/Kilise-360x203.jpg 360w, https:\/\/akunq.net\/tr\/wp-content\/uploads\/sites\/6\/2022\/04\/Kilise-560x315.jpg 560w, https:\/\/akunq.net\/tr\/wp-content\/uploads\/sites\/6\/2022\/04\/Kilise-260x146.jpg 260w, https:\/\/akunq.net\/tr\/wp-content\/uploads\/sites\/6\/2022\/04\/Kilise-160x90.jpg 160w, https:\/\/akunq.net\/tr\/wp-content\/uploads\/sites\/6\/2022\/04\/Kilise.jpg 700w\" sizes=\"auto, (max-width: 360px) 100vw, 360px\" \/><\/p>\n<p><strong>Y\u0131ld\u0131z Yaz\u0131c\u0131o\u011flu<\/strong><\/p>\n<p><em><strong>ANKARA \u2013 K\u00fcresel \u00e7apta insan haklar\u0131na sayg\u0131 duyulmas\u0131 i\u00e7in izleme ve raporlama \u00e7al\u0131\u015fmalar\u0131 y\u00fcr\u00fcten Norve\u00e7 Helsinki Komitesi b\u00fcnyesinde T\u00fcrkiye\u2019de faaliyet g\u00f6steren \u0130nan\u00e7 \u00d6zg\u00fcrl\u00fc\u011f\u00fc Giri\u015fimi, son iki y\u0131ll\u0131k d\u00f6neme ili\u015fkin \u201cTemenniden Eyleme \u0130lerleme \u00c7a\u011fr\u0131s\u0131\u201d ba\u015fl\u0131kl\u0131 raporunu yay\u0131nlad\u0131.<\/strong><\/em><\/p>\n<p>\u0130nan\u00e7 \u00d6zg\u00fcrl\u00fc\u011f\u00fc Giri\u015fimi\u2019nin kurulu\u015funda rol alan Dr. Mine Y\u0131ld\u0131r\u0131m\u2019\u0131n kaleme ald\u0131\u011f\u0131 yeni rapor, \u0130stanbul, Ankara, \u0130zmir, Malatya, Elaz\u0131\u011f, Mardin ve Diyarbak\u0131r\u2019daki insan haklar\u0131 savunucular\u0131 ile \u00e7e\u015fitli din veya inan\u00e7lara sahip, farkl\u0131 ya\u015f gruplar\u0131 ve farkl\u0131 mesleklerden ki\u015filerle yap\u0131lan g\u00f6r\u00fc\u015fmelere dayal\u0131 olarak haz\u0131rland\u0131.<\/p>\n<p>Raporu yay\u0131mlayan \u0130nan\u00e7 \u00d6zg\u00fcrl\u00fc\u011f\u00fc Giri\u015fimi, T\u00fcrkiye\u2019nin de imzac\u0131s\u0131 oldu\u011fu Birle\u015fmi\u015f Milletler \u0130nsan Haklar\u0131 Evrensel Bildirgesi\u2019ndeki \u201cHerkes d\u00fc\u015f\u00fcnce, vicdan ve din \u00f6zg\u00fcrl\u00fc\u011f\u00fcne sahiptir. Bu hak, din veya inan\u00e7 de\u011fi\u015ftirme \u00f6zg\u00fcrl\u00fc\u011f\u00fc ile tek ba\u015f\u0131na veya topluca, a\u00e7\u0131k\u00e7a veya \u00f6zel olarak ibadet, \u00f6\u011fretim, uygulama ve ayin yapmak suretiyle dinini veya inanc\u0131n\u0131 a\u00e7\u0131klama \u00f6zg\u00fcrl\u00fc\u011f\u00fcn\u00fc de i\u00e7erir\u201d ilkesiyle hareket etti\u011fini a\u00e7\u0131klad\u0131.<\/p>\n<p>Raporda, T\u00fcrkiye\u2019de son iki y\u0131ll\u0131k yasal, yarg\u0131sal ve idari geli\u015fmeler \u0131\u015f\u0131\u011f\u0131nda uluslararas\u0131 insan haklar\u0131yla uyumlu olmayan noktalar tespit edilerek, politika ve yasal d\u00fczenleme de\u011fi\u015fiklikleri gerekti\u011fi i\u015faret edildi. E\u015fitsizlikleri ve inan\u00e7 \u00f6zg\u00fcrl\u00fc\u011f\u00fc ihlallerini \u00f6nlemek amac\u0131yla \u00f6zetle \u015fu hukuki d\u00fczenlemeler \u00f6nerildi:<\/p>\n<p>\u201c- T\u00fcrkiye, uluslararas\u0131 insan haklar\u0131 s\u00f6zle\u015fmelerine koydu\u011fu t\u00fcm \u00e7ekinceleri kald\u0131rmal\u0131.<\/p>\n<ul>\n<li>T\u00fcrkiye, Az\u0131nl\u0131k Dilleri Avrupa \u015eart\u0131\u2019n\u0131 ve Ulusal Az\u0131nl\u0131klar\u0131n Korunmas\u0131na dair \u00c7er\u00e7eve S\u00f6zle\u015fme\u2019yi onaylamal\u0131.<\/li>\n<li>T\u00fcrkiye din veya inan\u00e7 \u00f6zg\u00fcrl\u00fc\u011f\u00fcn\u00fc ilgilendiren davalarda verilen Avrupa \u0130nsan Haklar\u0131 Mahkemesi\u2019nin (A\u0130HM) kararlar\u0131n\u0131 yerine getirerek, benzer ihlallerin ya\u015fanmas\u0131n\u0131 \u00f6nlemek i\u00e7in gecikmeksizin genel tedbirler almal\u0131.<\/li>\n<li>Ailede, din veya inan\u00e7 toplulu\u011funda ve i\u015fyerinde din veya inan\u00e7 \u00f6zg\u00fcrl\u00fc\u011f\u00fc \u00f6n\u00fcndeki engeller kald\u0131r\u0131lmal\u0131. E\u011fitim sistemi g\u00f6zden ge\u00e7irilmeli.<\/li>\n<li>N\u00fcfus kay\u0131tlar\u0131ndaki din hanesi kald\u0131r\u0131lmal\u0131. Din hanesi mevcut s\u0131n\u0131rl\u0131 se\u00e7eneklere sahip bir listeden se\u00e7im uygulamas\u0131na son verilmeli.<\/li>\n<li>Din K\u00fclt\u00fcr\u00fc ve Ahlak Bilgisi dersinden muaf tutulma hakk\u0131n\u0131 kullanmak istediklerinde Hristiyan ve Yahudi \u00f6\u011frenciler, n\u00fcfus kay\u0131tlar\u0131nda din hanesini bo\u015f b\u0131rakma hakk\u0131ndan feragat etmek zorunda b\u0131rak\u0131lmamal\u0131. MEB, ayr\u0131mc\u0131l\u0131k i\u00e7ermeyen bir muafiyet uygulamas\u0131 i\u00e7in gecikmeksizin ad\u0131mlar atmal\u0131.<\/li>\n<li>Askerlik hizmetine kar\u015f\u0131 vicdani ret gecikmeksizin anayasal hak olarak tan\u0131nmal\u0131. Vicdani ret\u00e7ilere y\u00f6nelik olarak y\u00fcr\u00fct\u00fclen t\u00fcm ceza davalar\u0131 sona erdirilmeli. Vicdani ret ba\u015fvurular\u0131na ili\u015fkin istatistikler kamuoyu ile payla\u015f\u0131lmal\u0131.<\/li>\n<li>Diyanet \u0130\u015fleri Ba\u015fkanl\u0131\u011f\u0131, kad\u0131nlara y\u00f6nelik camilere e\u015fit eri\u015fimi g\u00fcvence alt\u0131na almal\u0131.<\/li>\n<li>Cemevleri, Protestan kiliseleri ve Yehova \u015eahitleri salonlar\u0131, ibadet yeri olarak tan\u0131nmal\u0131.<\/li>\n<li>\u0130badet ve uygulamada anadilin kullan\u0131m\u0131na m\u00fcdahale edilmemeli.<\/li>\n<li>Gayrim\u00fcslim cemaatler a\u00e7\u0131s\u0131ndan \u00f6rg\u00fctlenme \u00f6zg\u00fcrl\u00fc\u011f\u00fc ve vak\u0131f mallar\u0131 iadesi sa\u011flanmal\u0131.<\/li>\n<li>T\u00fcrk Ceza Kanunu\u2019nun \u2018dini de\u011ferleri a\u015fa\u011f\u0131lamay\u0131\u2019 su\u00e7 olarak tan\u0131mlayan 216\u2019nc\u0131 maddesi kald\u0131r\u0131lmal\u0131.<\/li>\n<li>Kad\u0131nlar ve LGBT\u0130\u2019ler, egemen inan\u00e7 dogma ve \u00f6\u011fretiler \u00fczerinden hedef al\u0131nd\u0131\u011f\u0131nda, devlet bu ki\u015fileri korunmak i\u00e7in tedbir almal\u0131.\u201d<\/li>\n<\/ul>\n<p>\u201cSalg\u0131n ile e\u015fitsizlikler g\u00f6r\u00fcn\u00fcr oldu\u201d<\/p>\n<p>T\u00fcrkiye\u2019de \u201cCorona vir\u00fcs\u00fc salg\u0131n\u0131 s\u0131ras\u0131nda inan\u00e7 \u00f6zg\u00fcrl\u00fc\u011f\u00fcyle ilgili derin sistemsel e\u015fitsizlikler daha da g\u00f6r\u00fcn\u00fcr oldu\u201d diyen Y\u0131ld\u0131r\u0131m, \u00e7\u00f6z\u00fcmler i\u00e7in yasama, y\u00fcr\u00fctme ve yarg\u0131 mekanizmas\u0131yla \u00e7ok y\u00f6nl\u00fc \u00e7aba harcanmas\u0131 gerekti\u011fi g\u00f6r\u00fc\u015f\u00fcn\u00fc aktard\u0131.<\/p>\n<p>T\u00fcrkiye\u2019nin \u201cn\u00fcfus \u00e7o\u011funlu\u011fu M\u00fcsl\u00fcman \u00fclke\u201d yakla\u015f\u0131m\u0131yla \u00f6zellikle ateistler, deistler ve agnostikler a\u00e7\u0131s\u0131ndan ciddi inan\u00e7 \u00f6zg\u00fcrl\u00fc\u011f\u00fc ihlallerine sahne oldu\u011fu vurgulanan raporda, \u0130slam dinini benimsemedi\u011fi gibi t\u00fcm semavi dinlere y\u00f6nelik ele\u015ftirel tutum ta\u015f\u0131yan d\u00fc\u015f\u00fcncelere sahip ki\u015filere kar\u015f\u0131 ayr\u0131mc\u0131l\u0131\u011fa dikkat \u00e7ekildi. Bu ki\u015filer a\u00e7\u0131s\u0131ndan inan\u00e7 \u00f6zg\u00fcrl\u00fc\u011f\u00fc odakl\u0131 i\u015fyerinde, aile i\u00e7inde ve e\u011fitim sisteminde d\u00fczenlemeler yap\u0131lmas\u0131 gerekti\u011fi belirtilerek, \u00f6rne\u011fin zorunlu din \u00f6\u011fretimi ve n\u00fcfus kay\u0131tlar\u0131nda din hanesi uygulamalar\u0131ndan vazge\u00e7ilmesi gerekti\u011fi i\u015faret edildi. Bunun yan\u0131s\u0131ra raporda, \u201cBa\u015fta \u0130slam olmak \u00fczere bir dine veya inanca ya da s\u00f6zkonusu din veya inanc\u0131n belirli yorumlar\u0131na kar\u015f\u0131 ele\u015ftiride bulunanlar, \u015fikayet konusu edilerek T\u00fcrk Ceza Kanunu (TCK) kapsam\u0131nda kovu\u015fturmaya u\u011frama riskiyle kar\u015f\u0131 kar\u015f\u0131ya\u201d denildi.<\/p>\n<p><strong>\u201c\u0130badet mekanlar\u0131yla ilgili A\u0130HM kararlar\u0131 g\u00f6z ard\u0131 ediliyor\u201d<\/strong><\/p>\n<p>Raporda, Aleviler gibi inan\u00e7 gruplar\u0131yla ilgili ibadet mekanlar\u0131 stat\u00fcs\u00fcne AiHM\u2019in T\u00fcrkiye\u2019ye yasal d\u00fczenleme uyar\u0131s\u0131nda bulundu\u011fu kararlar\u0131na ra\u011fmen gerekli yasal \u00e7er\u00e7eve olu\u015fturulmad\u0131\u011f\u0131 da vurguland\u0131. Az\u0131nl\u0131klar bak\u0131m\u0131ndan tarihi ibadet mekanlar\u0131n\u0131 koruma ama\u00e7l\u0131 ad\u0131mlar at\u0131lmas\u0131ndaki eksiklikler devam ederken, gayrim\u00fcslim cemaat vak\u0131flar\u0131n\u0131 hedef alan \u00f6rg\u00fctlenme hakk\u0131na ayk\u0131r\u0131 uygulamaya da dikkat \u00e7ekildi. Raporda, \u201cBu vak\u0131flar\u0131n y\u00f6netim kurulu se\u00e7imleri 2013\u2019ten beri engelleniyor. Bunun sonucu olarak cemaat vak\u0131flar\u0131n\u0131n i\u015fleyi\u015fi ve bunlardan faydalanan cemaatler felce u\u011frayarak zay\u0131fl\u0131yor. S\u00f6zkonusu cemaat vak\u0131flar\u0131 kilise ve sinagog binalar\u0131, okul, hastane gibi gayrim\u00fcslim cemaat m\u00fclklerinin idaresi ve finansman\u0131ndan ba\u015fka hay\u0131rseverlik faaliyetleriyle de u\u011fra\u015f\u0131yor. Bu vak\u0131flar cemaatleri i\u00e7in bir can simidi i\u015flevi g\u00f6r\u00fcyor\u201d tespitine yer verildi. Yine gayrim\u00fcslim cemaatler a\u00e7\u0131s\u0131ndan \u201chaks\u0131z \u015fekilde el konulan cemaat vakf\u0131 mallar\u0131n\u0131n iadesi s\u00fcreci tamamlanm\u0131\u015f; zararlar hen\u00fcz tam olarak giderilmi\u015f de\u011fil\u201d tespiti de aktar\u0131ld\u0131.<\/p>\n<p><strong>\u201cSadece S\u00fcnni M\u00fcsl\u00fcman toplulu\u011fa b\u00fct\u00e7e aktar\u0131m\u0131 var\u201d<\/strong><\/p>\n<p>Raporda, mevcut yap\u0131s\u0131 itibariyle sadece S\u00fcnni M\u00fcsl\u00fcman kimli\u011fi temsilcisi konumundaki Diyanet \u0130\u015fleri Ba\u015fkanl\u0131\u011f\u0131\u2019n\u0131n kamu b\u00fct\u00e7esinden ald\u0131\u011f\u0131 pay\u0131 i\u015faret edici tespitler de dikkat \u00e7ekti. Bunun din g\u00f6revlileri e\u011fitimiyle ilgili ayr\u0131mc\u0131l\u0131k yaratt\u0131\u011f\u0131 belirtilerek, \u201cS\u00fcnni M\u00fcsl\u00fcman din g\u00f6revlilerinin e\u011fitimine tahsis edilen kamu kaynaklar\u0131 kar\u015f\u0131s\u0131nda di\u011fer dinlerin g\u00f6revlilerinin e\u011fitimi i\u00e7in hi\u00e7bir kaynak ayr\u0131lmamas\u0131n\u0131n yaratt\u0131\u011f\u0131 \u00e7arp\u0131c\u0131 e\u015fitsizlikler hen\u00fcz giderilmi\u015f de\u011fil. Alevi cemaati, Rum Ortodoks Patrikhanesi, Ermeni Patrikhanesi ve Protestan cemaati gibi dini topluluklar din g\u00f6revlilerine T\u00fcrkiye\u2019de e\u011fitim veremiyor. Din hizmetlerinde de yaln\u0131zca S\u00fcnni M\u00fcsl\u00fcman toplulu\u011fa kamu b\u00fct\u00e7esinden kaynak ayr\u0131l\u0131yor. Bu durum ayr\u0131mc\u0131l\u0131k yasa\u011f\u0131na ayk\u0131r\u0131 ve devletin e\u015fitlik ilkesini g\u00f6zetme y\u00fck\u00fcml\u00fcl\u00fc\u011f\u00fcyle \u00e7eli\u015fkili g\u00f6r\u00fcn\u00fcyor\u201d ifadeleri kullan\u0131ld\u0131.<\/p>\n<p><strong>\u201cKad\u0131nlar \u00e7ifte hayat ya\u015famak zorunda kal\u0131yor\u201d<\/strong><\/p>\n<p>Kad\u0131nlar a\u00e7\u0131s\u0131ndan dini kurumlarda \u00e7ok d\u00fc\u015f\u00fck oranda temsil olana\u011f\u0131 bulundu\u011fu belirtilerek, \u201cKad\u0131nlar, din veya inan\u00e7 \u00f6zg\u00fcrl\u00fc\u011f\u00fc de dahil olmak \u00fczere, insan haklar\u0131n\u0131 kullan\u0131rken \u00f6zg\u00fcr iradeleri \u00f6n\u00fcnde b\u00fcy\u00fck engellerle kar\u015f\u0131la\u015f\u0131yor. Hem sek\u00fcler hem dini kesimlerden tepki g\u00f6ren kad\u0131nlar \u00e7ifte hayat ya\u015famak zorunda kal\u0131yor\u201d tespiti aktar\u0131ld\u0131.<\/p>\n<p>Raporda, \u201cKad\u0131nlar Camilerde\u201d kampanyas\u0131na da yer verilerek, dini kurumlarda ve ibadet mekanlar\u0131nda e\u015fit temsil hakk\u0131 g\u00fcndeme getirildi.<\/p>\n<hr \/>\n<p><em><strong><a href=\"https:\/\/www.amerikaninsesi.com\/a\/6536579.html\" target=\"_blank\" rel=\"noopener noreferrer\">VOA<\/a><\/strong><\/em><\/p>\n","protected":false},"excerpt":{"rendered":"<p>Y\u0131ld\u0131z Yaz\u0131c\u0131o\u011flu ANKARA \u2013 K\u00fcresel \u00e7apta insan haklar\u0131na sayg\u0131 duyulmas\u0131 i\u00e7in izleme ve raporlama \u00e7al\u0131\u015fmalar\u0131 y\u00fcr\u00fcten Norve\u00e7 Helsinki Komitesi b\u00fcnyesinde T\u00fcrkiye\u2019de faaliyet g\u00f6steren \u0130nan\u00e7 \u00d6zg\u00fcrl\u00fc\u011f\u00fc Giri\u015fimi, son iki y\u0131ll\u0131k d\u00f6neme ili\u015fkin \u201cTemenniden Eyleme \u0130lerleme \u00c7a\u011fr\u0131s\u0131\u201d ba\u015fl\u0131kl\u0131 raporunu yay\u0131nlad\u0131. \u0130nan\u00e7 \u00d6zg\u00fcrl\u00fc\u011f\u00fc Giri\u015fimi\u2019nin kurulu\u015funda rol alan Dr. Mine Y\u0131ld\u0131r\u0131m\u2019\u0131n kaleme ald\u0131\u011f\u0131 yeni rapor, \u0130stanbul, Ankara, \u0130zmir, Malatya, [&hellip;]<\/p>\n","protected":false},"author":7,"featured_media":68114,"comment_status":"open","ping_status":"open","sticky":false,"template":"","format":"standard","meta":{"footnotes":""},"categories":[1,53],"tags":[],"class_list":["post-68113","post","type-post","status-publish","format-standard","has-post-thumbnail","hentry","category-haberler","category-turkiyede-azinliklar"],"yoast_head":"<!-- This site is optimized with the Yoast SEO plugin v27.4 - https:\/\/yoast.com\/product\/yoast-seo-wordpress\/ -->\n<title>Din \u00d6zg\u00fcrl\u00fc\u011f\u00fc \u0130\u00e7in Hukuki D\u00fczenleme \u00c7a\u011fr\u0131s\u0131 - Bati Ermenistan Ve Bati Ermenileri Sorunlari Ara\u015ftirmalar Merkezi<\/title>\n<meta name=\"robots\" content=\"index, follow, max-snippet:-1, max-image-preview:large, max-video-preview:-1\" \/>\n<link rel=\"canonical\" href=\"https:\/\/akunq.net\/tr\/?p=68113\" \/>\n<meta property=\"og:locale\" content=\"en_US\" \/>\n<meta property=\"og:type\" content=\"article\" \/>\n<meta property=\"og:title\" content=\"Din \u00d6zg\u00fcrl\u00fc\u011f\u00fc \u0130\u00e7in Hukuki D\u00fczenleme \u00c7a\u011fr\u0131s\u0131 - Bati Ermenistan Ve Bati Ermenileri Sorunlari Ara\u015ftirmalar Merkezi\" \/>\n<meta property=\"og:description\" content=\"Y\u0131ld\u0131z Yaz\u0131c\u0131o\u011flu ANKARA \u2013 K\u00fcresel \u00e7apta insan haklar\u0131na sayg\u0131 duyulmas\u0131 i\u00e7in izleme ve raporlama \u00e7al\u0131\u015fmalar\u0131 y\u00fcr\u00fcten Norve\u00e7 Helsinki Komitesi b\u00fcnyesinde T\u00fcrkiye\u2019de faaliyet g\u00f6steren \u0130nan\u00e7 \u00d6zg\u00fcrl\u00fc\u011f\u00fc Giri\u015fimi, son iki y\u0131ll\u0131k d\u00f6neme ili\u015fkin \u201cTemenniden Eyleme \u0130lerleme \u00c7a\u011fr\u0131s\u0131\u201d ba\u015fl\u0131kl\u0131 raporunu yay\u0131nlad\u0131. \u0130nan\u00e7 \u00d6zg\u00fcrl\u00fc\u011f\u00fc Giri\u015fimi\u2019nin kurulu\u015funda rol alan Dr. Mine Y\u0131ld\u0131r\u0131m\u2019\u0131n kaleme ald\u0131\u011f\u0131 yeni rapor, \u0130stanbul, Ankara, \u0130zmir, Malatya, [&hellip;]\" \/>\n<meta property=\"og:url\" content=\"https:\/\/akunq.net\/tr\/?p=68113\" \/>\n<meta property=\"og:site_name\" content=\"Bati Ermenistan Ve Bati Ermenileri Sorunlari Ara\u015ftirmalar Merkezi\" \/>\n<meta property=\"article:published_time\" content=\"2022-04-21T06:37:23+00:00\" \/>\n<meta property=\"og:image\" content=\"https:\/\/akunq.net\/tr\/wp-content\/uploads\/sites\/6\/2022\/04\/Kilise.jpg\" \/>\n\t<meta property=\"og:image:width\" content=\"700\" \/>\n\t<meta property=\"og:image:height\" content=\"394\" \/>\n\t<meta property=\"og:image:type\" content=\"image\/jpeg\" \/>\n<meta name=\"author\" content=\"admin\" \/>\n<meta name=\"twitter:card\" content=\"summary_large_image\" \/>\n<meta name=\"twitter:label1\" content=\"Written by\" \/>\n\t<meta name=\"twitter:data1\" content=\"admin\" \/>\n\t<meta name=\"twitter:label2\" content=\"Est. reading time\" \/>\n\t<meta name=\"twitter:data2\" content=\"6 minutes\" \/>\n<script type=\"application\/ld+json\" class=\"yoast-schema-graph\">{\"@context\":\"https:\\\/\\\/schema.org\",\"@graph\":[{\"@type\":\"Article\",\"@id\":\"https:\\\/\\\/akunq.net\\\/tr\\\/?p=68113#article\",\"isPartOf\":{\"@id\":\"https:\\\/\\\/akunq.net\\\/tr\\\/?p=68113\"},\"author\":{\"name\":\"admin\",\"@id\":\"https:\\\/\\\/akunq.net\\\/tr\\\/#\\\/schema\\\/person\\\/096f1d38a12cce57fb855b485ed24c9e\"},\"headline\":\"Din \u00d6zg\u00fcrl\u00fc\u011f\u00fc \u0130\u00e7in Hukuki D\u00fczenleme \u00c7a\u011fr\u0131s\u0131\",\"datePublished\":\"2022-04-21T06:37:23+00:00\",\"mainEntityOfPage\":{\"@id\":\"https:\\\/\\\/akunq.net\\\/tr\\\/?p=68113\"},\"wordCount\":1286,\"commentCount\":0,\"image\":{\"@id\":\"https:\\\/\\\/akunq.net\\\/tr\\\/?p=68113#primaryimage\"},\"thumbnailUrl\":\"https:\\\/\\\/akunq.net\\\/tr\\\/wp-content\\\/uploads\\\/sites\\\/6\\\/2022\\\/04\\\/Kilise.jpg\",\"articleSection\":[\"Haberler\",\"T\u00fcrkiye\u2019de Az\u0131nl\u0131klar\"],\"inLanguage\":\"en-US\",\"potentialAction\":[{\"@type\":\"CommentAction\",\"name\":\"Comment\",\"target\":[\"https:\\\/\\\/akunq.net\\\/tr\\\/?p=68113#respond\"]}]},{\"@type\":\"WebPage\",\"@id\":\"https:\\\/\\\/akunq.net\\\/tr\\\/?p=68113\",\"url\":\"https:\\\/\\\/akunq.net\\\/tr\\\/?p=68113\",\"name\":\"Din \u00d6zg\u00fcrl\u00fc\u011f\u00fc \u0130\u00e7in Hukuki D\u00fczenleme \u00c7a\u011fr\u0131s\u0131 - Bati Ermenistan Ve Bati Ermenileri Sorunlari Ara\u015ftirmalar Merkezi\",\"isPartOf\":{\"@id\":\"https:\\\/\\\/akunq.net\\\/tr\\\/#website\"},\"primaryImageOfPage\":{\"@id\":\"https:\\\/\\\/akunq.net\\\/tr\\\/?p=68113#primaryimage\"},\"image\":{\"@id\":\"https:\\\/\\\/akunq.net\\\/tr\\\/?p=68113#primaryimage\"},\"thumbnailUrl\":\"https:\\\/\\\/akunq.net\\\/tr\\\/wp-content\\\/uploads\\\/sites\\\/6\\\/2022\\\/04\\\/Kilise.jpg\",\"datePublished\":\"2022-04-21T06:37:23+00:00\",\"author\":{\"@id\":\"https:\\\/\\\/akunq.net\\\/tr\\\/#\\\/schema\\\/person\\\/096f1d38a12cce57fb855b485ed24c9e\"},\"breadcrumb\":{\"@id\":\"https:\\\/\\\/akunq.net\\\/tr\\\/?p=68113#breadcrumb\"},\"inLanguage\":\"en-US\",\"potentialAction\":[{\"@type\":\"ReadAction\",\"target\":[\"https:\\\/\\\/akunq.net\\\/tr\\\/?p=68113\"]}]},{\"@type\":\"ImageObject\",\"inLanguage\":\"en-US\",\"@id\":\"https:\\\/\\\/akunq.net\\\/tr\\\/?p=68113#primaryimage\",\"url\":\"https:\\\/\\\/akunq.net\\\/tr\\\/wp-content\\\/uploads\\\/sites\\\/6\\\/2022\\\/04\\\/Kilise.jpg\",\"contentUrl\":\"https:\\\/\\\/akunq.net\\\/tr\\\/wp-content\\\/uploads\\\/sites\\\/6\\\/2022\\\/04\\\/Kilise.jpg\",\"width\":700,\"height\":394},{\"@type\":\"BreadcrumbList\",\"@id\":\"https:\\\/\\\/akunq.net\\\/tr\\\/?p=68113#breadcrumb\",\"itemListElement\":[{\"@type\":\"ListItem\",\"position\":1,\"name\":\"Home\",\"item\":\"https:\\\/\\\/akunq.net\\\/tr\"},{\"@type\":\"ListItem\",\"position\":2,\"name\":\"Din \u00d6zg\u00fcrl\u00fc\u011f\u00fc \u0130\u00e7in Hukuki D\u00fczenleme \u00c7a\u011fr\u0131s\u0131\"}]},{\"@type\":\"WebSite\",\"@id\":\"https:\\\/\\\/akunq.net\\\/tr\\\/#website\",\"url\":\"https:\\\/\\\/akunq.net\\\/tr\\\/\",\"name\":\"Bati Ermenistan Ve Bati Ermenileri Sorunlari Ara\u015ftirmalar Merkezi\",\"description\":\"\",\"potentialAction\":[{\"@type\":\"SearchAction\",\"target\":{\"@type\":\"EntryPoint\",\"urlTemplate\":\"https:\\\/\\\/akunq.net\\\/tr\\\/?s={search_term_string}\"},\"query-input\":{\"@type\":\"PropertyValueSpecification\",\"valueRequired\":true,\"valueName\":\"search_term_string\"}}],\"inLanguage\":\"en-US\"},{\"@type\":\"Person\",\"@id\":\"https:\\\/\\\/akunq.net\\\/tr\\\/#\\\/schema\\\/person\\\/096f1d38a12cce57fb855b485ed24c9e\",\"name\":\"admin\",\"url\":\"https:\\\/\\\/akunq.net\\\/tr\\\/?author=7\"}]}<\/script>\n<!-- \/ Yoast SEO plugin. -->","yoast_head_json":{"title":"Din \u00d6zg\u00fcrl\u00fc\u011f\u00fc \u0130\u00e7in Hukuki D\u00fczenleme \u00c7a\u011fr\u0131s\u0131 - Bati Ermenistan Ve Bati Ermenileri Sorunlari Ara\u015ftirmalar Merkezi","robots":{"index":"index","follow":"follow","max-snippet":"max-snippet:-1","max-image-preview":"max-image-preview:large","max-video-preview":"max-video-preview:-1"},"canonical":"https:\/\/akunq.net\/tr\/?p=68113","og_locale":"en_US","og_type":"article","og_title":"Din \u00d6zg\u00fcrl\u00fc\u011f\u00fc \u0130\u00e7in Hukuki D\u00fczenleme \u00c7a\u011fr\u0131s\u0131 - Bati Ermenistan Ve Bati Ermenileri Sorunlari Ara\u015ftirmalar Merkezi","og_description":"Y\u0131ld\u0131z Yaz\u0131c\u0131o\u011flu ANKARA \u2013 K\u00fcresel \u00e7apta insan haklar\u0131na sayg\u0131 duyulmas\u0131 i\u00e7in izleme ve raporlama \u00e7al\u0131\u015fmalar\u0131 y\u00fcr\u00fcten Norve\u00e7 Helsinki Komitesi b\u00fcnyesinde T\u00fcrkiye\u2019de faaliyet g\u00f6steren \u0130nan\u00e7 \u00d6zg\u00fcrl\u00fc\u011f\u00fc Giri\u015fimi, son iki y\u0131ll\u0131k d\u00f6neme ili\u015fkin \u201cTemenniden Eyleme \u0130lerleme \u00c7a\u011fr\u0131s\u0131\u201d ba\u015fl\u0131kl\u0131 raporunu yay\u0131nlad\u0131. \u0130nan\u00e7 \u00d6zg\u00fcrl\u00fc\u011f\u00fc Giri\u015fimi\u2019nin kurulu\u015funda rol alan Dr. Mine Y\u0131ld\u0131r\u0131m\u2019\u0131n kaleme ald\u0131\u011f\u0131 yeni rapor, \u0130stanbul, Ankara, \u0130zmir, Malatya, [&hellip;]","og_url":"https:\/\/akunq.net\/tr\/?p=68113","og_site_name":"Bati Ermenistan Ve Bati Ermenileri Sorunlari Ara\u015ftirmalar Merkezi","article_published_time":"2022-04-21T06:37:23+00:00","og_image":[{"width":700,"height":394,"url":"https:\/\/akunq.net\/tr\/wp-content\/uploads\/sites\/6\/2022\/04\/Kilise.jpg","type":"image\/jpeg"}],"author":"admin","twitter_card":"summary_large_image","twitter_misc":{"Written by":"admin","Est. reading time":"6 minutes"},"schema":{"@context":"https:\/\/schema.org","@graph":[{"@type":"Article","@id":"https:\/\/akunq.net\/tr\/?p=68113#article","isPartOf":{"@id":"https:\/\/akunq.net\/tr\/?p=68113"},"author":{"name":"admin","@id":"https:\/\/akunq.net\/tr\/#\/schema\/person\/096f1d38a12cce57fb855b485ed24c9e"},"headline":"Din \u00d6zg\u00fcrl\u00fc\u011f\u00fc \u0130\u00e7in Hukuki D\u00fczenleme \u00c7a\u011fr\u0131s\u0131","datePublished":"2022-04-21T06:37:23+00:00","mainEntityOfPage":{"@id":"https:\/\/akunq.net\/tr\/?p=68113"},"wordCount":1286,"commentCount":0,"image":{"@id":"https:\/\/akunq.net\/tr\/?p=68113#primaryimage"},"thumbnailUrl":"https:\/\/akunq.net\/tr\/wp-content\/uploads\/sites\/6\/2022\/04\/Kilise.jpg","articleSection":["Haberler","T\u00fcrkiye\u2019de Az\u0131nl\u0131klar"],"inLanguage":"en-US","potentialAction":[{"@type":"CommentAction","name":"Comment","target":["https:\/\/akunq.net\/tr\/?p=68113#respond"]}]},{"@type":"WebPage","@id":"https:\/\/akunq.net\/tr\/?p=68113","url":"https:\/\/akunq.net\/tr\/?p=68113","name":"Din \u00d6zg\u00fcrl\u00fc\u011f\u00fc \u0130\u00e7in Hukuki D\u00fczenleme \u00c7a\u011fr\u0131s\u0131 - Bati Ermenistan Ve Bati Ermenileri Sorunlari Ara\u015ftirmalar Merkezi","isPartOf":{"@id":"https:\/\/akunq.net\/tr\/#website"},"primaryImageOfPage":{"@id":"https:\/\/akunq.net\/tr\/?p=68113#primaryimage"},"image":{"@id":"https:\/\/akunq.net\/tr\/?p=68113#primaryimage"},"thumbnailUrl":"https:\/\/akunq.net\/tr\/wp-content\/uploads\/sites\/6\/2022\/04\/Kilise.jpg","datePublished":"2022-04-21T06:37:23+00:00","author":{"@id":"https:\/\/akunq.net\/tr\/#\/schema\/person\/096f1d38a12cce57fb855b485ed24c9e"},"breadcrumb":{"@id":"https:\/\/akunq.net\/tr\/?p=68113#breadcrumb"},"inLanguage":"en-US","potentialAction":[{"@type":"ReadAction","target":["https:\/\/akunq.net\/tr\/?p=68113"]}]},{"@type":"ImageObject","inLanguage":"en-US","@id":"https:\/\/akunq.net\/tr\/?p=68113#primaryimage","url":"https:\/\/akunq.net\/tr\/wp-content\/uploads\/sites\/6\/2022\/04\/Kilise.jpg","contentUrl":"https:\/\/akunq.net\/tr\/wp-content\/uploads\/sites\/6\/2022\/04\/Kilise.jpg","width":700,"height":394},{"@type":"BreadcrumbList","@id":"https:\/\/akunq.net\/tr\/?p=68113#breadcrumb","itemListElement":[{"@type":"ListItem","position":1,"name":"Home","item":"https:\/\/akunq.net\/tr"},{"@type":"ListItem","position":2,"name":"Din \u00d6zg\u00fcrl\u00fc\u011f\u00fc \u0130\u00e7in Hukuki D\u00fczenleme \u00c7a\u011fr\u0131s\u0131"}]},{"@type":"WebSite","@id":"https:\/\/akunq.net\/tr\/#website","url":"https:\/\/akunq.net\/tr\/","name":"Bati Ermenistan Ve Bati Ermenileri Sorunlari Ara\u015ftirmalar Merkezi","description":"","potentialAction":[{"@type":"SearchAction","target":{"@type":"EntryPoint","urlTemplate":"https:\/\/akunq.net\/tr\/?s={search_term_string}"},"query-input":{"@type":"PropertyValueSpecification","valueRequired":true,"valueName":"search_term_string"}}],"inLanguage":"en-US"},{"@type":"Person","@id":"https:\/\/akunq.net\/tr\/#\/schema\/person\/096f1d38a12cce57fb855b485ed24c9e","name":"admin","url":"https:\/\/akunq.net\/tr\/?author=7"}]}},"_links":{"self":[{"href":"https:\/\/akunq.net\/tr\/index.php?rest_route=\/wp\/v2\/posts\/68113","targetHints":{"allow":["GET"]}}],"collection":[{"href":"https:\/\/akunq.net\/tr\/index.php?rest_route=\/wp\/v2\/posts"}],"about":[{"href":"https:\/\/akunq.net\/tr\/index.php?rest_route=\/wp\/v2\/types\/post"}],"author":[{"embeddable":true,"href":"https:\/\/akunq.net\/tr\/index.php?rest_route=\/wp\/v2\/users\/7"}],"replies":[{"embeddable":true,"href":"https:\/\/akunq.net\/tr\/index.php?rest_route=%2Fwp%2Fv2%2Fcomments&post=68113"}],"version-history":[{"count":1,"href":"https:\/\/akunq.net\/tr\/index.php?rest_route=\/wp\/v2\/posts\/68113\/revisions"}],"predecessor-version":[{"id":68115,"href":"https:\/\/akunq.net\/tr\/index.php?rest_route=\/wp\/v2\/posts\/68113\/revisions\/68115"}],"wp:featuredmedia":[{"embeddable":true,"href":"https:\/\/akunq.net\/tr\/index.php?rest_route=\/wp\/v2\/media\/68114"}],"wp:attachment":[{"href":"https:\/\/akunq.net\/tr\/index.php?rest_route=%2Fwp%2Fv2%2Fmedia&parent=68113"}],"wp:term":[{"taxonomy":"category","embeddable":true,"href":"https:\/\/akunq.net\/tr\/index.php?rest_route=%2Fwp%2Fv2%2Fcategories&post=68113"},{"taxonomy":"post_tag","embeddable":true,"href":"https:\/\/akunq.net\/tr\/index.php?rest_route=%2Fwp%2Fv2%2Ftags&post=68113"}],"curies":[{"name":"wp","href":"https:\/\/api.w.org\/{rel}","templated":true}]}}