{"id":68106,"date":"2022-04-20T05:31:14","date_gmt":"2022-04-20T10:31:14","guid":{"rendered":"https:\/\/akunq.net\/tr\/?p=68106"},"modified":"2022-04-20T05:31:14","modified_gmt":"2022-04-20T10:31:14","slug":"diril-davasi-apro-d-tutuklandi","status":"publish","type":"post","link":"https:\/\/akunq.net\/tr\/?p=68106","title":{"rendered":"Diril davas\u0131: Apro D. tutukland\u0131"},"content":{"rendered":"<p><img loading=\"lazy\" decoding=\"async\" class=\"aligncenter size-medium wp-image-68107\" src=\"https:\/\/akunq.net\/tr\/wp-content\/uploads\/2022\/04\/Diril-davas\u0131-360x158.jpg\" alt=\"\" width=\"360\" height=\"158\" srcset=\"https:\/\/akunq.net\/tr\/wp-content\/uploads\/sites\/6\/2022\/04\/Diril-davas\u0131-360x158.jpg 360w, https:\/\/akunq.net\/tr\/wp-content\/uploads\/sites\/6\/2022\/04\/Diril-davas\u0131-768x336.jpg 768w, https:\/\/akunq.net\/tr\/wp-content\/uploads\/sites\/6\/2022\/04\/Diril-davas\u0131-1536x672.jpg 1536w, https:\/\/akunq.net\/tr\/wp-content\/uploads\/sites\/6\/2022\/04\/Diril-davas\u0131-560x245.jpg 560w, https:\/\/akunq.net\/tr\/wp-content\/uploads\/sites\/6\/2022\/04\/Diril-davas\u0131-260x114.jpg 260w, https:\/\/akunq.net\/tr\/wp-content\/uploads\/sites\/6\/2022\/04\/Diril-davas\u0131-160x70.jpg 160w, https:\/\/akunq.net\/tr\/wp-content\/uploads\/sites\/6\/2022\/04\/Diril-davas\u0131.jpg 1600w\" sizes=\"auto, (max-width: 360px) 100vw, 360px\" \/><\/p>\n<p><a href=\"https:\/\/www.dw.com\/tr\/elmas-topcu\/person-57991654\"><strong>Elmas Topcu<\/strong><\/a><\/p>\n<p><em><strong>\u015eimuni-H\u00fcrm\u00fcz Diril \u00e7ifti 11 Ocak 2020\u2019de kaybolmu\u015f, 70 g\u00fcn sonra \u015eimuni Diril\u2019in i\u015fkence edilerek \u00f6ld\u00fcr\u00fclm\u00fc\u015f bedeni bulunmu\u015ftu. \u015e\u0131rnak\u2019ta ba\u015flayan davada zanl\u0131 Apro D. tutukland\u0131. H\u00fcrm\u00fcz Diril\u2019in ak\u0131beti h\u00e2l\u00e2 belirsiz.<\/strong><\/em><\/p>\n<p>\u015eimuni Diril\u2019i \u201ccanavarca hisle ve eziyet \u00e7ektirerek \u00f6ld\u00fcrme, tasarlayarak \u00f6ld\u00fcrme\u201d su\u00e7lamas\u0131yla a\u00e7\u0131lan davan\u0131n ilk duru\u015fmas\u0131 bug\u00fcn \u015e\u0131rnak 1. A\u011f\u0131r Ceza Mahkemesi\u2019nde g\u00f6r\u00fcld\u00fc. \u015e\u0131rnak Barosu ve ailenin avukatlar\u0131n\u0131n haz\u0131r bulundu\u011fu davada tutuksuz yarg\u0131lanan \u00fc\u00e7 \u015f\u00fcpheli olan Apro D., Beh\u00e7et \u00d6. ve \u0130smail Y. de kat\u0131ld\u0131. DW T\u00fcrk\u00e7e\u2019ye konu\u015fan \u015e\u0131rnak Barosu Ba\u015fkan\u0131 Rojhat Dilsiz, dosyada ge\u00e7en delilleri talep ettiklerini ve davan\u0131n bir sonraki duru\u015fmas\u0131n\u0131n 16 Haziran\u2019da g\u00f6r\u00fclece\u011fini belirtti.<\/p>\n<p>\u015e\u0131rnak\u2019\u0131n Beyt\u00fc\u015f\u015febap il\u00e7esine ba\u011fl\u0131, eski ad\u0131yla Mehri \u015fimdiki ad\u0131yla Kovankaya K\u00f6y\u00fc\u2019nde ya\u015fayan \u015eimuni ve H\u00fcrm\u00fcz Diril 11\u00a0Ocak 2020\u2019de kaybolmu\u015f, kaybolmalar\u0131ndan 70 g\u00fcn sonra \u015eimuni Diril\u2019in cans\u0131z bedeni evinden bin 500 metre mesafedeki Hezil \u00c7ay\u0131 kenar\u0131nda o\u011flu taraf\u0131ndan bulunmu\u015ftu. H\u00fcrm\u00fcz Diril\u2019in ak\u0131beti ise bug\u00fcne kadar ayd\u0131nl\u0131\u011fa kavu\u015fmad\u0131.<\/p>\n<p>1989\u2019da k\u00f6y\u00fcnden \u00e7\u0131kan, 1990\u2019lar\u0131n ba\u015f\u0131nda da b\u00f6lgedeki k\u00f6y bo\u015faltmalar\u0131 nedeniyle \u0130stanbul\u2019a g\u00f6\u00e7 eden \u015eimuni ve H\u00fcrm\u00fcz Diril, ya\u015fad\u0131klar\u0131 k\u00f6y\u00fcn en eskilerinden. Keldani olan \u00e7iftten H\u00fcrm\u00fcz Diril senelerce muhtar vekilli\u011fi de yapt\u0131\u011f\u0131 i\u00e7in b\u00f6lgeyi en iyi tan\u0131yanlardan biri olarak biliniyor.<\/p>\n<p>Diril ailesi, 2010\u2019dan itibaren \u00f6nce yazlar\u0131 k\u00f6y\u00fcne gitmeye ve \u00e7ad\u0131rda kalarak vakit ge\u00e7irmeye, 2013\u2019ten itibaren de yerle bir olan evlerinin yerine yenisini yapmaya ba\u015flam\u0131\u015f. Ev bitince hayvan da alarak k\u00f6ye yerle\u015fen \u015eimuni ve H\u00fcrm\u00fcz Diril \u00e7iftinin o\u011fullar\u0131ndan Remzi Diril, anne ve babas\u0131n\u0131n topraklar\u0131n\u0131, k\u00f6y\u00fcn\u00fc \u00e7ok sevdi\u011fini ve tatillerde bile gitti\u011finde a\u011fa\u00e7lar dikti\u011fini hat\u0131rl\u0131yor. \u201cBabam ceviz a\u011fa\u00e7lar\u0131n\u0131 \u00e7ok seviyordu, annem de \u00fcz\u00fcm ba\u011flar\u0131 ve \u015feftali a\u011fa\u00e7lar\u0131na d\u00fc\u015fk\u00fcnd\u00fc\u201d diye anlat\u0131yor.<\/p>\n<p>11 \u00e7ocu\u011fu ve 26 da torunu olan \u00e7ift, Keldani atalar\u0131n\u0131n da ya\u015fad\u0131\u011f\u0131 topraklarda, kendi kurduklar\u0131 g\u00fcne\u015f sistemi de sayesinde yaz k\u0131\u015f kalmaya ba\u015flam\u0131\u015f. \u00c7ocuklar\u0131 en son 7 Ocak 2020\u2019de onlarla konu\u015fmu\u015f, Ondan sonras\u0131 ise tam bir muamma. \u201cBir iki g\u00fcn ula\u015famay\u0131nca 12 Ocak\u2019ta k\u00f6ye gittik\u201d diye anlat\u0131yor Remzi Diril. Gittiklerinde evlerinin kap\u0131s\u0131 kapal\u0131ym\u0131\u015f ve anne ve babas\u0131ndan tek iz bulamam\u0131\u015flar.<\/p>\n<p>Akrabalar\u0131 ve de kom\u015fular\u0131 da olan ve aralar\u0131nda eskiden kalma bir husumette de bulunan, \u015eimuni Diril\u2019i \u00f6ld\u00fcrmekle su\u00e7lananlardan Apro D., Diril \u00e7iftinin evlatlar\u0131 k\u00f6ye ilk gitti\u011finde onlara anne ve babalar\u0131n\u0131 PKK\u2019n\u0131n ka\u00e7\u0131rd\u0131\u011f\u0131n\u0131 s\u00f6ylemi\u015f. B\u00f6lgede o tarihte s\u00fcren askeri operasyona ve kara ra\u011fmen PKK\u2019l\u0131lar\u0131n nas\u0131l ve neden ka\u00e7\u0131rm\u0131\u015f olabilece\u011fine anlam veremese de aile arama \u00e7al\u0131\u015fmalar\u0131na ba\u015flam\u0131\u015f. Karda\u00a0k\u00f6ye do\u011fru geli\u015f izleri bulan Diril ailesi, gidi\u015f y\u00f6n\u00fcnde ayak ve hayvan izi g\u00f6rememi\u015f. Remzi Diril, \u201cEtraftaki ma\u011faralara da bakt\u0131k. Annemin elbiselerini bulduk. Bir de s\u00fcr\u00fcklenerek g\u00f6t\u00fcr\u00fcld\u00fc\u011f\u00fcn\u00fc tahmin etti\u011fimiz eski battaniyeyi\u201d diye hat\u0131rl\u0131yor.<\/p>\n<figure class=\"wp-block-image\"><img decoding=\"async\" src=\"https:\/\/i0.wp.com\/static.dw.com\/image\/61513592_900.jpg?ssl=1\" alt=\"Remzi Diril: Babam ceviz a\u011fa\u00e7lar\u0131n\u0131 \u00e7ok seviyordu, annem de \u00fcz\u00fcm ba\u011flar\u0131 ve \u015feftali a\u011fa\u00e7lar\u0131na d\u00fc\u015fk\u00fcnd\u00fc.\" data-recalc-dims=\"1\" \/><figcaption><em>Remzi Diril: Babam ceviz a\u011fa\u00e7lar\u0131n\u0131 \u00e7ok seviyordu, annem de \u00fcz\u00fcm ba\u011flar\u0131 ve \u015feftali a\u011fa\u00e7lar\u0131na d\u00fc\u015fk\u00fcnd\u00fc.\u00a0<small>Foto\u011fraf: Privat<\/small><\/em><\/figcaption><\/figure>\n<p>B\u00fct\u00fcn taleplerine ra\u011fmen olay yeri incelemesi d\u0131\u015f\u0131nda arama \u00e7al\u0131\u015fmalar\u0131 yap\u0131lmam\u0131\u015f. \u201c1-8 Ocak aras\u0131 o b\u00f6lgede askeri operasyon vard\u0131, AFAD ekipleri de bekliyordu, dalg\u0131\u00e7lar da, ama bir sene \u00f6nce kolu k\u0131r\u0131lan annem i\u00e7in b\u00f6lgeye helikopter g\u00f6nderilirken, g\u00fcnlerce onlardan haber alamad\u0131\u011f\u0131m\u0131z d\u00f6nemde\u00a0hava \u015fartlar\u0131 bahane g\u00f6sterilerek arama \u00e7al\u0131\u015fmalar\u0131 yap\u0131lmad\u0131\u201d diyor Remzi Diril.<\/p>\n<p>\u00c7iftin kaybolmas\u0131ndan tam 70 g\u00fcn sonra, kar\u0131n yava\u015f yava\u015f eridi\u011fi g\u00fcne\u015fli bir Mart g\u00fcn\u00fc a\u011fabeyinin, babas\u0131ndan yadigar kalan ke\u00e7ileri ah\u0131rdan \u00e7\u0131kard\u0131\u011f\u0131n\u0131 ve uzaktaki bir iki ma\u011faraya da bakmak, anne ve babas\u0131n\u0131n izini bulmak umuduyla yola \u00e7\u0131kt\u0131\u011f\u0131n\u0131 aktar\u0131yor. \u201cKe\u00e7iler a\u011fabeyimin s\u00fcrd\u00fc\u011f\u00fc yere de\u011fil, Hezil \u00c7ay\u0131 kenar\u0131na y\u00f6nelince a\u011fabeyim de pe\u015flerinden gitmi\u015f. K\u00f6pek suyun kenar\u0131ndaki bir ta\u015f\u0131n arkas\u0131nda havlamaya ba\u015flay\u0131nca a\u011fabeyim de gitmi\u015f bakm\u0131\u015f. Yakla\u015ft\u0131\u011f\u0131nda bunun \u00e7\u0131plak ve cans\u0131z bir beden oldu\u011funu, dikkatli bak\u0131nca da annemiz oldu\u011fu g\u00f6rm\u00fc\u015f\u201d diye ya\u015fad\u0131klar\u0131n\u0131 hat\u0131rl\u0131yor.<\/p>\n<h2>Otopsi i\u015fkence edilerek \u00f6ld\u00fcr\u00fcld\u00fc\u011f\u00fcn\u00fc ortaya koyuyor<\/h2>\n<p>\u015eimuni Diril\u2019in iddianamede de yer verilen otopsi raporu 65 ya\u015f\u0131ndaki 11 \u00e7ocuk annesinin a\u011f\u0131r i\u015fkence sonucu \u00f6ld\u00fcr\u00fcld\u00fc\u011f\u00fcn\u00fc ortaya koyuyor. Raporda, \u015eimuni Diril\u2019in ba\u015f\u0131ndan aya\u011f\u0131na kadar \u00e7ok say\u0131da k\u0131r\u0131klar, travmalar oldu\u011funu, i\u00e7 organlar\u0131n\u0131n a\u011f\u0131r hasar g\u00f6rd\u00fc\u011f\u00fc, baz\u0131 uzuvlar\u0131n\u0131n noksan oldu\u011fu belirtiliyor ve \u201cmaktul\u00fcn \u00f6lene kadar ve \u00f6lmeye sebep verecek kadar darp edilerek \u00f6ld\u00fcr\u00fcld\u00fc\u011f\u00fc\u201d belirtiliyor.<\/p>\n<p>Keldani rahibi de olan o\u011flu Remzi Diril, \u201c\u00d6l\u00fcm, normal bir \u00f6l\u00fcm ba\u015f tac\u0131d\u0131r, herkes kabul eder ama b\u00f6yle zalim bir hisle, zalim duygularla i\u015flenmi\u015f bir \u00f6l\u00fcm\u2026 Bunu o ya\u015fta bir kad\u0131na ancak korkak, a\u015fa\u011f\u0131l\u0131k, kendini bilmez bir insan yapm\u0131\u015f olmal\u0131\u201d diye tepkisini dile getiriyor.<\/p>\n<figure class=\"wp-block-image\"><img decoding=\"async\" src=\"https:\/\/i0.wp.com\/static.dw.com\/image\/61513548_900.jpg?ssl=1\" alt=\"\u015eimuni Diril'in otopsi raporu a\u011f\u0131r i\u015fkenceyle \u00f6ld\u00fcr\u00fcld\u00fc\u011f\u00fcn\u00fc ortaya koyuyor.\" data-recalc-dims=\"1\" \/><figcaption><em>\u015eimuni Diril\u2019in otopsi raporu a\u011f\u0131r i\u015fkenceyle \u00f6ld\u00fcr\u00fcld\u00fc\u011f\u00fcn\u00fc ortaya koyuyor.<small>Foto\u011fraf: Privat<\/small><\/em><\/figcaption><\/figure>\n<p>\u015eimuni Diril\u2019i \u00f6ld\u00fcrmekle su\u00e7lanan \u00fc\u00e7 ki\u015fi hakk\u0131nda savc\u0131l\u0131\u011f\u0131n haz\u0131rlad\u0131\u011f\u0131 rapordaki iddialar da o y\u00f6nde. Savc\u0131, Apro D., Beh\u00e7et \u00d6. ve \u0130smail Y. isimli \u00fc\u00e7 zanl\u0131ya \u201ccanavarca hisle veya eziyet \u00e7ektirerek \u00f6ld\u00fcrme ve tasarlayarak \u00f6ld\u00fcrme\u201d su\u00e7lamalar\u0131n\u0131 y\u00f6neltiyor. Zanl\u0131lardan Apro D. \u00fc\u00e7 kez tutuklanm\u0131\u015f, \u00fc\u00e7 kez de serbest b\u0131rak\u0131lm\u0131\u015f, bu da olaya dair pek \u00e7ok spek\u00fclasyona neden olmu\u015ftu. Apro D.\u2019nin arkada\u015flar\u0131 da olan di\u011fer iki san\u0131k ise hi\u00e7 g\u00f6zalt\u0131na al\u0131nmam\u0131\u015f, bu da tart\u0131\u015fmalar\u0131 daha da alevlendirmi\u015fti. Ailenin avukatlar\u0131ndan Nimet Kuzu, bu kadar a\u011f\u0131r \u015f\u00fcphe alt\u0131nda olan, farkl\u0131 ve \u00e7eli\u015fkili ifade verdikleri savc\u0131l\u0131k taraf\u0131ndan bile onaylanan \u015f\u00fcphelilerin serbest dola\u015fmas\u0131n\u0131n normal olmad\u0131\u011f\u0131n\u0131 s\u00f6yl\u00fcyor. \u201cDefalarca yanl\u0131\u015f, farkl\u0131 ve \u00e7eli\u015fkili ifade veren Apro D.\u2019nin serbest b\u0131rak\u0131lm\u0131\u015f ve kay\u0131p olay\u0131n\u0131n da tek tan\u0131\u011f\u0131 olarak yalan bilgi vermesi bile asl\u0131nda onun tutuklu yarg\u0131lanmas\u0131na yetiyordu\u201d diye ekliyor ve bug\u00fcn nihayet yeniden tutuklanmas\u0131n\u0131n do\u011fru oldu\u011funu s\u00f6yl\u00fcyor.<\/p>\n<h2>PKK, aileler aras\u0131 husumet, toprak ve hazine spek\u00fclasyonlar\u0131<\/h2>\n<p>\u015eimuni Diril\u2019i \u00f6ld\u00fcrmekle yarg\u0131lanan Apro D., ayn\u0131 zamanda akrabalar\u0131 ve kom\u015fular\u0131. \u00c7ift kayboldu\u011funda ailesine haber vermemekle kalmay\u0131p, k\u00f6ye gelen ailesine ve akrabalar\u0131na da \u201cPKK taraf\u0131ndan ka\u00e7\u0131r\u0131ld\u0131lar\u201d diye yalan s\u00f6yl\u00fcyor. Savc\u0131n\u0131n dosyaya giren raporunda, \u201cO an korktum, \u00f6yle dedim\u201d diye s\u00f6ylediklerinin yalan oldu\u011funu itiraf etti\u011fi de belirtiliyor. Ancak savc\u0131n\u0131n g\u00f6z\u00fcnde \u015f\u00fcphe uyand\u0131ran tek davran\u0131\u015f\u0131 o da de\u011fil. Apro D.\u2019nin telefonlar\u0131nda yap\u0131lan incelemelerde de yazd\u0131\u011f\u0131 mesajlar\u0131n olas\u0131 bir soru\u015fturmay\u0131 etkileme niyetiyle yap\u0131lm\u0131\u015f, ger\u00e7e\u011fi yans\u0131tmayan yaz\u0131\u015fmalar oldu\u011fu notu d\u00fc\u015f\u00fcl\u00fcyor. \u0130ddianamede, savc\u0131 Apro D.\u2019nin, Diril \u00e7iftinin o\u011flunu kastederek, \u201cRemzi (Diril) Apoculara (BTO-B\u00f6l\u00fcc\u00fc Ter\u00f6r \u00d6rg\u00fct\u00fc) yapt\u0131rm\u0131\u015f, para yedirmi\u015f, babas\u0131n\u0131 \u00f6ld\u00fcrtm\u00fc\u015f\u201d \u015feklinde telefon g\u00f6r\u00fc\u015fmeleri yapt\u0131\u011f\u0131 ancak soru\u015fturma s\u0131ras\u0131nda buna dair hi\u00e7bir beyanda bulunmad\u0131\u011f\u0131 gibi, bu konu\u015fmay\u0131 da cep telefonunun dinlendi\u011finden yola \u00e7\u0131k\u0131p soru\u015fturmay\u0131 etkilemek amac\u0131yla \u201csu\u00e7lu pi\u015fkinli\u011fiyle\u201d yapt\u0131\u011f\u0131 rapor ediliyor. \u0130ddianamede ayr\u0131ca, Apro D. ve di\u011fer zanl\u0131lar olan Beh\u00e7et \u00d6. ile \u0130smail Y. aras\u0131ndaki telefon kay\u0131tlar\u0131ndan baz\u0131lar\u0131nda da \u201csu\u00e7 i\u015ftiraki g\u00f6sterir \u015fekilde konu\u015fmalar\u0131n tespit edildi\u011fine\u201d dikkat \u00e7ekiliyor. HTS kay\u0131tlar\u0131ndan da zanl\u0131lar\u0131n olay\u0131n meydana geldi\u011fi d\u00f6nemde \u00e7ok\u00e7a g\u00f6r\u00fc\u015ft\u00fcklerinin anla\u015f\u0131ld\u0131\u011f\u0131 belirtiliyor.<\/p>\n<h2>Sadece i\u015fkence de\u011fil, s\u0131rt\u0131ndan ate\u015f de edilmi\u015f<\/h2>\n<p>\u0130ddianameyi haz\u0131rlayan savc\u0131, \u201c\u015eimuni Diril\u2019in s\u0131rt\u0131na bir el ate\u015f ettikleri, kafatas\u0131 ve iskeletinde k\u0131r\u0131klar olu\u015facak, i\u00e7 organlar\u0131nda harabiyete neden olacak \u015fekilde eziyet \u00e7ektirilerek \u00f6lene kadar darp ettikleri, daha sonra da cesedini k\u00f6y\u00fcnden ge\u00e7en dereye att\u0131klar\u0131na\u201d kanaat getiriyor. \u015e\u00fcphelilerin eylemlerinin ani bir k\u0131zg\u0131nl\u0131kla i\u015flenmedi\u011fi, gerekli alet ve te\u00e7hizat temin edildikten sonra, kay\u0131p \u015fahs\u0131n (H\u00fcrm\u00fcz Diril) buldu\u011fu s\u00f6ylenen defineye ula\u015fabilmek amac\u0131yla d\u00fc\u015fmanca duygularla tasarlanarak i\u015flendi\u011finin anla\u015f\u0131ld\u0131\u011f\u0131 da vurgulan\u0131yor.<\/p>\n<p>\u0130ddianamede, Diril \u00e7iftinin hazine buldu\u011fu iddias\u0131yla ka\u00e7\u0131r\u0131ld\u0131\u011f\u0131 ve \u015eimuni Diril\u2019in \u00f6ld\u00fcr\u00fcld\u00fc\u011f\u00fc ve H\u00fcrm\u00fcz Diril\u2019den h\u00e2l\u00e2 haber al\u0131namad\u0131\u011f\u0131 belirtilirken, ger\u00e7ekten bir hazine bulunup bulunmad\u0131\u011f\u0131na dair bilgiyse yer alm\u0131yor. \u00c7iftin o\u011flu Remzi Diril, \u201cE\u011fer ger\u00e7ekten b\u00f6yle bir yalana inan\u0131p bunu yapt\u0131larsa Allah affetmesin\u201d diye konu\u015fuyor. Ve \u201cBir topra\u011f\u0131n en b\u00fcy\u00fck hazinesi i\u015flenmesi ve ondan faydalan\u0131lmas\u0131d\u0131r\u201d diye devam edip, \u201cBizim topraklar\u0131m\u0131z\u0131n en b\u00fcy\u00fck hazinesi de lezzetli bal\u0131d\u0131r\u201d diye aktar\u0131yor.<\/p>\n<p>\u0130ki y\u0131ld\u0131r b\u00fct\u00fcn karde\u015fleriyle birlikte derin bir \u00fcz\u00fcnt\u00fc i\u00e7inde ya\u015fad\u0131klar\u0131n\u0131 da hat\u0131rlatan Remzi Diril, \u201cAc\u0131m\u0131za ra\u011fmen sab\u0131r ve umutla hayat\u0131m\u0131za devam ediyor ve adalet talep ediyoruz. Eskiden biri \u00f6ld\u00fc\u011f\u00fcnde \u00e7ok can\u0131m yanard\u0131, \u015fimdi bir olay oldu\u011funda bak\u0131yorum ki benim ac\u0131m\u0131n \u00fcst\u00fcnde bir ac\u0131 yok\u201d diye konu\u015fuyor ve \u201cAdalet bekliyoruz\u201d diye de tekrarl\u0131yor. \u201cAd\u0131nda da adalet ge\u00e7en bir iktidardan, devletimizden bizi sahiplenmesini istiyoruz ki sahiplenme de adaletle olur. Biz bu topraklar\u0131n \u00f6z evlatlar\u0131y\u0131z, \u00fcvey \u00e7ocuklar\u0131 de\u011filiz\u201d diye devam ediyor.<\/p>\n<h2>Keldaniler kimdir?<\/h2>\n<p>\u201cT\u00fcrkiyeli Asuri Keldaniler ve 20\u2019nci Y\u00fczy\u0131l\u0131n Son \u00c7eyre\u011finde Fransa\u2019ya G\u00f6\u00e7\u00fc\u201d adl\u0131 doktora \u00e7al\u0131\u015fmas\u0131yla tan\u0131nan ara\u015ft\u0131rmac\u0131 teolog Bu\u011fra Poyraz\u2019a g\u00f6re, \u015eimuni ve H\u00fcrm\u00fcz Diril\u2019in ba\u015f\u0131na gelenler, \u00f6zellikle topraklar\u0131n\u0131 80\u2019li ve 90\u2019li y\u0131llarda terk ederek Avrupa\u2019ya yerle\u015fen on binlerce Keldani aras\u0131nda var olan tarihsel korkular\u0131n\u0131 yeniden depre\u015ftirdi. Doktora \u00e7al\u0131\u015fmas\u0131 i\u00e7in Fransa\u2019ya yerle\u015fen Keldanilerin s\u0131\u011f\u0131nmac\u0131 ba\u015fvuru beyanlar\u0131n\u0131 da inceleyen Poyraz, orada pek \u00e7ok Keldaninin sebepsiz yere \u00f6ld\u00fcr\u00fcld\u00fcklerini anlatt\u0131klar\u0131n\u0131 ve devletin de bunlar\u0131 engellemeyerek veya kay\u0131ts\u0131z kalarak bunu bir politika haline getirdi\u011fi izlenimini ta\u015f\u0131d\u0131klar\u0131n\u0131 g\u00f6rd\u00fc\u011f\u00fcn\u00fc aktar\u0131yor. Poyraz\u2019a g\u00f6re bug\u00fcn T\u00fcrkiye\u2019nin kendi Keldanilerinin say\u0131s\u0131 250 ila en fazla 800.<\/p>\n<p>Uluslararas\u0131 ara\u015ft\u0131rmac\u0131lar\u0131n \u00e7o\u011funlu\u011fu Keldanilerin 1915\u2019te y\u00fczde 80-85\u2019inin katledildi\u011fini savunuyor ve bunu say\u0131yla da 250 bin olarak veriyor. 80\u2019li ve 90\u2019l\u0131 y\u0131llarda Keldanilerin yerle\u015fim birimleri olan Hakkari, Siirt, Mardin ve \u015e\u0131rnak ba\u015fta olmak \u00fczere pek \u00e7ok b\u00f6lgedeki \u015fiddetin, k\u00f6ylerin bo\u015falt\u0131lmas\u0131n\u0131n, faili me\u00e7hullerin ve korucula\u015ft\u0131rman\u0131n da, i\u00e7ine kapan\u0131k ya\u015fayarak y\u00fczy\u0131llard\u0131r varl\u0131\u011f\u0131n\u0131 korumaya \u00e7al\u0131\u015fan Keldaniler aras\u0131nda b\u00fcy\u00fck tedirginlik yaratt\u0131\u011f\u0131 ve\u00a0g\u00f6\u00e7 etmelerine neden oldu\u011fu belirtiliyor.<\/p>\n<p>Mezopotamya\u2019n\u0131n en eski halklar\u0131ndan olan ve Katolikli\u011fi kabul ettikleri 16\u2019nci y\u00fczy\u0131ldan itibaren de Keldani ad\u0131n\u0131 alan, 18\u2019nci y\u00fczy\u0131lda da kendi kiliselerini kuran Asuri halk\u0131na ait bir topluluk olan Keldaniler Do\u011fu Aramicesi denilen dili konu\u015fuyor.<\/p>\n<p><em><strong><a href=\"https:\/\/www.dw.com\/tr\/diril-davas%C4%B1-ba%C5%9Flad%C4%B1-yaram%C4%B1z%C4%B1-iyile%C5%9Ftirecek-hi%C3%A7bir-%C5%9Fey-yok\/a-61514004\">https:\/\/www.dw.com\/tr\/diril-davas%C4%B1-ba%C5%9Flad%C4%B1-yaram%C4%B1z%C4%B1-iyile%C5%9Ftirecek-hi%C3%A7bir-%C5%9Fey-yok\/a-61514004<\/a>\u00a0<\/strong><\/em><\/p>\n","protected":false},"excerpt":{"rendered":"<p>Elmas Topcu \u015eimuni-H\u00fcrm\u00fcz Diril \u00e7ifti 11 Ocak 2020\u2019de kaybolmu\u015f, 70 g\u00fcn sonra \u015eimuni Diril\u2019in i\u015fkence edilerek \u00f6ld\u00fcr\u00fclm\u00fc\u015f bedeni bulunmu\u015ftu. \u015e\u0131rnak\u2019ta ba\u015flayan davada zanl\u0131 Apro D. tutukland\u0131. H\u00fcrm\u00fcz Diril\u2019in ak\u0131beti h\u00e2l\u00e2 belirsiz. \u015eimuni Diril\u2019i \u201ccanavarca hisle ve eziyet \u00e7ektirerek \u00f6ld\u00fcrme, tasarlayarak \u00f6ld\u00fcrme\u201d su\u00e7lamas\u0131yla a\u00e7\u0131lan davan\u0131n ilk duru\u015fmas\u0131 bug\u00fcn \u015e\u0131rnak 1. A\u011f\u0131r Ceza Mahkemesi\u2019nde g\u00f6r\u00fcld\u00fc. \u015e\u0131rnak Barosu [&hellip;]<\/p>\n","protected":false},"author":7,"featured_media":68107,"comment_status":"open","ping_status":"open","sticky":false,"template":"","format":"standard","meta":{"footnotes":""},"categories":[1,53],"tags":[],"class_list":["post-68106","post","type-post","status-publish","format-standard","has-post-thumbnail","hentry","category-haberler","category-turkiyede-azinliklar"],"yoast_head":"<!-- This site is optimized with the Yoast SEO plugin v27.4 - https:\/\/yoast.com\/product\/yoast-seo-wordpress\/ -->\n<title>Diril davas\u0131: Apro D. tutukland\u0131 - Bati Ermenistan Ve Bati Ermenileri Sorunlari Ara\u015ftirmalar Merkezi<\/title>\n<meta name=\"robots\" content=\"index, follow, max-snippet:-1, max-image-preview:large, max-video-preview:-1\" \/>\n<link rel=\"canonical\" href=\"https:\/\/akunq.net\/tr\/?p=68106\" \/>\n<meta property=\"og:locale\" content=\"en_US\" \/>\n<meta property=\"og:type\" content=\"article\" \/>\n<meta property=\"og:title\" content=\"Diril davas\u0131: Apro D. tutukland\u0131 - Bati Ermenistan Ve Bati Ermenileri Sorunlari Ara\u015ftirmalar Merkezi\" \/>\n<meta property=\"og:description\" content=\"Elmas Topcu \u015eimuni-H\u00fcrm\u00fcz Diril \u00e7ifti 11 Ocak 2020\u2019de kaybolmu\u015f, 70 g\u00fcn sonra \u015eimuni Diril\u2019in i\u015fkence edilerek \u00f6ld\u00fcr\u00fclm\u00fc\u015f bedeni bulunmu\u015ftu. \u015e\u0131rnak\u2019ta ba\u015flayan davada zanl\u0131 Apro D. tutukland\u0131. H\u00fcrm\u00fcz Diril\u2019in ak\u0131beti h\u00e2l\u00e2 belirsiz. \u015eimuni Diril\u2019i \u201ccanavarca hisle ve eziyet \u00e7ektirerek \u00f6ld\u00fcrme, tasarlayarak \u00f6ld\u00fcrme\u201d su\u00e7lamas\u0131yla a\u00e7\u0131lan davan\u0131n ilk duru\u015fmas\u0131 bug\u00fcn \u015e\u0131rnak 1. A\u011f\u0131r Ceza Mahkemesi\u2019nde g\u00f6r\u00fcld\u00fc. \u015e\u0131rnak Barosu [&hellip;]\" \/>\n<meta property=\"og:url\" content=\"https:\/\/akunq.net\/tr\/?p=68106\" \/>\n<meta property=\"og:site_name\" content=\"Bati Ermenistan Ve Bati Ermenileri Sorunlari Ara\u015ftirmalar Merkezi\" \/>\n<meta property=\"article:published_time\" content=\"2022-04-20T10:31:14+00:00\" \/>\n<meta property=\"og:image\" content=\"https:\/\/akunq.net\/tr\/wp-content\/uploads\/sites\/6\/2022\/04\/Diril-davas\u0131.jpg\" \/>\n\t<meta property=\"og:image:width\" content=\"1600\" \/>\n\t<meta property=\"og:image:height\" content=\"700\" \/>\n\t<meta property=\"og:image:type\" content=\"image\/jpeg\" \/>\n<meta name=\"author\" content=\"admin\" \/>\n<meta name=\"twitter:card\" content=\"summary_large_image\" \/>\n<meta name=\"twitter:label1\" content=\"Written by\" \/>\n\t<meta name=\"twitter:data1\" content=\"admin\" \/>\n\t<meta name=\"twitter:label2\" content=\"Est. reading time\" \/>\n\t<meta name=\"twitter:data2\" content=\"10 minutes\" \/>\n<script type=\"application\/ld+json\" class=\"yoast-schema-graph\">{\"@context\":\"https:\\\/\\\/schema.org\",\"@graph\":[{\"@type\":\"Article\",\"@id\":\"https:\\\/\\\/akunq.net\\\/tr\\\/?p=68106#article\",\"isPartOf\":{\"@id\":\"https:\\\/\\\/akunq.net\\\/tr\\\/?p=68106\"},\"author\":{\"name\":\"admin\",\"@id\":\"https:\\\/\\\/akunq.net\\\/tr\\\/#\\\/schema\\\/person\\\/096f1d38a12cce57fb855b485ed24c9e\"},\"headline\":\"Diril davas\u0131: Apro D. tutukland\u0131\",\"datePublished\":\"2022-04-20T10:31:14+00:00\",\"mainEntityOfPage\":{\"@id\":\"https:\\\/\\\/akunq.net\\\/tr\\\/?p=68106\"},\"wordCount\":2047,\"commentCount\":0,\"image\":{\"@id\":\"https:\\\/\\\/akunq.net\\\/tr\\\/?p=68106#primaryimage\"},\"thumbnailUrl\":\"https:\\\/\\\/akunq.net\\\/tr\\\/wp-content\\\/uploads\\\/sites\\\/6\\\/2022\\\/04\\\/Diril-davas\u0131.jpg\",\"articleSection\":[\"Haberler\",\"T\u00fcrkiye\u2019de Az\u0131nl\u0131klar\"],\"inLanguage\":\"en-US\",\"potentialAction\":[{\"@type\":\"CommentAction\",\"name\":\"Comment\",\"target\":[\"https:\\\/\\\/akunq.net\\\/tr\\\/?p=68106#respond\"]}]},{\"@type\":\"WebPage\",\"@id\":\"https:\\\/\\\/akunq.net\\\/tr\\\/?p=68106\",\"url\":\"https:\\\/\\\/akunq.net\\\/tr\\\/?p=68106\",\"name\":\"Diril davas\u0131: Apro D. tutukland\u0131 - Bati Ermenistan Ve Bati Ermenileri Sorunlari Ara\u015ftirmalar Merkezi\",\"isPartOf\":{\"@id\":\"https:\\\/\\\/akunq.net\\\/tr\\\/#website\"},\"primaryImageOfPage\":{\"@id\":\"https:\\\/\\\/akunq.net\\\/tr\\\/?p=68106#primaryimage\"},\"image\":{\"@id\":\"https:\\\/\\\/akunq.net\\\/tr\\\/?p=68106#primaryimage\"},\"thumbnailUrl\":\"https:\\\/\\\/akunq.net\\\/tr\\\/wp-content\\\/uploads\\\/sites\\\/6\\\/2022\\\/04\\\/Diril-davas\u0131.jpg\",\"datePublished\":\"2022-04-20T10:31:14+00:00\",\"author\":{\"@id\":\"https:\\\/\\\/akunq.net\\\/tr\\\/#\\\/schema\\\/person\\\/096f1d38a12cce57fb855b485ed24c9e\"},\"breadcrumb\":{\"@id\":\"https:\\\/\\\/akunq.net\\\/tr\\\/?p=68106#breadcrumb\"},\"inLanguage\":\"en-US\",\"potentialAction\":[{\"@type\":\"ReadAction\",\"target\":[\"https:\\\/\\\/akunq.net\\\/tr\\\/?p=68106\"]}]},{\"@type\":\"ImageObject\",\"inLanguage\":\"en-US\",\"@id\":\"https:\\\/\\\/akunq.net\\\/tr\\\/?p=68106#primaryimage\",\"url\":\"https:\\\/\\\/akunq.net\\\/tr\\\/wp-content\\\/uploads\\\/sites\\\/6\\\/2022\\\/04\\\/Diril-davas\u0131.jpg\",\"contentUrl\":\"https:\\\/\\\/akunq.net\\\/tr\\\/wp-content\\\/uploads\\\/sites\\\/6\\\/2022\\\/04\\\/Diril-davas\u0131.jpg\",\"width\":1600,\"height\":700},{\"@type\":\"BreadcrumbList\",\"@id\":\"https:\\\/\\\/akunq.net\\\/tr\\\/?p=68106#breadcrumb\",\"itemListElement\":[{\"@type\":\"ListItem\",\"position\":1,\"name\":\"Home\",\"item\":\"https:\\\/\\\/akunq.net\\\/tr\"},{\"@type\":\"ListItem\",\"position\":2,\"name\":\"Diril davas\u0131: Apro D. tutukland\u0131\"}]},{\"@type\":\"WebSite\",\"@id\":\"https:\\\/\\\/akunq.net\\\/tr\\\/#website\",\"url\":\"https:\\\/\\\/akunq.net\\\/tr\\\/\",\"name\":\"Bati Ermenistan Ve Bati Ermenileri Sorunlari Ara\u015ftirmalar Merkezi\",\"description\":\"\",\"potentialAction\":[{\"@type\":\"SearchAction\",\"target\":{\"@type\":\"EntryPoint\",\"urlTemplate\":\"https:\\\/\\\/akunq.net\\\/tr\\\/?s={search_term_string}\"},\"query-input\":{\"@type\":\"PropertyValueSpecification\",\"valueRequired\":true,\"valueName\":\"search_term_string\"}}],\"inLanguage\":\"en-US\"},{\"@type\":\"Person\",\"@id\":\"https:\\\/\\\/akunq.net\\\/tr\\\/#\\\/schema\\\/person\\\/096f1d38a12cce57fb855b485ed24c9e\",\"name\":\"admin\",\"url\":\"https:\\\/\\\/akunq.net\\\/tr\\\/?author=7\"}]}<\/script>\n<!-- \/ Yoast SEO plugin. -->","yoast_head_json":{"title":"Diril davas\u0131: Apro D. tutukland\u0131 - Bati Ermenistan Ve Bati Ermenileri Sorunlari Ara\u015ftirmalar Merkezi","robots":{"index":"index","follow":"follow","max-snippet":"max-snippet:-1","max-image-preview":"max-image-preview:large","max-video-preview":"max-video-preview:-1"},"canonical":"https:\/\/akunq.net\/tr\/?p=68106","og_locale":"en_US","og_type":"article","og_title":"Diril davas\u0131: Apro D. tutukland\u0131 - Bati Ermenistan Ve Bati Ermenileri Sorunlari Ara\u015ftirmalar Merkezi","og_description":"Elmas Topcu \u015eimuni-H\u00fcrm\u00fcz Diril \u00e7ifti 11 Ocak 2020\u2019de kaybolmu\u015f, 70 g\u00fcn sonra \u015eimuni Diril\u2019in i\u015fkence edilerek \u00f6ld\u00fcr\u00fclm\u00fc\u015f bedeni bulunmu\u015ftu. \u015e\u0131rnak\u2019ta ba\u015flayan davada zanl\u0131 Apro D. tutukland\u0131. H\u00fcrm\u00fcz Diril\u2019in ak\u0131beti h\u00e2l\u00e2 belirsiz. \u015eimuni Diril\u2019i \u201ccanavarca hisle ve eziyet \u00e7ektirerek \u00f6ld\u00fcrme, tasarlayarak \u00f6ld\u00fcrme\u201d su\u00e7lamas\u0131yla a\u00e7\u0131lan davan\u0131n ilk duru\u015fmas\u0131 bug\u00fcn \u015e\u0131rnak 1. A\u011f\u0131r Ceza Mahkemesi\u2019nde g\u00f6r\u00fcld\u00fc. \u015e\u0131rnak Barosu [&hellip;]","og_url":"https:\/\/akunq.net\/tr\/?p=68106","og_site_name":"Bati Ermenistan Ve Bati Ermenileri Sorunlari Ara\u015ftirmalar Merkezi","article_published_time":"2022-04-20T10:31:14+00:00","og_image":[{"width":1600,"height":700,"url":"https:\/\/akunq.net\/tr\/wp-content\/uploads\/sites\/6\/2022\/04\/Diril-davas\u0131.jpg","type":"image\/jpeg"}],"author":"admin","twitter_card":"summary_large_image","twitter_misc":{"Written by":"admin","Est. reading time":"10 minutes"},"schema":{"@context":"https:\/\/schema.org","@graph":[{"@type":"Article","@id":"https:\/\/akunq.net\/tr\/?p=68106#article","isPartOf":{"@id":"https:\/\/akunq.net\/tr\/?p=68106"},"author":{"name":"admin","@id":"https:\/\/akunq.net\/tr\/#\/schema\/person\/096f1d38a12cce57fb855b485ed24c9e"},"headline":"Diril davas\u0131: Apro D. tutukland\u0131","datePublished":"2022-04-20T10:31:14+00:00","mainEntityOfPage":{"@id":"https:\/\/akunq.net\/tr\/?p=68106"},"wordCount":2047,"commentCount":0,"image":{"@id":"https:\/\/akunq.net\/tr\/?p=68106#primaryimage"},"thumbnailUrl":"https:\/\/akunq.net\/tr\/wp-content\/uploads\/sites\/6\/2022\/04\/Diril-davas\u0131.jpg","articleSection":["Haberler","T\u00fcrkiye\u2019de Az\u0131nl\u0131klar"],"inLanguage":"en-US","potentialAction":[{"@type":"CommentAction","name":"Comment","target":["https:\/\/akunq.net\/tr\/?p=68106#respond"]}]},{"@type":"WebPage","@id":"https:\/\/akunq.net\/tr\/?p=68106","url":"https:\/\/akunq.net\/tr\/?p=68106","name":"Diril davas\u0131: Apro D. tutukland\u0131 - Bati Ermenistan Ve Bati Ermenileri Sorunlari Ara\u015ftirmalar Merkezi","isPartOf":{"@id":"https:\/\/akunq.net\/tr\/#website"},"primaryImageOfPage":{"@id":"https:\/\/akunq.net\/tr\/?p=68106#primaryimage"},"image":{"@id":"https:\/\/akunq.net\/tr\/?p=68106#primaryimage"},"thumbnailUrl":"https:\/\/akunq.net\/tr\/wp-content\/uploads\/sites\/6\/2022\/04\/Diril-davas\u0131.jpg","datePublished":"2022-04-20T10:31:14+00:00","author":{"@id":"https:\/\/akunq.net\/tr\/#\/schema\/person\/096f1d38a12cce57fb855b485ed24c9e"},"breadcrumb":{"@id":"https:\/\/akunq.net\/tr\/?p=68106#breadcrumb"},"inLanguage":"en-US","potentialAction":[{"@type":"ReadAction","target":["https:\/\/akunq.net\/tr\/?p=68106"]}]},{"@type":"ImageObject","inLanguage":"en-US","@id":"https:\/\/akunq.net\/tr\/?p=68106#primaryimage","url":"https:\/\/akunq.net\/tr\/wp-content\/uploads\/sites\/6\/2022\/04\/Diril-davas\u0131.jpg","contentUrl":"https:\/\/akunq.net\/tr\/wp-content\/uploads\/sites\/6\/2022\/04\/Diril-davas\u0131.jpg","width":1600,"height":700},{"@type":"BreadcrumbList","@id":"https:\/\/akunq.net\/tr\/?p=68106#breadcrumb","itemListElement":[{"@type":"ListItem","position":1,"name":"Home","item":"https:\/\/akunq.net\/tr"},{"@type":"ListItem","position":2,"name":"Diril davas\u0131: Apro D. tutukland\u0131"}]},{"@type":"WebSite","@id":"https:\/\/akunq.net\/tr\/#website","url":"https:\/\/akunq.net\/tr\/","name":"Bati Ermenistan Ve Bati Ermenileri Sorunlari Ara\u015ftirmalar Merkezi","description":"","potentialAction":[{"@type":"SearchAction","target":{"@type":"EntryPoint","urlTemplate":"https:\/\/akunq.net\/tr\/?s={search_term_string}"},"query-input":{"@type":"PropertyValueSpecification","valueRequired":true,"valueName":"search_term_string"}}],"inLanguage":"en-US"},{"@type":"Person","@id":"https:\/\/akunq.net\/tr\/#\/schema\/person\/096f1d38a12cce57fb855b485ed24c9e","name":"admin","url":"https:\/\/akunq.net\/tr\/?author=7"}]}},"_links":{"self":[{"href":"https:\/\/akunq.net\/tr\/index.php?rest_route=\/wp\/v2\/posts\/68106","targetHints":{"allow":["GET"]}}],"collection":[{"href":"https:\/\/akunq.net\/tr\/index.php?rest_route=\/wp\/v2\/posts"}],"about":[{"href":"https:\/\/akunq.net\/tr\/index.php?rest_route=\/wp\/v2\/types\/post"}],"author":[{"embeddable":true,"href":"https:\/\/akunq.net\/tr\/index.php?rest_route=\/wp\/v2\/users\/7"}],"replies":[{"embeddable":true,"href":"https:\/\/akunq.net\/tr\/index.php?rest_route=%2Fwp%2Fv2%2Fcomments&post=68106"}],"version-history":[{"count":1,"href":"https:\/\/akunq.net\/tr\/index.php?rest_route=\/wp\/v2\/posts\/68106\/revisions"}],"predecessor-version":[{"id":68108,"href":"https:\/\/akunq.net\/tr\/index.php?rest_route=\/wp\/v2\/posts\/68106\/revisions\/68108"}],"wp:featuredmedia":[{"embeddable":true,"href":"https:\/\/akunq.net\/tr\/index.php?rest_route=\/wp\/v2\/media\/68107"}],"wp:attachment":[{"href":"https:\/\/akunq.net\/tr\/index.php?rest_route=%2Fwp%2Fv2%2Fmedia&parent=68106"}],"wp:term":[{"taxonomy":"category","embeddable":true,"href":"https:\/\/akunq.net\/tr\/index.php?rest_route=%2Fwp%2Fv2%2Fcategories&post=68106"},{"taxonomy":"post_tag","embeddable":true,"href":"https:\/\/akunq.net\/tr\/index.php?rest_route=%2Fwp%2Fv2%2Ftags&post=68106"}],"curies":[{"name":"wp","href":"https:\/\/api.w.org\/{rel}","templated":true}]}}