{"id":68090,"date":"2022-04-20T02:46:47","date_gmt":"2022-04-20T07:46:47","guid":{"rendered":"https:\/\/akunq.net\/tr\/?p=68090"},"modified":"2022-04-20T02:46:47","modified_gmt":"2022-04-20T07:46:47","slug":"zaven-biberyanin-tiyatro-elestirileri-hatirlaniyor","status":"publish","type":"post","link":"https:\/\/akunq.net\/tr\/?p=68090","title":{"rendered":"Zaven Biberyan&#8217;\u0131n tiyatro ele\u015ftirileri hat\u0131rlan\u0131yor"},"content":{"rendered":"<p><img loading=\"lazy\" decoding=\"async\" class=\"aligncenter size-medium wp-image-68091\" src=\"https:\/\/akunq.net\/tr\/wp-content\/uploads\/2022\/04\/Zaven-Biberyan-360x229.jpg\" alt=\"\" width=\"360\" height=\"229\" srcset=\"https:\/\/akunq.net\/tr\/wp-content\/uploads\/sites\/6\/2022\/04\/Zaven-Biberyan-360x229.jpg 360w, https:\/\/akunq.net\/tr\/wp-content\/uploads\/sites\/6\/2022\/04\/Zaven-Biberyan-768x489.jpg 768w, https:\/\/akunq.net\/tr\/wp-content\/uploads\/sites\/6\/2022\/04\/Zaven-Biberyan-1536x979.jpg 1536w, https:\/\/akunq.net\/tr\/wp-content\/uploads\/sites\/6\/2022\/04\/Zaven-Biberyan-560x357.jpg 560w, https:\/\/akunq.net\/tr\/wp-content\/uploads\/sites\/6\/2022\/04\/Zaven-Biberyan-260x166.jpg 260w, https:\/\/akunq.net\/tr\/wp-content\/uploads\/sites\/6\/2022\/04\/Zaven-Biberyan-160x102.jpg 160w, https:\/\/akunq.net\/tr\/wp-content\/uploads\/sites\/6\/2022\/04\/Zaven-Biberyan.jpg 1962w\" sizes=\"auto, (max-width: 360px) 100vw, 360px\" \/><\/p>\n<p><em><strong>T\u00fcrkiye Tiyatro Vakf\u0131, &#8220;Tiyatromuzda Tarih Konu\u015fmalar\u0131&#8221; kapsam\u0131nda Nisan ay\u0131nda iki oturum d\u00fczenliyor.<\/strong><\/em><\/p>\n<p>\u0130lk olarak Mehmet Kerem \u00d6zel, &#8220;T\u00fcrkiye&#8217;nin Ger\u00e7ekle\u015fmeyen \u0130lk An\u0131tsal Tiyatro Projesinin \u00d6yk\u00fcs\u00fc&#8221;n\u00fc anlatacak. Oturum 20 Nisan \u00c7ar\u015famba g\u00fcn\u00fc saat 19.00&#8217;da ba\u015flayacak.<\/p>\n<p>Di\u011fer etkinlik ise &#8220;Kulis Dergisinden \u00c7\u0131nlayan Ayk\u0131r\u0131 Bir Ses: Zaven Biberyan&#8217;\u0131n Tiyatro Ele\u015ftirileri&#8221; ba\u015fl\u0131\u011f\u0131n\u0131 ta\u015f\u0131yor. Reha Keskin&#8217;in konu\u015fmac\u0131 olarak kat\u0131laca\u011f\u0131 oturum, 27 Nisan \u00c7ar\u015famba g\u00fcn\u00fc saat 19.00&#8217;da d\u00fczenlenecek.<\/p>\n<p>Zaven Biiberyan hakk\u0131ndaki etkinlikle ilgili olarak Tiyatro Vakf\u0131 \u015fu bilgileri payla\u015ft\u0131:<\/p>\n<p>&#8220;Ermeni yaz\u0131n\u0131n\u0131n muhalif ve g\u00fc\u00e7l\u00fc kalemlerinden Zaven Biberyan (\u0130stanbul; 1921-1984) romanlar\u0131 ve hik\u00e2yeleri ile az\u0131nl\u0131klar\u0131n ya\u015fam\u0131na dikkat \u00e7ekerken gazeteci ve siyasi kimli\u011fiyle de m\u00fccadeleci bir ya\u015fam s\u00fcrer. Do\u011fumunun 100. y\u0131l\u0131nda, yaz\u0131n d\u00fcnyas\u0131nda \u00e7e\u015fitli y\u00f6nleriyle an\u0131l\u0131rken yazar\u0131n pek bilinmeyen bir y\u00f6n\u00fcne Kulis dergisinde rastlar\u0131z: S\u0131k\u0131 bir tiyatro ele\u015ftirmenidir Zaven Biberyan&#8221;.<\/p>\n<p>&#8220;Ele ald\u0131\u011f\u0131 oyunlar\u0131 t\u00fcm katmanlar\u0131yla incelerken s\u0131k ba\u015fvurulan basmakal\u0131p yakla\u015f\u0131mlara kar\u015f\u0131 \u00e7\u0131kar, kolayc\u0131l\u0131\u011f\u0131 yerer, ele\u015ftirmenin tiyatrodaki yerinin \u00f6nemine de\u011finir; bir bak\u0131ma ele\u015ftirinin ele\u015ftirisini yapar.&#8221;<\/p>\n<p>&#8220;Reha Keskin&#8217;in Kulis dergilerini tarayarak haz\u0131rlad\u0131\u011f\u0131 sunumda, 1900&#8217;lerin ikinci yar\u0131s\u0131nda \u0130stanbul&#8217;da sahnelenen belli ba\u015fl\u0131 oyunlar\u0131n yorumlar\u0131n\u0131 dinlerken ayn\u0131 zamanda d\u00f6neminin \u00e7ok \u00f6n\u00fcnde olan bir tiyatro ele\u015ftirmenini de yak\u0131ndan tan\u0131yaca\u011f\u0131z&#8221; .<\/p>\n<p>\u00c7evrimi\u00e7i ve Zoom \u00fczerinden takip edilebilecek etkinlikler \u00fccretsiz. Kat\u0131l\u0131m s\u0131n\u0131rlamas\u0131 nedeniyle kay\u0131t yapt\u0131r\u0131lmas\u0131 gerekiyor.<\/p>\n<p>Ayr\u0131nt\u0131l\u0131 bilgiye ve kay\u0131t formuna ula\u015fmak i\u00e7in vakf\u0131n web-sitesi (http:\/\/www.turkiyetiyatrovakfi.org\/) ve sosyal medya hesaplar\u0131 ziyaret edilebilir.<\/p>\n<p><em><strong>https:\/\/www.agos.com.tr\/tr\/yazi\/26986\/zaven-biberyan-in-tiyatro-elestirileri-hatirlaniyor\u00a0<\/strong><\/em><\/p>\n","protected":false},"excerpt":{"rendered":"<p>T\u00fcrkiye Tiyatro Vakf\u0131, &#8220;Tiyatromuzda Tarih Konu\u015fmalar\u0131&#8221; kapsam\u0131nda Nisan ay\u0131nda iki oturum d\u00fczenliyor. \u0130lk olarak Mehmet Kerem \u00d6zel, &#8220;T\u00fcrkiye&#8217;nin Ger\u00e7ekle\u015fmeyen \u0130lk An\u0131tsal Tiyatro Projesinin \u00d6yk\u00fcs\u00fc&#8221;n\u00fc anlatacak. Oturum 20 Nisan \u00c7ar\u015famba g\u00fcn\u00fc saat 19.00&#8217;da ba\u015flayacak. Di\u011fer etkinlik ise &#8220;Kulis Dergisinden \u00c7\u0131nlayan Ayk\u0131r\u0131 Bir Ses: Zaven Biberyan&#8217;\u0131n Tiyatro Ele\u015ftirileri&#8221; ba\u015fl\u0131\u011f\u0131n\u0131 ta\u015f\u0131yor. Reha Keskin&#8217;in konu\u015fmac\u0131 olarak kat\u0131laca\u011f\u0131 oturum, 27 [&hellip;]<\/p>\n","protected":false},"author":7,"featured_media":68091,"comment_status":"open","ping_status":"open","sticky":false,"template":"","format":"standard","meta":{"footnotes":""},"categories":[1],"tags":[],"class_list":["post-68090","post","type-post","status-publish","format-standard","has-post-thumbnail","hentry","category-haberler"],"yoast_head":"<!-- This site is optimized with the Yoast SEO plugin v27.4 - https:\/\/yoast.com\/product\/yoast-seo-wordpress\/ -->\n<title>Zaven Biberyan&#039;\u0131n tiyatro ele\u015ftirileri hat\u0131rlan\u0131yor - Bati Ermenistan Ve Bati Ermenileri Sorunlari Ara\u015ftirmalar Merkezi<\/title>\n<meta name=\"robots\" content=\"index, follow, max-snippet:-1, max-image-preview:large, max-video-preview:-1\" \/>\n<link rel=\"canonical\" href=\"https:\/\/akunq.net\/tr\/?p=68090\" \/>\n<meta property=\"og:locale\" content=\"en_US\" \/>\n<meta property=\"og:type\" content=\"article\" \/>\n<meta property=\"og:title\" content=\"Zaven Biberyan&#039;\u0131n tiyatro ele\u015ftirileri hat\u0131rlan\u0131yor - Bati Ermenistan Ve Bati Ermenileri Sorunlari Ara\u015ftirmalar Merkezi\" \/>\n<meta property=\"og:description\" content=\"T\u00fcrkiye Tiyatro Vakf\u0131, &#8220;Tiyatromuzda Tarih Konu\u015fmalar\u0131&#8221; kapsam\u0131nda Nisan ay\u0131nda iki oturum d\u00fczenliyor. \u0130lk olarak Mehmet Kerem \u00d6zel, &#8220;T\u00fcrkiye&#8217;nin Ger\u00e7ekle\u015fmeyen \u0130lk An\u0131tsal Tiyatro Projesinin \u00d6yk\u00fcs\u00fc&#8221;n\u00fc anlatacak. Oturum 20 Nisan \u00c7ar\u015famba g\u00fcn\u00fc saat 19.00&#8217;da ba\u015flayacak. Di\u011fer etkinlik ise &#8220;Kulis Dergisinden \u00c7\u0131nlayan Ayk\u0131r\u0131 Bir Ses: Zaven Biberyan&#8217;\u0131n Tiyatro Ele\u015ftirileri&#8221; ba\u015fl\u0131\u011f\u0131n\u0131 ta\u015f\u0131yor. Reha Keskin&#8217;in konu\u015fmac\u0131 olarak kat\u0131laca\u011f\u0131 oturum, 27 [&hellip;]\" \/>\n<meta property=\"og:url\" content=\"https:\/\/akunq.net\/tr\/?p=68090\" \/>\n<meta property=\"og:site_name\" content=\"Bati Ermenistan Ve Bati Ermenileri Sorunlari Ara\u015ftirmalar Merkezi\" \/>\n<meta property=\"article:published_time\" content=\"2022-04-20T07:46:47+00:00\" \/>\n<meta property=\"og:image\" content=\"https:\/\/akunq.net\/tr\/wp-content\/uploads\/sites\/6\/2022\/04\/Zaven-Biberyan.jpg\" \/>\n\t<meta property=\"og:image:width\" content=\"1962\" \/>\n\t<meta property=\"og:image:height\" content=\"1250\" \/>\n\t<meta property=\"og:image:type\" content=\"image\/jpeg\" \/>\n<meta name=\"author\" content=\"admin\" \/>\n<meta name=\"twitter:card\" content=\"summary_large_image\" \/>\n<meta name=\"twitter:label1\" content=\"Written by\" \/>\n\t<meta name=\"twitter:data1\" content=\"admin\" \/>\n\t<meta name=\"twitter:label2\" content=\"Est. reading time\" \/>\n\t<meta name=\"twitter:data2\" content=\"2 minutes\" \/>\n<script type=\"application\/ld+json\" class=\"yoast-schema-graph\">{\"@context\":\"https:\\\/\\\/schema.org\",\"@graph\":[{\"@type\":\"Article\",\"@id\":\"https:\\\/\\\/akunq.net\\\/tr\\\/?p=68090#article\",\"isPartOf\":{\"@id\":\"https:\\\/\\\/akunq.net\\\/tr\\\/?p=68090\"},\"author\":{\"name\":\"admin\",\"@id\":\"https:\\\/\\\/akunq.net\\\/tr\\\/#\\\/schema\\\/person\\\/096f1d38a12cce57fb855b485ed24c9e\"},\"headline\":\"Zaven Biberyan&#8217;\u0131n tiyatro ele\u015ftirileri hat\u0131rlan\u0131yor\",\"datePublished\":\"2022-04-20T07:46:47+00:00\",\"mainEntityOfPage\":{\"@id\":\"https:\\\/\\\/akunq.net\\\/tr\\\/?p=68090\"},\"wordCount\":317,\"commentCount\":0,\"image\":{\"@id\":\"https:\\\/\\\/akunq.net\\\/tr\\\/?p=68090#primaryimage\"},\"thumbnailUrl\":\"https:\\\/\\\/akunq.net\\\/tr\\\/wp-content\\\/uploads\\\/sites\\\/6\\\/2022\\\/04\\\/Zaven-Biberyan.jpg\",\"articleSection\":[\"Haberler\"],\"inLanguage\":\"en-US\",\"potentialAction\":[{\"@type\":\"CommentAction\",\"name\":\"Comment\",\"target\":[\"https:\\\/\\\/akunq.net\\\/tr\\\/?p=68090#respond\"]}]},{\"@type\":\"WebPage\",\"@id\":\"https:\\\/\\\/akunq.net\\\/tr\\\/?p=68090\",\"url\":\"https:\\\/\\\/akunq.net\\\/tr\\\/?p=68090\",\"name\":\"Zaven Biberyan'\u0131n tiyatro ele\u015ftirileri hat\u0131rlan\u0131yor - Bati Ermenistan Ve Bati Ermenileri Sorunlari Ara\u015ftirmalar Merkezi\",\"isPartOf\":{\"@id\":\"https:\\\/\\\/akunq.net\\\/tr\\\/#website\"},\"primaryImageOfPage\":{\"@id\":\"https:\\\/\\\/akunq.net\\\/tr\\\/?p=68090#primaryimage\"},\"image\":{\"@id\":\"https:\\\/\\\/akunq.net\\\/tr\\\/?p=68090#primaryimage\"},\"thumbnailUrl\":\"https:\\\/\\\/akunq.net\\\/tr\\\/wp-content\\\/uploads\\\/sites\\\/6\\\/2022\\\/04\\\/Zaven-Biberyan.jpg\",\"datePublished\":\"2022-04-20T07:46:47+00:00\",\"author\":{\"@id\":\"https:\\\/\\\/akunq.net\\\/tr\\\/#\\\/schema\\\/person\\\/096f1d38a12cce57fb855b485ed24c9e\"},\"breadcrumb\":{\"@id\":\"https:\\\/\\\/akunq.net\\\/tr\\\/?p=68090#breadcrumb\"},\"inLanguage\":\"en-US\",\"potentialAction\":[{\"@type\":\"ReadAction\",\"target\":[\"https:\\\/\\\/akunq.net\\\/tr\\\/?p=68090\"]}]},{\"@type\":\"ImageObject\",\"inLanguage\":\"en-US\",\"@id\":\"https:\\\/\\\/akunq.net\\\/tr\\\/?p=68090#primaryimage\",\"url\":\"https:\\\/\\\/akunq.net\\\/tr\\\/wp-content\\\/uploads\\\/sites\\\/6\\\/2022\\\/04\\\/Zaven-Biberyan.jpg\",\"contentUrl\":\"https:\\\/\\\/akunq.net\\\/tr\\\/wp-content\\\/uploads\\\/sites\\\/6\\\/2022\\\/04\\\/Zaven-Biberyan.jpg\",\"width\":1962,\"height\":1250},{\"@type\":\"BreadcrumbList\",\"@id\":\"https:\\\/\\\/akunq.net\\\/tr\\\/?p=68090#breadcrumb\",\"itemListElement\":[{\"@type\":\"ListItem\",\"position\":1,\"name\":\"Home\",\"item\":\"https:\\\/\\\/akunq.net\\\/tr\"},{\"@type\":\"ListItem\",\"position\":2,\"name\":\"Zaven Biberyan&#8217;\u0131n tiyatro ele\u015ftirileri hat\u0131rlan\u0131yor\"}]},{\"@type\":\"WebSite\",\"@id\":\"https:\\\/\\\/akunq.net\\\/tr\\\/#website\",\"url\":\"https:\\\/\\\/akunq.net\\\/tr\\\/\",\"name\":\"Bati Ermenistan Ve Bati Ermenileri Sorunlari Ara\u015ftirmalar Merkezi\",\"description\":\"\",\"potentialAction\":[{\"@type\":\"SearchAction\",\"target\":{\"@type\":\"EntryPoint\",\"urlTemplate\":\"https:\\\/\\\/akunq.net\\\/tr\\\/?s={search_term_string}\"},\"query-input\":{\"@type\":\"PropertyValueSpecification\",\"valueRequired\":true,\"valueName\":\"search_term_string\"}}],\"inLanguage\":\"en-US\"},{\"@type\":\"Person\",\"@id\":\"https:\\\/\\\/akunq.net\\\/tr\\\/#\\\/schema\\\/person\\\/096f1d38a12cce57fb855b485ed24c9e\",\"name\":\"admin\",\"url\":\"https:\\\/\\\/akunq.net\\\/tr\\\/?author=7\"}]}<\/script>\n<!-- \/ Yoast SEO plugin. -->","yoast_head_json":{"title":"Zaven Biberyan'\u0131n tiyatro ele\u015ftirileri hat\u0131rlan\u0131yor - Bati Ermenistan Ve Bati Ermenileri Sorunlari Ara\u015ftirmalar Merkezi","robots":{"index":"index","follow":"follow","max-snippet":"max-snippet:-1","max-image-preview":"max-image-preview:large","max-video-preview":"max-video-preview:-1"},"canonical":"https:\/\/akunq.net\/tr\/?p=68090","og_locale":"en_US","og_type":"article","og_title":"Zaven Biberyan'\u0131n tiyatro ele\u015ftirileri hat\u0131rlan\u0131yor - Bati Ermenistan Ve Bati Ermenileri Sorunlari Ara\u015ftirmalar Merkezi","og_description":"T\u00fcrkiye Tiyatro Vakf\u0131, &#8220;Tiyatromuzda Tarih Konu\u015fmalar\u0131&#8221; kapsam\u0131nda Nisan ay\u0131nda iki oturum d\u00fczenliyor. \u0130lk olarak Mehmet Kerem \u00d6zel, &#8220;T\u00fcrkiye&#8217;nin Ger\u00e7ekle\u015fmeyen \u0130lk An\u0131tsal Tiyatro Projesinin \u00d6yk\u00fcs\u00fc&#8221;n\u00fc anlatacak. Oturum 20 Nisan \u00c7ar\u015famba g\u00fcn\u00fc saat 19.00&#8217;da ba\u015flayacak. Di\u011fer etkinlik ise &#8220;Kulis Dergisinden \u00c7\u0131nlayan Ayk\u0131r\u0131 Bir Ses: Zaven Biberyan&#8217;\u0131n Tiyatro Ele\u015ftirileri&#8221; ba\u015fl\u0131\u011f\u0131n\u0131 ta\u015f\u0131yor. Reha Keskin&#8217;in konu\u015fmac\u0131 olarak kat\u0131laca\u011f\u0131 oturum, 27 [&hellip;]","og_url":"https:\/\/akunq.net\/tr\/?p=68090","og_site_name":"Bati Ermenistan Ve Bati Ermenileri Sorunlari Ara\u015ftirmalar Merkezi","article_published_time":"2022-04-20T07:46:47+00:00","og_image":[{"width":1962,"height":1250,"url":"https:\/\/akunq.net\/tr\/wp-content\/uploads\/sites\/6\/2022\/04\/Zaven-Biberyan.jpg","type":"image\/jpeg"}],"author":"admin","twitter_card":"summary_large_image","twitter_misc":{"Written by":"admin","Est. reading time":"2 minutes"},"schema":{"@context":"https:\/\/schema.org","@graph":[{"@type":"Article","@id":"https:\/\/akunq.net\/tr\/?p=68090#article","isPartOf":{"@id":"https:\/\/akunq.net\/tr\/?p=68090"},"author":{"name":"admin","@id":"https:\/\/akunq.net\/tr\/#\/schema\/person\/096f1d38a12cce57fb855b485ed24c9e"},"headline":"Zaven Biberyan&#8217;\u0131n tiyatro ele\u015ftirileri hat\u0131rlan\u0131yor","datePublished":"2022-04-20T07:46:47+00:00","mainEntityOfPage":{"@id":"https:\/\/akunq.net\/tr\/?p=68090"},"wordCount":317,"commentCount":0,"image":{"@id":"https:\/\/akunq.net\/tr\/?p=68090#primaryimage"},"thumbnailUrl":"https:\/\/akunq.net\/tr\/wp-content\/uploads\/sites\/6\/2022\/04\/Zaven-Biberyan.jpg","articleSection":["Haberler"],"inLanguage":"en-US","potentialAction":[{"@type":"CommentAction","name":"Comment","target":["https:\/\/akunq.net\/tr\/?p=68090#respond"]}]},{"@type":"WebPage","@id":"https:\/\/akunq.net\/tr\/?p=68090","url":"https:\/\/akunq.net\/tr\/?p=68090","name":"Zaven Biberyan'\u0131n tiyatro ele\u015ftirileri hat\u0131rlan\u0131yor - Bati Ermenistan Ve Bati Ermenileri Sorunlari Ara\u015ftirmalar Merkezi","isPartOf":{"@id":"https:\/\/akunq.net\/tr\/#website"},"primaryImageOfPage":{"@id":"https:\/\/akunq.net\/tr\/?p=68090#primaryimage"},"image":{"@id":"https:\/\/akunq.net\/tr\/?p=68090#primaryimage"},"thumbnailUrl":"https:\/\/akunq.net\/tr\/wp-content\/uploads\/sites\/6\/2022\/04\/Zaven-Biberyan.jpg","datePublished":"2022-04-20T07:46:47+00:00","author":{"@id":"https:\/\/akunq.net\/tr\/#\/schema\/person\/096f1d38a12cce57fb855b485ed24c9e"},"breadcrumb":{"@id":"https:\/\/akunq.net\/tr\/?p=68090#breadcrumb"},"inLanguage":"en-US","potentialAction":[{"@type":"ReadAction","target":["https:\/\/akunq.net\/tr\/?p=68090"]}]},{"@type":"ImageObject","inLanguage":"en-US","@id":"https:\/\/akunq.net\/tr\/?p=68090#primaryimage","url":"https:\/\/akunq.net\/tr\/wp-content\/uploads\/sites\/6\/2022\/04\/Zaven-Biberyan.jpg","contentUrl":"https:\/\/akunq.net\/tr\/wp-content\/uploads\/sites\/6\/2022\/04\/Zaven-Biberyan.jpg","width":1962,"height":1250},{"@type":"BreadcrumbList","@id":"https:\/\/akunq.net\/tr\/?p=68090#breadcrumb","itemListElement":[{"@type":"ListItem","position":1,"name":"Home","item":"https:\/\/akunq.net\/tr"},{"@type":"ListItem","position":2,"name":"Zaven Biberyan&#8217;\u0131n tiyatro ele\u015ftirileri hat\u0131rlan\u0131yor"}]},{"@type":"WebSite","@id":"https:\/\/akunq.net\/tr\/#website","url":"https:\/\/akunq.net\/tr\/","name":"Bati Ermenistan Ve Bati Ermenileri Sorunlari Ara\u015ftirmalar Merkezi","description":"","potentialAction":[{"@type":"SearchAction","target":{"@type":"EntryPoint","urlTemplate":"https:\/\/akunq.net\/tr\/?s={search_term_string}"},"query-input":{"@type":"PropertyValueSpecification","valueRequired":true,"valueName":"search_term_string"}}],"inLanguage":"en-US"},{"@type":"Person","@id":"https:\/\/akunq.net\/tr\/#\/schema\/person\/096f1d38a12cce57fb855b485ed24c9e","name":"admin","url":"https:\/\/akunq.net\/tr\/?author=7"}]}},"_links":{"self":[{"href":"https:\/\/akunq.net\/tr\/index.php?rest_route=\/wp\/v2\/posts\/68090","targetHints":{"allow":["GET"]}}],"collection":[{"href":"https:\/\/akunq.net\/tr\/index.php?rest_route=\/wp\/v2\/posts"}],"about":[{"href":"https:\/\/akunq.net\/tr\/index.php?rest_route=\/wp\/v2\/types\/post"}],"author":[{"embeddable":true,"href":"https:\/\/akunq.net\/tr\/index.php?rest_route=\/wp\/v2\/users\/7"}],"replies":[{"embeddable":true,"href":"https:\/\/akunq.net\/tr\/index.php?rest_route=%2Fwp%2Fv2%2Fcomments&post=68090"}],"version-history":[{"count":1,"href":"https:\/\/akunq.net\/tr\/index.php?rest_route=\/wp\/v2\/posts\/68090\/revisions"}],"predecessor-version":[{"id":68092,"href":"https:\/\/akunq.net\/tr\/index.php?rest_route=\/wp\/v2\/posts\/68090\/revisions\/68092"}],"wp:featuredmedia":[{"embeddable":true,"href":"https:\/\/akunq.net\/tr\/index.php?rest_route=\/wp\/v2\/media\/68091"}],"wp:attachment":[{"href":"https:\/\/akunq.net\/tr\/index.php?rest_route=%2Fwp%2Fv2%2Fmedia&parent=68090"}],"wp:term":[{"taxonomy":"category","embeddable":true,"href":"https:\/\/akunq.net\/tr\/index.php?rest_route=%2Fwp%2Fv2%2Fcategories&post=68090"},{"taxonomy":"post_tag","embeddable":true,"href":"https:\/\/akunq.net\/tr\/index.php?rest_route=%2Fwp%2Fv2%2Ftags&post=68090"}],"curies":[{"name":"wp","href":"https:\/\/api.w.org\/{rel}","templated":true}]}}