{"id":68038,"date":"2022-04-18T02:01:54","date_gmt":"2022-04-18T07:01:54","guid":{"rendered":"https:\/\/akunq.net\/tr\/?p=68038"},"modified":"2022-04-18T02:01:54","modified_gmt":"2022-04-18T07:01:54","slug":"paskalya-dunyanin-dort-bir-yaninda-kutlandi","status":"publish","type":"post","link":"https:\/\/akunq.net\/tr\/?p=68038","title":{"rendered":"Paskalya d\u00fcnyan\u0131n d\u00f6rt bir yan\u0131nda kutland\u0131"},"content":{"rendered":"<p><img loading=\"lazy\" decoding=\"async\" class=\"aligncenter size-medium wp-image-68039\" src=\"https:\/\/akunq.net\/tr\/wp-content\/uploads\/2022\/04\/Paskalya-360x180.jpg\" alt=\"\" width=\"360\" height=\"180\" srcset=\"https:\/\/akunq.net\/tr\/wp-content\/uploads\/sites\/6\/2022\/04\/Paskalya-360x180.jpg 360w, https:\/\/akunq.net\/tr\/wp-content\/uploads\/sites\/6\/2022\/04\/Paskalya-768x384.jpg 768w, https:\/\/akunq.net\/tr\/wp-content\/uploads\/sites\/6\/2022\/04\/Paskalya-560x280.jpg 560w, https:\/\/akunq.net\/tr\/wp-content\/uploads\/sites\/6\/2022\/04\/Paskalya-260x130.jpg 260w, https:\/\/akunq.net\/tr\/wp-content\/uploads\/sites\/6\/2022\/04\/Paskalya-160x80.jpg 160w, https:\/\/akunq.net\/tr\/wp-content\/uploads\/sites\/6\/2022\/04\/Paskalya.jpg 1280w\" sizes=\"auto, (max-width: 360px) 100vw, 360px\" \/><\/p>\n<p><em><strong>D\u00fcnyan\u0131n d\u00f6rt bir yan\u0131nda Hristiyanlar, Paskalya Yortusu\u2019nu kutlad\u0131.<\/strong><\/em><\/p>\n<p>H\u0131ristiyanlar\u0131n Paskalya Yortusu bir\u00e7ok \u00fclkede dini t\u00f6ren ve etkinliklerle bug\u00fcn kutlan\u0131yor. Etnik Slav grubu Sorblar, Do\u011fu Almanya kenti Ralbitz\u2019de Paskalya t\u00f6reninde ata bindi.<\/p>\n<p>Katoliklerin ruhani \u00f6nderi Papa Francis ise Vatikan\u2019da d\u00fczenlenen ayini y\u00f6netti.<\/p>\n<p>Hz. \u0130sa\u2019n\u0131n do\u011fum yeri kabul edilen ve Hristiyanlarca ziyaret merkezi olarak tan\u0131nan Beyt\u00fcllahim\u2019de \u201cPalmiye Pazar\u0131\u201d kutlamas\u0131 yap\u0131ld\u0131.<\/p>\n<p>Ukrayna\u2019da da Paskalya kutland\u0131. Lviv\u2019de bir kilisede Palmiye Pazar\u0131 i\u00e7in bir rahip Ukraynal\u0131 askerlerin \u00fczerine kutsal su serpti.<\/p>\n<p>Kud\u00fcs\u2019\u00fcn Rum Ortodoks Patri\u011fi III. Teofilos, Kutsal Kabir Kilisesi\u2019nde Palmiye Pazar\u0131 ayini d\u00fczenledi.<\/p>\n<p>M\u0131s\u0131r\u2019\u0131n ba\u015fkenti Kahire\u2019ye yak\u0131n bir manast\u0131rda Ortodoks K\u0131pti Hristiyanlar, Paskalya Yortusunu kutlad\u0131.<\/p>\n<p>Kenya\u2019n\u0131n ba\u015fkenti Nairobi\u2019de baz\u0131 Hristiyanlar, Paskalya\u2019y\u0131 St. Joanes, Legio Maria of African Kilisesi\u2019nde kutlad\u0131.<\/p>\n<p>Kenya\u2019n\u0131n ba\u015fkenti Nairobi\u2019de baz\u0131 Hristiyanlar, Paskalya\u2019y\u0131 St. Joanes, Legio Maria of African Kilisesi\u2019nde kutlad\u0131.<\/p>\n<p>Vatikan\u2019daki St Peter Meydan\u2019\u0131nda Papa Francis Paskalya ayinini y\u00f6netti.<\/p>\n<p><em><strong><a href=\"https:\/\/www.gazeteduvar.com.tr\/paskalya-dunyanin-dort-bir-yaninda-kutlandi-galeri-1561078\" target=\"_blank\" rel=\"noopener noreferrer\">Gazete Duvar<\/a>\u00a0<\/strong><\/em><\/p>\n","protected":false},"excerpt":{"rendered":"<p>D\u00fcnyan\u0131n d\u00f6rt bir yan\u0131nda Hristiyanlar, Paskalya Yortusu\u2019nu kutlad\u0131. H\u0131ristiyanlar\u0131n Paskalya Yortusu bir\u00e7ok \u00fclkede dini t\u00f6ren ve etkinliklerle bug\u00fcn kutlan\u0131yor. Etnik Slav grubu Sorblar, Do\u011fu Almanya kenti Ralbitz\u2019de Paskalya t\u00f6reninde ata bindi. Katoliklerin ruhani \u00f6nderi Papa Francis ise Vatikan\u2019da d\u00fczenlenen ayini y\u00f6netti. Hz. \u0130sa\u2019n\u0131n do\u011fum yeri kabul edilen ve Hristiyanlarca ziyaret merkezi olarak tan\u0131nan Beyt\u00fcllahim\u2019de \u201cPalmiye [&hellip;]<\/p>\n","protected":false},"author":7,"featured_media":68039,"comment_status":"open","ping_status":"open","sticky":false,"template":"","format":"standard","meta":{"footnotes":""},"categories":[1],"tags":[],"class_list":["post-68038","post","type-post","status-publish","format-standard","has-post-thumbnail","hentry","category-haberler"],"yoast_head":"<!-- This site is optimized with the Yoast SEO plugin v27.4 - https:\/\/yoast.com\/product\/yoast-seo-wordpress\/ -->\n<title>Paskalya d\u00fcnyan\u0131n d\u00f6rt bir yan\u0131nda kutland\u0131 - Bati Ermenistan Ve Bati Ermenileri Sorunlari Ara\u015ftirmalar Merkezi<\/title>\n<meta name=\"robots\" content=\"index, follow, max-snippet:-1, max-image-preview:large, max-video-preview:-1\" \/>\n<link rel=\"canonical\" href=\"https:\/\/akunq.net\/tr\/?p=68038\" \/>\n<meta property=\"og:locale\" content=\"en_US\" \/>\n<meta property=\"og:type\" content=\"article\" \/>\n<meta property=\"og:title\" content=\"Paskalya d\u00fcnyan\u0131n d\u00f6rt bir yan\u0131nda kutland\u0131 - Bati Ermenistan Ve Bati Ermenileri Sorunlari Ara\u015ftirmalar Merkezi\" \/>\n<meta property=\"og:description\" content=\"D\u00fcnyan\u0131n d\u00f6rt bir yan\u0131nda Hristiyanlar, Paskalya Yortusu\u2019nu kutlad\u0131. H\u0131ristiyanlar\u0131n Paskalya Yortusu bir\u00e7ok \u00fclkede dini t\u00f6ren ve etkinliklerle bug\u00fcn kutlan\u0131yor. Etnik Slav grubu Sorblar, Do\u011fu Almanya kenti Ralbitz\u2019de Paskalya t\u00f6reninde ata bindi. Katoliklerin ruhani \u00f6nderi Papa Francis ise Vatikan\u2019da d\u00fczenlenen ayini y\u00f6netti. Hz. \u0130sa\u2019n\u0131n do\u011fum yeri kabul edilen ve Hristiyanlarca ziyaret merkezi olarak tan\u0131nan Beyt\u00fcllahim\u2019de \u201cPalmiye [&hellip;]\" \/>\n<meta property=\"og:url\" content=\"https:\/\/akunq.net\/tr\/?p=68038\" \/>\n<meta property=\"og:site_name\" content=\"Bati Ermenistan Ve Bati Ermenileri Sorunlari Ara\u015ftirmalar Merkezi\" \/>\n<meta property=\"article:published_time\" content=\"2022-04-18T07:01:54+00:00\" \/>\n<meta property=\"og:image\" content=\"https:\/\/akunq.net\/tr\/wp-content\/uploads\/sites\/6\/2022\/04\/Paskalya.jpg\" \/>\n\t<meta property=\"og:image:width\" content=\"1280\" \/>\n\t<meta property=\"og:image:height\" content=\"640\" \/>\n\t<meta property=\"og:image:type\" content=\"image\/jpeg\" \/>\n<meta name=\"author\" content=\"admin\" \/>\n<meta name=\"twitter:card\" content=\"summary_large_image\" \/>\n<meta name=\"twitter:label1\" content=\"Written by\" \/>\n\t<meta name=\"twitter:data1\" content=\"admin\" \/>\n\t<meta name=\"twitter:label2\" content=\"Est. reading time\" \/>\n\t<meta name=\"twitter:data2\" content=\"1 minute\" \/>\n<script type=\"application\/ld+json\" class=\"yoast-schema-graph\">{\"@context\":\"https:\\\/\\\/schema.org\",\"@graph\":[{\"@type\":\"Article\",\"@id\":\"https:\\\/\\\/akunq.net\\\/tr\\\/?p=68038#article\",\"isPartOf\":{\"@id\":\"https:\\\/\\\/akunq.net\\\/tr\\\/?p=68038\"},\"author\":{\"name\":\"admin\",\"@id\":\"https:\\\/\\\/akunq.net\\\/tr\\\/#\\\/schema\\\/person\\\/096f1d38a12cce57fb855b485ed24c9e\"},\"headline\":\"Paskalya d\u00fcnyan\u0131n d\u00f6rt bir yan\u0131nda kutland\u0131\",\"datePublished\":\"2022-04-18T07:01:54+00:00\",\"mainEntityOfPage\":{\"@id\":\"https:\\\/\\\/akunq.net\\\/tr\\\/?p=68038\"},\"wordCount\":205,\"commentCount\":0,\"image\":{\"@id\":\"https:\\\/\\\/akunq.net\\\/tr\\\/?p=68038#primaryimage\"},\"thumbnailUrl\":\"https:\\\/\\\/akunq.net\\\/tr\\\/wp-content\\\/uploads\\\/sites\\\/6\\\/2022\\\/04\\\/Paskalya.jpg\",\"articleSection\":[\"Haberler\"],\"inLanguage\":\"en-US\",\"potentialAction\":[{\"@type\":\"CommentAction\",\"name\":\"Comment\",\"target\":[\"https:\\\/\\\/akunq.net\\\/tr\\\/?p=68038#respond\"]}]},{\"@type\":\"WebPage\",\"@id\":\"https:\\\/\\\/akunq.net\\\/tr\\\/?p=68038\",\"url\":\"https:\\\/\\\/akunq.net\\\/tr\\\/?p=68038\",\"name\":\"Paskalya d\u00fcnyan\u0131n d\u00f6rt bir yan\u0131nda kutland\u0131 - Bati Ermenistan Ve Bati Ermenileri Sorunlari Ara\u015ftirmalar Merkezi\",\"isPartOf\":{\"@id\":\"https:\\\/\\\/akunq.net\\\/tr\\\/#website\"},\"primaryImageOfPage\":{\"@id\":\"https:\\\/\\\/akunq.net\\\/tr\\\/?p=68038#primaryimage\"},\"image\":{\"@id\":\"https:\\\/\\\/akunq.net\\\/tr\\\/?p=68038#primaryimage\"},\"thumbnailUrl\":\"https:\\\/\\\/akunq.net\\\/tr\\\/wp-content\\\/uploads\\\/sites\\\/6\\\/2022\\\/04\\\/Paskalya.jpg\",\"datePublished\":\"2022-04-18T07:01:54+00:00\",\"author\":{\"@id\":\"https:\\\/\\\/akunq.net\\\/tr\\\/#\\\/schema\\\/person\\\/096f1d38a12cce57fb855b485ed24c9e\"},\"breadcrumb\":{\"@id\":\"https:\\\/\\\/akunq.net\\\/tr\\\/?p=68038#breadcrumb\"},\"inLanguage\":\"en-US\",\"potentialAction\":[{\"@type\":\"ReadAction\",\"target\":[\"https:\\\/\\\/akunq.net\\\/tr\\\/?p=68038\"]}]},{\"@type\":\"ImageObject\",\"inLanguage\":\"en-US\",\"@id\":\"https:\\\/\\\/akunq.net\\\/tr\\\/?p=68038#primaryimage\",\"url\":\"https:\\\/\\\/akunq.net\\\/tr\\\/wp-content\\\/uploads\\\/sites\\\/6\\\/2022\\\/04\\\/Paskalya.jpg\",\"contentUrl\":\"https:\\\/\\\/akunq.net\\\/tr\\\/wp-content\\\/uploads\\\/sites\\\/6\\\/2022\\\/04\\\/Paskalya.jpg\",\"width\":1280,\"height\":640},{\"@type\":\"BreadcrumbList\",\"@id\":\"https:\\\/\\\/akunq.net\\\/tr\\\/?p=68038#breadcrumb\",\"itemListElement\":[{\"@type\":\"ListItem\",\"position\":1,\"name\":\"Home\",\"item\":\"https:\\\/\\\/akunq.net\\\/tr\"},{\"@type\":\"ListItem\",\"position\":2,\"name\":\"Paskalya d\u00fcnyan\u0131n d\u00f6rt bir yan\u0131nda kutland\u0131\"}]},{\"@type\":\"WebSite\",\"@id\":\"https:\\\/\\\/akunq.net\\\/tr\\\/#website\",\"url\":\"https:\\\/\\\/akunq.net\\\/tr\\\/\",\"name\":\"Bati Ermenistan Ve Bati Ermenileri Sorunlari Ara\u015ftirmalar Merkezi\",\"description\":\"\",\"potentialAction\":[{\"@type\":\"SearchAction\",\"target\":{\"@type\":\"EntryPoint\",\"urlTemplate\":\"https:\\\/\\\/akunq.net\\\/tr\\\/?s={search_term_string}\"},\"query-input\":{\"@type\":\"PropertyValueSpecification\",\"valueRequired\":true,\"valueName\":\"search_term_string\"}}],\"inLanguage\":\"en-US\"},{\"@type\":\"Person\",\"@id\":\"https:\\\/\\\/akunq.net\\\/tr\\\/#\\\/schema\\\/person\\\/096f1d38a12cce57fb855b485ed24c9e\",\"name\":\"admin\",\"url\":\"https:\\\/\\\/akunq.net\\\/tr\\\/?author=7\"}]}<\/script>\n<!-- \/ Yoast SEO plugin. -->","yoast_head_json":{"title":"Paskalya d\u00fcnyan\u0131n d\u00f6rt bir yan\u0131nda kutland\u0131 - Bati Ermenistan Ve Bati Ermenileri Sorunlari Ara\u015ftirmalar Merkezi","robots":{"index":"index","follow":"follow","max-snippet":"max-snippet:-1","max-image-preview":"max-image-preview:large","max-video-preview":"max-video-preview:-1"},"canonical":"https:\/\/akunq.net\/tr\/?p=68038","og_locale":"en_US","og_type":"article","og_title":"Paskalya d\u00fcnyan\u0131n d\u00f6rt bir yan\u0131nda kutland\u0131 - Bati Ermenistan Ve Bati Ermenileri Sorunlari Ara\u015ftirmalar Merkezi","og_description":"D\u00fcnyan\u0131n d\u00f6rt bir yan\u0131nda Hristiyanlar, Paskalya Yortusu\u2019nu kutlad\u0131. H\u0131ristiyanlar\u0131n Paskalya Yortusu bir\u00e7ok \u00fclkede dini t\u00f6ren ve etkinliklerle bug\u00fcn kutlan\u0131yor. Etnik Slav grubu Sorblar, Do\u011fu Almanya kenti Ralbitz\u2019de Paskalya t\u00f6reninde ata bindi. Katoliklerin ruhani \u00f6nderi Papa Francis ise Vatikan\u2019da d\u00fczenlenen ayini y\u00f6netti. Hz. \u0130sa\u2019n\u0131n do\u011fum yeri kabul edilen ve Hristiyanlarca ziyaret merkezi olarak tan\u0131nan Beyt\u00fcllahim\u2019de \u201cPalmiye [&hellip;]","og_url":"https:\/\/akunq.net\/tr\/?p=68038","og_site_name":"Bati Ermenistan Ve Bati Ermenileri Sorunlari Ara\u015ftirmalar Merkezi","article_published_time":"2022-04-18T07:01:54+00:00","og_image":[{"width":1280,"height":640,"url":"https:\/\/akunq.net\/tr\/wp-content\/uploads\/sites\/6\/2022\/04\/Paskalya.jpg","type":"image\/jpeg"}],"author":"admin","twitter_card":"summary_large_image","twitter_misc":{"Written by":"admin","Est. reading time":"1 minute"},"schema":{"@context":"https:\/\/schema.org","@graph":[{"@type":"Article","@id":"https:\/\/akunq.net\/tr\/?p=68038#article","isPartOf":{"@id":"https:\/\/akunq.net\/tr\/?p=68038"},"author":{"name":"admin","@id":"https:\/\/akunq.net\/tr\/#\/schema\/person\/096f1d38a12cce57fb855b485ed24c9e"},"headline":"Paskalya d\u00fcnyan\u0131n d\u00f6rt bir yan\u0131nda kutland\u0131","datePublished":"2022-04-18T07:01:54+00:00","mainEntityOfPage":{"@id":"https:\/\/akunq.net\/tr\/?p=68038"},"wordCount":205,"commentCount":0,"image":{"@id":"https:\/\/akunq.net\/tr\/?p=68038#primaryimage"},"thumbnailUrl":"https:\/\/akunq.net\/tr\/wp-content\/uploads\/sites\/6\/2022\/04\/Paskalya.jpg","articleSection":["Haberler"],"inLanguage":"en-US","potentialAction":[{"@type":"CommentAction","name":"Comment","target":["https:\/\/akunq.net\/tr\/?p=68038#respond"]}]},{"@type":"WebPage","@id":"https:\/\/akunq.net\/tr\/?p=68038","url":"https:\/\/akunq.net\/tr\/?p=68038","name":"Paskalya d\u00fcnyan\u0131n d\u00f6rt bir yan\u0131nda kutland\u0131 - Bati Ermenistan Ve Bati Ermenileri Sorunlari Ara\u015ftirmalar Merkezi","isPartOf":{"@id":"https:\/\/akunq.net\/tr\/#website"},"primaryImageOfPage":{"@id":"https:\/\/akunq.net\/tr\/?p=68038#primaryimage"},"image":{"@id":"https:\/\/akunq.net\/tr\/?p=68038#primaryimage"},"thumbnailUrl":"https:\/\/akunq.net\/tr\/wp-content\/uploads\/sites\/6\/2022\/04\/Paskalya.jpg","datePublished":"2022-04-18T07:01:54+00:00","author":{"@id":"https:\/\/akunq.net\/tr\/#\/schema\/person\/096f1d38a12cce57fb855b485ed24c9e"},"breadcrumb":{"@id":"https:\/\/akunq.net\/tr\/?p=68038#breadcrumb"},"inLanguage":"en-US","potentialAction":[{"@type":"ReadAction","target":["https:\/\/akunq.net\/tr\/?p=68038"]}]},{"@type":"ImageObject","inLanguage":"en-US","@id":"https:\/\/akunq.net\/tr\/?p=68038#primaryimage","url":"https:\/\/akunq.net\/tr\/wp-content\/uploads\/sites\/6\/2022\/04\/Paskalya.jpg","contentUrl":"https:\/\/akunq.net\/tr\/wp-content\/uploads\/sites\/6\/2022\/04\/Paskalya.jpg","width":1280,"height":640},{"@type":"BreadcrumbList","@id":"https:\/\/akunq.net\/tr\/?p=68038#breadcrumb","itemListElement":[{"@type":"ListItem","position":1,"name":"Home","item":"https:\/\/akunq.net\/tr"},{"@type":"ListItem","position":2,"name":"Paskalya d\u00fcnyan\u0131n d\u00f6rt bir yan\u0131nda kutland\u0131"}]},{"@type":"WebSite","@id":"https:\/\/akunq.net\/tr\/#website","url":"https:\/\/akunq.net\/tr\/","name":"Bati Ermenistan Ve Bati Ermenileri Sorunlari Ara\u015ftirmalar Merkezi","description":"","potentialAction":[{"@type":"SearchAction","target":{"@type":"EntryPoint","urlTemplate":"https:\/\/akunq.net\/tr\/?s={search_term_string}"},"query-input":{"@type":"PropertyValueSpecification","valueRequired":true,"valueName":"search_term_string"}}],"inLanguage":"en-US"},{"@type":"Person","@id":"https:\/\/akunq.net\/tr\/#\/schema\/person\/096f1d38a12cce57fb855b485ed24c9e","name":"admin","url":"https:\/\/akunq.net\/tr\/?author=7"}]}},"_links":{"self":[{"href":"https:\/\/akunq.net\/tr\/index.php?rest_route=\/wp\/v2\/posts\/68038","targetHints":{"allow":["GET"]}}],"collection":[{"href":"https:\/\/akunq.net\/tr\/index.php?rest_route=\/wp\/v2\/posts"}],"about":[{"href":"https:\/\/akunq.net\/tr\/index.php?rest_route=\/wp\/v2\/types\/post"}],"author":[{"embeddable":true,"href":"https:\/\/akunq.net\/tr\/index.php?rest_route=\/wp\/v2\/users\/7"}],"replies":[{"embeddable":true,"href":"https:\/\/akunq.net\/tr\/index.php?rest_route=%2Fwp%2Fv2%2Fcomments&post=68038"}],"version-history":[{"count":1,"href":"https:\/\/akunq.net\/tr\/index.php?rest_route=\/wp\/v2\/posts\/68038\/revisions"}],"predecessor-version":[{"id":68040,"href":"https:\/\/akunq.net\/tr\/index.php?rest_route=\/wp\/v2\/posts\/68038\/revisions\/68040"}],"wp:featuredmedia":[{"embeddable":true,"href":"https:\/\/akunq.net\/tr\/index.php?rest_route=\/wp\/v2\/media\/68039"}],"wp:attachment":[{"href":"https:\/\/akunq.net\/tr\/index.php?rest_route=%2Fwp%2Fv2%2Fmedia&parent=68038"}],"wp:term":[{"taxonomy":"category","embeddable":true,"href":"https:\/\/akunq.net\/tr\/index.php?rest_route=%2Fwp%2Fv2%2Fcategories&post=68038"},{"taxonomy":"post_tag","embeddable":true,"href":"https:\/\/akunq.net\/tr\/index.php?rest_route=%2Fwp%2Fv2%2Ftags&post=68038"}],"curies":[{"name":"wp","href":"https:\/\/api.w.org\/{rel}","templated":true}]}}