{"id":68035,"date":"2022-04-18T01:54:11","date_gmt":"2022-04-18T06:54:11","guid":{"rendered":"https:\/\/akunq.net\/tr\/?p=68035"},"modified":"2022-04-18T01:54:11","modified_gmt":"2022-04-18T06:54:11","slug":"chp-genel-baskani-kilicdaroglu-hrant-dink-vakfini-ziyaret-etti","status":"publish","type":"post","link":"https:\/\/akunq.net\/tr\/?p=68035","title":{"rendered":"CHP Genel Ba\u015fkan\u0131 K\u0131l\u0131\u00e7daro\u011flu Hrant Dink Vakf\u0131&#8217;n\u0131 ziyaret etti"},"content":{"rendered":"<figure id=\"attachment_68036\" aria-describedby=\"caption-attachment-68036\" style=\"width: 360px\" class=\"wp-caption aligncenter\"><img loading=\"lazy\" decoding=\"async\" class=\"size-medium wp-image-68036\" src=\"https:\/\/akunq.net\/tr\/wp-content\/uploads\/2022\/04\/K\u0131l\u0131\u00e7daro\u011flu-360x240.jpg\" alt=\"\" width=\"360\" height=\"240\" srcset=\"https:\/\/akunq.net\/tr\/wp-content\/uploads\/sites\/6\/2022\/04\/K\u0131l\u0131\u00e7daro\u011flu-360x240.jpg 360w, https:\/\/akunq.net\/tr\/wp-content\/uploads\/sites\/6\/2022\/04\/K\u0131l\u0131\u00e7daro\u011flu-768x512.jpg 768w, https:\/\/akunq.net\/tr\/wp-content\/uploads\/sites\/6\/2022\/04\/K\u0131l\u0131\u00e7daro\u011flu-1536x1024.jpg 1536w, https:\/\/akunq.net\/tr\/wp-content\/uploads\/sites\/6\/2022\/04\/K\u0131l\u0131\u00e7daro\u011flu-2048x1365.jpg 2048w, https:\/\/akunq.net\/tr\/wp-content\/uploads\/sites\/6\/2022\/04\/K\u0131l\u0131\u00e7daro\u011flu-560x373.jpg 560w, https:\/\/akunq.net\/tr\/wp-content\/uploads\/sites\/6\/2022\/04\/K\u0131l\u0131\u00e7daro\u011flu-260x173.jpg 260w, https:\/\/akunq.net\/tr\/wp-content\/uploads\/sites\/6\/2022\/04\/K\u0131l\u0131\u00e7daro\u011flu-160x107.jpg 160w\" sizes=\"auto, (max-width: 360px) 100vw, 360px\" \/><figcaption id=\"caption-attachment-68036\" class=\"wp-caption-text\">Cumhuriyet Halk Partisi Genel Ba\u015fkan\u0131 Kemal K\u0131l\u0131\u00e7daro\u011flu, \u0130stanbul \u015ei\u015fli\u2019de Hrant Dink Vakf\u0131\u2019n\u0131 ziyaret ederek Rakel Dink ve Arat Dink ile g\u00f6r\u00fc\u015ft\u00fc.<\/figcaption><\/figure>\n<p><em><strong>CHP Genel Ba\u015fkan\u0131 Kemal K\u0131l\u0131\u00e7daro\u011flu, Hrant Dink Vakf\u0131\u2019n\u0131 ziyaret ederek Hrant Dink\u2019in e\u015fi Rakel Dink ve o\u011flu Arat Dink ile ile g\u00f6r\u00fc\u015ft\u00fc. K\u0131l\u0131\u00e7daro\u011flu Dink cinayetinin hala ayd\u0131nlat\u0131lmad\u0131\u011f\u0131na dikkat \u00e7ekti.<\/strong><\/em><\/p>\n<p>Ziyaret s\u0131ras\u0131nda K\u0131l\u0131\u00e7daro\u011flu&#8217;na CHP \u0130stanbul \u0130l Ba\u015fkan\u0131 Canan Kaftanc\u0131o\u011flu ve CHP milletvekili Sezgin Tanr\u0131kulu da e\u015flik etti. CHP Heyeti ziyaret s\u0131ras\u0131nda\u00a0 Ermeni toplumunun Paskalya Yortusu&#8217;nu da kutlad\u0131.<\/p>\n<p>K\u0131l\u0131\u00e7daro\u011flu, ziyaret sonras\u0131nda bas\u0131n mensuplar\u0131na bir a\u00e7\u0131klama yapt\u0131 ve Hrant Dink Cinayeti&#8217;ni de\u011findi. K\u0131l\u0131\u00e7daro\u011flu \u015funlar\u0131 s\u00f6yledi:<\/p>\n<p>\u201cDe\u011ferli bas\u0131n mensuplar\u0131. \u0130ktidar\u0131m\u0131zda baz\u0131 karanl\u0131k g\u00fc\u00e7 odaklar\u0131 ile m\u00fccadele edece\u011fimizi ve daha sonra ma\u011fdurlarla helalle\u015fece\u011fimizi anlatmak i\u00e7in buraya geldim. B\u00fcy\u00fck ac\u0131lar ya\u015fanan bir \u00fclkeyiz, bunu haketmiyoruz. Hepimiz huzur i\u00e7inde ya\u015famak istiyoruz. Birli\u011fimiz huzura ba\u011fl\u0131. Beraber ya\u015famak beraber g\u00fclmek yeri gelirse beraber a\u011flamak. Sevgiyi b\u00fcy\u00fctmek b\u00fct\u00fcn amac\u0131m\u0131z hedefimiz bu olmal\u0131. Bunun i\u00e7in buraya geldim. Karanl\u0131k mihraklarla m\u00fccadele etmek ve daha sonra helalle\u015fmek temel hedefimiz olmal\u0131.&#8221;<\/p>\n<p>&#8220;Rahmetli Hrant Dink\u2019in tetik\u00e7isi hapiste ama ger\u00e7ek katiller bulunmad\u0131, ayd\u0131nl\u0131\u011fa \u00e7\u0131kar\u0131lmad\u0131. E\u011fer siz karanl\u0131k g\u00fc\u00e7 odaklar\u0131yla m\u00fccadele edece\u011fim diye yola \u00e7\u0131k\u0131yorsan\u0131z ger\u00e7ek katilleri bulmal\u0131s\u0131n\u0131z. O zaman bu toplumda helalle\u015fme d\u00fczeyine gelmi\u015f oluruz. Rakel han\u0131m\u0131n \u00e7ok g\u00fczel bir s\u00f6z\u00fc var. \u2018Bir \u00e7ocuktan bir katil yaratan o derin karanl\u0131k\u2019 O derin karanl\u0131\u011f\u0131 sorgulamazsak \u00fczerine gitmezsek\u2026 \u00c7etelerle yer alt\u0131 d\u00fcnyas\u0131 ile i\u015fbirli\u011fi yapan o derin karanl\u0131\u011f\u0131 mutlaka ayd\u0131nlatmak zorunday\u0131z. Devletin i\u00e7ine \u00e7\u00f6reklenen o ki\u015filerin devletin i\u00e7inden \u00e7ekip \u00e7\u0131karmam\u0131z laz\u0131m. O zaman bu \u00fclkede huzur sa\u011flar\u0131z.&#8221;<\/p>\n<p>&#8220;Benim b\u00fct\u00fcn amac\u0131m bu g\u00fczel \u00fclkede beraberce huzur i\u00e7inde ya\u015famak. Bu \u00fclkeye bir miras b\u0131rakacaksan\u0131z bu g\u00fczel \u00fclkeye o sevgi ve bar\u0131\u015f olacak. Sevgi ve bar\u0131\u015f ile hep birlikte kucakla\u015faca\u011f\u0131z. Rakel han\u0131m bizi kabul etti\u011fi i\u00e7in te\u015fekk\u00fcr ederiz. Ac\u0131lar\u0131n\u0131 biliyorum fark\u0131nday\u0131m. Bir \u00e7ocu\u011fu karanl\u0131k baz\u0131 odaklar kur\u015fun s\u0131kar hale getiriyorsa mutlaka ayd\u0131nl\u0131\u011fa \u00e7\u0131kar\u0131lmas\u0131 laz\u0131m. Bunun m\u00fccadelesini beraber yapaca\u011f\u0131z. Daha sonra bunu ger\u00e7ekle\u015ftirdikten sonra hellalle\u015fmeyi sa\u011flayaca\u011f\u0131z.\u201d<\/p>\n<p><em><strong>https:\/\/www.agos.com.tr\/tr\/yazi\/26979\/chp-genel-baskani-kilicdaroglu-hrant-dink-vakfi-ni-ziyaret-etti\u00a0<\/strong><\/em><\/p>\n<div class=\"cf\"><\/div>\n<div class=\"tagcloud\">\n<h4><\/h4>\n<\/div>\n","protected":false},"excerpt":{"rendered":"<p>CHP Genel Ba\u015fkan\u0131 Kemal K\u0131l\u0131\u00e7daro\u011flu, Hrant Dink Vakf\u0131\u2019n\u0131 ziyaret ederek Hrant Dink\u2019in e\u015fi Rakel Dink ve o\u011flu Arat Dink ile ile g\u00f6r\u00fc\u015ft\u00fc. K\u0131l\u0131\u00e7daro\u011flu Dink cinayetinin hala ayd\u0131nlat\u0131lmad\u0131\u011f\u0131na dikkat \u00e7ekti. Ziyaret s\u0131ras\u0131nda K\u0131l\u0131\u00e7daro\u011flu&#8217;na CHP \u0130stanbul \u0130l Ba\u015fkan\u0131 Canan Kaftanc\u0131o\u011flu ve CHP milletvekili Sezgin Tanr\u0131kulu da e\u015flik etti. CHP Heyeti ziyaret s\u0131ras\u0131nda\u00a0 Ermeni toplumunun Paskalya Yortusu&#8217;nu da [&hellip;]<\/p>\n","protected":false},"author":7,"featured_media":68036,"comment_status":"open","ping_status":"open","sticky":false,"template":"","format":"standard","meta":{"footnotes":""},"categories":[1],"tags":[],"class_list":["post-68035","post","type-post","status-publish","format-standard","has-post-thumbnail","hentry","category-haberler"],"yoast_head":"<!-- This site is optimized with the Yoast SEO plugin v27.4 - https:\/\/yoast.com\/product\/yoast-seo-wordpress\/ -->\n<title>CHP Genel Ba\u015fkan\u0131 K\u0131l\u0131\u00e7daro\u011flu Hrant Dink Vakf\u0131&#039;n\u0131 ziyaret etti - Bati Ermenistan Ve Bati Ermenileri Sorunlari Ara\u015ftirmalar Merkezi<\/title>\n<meta name=\"robots\" content=\"index, follow, max-snippet:-1, max-image-preview:large, max-video-preview:-1\" \/>\n<link rel=\"canonical\" href=\"https:\/\/akunq.net\/tr\/?p=68035\" \/>\n<meta property=\"og:locale\" content=\"en_US\" \/>\n<meta property=\"og:type\" content=\"article\" \/>\n<meta property=\"og:title\" content=\"CHP Genel Ba\u015fkan\u0131 K\u0131l\u0131\u00e7daro\u011flu Hrant Dink Vakf\u0131&#039;n\u0131 ziyaret etti - Bati Ermenistan Ve Bati Ermenileri Sorunlari Ara\u015ftirmalar Merkezi\" \/>\n<meta property=\"og:description\" content=\"CHP Genel Ba\u015fkan\u0131 Kemal K\u0131l\u0131\u00e7daro\u011flu, Hrant Dink Vakf\u0131\u2019n\u0131 ziyaret ederek Hrant Dink\u2019in e\u015fi Rakel Dink ve o\u011flu Arat Dink ile ile g\u00f6r\u00fc\u015ft\u00fc. K\u0131l\u0131\u00e7daro\u011flu Dink cinayetinin hala ayd\u0131nlat\u0131lmad\u0131\u011f\u0131na dikkat \u00e7ekti. Ziyaret s\u0131ras\u0131nda K\u0131l\u0131\u00e7daro\u011flu&#8217;na CHP \u0130stanbul \u0130l Ba\u015fkan\u0131 Canan Kaftanc\u0131o\u011flu ve CHP milletvekili Sezgin Tanr\u0131kulu da e\u015flik etti. CHP Heyeti ziyaret s\u0131ras\u0131nda\u00a0 Ermeni toplumunun Paskalya Yortusu&#8217;nu da [&hellip;]\" \/>\n<meta property=\"og:url\" content=\"https:\/\/akunq.net\/tr\/?p=68035\" \/>\n<meta property=\"og:site_name\" content=\"Bati Ermenistan Ve Bati Ermenileri Sorunlari Ara\u015ftirmalar Merkezi\" \/>\n<meta property=\"article:published_time\" content=\"2022-04-18T06:54:11+00:00\" \/>\n<meta property=\"og:image\" content=\"https:\/\/akunq.net\/tr\/wp-content\/uploads\/sites\/6\/2022\/04\/K\u0131l\u0131\u00e7daro\u011flu-scaled.jpg\" \/>\n\t<meta property=\"og:image:width\" content=\"2560\" \/>\n\t<meta property=\"og:image:height\" content=\"1707\" \/>\n\t<meta property=\"og:image:type\" content=\"image\/jpeg\" \/>\n<meta name=\"author\" content=\"admin\" \/>\n<meta name=\"twitter:card\" content=\"summary_large_image\" \/>\n<meta name=\"twitter:label1\" content=\"Written by\" \/>\n\t<meta name=\"twitter:data1\" content=\"admin\" \/>\n\t<meta name=\"twitter:label2\" content=\"Est. reading time\" \/>\n\t<meta name=\"twitter:data2\" content=\"2 minutes\" \/>\n<script type=\"application\/ld+json\" class=\"yoast-schema-graph\">{\"@context\":\"https:\\\/\\\/schema.org\",\"@graph\":[{\"@type\":\"Article\",\"@id\":\"https:\\\/\\\/akunq.net\\\/tr\\\/?p=68035#article\",\"isPartOf\":{\"@id\":\"https:\\\/\\\/akunq.net\\\/tr\\\/?p=68035\"},\"author\":{\"name\":\"admin\",\"@id\":\"https:\\\/\\\/akunq.net\\\/tr\\\/#\\\/schema\\\/person\\\/096f1d38a12cce57fb855b485ed24c9e\"},\"headline\":\"CHP Genel Ba\u015fkan\u0131 K\u0131l\u0131\u00e7daro\u011flu Hrant Dink Vakf\u0131&#8217;n\u0131 ziyaret etti\",\"datePublished\":\"2022-04-18T06:54:11+00:00\",\"mainEntityOfPage\":{\"@id\":\"https:\\\/\\\/akunq.net\\\/tr\\\/?p=68035\"},\"wordCount\":486,\"commentCount\":0,\"image\":{\"@id\":\"https:\\\/\\\/akunq.net\\\/tr\\\/?p=68035#primaryimage\"},\"thumbnailUrl\":\"https:\\\/\\\/akunq.net\\\/tr\\\/wp-content\\\/uploads\\\/sites\\\/6\\\/2022\\\/04\\\/K\u0131l\u0131\u00e7daro\u011flu-scaled.jpg\",\"articleSection\":[\"Haberler\"],\"inLanguage\":\"en-US\",\"potentialAction\":[{\"@type\":\"CommentAction\",\"name\":\"Comment\",\"target\":[\"https:\\\/\\\/akunq.net\\\/tr\\\/?p=68035#respond\"]}]},{\"@type\":\"WebPage\",\"@id\":\"https:\\\/\\\/akunq.net\\\/tr\\\/?p=68035\",\"url\":\"https:\\\/\\\/akunq.net\\\/tr\\\/?p=68035\",\"name\":\"CHP Genel Ba\u015fkan\u0131 K\u0131l\u0131\u00e7daro\u011flu Hrant Dink Vakf\u0131'n\u0131 ziyaret etti - Bati Ermenistan Ve Bati Ermenileri Sorunlari Ara\u015ftirmalar Merkezi\",\"isPartOf\":{\"@id\":\"https:\\\/\\\/akunq.net\\\/tr\\\/#website\"},\"primaryImageOfPage\":{\"@id\":\"https:\\\/\\\/akunq.net\\\/tr\\\/?p=68035#primaryimage\"},\"image\":{\"@id\":\"https:\\\/\\\/akunq.net\\\/tr\\\/?p=68035#primaryimage\"},\"thumbnailUrl\":\"https:\\\/\\\/akunq.net\\\/tr\\\/wp-content\\\/uploads\\\/sites\\\/6\\\/2022\\\/04\\\/K\u0131l\u0131\u00e7daro\u011flu-scaled.jpg\",\"datePublished\":\"2022-04-18T06:54:11+00:00\",\"author\":{\"@id\":\"https:\\\/\\\/akunq.net\\\/tr\\\/#\\\/schema\\\/person\\\/096f1d38a12cce57fb855b485ed24c9e\"},\"breadcrumb\":{\"@id\":\"https:\\\/\\\/akunq.net\\\/tr\\\/?p=68035#breadcrumb\"},\"inLanguage\":\"en-US\",\"potentialAction\":[{\"@type\":\"ReadAction\",\"target\":[\"https:\\\/\\\/akunq.net\\\/tr\\\/?p=68035\"]}]},{\"@type\":\"ImageObject\",\"inLanguage\":\"en-US\",\"@id\":\"https:\\\/\\\/akunq.net\\\/tr\\\/?p=68035#primaryimage\",\"url\":\"https:\\\/\\\/akunq.net\\\/tr\\\/wp-content\\\/uploads\\\/sites\\\/6\\\/2022\\\/04\\\/K\u0131l\u0131\u00e7daro\u011flu-scaled.jpg\",\"contentUrl\":\"https:\\\/\\\/akunq.net\\\/tr\\\/wp-content\\\/uploads\\\/sites\\\/6\\\/2022\\\/04\\\/K\u0131l\u0131\u00e7daro\u011flu-scaled.jpg\",\"width\":2560,\"height\":1707,\"caption\":\"Cumhuriyet Halk Partisi Genel Ba\u015fkan\u0131 Kemal K\u0131l\u0131\u00e7daro\u011flu, \u0130stanbul \u015ei\u015fli\u2019de Hrant Dink Vakf\u0131\u2019n\u0131 ziyaret ederek Rakel Dink ve Arat Dink ile g\u00f6r\u00fc\u015ft\u00fc.\"},{\"@type\":\"BreadcrumbList\",\"@id\":\"https:\\\/\\\/akunq.net\\\/tr\\\/?p=68035#breadcrumb\",\"itemListElement\":[{\"@type\":\"ListItem\",\"position\":1,\"name\":\"Home\",\"item\":\"https:\\\/\\\/akunq.net\\\/tr\"},{\"@type\":\"ListItem\",\"position\":2,\"name\":\"CHP Genel Ba\u015fkan\u0131 K\u0131l\u0131\u00e7daro\u011flu Hrant Dink Vakf\u0131&#8217;n\u0131 ziyaret etti\"}]},{\"@type\":\"WebSite\",\"@id\":\"https:\\\/\\\/akunq.net\\\/tr\\\/#website\",\"url\":\"https:\\\/\\\/akunq.net\\\/tr\\\/\",\"name\":\"Bati Ermenistan Ve Bati Ermenileri Sorunlari Ara\u015ftirmalar Merkezi\",\"description\":\"\",\"potentialAction\":[{\"@type\":\"SearchAction\",\"target\":{\"@type\":\"EntryPoint\",\"urlTemplate\":\"https:\\\/\\\/akunq.net\\\/tr\\\/?s={search_term_string}\"},\"query-input\":{\"@type\":\"PropertyValueSpecification\",\"valueRequired\":true,\"valueName\":\"search_term_string\"}}],\"inLanguage\":\"en-US\"},{\"@type\":\"Person\",\"@id\":\"https:\\\/\\\/akunq.net\\\/tr\\\/#\\\/schema\\\/person\\\/096f1d38a12cce57fb855b485ed24c9e\",\"name\":\"admin\",\"url\":\"https:\\\/\\\/akunq.net\\\/tr\\\/?author=7\"}]}<\/script>\n<!-- \/ Yoast SEO plugin. -->","yoast_head_json":{"title":"CHP Genel Ba\u015fkan\u0131 K\u0131l\u0131\u00e7daro\u011flu Hrant Dink Vakf\u0131'n\u0131 ziyaret etti - Bati Ermenistan Ve Bati Ermenileri Sorunlari Ara\u015ftirmalar Merkezi","robots":{"index":"index","follow":"follow","max-snippet":"max-snippet:-1","max-image-preview":"max-image-preview:large","max-video-preview":"max-video-preview:-1"},"canonical":"https:\/\/akunq.net\/tr\/?p=68035","og_locale":"en_US","og_type":"article","og_title":"CHP Genel Ba\u015fkan\u0131 K\u0131l\u0131\u00e7daro\u011flu Hrant Dink Vakf\u0131'n\u0131 ziyaret etti - Bati Ermenistan Ve Bati Ermenileri Sorunlari Ara\u015ftirmalar Merkezi","og_description":"CHP Genel Ba\u015fkan\u0131 Kemal K\u0131l\u0131\u00e7daro\u011flu, Hrant Dink Vakf\u0131\u2019n\u0131 ziyaret ederek Hrant Dink\u2019in e\u015fi Rakel Dink ve o\u011flu Arat Dink ile ile g\u00f6r\u00fc\u015ft\u00fc. K\u0131l\u0131\u00e7daro\u011flu Dink cinayetinin hala ayd\u0131nlat\u0131lmad\u0131\u011f\u0131na dikkat \u00e7ekti. Ziyaret s\u0131ras\u0131nda K\u0131l\u0131\u00e7daro\u011flu&#8217;na CHP \u0130stanbul \u0130l Ba\u015fkan\u0131 Canan Kaftanc\u0131o\u011flu ve CHP milletvekili Sezgin Tanr\u0131kulu da e\u015flik etti. CHP Heyeti ziyaret s\u0131ras\u0131nda\u00a0 Ermeni toplumunun Paskalya Yortusu&#8217;nu da [&hellip;]","og_url":"https:\/\/akunq.net\/tr\/?p=68035","og_site_name":"Bati Ermenistan Ve Bati Ermenileri Sorunlari Ara\u015ftirmalar Merkezi","article_published_time":"2022-04-18T06:54:11+00:00","og_image":[{"width":2560,"height":1707,"url":"https:\/\/akunq.net\/tr\/wp-content\/uploads\/sites\/6\/2022\/04\/K\u0131l\u0131\u00e7daro\u011flu-scaled.jpg","type":"image\/jpeg"}],"author":"admin","twitter_card":"summary_large_image","twitter_misc":{"Written by":"admin","Est. reading time":"2 minutes"},"schema":{"@context":"https:\/\/schema.org","@graph":[{"@type":"Article","@id":"https:\/\/akunq.net\/tr\/?p=68035#article","isPartOf":{"@id":"https:\/\/akunq.net\/tr\/?p=68035"},"author":{"name":"admin","@id":"https:\/\/akunq.net\/tr\/#\/schema\/person\/096f1d38a12cce57fb855b485ed24c9e"},"headline":"CHP Genel Ba\u015fkan\u0131 K\u0131l\u0131\u00e7daro\u011flu Hrant Dink Vakf\u0131&#8217;n\u0131 ziyaret etti","datePublished":"2022-04-18T06:54:11+00:00","mainEntityOfPage":{"@id":"https:\/\/akunq.net\/tr\/?p=68035"},"wordCount":486,"commentCount":0,"image":{"@id":"https:\/\/akunq.net\/tr\/?p=68035#primaryimage"},"thumbnailUrl":"https:\/\/akunq.net\/tr\/wp-content\/uploads\/sites\/6\/2022\/04\/K\u0131l\u0131\u00e7daro\u011flu-scaled.jpg","articleSection":["Haberler"],"inLanguage":"en-US","potentialAction":[{"@type":"CommentAction","name":"Comment","target":["https:\/\/akunq.net\/tr\/?p=68035#respond"]}]},{"@type":"WebPage","@id":"https:\/\/akunq.net\/tr\/?p=68035","url":"https:\/\/akunq.net\/tr\/?p=68035","name":"CHP Genel Ba\u015fkan\u0131 K\u0131l\u0131\u00e7daro\u011flu Hrant Dink Vakf\u0131'n\u0131 ziyaret etti - Bati Ermenistan Ve Bati Ermenileri Sorunlari Ara\u015ftirmalar Merkezi","isPartOf":{"@id":"https:\/\/akunq.net\/tr\/#website"},"primaryImageOfPage":{"@id":"https:\/\/akunq.net\/tr\/?p=68035#primaryimage"},"image":{"@id":"https:\/\/akunq.net\/tr\/?p=68035#primaryimage"},"thumbnailUrl":"https:\/\/akunq.net\/tr\/wp-content\/uploads\/sites\/6\/2022\/04\/K\u0131l\u0131\u00e7daro\u011flu-scaled.jpg","datePublished":"2022-04-18T06:54:11+00:00","author":{"@id":"https:\/\/akunq.net\/tr\/#\/schema\/person\/096f1d38a12cce57fb855b485ed24c9e"},"breadcrumb":{"@id":"https:\/\/akunq.net\/tr\/?p=68035#breadcrumb"},"inLanguage":"en-US","potentialAction":[{"@type":"ReadAction","target":["https:\/\/akunq.net\/tr\/?p=68035"]}]},{"@type":"ImageObject","inLanguage":"en-US","@id":"https:\/\/akunq.net\/tr\/?p=68035#primaryimage","url":"https:\/\/akunq.net\/tr\/wp-content\/uploads\/sites\/6\/2022\/04\/K\u0131l\u0131\u00e7daro\u011flu-scaled.jpg","contentUrl":"https:\/\/akunq.net\/tr\/wp-content\/uploads\/sites\/6\/2022\/04\/K\u0131l\u0131\u00e7daro\u011flu-scaled.jpg","width":2560,"height":1707,"caption":"Cumhuriyet Halk Partisi Genel Ba\u015fkan\u0131 Kemal K\u0131l\u0131\u00e7daro\u011flu, \u0130stanbul \u015ei\u015fli\u2019de Hrant Dink Vakf\u0131\u2019n\u0131 ziyaret ederek Rakel Dink ve Arat Dink ile g\u00f6r\u00fc\u015ft\u00fc."},{"@type":"BreadcrumbList","@id":"https:\/\/akunq.net\/tr\/?p=68035#breadcrumb","itemListElement":[{"@type":"ListItem","position":1,"name":"Home","item":"https:\/\/akunq.net\/tr"},{"@type":"ListItem","position":2,"name":"CHP Genel Ba\u015fkan\u0131 K\u0131l\u0131\u00e7daro\u011flu Hrant Dink Vakf\u0131&#8217;n\u0131 ziyaret etti"}]},{"@type":"WebSite","@id":"https:\/\/akunq.net\/tr\/#website","url":"https:\/\/akunq.net\/tr\/","name":"Bati Ermenistan Ve Bati Ermenileri Sorunlari Ara\u015ftirmalar Merkezi","description":"","potentialAction":[{"@type":"SearchAction","target":{"@type":"EntryPoint","urlTemplate":"https:\/\/akunq.net\/tr\/?s={search_term_string}"},"query-input":{"@type":"PropertyValueSpecification","valueRequired":true,"valueName":"search_term_string"}}],"inLanguage":"en-US"},{"@type":"Person","@id":"https:\/\/akunq.net\/tr\/#\/schema\/person\/096f1d38a12cce57fb855b485ed24c9e","name":"admin","url":"https:\/\/akunq.net\/tr\/?author=7"}]}},"_links":{"self":[{"href":"https:\/\/akunq.net\/tr\/index.php?rest_route=\/wp\/v2\/posts\/68035","targetHints":{"allow":["GET"]}}],"collection":[{"href":"https:\/\/akunq.net\/tr\/index.php?rest_route=\/wp\/v2\/posts"}],"about":[{"href":"https:\/\/akunq.net\/tr\/index.php?rest_route=\/wp\/v2\/types\/post"}],"author":[{"embeddable":true,"href":"https:\/\/akunq.net\/tr\/index.php?rest_route=\/wp\/v2\/users\/7"}],"replies":[{"embeddable":true,"href":"https:\/\/akunq.net\/tr\/index.php?rest_route=%2Fwp%2Fv2%2Fcomments&post=68035"}],"version-history":[{"count":1,"href":"https:\/\/akunq.net\/tr\/index.php?rest_route=\/wp\/v2\/posts\/68035\/revisions"}],"predecessor-version":[{"id":68037,"href":"https:\/\/akunq.net\/tr\/index.php?rest_route=\/wp\/v2\/posts\/68035\/revisions\/68037"}],"wp:featuredmedia":[{"embeddable":true,"href":"https:\/\/akunq.net\/tr\/index.php?rest_route=\/wp\/v2\/media\/68036"}],"wp:attachment":[{"href":"https:\/\/akunq.net\/tr\/index.php?rest_route=%2Fwp%2Fv2%2Fmedia&parent=68035"}],"wp:term":[{"taxonomy":"category","embeddable":true,"href":"https:\/\/akunq.net\/tr\/index.php?rest_route=%2Fwp%2Fv2%2Fcategories&post=68035"},{"taxonomy":"post_tag","embeddable":true,"href":"https:\/\/akunq.net\/tr\/index.php?rest_route=%2Fwp%2Fv2%2Ftags&post=68035"}],"curies":[{"name":"wp","href":"https:\/\/api.w.org\/{rel}","templated":true}]}}