{"id":68028,"date":"2022-04-15T05:28:45","date_gmt":"2022-04-15T10:28:45","guid":{"rendered":"https:\/\/akunq.net\/tr\/?p=68028"},"modified":"2022-04-15T05:28:45","modified_gmt":"2022-04-15T10:28:45","slug":"istanbulda-bir-ermeni-okulu-uzerinde-vandallik-izleri","status":"publish","type":"post","link":"https:\/\/akunq.net\/tr\/?p=68028","title":{"rendered":"\u0130stanbul&#8217;da bir Ermeni okulu \u00fczerinde vandall\u0131k izleri"},"content":{"rendered":"<p><img loading=\"lazy\" decoding=\"async\" class=\"aligncenter size-medium wp-image-68029\" src=\"https:\/\/akunq.net\/tr\/wp-content\/uploads\/2022\/04\/\u0130stanbulda-bir-Ermeni-okulu-360x242.jpg\" alt=\"\" width=\"360\" height=\"242\" srcset=\"https:\/\/akunq.net\/tr\/wp-content\/uploads\/sites\/6\/2022\/04\/\u0130stanbulda-bir-Ermeni-okulu-360x242.jpg 360w, https:\/\/akunq.net\/tr\/wp-content\/uploads\/sites\/6\/2022\/04\/\u0130stanbulda-bir-Ermeni-okulu-560x376.jpg 560w, https:\/\/akunq.net\/tr\/wp-content\/uploads\/sites\/6\/2022\/04\/\u0130stanbulda-bir-Ermeni-okulu-260x175.jpg 260w, https:\/\/akunq.net\/tr\/wp-content\/uploads\/sites\/6\/2022\/04\/\u0130stanbulda-bir-Ermeni-okulu-160x107.jpg 160w, https:\/\/akunq.net\/tr\/wp-content\/uploads\/sites\/6\/2022\/04\/\u0130stanbulda-bir-Ermeni-okulu.jpg 670w\" sizes=\"auto, (max-width: 360px) 100vw, 360px\" \/><\/p>\n<p><em><strong>T\u00fcrkiye&#8217;nin \u0130stanbul \u015fehrinde bir Ermeni okulu tekrar vandall\u0131\u011fa maruz kald\u0131.<\/strong><\/em><\/p>\n<p>Armenpress&#8217;in \u201cMassispost\u2019a\u201d at\u0131fta bulunarak sundu\u011fu bilgilere g\u00f6re Ermeniler Ermeni Soyk\u0131r\u0131m\u0131&#8217;n\u0131n anma y\u0131ld\u00f6n\u00fcm\u00fc i\u00e7in haz\u0131rlan\u0131rken o s\u0131rada \u0130stanbul\u2019da vandall\u0131k eylemi ger\u00e7ekle\u015ftiriliyor.<\/p>\n<p>2016 y\u0131l\u0131n\u0131n Kas\u0131m ay\u0131nda \u00a0\u0130stanbul&#8217;da ayn\u0131 okula y\u00f6nelik yine vandall\u0131k eylemleri de ya\u015fand\u0131. O zaman okulun duvarlar\u0131nda &#8220;Bir gece ans\u0131z\u0131n Karaba\u011f&#8217;a gelebiliriz&#8221; yaz\u0131lm\u0131\u015ft\u0131.<\/p>\n<p>Yine 2016 y\u0131l\u0131nda \u00dcsk\u00fcdar Kutsal Ha\u00e7 Ruhban Okulu ve \u00dcsk\u00fcdar Kalfayan Okulu \u00fczerinde de Ermeni kar\u015f\u0131t\u0131 grafitiler \u00e7izilmi\u015fti. Duvarlarda &#8220;Ya\u015fas\u0131n T\u00fcrk \u0131rk\u0131&#8221; ve &#8220;Ermenilere \u0130\u015fkence Edin&#8221; yaz\u0131lar\u0131 yer alm\u0131\u015ft\u0131.<\/p>\n<p><em><strong>https:\/\/armenpress.am\/tur\/news\/1080706.html\u00a0<\/strong><\/em><\/p>\n","protected":false},"excerpt":{"rendered":"<p>T\u00fcrkiye&#8217;nin \u0130stanbul \u015fehrinde bir Ermeni okulu tekrar vandall\u0131\u011fa maruz kald\u0131. Armenpress&#8217;in \u201cMassispost\u2019a\u201d at\u0131fta bulunarak sundu\u011fu bilgilere g\u00f6re Ermeniler Ermeni Soyk\u0131r\u0131m\u0131&#8217;n\u0131n anma y\u0131ld\u00f6n\u00fcm\u00fc i\u00e7in haz\u0131rlan\u0131rken o s\u0131rada \u0130stanbul\u2019da vandall\u0131k eylemi ger\u00e7ekle\u015ftiriliyor. 2016 y\u0131l\u0131n\u0131n Kas\u0131m ay\u0131nda \u00a0\u0130stanbul&#8217;da ayn\u0131 okula y\u00f6nelik yine vandall\u0131k eylemleri de ya\u015fand\u0131. O zaman okulun duvarlar\u0131nda &#8220;Bir gece ans\u0131z\u0131n Karaba\u011f&#8217;a gelebiliriz&#8221; yaz\u0131lm\u0131\u015ft\u0131. Yine 2016 [&hellip;]<\/p>\n","protected":false},"author":7,"featured_media":68029,"comment_status":"open","ping_status":"open","sticky":false,"template":"","format":"standard","meta":{"footnotes":""},"categories":[1],"tags":[],"class_list":["post-68028","post","type-post","status-publish","format-standard","has-post-thumbnail","hentry","category-haberler"],"yoast_head":"<!-- This site is optimized with the Yoast SEO plugin v27.4 - https:\/\/yoast.com\/product\/yoast-seo-wordpress\/ -->\n<title>\u0130stanbul&#039;da bir Ermeni okulu \u00fczerinde vandall\u0131k izleri - Bati Ermenistan Ve Bati Ermenileri Sorunlari Ara\u015ftirmalar Merkezi<\/title>\n<meta name=\"robots\" content=\"index, follow, max-snippet:-1, max-image-preview:large, max-video-preview:-1\" \/>\n<link rel=\"canonical\" href=\"https:\/\/akunq.net\/tr\/?p=68028\" \/>\n<meta property=\"og:locale\" content=\"en_US\" \/>\n<meta property=\"og:type\" content=\"article\" \/>\n<meta property=\"og:title\" content=\"\u0130stanbul&#039;da bir Ermeni okulu \u00fczerinde vandall\u0131k izleri - Bati Ermenistan Ve Bati Ermenileri Sorunlari Ara\u015ftirmalar Merkezi\" \/>\n<meta property=\"og:description\" content=\"T\u00fcrkiye&#8217;nin \u0130stanbul \u015fehrinde bir Ermeni okulu tekrar vandall\u0131\u011fa maruz kald\u0131. Armenpress&#8217;in \u201cMassispost\u2019a\u201d at\u0131fta bulunarak sundu\u011fu bilgilere g\u00f6re Ermeniler Ermeni Soyk\u0131r\u0131m\u0131&#8217;n\u0131n anma y\u0131ld\u00f6n\u00fcm\u00fc i\u00e7in haz\u0131rlan\u0131rken o s\u0131rada \u0130stanbul\u2019da vandall\u0131k eylemi ger\u00e7ekle\u015ftiriliyor. 2016 y\u0131l\u0131n\u0131n Kas\u0131m ay\u0131nda \u00a0\u0130stanbul&#8217;da ayn\u0131 okula y\u00f6nelik yine vandall\u0131k eylemleri de ya\u015fand\u0131. O zaman okulun duvarlar\u0131nda &#8220;Bir gece ans\u0131z\u0131n Karaba\u011f&#8217;a gelebiliriz&#8221; yaz\u0131lm\u0131\u015ft\u0131. Yine 2016 [&hellip;]\" \/>\n<meta property=\"og:url\" content=\"https:\/\/akunq.net\/tr\/?p=68028\" \/>\n<meta property=\"og:site_name\" content=\"Bati Ermenistan Ve Bati Ermenileri Sorunlari Ara\u015ftirmalar Merkezi\" \/>\n<meta property=\"article:published_time\" content=\"2022-04-15T10:28:45+00:00\" \/>\n<meta property=\"og:image\" content=\"https:\/\/akunq.net\/tr\/wp-content\/uploads\/sites\/6\/2022\/04\/\u0130stanbulda-bir-Ermeni-okulu.jpg\" \/>\n\t<meta property=\"og:image:width\" content=\"670\" \/>\n\t<meta property=\"og:image:height\" content=\"450\" \/>\n\t<meta property=\"og:image:type\" content=\"image\/jpeg\" \/>\n<meta name=\"author\" content=\"admin\" \/>\n<meta name=\"twitter:card\" content=\"summary_large_image\" \/>\n<meta name=\"twitter:label1\" content=\"Written by\" \/>\n\t<meta name=\"twitter:data1\" content=\"admin\" \/>\n\t<meta name=\"twitter:label2\" content=\"Est. reading time\" \/>\n\t<meta name=\"twitter:data2\" content=\"1 minute\" \/>\n<script type=\"application\/ld+json\" class=\"yoast-schema-graph\">{\"@context\":\"https:\\\/\\\/schema.org\",\"@graph\":[{\"@type\":\"Article\",\"@id\":\"https:\\\/\\\/akunq.net\\\/tr\\\/?p=68028#article\",\"isPartOf\":{\"@id\":\"https:\\\/\\\/akunq.net\\\/tr\\\/?p=68028\"},\"author\":{\"name\":\"admin\",\"@id\":\"https:\\\/\\\/akunq.net\\\/tr\\\/#\\\/schema\\\/person\\\/096f1d38a12cce57fb855b485ed24c9e\"},\"headline\":\"\u0130stanbul&#8217;da bir Ermeni okulu \u00fczerinde vandall\u0131k izleri\",\"datePublished\":\"2022-04-15T10:28:45+00:00\",\"mainEntityOfPage\":{\"@id\":\"https:\\\/\\\/akunq.net\\\/tr\\\/?p=68028\"},\"wordCount\":140,\"commentCount\":0,\"image\":{\"@id\":\"https:\\\/\\\/akunq.net\\\/tr\\\/?p=68028#primaryimage\"},\"thumbnailUrl\":\"https:\\\/\\\/akunq.net\\\/tr\\\/wp-content\\\/uploads\\\/sites\\\/6\\\/2022\\\/04\\\/\u0130stanbulda-bir-Ermeni-okulu.jpg\",\"articleSection\":[\"Haberler\"],\"inLanguage\":\"en-US\",\"potentialAction\":[{\"@type\":\"CommentAction\",\"name\":\"Comment\",\"target\":[\"https:\\\/\\\/akunq.net\\\/tr\\\/?p=68028#respond\"]}]},{\"@type\":\"WebPage\",\"@id\":\"https:\\\/\\\/akunq.net\\\/tr\\\/?p=68028\",\"url\":\"https:\\\/\\\/akunq.net\\\/tr\\\/?p=68028\",\"name\":\"\u0130stanbul'da bir Ermeni okulu \u00fczerinde vandall\u0131k izleri - Bati Ermenistan Ve Bati Ermenileri Sorunlari Ara\u015ftirmalar Merkezi\",\"isPartOf\":{\"@id\":\"https:\\\/\\\/akunq.net\\\/tr\\\/#website\"},\"primaryImageOfPage\":{\"@id\":\"https:\\\/\\\/akunq.net\\\/tr\\\/?p=68028#primaryimage\"},\"image\":{\"@id\":\"https:\\\/\\\/akunq.net\\\/tr\\\/?p=68028#primaryimage\"},\"thumbnailUrl\":\"https:\\\/\\\/akunq.net\\\/tr\\\/wp-content\\\/uploads\\\/sites\\\/6\\\/2022\\\/04\\\/\u0130stanbulda-bir-Ermeni-okulu.jpg\",\"datePublished\":\"2022-04-15T10:28:45+00:00\",\"author\":{\"@id\":\"https:\\\/\\\/akunq.net\\\/tr\\\/#\\\/schema\\\/person\\\/096f1d38a12cce57fb855b485ed24c9e\"},\"breadcrumb\":{\"@id\":\"https:\\\/\\\/akunq.net\\\/tr\\\/?p=68028#breadcrumb\"},\"inLanguage\":\"en-US\",\"potentialAction\":[{\"@type\":\"ReadAction\",\"target\":[\"https:\\\/\\\/akunq.net\\\/tr\\\/?p=68028\"]}]},{\"@type\":\"ImageObject\",\"inLanguage\":\"en-US\",\"@id\":\"https:\\\/\\\/akunq.net\\\/tr\\\/?p=68028#primaryimage\",\"url\":\"https:\\\/\\\/akunq.net\\\/tr\\\/wp-content\\\/uploads\\\/sites\\\/6\\\/2022\\\/04\\\/\u0130stanbulda-bir-Ermeni-okulu.jpg\",\"contentUrl\":\"https:\\\/\\\/akunq.net\\\/tr\\\/wp-content\\\/uploads\\\/sites\\\/6\\\/2022\\\/04\\\/\u0130stanbulda-bir-Ermeni-okulu.jpg\",\"width\":670,\"height\":450},{\"@type\":\"BreadcrumbList\",\"@id\":\"https:\\\/\\\/akunq.net\\\/tr\\\/?p=68028#breadcrumb\",\"itemListElement\":[{\"@type\":\"ListItem\",\"position\":1,\"name\":\"Home\",\"item\":\"https:\\\/\\\/akunq.net\\\/tr\"},{\"@type\":\"ListItem\",\"position\":2,\"name\":\"\u0130stanbul&#8217;da bir Ermeni okulu \u00fczerinde vandall\u0131k izleri\"}]},{\"@type\":\"WebSite\",\"@id\":\"https:\\\/\\\/akunq.net\\\/tr\\\/#website\",\"url\":\"https:\\\/\\\/akunq.net\\\/tr\\\/\",\"name\":\"Bati Ermenistan Ve Bati Ermenileri Sorunlari Ara\u015ftirmalar Merkezi\",\"description\":\"\",\"potentialAction\":[{\"@type\":\"SearchAction\",\"target\":{\"@type\":\"EntryPoint\",\"urlTemplate\":\"https:\\\/\\\/akunq.net\\\/tr\\\/?s={search_term_string}\"},\"query-input\":{\"@type\":\"PropertyValueSpecification\",\"valueRequired\":true,\"valueName\":\"search_term_string\"}}],\"inLanguage\":\"en-US\"},{\"@type\":\"Person\",\"@id\":\"https:\\\/\\\/akunq.net\\\/tr\\\/#\\\/schema\\\/person\\\/096f1d38a12cce57fb855b485ed24c9e\",\"name\":\"admin\",\"url\":\"https:\\\/\\\/akunq.net\\\/tr\\\/?author=7\"}]}<\/script>\n<!-- \/ Yoast SEO plugin. -->","yoast_head_json":{"title":"\u0130stanbul'da bir Ermeni okulu \u00fczerinde vandall\u0131k izleri - Bati Ermenistan Ve Bati Ermenileri Sorunlari Ara\u015ftirmalar Merkezi","robots":{"index":"index","follow":"follow","max-snippet":"max-snippet:-1","max-image-preview":"max-image-preview:large","max-video-preview":"max-video-preview:-1"},"canonical":"https:\/\/akunq.net\/tr\/?p=68028","og_locale":"en_US","og_type":"article","og_title":"\u0130stanbul'da bir Ermeni okulu \u00fczerinde vandall\u0131k izleri - Bati Ermenistan Ve Bati Ermenileri Sorunlari Ara\u015ftirmalar Merkezi","og_description":"T\u00fcrkiye&#8217;nin \u0130stanbul \u015fehrinde bir Ermeni okulu tekrar vandall\u0131\u011fa maruz kald\u0131. Armenpress&#8217;in \u201cMassispost\u2019a\u201d at\u0131fta bulunarak sundu\u011fu bilgilere g\u00f6re Ermeniler Ermeni Soyk\u0131r\u0131m\u0131&#8217;n\u0131n anma y\u0131ld\u00f6n\u00fcm\u00fc i\u00e7in haz\u0131rlan\u0131rken o s\u0131rada \u0130stanbul\u2019da vandall\u0131k eylemi ger\u00e7ekle\u015ftiriliyor. 2016 y\u0131l\u0131n\u0131n Kas\u0131m ay\u0131nda \u00a0\u0130stanbul&#8217;da ayn\u0131 okula y\u00f6nelik yine vandall\u0131k eylemleri de ya\u015fand\u0131. O zaman okulun duvarlar\u0131nda &#8220;Bir gece ans\u0131z\u0131n Karaba\u011f&#8217;a gelebiliriz&#8221; yaz\u0131lm\u0131\u015ft\u0131. Yine 2016 [&hellip;]","og_url":"https:\/\/akunq.net\/tr\/?p=68028","og_site_name":"Bati Ermenistan Ve Bati Ermenileri Sorunlari Ara\u015ftirmalar Merkezi","article_published_time":"2022-04-15T10:28:45+00:00","og_image":[{"width":670,"height":450,"url":"https:\/\/akunq.net\/tr\/wp-content\/uploads\/sites\/6\/2022\/04\/\u0130stanbulda-bir-Ermeni-okulu.jpg","type":"image\/jpeg"}],"author":"admin","twitter_card":"summary_large_image","twitter_misc":{"Written by":"admin","Est. reading time":"1 minute"},"schema":{"@context":"https:\/\/schema.org","@graph":[{"@type":"Article","@id":"https:\/\/akunq.net\/tr\/?p=68028#article","isPartOf":{"@id":"https:\/\/akunq.net\/tr\/?p=68028"},"author":{"name":"admin","@id":"https:\/\/akunq.net\/tr\/#\/schema\/person\/096f1d38a12cce57fb855b485ed24c9e"},"headline":"\u0130stanbul&#8217;da bir Ermeni okulu \u00fczerinde vandall\u0131k izleri","datePublished":"2022-04-15T10:28:45+00:00","mainEntityOfPage":{"@id":"https:\/\/akunq.net\/tr\/?p=68028"},"wordCount":140,"commentCount":0,"image":{"@id":"https:\/\/akunq.net\/tr\/?p=68028#primaryimage"},"thumbnailUrl":"https:\/\/akunq.net\/tr\/wp-content\/uploads\/sites\/6\/2022\/04\/\u0130stanbulda-bir-Ermeni-okulu.jpg","articleSection":["Haberler"],"inLanguage":"en-US","potentialAction":[{"@type":"CommentAction","name":"Comment","target":["https:\/\/akunq.net\/tr\/?p=68028#respond"]}]},{"@type":"WebPage","@id":"https:\/\/akunq.net\/tr\/?p=68028","url":"https:\/\/akunq.net\/tr\/?p=68028","name":"\u0130stanbul'da bir Ermeni okulu \u00fczerinde vandall\u0131k izleri - Bati Ermenistan Ve Bati Ermenileri Sorunlari Ara\u015ftirmalar Merkezi","isPartOf":{"@id":"https:\/\/akunq.net\/tr\/#website"},"primaryImageOfPage":{"@id":"https:\/\/akunq.net\/tr\/?p=68028#primaryimage"},"image":{"@id":"https:\/\/akunq.net\/tr\/?p=68028#primaryimage"},"thumbnailUrl":"https:\/\/akunq.net\/tr\/wp-content\/uploads\/sites\/6\/2022\/04\/\u0130stanbulda-bir-Ermeni-okulu.jpg","datePublished":"2022-04-15T10:28:45+00:00","author":{"@id":"https:\/\/akunq.net\/tr\/#\/schema\/person\/096f1d38a12cce57fb855b485ed24c9e"},"breadcrumb":{"@id":"https:\/\/akunq.net\/tr\/?p=68028#breadcrumb"},"inLanguage":"en-US","potentialAction":[{"@type":"ReadAction","target":["https:\/\/akunq.net\/tr\/?p=68028"]}]},{"@type":"ImageObject","inLanguage":"en-US","@id":"https:\/\/akunq.net\/tr\/?p=68028#primaryimage","url":"https:\/\/akunq.net\/tr\/wp-content\/uploads\/sites\/6\/2022\/04\/\u0130stanbulda-bir-Ermeni-okulu.jpg","contentUrl":"https:\/\/akunq.net\/tr\/wp-content\/uploads\/sites\/6\/2022\/04\/\u0130stanbulda-bir-Ermeni-okulu.jpg","width":670,"height":450},{"@type":"BreadcrumbList","@id":"https:\/\/akunq.net\/tr\/?p=68028#breadcrumb","itemListElement":[{"@type":"ListItem","position":1,"name":"Home","item":"https:\/\/akunq.net\/tr"},{"@type":"ListItem","position":2,"name":"\u0130stanbul&#8217;da bir Ermeni okulu \u00fczerinde vandall\u0131k izleri"}]},{"@type":"WebSite","@id":"https:\/\/akunq.net\/tr\/#website","url":"https:\/\/akunq.net\/tr\/","name":"Bati Ermenistan Ve Bati Ermenileri Sorunlari Ara\u015ftirmalar Merkezi","description":"","potentialAction":[{"@type":"SearchAction","target":{"@type":"EntryPoint","urlTemplate":"https:\/\/akunq.net\/tr\/?s={search_term_string}"},"query-input":{"@type":"PropertyValueSpecification","valueRequired":true,"valueName":"search_term_string"}}],"inLanguage":"en-US"},{"@type":"Person","@id":"https:\/\/akunq.net\/tr\/#\/schema\/person\/096f1d38a12cce57fb855b485ed24c9e","name":"admin","url":"https:\/\/akunq.net\/tr\/?author=7"}]}},"_links":{"self":[{"href":"https:\/\/akunq.net\/tr\/index.php?rest_route=\/wp\/v2\/posts\/68028","targetHints":{"allow":["GET"]}}],"collection":[{"href":"https:\/\/akunq.net\/tr\/index.php?rest_route=\/wp\/v2\/posts"}],"about":[{"href":"https:\/\/akunq.net\/tr\/index.php?rest_route=\/wp\/v2\/types\/post"}],"author":[{"embeddable":true,"href":"https:\/\/akunq.net\/tr\/index.php?rest_route=\/wp\/v2\/users\/7"}],"replies":[{"embeddable":true,"href":"https:\/\/akunq.net\/tr\/index.php?rest_route=%2Fwp%2Fv2%2Fcomments&post=68028"}],"version-history":[{"count":1,"href":"https:\/\/akunq.net\/tr\/index.php?rest_route=\/wp\/v2\/posts\/68028\/revisions"}],"predecessor-version":[{"id":68030,"href":"https:\/\/akunq.net\/tr\/index.php?rest_route=\/wp\/v2\/posts\/68028\/revisions\/68030"}],"wp:featuredmedia":[{"embeddable":true,"href":"https:\/\/akunq.net\/tr\/index.php?rest_route=\/wp\/v2\/media\/68029"}],"wp:attachment":[{"href":"https:\/\/akunq.net\/tr\/index.php?rest_route=%2Fwp%2Fv2%2Fmedia&parent=68028"}],"wp:term":[{"taxonomy":"category","embeddable":true,"href":"https:\/\/akunq.net\/tr\/index.php?rest_route=%2Fwp%2Fv2%2Fcategories&post=68028"},{"taxonomy":"post_tag","embeddable":true,"href":"https:\/\/akunq.net\/tr\/index.php?rest_route=%2Fwp%2Fv2%2Ftags&post=68028"}],"curies":[{"name":"wp","href":"https:\/\/api.w.org\/{rel}","templated":true}]}}