{"id":68022,"date":"2022-04-15T03:54:23","date_gmt":"2022-04-15T08:54:23","guid":{"rendered":"https:\/\/akunq.net\/tr\/?p=68022"},"modified":"2022-04-15T03:54:23","modified_gmt":"2022-04-15T08:54:23","slug":"tarih-size-bakiyor-ara-guler-fotograflarinda-arkeoloji-sergisi-acildi","status":"publish","type":"post","link":"https:\/\/akunq.net\/tr\/?p=68022","title":{"rendered":"\u2018Tarih Size Bak\u0131yor Ara G\u00fcler Foto\u011fraflar\u0131nda Arkeoloji\u2019 sergisi a\u00e7\u0131ld\u0131"},"content":{"rendered":"<p><img loading=\"lazy\" decoding=\"async\" class=\"aligncenter size-medium wp-image-68023\" src=\"https:\/\/akunq.net\/tr\/wp-content\/uploads\/2022\/04\/Ara-G\u00fcler-Foto\u011fraflar\u0131nda-Arkeoloji-q1-360x203.jpg\" alt=\"\" width=\"360\" height=\"203\" srcset=\"https:\/\/akunq.net\/tr\/wp-content\/uploads\/sites\/6\/2022\/04\/Ara-G\u00fcler-Foto\u011fraflar\u0131nda-Arkeoloji-q1-360x203.jpg 360w, https:\/\/akunq.net\/tr\/wp-content\/uploads\/sites\/6\/2022\/04\/Ara-G\u00fcler-Foto\u011fraflar\u0131nda-Arkeoloji-q1-768x432.jpg 768w, https:\/\/akunq.net\/tr\/wp-content\/uploads\/sites\/6\/2022\/04\/Ara-G\u00fcler-Foto\u011fraflar\u0131nda-Arkeoloji-q1-560x315.jpg 560w, https:\/\/akunq.net\/tr\/wp-content\/uploads\/sites\/6\/2022\/04\/Ara-G\u00fcler-Foto\u011fraflar\u0131nda-Arkeoloji-q1-260x146.jpg 260w, https:\/\/akunq.net\/tr\/wp-content\/uploads\/sites\/6\/2022\/04\/Ara-G\u00fcler-Foto\u011fraflar\u0131nda-Arkeoloji-q1-160x90.jpg 160w, https:\/\/akunq.net\/tr\/wp-content\/uploads\/sites\/6\/2022\/04\/Ara-G\u00fcler-Foto\u011fraflar\u0131nda-Arkeoloji-q1.jpg 864w\" sizes=\"auto, (max-width: 360px) 100vw, 360px\" \/><\/p>\n<p><em><strong>K\u00fclt\u00fcr ve Turizm Bakanl\u0131\u011f\u0131 ile Gaziantep B\u00fcy\u00fck\u015fehir Belediyesi i\u015f birli\u011fiyle T\u00fcrk Arkeoloji ve K\u00fclt\u00fcrel Miras Enstit\u00fcs\u00fc\u2019nde \u201cTarih Size Bak\u0131yor Ara G\u00fcler Foto\u011fraflar\u0131nda Arkeoloji\u201d sergisi a\u00e7\u0131ld\u0131.<\/strong><\/em><\/p>\n<p><strong>Mehmet Akif Parlak<\/strong><\/p>\n<p>Gaziantep Vali Yard\u0131mc\u0131s\u0131 Nihat Karabiber, a\u00e7\u0131l\u0131\u015ftaki konu\u015fmas\u0131nda, T\u00fcrk Arkeoloji ve K\u00fclt\u00fcrel Miras Enstit\u00fcs\u00fcn\u00fcn yap\u0131m\u0131nda eme\u011fi ge\u00e7enlere te\u015fekk\u00fcr etti.<\/p>\n<p>Tarihi mekanda tarihi foto\u011fraflara bakman\u0131n kendisine heyecanland\u0131rd\u0131\u011f\u0131n\u0131 belirten Karabiber, \u201cG\u00fczel i\u015f birli\u011finin g\u00f6rev payla\u015f\u0131m\u0131n\u0131n g\u00fczel esere d\u00f6n\u00fc\u015f\u00fcn\u00fc g\u00f6r\u00fcyorsunuz. Binlerce y\u0131ll\u0131k tarihimizi gelecek nesillere ula\u015f\u0131lmas\u0131 noktas\u0131nda b\u00fcy\u00fck bilimsel \u00e7al\u0131\u015fmalar yap\u0131lacak burada in\u015fallah.\u201d dedi.<\/p>\n<p>Gaziantep B\u00fcy\u00fck\u015fehir Belediye Ba\u015fkan\u0131 Fatma \u015eahin de T\u00fcrk Arkeoloji ve K\u00fclt\u00fcrel Miras Enstit\u00fcs\u00fcn\u00fcn Bey Mahallesi\u2019ndeki 162 y\u0131ll\u0131k Kendirli Kilisesi\u2019nin restore edilmesinin ard\u0131ndan kuruldu\u011funu belirterek, b\u00f6lge arkeolojisi i\u00e7in \u00f6neminden bahsetti.<\/p>\n<p>Foto\u011fraf\u0131n tarihe \u0131\u015f\u0131k tutan \u00f6n \u00f6nemli etkenlerden biri oldu\u011funu belirten \u015eahin, \u201cAra G\u00fcler gibi bir sanat\u00e7\u0131yla birlikte burada bir etkinli\u011fin olmas\u0131 bizim i\u00e7in \u00e7ok \u00f6nemli. \u00c7ok g\u00fczel bir s\u00f6z var, \u2018son nefesin bitti\u011finde \u00f6lm\u00fcyorsun unutuldu\u011funda \u00f6l\u00fcyorsun.\u2019 Ara G\u00fcler unutulmuyor, sanat\u00e7\u0131lar unutulmuyor. Ruhumuzda ya\u015f\u0131yorlar, Onlar\u0131 rahmet ve milletle an\u0131yoruz.\u201d \u015feklinde konu\u015ftu.<\/p>\n<p>Bas\u0131n \u0130lan Kurumu Y\u00f6netim Kurulu Ba\u015fkan\u0131 Prof. Dr. Edibe S\u00f6zen ise s\u00f6z konusu enstit\u00fcn\u00fcn yap\u0131m\u0131nda eme\u011fi ge\u00e7enlere te\u015fekk\u00fcr ederek, \u201cBu enstit\u00fc bu \u015fehrin nazar boncu\u011fu olacak. Foto\u011fraf sanat\u00e7\u0131s\u0131 Ara G\u00fcler\u2019in tarihi foto\u011fraflar\u0131n\u0131 yine tarihi bir mekanda g\u00f6rece\u011fiz.\u201d dedi.<\/p>\n<p>Konu\u015fmalar\u0131n ard\u0131ndan protokol \u00fcyeleri serginin a\u00e7\u0131l\u0131\u015f\u0131n\u0131 ger\u00e7ekle\u015ftirdi, sergiyi gezdi.<\/p>\n<p>Orhan \u015eall\u0131el \u015fefli\u011finde \u00c7ukurova Devlet Senfoni Orkestras\u0131\u2019n\u0131n mini bir konser verdi\u011fi programa Cumhurba\u015fkanl\u0131\u011f\u0131 Yerel Y\u00f6netim Politikalar\u0131 Kurulu Ba\u015fkan Vekili Prof. Dr. \u015e\u00fckr\u00fc Karatepe, K\u00fclt\u00fcr ve Turizm Bakanl\u0131\u011f\u0131 M\u00fc\u015faviri Hakan Tanr\u0131\u00f6ver ve \u00e7ok say\u0131da tarih\u00e7i ve foto\u011fraf merakl\u0131s\u0131 kat\u0131ld\u0131.<\/p>\n<hr \/>\n<p><em><strong><a href=\"https:\/\/www.aa.com.tr\/tr\/kultur-sanat\/tarih-size-bakiyor-ara-guler-fotograflarinda-arkeoloji-sergisi-acildi\/2563960\" target=\"_blank\" rel=\"noopener noreferrer\">AA<\/a>\u00a0<\/strong><\/em><\/p>\n","protected":false},"excerpt":{"rendered":"<p>K\u00fclt\u00fcr ve Turizm Bakanl\u0131\u011f\u0131 ile Gaziantep B\u00fcy\u00fck\u015fehir Belediyesi i\u015f birli\u011fiyle T\u00fcrk Arkeoloji ve K\u00fclt\u00fcrel Miras Enstit\u00fcs\u00fc\u2019nde \u201cTarih Size Bak\u0131yor Ara G\u00fcler Foto\u011fraflar\u0131nda Arkeoloji\u201d sergisi a\u00e7\u0131ld\u0131. Mehmet Akif Parlak Gaziantep Vali Yard\u0131mc\u0131s\u0131 Nihat Karabiber, a\u00e7\u0131l\u0131\u015ftaki konu\u015fmas\u0131nda, T\u00fcrk Arkeoloji ve K\u00fclt\u00fcrel Miras Enstit\u00fcs\u00fcn\u00fcn yap\u0131m\u0131nda eme\u011fi ge\u00e7enlere te\u015fekk\u00fcr etti. Tarihi mekanda tarihi foto\u011fraflara bakman\u0131n kendisine heyecanland\u0131rd\u0131\u011f\u0131n\u0131 belirten Karabiber, [&hellip;]<\/p>\n","protected":false},"author":7,"featured_media":68023,"comment_status":"open","ping_status":"open","sticky":false,"template":"","format":"standard","meta":{"footnotes":""},"categories":[1],"tags":[],"class_list":["post-68022","post","type-post","status-publish","format-standard","has-post-thumbnail","hentry","category-haberler"],"yoast_head":"<!-- This site is optimized with the Yoast SEO plugin v27.4 - https:\/\/yoast.com\/product\/yoast-seo-wordpress\/ -->\n<title>\u2018Tarih Size Bak\u0131yor Ara G\u00fcler Foto\u011fraflar\u0131nda Arkeoloji\u2019 sergisi a\u00e7\u0131ld\u0131 - Bati Ermenistan Ve Bati Ermenileri Sorunlari Ara\u015ftirmalar Merkezi<\/title>\n<meta name=\"robots\" content=\"index, follow, max-snippet:-1, max-image-preview:large, max-video-preview:-1\" \/>\n<link rel=\"canonical\" href=\"https:\/\/akunq.net\/tr\/?p=68022\" \/>\n<meta property=\"og:locale\" content=\"en_US\" \/>\n<meta property=\"og:type\" content=\"article\" \/>\n<meta property=\"og:title\" content=\"\u2018Tarih Size Bak\u0131yor Ara G\u00fcler Foto\u011fraflar\u0131nda Arkeoloji\u2019 sergisi a\u00e7\u0131ld\u0131 - Bati Ermenistan Ve Bati Ermenileri Sorunlari Ara\u015ftirmalar Merkezi\" \/>\n<meta property=\"og:description\" content=\"K\u00fclt\u00fcr ve Turizm Bakanl\u0131\u011f\u0131 ile Gaziantep B\u00fcy\u00fck\u015fehir Belediyesi i\u015f birli\u011fiyle T\u00fcrk Arkeoloji ve K\u00fclt\u00fcrel Miras Enstit\u00fcs\u00fc\u2019nde \u201cTarih Size Bak\u0131yor Ara G\u00fcler Foto\u011fraflar\u0131nda Arkeoloji\u201d sergisi a\u00e7\u0131ld\u0131. Mehmet Akif Parlak Gaziantep Vali Yard\u0131mc\u0131s\u0131 Nihat Karabiber, a\u00e7\u0131l\u0131\u015ftaki konu\u015fmas\u0131nda, T\u00fcrk Arkeoloji ve K\u00fclt\u00fcrel Miras Enstit\u00fcs\u00fcn\u00fcn yap\u0131m\u0131nda eme\u011fi ge\u00e7enlere te\u015fekk\u00fcr etti. Tarihi mekanda tarihi foto\u011fraflara bakman\u0131n kendisine heyecanland\u0131rd\u0131\u011f\u0131n\u0131 belirten Karabiber, [&hellip;]\" \/>\n<meta property=\"og:url\" content=\"https:\/\/akunq.net\/tr\/?p=68022\" \/>\n<meta property=\"og:site_name\" content=\"Bati Ermenistan Ve Bati Ermenileri Sorunlari Ara\u015ftirmalar Merkezi\" \/>\n<meta property=\"article:published_time\" content=\"2022-04-15T08:54:23+00:00\" \/>\n<meta property=\"og:image\" content=\"https:\/\/akunq.net\/tr\/wp-content\/uploads\/sites\/6\/2022\/04\/Ara-G\u00fcler-Foto\u011fraflar\u0131nda-Arkeoloji-q1.jpg\" \/>\n\t<meta property=\"og:image:width\" content=\"864\" \/>\n\t<meta property=\"og:image:height\" content=\"486\" \/>\n\t<meta property=\"og:image:type\" content=\"image\/jpeg\" \/>\n<meta name=\"author\" content=\"admin\" \/>\n<meta name=\"twitter:card\" content=\"summary_large_image\" \/>\n<meta name=\"twitter:label1\" content=\"Written by\" \/>\n\t<meta name=\"twitter:data1\" content=\"admin\" \/>\n\t<meta name=\"twitter:label2\" content=\"Est. reading time\" \/>\n\t<meta name=\"twitter:data2\" content=\"2 minutes\" \/>\n<script type=\"application\/ld+json\" class=\"yoast-schema-graph\">{\"@context\":\"https:\\\/\\\/schema.org\",\"@graph\":[{\"@type\":\"Article\",\"@id\":\"https:\\\/\\\/akunq.net\\\/tr\\\/?p=68022#article\",\"isPartOf\":{\"@id\":\"https:\\\/\\\/akunq.net\\\/tr\\\/?p=68022\"},\"author\":{\"name\":\"admin\",\"@id\":\"https:\\\/\\\/akunq.net\\\/tr\\\/#\\\/schema\\\/person\\\/096f1d38a12cce57fb855b485ed24c9e\"},\"headline\":\"\u2018Tarih Size Bak\u0131yor Ara G\u00fcler Foto\u011fraflar\u0131nda Arkeoloji\u2019 sergisi a\u00e7\u0131ld\u0131\",\"datePublished\":\"2022-04-15T08:54:23+00:00\",\"mainEntityOfPage\":{\"@id\":\"https:\\\/\\\/akunq.net\\\/tr\\\/?p=68022\"},\"wordCount\":396,\"commentCount\":0,\"image\":{\"@id\":\"https:\\\/\\\/akunq.net\\\/tr\\\/?p=68022#primaryimage\"},\"thumbnailUrl\":\"https:\\\/\\\/akunq.net\\\/tr\\\/wp-content\\\/uploads\\\/sites\\\/6\\\/2022\\\/04\\\/Ara-G\u00fcler-Foto\u011fraflar\u0131nda-Arkeoloji-q1.jpg\",\"articleSection\":[\"Haberler\"],\"inLanguage\":\"en-US\",\"potentialAction\":[{\"@type\":\"CommentAction\",\"name\":\"Comment\",\"target\":[\"https:\\\/\\\/akunq.net\\\/tr\\\/?p=68022#respond\"]}]},{\"@type\":\"WebPage\",\"@id\":\"https:\\\/\\\/akunq.net\\\/tr\\\/?p=68022\",\"url\":\"https:\\\/\\\/akunq.net\\\/tr\\\/?p=68022\",\"name\":\"\u2018Tarih Size Bak\u0131yor Ara G\u00fcler Foto\u011fraflar\u0131nda Arkeoloji\u2019 sergisi a\u00e7\u0131ld\u0131 - Bati Ermenistan Ve Bati Ermenileri Sorunlari Ara\u015ftirmalar Merkezi\",\"isPartOf\":{\"@id\":\"https:\\\/\\\/akunq.net\\\/tr\\\/#website\"},\"primaryImageOfPage\":{\"@id\":\"https:\\\/\\\/akunq.net\\\/tr\\\/?p=68022#primaryimage\"},\"image\":{\"@id\":\"https:\\\/\\\/akunq.net\\\/tr\\\/?p=68022#primaryimage\"},\"thumbnailUrl\":\"https:\\\/\\\/akunq.net\\\/tr\\\/wp-content\\\/uploads\\\/sites\\\/6\\\/2022\\\/04\\\/Ara-G\u00fcler-Foto\u011fraflar\u0131nda-Arkeoloji-q1.jpg\",\"datePublished\":\"2022-04-15T08:54:23+00:00\",\"author\":{\"@id\":\"https:\\\/\\\/akunq.net\\\/tr\\\/#\\\/schema\\\/person\\\/096f1d38a12cce57fb855b485ed24c9e\"},\"breadcrumb\":{\"@id\":\"https:\\\/\\\/akunq.net\\\/tr\\\/?p=68022#breadcrumb\"},\"inLanguage\":\"en-US\",\"potentialAction\":[{\"@type\":\"ReadAction\",\"target\":[\"https:\\\/\\\/akunq.net\\\/tr\\\/?p=68022\"]}]},{\"@type\":\"ImageObject\",\"inLanguage\":\"en-US\",\"@id\":\"https:\\\/\\\/akunq.net\\\/tr\\\/?p=68022#primaryimage\",\"url\":\"https:\\\/\\\/akunq.net\\\/tr\\\/wp-content\\\/uploads\\\/sites\\\/6\\\/2022\\\/04\\\/Ara-G\u00fcler-Foto\u011fraflar\u0131nda-Arkeoloji-q1.jpg\",\"contentUrl\":\"https:\\\/\\\/akunq.net\\\/tr\\\/wp-content\\\/uploads\\\/sites\\\/6\\\/2022\\\/04\\\/Ara-G\u00fcler-Foto\u011fraflar\u0131nda-Arkeoloji-q1.jpg\",\"width\":864,\"height\":486},{\"@type\":\"BreadcrumbList\",\"@id\":\"https:\\\/\\\/akunq.net\\\/tr\\\/?p=68022#breadcrumb\",\"itemListElement\":[{\"@type\":\"ListItem\",\"position\":1,\"name\":\"Home\",\"item\":\"https:\\\/\\\/akunq.net\\\/tr\"},{\"@type\":\"ListItem\",\"position\":2,\"name\":\"\u2018Tarih Size Bak\u0131yor Ara G\u00fcler Foto\u011fraflar\u0131nda Arkeoloji\u2019 sergisi a\u00e7\u0131ld\u0131\"}]},{\"@type\":\"WebSite\",\"@id\":\"https:\\\/\\\/akunq.net\\\/tr\\\/#website\",\"url\":\"https:\\\/\\\/akunq.net\\\/tr\\\/\",\"name\":\"Bati Ermenistan Ve Bati Ermenileri Sorunlari Ara\u015ftirmalar Merkezi\",\"description\":\"\",\"potentialAction\":[{\"@type\":\"SearchAction\",\"target\":{\"@type\":\"EntryPoint\",\"urlTemplate\":\"https:\\\/\\\/akunq.net\\\/tr\\\/?s={search_term_string}\"},\"query-input\":{\"@type\":\"PropertyValueSpecification\",\"valueRequired\":true,\"valueName\":\"search_term_string\"}}],\"inLanguage\":\"en-US\"},{\"@type\":\"Person\",\"@id\":\"https:\\\/\\\/akunq.net\\\/tr\\\/#\\\/schema\\\/person\\\/096f1d38a12cce57fb855b485ed24c9e\",\"name\":\"admin\",\"url\":\"https:\\\/\\\/akunq.net\\\/tr\\\/?author=7\"}]}<\/script>\n<!-- \/ Yoast SEO plugin. -->","yoast_head_json":{"title":"\u2018Tarih Size Bak\u0131yor Ara G\u00fcler Foto\u011fraflar\u0131nda Arkeoloji\u2019 sergisi a\u00e7\u0131ld\u0131 - Bati Ermenistan Ve Bati Ermenileri Sorunlari Ara\u015ftirmalar Merkezi","robots":{"index":"index","follow":"follow","max-snippet":"max-snippet:-1","max-image-preview":"max-image-preview:large","max-video-preview":"max-video-preview:-1"},"canonical":"https:\/\/akunq.net\/tr\/?p=68022","og_locale":"en_US","og_type":"article","og_title":"\u2018Tarih Size Bak\u0131yor Ara G\u00fcler Foto\u011fraflar\u0131nda Arkeoloji\u2019 sergisi a\u00e7\u0131ld\u0131 - Bati Ermenistan Ve Bati Ermenileri Sorunlari Ara\u015ftirmalar Merkezi","og_description":"K\u00fclt\u00fcr ve Turizm Bakanl\u0131\u011f\u0131 ile Gaziantep B\u00fcy\u00fck\u015fehir Belediyesi i\u015f birli\u011fiyle T\u00fcrk Arkeoloji ve K\u00fclt\u00fcrel Miras Enstit\u00fcs\u00fc\u2019nde \u201cTarih Size Bak\u0131yor Ara G\u00fcler Foto\u011fraflar\u0131nda Arkeoloji\u201d sergisi a\u00e7\u0131ld\u0131. Mehmet Akif Parlak Gaziantep Vali Yard\u0131mc\u0131s\u0131 Nihat Karabiber, a\u00e7\u0131l\u0131\u015ftaki konu\u015fmas\u0131nda, T\u00fcrk Arkeoloji ve K\u00fclt\u00fcrel Miras Enstit\u00fcs\u00fcn\u00fcn yap\u0131m\u0131nda eme\u011fi ge\u00e7enlere te\u015fekk\u00fcr etti. Tarihi mekanda tarihi foto\u011fraflara bakman\u0131n kendisine heyecanland\u0131rd\u0131\u011f\u0131n\u0131 belirten Karabiber, [&hellip;]","og_url":"https:\/\/akunq.net\/tr\/?p=68022","og_site_name":"Bati Ermenistan Ve Bati Ermenileri Sorunlari Ara\u015ftirmalar Merkezi","article_published_time":"2022-04-15T08:54:23+00:00","og_image":[{"width":864,"height":486,"url":"https:\/\/akunq.net\/tr\/wp-content\/uploads\/sites\/6\/2022\/04\/Ara-G\u00fcler-Foto\u011fraflar\u0131nda-Arkeoloji-q1.jpg","type":"image\/jpeg"}],"author":"admin","twitter_card":"summary_large_image","twitter_misc":{"Written by":"admin","Est. reading time":"2 minutes"},"schema":{"@context":"https:\/\/schema.org","@graph":[{"@type":"Article","@id":"https:\/\/akunq.net\/tr\/?p=68022#article","isPartOf":{"@id":"https:\/\/akunq.net\/tr\/?p=68022"},"author":{"name":"admin","@id":"https:\/\/akunq.net\/tr\/#\/schema\/person\/096f1d38a12cce57fb855b485ed24c9e"},"headline":"\u2018Tarih Size Bak\u0131yor Ara G\u00fcler Foto\u011fraflar\u0131nda Arkeoloji\u2019 sergisi a\u00e7\u0131ld\u0131","datePublished":"2022-04-15T08:54:23+00:00","mainEntityOfPage":{"@id":"https:\/\/akunq.net\/tr\/?p=68022"},"wordCount":396,"commentCount":0,"image":{"@id":"https:\/\/akunq.net\/tr\/?p=68022#primaryimage"},"thumbnailUrl":"https:\/\/akunq.net\/tr\/wp-content\/uploads\/sites\/6\/2022\/04\/Ara-G\u00fcler-Foto\u011fraflar\u0131nda-Arkeoloji-q1.jpg","articleSection":["Haberler"],"inLanguage":"en-US","potentialAction":[{"@type":"CommentAction","name":"Comment","target":["https:\/\/akunq.net\/tr\/?p=68022#respond"]}]},{"@type":"WebPage","@id":"https:\/\/akunq.net\/tr\/?p=68022","url":"https:\/\/akunq.net\/tr\/?p=68022","name":"\u2018Tarih Size Bak\u0131yor Ara G\u00fcler Foto\u011fraflar\u0131nda Arkeoloji\u2019 sergisi a\u00e7\u0131ld\u0131 - Bati Ermenistan Ve Bati Ermenileri Sorunlari Ara\u015ftirmalar Merkezi","isPartOf":{"@id":"https:\/\/akunq.net\/tr\/#website"},"primaryImageOfPage":{"@id":"https:\/\/akunq.net\/tr\/?p=68022#primaryimage"},"image":{"@id":"https:\/\/akunq.net\/tr\/?p=68022#primaryimage"},"thumbnailUrl":"https:\/\/akunq.net\/tr\/wp-content\/uploads\/sites\/6\/2022\/04\/Ara-G\u00fcler-Foto\u011fraflar\u0131nda-Arkeoloji-q1.jpg","datePublished":"2022-04-15T08:54:23+00:00","author":{"@id":"https:\/\/akunq.net\/tr\/#\/schema\/person\/096f1d38a12cce57fb855b485ed24c9e"},"breadcrumb":{"@id":"https:\/\/akunq.net\/tr\/?p=68022#breadcrumb"},"inLanguage":"en-US","potentialAction":[{"@type":"ReadAction","target":["https:\/\/akunq.net\/tr\/?p=68022"]}]},{"@type":"ImageObject","inLanguage":"en-US","@id":"https:\/\/akunq.net\/tr\/?p=68022#primaryimage","url":"https:\/\/akunq.net\/tr\/wp-content\/uploads\/sites\/6\/2022\/04\/Ara-G\u00fcler-Foto\u011fraflar\u0131nda-Arkeoloji-q1.jpg","contentUrl":"https:\/\/akunq.net\/tr\/wp-content\/uploads\/sites\/6\/2022\/04\/Ara-G\u00fcler-Foto\u011fraflar\u0131nda-Arkeoloji-q1.jpg","width":864,"height":486},{"@type":"BreadcrumbList","@id":"https:\/\/akunq.net\/tr\/?p=68022#breadcrumb","itemListElement":[{"@type":"ListItem","position":1,"name":"Home","item":"https:\/\/akunq.net\/tr"},{"@type":"ListItem","position":2,"name":"\u2018Tarih Size Bak\u0131yor Ara G\u00fcler Foto\u011fraflar\u0131nda Arkeoloji\u2019 sergisi a\u00e7\u0131ld\u0131"}]},{"@type":"WebSite","@id":"https:\/\/akunq.net\/tr\/#website","url":"https:\/\/akunq.net\/tr\/","name":"Bati Ermenistan Ve Bati Ermenileri Sorunlari Ara\u015ftirmalar Merkezi","description":"","potentialAction":[{"@type":"SearchAction","target":{"@type":"EntryPoint","urlTemplate":"https:\/\/akunq.net\/tr\/?s={search_term_string}"},"query-input":{"@type":"PropertyValueSpecification","valueRequired":true,"valueName":"search_term_string"}}],"inLanguage":"en-US"},{"@type":"Person","@id":"https:\/\/akunq.net\/tr\/#\/schema\/person\/096f1d38a12cce57fb855b485ed24c9e","name":"admin","url":"https:\/\/akunq.net\/tr\/?author=7"}]}},"_links":{"self":[{"href":"https:\/\/akunq.net\/tr\/index.php?rest_route=\/wp\/v2\/posts\/68022","targetHints":{"allow":["GET"]}}],"collection":[{"href":"https:\/\/akunq.net\/tr\/index.php?rest_route=\/wp\/v2\/posts"}],"about":[{"href":"https:\/\/akunq.net\/tr\/index.php?rest_route=\/wp\/v2\/types\/post"}],"author":[{"embeddable":true,"href":"https:\/\/akunq.net\/tr\/index.php?rest_route=\/wp\/v2\/users\/7"}],"replies":[{"embeddable":true,"href":"https:\/\/akunq.net\/tr\/index.php?rest_route=%2Fwp%2Fv2%2Fcomments&post=68022"}],"version-history":[{"count":1,"href":"https:\/\/akunq.net\/tr\/index.php?rest_route=\/wp\/v2\/posts\/68022\/revisions"}],"predecessor-version":[{"id":68024,"href":"https:\/\/akunq.net\/tr\/index.php?rest_route=\/wp\/v2\/posts\/68022\/revisions\/68024"}],"wp:featuredmedia":[{"embeddable":true,"href":"https:\/\/akunq.net\/tr\/index.php?rest_route=\/wp\/v2\/media\/68023"}],"wp:attachment":[{"href":"https:\/\/akunq.net\/tr\/index.php?rest_route=%2Fwp%2Fv2%2Fmedia&parent=68022"}],"wp:term":[{"taxonomy":"category","embeddable":true,"href":"https:\/\/akunq.net\/tr\/index.php?rest_route=%2Fwp%2Fv2%2Fcategories&post=68022"},{"taxonomy":"post_tag","embeddable":true,"href":"https:\/\/akunq.net\/tr\/index.php?rest_route=%2Fwp%2Fv2%2Ftags&post=68022"}],"curies":[{"name":"wp","href":"https:\/\/api.w.org\/{rel}","templated":true}]}}