{"id":68009,"date":"2022-04-15T01:27:53","date_gmt":"2022-04-15T06:27:53","guid":{"rendered":"https:\/\/akunq.net\/tr\/?p=68009"},"modified":"2022-04-15T01:27:53","modified_gmt":"2022-04-15T06:27:53","slug":"azinlik-vakiflarina-9-yil-sonra-duzenleme-demokratik-yonetmelik-istiyoruz-taslak-paylasilmali","status":"publish","type":"post","link":"https:\/\/akunq.net\/tr\/?p=68009","title":{"rendered":"Az\u0131nl\u0131k vak\u0131flar\u0131na 9 y\u0131l sonra d\u00fczenleme: Demokratik y\u00f6netmelik istiyoruz, taslak payla\u015f\u0131lmal\u0131"},"content":{"rendered":"<p><img loading=\"lazy\" decoding=\"async\" class=\"aligncenter size-medium wp-image-68010\" src=\"https:\/\/akunq.net\/tr\/wp-content\/uploads\/2022\/04\/Az\u0131nl\u0131k-vak\u0131flar\u0131-360x212.jpg\" alt=\"\" width=\"360\" height=\"212\" srcset=\"https:\/\/akunq.net\/tr\/wp-content\/uploads\/sites\/6\/2022\/04\/Az\u0131nl\u0131k-vak\u0131flar\u0131-360x212.jpg 360w, https:\/\/akunq.net\/tr\/wp-content\/uploads\/sites\/6\/2022\/04\/Az\u0131nl\u0131k-vak\u0131flar\u0131-768x452.jpg 768w, https:\/\/akunq.net\/tr\/wp-content\/uploads\/sites\/6\/2022\/04\/Az\u0131nl\u0131k-vak\u0131flar\u0131-560x329.jpg 560w, https:\/\/akunq.net\/tr\/wp-content\/uploads\/sites\/6\/2022\/04\/Az\u0131nl\u0131k-vak\u0131flar\u0131-260x153.jpg 260w, https:\/\/akunq.net\/tr\/wp-content\/uploads\/sites\/6\/2022\/04\/Az\u0131nl\u0131k-vak\u0131flar\u0131-160x94.jpg 160w, https:\/\/akunq.net\/tr\/wp-content\/uploads\/sites\/6\/2022\/04\/Az\u0131nl\u0131k-vak\u0131flar\u0131.jpg 1200w\" sizes=\"auto, (max-width: 360px) 100vw, 360px\" \/><\/p>\n<p class=\"text-lg-start py-1 description\"><strong><em>Az\u0131nl\u0131klara ait vak\u0131flarla ilgili 9 y\u0131ld\u0131r s\u00fcren yasal belirsizli\u011fin sona ermesi bekleniyor. Az\u0131nl\u0131k toplumu temsilcileri, s\u00fcrecin \u015feffaf y\u00fcr\u00fct\u00fclmesini ve haz\u0131rlanan tasla\u011f\u0131n payla\u015f\u0131lmas\u0131n\u0131 istiyor.<\/em><\/strong><\/p>\n<p><a class=\"internal_link\" href=\"https:\/\/www.demokrathaber.org\/haberleri\/turkiye\" target=\"_blank\" rel=\"noopener noreferrer\">T\u00fcrkiye<\/a>&#8216;de\u00a0<a class=\"internal_link\" href=\"https:\/\/www.demokrathaber.org\/haberleri\/azinliklar\" target=\"_blank\" rel=\"noopener noreferrer\">az\u0131nl\u0131klar<\/a>a ait dini vak\u0131flar\u0131n kendi y\u00f6netim kurullar\u0131n\u0131 se\u00e7mesine olanak tan\u0131yan y\u00f6netmeli\u011fin 2013 y\u0131l\u0131nda\u00a0iptal edilmesinin ard\u0131ndan, az\u0131nl\u0131k toplumlar\u0131 dokuz y\u0131ld\u0131r vak\u0131f y\u00f6netim kurulu se\u00e7imlerini yapam\u0131yor.<\/p>\n<p>Vak\u0131flar Genel M\u00fcd\u00fcrl\u00fc\u011f\u00fc\u00a0ge\u00e7en dokuz y\u0131lda yeni bir y\u00f6netmelik haz\u0131rlamazken, 2019 y\u0131l\u0131nda yay\u0131nlad\u0131\u011f\u0131 genelge ile eksilen cemaat vak\u0131flar\u0131 y\u00f6netim kurulu \u00fcyeleri i\u00e7in se\u00e7imsiz ataman\u0131n yolunu a\u00e7t\u0131.<\/p>\n<h2>2013\u2019TEN 2022\u2019YE: 9 YILDIR SE\u00c7\u0130MS\u0130Z Y\u00d6NET\u0130M<\/h2>\n<p>Az\u0131nl\u0131k toplumlar\u0131 temsilcilerinin &#8216;yeterli g\u00f6rmedi\u011fi&#8217; genelge sonras\u0131 vak\u0131flar\u0131n se\u00e7im y\u00f6netmeli\u011fi Cumhurba\u015fkan\u0131 Tayyip Erdo\u011fan taraf\u0131ndan Mart 2021\u2019de a\u00e7\u0131klanan \u0130nsan Haklar\u0131 Eylem Plan\u0131\u2019nda yer ald\u0131.<\/p>\n<p>Erdo\u011fan\u2019\u0131n &#8220;Gayrim\u00fcslim cemaat vak\u0131flar\u0131 y\u00f6netim kurullar\u0131n\u0131n olu\u015fturulmas\u0131 ve se\u00e7imine ili\u015fkin Vak\u0131flar Y\u00f6netmeli\u011fi\u2019ni yeniden d\u00fczenliyoruz&#8221; a\u00e7\u0131klamas\u0131n\u0131n ard\u0131ndan K\u00fclt\u00fcr ve Turizm Bakan\u0131 Mehmet Nuri Ersoy da &#8216;<a class=\"internal_link\" href=\"https:\/\/www.demokrathaber.org\/haberleri\/azinlik-vakiflari\" target=\"_blank\" rel=\"noopener noreferrer\">az\u0131nl\u0131k vak\u0131flar\u0131<\/a>n\u0131n se\u00e7im y\u00f6netmeli\u011fi&#8217; i\u00e7in 2022\u2019in Nisan ay\u0131n\u0131 i\u015faret etti.<\/p>\n<p>Az\u0131nl\u0131k vak\u0131flar\u0131n\u0131n se\u00e7imlerine imk\u00e2n verecek yeni y\u00f6netmeli\u011fin yak\u0131n zamanda yay\u0131nlanmas\u0131 beklenirken, az\u0131nl\u0131k toplumlar\u0131 temsilcileri, s\u00fcrecin kendileri ile isti\u015fare edilerek \u015feffaf y\u00fcr\u00fct\u00fclmesi \u00e7a\u011fr\u0131s\u0131nda bulundu.<\/p>\n<h2>&#8216;HUKUK\u0130 KURAL VE \u0130\u00c7T\u0130HATLARA AYKIRI&#8217;<\/h2>\n<p>Gazete Duvar\u2019dan M\u00fczzeyen Y\u00fcce&#8217;ye konu\u015fan eski Cemaat Vak\u0131flar\u0131 Temsilcisi\u00a0<a class=\"internal_link\" href=\"https:\/\/www.demokrathaber.org\/haberleri\/toros-alcan\" target=\"_blank\" rel=\"noopener noreferrer\">Toros Alcan<\/a>, cemaat (az\u0131nl\u0131k) vak\u0131flar\u0131n\u0131n her d\u00f6rt y\u0131lda bir tekrarlad\u0131\u011f\u0131 se\u00e7imleri d\u00fczenleyen y\u00f6netmeli\u011fin &#8220;daha iyisinin yap\u0131laca\u011f\u0131&#8221; gerek\u00e7esiyle iptal edildi\u011fini hat\u0131rlatarak, yeni y\u00f6netmeli\u011fin dokuz y\u0131ld\u0131r haz\u0131rlanmamas\u0131n\u0131 ele\u015ftirdi.<\/p>\n<p>Alcan, &#8220;B\u0131rak\u0131n daha iyi bir y\u00f6netmeli\u011fin yay\u0131nlanmas\u0131n\u0131, b\u00fct\u00fcn hukuki kural ve i\u00e7tihatlara ayk\u0131r\u0131 olarak eski y\u00f6netmelikle dahi se\u00e7imlerin yap\u0131lmas\u0131 &#8220;y\u00f6netmeli\u011fin olmamas\u0131&#8221; gerek\u00e7e g\u00f6sterilerek engellenmi\u015ftir&#8221; dedi.<\/p>\n<h2>&#8216;SE\u00c7\u0130MLER\u0130N YAPILAMAMASI AZINLIK TOPLUMLARINDA KIRGINLI\u011eA NEDEN OLDU&#8217;<\/h2>\n<p>Vak\u0131f se\u00e7imlerinin y\u0131llard\u0131r yap\u0131lmamas\u0131n\u0131n, T\u00fcrkiye\u2019de ya\u015fayan az\u0131nl\u0131k toplumlar\u0131 aras\u0131nda huzursuzluk yaratt\u0131\u011f\u0131n\u0131 ifade eden Alcan \u015funlar\u0131 s\u00f6yledi: &#8220;Az\u0131nl\u0131k vak\u0131flar\u0131 kurucu irade do\u011frultusunda ait olduklar\u0131 toplumlara hizmet ederler. E\u011fitim, inan\u00e7, sa\u011fl\u0131k ve ihtiya\u00e7 sahiplerine destek vermek, vak\u0131flar\u0131n cemaatlerine sunduklar\u0131 temel hizmetlerdir. Vak\u0131f y\u00f6neticileri g\u00f6rev s\u00fcrelerince bu hizmetleri g\u00f6n\u00fcll\u00fc olarak yerine getirmektedirler. Son se\u00e7imlerin 2009 y\u0131l\u0131nda yap\u0131ld\u0131\u011f\u0131 g\u00f6z \u00f6n\u00fcne al\u0131nd\u0131\u011f\u0131nda toplumlar\u0131m\u0131z\u0131n 4 y\u0131l i\u00e7in se\u00e7ti\u011fi g\u00fcn\u00fcm\u00fcz vak\u0131f y\u00f6neticilerinin 13 y\u0131ld\u0131r, neredeyse 3,5 d\u00f6nemdir g\u00f6rev yapt\u0131\u011f\u0131 ortadad\u0131r. Bu durum, T\u00fcrkiye az\u0131nl\u0131k toplumlar\u0131 i\u00e7in hayati \u00f6neme sahip se\u00e7imler vas\u0131tas\u0131yla yenilenme, tazelenme ve umutlar\u0131n ye\u015fermesi akamete u\u011frad\u0131\u011f\u0131ndan, bir i\u00e7e kapanma ve atalet dolay\u0131s\u0131yla da umutsuzlu\u011fa hatta bir k\u0131rg\u0131nl\u0131\u011fa ve huzursuzlu\u011fa neden olmu\u015ftur.&#8221;<\/p>\n<h2>&#8216;TASLAK \u00c7ALI\u015eMASI \u015eEFFAFLIK VE \u0130ST\u0130\u015eARELERLE \u0130LERLEM\u0130YOR&#8217;<\/h2>\n<p>Alcan, b\u00fct\u00fcn erteleme ve gecikmelere kar\u015f\u0131n se\u00e7im t\u00fcz\u00fc\u011f\u00fcn\u00fcn haz\u0131rlanmas\u0131yla ilgili \u00e7al\u0131\u015fmalar\u0131n tekrar yap\u0131lmaya ba\u015flanmas\u0131n\u0131 memnuniyetle kar\u015f\u0131lad\u0131\u011f\u0131n\u0131; ancak s\u00fcrecin en az\u0131ndan T\u00fcrkiye Ermeni toplumu i\u00e7in beklenen \u015feffafl\u0131k ve isti\u015farelerle ilerlemedi\u011fini kaydetti.<\/p>\n<p>Se\u00e7im y\u00f6netmeli\u011fi tasla\u011f\u0131n\u0131n T\u00fcrkiye az\u0131nl\u0131k toplumlar\u0131 ile payla\u015f\u0131lmas\u0131 \u00e7a\u011fr\u0131s\u0131nda bulunan Alcan, &#8220;VGM nezdindeki Vak\u0131flar Meclisinde, Cemaat (Az\u0131nl\u0131k) Vak\u0131flar\u0131 5. D\u00f6nem Temsilcisi Say\u0131n Can Ustaba\u015f\u0131\u2019n\u0131n da defaten belirtti\u011fi \u00fczere haz\u0131rlanan tasla\u011f\u0131n T\u00fcrkiye az\u0131nl\u0131k toplumlar\u0131 ile payla\u015f\u0131lmas\u0131, g\u00f6r\u00fc\u015flerinin al\u0131nmas\u0131 ve gerekli revizyonlar\u0131n yap\u0131lmas\u0131ndan sonra y\u00fcr\u00fcrl\u00fc\u011fe girmesinin uygun olaca\u011f\u0131 g\u00f6r\u00fc\u015f\u00fcne kat\u0131l\u0131yorum. Sadece vak\u0131f se\u00e7imleri konusunda de\u011fil, T\u00fcrkiye\u2019de ya\u015fayan gayrim\u00fcslim toplumlar\u0131n kar\u015f\u0131la\u015ft\u0131klar\u0131 her sorunun \u00e7\u00f6z\u00fcm\u00fc i\u00e7in muhatap al\u0131nmas\u0131n\u0131n elzem oldu\u011funu d\u00fc\u015f\u00fcn\u00fcyorum. Aksi halde, \u00e7ok iyi niyetle haz\u0131rlanm\u0131\u015f olsa dahi kanunlar ve y\u00f6netmelikler uygulamada daha b\u00fcy\u00fck sorunlara yol a\u00e7makta ve toplumlarda k\u0131r\u0131lmalara ve \u00e7\u00f6z\u00fclmelere sebep olmaktad\u0131r&#8221; ifadelerine yer verdi.<\/p>\n<h2><a class=\"internal_link\" href=\"https:\/\/www.demokrathaber.org\/haberleri\/ermeni\" target=\"_blank\" rel=\"noopener noreferrer\">ERMEN\u0130<\/a>\u00a0TOPLUMUNDAN 258 \u0130MZA: \u0130DARE GASPINA HAYIR<\/h2>\n<p>Vak\u0131flar\u0131n\u0131n se\u00e7imlerine ili\u015fkin haz\u0131rlanan ve bu ay i\u00e7erisinde yay\u0131nlanmas\u0131 beklenen y\u00f6netmeli\u011fe ili\u015fkin gelen kulis bilgilerine g\u00f6re hastane vak\u0131flar\u0131 se\u00e7imleri ertelenecek ya da se\u00e7im kapsam\u0131 d\u0131\u015f\u0131nda tutulacak.<\/p>\n<p>Ermeni toplumundan 250&#8217;yi a\u015fk\u0131n isim s\u00f6z konusu iddiaya kar\u015f\u0131 bildiri yay\u0131nlad\u0131.<\/p>\n<p>Bildiride, &#8220;Herhangi bir vakf\u0131m\u0131z\u0131n, hele hele hastanelerimiz gibi temel ta\u015f\u0131 vazifesi g\u00f6ren vak\u0131flar\u0131m\u0131z\u0131n se\u00e7imlerinin yap\u0131lmamas\u0131 ki\u015filerin se\u00e7me ve se\u00e7ilme hakk\u0131n\u0131n ihlali oldu\u011fu gibi Ermeni toplumunun hi\u00e7e say\u0131lmas\u0131 demektir&#8221; ifadelerine yer verilerek, &#8220;Bunu kabul etmemiz m\u00fcmk\u00fcn de\u011fildir. \u0130rade gasp\u0131 manas\u0131na gelen b\u00f6yle bir uygulamaya yol a\u00e7acak olanlar, bug\u00fcn Ermeni toplumuna yar\u0131n tarihe kar\u015f\u0131 sorumlu olacaklard\u0131r.\u00a0S\u00f6z konusu uygulaman\u0131n bir s\u00f6ylentiden ibaret oldu\u011funu umuyor; yok de\u011fil ise, buna \u015fiddetle kar\u015f\u0131 oldu\u011fumuzu, m\u00fccadele irademizi bildiriyor, sorumlu makamlarda oturanlar\u0131 harekete ge\u00e7meye \u00e7a\u011f\u0131r\u0131yoruz&#8221; denildi.<\/p>\n<h2>&#8216;Y\u00d6NET\u0130MLER BABADAN O\u011eULA GE\u00c7S\u0130N \u0130ST\u0130YORLAR&#8217;<\/h2>\n<p>Hastane vak\u0131flar\u0131n\u0131n se\u00e7imlerinin ertelenmesine veya se\u00e7im kapsam\u0131 d\u0131\u015f\u0131nda tutulmas\u0131na kar\u015f\u0131 \u00e7\u0131karak bildiriyi imzalayanlardan biri de Ermeni Toplumunda D\u00fc\u015f\u00fcnce Platformu \u00dcyesi Harut \u00d6zer.<\/p>\n<p>&#8220;Uzun zamand\u0131r derinle\u015fen bir sorunun \u00e7\u00f6z\u00fcm\u00fcne ancak payda\u015flar\u0131 ile isti\u015fare sonucu ula\u015f\u0131l\u0131r&#8221; diyen Harut \u00d6zer, \u015fu noktalara dikkat \u00e7ekti:<\/p>\n<p>&#8220;Se\u00e7ime ili\u015fkin y\u00f6netmelik i\u00e7in g\u00f6rebildi\u011fimiz \u015fu ki; baz\u0131 kurumlardaki baz\u0131 y\u00f6neticiler orada kalmaya nas\u0131l devam edebilirim\u201d ara\u015ft\u0131rmas\u0131 yap\u0131yor. 2019 y\u0131l\u0131nda yay\u0131nlanan genelge ile vak\u0131f y\u00f6netiminden istifa edenlerin yerine atama yoluyla y\u00f6netim kurulu \u00fcyesi al\u0131n\u0131yor. Bu durum e\u015f, dost, yak\u0131n\u0131n y\u00f6netime al\u0131nmas\u0131na neden olabildi. Yani y\u00f6netimlerin babadan o\u011fula ge\u00e7mesini istiyorlar. Toplumun bu konuda bir rahats\u0131zl\u0131\u011f\u0131 var. Biz de bu rahats\u0131zl\u0131\u011f\u0131n s\u00f6zc\u00fcl\u00fc\u011f\u00fc yap\u0131yoruz. Bu nedenle de bir imza kampanyas\u0131 ba\u015flatt\u0131k. Toplumun b\u00fcy\u00fck k\u0131sm\u0131n\u0131 temsil eden bir taslak var ortada ve s\u00fcrecin \u015feffaf olmas\u0131n\u0131 talep ediyoruz.&#8221;<\/p>\n<h2>HDP\u2019L\u0130 PAYLAN: D\u0130MYATA G\u0130DERKEN ELDEK\u0130 BULGURDAN DA OLDUK<\/h2>\n<p>2013 y\u0131l\u0131ndan bu yana \u00e7\u0131kmayan y\u00f6netmelik i\u00e7in milletvekilleri bir\u00e7ok kez giri\u015fimde bulundu, Meclis\u2019e verdikleri soru \u00f6nergeleriyle konuyu g\u00fcndeme ta\u015f\u0131d\u0131. Son olarak HDP Diyarbak\u0131r Milletvekili\u00a0<a class=\"internal_link\" href=\"https:\/\/www.demokrathaber.org\/haberleri\/garo-paylan\" target=\"_blank\" rel=\"noopener noreferrer\">Garo Paylan<\/a>, K\u00fclt\u00fcr ve Turizm Bakan\u0131 Mehmet Nuri Ersoy\u2019un yan\u0131tlamas\u0131 istemiyle soru \u00f6nergesi verdi. Paylan, Bakan Ersoy\u2019a vak\u0131f hastanelerinin se\u00e7imlerden muaf tutulaca\u011f\u0131 iddialar\u0131n\u0131 sordu.<\/p>\n<p>HDP\u2019li Paylan, 2013 y\u0131l\u0131ndan \u00f6nce yeni bir y\u00f6netmelik talep ettiklerini; ancak mevcut y\u00f6netmeli\u011fin iptal edilerek yenilenmedi\u011fini belirterek, &#8220;Daha demokratik bir y\u00f6netmelik talep ettik ancak Dimyat&#8217;a giderken eldeki bulgurdan da olduk.\u00a0Bu durum da mevcut k\u00f6t\u00fc y\u00f6netimlerin denetimsiz kalmas\u0131na neden oldu. Belli d\u00f6nem i\u00e7in se\u00e7ilmi\u015f insanlar uzun s\u00fcre y\u00f6netimde kalmak durumunda kald\u0131lar. Bu da ciddi sorunlara yol a\u00e7t\u0131&#8221; dedi.<\/p>\n<h2>&#8216;DEMOKRAT\u0130K B\u0130R SE\u00c7\u0130M Y\u00d6NETMEL\u0130\u011e\u0130 \u0130ST\u0130YORUZ&#8217;<\/h2>\n<p>Demokratik bir se\u00e7im y\u00f6netmeli\u011fi talep ettiklerine vurgu yapan Paylan, &#8220;Se\u00e7im y\u00f6netmeli\u011finin bizim taleplerimiz do\u011frultusunda \u00e7\u0131kmas\u0131 gerekirken iktidar belli hesaplarla bu y\u00f6netmeli\u011fi \u00e7\u0131karmaya \u00e7al\u0131\u015f\u0131yor. Biz bu s\u00fcre\u00e7te \u00f6nerilerde de bulunduk. Her bir cemaatin talepleri do\u011frultusunda ayr\u0131 y\u00f6netmelikler \u00e7\u0131kar\u0131lmas\u0131n\u0131 da \u00f6nerdik. Herhangi bir cevap gelmedi. \u0130ktidar\u0131n son y\u0131llarda y\u00f6netimde &#8216;kayy\u0131m&#8217; anlay\u0131\u015f\u0131 var. Bunu cemaatlere de dayatmak istiyorlar. Bu noktada da hastanelerin se\u00e7im d\u0131\u015f\u0131 olaca\u011f\u0131 bir maddenin de taslakta oldu\u011funu d\u00fc\u015f\u00fcn\u00fcyoruz. En \u00e7ok gayrimenkul\u00fc olan vak\u0131flar hastane vak\u0131flar\u0131. Bu vak\u0131flar\u0131n se\u00e7imlerden muaf olmas\u0131 toplumun onay\u0131 al\u0131nmadan y\u00f6netimlerin olu\u015faca\u011f\u0131 anlam\u0131na gelir. Bu da vahim bir durum&#8221; de\u011ferlendirmesinde bulundu.<\/p>\n<p><em><strong>https:\/\/www.demokrathaber.org\/azinlik-vakiflarina-9-yil-sonra-duzenleme-demokratik-yonetmelik-istiyoruz-taslak-paylasilmali\u00a0<\/strong><\/em><\/p>\n","protected":false},"excerpt":{"rendered":"<p>Az\u0131nl\u0131klara ait vak\u0131flarla ilgili 9 y\u0131ld\u0131r s\u00fcren yasal belirsizli\u011fin sona ermesi bekleniyor. Az\u0131nl\u0131k toplumu temsilcileri, s\u00fcrecin \u015feffaf y\u00fcr\u00fct\u00fclmesini ve haz\u0131rlanan tasla\u011f\u0131n payla\u015f\u0131lmas\u0131n\u0131 istiyor. T\u00fcrkiye&#8216;de\u00a0az\u0131nl\u0131klara ait dini vak\u0131flar\u0131n kendi y\u00f6netim kurullar\u0131n\u0131 se\u00e7mesine olanak tan\u0131yan y\u00f6netmeli\u011fin 2013 y\u0131l\u0131nda\u00a0iptal edilmesinin ard\u0131ndan, az\u0131nl\u0131k toplumlar\u0131 dokuz y\u0131ld\u0131r vak\u0131f y\u00f6netim kurulu se\u00e7imlerini yapam\u0131yor. Vak\u0131flar Genel M\u00fcd\u00fcrl\u00fc\u011f\u00fc\u00a0ge\u00e7en dokuz y\u0131lda yeni bir y\u00f6netmelik [&hellip;]<\/p>\n","protected":false},"author":7,"featured_media":68010,"comment_status":"open","ping_status":"open","sticky":false,"template":"","format":"standard","meta":{"footnotes":""},"categories":[1,53],"tags":[],"class_list":["post-68009","post","type-post","status-publish","format-standard","has-post-thumbnail","hentry","category-haberler","category-turkiyede-azinliklar"],"yoast_head":"<!-- This site is optimized with the Yoast SEO plugin v27.4 - https:\/\/yoast.com\/product\/yoast-seo-wordpress\/ -->\n<title>Az\u0131nl\u0131k vak\u0131flar\u0131na 9 y\u0131l sonra d\u00fczenleme: Demokratik y\u00f6netmelik istiyoruz, taslak payla\u015f\u0131lmal\u0131 - Bati Ermenistan Ve Bati Ermenileri Sorunlari Ara\u015ftirmalar Merkezi<\/title>\n<meta name=\"robots\" content=\"index, follow, max-snippet:-1, max-image-preview:large, max-video-preview:-1\" \/>\n<link rel=\"canonical\" href=\"https:\/\/akunq.net\/tr\/?p=68009\" \/>\n<meta property=\"og:locale\" content=\"en_US\" \/>\n<meta property=\"og:type\" content=\"article\" \/>\n<meta property=\"og:title\" content=\"Az\u0131nl\u0131k vak\u0131flar\u0131na 9 y\u0131l sonra d\u00fczenleme: Demokratik y\u00f6netmelik istiyoruz, taslak payla\u015f\u0131lmal\u0131 - Bati Ermenistan Ve Bati Ermenileri Sorunlari Ara\u015ftirmalar Merkezi\" \/>\n<meta property=\"og:description\" content=\"Az\u0131nl\u0131klara ait vak\u0131flarla ilgili 9 y\u0131ld\u0131r s\u00fcren yasal belirsizli\u011fin sona ermesi bekleniyor. Az\u0131nl\u0131k toplumu temsilcileri, s\u00fcrecin \u015feffaf y\u00fcr\u00fct\u00fclmesini ve haz\u0131rlanan tasla\u011f\u0131n payla\u015f\u0131lmas\u0131n\u0131 istiyor. T\u00fcrkiye&#8216;de\u00a0az\u0131nl\u0131klara ait dini vak\u0131flar\u0131n kendi y\u00f6netim kurullar\u0131n\u0131 se\u00e7mesine olanak tan\u0131yan y\u00f6netmeli\u011fin 2013 y\u0131l\u0131nda\u00a0iptal edilmesinin ard\u0131ndan, az\u0131nl\u0131k toplumlar\u0131 dokuz y\u0131ld\u0131r vak\u0131f y\u00f6netim kurulu se\u00e7imlerini yapam\u0131yor. Vak\u0131flar Genel M\u00fcd\u00fcrl\u00fc\u011f\u00fc\u00a0ge\u00e7en dokuz y\u0131lda yeni bir y\u00f6netmelik [&hellip;]\" \/>\n<meta property=\"og:url\" content=\"https:\/\/akunq.net\/tr\/?p=68009\" \/>\n<meta property=\"og:site_name\" content=\"Bati Ermenistan Ve Bati Ermenileri Sorunlari Ara\u015ftirmalar Merkezi\" \/>\n<meta property=\"article:published_time\" content=\"2022-04-15T06:27:53+00:00\" \/>\n<meta property=\"og:image\" content=\"https:\/\/akunq.net\/tr\/wp-content\/uploads\/sites\/6\/2022\/04\/Az\u0131nl\u0131k-vak\u0131flar\u0131.jpg\" \/>\n\t<meta property=\"og:image:width\" content=\"1200\" \/>\n\t<meta property=\"og:image:height\" content=\"706\" \/>\n\t<meta property=\"og:image:type\" content=\"image\/jpeg\" \/>\n<meta name=\"author\" content=\"admin\" \/>\n<meta name=\"twitter:card\" content=\"summary_large_image\" \/>\n<meta name=\"twitter:label1\" content=\"Written by\" \/>\n\t<meta name=\"twitter:data1\" content=\"admin\" \/>\n\t<meta name=\"twitter:label2\" content=\"Est. reading time\" \/>\n\t<meta name=\"twitter:data2\" content=\"7 minutes\" \/>\n<script type=\"application\/ld+json\" class=\"yoast-schema-graph\">{\"@context\":\"https:\\\/\\\/schema.org\",\"@graph\":[{\"@type\":\"Article\",\"@id\":\"https:\\\/\\\/akunq.net\\\/tr\\\/?p=68009#article\",\"isPartOf\":{\"@id\":\"https:\\\/\\\/akunq.net\\\/tr\\\/?p=68009\"},\"author\":{\"name\":\"admin\",\"@id\":\"https:\\\/\\\/akunq.net\\\/tr\\\/#\\\/schema\\\/person\\\/096f1d38a12cce57fb855b485ed24c9e\"},\"headline\":\"Az\u0131nl\u0131k vak\u0131flar\u0131na 9 y\u0131l sonra d\u00fczenleme: Demokratik y\u00f6netmelik istiyoruz, taslak payla\u015f\u0131lmal\u0131\",\"datePublished\":\"2022-04-15T06:27:53+00:00\",\"mainEntityOfPage\":{\"@id\":\"https:\\\/\\\/akunq.net\\\/tr\\\/?p=68009\"},\"wordCount\":1487,\"commentCount\":0,\"image\":{\"@id\":\"https:\\\/\\\/akunq.net\\\/tr\\\/?p=68009#primaryimage\"},\"thumbnailUrl\":\"https:\\\/\\\/akunq.net\\\/tr\\\/wp-content\\\/uploads\\\/sites\\\/6\\\/2022\\\/04\\\/Az\u0131nl\u0131k-vak\u0131flar\u0131.jpg\",\"articleSection\":[\"Haberler\",\"T\u00fcrkiye\u2019de Az\u0131nl\u0131klar\"],\"inLanguage\":\"en-US\",\"potentialAction\":[{\"@type\":\"CommentAction\",\"name\":\"Comment\",\"target\":[\"https:\\\/\\\/akunq.net\\\/tr\\\/?p=68009#respond\"]}]},{\"@type\":\"WebPage\",\"@id\":\"https:\\\/\\\/akunq.net\\\/tr\\\/?p=68009\",\"url\":\"https:\\\/\\\/akunq.net\\\/tr\\\/?p=68009\",\"name\":\"Az\u0131nl\u0131k vak\u0131flar\u0131na 9 y\u0131l sonra d\u00fczenleme: Demokratik y\u00f6netmelik istiyoruz, taslak payla\u015f\u0131lmal\u0131 - Bati Ermenistan Ve Bati Ermenileri Sorunlari Ara\u015ftirmalar Merkezi\",\"isPartOf\":{\"@id\":\"https:\\\/\\\/akunq.net\\\/tr\\\/#website\"},\"primaryImageOfPage\":{\"@id\":\"https:\\\/\\\/akunq.net\\\/tr\\\/?p=68009#primaryimage\"},\"image\":{\"@id\":\"https:\\\/\\\/akunq.net\\\/tr\\\/?p=68009#primaryimage\"},\"thumbnailUrl\":\"https:\\\/\\\/akunq.net\\\/tr\\\/wp-content\\\/uploads\\\/sites\\\/6\\\/2022\\\/04\\\/Az\u0131nl\u0131k-vak\u0131flar\u0131.jpg\",\"datePublished\":\"2022-04-15T06:27:53+00:00\",\"author\":{\"@id\":\"https:\\\/\\\/akunq.net\\\/tr\\\/#\\\/schema\\\/person\\\/096f1d38a12cce57fb855b485ed24c9e\"},\"breadcrumb\":{\"@id\":\"https:\\\/\\\/akunq.net\\\/tr\\\/?p=68009#breadcrumb\"},\"inLanguage\":\"en-US\",\"potentialAction\":[{\"@type\":\"ReadAction\",\"target\":[\"https:\\\/\\\/akunq.net\\\/tr\\\/?p=68009\"]}]},{\"@type\":\"ImageObject\",\"inLanguage\":\"en-US\",\"@id\":\"https:\\\/\\\/akunq.net\\\/tr\\\/?p=68009#primaryimage\",\"url\":\"https:\\\/\\\/akunq.net\\\/tr\\\/wp-content\\\/uploads\\\/sites\\\/6\\\/2022\\\/04\\\/Az\u0131nl\u0131k-vak\u0131flar\u0131.jpg\",\"contentUrl\":\"https:\\\/\\\/akunq.net\\\/tr\\\/wp-content\\\/uploads\\\/sites\\\/6\\\/2022\\\/04\\\/Az\u0131nl\u0131k-vak\u0131flar\u0131.jpg\",\"width\":1200,\"height\":706},{\"@type\":\"BreadcrumbList\",\"@id\":\"https:\\\/\\\/akunq.net\\\/tr\\\/?p=68009#breadcrumb\",\"itemListElement\":[{\"@type\":\"ListItem\",\"position\":1,\"name\":\"Home\",\"item\":\"https:\\\/\\\/akunq.net\\\/tr\"},{\"@type\":\"ListItem\",\"position\":2,\"name\":\"Az\u0131nl\u0131k vak\u0131flar\u0131na 9 y\u0131l sonra d\u00fczenleme: Demokratik y\u00f6netmelik istiyoruz, taslak payla\u015f\u0131lmal\u0131\"}]},{\"@type\":\"WebSite\",\"@id\":\"https:\\\/\\\/akunq.net\\\/tr\\\/#website\",\"url\":\"https:\\\/\\\/akunq.net\\\/tr\\\/\",\"name\":\"Bati Ermenistan Ve Bati Ermenileri Sorunlari Ara\u015ftirmalar Merkezi\",\"description\":\"\",\"potentialAction\":[{\"@type\":\"SearchAction\",\"target\":{\"@type\":\"EntryPoint\",\"urlTemplate\":\"https:\\\/\\\/akunq.net\\\/tr\\\/?s={search_term_string}\"},\"query-input\":{\"@type\":\"PropertyValueSpecification\",\"valueRequired\":true,\"valueName\":\"search_term_string\"}}],\"inLanguage\":\"en-US\"},{\"@type\":\"Person\",\"@id\":\"https:\\\/\\\/akunq.net\\\/tr\\\/#\\\/schema\\\/person\\\/096f1d38a12cce57fb855b485ed24c9e\",\"name\":\"admin\",\"url\":\"https:\\\/\\\/akunq.net\\\/tr\\\/?author=7\"}]}<\/script>\n<!-- \/ Yoast SEO plugin. -->","yoast_head_json":{"title":"Az\u0131nl\u0131k vak\u0131flar\u0131na 9 y\u0131l sonra d\u00fczenleme: Demokratik y\u00f6netmelik istiyoruz, taslak payla\u015f\u0131lmal\u0131 - Bati Ermenistan Ve Bati Ermenileri Sorunlari Ara\u015ftirmalar Merkezi","robots":{"index":"index","follow":"follow","max-snippet":"max-snippet:-1","max-image-preview":"max-image-preview:large","max-video-preview":"max-video-preview:-1"},"canonical":"https:\/\/akunq.net\/tr\/?p=68009","og_locale":"en_US","og_type":"article","og_title":"Az\u0131nl\u0131k vak\u0131flar\u0131na 9 y\u0131l sonra d\u00fczenleme: Demokratik y\u00f6netmelik istiyoruz, taslak payla\u015f\u0131lmal\u0131 - Bati Ermenistan Ve Bati Ermenileri Sorunlari Ara\u015ftirmalar Merkezi","og_description":"Az\u0131nl\u0131klara ait vak\u0131flarla ilgili 9 y\u0131ld\u0131r s\u00fcren yasal belirsizli\u011fin sona ermesi bekleniyor. Az\u0131nl\u0131k toplumu temsilcileri, s\u00fcrecin \u015feffaf y\u00fcr\u00fct\u00fclmesini ve haz\u0131rlanan tasla\u011f\u0131n payla\u015f\u0131lmas\u0131n\u0131 istiyor. T\u00fcrkiye&#8216;de\u00a0az\u0131nl\u0131klara ait dini vak\u0131flar\u0131n kendi y\u00f6netim kurullar\u0131n\u0131 se\u00e7mesine olanak tan\u0131yan y\u00f6netmeli\u011fin 2013 y\u0131l\u0131nda\u00a0iptal edilmesinin ard\u0131ndan, az\u0131nl\u0131k toplumlar\u0131 dokuz y\u0131ld\u0131r vak\u0131f y\u00f6netim kurulu se\u00e7imlerini yapam\u0131yor. Vak\u0131flar Genel M\u00fcd\u00fcrl\u00fc\u011f\u00fc\u00a0ge\u00e7en dokuz y\u0131lda yeni bir y\u00f6netmelik [&hellip;]","og_url":"https:\/\/akunq.net\/tr\/?p=68009","og_site_name":"Bati Ermenistan Ve Bati Ermenileri Sorunlari Ara\u015ftirmalar Merkezi","article_published_time":"2022-04-15T06:27:53+00:00","og_image":[{"width":1200,"height":706,"url":"https:\/\/akunq.net\/tr\/wp-content\/uploads\/sites\/6\/2022\/04\/Az\u0131nl\u0131k-vak\u0131flar\u0131.jpg","type":"image\/jpeg"}],"author":"admin","twitter_card":"summary_large_image","twitter_misc":{"Written by":"admin","Est. reading time":"7 minutes"},"schema":{"@context":"https:\/\/schema.org","@graph":[{"@type":"Article","@id":"https:\/\/akunq.net\/tr\/?p=68009#article","isPartOf":{"@id":"https:\/\/akunq.net\/tr\/?p=68009"},"author":{"name":"admin","@id":"https:\/\/akunq.net\/tr\/#\/schema\/person\/096f1d38a12cce57fb855b485ed24c9e"},"headline":"Az\u0131nl\u0131k vak\u0131flar\u0131na 9 y\u0131l sonra d\u00fczenleme: Demokratik y\u00f6netmelik istiyoruz, taslak payla\u015f\u0131lmal\u0131","datePublished":"2022-04-15T06:27:53+00:00","mainEntityOfPage":{"@id":"https:\/\/akunq.net\/tr\/?p=68009"},"wordCount":1487,"commentCount":0,"image":{"@id":"https:\/\/akunq.net\/tr\/?p=68009#primaryimage"},"thumbnailUrl":"https:\/\/akunq.net\/tr\/wp-content\/uploads\/sites\/6\/2022\/04\/Az\u0131nl\u0131k-vak\u0131flar\u0131.jpg","articleSection":["Haberler","T\u00fcrkiye\u2019de Az\u0131nl\u0131klar"],"inLanguage":"en-US","potentialAction":[{"@type":"CommentAction","name":"Comment","target":["https:\/\/akunq.net\/tr\/?p=68009#respond"]}]},{"@type":"WebPage","@id":"https:\/\/akunq.net\/tr\/?p=68009","url":"https:\/\/akunq.net\/tr\/?p=68009","name":"Az\u0131nl\u0131k vak\u0131flar\u0131na 9 y\u0131l sonra d\u00fczenleme: Demokratik y\u00f6netmelik istiyoruz, taslak payla\u015f\u0131lmal\u0131 - Bati Ermenistan Ve Bati Ermenileri Sorunlari Ara\u015ftirmalar Merkezi","isPartOf":{"@id":"https:\/\/akunq.net\/tr\/#website"},"primaryImageOfPage":{"@id":"https:\/\/akunq.net\/tr\/?p=68009#primaryimage"},"image":{"@id":"https:\/\/akunq.net\/tr\/?p=68009#primaryimage"},"thumbnailUrl":"https:\/\/akunq.net\/tr\/wp-content\/uploads\/sites\/6\/2022\/04\/Az\u0131nl\u0131k-vak\u0131flar\u0131.jpg","datePublished":"2022-04-15T06:27:53+00:00","author":{"@id":"https:\/\/akunq.net\/tr\/#\/schema\/person\/096f1d38a12cce57fb855b485ed24c9e"},"breadcrumb":{"@id":"https:\/\/akunq.net\/tr\/?p=68009#breadcrumb"},"inLanguage":"en-US","potentialAction":[{"@type":"ReadAction","target":["https:\/\/akunq.net\/tr\/?p=68009"]}]},{"@type":"ImageObject","inLanguage":"en-US","@id":"https:\/\/akunq.net\/tr\/?p=68009#primaryimage","url":"https:\/\/akunq.net\/tr\/wp-content\/uploads\/sites\/6\/2022\/04\/Az\u0131nl\u0131k-vak\u0131flar\u0131.jpg","contentUrl":"https:\/\/akunq.net\/tr\/wp-content\/uploads\/sites\/6\/2022\/04\/Az\u0131nl\u0131k-vak\u0131flar\u0131.jpg","width":1200,"height":706},{"@type":"BreadcrumbList","@id":"https:\/\/akunq.net\/tr\/?p=68009#breadcrumb","itemListElement":[{"@type":"ListItem","position":1,"name":"Home","item":"https:\/\/akunq.net\/tr"},{"@type":"ListItem","position":2,"name":"Az\u0131nl\u0131k vak\u0131flar\u0131na 9 y\u0131l sonra d\u00fczenleme: Demokratik y\u00f6netmelik istiyoruz, taslak payla\u015f\u0131lmal\u0131"}]},{"@type":"WebSite","@id":"https:\/\/akunq.net\/tr\/#website","url":"https:\/\/akunq.net\/tr\/","name":"Bati Ermenistan Ve Bati Ermenileri Sorunlari Ara\u015ftirmalar Merkezi","description":"","potentialAction":[{"@type":"SearchAction","target":{"@type":"EntryPoint","urlTemplate":"https:\/\/akunq.net\/tr\/?s={search_term_string}"},"query-input":{"@type":"PropertyValueSpecification","valueRequired":true,"valueName":"search_term_string"}}],"inLanguage":"en-US"},{"@type":"Person","@id":"https:\/\/akunq.net\/tr\/#\/schema\/person\/096f1d38a12cce57fb855b485ed24c9e","name":"admin","url":"https:\/\/akunq.net\/tr\/?author=7"}]}},"_links":{"self":[{"href":"https:\/\/akunq.net\/tr\/index.php?rest_route=\/wp\/v2\/posts\/68009","targetHints":{"allow":["GET"]}}],"collection":[{"href":"https:\/\/akunq.net\/tr\/index.php?rest_route=\/wp\/v2\/posts"}],"about":[{"href":"https:\/\/akunq.net\/tr\/index.php?rest_route=\/wp\/v2\/types\/post"}],"author":[{"embeddable":true,"href":"https:\/\/akunq.net\/tr\/index.php?rest_route=\/wp\/v2\/users\/7"}],"replies":[{"embeddable":true,"href":"https:\/\/akunq.net\/tr\/index.php?rest_route=%2Fwp%2Fv2%2Fcomments&post=68009"}],"version-history":[{"count":1,"href":"https:\/\/akunq.net\/tr\/index.php?rest_route=\/wp\/v2\/posts\/68009\/revisions"}],"predecessor-version":[{"id":68011,"href":"https:\/\/akunq.net\/tr\/index.php?rest_route=\/wp\/v2\/posts\/68009\/revisions\/68011"}],"wp:featuredmedia":[{"embeddable":true,"href":"https:\/\/akunq.net\/tr\/index.php?rest_route=\/wp\/v2\/media\/68010"}],"wp:attachment":[{"href":"https:\/\/akunq.net\/tr\/index.php?rest_route=%2Fwp%2Fv2%2Fmedia&parent=68009"}],"wp:term":[{"taxonomy":"category","embeddable":true,"href":"https:\/\/akunq.net\/tr\/index.php?rest_route=%2Fwp%2Fv2%2Fcategories&post=68009"},{"taxonomy":"post_tag","embeddable":true,"href":"https:\/\/akunq.net\/tr\/index.php?rest_route=%2Fwp%2Fv2%2Ftags&post=68009"}],"curies":[{"name":"wp","href":"https:\/\/api.w.org\/{rel}","templated":true}]}}