{"id":68006,"date":"2022-04-15T01:16:35","date_gmt":"2022-04-15T06:16:35","guid":{"rendered":"https:\/\/akunq.net\/tr\/?p=68006"},"modified":"2022-04-15T01:16:35","modified_gmt":"2022-04-15T06:16:35","slug":"kart-kurt-kurt-gunleri-gibi-anadili-turkce-olmayan-siginmacilar-icin-kurulan-destek-hattina-kurtce-dahil-edilmedi","status":"publish","type":"post","link":"https:\/\/akunq.net\/tr\/?p=68006","title":{"rendered":"\u2018Kart, kurt, K\u00fcrt\u201d g\u00fcnleri gibi: Anadili T\u00fcrk\u00e7e olmayan s\u0131\u011f\u0131nmac\u0131lar i\u00e7in kurulan destek hatt\u0131na K\u00fcrt\u00e7e dahil edilmedi"},"content":{"rendered":"<p><img loading=\"lazy\" decoding=\"async\" class=\"aligncenter size-medium wp-image-68007\" src=\"https:\/\/akunq.net\/tr\/wp-content\/uploads\/2022\/04\/\u2018Kart-kurt-K\u00fcrt\u201d-g\u00fcnleri-360x227.jpg\" alt=\"\" width=\"360\" height=\"227\" srcset=\"https:\/\/akunq.net\/tr\/wp-content\/uploads\/sites\/6\/2022\/04\/\u2018Kart-kurt-K\u00fcrt\u201d-g\u00fcnleri-360x227.jpg 360w, https:\/\/akunq.net\/tr\/wp-content\/uploads\/sites\/6\/2022\/04\/\u2018Kart-kurt-K\u00fcrt\u201d-g\u00fcnleri-560x352.jpg 560w, https:\/\/akunq.net\/tr\/wp-content\/uploads\/sites\/6\/2022\/04\/\u2018Kart-kurt-K\u00fcrt\u201d-g\u00fcnleri-260x164.jpg 260w, https:\/\/akunq.net\/tr\/wp-content\/uploads\/sites\/6\/2022\/04\/\u2018Kart-kurt-K\u00fcrt\u201d-g\u00fcnleri-160x101.jpg 160w, https:\/\/akunq.net\/tr\/wp-content\/uploads\/sites\/6\/2022\/04\/\u2018Kart-kurt-K\u00fcrt\u201d-g\u00fcnleri.jpg 696w\" sizes=\"auto, (max-width: 360px) 100vw, 360px\" \/><\/p>\n<p><strong><em>T\u00fcrkiye Barolar Birli\u011fi (TBB) ve Birle\u015fmi\u015f Milletler M\u00fclteciler Y\u00fcksek Komiserli\u011fi (UNHCR) i\u015fbirli\u011finde anadili T\u00fcrk\u00e7e olmayan s\u0131\u011f\u0131nmac\u0131lara yard\u0131m kapsam\u0131nda kurulan dil deste\u011fi uygulamas\u0131na K\u00fcrt\u00e7e al\u0131nmad\u0131. UNHCR\u2019nin objektif kriterleri esas ald\u0131\u011f\u0131 biliniyor, bu durumda K\u00fcrt\u00e7esiz dil deste\u011fi uygulamas\u0131n\u0131n TBB\u2019nin talebiyle mi yoksa onu da a\u015fan siyasi iradenin talebiyle mi b\u00f6yle olu\u015fturuldu\u011fu merak ediliyor.<\/em><\/strong><\/p>\n<p>T\u00fcrkiye Barolar Birli\u011fi (TBB) ve Birle\u015fmi\u015f Milletler M\u00fclteciler Y\u00fcksek Komiserli\u011fi i\u015fbirli\u011finde anadili T\u00fcrk\u00e7e olmayan s\u0131\u011f\u0131nmac\u0131lara yard\u0131m kapsam\u0131nda Arap\u00e7a, Fars\u00e7a, Frans\u0131zca ve Dari (Afgan Fars\u00e7as\u0131) dillerinde adli yard\u0131m deste\u011fi sunabilecek olan bir destek hatt\u0131 kuruldu.<\/p>\n<p>Ancak, o destek hatt\u0131nda, m\u00fclteciler aras\u0131nda en \u00e7ok kullan\u0131lan dillerden biri olan K\u00fcrt\u00e7eye yer verilmedi.<\/p>\n<p>R\u00fbdaw\u2019\u0131n haberine g\u00f6re Mardin Barosu M\u00fclteci Haklar\u0131 Komisyonu T\u00fcrkiye Barolar Birli\u011fi\u2019ne bir dilek\u00e7e yazarak s\u00f6z konusu diller aras\u0131na K\u00fcrt\u00e7enin de al\u0131nmas\u0131n\u0131 talep etti.<\/p>\n<p>Baro talebinin gerek\u00e7esinde, Suriye\u2019den T\u00fcrkiye\u2019ye m\u00fclteci olarak gelen ki\u015filerin aras\u0131nda b\u00fcy\u00fck bir K\u00fcrt n\u00fcfusun da bulundu\u011fu, bu K\u00fcrt n\u00fcfusun ana dilinin K\u00fcrt\u00e7e oldu\u011funun resmi kay\u0131tlarda tescillendi\u011fi, bu nedenle bu ki\u015filere K\u00fcrt\u00e7e hizmet verilebilmesi amac\u0131yla K\u00fcrt\u00e7e destek hatt\u0131n\u0131n da kurulmas\u0131 gerekti\u011fi ifade edildi.<\/p>\n<p>Mardin Barosu Genel Sekreteri Avukat Sezgin Din\u00e7 imzas\u0131yla TTB\u2019ye iletilen ba\u015fvuru dilek\u00e7esinde, avukatlar\u0131n geri bildirimlerinde \u00f6zellikle K\u00fcrt\u00e7eye y\u00f6nelik ciddi bir talebin bulundu\u011fu belirtildi ve \u015f\u00f6yle denildi:<\/p>\n<p>\u201cDestek b\u00fcrosunca destek sunulan dillerin yan\u0131 s\u0131ra K\u00fcrt\u00e7e terc\u00fcme deste\u011fine \u00f6nemli oranda ihtiya\u00e7 duyuldu\u011fu ve K\u00fcrt\u00e7eye yer verilmemi\u015f olmas\u0131n\u0131n b\u00fcy\u00fck bir eksiklik oldu\u011funa i\u015faret edilmi\u015ftir. Nitekim G\u00f6\u00e7 \u0130daresi Ba\u015fkanl\u0131\u011f\u0131n\u0131n 24 Mart 2022 verilerine g\u00f6re Mardin\u2019de 91.686, t\u00fcm T\u00fcrkiye\u2019de ise 3.754.501 ge\u00e7ici koruma stat\u00fcs\u00fcne sahip Suriyelinin ya\u015fad\u0131\u011f\u0131, uluslararas\u0131 az\u0131nl\u0131k haklar\u0131n\u0131n verilerine g\u00f6re de Suriye n\u00fcfusunun y\u00fczde 10 ile 12\u2019sinin K\u00fcrtlerden meydana geldi\u011fi, yine anadilleri K\u00fcrt\u00e7e olan uluslararas\u0131 koruma stat\u00fcs\u00fcndeki Mardin\u2019in Midyat il\u00e7esinde ya\u015fam\u0131n\u0131 s\u00fcrd\u00fcren Ezidi K\u00fcrtlerin n\u00fcfus yo\u011funluklar\u0131 g\u00f6z \u00f6n\u00fcne al\u0131nd\u0131\u011f\u0131nda K\u00fcrt\u00e7e terc\u00fcme deste\u011fine olan ihtiyac\u0131n hayatiyeti kendini g\u00f6stermektedir. Yukar\u0131da a\u00e7\u0131klad\u0131\u011f\u0131m\u0131z nedenlerle adalete eri\u015fimde e\u015fitlik ve usul ekonomisi ilkeleri gere\u011fince T\u00fcrkiye Barolar Birli\u011fi ve Birle\u015fmi\u015f Milletler M\u00fclteciler Y\u00fcksek Komiserli\u011fi i\u015fbirli\u011finde olan terc\u00fcme destek hatt\u0131na K\u00fcrt\u00e7enin de dahil edilmesi hususunda gere\u011fini yap\u0131lmas\u0131n\u0131 arz ederiz.\u201d<\/p>\n<hr \/>\n<p><em><strong><a href=\"https:\/\/serbestiyet.com\/haberler\/kart-kurt-kurt-gunleri-gibi-anadili-turkce-olmayan-siginmacilar-icin-kurulan-destek-hattina-kurtce-dahil-edilmedi-89530\/\" target=\"_blank\" rel=\"noopener noreferrer\">Serbestiyet<\/a><\/strong><\/em><\/p>\n","protected":false},"excerpt":{"rendered":"<p>T\u00fcrkiye Barolar Birli\u011fi (TBB) ve Birle\u015fmi\u015f Milletler M\u00fclteciler Y\u00fcksek Komiserli\u011fi (UNHCR) i\u015fbirli\u011finde anadili T\u00fcrk\u00e7e olmayan s\u0131\u011f\u0131nmac\u0131lara yard\u0131m kapsam\u0131nda kurulan dil deste\u011fi uygulamas\u0131na K\u00fcrt\u00e7e al\u0131nmad\u0131. UNHCR\u2019nin objektif kriterleri esas ald\u0131\u011f\u0131 biliniyor, bu durumda K\u00fcrt\u00e7esiz dil deste\u011fi uygulamas\u0131n\u0131n TBB\u2019nin talebiyle mi yoksa onu da a\u015fan siyasi iradenin talebiyle mi b\u00f6yle olu\u015fturuldu\u011fu merak ediliyor. T\u00fcrkiye Barolar Birli\u011fi (TBB) [&hellip;]<\/p>\n","protected":false},"author":7,"featured_media":68007,"comment_status":"open","ping_status":"open","sticky":false,"template":"","format":"standard","meta":{"footnotes":""},"categories":[1,53],"tags":[],"class_list":["post-68006","post","type-post","status-publish","format-standard","has-post-thumbnail","hentry","category-haberler","category-turkiyede-azinliklar"],"yoast_head":"<!-- This site is optimized with the Yoast SEO plugin v27.4 - https:\/\/yoast.com\/product\/yoast-seo-wordpress\/ -->\n<title>\u2018Kart, kurt, K\u00fcrt\u201d g\u00fcnleri gibi: Anadili T\u00fcrk\u00e7e olmayan s\u0131\u011f\u0131nmac\u0131lar i\u00e7in kurulan destek hatt\u0131na K\u00fcrt\u00e7e dahil edilmedi - Bati Ermenistan Ve Bati Ermenileri Sorunlari Ara\u015ftirmalar Merkezi<\/title>\n<meta name=\"robots\" content=\"index, follow, max-snippet:-1, max-image-preview:large, max-video-preview:-1\" \/>\n<link rel=\"canonical\" href=\"https:\/\/akunq.net\/tr\/?p=68006\" \/>\n<meta property=\"og:locale\" content=\"en_US\" \/>\n<meta property=\"og:type\" content=\"article\" \/>\n<meta property=\"og:title\" content=\"\u2018Kart, kurt, K\u00fcrt\u201d g\u00fcnleri gibi: Anadili T\u00fcrk\u00e7e olmayan s\u0131\u011f\u0131nmac\u0131lar i\u00e7in kurulan destek hatt\u0131na K\u00fcrt\u00e7e dahil edilmedi - Bati Ermenistan Ve Bati Ermenileri Sorunlari Ara\u015ftirmalar Merkezi\" \/>\n<meta property=\"og:description\" content=\"T\u00fcrkiye Barolar Birli\u011fi (TBB) ve Birle\u015fmi\u015f Milletler M\u00fclteciler Y\u00fcksek Komiserli\u011fi (UNHCR) i\u015fbirli\u011finde anadili T\u00fcrk\u00e7e olmayan s\u0131\u011f\u0131nmac\u0131lara yard\u0131m kapsam\u0131nda kurulan dil deste\u011fi uygulamas\u0131na K\u00fcrt\u00e7e al\u0131nmad\u0131. UNHCR\u2019nin objektif kriterleri esas ald\u0131\u011f\u0131 biliniyor, bu durumda K\u00fcrt\u00e7esiz dil deste\u011fi uygulamas\u0131n\u0131n TBB\u2019nin talebiyle mi yoksa onu da a\u015fan siyasi iradenin talebiyle mi b\u00f6yle olu\u015fturuldu\u011fu merak ediliyor. T\u00fcrkiye Barolar Birli\u011fi (TBB) [&hellip;]\" \/>\n<meta property=\"og:url\" content=\"https:\/\/akunq.net\/tr\/?p=68006\" \/>\n<meta property=\"og:site_name\" content=\"Bati Ermenistan Ve Bati Ermenileri Sorunlari Ara\u015ftirmalar Merkezi\" \/>\n<meta property=\"article:published_time\" content=\"2022-04-15T06:16:35+00:00\" \/>\n<meta property=\"og:image\" content=\"https:\/\/akunq.net\/tr\/wp-content\/uploads\/sites\/6\/2022\/04\/\u2018Kart-kurt-K\u00fcrt\u201d-g\u00fcnleri.jpg\" \/>\n\t<meta property=\"og:image:width\" content=\"696\" \/>\n\t<meta property=\"og:image:height\" content=\"438\" \/>\n\t<meta property=\"og:image:type\" content=\"image\/jpeg\" \/>\n<meta name=\"author\" content=\"admin\" \/>\n<meta name=\"twitter:card\" content=\"summary_large_image\" \/>\n<meta name=\"twitter:label1\" content=\"Written by\" \/>\n\t<meta name=\"twitter:data1\" content=\"admin\" \/>\n\t<meta name=\"twitter:label2\" content=\"Est. reading time\" \/>\n\t<meta name=\"twitter:data2\" content=\"2 minutes\" \/>\n<script type=\"application\/ld+json\" class=\"yoast-schema-graph\">{\"@context\":\"https:\\\/\\\/schema.org\",\"@graph\":[{\"@type\":\"Article\",\"@id\":\"https:\\\/\\\/akunq.net\\\/tr\\\/?p=68006#article\",\"isPartOf\":{\"@id\":\"https:\\\/\\\/akunq.net\\\/tr\\\/?p=68006\"},\"author\":{\"name\":\"admin\",\"@id\":\"https:\\\/\\\/akunq.net\\\/tr\\\/#\\\/schema\\\/person\\\/096f1d38a12cce57fb855b485ed24c9e\"},\"headline\":\"\u2018Kart, kurt, K\u00fcrt\u201d g\u00fcnleri gibi: Anadili T\u00fcrk\u00e7e olmayan s\u0131\u011f\u0131nmac\u0131lar i\u00e7in kurulan destek hatt\u0131na K\u00fcrt\u00e7e dahil edilmedi\",\"datePublished\":\"2022-04-15T06:16:35+00:00\",\"mainEntityOfPage\":{\"@id\":\"https:\\\/\\\/akunq.net\\\/tr\\\/?p=68006\"},\"wordCount\":524,\"commentCount\":0,\"image\":{\"@id\":\"https:\\\/\\\/akunq.net\\\/tr\\\/?p=68006#primaryimage\"},\"thumbnailUrl\":\"https:\\\/\\\/akunq.net\\\/tr\\\/wp-content\\\/uploads\\\/sites\\\/6\\\/2022\\\/04\\\/\u2018Kart-kurt-K\u00fcrt\u201d-g\u00fcnleri.jpg\",\"articleSection\":[\"Haberler\",\"T\u00fcrkiye\u2019de Az\u0131nl\u0131klar\"],\"inLanguage\":\"en-US\",\"potentialAction\":[{\"@type\":\"CommentAction\",\"name\":\"Comment\",\"target\":[\"https:\\\/\\\/akunq.net\\\/tr\\\/?p=68006#respond\"]}]},{\"@type\":\"WebPage\",\"@id\":\"https:\\\/\\\/akunq.net\\\/tr\\\/?p=68006\",\"url\":\"https:\\\/\\\/akunq.net\\\/tr\\\/?p=68006\",\"name\":\"\u2018Kart, kurt, K\u00fcrt\u201d g\u00fcnleri gibi: Anadili T\u00fcrk\u00e7e olmayan s\u0131\u011f\u0131nmac\u0131lar i\u00e7in kurulan destek hatt\u0131na K\u00fcrt\u00e7e dahil edilmedi - Bati Ermenistan Ve Bati Ermenileri Sorunlari Ara\u015ftirmalar Merkezi\",\"isPartOf\":{\"@id\":\"https:\\\/\\\/akunq.net\\\/tr\\\/#website\"},\"primaryImageOfPage\":{\"@id\":\"https:\\\/\\\/akunq.net\\\/tr\\\/?p=68006#primaryimage\"},\"image\":{\"@id\":\"https:\\\/\\\/akunq.net\\\/tr\\\/?p=68006#primaryimage\"},\"thumbnailUrl\":\"https:\\\/\\\/akunq.net\\\/tr\\\/wp-content\\\/uploads\\\/sites\\\/6\\\/2022\\\/04\\\/\u2018Kart-kurt-K\u00fcrt\u201d-g\u00fcnleri.jpg\",\"datePublished\":\"2022-04-15T06:16:35+00:00\",\"author\":{\"@id\":\"https:\\\/\\\/akunq.net\\\/tr\\\/#\\\/schema\\\/person\\\/096f1d38a12cce57fb855b485ed24c9e\"},\"breadcrumb\":{\"@id\":\"https:\\\/\\\/akunq.net\\\/tr\\\/?p=68006#breadcrumb\"},\"inLanguage\":\"en-US\",\"potentialAction\":[{\"@type\":\"ReadAction\",\"target\":[\"https:\\\/\\\/akunq.net\\\/tr\\\/?p=68006\"]}]},{\"@type\":\"ImageObject\",\"inLanguage\":\"en-US\",\"@id\":\"https:\\\/\\\/akunq.net\\\/tr\\\/?p=68006#primaryimage\",\"url\":\"https:\\\/\\\/akunq.net\\\/tr\\\/wp-content\\\/uploads\\\/sites\\\/6\\\/2022\\\/04\\\/\u2018Kart-kurt-K\u00fcrt\u201d-g\u00fcnleri.jpg\",\"contentUrl\":\"https:\\\/\\\/akunq.net\\\/tr\\\/wp-content\\\/uploads\\\/sites\\\/6\\\/2022\\\/04\\\/\u2018Kart-kurt-K\u00fcrt\u201d-g\u00fcnleri.jpg\",\"width\":696,\"height\":438},{\"@type\":\"BreadcrumbList\",\"@id\":\"https:\\\/\\\/akunq.net\\\/tr\\\/?p=68006#breadcrumb\",\"itemListElement\":[{\"@type\":\"ListItem\",\"position\":1,\"name\":\"Home\",\"item\":\"https:\\\/\\\/akunq.net\\\/tr\"},{\"@type\":\"ListItem\",\"position\":2,\"name\":\"\u2018Kart, kurt, K\u00fcrt\u201d g\u00fcnleri gibi: Anadili T\u00fcrk\u00e7e olmayan s\u0131\u011f\u0131nmac\u0131lar i\u00e7in kurulan destek hatt\u0131na K\u00fcrt\u00e7e dahil edilmedi\"}]},{\"@type\":\"WebSite\",\"@id\":\"https:\\\/\\\/akunq.net\\\/tr\\\/#website\",\"url\":\"https:\\\/\\\/akunq.net\\\/tr\\\/\",\"name\":\"Bati Ermenistan Ve Bati Ermenileri Sorunlari Ara\u015ftirmalar Merkezi\",\"description\":\"\",\"potentialAction\":[{\"@type\":\"SearchAction\",\"target\":{\"@type\":\"EntryPoint\",\"urlTemplate\":\"https:\\\/\\\/akunq.net\\\/tr\\\/?s={search_term_string}\"},\"query-input\":{\"@type\":\"PropertyValueSpecification\",\"valueRequired\":true,\"valueName\":\"search_term_string\"}}],\"inLanguage\":\"en-US\"},{\"@type\":\"Person\",\"@id\":\"https:\\\/\\\/akunq.net\\\/tr\\\/#\\\/schema\\\/person\\\/096f1d38a12cce57fb855b485ed24c9e\",\"name\":\"admin\",\"url\":\"https:\\\/\\\/akunq.net\\\/tr\\\/?author=7\"}]}<\/script>\n<!-- \/ Yoast SEO plugin. -->","yoast_head_json":{"title":"\u2018Kart, kurt, K\u00fcrt\u201d g\u00fcnleri gibi: Anadili T\u00fcrk\u00e7e olmayan s\u0131\u011f\u0131nmac\u0131lar i\u00e7in kurulan destek hatt\u0131na K\u00fcrt\u00e7e dahil edilmedi - Bati Ermenistan Ve Bati Ermenileri Sorunlari Ara\u015ftirmalar Merkezi","robots":{"index":"index","follow":"follow","max-snippet":"max-snippet:-1","max-image-preview":"max-image-preview:large","max-video-preview":"max-video-preview:-1"},"canonical":"https:\/\/akunq.net\/tr\/?p=68006","og_locale":"en_US","og_type":"article","og_title":"\u2018Kart, kurt, K\u00fcrt\u201d g\u00fcnleri gibi: Anadili T\u00fcrk\u00e7e olmayan s\u0131\u011f\u0131nmac\u0131lar i\u00e7in kurulan destek hatt\u0131na K\u00fcrt\u00e7e dahil edilmedi - Bati Ermenistan Ve Bati Ermenileri Sorunlari Ara\u015ftirmalar Merkezi","og_description":"T\u00fcrkiye Barolar Birli\u011fi (TBB) ve Birle\u015fmi\u015f Milletler M\u00fclteciler Y\u00fcksek Komiserli\u011fi (UNHCR) i\u015fbirli\u011finde anadili T\u00fcrk\u00e7e olmayan s\u0131\u011f\u0131nmac\u0131lara yard\u0131m kapsam\u0131nda kurulan dil deste\u011fi uygulamas\u0131na K\u00fcrt\u00e7e al\u0131nmad\u0131. UNHCR\u2019nin objektif kriterleri esas ald\u0131\u011f\u0131 biliniyor, bu durumda K\u00fcrt\u00e7esiz dil deste\u011fi uygulamas\u0131n\u0131n TBB\u2019nin talebiyle mi yoksa onu da a\u015fan siyasi iradenin talebiyle mi b\u00f6yle olu\u015fturuldu\u011fu merak ediliyor. T\u00fcrkiye Barolar Birli\u011fi (TBB) [&hellip;]","og_url":"https:\/\/akunq.net\/tr\/?p=68006","og_site_name":"Bati Ermenistan Ve Bati Ermenileri Sorunlari Ara\u015ftirmalar Merkezi","article_published_time":"2022-04-15T06:16:35+00:00","og_image":[{"width":696,"height":438,"url":"https:\/\/akunq.net\/tr\/wp-content\/uploads\/sites\/6\/2022\/04\/\u2018Kart-kurt-K\u00fcrt\u201d-g\u00fcnleri.jpg","type":"image\/jpeg"}],"author":"admin","twitter_card":"summary_large_image","twitter_misc":{"Written by":"admin","Est. reading time":"2 minutes"},"schema":{"@context":"https:\/\/schema.org","@graph":[{"@type":"Article","@id":"https:\/\/akunq.net\/tr\/?p=68006#article","isPartOf":{"@id":"https:\/\/akunq.net\/tr\/?p=68006"},"author":{"name":"admin","@id":"https:\/\/akunq.net\/tr\/#\/schema\/person\/096f1d38a12cce57fb855b485ed24c9e"},"headline":"\u2018Kart, kurt, K\u00fcrt\u201d g\u00fcnleri gibi: Anadili T\u00fcrk\u00e7e olmayan s\u0131\u011f\u0131nmac\u0131lar i\u00e7in kurulan destek hatt\u0131na K\u00fcrt\u00e7e dahil edilmedi","datePublished":"2022-04-15T06:16:35+00:00","mainEntityOfPage":{"@id":"https:\/\/akunq.net\/tr\/?p=68006"},"wordCount":524,"commentCount":0,"image":{"@id":"https:\/\/akunq.net\/tr\/?p=68006#primaryimage"},"thumbnailUrl":"https:\/\/akunq.net\/tr\/wp-content\/uploads\/sites\/6\/2022\/04\/\u2018Kart-kurt-K\u00fcrt\u201d-g\u00fcnleri.jpg","articleSection":["Haberler","T\u00fcrkiye\u2019de Az\u0131nl\u0131klar"],"inLanguage":"en-US","potentialAction":[{"@type":"CommentAction","name":"Comment","target":["https:\/\/akunq.net\/tr\/?p=68006#respond"]}]},{"@type":"WebPage","@id":"https:\/\/akunq.net\/tr\/?p=68006","url":"https:\/\/akunq.net\/tr\/?p=68006","name":"\u2018Kart, kurt, K\u00fcrt\u201d g\u00fcnleri gibi: Anadili T\u00fcrk\u00e7e olmayan s\u0131\u011f\u0131nmac\u0131lar i\u00e7in kurulan destek hatt\u0131na K\u00fcrt\u00e7e dahil edilmedi - Bati Ermenistan Ve Bati Ermenileri Sorunlari Ara\u015ftirmalar Merkezi","isPartOf":{"@id":"https:\/\/akunq.net\/tr\/#website"},"primaryImageOfPage":{"@id":"https:\/\/akunq.net\/tr\/?p=68006#primaryimage"},"image":{"@id":"https:\/\/akunq.net\/tr\/?p=68006#primaryimage"},"thumbnailUrl":"https:\/\/akunq.net\/tr\/wp-content\/uploads\/sites\/6\/2022\/04\/\u2018Kart-kurt-K\u00fcrt\u201d-g\u00fcnleri.jpg","datePublished":"2022-04-15T06:16:35+00:00","author":{"@id":"https:\/\/akunq.net\/tr\/#\/schema\/person\/096f1d38a12cce57fb855b485ed24c9e"},"breadcrumb":{"@id":"https:\/\/akunq.net\/tr\/?p=68006#breadcrumb"},"inLanguage":"en-US","potentialAction":[{"@type":"ReadAction","target":["https:\/\/akunq.net\/tr\/?p=68006"]}]},{"@type":"ImageObject","inLanguage":"en-US","@id":"https:\/\/akunq.net\/tr\/?p=68006#primaryimage","url":"https:\/\/akunq.net\/tr\/wp-content\/uploads\/sites\/6\/2022\/04\/\u2018Kart-kurt-K\u00fcrt\u201d-g\u00fcnleri.jpg","contentUrl":"https:\/\/akunq.net\/tr\/wp-content\/uploads\/sites\/6\/2022\/04\/\u2018Kart-kurt-K\u00fcrt\u201d-g\u00fcnleri.jpg","width":696,"height":438},{"@type":"BreadcrumbList","@id":"https:\/\/akunq.net\/tr\/?p=68006#breadcrumb","itemListElement":[{"@type":"ListItem","position":1,"name":"Home","item":"https:\/\/akunq.net\/tr"},{"@type":"ListItem","position":2,"name":"\u2018Kart, kurt, K\u00fcrt\u201d g\u00fcnleri gibi: Anadili T\u00fcrk\u00e7e olmayan s\u0131\u011f\u0131nmac\u0131lar i\u00e7in kurulan destek hatt\u0131na K\u00fcrt\u00e7e dahil edilmedi"}]},{"@type":"WebSite","@id":"https:\/\/akunq.net\/tr\/#website","url":"https:\/\/akunq.net\/tr\/","name":"Bati Ermenistan Ve Bati Ermenileri Sorunlari Ara\u015ftirmalar Merkezi","description":"","potentialAction":[{"@type":"SearchAction","target":{"@type":"EntryPoint","urlTemplate":"https:\/\/akunq.net\/tr\/?s={search_term_string}"},"query-input":{"@type":"PropertyValueSpecification","valueRequired":true,"valueName":"search_term_string"}}],"inLanguage":"en-US"},{"@type":"Person","@id":"https:\/\/akunq.net\/tr\/#\/schema\/person\/096f1d38a12cce57fb855b485ed24c9e","name":"admin","url":"https:\/\/akunq.net\/tr\/?author=7"}]}},"_links":{"self":[{"href":"https:\/\/akunq.net\/tr\/index.php?rest_route=\/wp\/v2\/posts\/68006","targetHints":{"allow":["GET"]}}],"collection":[{"href":"https:\/\/akunq.net\/tr\/index.php?rest_route=\/wp\/v2\/posts"}],"about":[{"href":"https:\/\/akunq.net\/tr\/index.php?rest_route=\/wp\/v2\/types\/post"}],"author":[{"embeddable":true,"href":"https:\/\/akunq.net\/tr\/index.php?rest_route=\/wp\/v2\/users\/7"}],"replies":[{"embeddable":true,"href":"https:\/\/akunq.net\/tr\/index.php?rest_route=%2Fwp%2Fv2%2Fcomments&post=68006"}],"version-history":[{"count":1,"href":"https:\/\/akunq.net\/tr\/index.php?rest_route=\/wp\/v2\/posts\/68006\/revisions"}],"predecessor-version":[{"id":68008,"href":"https:\/\/akunq.net\/tr\/index.php?rest_route=\/wp\/v2\/posts\/68006\/revisions\/68008"}],"wp:featuredmedia":[{"embeddable":true,"href":"https:\/\/akunq.net\/tr\/index.php?rest_route=\/wp\/v2\/media\/68007"}],"wp:attachment":[{"href":"https:\/\/akunq.net\/tr\/index.php?rest_route=%2Fwp%2Fv2%2Fmedia&parent=68006"}],"wp:term":[{"taxonomy":"category","embeddable":true,"href":"https:\/\/akunq.net\/tr\/index.php?rest_route=%2Fwp%2Fv2%2Fcategories&post=68006"},{"taxonomy":"post_tag","embeddable":true,"href":"https:\/\/akunq.net\/tr\/index.php?rest_route=%2Fwp%2Fv2%2Ftags&post=68006"}],"curies":[{"name":"wp","href":"https:\/\/api.w.org\/{rel}","templated":true}]}}