{"id":67970,"date":"2022-04-13T02:58:06","date_gmt":"2022-04-13T07:58:06","guid":{"rendered":"https:\/\/akunq.net\/tr\/?p=67970"},"modified":"2022-04-13T02:58:06","modified_gmt":"2022-04-13T07:58:06","slug":"e-devlet-verilerinin-sizdirildigi-iddiasina-yalanlama","status":"publish","type":"post","link":"https:\/\/akunq.net\/tr\/?p=67970","title":{"rendered":"e-devlet verilerinin s\u0131zd\u0131r\u0131ld\u0131\u011f\u0131 iddias\u0131na yalanlama"},"content":{"rendered":"<section class=\"entry-article-topper\">\n<div class=\"grid-x grid-margin-x\">\n<div class=\"cell\">\n<div class=\"entry-header clearfix \">\n<div class=\"entry-subtitle\">\n<p><em><strong>\u0130\u00e7i\u015fleri Bakanl\u0131\u011f\u0131 konuya ili\u015fkin su\u00e7 duyurusunda bulunulaca\u011f\u0131n\u0131 bildirdi.<\/strong><\/em><\/p>\n<\/div>\n<\/div>\n<div class=\"entry-media\">\n<div class=\"entry-media-inner-img\"><img decoding=\"async\" class=\"lazy fill-content abs-element\" src=\"https:\/\/www.indyturk.com\/sites\/default\/files\/styles\/1368x911\/public\/article\/main_image\/2022\/04\/13\/910546-1225734556.jpeg?itok=HVbqBbnz\" \/><\/div>\n<div class=\"caption-field\">\n<p><em>Foto\u011fraf: AA<\/em><\/p>\n<\/div>\n<\/div>\n<\/div>\n<\/div>\n<\/section>\n<div class=\"grid-container\">\n<article class=\"entry-article\">\n<div class=\"grid-x align-justify\">\n<div class=\"content-wrap-holder cell\">\n<div class=\"region region-content\">\n<div id=\"block-system-main\" class=\"block block-system\">\n<div class=\"content\">\n<div class=\"content-wrap\">\n<div class=\"printable-area page-taxonomy-term-16\" dir=\"ltr\">\n<div class=\"entry-content\" data-io-article-url=\"https:\/\/www.indyturk.com\/node\/496986\/haber\/e-devlet-verilerinin-s%C4%B1zd%C4%B1r%C4%B1ld%C4%B1%C4%9F%C4%B1-iddias%C4%B1na-yalanlama\">\n<div class=\"field field-name-body field-type-text-with-summary field-label-hidden\">\n<div class=\"field-items\">\n<div class=\"field-item even\">\n<p>N\u00fcfus ve Vatanda\u015fl\u0131k \u0130\u015fleri Genel M\u00fcd\u00fcrl\u00fc\u011f\u00fc, \u201ce-devlet verilerinin s\u0131zm\u0131\u015f oldu\u011fu, s\u0131zan veriler aras\u0131nda kimlik foto\u011fraflar\u0131n\u0131n ve g\u00fcncel adreslerinde var oldu\u011fu&#8221; ifadeleri nedeniyle a\u00e7\u0131klama yapt\u0131.<\/p>\n<p>Yap\u0131lan yaz\u0131l\u0131 a\u00e7\u0131klamada, \u201cEmniyet Te\u015fkilat\u0131m\u0131z Siber ve \u0130stihbarat birimlerince 3 ay \u00f6nce yap\u0131lan operasyonlar\u0131n de\u011ferlendirilmesinde; bu t\u00fcr payla\u015f\u0131mlar\u0131n bir oltalama ve doland\u0131r\u0131c\u0131l\u0131k y\u00f6ntemi oldu\u011fu, ayn\u0131 konular\u0131n yeniden g\u00fcndeme getirilerek devlet b\u00fcy\u00fcklerimize ait foto\u011fraf ve ki\u015fisel bilgilerin g\u00f6r\u00fcnt\u00fc d\u00fczenleyici programlar vas\u0131tas\u0131yla \u00e7ipli kimlik kad\u0131na yerle\u015ftirilip payla\u015f\u0131lmak suretiyle bir s\u0131z\u0131nt\u0131 oldu\u011fu g\u00f6r\u00fcnt\u00fcs\u00fc verilmeye \u00e7al\u0131\u015f\u0131ld\u0131\u011f\u0131 g\u00f6r\u00fclmektedir\u201d denildi.<\/p>\n<div>\n<div class=\"twitter-tweet twitter-tweet-rendered\"><iframe id=\"twitter-widget-0\" class=\"\" title=\"Twitter Tweet\" src=\"https:\/\/platform.twitter.com\/embed\/Tweet.html?dnt=false&amp;embedId=twitter-widget-0&amp;features=eyJ0ZndfZXhwZXJpbWVudHNfY29va2llX2V4cGlyYXRpb24iOnsiYnVja2V0IjoxMjA5NjAwLCJ2ZXJzaW9uIjpudWxsfSwidGZ3X3NwYWNlX2NhcmQiOnsiYnVja2V0Ijoib2ZmIiwidmVyc2lvbiI6bnVsbH0sInRmd19zZW5zaXRpdmVfbWVkaWFfaW50ZXJzdGl0aWFsXzEzOTYzIjp7ImJ1Y2tldCI6ImNvbnRyb2wiLCJ2ZXJzaW9uIjo0fX0%3D&amp;frame=false&amp;hideCard=false&amp;hideThread=false&amp;id=1513999672712519684&amp;lang=tr&amp;origin=https%3A%2F%2Fwww.indyturk.com%2Fnode%2F496986&amp;sessionId=106591d8b8dcb62018b340a950a6e16e63d0f13c&amp;theme=light&amp;widgetsVersion=940dd9ee54270%3A1649359550911&amp;width=550px\" frameborder=\"0\" scrolling=\"no\" allowfullscreen=\"allowfullscreen\" data-tweet-id=\"1513999672712519684\" data-mce-fragment=\"1\"><\/iframe><\/div>\n<\/div>\n<p>A\u00e7\u0131klamada \u015funlar kaydedildi:<\/p>\n<blockquote><p>Merkezi N\u00fcfus idaresi Sistemi (MERN\u0130S) intranet (kapal\u0131 devre) \u00e7al\u0131\u015fan, internet ortam\u0131na kapal\u0131 bir sistemdir. N\u00fcfus ve Vatanda\u015fl\u0131k \u0130s\u015fleri Genel M\u00fcd\u00fcrl\u00fc\u011f\u00fcnce y\u00fcr\u00fct\u00fclmekte olan MERN\u0130S&#8217;in de i\u00e7inde bulundu\u011fu t\u00fcm sistemler i\u00e7in her y\u0131l s\u00fcrekli ve d\u00fczenli olarak ba\u011f\u0131ms\u0131z farkl\u0131 firmalara s\u0131zma testi yapt\u0131r\u0131lmaktad\u0131r. Yap\u0131lan testler sonucunda NV\u0130GM&#8217;nin g\u00fcvenlik sistemlerinin \u00e7ok iyi oldu\u011fu raporlanm\u0131\u015f, ayr\u0131ca verilerin s\u0131zd\u0131r\u0131lmas\u0131na y\u00f6nelik herhangi bir zaafiyetin olmad\u0131\u011f\u0131 tespit edilmi\u015ftir. Ayr\u0131ca NV\u0130GM veri tabanlar\u0131nda foto\u011frafl\u0131 \u00e7ipli kimlik kart\u0131 g\u00f6rselleri de yer almamaktad\u0131r. Devletin kurumlar\u0131na kar\u015f\u0131 g\u00fcveni zedelemeye y\u00f6nelik ve vatanda\u015flar\u0131m\u0131z\u0131 pani\u011fe sevk eden bu t\u00fcr as\u0131ls\u0131z haberleri yayan ki\u015fi\/ki\u015filer hakk\u0131nda Bakanl\u0131\u011f\u0131m\u0131z Hukuk Hizmetleri Genel M\u00fcd\u00fcrl\u00fc\u011f\u00fc taraf\u0131ndan su\u00e7 duyurusunda bulunulacakt\u0131r. Kamuoyuna sayg\u0131yla duyurulur.<\/p><\/blockquote>\n<p>Sosyal medyada hackerlar\u0131n e-devlet ve e-nab\u0131z gibi sistemlerdeki verileri ele ge\u00e7irdi\u011fi ve aralar\u0131nda Cumhurba\u015fkan\u0131 Recep Tayyip Erdo\u011fan ve M\u0130T Ba\u015fkan\u0131 Hakan Fidan gibi isimlerin kimlik bilgilerinin de\u015fifre edildi\u011fi \u00f6ne s\u00fcr\u00fclm\u00fc\u015ft\u00fc.<\/p>\n<p><em><strong>https:\/\/www.indyturk.com\/node\/496986\/haber\/e-devlet-verilerinin-s%C4%B1zd%C4%B1r%C4%B1ld%C4%B1%C4%9F%C4%B1-iddias%C4%B1na-yalanlama\u00a0<\/strong><\/em><\/p>\n<\/div>\n<\/div>\n<\/div>\n<\/div>\n<\/div>\n<\/div>\n<\/div>\n<\/div>\n<\/div>\n<\/div>\n<\/div>\n<\/article>\n<\/div>\n","protected":false},"excerpt":{"rendered":"<p>\u0130\u00e7i\u015fleri Bakanl\u0131\u011f\u0131 konuya ili\u015fkin su\u00e7 duyurusunda bulunulaca\u011f\u0131n\u0131 bildirdi. Foto\u011fraf: AA N\u00fcfus ve Vatanda\u015fl\u0131k \u0130\u015fleri Genel M\u00fcd\u00fcrl\u00fc\u011f\u00fc, \u201ce-devlet verilerinin s\u0131zm\u0131\u015f oldu\u011fu, s\u0131zan veriler aras\u0131nda kimlik foto\u011fraflar\u0131n\u0131n ve g\u00fcncel adreslerinde var oldu\u011fu&#8221; ifadeleri nedeniyle a\u00e7\u0131klama yapt\u0131. Yap\u0131lan yaz\u0131l\u0131 a\u00e7\u0131klamada, \u201cEmniyet Te\u015fkilat\u0131m\u0131z Siber ve \u0130stihbarat birimlerince 3 ay \u00f6nce yap\u0131lan operasyonlar\u0131n de\u011ferlendirilmesinde; bu t\u00fcr payla\u015f\u0131mlar\u0131n bir oltalama ve [&hellip;]<\/p>\n","protected":false},"author":7,"featured_media":67971,"comment_status":"open","ping_status":"open","sticky":false,"template":"","format":"standard","meta":{"footnotes":""},"categories":[1],"tags":[],"class_list":["post-67970","post","type-post","status-publish","format-standard","has-post-thumbnail","hentry","category-haberler"],"yoast_head":"<!-- This site is optimized with the Yoast SEO plugin v27.4 - https:\/\/yoast.com\/product\/yoast-seo-wordpress\/ -->\n<title>e-devlet verilerinin s\u0131zd\u0131r\u0131ld\u0131\u011f\u0131 iddias\u0131na yalanlama - Bati Ermenistan Ve Bati Ermenileri Sorunlari Ara\u015ftirmalar Merkezi<\/title>\n<meta name=\"robots\" content=\"index, follow, max-snippet:-1, max-image-preview:large, max-video-preview:-1\" \/>\n<link rel=\"canonical\" href=\"https:\/\/akunq.net\/tr\/?p=67970\" \/>\n<meta property=\"og:locale\" content=\"en_US\" \/>\n<meta property=\"og:type\" content=\"article\" \/>\n<meta property=\"og:title\" content=\"e-devlet verilerinin s\u0131zd\u0131r\u0131ld\u0131\u011f\u0131 iddias\u0131na yalanlama - Bati Ermenistan Ve Bati Ermenileri Sorunlari Ara\u015ftirmalar Merkezi\" \/>\n<meta property=\"og:description\" content=\"\u0130\u00e7i\u015fleri Bakanl\u0131\u011f\u0131 konuya ili\u015fkin su\u00e7 duyurusunda bulunulaca\u011f\u0131n\u0131 bildirdi. Foto\u011fraf: AA N\u00fcfus ve Vatanda\u015fl\u0131k \u0130\u015fleri Genel M\u00fcd\u00fcrl\u00fc\u011f\u00fc, \u201ce-devlet verilerinin s\u0131zm\u0131\u015f oldu\u011fu, s\u0131zan veriler aras\u0131nda kimlik foto\u011fraflar\u0131n\u0131n ve g\u00fcncel adreslerinde var oldu\u011fu&#8221; ifadeleri nedeniyle a\u00e7\u0131klama yapt\u0131. Yap\u0131lan yaz\u0131l\u0131 a\u00e7\u0131klamada, \u201cEmniyet Te\u015fkilat\u0131m\u0131z Siber ve \u0130stihbarat birimlerince 3 ay \u00f6nce yap\u0131lan operasyonlar\u0131n de\u011ferlendirilmesinde; bu t\u00fcr payla\u015f\u0131mlar\u0131n bir oltalama ve [&hellip;]\" \/>\n<meta property=\"og:url\" content=\"https:\/\/akunq.net\/tr\/?p=67970\" \/>\n<meta property=\"og:site_name\" content=\"Bati Ermenistan Ve Bati Ermenileri Sorunlari Ara\u015ftirmalar Merkezi\" \/>\n<meta property=\"article:published_time\" content=\"2022-04-13T07:58:06+00:00\" \/>\n<meta property=\"og:image\" content=\"https:\/\/akunq.net\/tr\/wp-content\/uploads\/sites\/6\/2022\/04\/e-devlet.jpeg\" \/>\n\t<meta property=\"og:image:width\" content=\"1368\" \/>\n\t<meta property=\"og:image:height\" content=\"911\" \/>\n\t<meta property=\"og:image:type\" content=\"image\/jpeg\" \/>\n<meta name=\"author\" content=\"admin\" \/>\n<meta name=\"twitter:card\" content=\"summary_large_image\" \/>\n<meta name=\"twitter:label1\" content=\"Written by\" \/>\n\t<meta name=\"twitter:data1\" content=\"admin\" \/>\n\t<meta name=\"twitter:label2\" content=\"Est. reading time\" \/>\n\t<meta name=\"twitter:data2\" content=\"2 minutes\" \/>\n<script type=\"application\/ld+json\" class=\"yoast-schema-graph\">{\"@context\":\"https:\\\/\\\/schema.org\",\"@graph\":[{\"@type\":\"Article\",\"@id\":\"https:\\\/\\\/akunq.net\\\/tr\\\/?p=67970#article\",\"isPartOf\":{\"@id\":\"https:\\\/\\\/akunq.net\\\/tr\\\/?p=67970\"},\"author\":{\"name\":\"admin\",\"@id\":\"https:\\\/\\\/akunq.net\\\/tr\\\/#\\\/schema\\\/person\\\/096f1d38a12cce57fb855b485ed24c9e\"},\"headline\":\"e-devlet verilerinin s\u0131zd\u0131r\u0131ld\u0131\u011f\u0131 iddias\u0131na yalanlama\",\"datePublished\":\"2022-04-13T07:58:06+00:00\",\"mainEntityOfPage\":{\"@id\":\"https:\\\/\\\/akunq.net\\\/tr\\\/?p=67970\"},\"wordCount\":399,\"commentCount\":0,\"image\":{\"@id\":\"https:\\\/\\\/akunq.net\\\/tr\\\/?p=67970#primaryimage\"},\"thumbnailUrl\":\"https:\\\/\\\/akunq.net\\\/tr\\\/wp-content\\\/uploads\\\/sites\\\/6\\\/2022\\\/04\\\/e-devlet.jpeg\",\"articleSection\":[\"Haberler\"],\"inLanguage\":\"en-US\",\"potentialAction\":[{\"@type\":\"CommentAction\",\"name\":\"Comment\",\"target\":[\"https:\\\/\\\/akunq.net\\\/tr\\\/?p=67970#respond\"]}]},{\"@type\":\"WebPage\",\"@id\":\"https:\\\/\\\/akunq.net\\\/tr\\\/?p=67970\",\"url\":\"https:\\\/\\\/akunq.net\\\/tr\\\/?p=67970\",\"name\":\"e-devlet verilerinin s\u0131zd\u0131r\u0131ld\u0131\u011f\u0131 iddias\u0131na yalanlama - Bati Ermenistan Ve Bati Ermenileri Sorunlari Ara\u015ftirmalar Merkezi\",\"isPartOf\":{\"@id\":\"https:\\\/\\\/akunq.net\\\/tr\\\/#website\"},\"primaryImageOfPage\":{\"@id\":\"https:\\\/\\\/akunq.net\\\/tr\\\/?p=67970#primaryimage\"},\"image\":{\"@id\":\"https:\\\/\\\/akunq.net\\\/tr\\\/?p=67970#primaryimage\"},\"thumbnailUrl\":\"https:\\\/\\\/akunq.net\\\/tr\\\/wp-content\\\/uploads\\\/sites\\\/6\\\/2022\\\/04\\\/e-devlet.jpeg\",\"datePublished\":\"2022-04-13T07:58:06+00:00\",\"author\":{\"@id\":\"https:\\\/\\\/akunq.net\\\/tr\\\/#\\\/schema\\\/person\\\/096f1d38a12cce57fb855b485ed24c9e\"},\"breadcrumb\":{\"@id\":\"https:\\\/\\\/akunq.net\\\/tr\\\/?p=67970#breadcrumb\"},\"inLanguage\":\"en-US\",\"potentialAction\":[{\"@type\":\"ReadAction\",\"target\":[\"https:\\\/\\\/akunq.net\\\/tr\\\/?p=67970\"]}]},{\"@type\":\"ImageObject\",\"inLanguage\":\"en-US\",\"@id\":\"https:\\\/\\\/akunq.net\\\/tr\\\/?p=67970#primaryimage\",\"url\":\"https:\\\/\\\/akunq.net\\\/tr\\\/wp-content\\\/uploads\\\/sites\\\/6\\\/2022\\\/04\\\/e-devlet.jpeg\",\"contentUrl\":\"https:\\\/\\\/akunq.net\\\/tr\\\/wp-content\\\/uploads\\\/sites\\\/6\\\/2022\\\/04\\\/e-devlet.jpeg\",\"width\":1368,\"height\":911},{\"@type\":\"BreadcrumbList\",\"@id\":\"https:\\\/\\\/akunq.net\\\/tr\\\/?p=67970#breadcrumb\",\"itemListElement\":[{\"@type\":\"ListItem\",\"position\":1,\"name\":\"Home\",\"item\":\"https:\\\/\\\/akunq.net\\\/tr\"},{\"@type\":\"ListItem\",\"position\":2,\"name\":\"e-devlet verilerinin s\u0131zd\u0131r\u0131ld\u0131\u011f\u0131 iddias\u0131na yalanlama\"}]},{\"@type\":\"WebSite\",\"@id\":\"https:\\\/\\\/akunq.net\\\/tr\\\/#website\",\"url\":\"https:\\\/\\\/akunq.net\\\/tr\\\/\",\"name\":\"Bati Ermenistan Ve Bati Ermenileri Sorunlari Ara\u015ftirmalar Merkezi\",\"description\":\"\",\"potentialAction\":[{\"@type\":\"SearchAction\",\"target\":{\"@type\":\"EntryPoint\",\"urlTemplate\":\"https:\\\/\\\/akunq.net\\\/tr\\\/?s={search_term_string}\"},\"query-input\":{\"@type\":\"PropertyValueSpecification\",\"valueRequired\":true,\"valueName\":\"search_term_string\"}}],\"inLanguage\":\"en-US\"},{\"@type\":\"Person\",\"@id\":\"https:\\\/\\\/akunq.net\\\/tr\\\/#\\\/schema\\\/person\\\/096f1d38a12cce57fb855b485ed24c9e\",\"name\":\"admin\",\"url\":\"https:\\\/\\\/akunq.net\\\/tr\\\/?author=7\"}]}<\/script>\n<!-- \/ Yoast SEO plugin. -->","yoast_head_json":{"title":"e-devlet verilerinin s\u0131zd\u0131r\u0131ld\u0131\u011f\u0131 iddias\u0131na yalanlama - Bati Ermenistan Ve Bati Ermenileri Sorunlari Ara\u015ftirmalar Merkezi","robots":{"index":"index","follow":"follow","max-snippet":"max-snippet:-1","max-image-preview":"max-image-preview:large","max-video-preview":"max-video-preview:-1"},"canonical":"https:\/\/akunq.net\/tr\/?p=67970","og_locale":"en_US","og_type":"article","og_title":"e-devlet verilerinin s\u0131zd\u0131r\u0131ld\u0131\u011f\u0131 iddias\u0131na yalanlama - Bati Ermenistan Ve Bati Ermenileri Sorunlari Ara\u015ftirmalar Merkezi","og_description":"\u0130\u00e7i\u015fleri Bakanl\u0131\u011f\u0131 konuya ili\u015fkin su\u00e7 duyurusunda bulunulaca\u011f\u0131n\u0131 bildirdi. Foto\u011fraf: AA N\u00fcfus ve Vatanda\u015fl\u0131k \u0130\u015fleri Genel M\u00fcd\u00fcrl\u00fc\u011f\u00fc, \u201ce-devlet verilerinin s\u0131zm\u0131\u015f oldu\u011fu, s\u0131zan veriler aras\u0131nda kimlik foto\u011fraflar\u0131n\u0131n ve g\u00fcncel adreslerinde var oldu\u011fu&#8221; ifadeleri nedeniyle a\u00e7\u0131klama yapt\u0131. Yap\u0131lan yaz\u0131l\u0131 a\u00e7\u0131klamada, \u201cEmniyet Te\u015fkilat\u0131m\u0131z Siber ve \u0130stihbarat birimlerince 3 ay \u00f6nce yap\u0131lan operasyonlar\u0131n de\u011ferlendirilmesinde; bu t\u00fcr payla\u015f\u0131mlar\u0131n bir oltalama ve [&hellip;]","og_url":"https:\/\/akunq.net\/tr\/?p=67970","og_site_name":"Bati Ermenistan Ve Bati Ermenileri Sorunlari Ara\u015ftirmalar Merkezi","article_published_time":"2022-04-13T07:58:06+00:00","og_image":[{"width":1368,"height":911,"url":"https:\/\/akunq.net\/tr\/wp-content\/uploads\/sites\/6\/2022\/04\/e-devlet.jpeg","type":"image\/jpeg"}],"author":"admin","twitter_card":"summary_large_image","twitter_misc":{"Written by":"admin","Est. reading time":"2 minutes"},"schema":{"@context":"https:\/\/schema.org","@graph":[{"@type":"Article","@id":"https:\/\/akunq.net\/tr\/?p=67970#article","isPartOf":{"@id":"https:\/\/akunq.net\/tr\/?p=67970"},"author":{"name":"admin","@id":"https:\/\/akunq.net\/tr\/#\/schema\/person\/096f1d38a12cce57fb855b485ed24c9e"},"headline":"e-devlet verilerinin s\u0131zd\u0131r\u0131ld\u0131\u011f\u0131 iddias\u0131na yalanlama","datePublished":"2022-04-13T07:58:06+00:00","mainEntityOfPage":{"@id":"https:\/\/akunq.net\/tr\/?p=67970"},"wordCount":399,"commentCount":0,"image":{"@id":"https:\/\/akunq.net\/tr\/?p=67970#primaryimage"},"thumbnailUrl":"https:\/\/akunq.net\/tr\/wp-content\/uploads\/sites\/6\/2022\/04\/e-devlet.jpeg","articleSection":["Haberler"],"inLanguage":"en-US","potentialAction":[{"@type":"CommentAction","name":"Comment","target":["https:\/\/akunq.net\/tr\/?p=67970#respond"]}]},{"@type":"WebPage","@id":"https:\/\/akunq.net\/tr\/?p=67970","url":"https:\/\/akunq.net\/tr\/?p=67970","name":"e-devlet verilerinin s\u0131zd\u0131r\u0131ld\u0131\u011f\u0131 iddias\u0131na yalanlama - Bati Ermenistan Ve Bati Ermenileri Sorunlari Ara\u015ftirmalar Merkezi","isPartOf":{"@id":"https:\/\/akunq.net\/tr\/#website"},"primaryImageOfPage":{"@id":"https:\/\/akunq.net\/tr\/?p=67970#primaryimage"},"image":{"@id":"https:\/\/akunq.net\/tr\/?p=67970#primaryimage"},"thumbnailUrl":"https:\/\/akunq.net\/tr\/wp-content\/uploads\/sites\/6\/2022\/04\/e-devlet.jpeg","datePublished":"2022-04-13T07:58:06+00:00","author":{"@id":"https:\/\/akunq.net\/tr\/#\/schema\/person\/096f1d38a12cce57fb855b485ed24c9e"},"breadcrumb":{"@id":"https:\/\/akunq.net\/tr\/?p=67970#breadcrumb"},"inLanguage":"en-US","potentialAction":[{"@type":"ReadAction","target":["https:\/\/akunq.net\/tr\/?p=67970"]}]},{"@type":"ImageObject","inLanguage":"en-US","@id":"https:\/\/akunq.net\/tr\/?p=67970#primaryimage","url":"https:\/\/akunq.net\/tr\/wp-content\/uploads\/sites\/6\/2022\/04\/e-devlet.jpeg","contentUrl":"https:\/\/akunq.net\/tr\/wp-content\/uploads\/sites\/6\/2022\/04\/e-devlet.jpeg","width":1368,"height":911},{"@type":"BreadcrumbList","@id":"https:\/\/akunq.net\/tr\/?p=67970#breadcrumb","itemListElement":[{"@type":"ListItem","position":1,"name":"Home","item":"https:\/\/akunq.net\/tr"},{"@type":"ListItem","position":2,"name":"e-devlet verilerinin s\u0131zd\u0131r\u0131ld\u0131\u011f\u0131 iddias\u0131na yalanlama"}]},{"@type":"WebSite","@id":"https:\/\/akunq.net\/tr\/#website","url":"https:\/\/akunq.net\/tr\/","name":"Bati Ermenistan Ve Bati Ermenileri Sorunlari Ara\u015ftirmalar Merkezi","description":"","potentialAction":[{"@type":"SearchAction","target":{"@type":"EntryPoint","urlTemplate":"https:\/\/akunq.net\/tr\/?s={search_term_string}"},"query-input":{"@type":"PropertyValueSpecification","valueRequired":true,"valueName":"search_term_string"}}],"inLanguage":"en-US"},{"@type":"Person","@id":"https:\/\/akunq.net\/tr\/#\/schema\/person\/096f1d38a12cce57fb855b485ed24c9e","name":"admin","url":"https:\/\/akunq.net\/tr\/?author=7"}]}},"_links":{"self":[{"href":"https:\/\/akunq.net\/tr\/index.php?rest_route=\/wp\/v2\/posts\/67970","targetHints":{"allow":["GET"]}}],"collection":[{"href":"https:\/\/akunq.net\/tr\/index.php?rest_route=\/wp\/v2\/posts"}],"about":[{"href":"https:\/\/akunq.net\/tr\/index.php?rest_route=\/wp\/v2\/types\/post"}],"author":[{"embeddable":true,"href":"https:\/\/akunq.net\/tr\/index.php?rest_route=\/wp\/v2\/users\/7"}],"replies":[{"embeddable":true,"href":"https:\/\/akunq.net\/tr\/index.php?rest_route=%2Fwp%2Fv2%2Fcomments&post=67970"}],"version-history":[{"count":1,"href":"https:\/\/akunq.net\/tr\/index.php?rest_route=\/wp\/v2\/posts\/67970\/revisions"}],"predecessor-version":[{"id":67972,"href":"https:\/\/akunq.net\/tr\/index.php?rest_route=\/wp\/v2\/posts\/67970\/revisions\/67972"}],"wp:featuredmedia":[{"embeddable":true,"href":"https:\/\/akunq.net\/tr\/index.php?rest_route=\/wp\/v2\/media\/67971"}],"wp:attachment":[{"href":"https:\/\/akunq.net\/tr\/index.php?rest_route=%2Fwp%2Fv2%2Fmedia&parent=67970"}],"wp:term":[{"taxonomy":"category","embeddable":true,"href":"https:\/\/akunq.net\/tr\/index.php?rest_route=%2Fwp%2Fv2%2Fcategories&post=67970"},{"taxonomy":"post_tag","embeddable":true,"href":"https:\/\/akunq.net\/tr\/index.php?rest_route=%2Fwp%2Fv2%2Ftags&post=67970"}],"curies":[{"name":"wp","href":"https:\/\/api.w.org\/{rel}","templated":true}]}}