{"id":67967,"date":"2022-04-13T02:45:58","date_gmt":"2022-04-13T07:45:58","guid":{"rendered":"https:\/\/akunq.net\/tr\/?p=67967"},"modified":"2022-04-13T02:45:58","modified_gmt":"2022-04-13T07:45:58","slug":"afyonkarahisarin-en-eski-pide-firininda-bu-ramazan-ayinda-da-pideler-sicak-sicak-cikiyor-ermeniler-insaa-etmis","status":"publish","type":"post","link":"https:\/\/akunq.net\/tr\/?p=67967","title":{"rendered":"Afyonkarahisar&#8217;\u0131n en eski pide f\u0131r\u0131n\u0131nda bu Ramazan ay\u0131nda da pideler s\u0131cak s\u0131cak \u00e7\u0131k\u0131yor! Ermeniler in\u015faa etmi\u015f"},"content":{"rendered":"<div class=\"content-heading\">\n<p><img loading=\"lazy\" decoding=\"async\" class=\"aligncenter size-medium wp-image-67968\" src=\"https:\/\/akunq.net\/tr\/wp-content\/uploads\/2022\/04\/Afyonkarahisar\u0131n-en-eski-pide-f\u0131r\u0131n\u0131-360x203.jpg\" alt=\"\" width=\"360\" height=\"203\" srcset=\"https:\/\/akunq.net\/tr\/wp-content\/uploads\/sites\/6\/2022\/04\/Afyonkarahisar\u0131n-en-eski-pide-f\u0131r\u0131n\u0131-360x203.jpg 360w, https:\/\/akunq.net\/tr\/wp-content\/uploads\/sites\/6\/2022\/04\/Afyonkarahisar\u0131n-en-eski-pide-f\u0131r\u0131n\u0131-768x432.jpg 768w, https:\/\/akunq.net\/tr\/wp-content\/uploads\/sites\/6\/2022\/04\/Afyonkarahisar\u0131n-en-eski-pide-f\u0131r\u0131n\u0131-560x315.jpg 560w, https:\/\/akunq.net\/tr\/wp-content\/uploads\/sites\/6\/2022\/04\/Afyonkarahisar\u0131n-en-eski-pide-f\u0131r\u0131n\u0131-260x146.jpg 260w, https:\/\/akunq.net\/tr\/wp-content\/uploads\/sites\/6\/2022\/04\/Afyonkarahisar\u0131n-en-eski-pide-f\u0131r\u0131n\u0131-160x90.jpg 160w, https:\/\/akunq.net\/tr\/wp-content\/uploads\/sites\/6\/2022\/04\/Afyonkarahisar\u0131n-en-eski-pide-f\u0131r\u0131n\u0131.jpg 999w\" sizes=\"auto, (max-width: 360px) 100vw, 360px\" \/><\/p>\n<p class=\"content-description\"><em><strong>Afyonkarahisar\u2019da Cumhuriyet\u2019ten \u00f6nce Ermeniler taraf\u0131ndan yap\u0131lan ve 1905\u2019ten bu yana f\u0131r\u0131n olarak kullan\u0131lan tarihi pide f\u0131r\u0131n\u0131nda 117 y\u0131ld\u0131r ayn\u0131 usulle pide yap\u0131l\u0131yor.<\/strong><\/em><\/p>\n<\/div>\n<div class=\"text-content\">\n<p><strong>Afyonkarahisar<\/strong>\u00a0kent merkezi Demirciler \u00e7ar\u015f\u0131s\u0131nda faaliyet g\u00f6steren bir pide f\u0131r\u0131n\u0131 adeta ya\u015fayan bir efsane. Cumhuriyetin ilan\u0131ndan \u00f6nce Ermeni ta\u015f duvar ustalar\u0131 taraf\u0131ndan yap\u0131lan ve bir d\u00f6nem lastik fabrikas\u0131, un fabrikas\u0131 gibi faaliyette bulunan bina 1905 y\u0131l\u0131nda f\u0131r\u0131n olarak faaliyetine ba\u015flam\u0131\u015f ve o g\u00fcn den bu yana ate\u015fi hi\u00e7 s\u00f6nmemi\u015f. Afyonkarahisar\u2019\u0131n me\u015fhur etli pidesinin yap\u0131ld\u0131\u011f\u0131 f\u0131r\u0131nda Ramazan ay\u0131yla birlikte ramazan pideleri pi\u015firiliyor.<\/p>\n<p><strong>\u201c117 YILDIR AYNI USULLE YAPILIYOR\u201d<\/strong><\/p>\n<p>1905 y\u0131l\u0131ndan bu yana binan\u0131n pide f\u0131r\u0131n\u0131 olarak faaliyet g\u00f6sterdi\u011fini belirten f\u0131r\u0131n i\u015fletmecisi ve ustas\u0131 \u00d6mer Yalava\u00e7, \u201cPide f\u0131r\u0131n\u0131 i\u015fletmecisi olarak \u00e7al\u0131\u015f\u0131yorum. Cumhuriyetten \u00f6nce 1905\u2019den itibaren f\u0131r\u0131n. Ermeniler zaman\u0131nda kalm\u0131\u015f, belli bir k\u0131s\u0131mlar\u0131 a\u00e7\u0131lm\u0131\u015f kapanm\u0131\u015f 1905\u2019den bu g\u00fcne f\u0131r\u0131n olarak devam etmektedir. Afyonkarahisar\u2019\u0131n en eski pide f\u0131r\u0131nlar\u0131ndan biridir. Daha \u00f6nce lastik fabrikas\u0131 olarak kullan\u0131lm\u0131\u015f, marangozluk olarak kullan\u0131lm\u0131\u015f cumhuriyetten \u00f6nce. Buras\u0131 y\u00fczy\u0131l\u0131n \u00fczerinde f\u0131r\u0131n olarak kullan\u0131lmaktad\u0131r. Eski usulden kullan\u0131r\u0131z eskiden pide nas\u0131l yap\u0131l\u0131yorsa f\u0131r\u0131nda hi\u00e7bir de\u011fi\u015fiklik olmadan ayn\u0131 \u015fekilde devam ediyoruz. Odunlar\u0131m\u0131z me\u015fe odunundand\u0131r, ta\u015f f\u0131r\u0131nda pidemizi yap\u0131yoruz. 117 y\u0131ld\u0131r ayn\u0131 usulle yap\u0131l\u0131yor sadece binan\u0131n i\u00e7inde de\u011fi\u015fiklik olarak fayanslar yap\u0131lm\u0131\u015f sit kanunundan \u00f6nce geri kalan hepsi eski usul.\u201d dedi.<\/p>\n<p><strong>\u201cTAR\u0130H\u0130 YERDE LEZZETL\u0130 VE FARKLI B\u0130R TADI VAR\u201d<\/strong><\/p>\n<p>Afyon\u2019un kendine has bir damak tad\u0131n\u0131n oldu\u011funu belirten Yalava\u00e7, \u201cRamazan dolay\u0131s\u0131yla bizim Afyonkarahisar\u2019\u0131n Afyon Kebab\u0131 olarak kebapl\u0131k pide yap\u0131yoruz, bir de susaml\u0131 yumurtal\u0131 olarak iftar pidesi yap\u0131yoruz. Afyonun kendine \u00f6zg\u00fc bir damak tad\u0131 var Ramazan pidesi, genellikle davetlerde kullan\u0131l\u0131r s\u0131cak s\u0131cak duman\u0131 \u00fcst\u00fcnde \u00e7ok lezzetli bir pidedir. Yumurta ve susamla birlikte yap\u0131l\u0131r mayal\u0131 hamurla yap\u0131l\u0131r lezzetlidir Afyon\u2019a \u00f6zg\u00fc bir tad\u0131 vard\u0131r. Ramazanda kebapl\u0131k ve ramazan pidesi yap\u0131yoruz normal g\u00fcnlerde de etli pide yap\u0131yoruz. Ramazan pidesi de ayn\u0131 \u015fekilde etli pideye g\u00f6re biraz daha kabarg\u0131nd\u0131r mayal\u0131 hamur kullan\u0131l\u0131r. Ek\u015fi maya ikisinde de kullan\u0131l\u0131r. Afyonumuzun me\u015fhurdur pidesini gelip g\u00f6rmelerini isteriz. Tarihi yerde \u00e7ok lezzetlidir farkl\u0131 bir tad\u0131 vard\u0131r afyon olarak, afyonumuzun pidesi g\u00fczeldir etli pidesi de susaml\u0131 pidesi birde afyon kebab\u0131m\u0131z vard\u0131r kebapl\u0131k pidesi\u201d diye konu\u015ftu.<\/p>\n<p><strong><em>https:\/\/www.memleket.com.tr\/afyonkarahisarin-en-eski-pide-firininda-bu-ramazan-ayinda-da-pideler-sicak-sicak-2119682h.htm\u00a0<\/em><\/strong><\/p>\n<\/div>\n","protected":false},"excerpt":{"rendered":"<p>Afyonkarahisar\u2019da Cumhuriyet\u2019ten \u00f6nce Ermeniler taraf\u0131ndan yap\u0131lan ve 1905\u2019ten bu yana f\u0131r\u0131n olarak kullan\u0131lan tarihi pide f\u0131r\u0131n\u0131nda 117 y\u0131ld\u0131r ayn\u0131 usulle pide yap\u0131l\u0131yor. Afyonkarahisar\u00a0kent merkezi Demirciler \u00e7ar\u015f\u0131s\u0131nda faaliyet g\u00f6steren bir pide f\u0131r\u0131n\u0131 adeta ya\u015fayan bir efsane. Cumhuriyetin ilan\u0131ndan \u00f6nce Ermeni ta\u015f duvar ustalar\u0131 taraf\u0131ndan yap\u0131lan ve bir d\u00f6nem lastik fabrikas\u0131, un fabrikas\u0131 gibi faaliyette bulunan bina [&hellip;]<\/p>\n","protected":false},"author":7,"featured_media":67968,"comment_status":"open","ping_status":"open","sticky":false,"template":"","format":"standard","meta":{"footnotes":""},"categories":[1],"tags":[],"class_list":["post-67967","post","type-post","status-publish","format-standard","has-post-thumbnail","hentry","category-haberler"],"yoast_head":"<!-- This site is optimized with the Yoast SEO plugin v27.4 - https:\/\/yoast.com\/product\/yoast-seo-wordpress\/ -->\n<title>Afyonkarahisar&#039;\u0131n en eski pide f\u0131r\u0131n\u0131nda bu Ramazan ay\u0131nda da pideler s\u0131cak s\u0131cak \u00e7\u0131k\u0131yor! Ermeniler in\u015faa etmi\u015f - Bati Ermenistan Ve Bati Ermenileri Sorunlari Ara\u015ftirmalar Merkezi<\/title>\n<meta name=\"robots\" content=\"index, follow, max-snippet:-1, max-image-preview:large, max-video-preview:-1\" \/>\n<link rel=\"canonical\" href=\"https:\/\/akunq.net\/tr\/?p=67967\" \/>\n<meta property=\"og:locale\" content=\"en_US\" \/>\n<meta property=\"og:type\" content=\"article\" \/>\n<meta property=\"og:title\" content=\"Afyonkarahisar&#039;\u0131n en eski pide f\u0131r\u0131n\u0131nda bu Ramazan ay\u0131nda da pideler s\u0131cak s\u0131cak \u00e7\u0131k\u0131yor! Ermeniler in\u015faa etmi\u015f - Bati Ermenistan Ve Bati Ermenileri Sorunlari Ara\u015ftirmalar Merkezi\" \/>\n<meta property=\"og:description\" content=\"Afyonkarahisar\u2019da Cumhuriyet\u2019ten \u00f6nce Ermeniler taraf\u0131ndan yap\u0131lan ve 1905\u2019ten bu yana f\u0131r\u0131n olarak kullan\u0131lan tarihi pide f\u0131r\u0131n\u0131nda 117 y\u0131ld\u0131r ayn\u0131 usulle pide yap\u0131l\u0131yor. Afyonkarahisar\u00a0kent merkezi Demirciler \u00e7ar\u015f\u0131s\u0131nda faaliyet g\u00f6steren bir pide f\u0131r\u0131n\u0131 adeta ya\u015fayan bir efsane. Cumhuriyetin ilan\u0131ndan \u00f6nce Ermeni ta\u015f duvar ustalar\u0131 taraf\u0131ndan yap\u0131lan ve bir d\u00f6nem lastik fabrikas\u0131, un fabrikas\u0131 gibi faaliyette bulunan bina [&hellip;]\" \/>\n<meta property=\"og:url\" content=\"https:\/\/akunq.net\/tr\/?p=67967\" \/>\n<meta property=\"og:site_name\" content=\"Bati Ermenistan Ve Bati Ermenileri Sorunlari Ara\u015ftirmalar Merkezi\" \/>\n<meta property=\"article:published_time\" content=\"2022-04-13T07:45:58+00:00\" \/>\n<meta property=\"og:image\" content=\"https:\/\/akunq.net\/tr\/wp-content\/uploads\/sites\/6\/2022\/04\/Afyonkarahisar\u0131n-en-eski-pide-f\u0131r\u0131n\u0131.jpg\" \/>\n\t<meta property=\"og:image:width\" content=\"999\" \/>\n\t<meta property=\"og:image:height\" content=\"562\" \/>\n\t<meta property=\"og:image:type\" content=\"image\/jpeg\" \/>\n<meta name=\"author\" content=\"admin\" \/>\n<meta name=\"twitter:card\" content=\"summary_large_image\" \/>\n<meta name=\"twitter:label1\" content=\"Written by\" \/>\n\t<meta name=\"twitter:data1\" content=\"admin\" \/>\n\t<meta name=\"twitter:label2\" content=\"Est. reading time\" \/>\n\t<meta name=\"twitter:data2\" content=\"2 minutes\" \/>\n<script type=\"application\/ld+json\" class=\"yoast-schema-graph\">{\"@context\":\"https:\\\/\\\/schema.org\",\"@graph\":[{\"@type\":\"Article\",\"@id\":\"https:\\\/\\\/akunq.net\\\/tr\\\/?p=67967#article\",\"isPartOf\":{\"@id\":\"https:\\\/\\\/akunq.net\\\/tr\\\/?p=67967\"},\"author\":{\"name\":\"admin\",\"@id\":\"https:\\\/\\\/akunq.net\\\/tr\\\/#\\\/schema\\\/person\\\/096f1d38a12cce57fb855b485ed24c9e\"},\"headline\":\"Afyonkarahisar&#8217;\u0131n en eski pide f\u0131r\u0131n\u0131nda bu Ramazan ay\u0131nda da pideler s\u0131cak s\u0131cak \u00e7\u0131k\u0131yor! Ermeniler in\u015faa etmi\u015f\",\"datePublished\":\"2022-04-13T07:45:58+00:00\",\"mainEntityOfPage\":{\"@id\":\"https:\\\/\\\/akunq.net\\\/tr\\\/?p=67967\"},\"wordCount\":501,\"commentCount\":0,\"image\":{\"@id\":\"https:\\\/\\\/akunq.net\\\/tr\\\/?p=67967#primaryimage\"},\"thumbnailUrl\":\"https:\\\/\\\/akunq.net\\\/tr\\\/wp-content\\\/uploads\\\/sites\\\/6\\\/2022\\\/04\\\/Afyonkarahisar\u0131n-en-eski-pide-f\u0131r\u0131n\u0131.jpg\",\"articleSection\":[\"Haberler\"],\"inLanguage\":\"en-US\",\"potentialAction\":[{\"@type\":\"CommentAction\",\"name\":\"Comment\",\"target\":[\"https:\\\/\\\/akunq.net\\\/tr\\\/?p=67967#respond\"]}]},{\"@type\":\"WebPage\",\"@id\":\"https:\\\/\\\/akunq.net\\\/tr\\\/?p=67967\",\"url\":\"https:\\\/\\\/akunq.net\\\/tr\\\/?p=67967\",\"name\":\"Afyonkarahisar'\u0131n en eski pide f\u0131r\u0131n\u0131nda bu Ramazan ay\u0131nda da pideler s\u0131cak s\u0131cak \u00e7\u0131k\u0131yor! Ermeniler in\u015faa etmi\u015f - Bati Ermenistan Ve Bati Ermenileri Sorunlari Ara\u015ftirmalar Merkezi\",\"isPartOf\":{\"@id\":\"https:\\\/\\\/akunq.net\\\/tr\\\/#website\"},\"primaryImageOfPage\":{\"@id\":\"https:\\\/\\\/akunq.net\\\/tr\\\/?p=67967#primaryimage\"},\"image\":{\"@id\":\"https:\\\/\\\/akunq.net\\\/tr\\\/?p=67967#primaryimage\"},\"thumbnailUrl\":\"https:\\\/\\\/akunq.net\\\/tr\\\/wp-content\\\/uploads\\\/sites\\\/6\\\/2022\\\/04\\\/Afyonkarahisar\u0131n-en-eski-pide-f\u0131r\u0131n\u0131.jpg\",\"datePublished\":\"2022-04-13T07:45:58+00:00\",\"author\":{\"@id\":\"https:\\\/\\\/akunq.net\\\/tr\\\/#\\\/schema\\\/person\\\/096f1d38a12cce57fb855b485ed24c9e\"},\"breadcrumb\":{\"@id\":\"https:\\\/\\\/akunq.net\\\/tr\\\/?p=67967#breadcrumb\"},\"inLanguage\":\"en-US\",\"potentialAction\":[{\"@type\":\"ReadAction\",\"target\":[\"https:\\\/\\\/akunq.net\\\/tr\\\/?p=67967\"]}]},{\"@type\":\"ImageObject\",\"inLanguage\":\"en-US\",\"@id\":\"https:\\\/\\\/akunq.net\\\/tr\\\/?p=67967#primaryimage\",\"url\":\"https:\\\/\\\/akunq.net\\\/tr\\\/wp-content\\\/uploads\\\/sites\\\/6\\\/2022\\\/04\\\/Afyonkarahisar\u0131n-en-eski-pide-f\u0131r\u0131n\u0131.jpg\",\"contentUrl\":\"https:\\\/\\\/akunq.net\\\/tr\\\/wp-content\\\/uploads\\\/sites\\\/6\\\/2022\\\/04\\\/Afyonkarahisar\u0131n-en-eski-pide-f\u0131r\u0131n\u0131.jpg\",\"width\":999,\"height\":562},{\"@type\":\"BreadcrumbList\",\"@id\":\"https:\\\/\\\/akunq.net\\\/tr\\\/?p=67967#breadcrumb\",\"itemListElement\":[{\"@type\":\"ListItem\",\"position\":1,\"name\":\"Home\",\"item\":\"https:\\\/\\\/akunq.net\\\/tr\"},{\"@type\":\"ListItem\",\"position\":2,\"name\":\"Afyonkarahisar&#8217;\u0131n en eski pide f\u0131r\u0131n\u0131nda bu Ramazan ay\u0131nda da pideler s\u0131cak s\u0131cak \u00e7\u0131k\u0131yor! Ermeniler in\u015faa etmi\u015f\"}]},{\"@type\":\"WebSite\",\"@id\":\"https:\\\/\\\/akunq.net\\\/tr\\\/#website\",\"url\":\"https:\\\/\\\/akunq.net\\\/tr\\\/\",\"name\":\"Bati Ermenistan Ve Bati Ermenileri Sorunlari Ara\u015ftirmalar Merkezi\",\"description\":\"\",\"potentialAction\":[{\"@type\":\"SearchAction\",\"target\":{\"@type\":\"EntryPoint\",\"urlTemplate\":\"https:\\\/\\\/akunq.net\\\/tr\\\/?s={search_term_string}\"},\"query-input\":{\"@type\":\"PropertyValueSpecification\",\"valueRequired\":true,\"valueName\":\"search_term_string\"}}],\"inLanguage\":\"en-US\"},{\"@type\":\"Person\",\"@id\":\"https:\\\/\\\/akunq.net\\\/tr\\\/#\\\/schema\\\/person\\\/096f1d38a12cce57fb855b485ed24c9e\",\"name\":\"admin\",\"url\":\"https:\\\/\\\/akunq.net\\\/tr\\\/?author=7\"}]}<\/script>\n<!-- \/ Yoast SEO plugin. -->","yoast_head_json":{"title":"Afyonkarahisar'\u0131n en eski pide f\u0131r\u0131n\u0131nda bu Ramazan ay\u0131nda da pideler s\u0131cak s\u0131cak \u00e7\u0131k\u0131yor! Ermeniler in\u015faa etmi\u015f - Bati Ermenistan Ve Bati Ermenileri Sorunlari Ara\u015ftirmalar Merkezi","robots":{"index":"index","follow":"follow","max-snippet":"max-snippet:-1","max-image-preview":"max-image-preview:large","max-video-preview":"max-video-preview:-1"},"canonical":"https:\/\/akunq.net\/tr\/?p=67967","og_locale":"en_US","og_type":"article","og_title":"Afyonkarahisar'\u0131n en eski pide f\u0131r\u0131n\u0131nda bu Ramazan ay\u0131nda da pideler s\u0131cak s\u0131cak \u00e7\u0131k\u0131yor! Ermeniler in\u015faa etmi\u015f - Bati Ermenistan Ve Bati Ermenileri Sorunlari Ara\u015ftirmalar Merkezi","og_description":"Afyonkarahisar\u2019da Cumhuriyet\u2019ten \u00f6nce Ermeniler taraf\u0131ndan yap\u0131lan ve 1905\u2019ten bu yana f\u0131r\u0131n olarak kullan\u0131lan tarihi pide f\u0131r\u0131n\u0131nda 117 y\u0131ld\u0131r ayn\u0131 usulle pide yap\u0131l\u0131yor. Afyonkarahisar\u00a0kent merkezi Demirciler \u00e7ar\u015f\u0131s\u0131nda faaliyet g\u00f6steren bir pide f\u0131r\u0131n\u0131 adeta ya\u015fayan bir efsane. Cumhuriyetin ilan\u0131ndan \u00f6nce Ermeni ta\u015f duvar ustalar\u0131 taraf\u0131ndan yap\u0131lan ve bir d\u00f6nem lastik fabrikas\u0131, un fabrikas\u0131 gibi faaliyette bulunan bina [&hellip;]","og_url":"https:\/\/akunq.net\/tr\/?p=67967","og_site_name":"Bati Ermenistan Ve Bati Ermenileri Sorunlari Ara\u015ftirmalar Merkezi","article_published_time":"2022-04-13T07:45:58+00:00","og_image":[{"width":999,"height":562,"url":"https:\/\/akunq.net\/tr\/wp-content\/uploads\/sites\/6\/2022\/04\/Afyonkarahisar\u0131n-en-eski-pide-f\u0131r\u0131n\u0131.jpg","type":"image\/jpeg"}],"author":"admin","twitter_card":"summary_large_image","twitter_misc":{"Written by":"admin","Est. reading time":"2 minutes"},"schema":{"@context":"https:\/\/schema.org","@graph":[{"@type":"Article","@id":"https:\/\/akunq.net\/tr\/?p=67967#article","isPartOf":{"@id":"https:\/\/akunq.net\/tr\/?p=67967"},"author":{"name":"admin","@id":"https:\/\/akunq.net\/tr\/#\/schema\/person\/096f1d38a12cce57fb855b485ed24c9e"},"headline":"Afyonkarahisar&#8217;\u0131n en eski pide f\u0131r\u0131n\u0131nda bu Ramazan ay\u0131nda da pideler s\u0131cak s\u0131cak \u00e7\u0131k\u0131yor! Ermeniler in\u015faa etmi\u015f","datePublished":"2022-04-13T07:45:58+00:00","mainEntityOfPage":{"@id":"https:\/\/akunq.net\/tr\/?p=67967"},"wordCount":501,"commentCount":0,"image":{"@id":"https:\/\/akunq.net\/tr\/?p=67967#primaryimage"},"thumbnailUrl":"https:\/\/akunq.net\/tr\/wp-content\/uploads\/sites\/6\/2022\/04\/Afyonkarahisar\u0131n-en-eski-pide-f\u0131r\u0131n\u0131.jpg","articleSection":["Haberler"],"inLanguage":"en-US","potentialAction":[{"@type":"CommentAction","name":"Comment","target":["https:\/\/akunq.net\/tr\/?p=67967#respond"]}]},{"@type":"WebPage","@id":"https:\/\/akunq.net\/tr\/?p=67967","url":"https:\/\/akunq.net\/tr\/?p=67967","name":"Afyonkarahisar'\u0131n en eski pide f\u0131r\u0131n\u0131nda bu Ramazan ay\u0131nda da pideler s\u0131cak s\u0131cak \u00e7\u0131k\u0131yor! Ermeniler in\u015faa etmi\u015f - Bati Ermenistan Ve Bati Ermenileri Sorunlari Ara\u015ftirmalar Merkezi","isPartOf":{"@id":"https:\/\/akunq.net\/tr\/#website"},"primaryImageOfPage":{"@id":"https:\/\/akunq.net\/tr\/?p=67967#primaryimage"},"image":{"@id":"https:\/\/akunq.net\/tr\/?p=67967#primaryimage"},"thumbnailUrl":"https:\/\/akunq.net\/tr\/wp-content\/uploads\/sites\/6\/2022\/04\/Afyonkarahisar\u0131n-en-eski-pide-f\u0131r\u0131n\u0131.jpg","datePublished":"2022-04-13T07:45:58+00:00","author":{"@id":"https:\/\/akunq.net\/tr\/#\/schema\/person\/096f1d38a12cce57fb855b485ed24c9e"},"breadcrumb":{"@id":"https:\/\/akunq.net\/tr\/?p=67967#breadcrumb"},"inLanguage":"en-US","potentialAction":[{"@type":"ReadAction","target":["https:\/\/akunq.net\/tr\/?p=67967"]}]},{"@type":"ImageObject","inLanguage":"en-US","@id":"https:\/\/akunq.net\/tr\/?p=67967#primaryimage","url":"https:\/\/akunq.net\/tr\/wp-content\/uploads\/sites\/6\/2022\/04\/Afyonkarahisar\u0131n-en-eski-pide-f\u0131r\u0131n\u0131.jpg","contentUrl":"https:\/\/akunq.net\/tr\/wp-content\/uploads\/sites\/6\/2022\/04\/Afyonkarahisar\u0131n-en-eski-pide-f\u0131r\u0131n\u0131.jpg","width":999,"height":562},{"@type":"BreadcrumbList","@id":"https:\/\/akunq.net\/tr\/?p=67967#breadcrumb","itemListElement":[{"@type":"ListItem","position":1,"name":"Home","item":"https:\/\/akunq.net\/tr"},{"@type":"ListItem","position":2,"name":"Afyonkarahisar&#8217;\u0131n en eski pide f\u0131r\u0131n\u0131nda bu Ramazan ay\u0131nda da pideler s\u0131cak s\u0131cak \u00e7\u0131k\u0131yor! Ermeniler in\u015faa etmi\u015f"}]},{"@type":"WebSite","@id":"https:\/\/akunq.net\/tr\/#website","url":"https:\/\/akunq.net\/tr\/","name":"Bati Ermenistan Ve Bati Ermenileri Sorunlari Ara\u015ftirmalar Merkezi","description":"","potentialAction":[{"@type":"SearchAction","target":{"@type":"EntryPoint","urlTemplate":"https:\/\/akunq.net\/tr\/?s={search_term_string}"},"query-input":{"@type":"PropertyValueSpecification","valueRequired":true,"valueName":"search_term_string"}}],"inLanguage":"en-US"},{"@type":"Person","@id":"https:\/\/akunq.net\/tr\/#\/schema\/person\/096f1d38a12cce57fb855b485ed24c9e","name":"admin","url":"https:\/\/akunq.net\/tr\/?author=7"}]}},"_links":{"self":[{"href":"https:\/\/akunq.net\/tr\/index.php?rest_route=\/wp\/v2\/posts\/67967","targetHints":{"allow":["GET"]}}],"collection":[{"href":"https:\/\/akunq.net\/tr\/index.php?rest_route=\/wp\/v2\/posts"}],"about":[{"href":"https:\/\/akunq.net\/tr\/index.php?rest_route=\/wp\/v2\/types\/post"}],"author":[{"embeddable":true,"href":"https:\/\/akunq.net\/tr\/index.php?rest_route=\/wp\/v2\/users\/7"}],"replies":[{"embeddable":true,"href":"https:\/\/akunq.net\/tr\/index.php?rest_route=%2Fwp%2Fv2%2Fcomments&post=67967"}],"version-history":[{"count":1,"href":"https:\/\/akunq.net\/tr\/index.php?rest_route=\/wp\/v2\/posts\/67967\/revisions"}],"predecessor-version":[{"id":67969,"href":"https:\/\/akunq.net\/tr\/index.php?rest_route=\/wp\/v2\/posts\/67967\/revisions\/67969"}],"wp:featuredmedia":[{"embeddable":true,"href":"https:\/\/akunq.net\/tr\/index.php?rest_route=\/wp\/v2\/media\/67968"}],"wp:attachment":[{"href":"https:\/\/akunq.net\/tr\/index.php?rest_route=%2Fwp%2Fv2%2Fmedia&parent=67967"}],"wp:term":[{"taxonomy":"category","embeddable":true,"href":"https:\/\/akunq.net\/tr\/index.php?rest_route=%2Fwp%2Fv2%2Fcategories&post=67967"},{"taxonomy":"post_tag","embeddable":true,"href":"https:\/\/akunq.net\/tr\/index.php?rest_route=%2Fwp%2Fv2%2Ftags&post=67967"}],"curies":[{"name":"wp","href":"https:\/\/api.w.org\/{rel}","templated":true}]}}