{"id":67964,"date":"2022-04-13T02:36:16","date_gmt":"2022-04-13T07:36:16","guid":{"rendered":"https:\/\/akunq.net\/tr\/?p=67964"},"modified":"2022-04-13T02:36:16","modified_gmt":"2022-04-13T07:36:16","slug":"anadolunun-yalin-dili-migirdic-margosyan","status":"publish","type":"post","link":"https:\/\/akunq.net\/tr\/?p=67964","title":{"rendered":"Anadolu&#8217;nun yal\u0131n dili: M\u0131g\u0131rdi\u00e7 Margosyan"},"content":{"rendered":"<header class=\"hbptHead\">\n<div class=\"hbptTagDate\"><\/div>\n<div class=\"hbhOrder\">\n<figure class=\"type:primaryimage\">\n<div id=\"video_div\">\n<div id=\"my-dailymotion-player\" class=\"dailymotion-player-root dailymotion-player-xz0y\">\n<div class=\"dailymotion-player-wrapper\"><iframe loading=\"lazy\" class=\"dailymotion-player\" src=\"https:\/\/geo.dailymotion.com\/player\/xz0y.html?video=x89xc3v&amp;mute=false\" width=\"100%\" height=\"100%\" frameborder=\"0\" allowfullscreen=\"allowfullscreen\" data-mce-fragment=\"1\"><\/iframe><\/div>\n<\/div>\n<\/div>\n<\/figure>\n<\/div>\n<p><em><strong>Ermeni yerel edebiyat\u0131n\u0131n \u00f6nemli temsilcilerinden M\u0131g\u0131rdi\u00e7 Margosyan&#8217;\u0131 sevenleri Kumkap\u0131 Meryem Ana Kilisesi&#8217;nden yolculad\u0131.<\/strong><\/em><\/p>\n<\/header>\n<p><main class=\"hbptContent haber_metni\"><a class=\"keyword\" title=\"Ermeni Haberleri, Ermeni Haberi, Ermeni Haber\" href=\"https:\/\/www.haberler.com\/ermeni\/\"><strong>Ermeni<\/strong><\/a>\u00a0yerel edebiyat\u0131n\u0131n \u00f6nemli temsilcilerinden M\u0131g\u0131rdi\u00e7 Margosyan&#8217;\u0131 sevenleri Kumkap\u0131 Meryem Ana Kilisesi&#8217;nden yolculad\u0131.<\/p>\n<p>Margosyan Diyarbak\u0131r&#8217;da do\u011fdu ve 15 ya\u015f\u0131na kadar Diyarbak\u0131r&#8217;da ya\u015fad\u0131. Ermenicenin yan\u0131 s\u0131ra T\u00fcrk\u00e7e de yazd\u0131.<\/p>\n<p>T\u00fcrk\u00e7e eserleri bir anlamda Anadolu halk\u0131 Ermenilerle ilgili yarg\u0131 ve \u00f6nyarg\u0131lara kar\u015f\u0131 bir yan\u0131tt\u0131. Bu topraklar\u0131n kaybetti\u011fi de\u011ferleri hissettirirdi.<\/p>\n<p>Eserlerini farkl\u0131 k\u0131lan, yereldeki g\u00fcndelik hayat\u0131n ayr\u0131nt\u0131lar\u0131n\u0131; Ermenisi, S\u00fcryanisi, Keldanisi, Yahudisi, Yezidisi, K\u00fcrd\u00fc ve T\u00fcrk\u00fcyle onlar\u0131n dilinden aktarmas\u0131yd\u0131.<\/p>\n<p><strong><em>https:\/\/www.haberler.com\/guncel\/anadolu-nun-yalin-dili-migirdic-margosyan-14865306-haberi\/\u00a0<\/em><\/strong><\/p>\n<p><\/main><\/p>\n","protected":false},"excerpt":{"rendered":"<p>Ermeni yerel edebiyat\u0131n\u0131n \u00f6nemli temsilcilerinden M\u0131g\u0131rdi\u00e7 Margosyan&#8217;\u0131 sevenleri Kumkap\u0131 Meryem Ana Kilisesi&#8217;nden yolculad\u0131. Ermeni\u00a0yerel edebiyat\u0131n\u0131n \u00f6nemli temsilcilerinden M\u0131g\u0131rdi\u00e7 Margosyan&#8217;\u0131 sevenleri Kumkap\u0131 Meryem Ana Kilisesi&#8217;nden yolculad\u0131. Margosyan Diyarbak\u0131r&#8217;da do\u011fdu ve 15 ya\u015f\u0131na kadar Diyarbak\u0131r&#8217;da ya\u015fad\u0131. Ermenicenin yan\u0131 s\u0131ra T\u00fcrk\u00e7e de yazd\u0131. T\u00fcrk\u00e7e eserleri bir anlamda Anadolu halk\u0131 Ermenilerle ilgili yarg\u0131 ve \u00f6nyarg\u0131lara kar\u015f\u0131 bir yan\u0131tt\u0131. Bu [&hellip;]<\/p>\n","protected":false},"author":7,"featured_media":67965,"comment_status":"open","ping_status":"open","sticky":false,"template":"","format":"standard","meta":{"footnotes":""},"categories":[1],"tags":[],"class_list":["post-67964","post","type-post","status-publish","format-standard","has-post-thumbnail","hentry","category-haberler"],"yoast_head":"<!-- This site is optimized with the Yoast SEO plugin v27.4 - https:\/\/yoast.com\/product\/yoast-seo-wordpress\/ -->\n<title>Anadolu&#039;nun yal\u0131n dili: M\u0131g\u0131rdi\u00e7 Margosyan - Bati Ermenistan Ve Bati Ermenileri Sorunlari Ara\u015ftirmalar Merkezi<\/title>\n<meta name=\"robots\" content=\"index, follow, max-snippet:-1, max-image-preview:large, max-video-preview:-1\" \/>\n<link rel=\"canonical\" href=\"https:\/\/akunq.net\/tr\/?p=67964\" \/>\n<meta property=\"og:locale\" content=\"en_US\" \/>\n<meta property=\"og:type\" content=\"article\" \/>\n<meta property=\"og:title\" content=\"Anadolu&#039;nun yal\u0131n dili: M\u0131g\u0131rdi\u00e7 Margosyan - Bati Ermenistan Ve Bati Ermenileri Sorunlari Ara\u015ftirmalar Merkezi\" \/>\n<meta property=\"og:description\" content=\"Ermeni yerel edebiyat\u0131n\u0131n \u00f6nemli temsilcilerinden M\u0131g\u0131rdi\u00e7 Margosyan&#8217;\u0131 sevenleri Kumkap\u0131 Meryem Ana Kilisesi&#8217;nden yolculad\u0131. Ermeni\u00a0yerel edebiyat\u0131n\u0131n \u00f6nemli temsilcilerinden M\u0131g\u0131rdi\u00e7 Margosyan&#8217;\u0131 sevenleri Kumkap\u0131 Meryem Ana Kilisesi&#8217;nden yolculad\u0131. Margosyan Diyarbak\u0131r&#8217;da do\u011fdu ve 15 ya\u015f\u0131na kadar Diyarbak\u0131r&#8217;da ya\u015fad\u0131. Ermenicenin yan\u0131 s\u0131ra T\u00fcrk\u00e7e de yazd\u0131. T\u00fcrk\u00e7e eserleri bir anlamda Anadolu halk\u0131 Ermenilerle ilgili yarg\u0131 ve \u00f6nyarg\u0131lara kar\u015f\u0131 bir yan\u0131tt\u0131. Bu [&hellip;]\" \/>\n<meta property=\"og:url\" content=\"https:\/\/akunq.net\/tr\/?p=67964\" \/>\n<meta property=\"og:site_name\" content=\"Bati Ermenistan Ve Bati Ermenileri Sorunlari Ara\u015ftirmalar Merkezi\" \/>\n<meta property=\"article:published_time\" content=\"2022-04-13T07:36:16+00:00\" \/>\n<meta property=\"og:image\" content=\"https:\/\/akunq.net\/tr\/wp-content\/uploads\/sites\/6\/2022\/04\/\u0544\u056f\u0580\u057f\u056b\u0579-\u0544\u0561\u0580\u056f\u0578\u057d\u0565\u0561\u0576.jpg\" \/>\n\t<meta property=\"og:image:width\" content=\"720\" \/>\n\t<meta property=\"og:image:height\" content=\"405\" \/>\n\t<meta property=\"og:image:type\" content=\"image\/jpeg\" \/>\n<meta name=\"author\" content=\"admin\" \/>\n<meta name=\"twitter:card\" content=\"summary_large_image\" \/>\n<meta name=\"twitter:label1\" content=\"Written by\" \/>\n\t<meta name=\"twitter:data1\" content=\"admin\" \/>\n\t<meta name=\"twitter:label2\" content=\"Est. reading time\" \/>\n\t<meta name=\"twitter:data2\" content=\"1 minute\" \/>\n<script type=\"application\/ld+json\" class=\"yoast-schema-graph\">{\"@context\":\"https:\\\/\\\/schema.org\",\"@graph\":[{\"@type\":\"Article\",\"@id\":\"https:\\\/\\\/akunq.net\\\/tr\\\/?p=67964#article\",\"isPartOf\":{\"@id\":\"https:\\\/\\\/akunq.net\\\/tr\\\/?p=67964\"},\"author\":{\"name\":\"admin\",\"@id\":\"https:\\\/\\\/akunq.net\\\/tr\\\/#\\\/schema\\\/person\\\/096f1d38a12cce57fb855b485ed24c9e\"},\"headline\":\"Anadolu&#8217;nun yal\u0131n dili: M\u0131g\u0131rdi\u00e7 Margosyan\",\"datePublished\":\"2022-04-13T07:36:16+00:00\",\"mainEntityOfPage\":{\"@id\":\"https:\\\/\\\/akunq.net\\\/tr\\\/?p=67964\"},\"wordCount\":127,\"commentCount\":0,\"image\":{\"@id\":\"https:\\\/\\\/akunq.net\\\/tr\\\/?p=67964#primaryimage\"},\"thumbnailUrl\":\"https:\\\/\\\/akunq.net\\\/tr\\\/wp-content\\\/uploads\\\/sites\\\/6\\\/2022\\\/04\\\/\u0544\u056f\u0580\u057f\u056b\u0579-\u0544\u0561\u0580\u056f\u0578\u057d\u0565\u0561\u0576.jpg\",\"articleSection\":[\"Haberler\"],\"inLanguage\":\"en-US\",\"potentialAction\":[{\"@type\":\"CommentAction\",\"name\":\"Comment\",\"target\":[\"https:\\\/\\\/akunq.net\\\/tr\\\/?p=67964#respond\"]}]},{\"@type\":\"WebPage\",\"@id\":\"https:\\\/\\\/akunq.net\\\/tr\\\/?p=67964\",\"url\":\"https:\\\/\\\/akunq.net\\\/tr\\\/?p=67964\",\"name\":\"Anadolu'nun yal\u0131n dili: M\u0131g\u0131rdi\u00e7 Margosyan - Bati Ermenistan Ve Bati Ermenileri Sorunlari Ara\u015ftirmalar Merkezi\",\"isPartOf\":{\"@id\":\"https:\\\/\\\/akunq.net\\\/tr\\\/#website\"},\"primaryImageOfPage\":{\"@id\":\"https:\\\/\\\/akunq.net\\\/tr\\\/?p=67964#primaryimage\"},\"image\":{\"@id\":\"https:\\\/\\\/akunq.net\\\/tr\\\/?p=67964#primaryimage\"},\"thumbnailUrl\":\"https:\\\/\\\/akunq.net\\\/tr\\\/wp-content\\\/uploads\\\/sites\\\/6\\\/2022\\\/04\\\/\u0544\u056f\u0580\u057f\u056b\u0579-\u0544\u0561\u0580\u056f\u0578\u057d\u0565\u0561\u0576.jpg\",\"datePublished\":\"2022-04-13T07:36:16+00:00\",\"author\":{\"@id\":\"https:\\\/\\\/akunq.net\\\/tr\\\/#\\\/schema\\\/person\\\/096f1d38a12cce57fb855b485ed24c9e\"},\"breadcrumb\":{\"@id\":\"https:\\\/\\\/akunq.net\\\/tr\\\/?p=67964#breadcrumb\"},\"inLanguage\":\"en-US\",\"potentialAction\":[{\"@type\":\"ReadAction\",\"target\":[\"https:\\\/\\\/akunq.net\\\/tr\\\/?p=67964\"]}]},{\"@type\":\"ImageObject\",\"inLanguage\":\"en-US\",\"@id\":\"https:\\\/\\\/akunq.net\\\/tr\\\/?p=67964#primaryimage\",\"url\":\"https:\\\/\\\/akunq.net\\\/tr\\\/wp-content\\\/uploads\\\/sites\\\/6\\\/2022\\\/04\\\/\u0544\u056f\u0580\u057f\u056b\u0579-\u0544\u0561\u0580\u056f\u0578\u057d\u0565\u0561\u0576.jpg\",\"contentUrl\":\"https:\\\/\\\/akunq.net\\\/tr\\\/wp-content\\\/uploads\\\/sites\\\/6\\\/2022\\\/04\\\/\u0544\u056f\u0580\u057f\u056b\u0579-\u0544\u0561\u0580\u056f\u0578\u057d\u0565\u0561\u0576.jpg\",\"width\":720,\"height\":405},{\"@type\":\"BreadcrumbList\",\"@id\":\"https:\\\/\\\/akunq.net\\\/tr\\\/?p=67964#breadcrumb\",\"itemListElement\":[{\"@type\":\"ListItem\",\"position\":1,\"name\":\"Home\",\"item\":\"https:\\\/\\\/akunq.net\\\/tr\"},{\"@type\":\"ListItem\",\"position\":2,\"name\":\"Anadolu&#8217;nun yal\u0131n dili: M\u0131g\u0131rdi\u00e7 Margosyan\"}]},{\"@type\":\"WebSite\",\"@id\":\"https:\\\/\\\/akunq.net\\\/tr\\\/#website\",\"url\":\"https:\\\/\\\/akunq.net\\\/tr\\\/\",\"name\":\"Bati Ermenistan Ve Bati Ermenileri Sorunlari Ara\u015ftirmalar Merkezi\",\"description\":\"\",\"potentialAction\":[{\"@type\":\"SearchAction\",\"target\":{\"@type\":\"EntryPoint\",\"urlTemplate\":\"https:\\\/\\\/akunq.net\\\/tr\\\/?s={search_term_string}\"},\"query-input\":{\"@type\":\"PropertyValueSpecification\",\"valueRequired\":true,\"valueName\":\"search_term_string\"}}],\"inLanguage\":\"en-US\"},{\"@type\":\"Person\",\"@id\":\"https:\\\/\\\/akunq.net\\\/tr\\\/#\\\/schema\\\/person\\\/096f1d38a12cce57fb855b485ed24c9e\",\"name\":\"admin\",\"url\":\"https:\\\/\\\/akunq.net\\\/tr\\\/?author=7\"}]}<\/script>\n<!-- \/ Yoast SEO plugin. -->","yoast_head_json":{"title":"Anadolu'nun yal\u0131n dili: M\u0131g\u0131rdi\u00e7 Margosyan - Bati Ermenistan Ve Bati Ermenileri Sorunlari Ara\u015ftirmalar Merkezi","robots":{"index":"index","follow":"follow","max-snippet":"max-snippet:-1","max-image-preview":"max-image-preview:large","max-video-preview":"max-video-preview:-1"},"canonical":"https:\/\/akunq.net\/tr\/?p=67964","og_locale":"en_US","og_type":"article","og_title":"Anadolu'nun yal\u0131n dili: M\u0131g\u0131rdi\u00e7 Margosyan - Bati Ermenistan Ve Bati Ermenileri Sorunlari Ara\u015ftirmalar Merkezi","og_description":"Ermeni yerel edebiyat\u0131n\u0131n \u00f6nemli temsilcilerinden M\u0131g\u0131rdi\u00e7 Margosyan&#8217;\u0131 sevenleri Kumkap\u0131 Meryem Ana Kilisesi&#8217;nden yolculad\u0131. Ermeni\u00a0yerel edebiyat\u0131n\u0131n \u00f6nemli temsilcilerinden M\u0131g\u0131rdi\u00e7 Margosyan&#8217;\u0131 sevenleri Kumkap\u0131 Meryem Ana Kilisesi&#8217;nden yolculad\u0131. Margosyan Diyarbak\u0131r&#8217;da do\u011fdu ve 15 ya\u015f\u0131na kadar Diyarbak\u0131r&#8217;da ya\u015fad\u0131. Ermenicenin yan\u0131 s\u0131ra T\u00fcrk\u00e7e de yazd\u0131. T\u00fcrk\u00e7e eserleri bir anlamda Anadolu halk\u0131 Ermenilerle ilgili yarg\u0131 ve \u00f6nyarg\u0131lara kar\u015f\u0131 bir yan\u0131tt\u0131. Bu [&hellip;]","og_url":"https:\/\/akunq.net\/tr\/?p=67964","og_site_name":"Bati Ermenistan Ve Bati Ermenileri Sorunlari Ara\u015ftirmalar Merkezi","article_published_time":"2022-04-13T07:36:16+00:00","og_image":[{"width":720,"height":405,"url":"https:\/\/akunq.net\/tr\/wp-content\/uploads\/sites\/6\/2022\/04\/\u0544\u056f\u0580\u057f\u056b\u0579-\u0544\u0561\u0580\u056f\u0578\u057d\u0565\u0561\u0576.jpg","type":"image\/jpeg"}],"author":"admin","twitter_card":"summary_large_image","twitter_misc":{"Written by":"admin","Est. reading time":"1 minute"},"schema":{"@context":"https:\/\/schema.org","@graph":[{"@type":"Article","@id":"https:\/\/akunq.net\/tr\/?p=67964#article","isPartOf":{"@id":"https:\/\/akunq.net\/tr\/?p=67964"},"author":{"name":"admin","@id":"https:\/\/akunq.net\/tr\/#\/schema\/person\/096f1d38a12cce57fb855b485ed24c9e"},"headline":"Anadolu&#8217;nun yal\u0131n dili: M\u0131g\u0131rdi\u00e7 Margosyan","datePublished":"2022-04-13T07:36:16+00:00","mainEntityOfPage":{"@id":"https:\/\/akunq.net\/tr\/?p=67964"},"wordCount":127,"commentCount":0,"image":{"@id":"https:\/\/akunq.net\/tr\/?p=67964#primaryimage"},"thumbnailUrl":"https:\/\/akunq.net\/tr\/wp-content\/uploads\/sites\/6\/2022\/04\/\u0544\u056f\u0580\u057f\u056b\u0579-\u0544\u0561\u0580\u056f\u0578\u057d\u0565\u0561\u0576.jpg","articleSection":["Haberler"],"inLanguage":"en-US","potentialAction":[{"@type":"CommentAction","name":"Comment","target":["https:\/\/akunq.net\/tr\/?p=67964#respond"]}]},{"@type":"WebPage","@id":"https:\/\/akunq.net\/tr\/?p=67964","url":"https:\/\/akunq.net\/tr\/?p=67964","name":"Anadolu'nun yal\u0131n dili: M\u0131g\u0131rdi\u00e7 Margosyan - Bati Ermenistan Ve Bati Ermenileri Sorunlari Ara\u015ftirmalar Merkezi","isPartOf":{"@id":"https:\/\/akunq.net\/tr\/#website"},"primaryImageOfPage":{"@id":"https:\/\/akunq.net\/tr\/?p=67964#primaryimage"},"image":{"@id":"https:\/\/akunq.net\/tr\/?p=67964#primaryimage"},"thumbnailUrl":"https:\/\/akunq.net\/tr\/wp-content\/uploads\/sites\/6\/2022\/04\/\u0544\u056f\u0580\u057f\u056b\u0579-\u0544\u0561\u0580\u056f\u0578\u057d\u0565\u0561\u0576.jpg","datePublished":"2022-04-13T07:36:16+00:00","author":{"@id":"https:\/\/akunq.net\/tr\/#\/schema\/person\/096f1d38a12cce57fb855b485ed24c9e"},"breadcrumb":{"@id":"https:\/\/akunq.net\/tr\/?p=67964#breadcrumb"},"inLanguage":"en-US","potentialAction":[{"@type":"ReadAction","target":["https:\/\/akunq.net\/tr\/?p=67964"]}]},{"@type":"ImageObject","inLanguage":"en-US","@id":"https:\/\/akunq.net\/tr\/?p=67964#primaryimage","url":"https:\/\/akunq.net\/tr\/wp-content\/uploads\/sites\/6\/2022\/04\/\u0544\u056f\u0580\u057f\u056b\u0579-\u0544\u0561\u0580\u056f\u0578\u057d\u0565\u0561\u0576.jpg","contentUrl":"https:\/\/akunq.net\/tr\/wp-content\/uploads\/sites\/6\/2022\/04\/\u0544\u056f\u0580\u057f\u056b\u0579-\u0544\u0561\u0580\u056f\u0578\u057d\u0565\u0561\u0576.jpg","width":720,"height":405},{"@type":"BreadcrumbList","@id":"https:\/\/akunq.net\/tr\/?p=67964#breadcrumb","itemListElement":[{"@type":"ListItem","position":1,"name":"Home","item":"https:\/\/akunq.net\/tr"},{"@type":"ListItem","position":2,"name":"Anadolu&#8217;nun yal\u0131n dili: M\u0131g\u0131rdi\u00e7 Margosyan"}]},{"@type":"WebSite","@id":"https:\/\/akunq.net\/tr\/#website","url":"https:\/\/akunq.net\/tr\/","name":"Bati Ermenistan Ve Bati Ermenileri Sorunlari Ara\u015ftirmalar Merkezi","description":"","potentialAction":[{"@type":"SearchAction","target":{"@type":"EntryPoint","urlTemplate":"https:\/\/akunq.net\/tr\/?s={search_term_string}"},"query-input":{"@type":"PropertyValueSpecification","valueRequired":true,"valueName":"search_term_string"}}],"inLanguage":"en-US"},{"@type":"Person","@id":"https:\/\/akunq.net\/tr\/#\/schema\/person\/096f1d38a12cce57fb855b485ed24c9e","name":"admin","url":"https:\/\/akunq.net\/tr\/?author=7"}]}},"_links":{"self":[{"href":"https:\/\/akunq.net\/tr\/index.php?rest_route=\/wp\/v2\/posts\/67964","targetHints":{"allow":["GET"]}}],"collection":[{"href":"https:\/\/akunq.net\/tr\/index.php?rest_route=\/wp\/v2\/posts"}],"about":[{"href":"https:\/\/akunq.net\/tr\/index.php?rest_route=\/wp\/v2\/types\/post"}],"author":[{"embeddable":true,"href":"https:\/\/akunq.net\/tr\/index.php?rest_route=\/wp\/v2\/users\/7"}],"replies":[{"embeddable":true,"href":"https:\/\/akunq.net\/tr\/index.php?rest_route=%2Fwp%2Fv2%2Fcomments&post=67964"}],"version-history":[{"count":1,"href":"https:\/\/akunq.net\/tr\/index.php?rest_route=\/wp\/v2\/posts\/67964\/revisions"}],"predecessor-version":[{"id":67966,"href":"https:\/\/akunq.net\/tr\/index.php?rest_route=\/wp\/v2\/posts\/67964\/revisions\/67966"}],"wp:featuredmedia":[{"embeddable":true,"href":"https:\/\/akunq.net\/tr\/index.php?rest_route=\/wp\/v2\/media\/67965"}],"wp:attachment":[{"href":"https:\/\/akunq.net\/tr\/index.php?rest_route=%2Fwp%2Fv2%2Fmedia&parent=67964"}],"wp:term":[{"taxonomy":"category","embeddable":true,"href":"https:\/\/akunq.net\/tr\/index.php?rest_route=%2Fwp%2Fv2%2Fcategories&post=67964"},{"taxonomy":"post_tag","embeddable":true,"href":"https:\/\/akunq.net\/tr\/index.php?rest_route=%2Fwp%2Fv2%2Ftags&post=67964"}],"curies":[{"name":"wp","href":"https:\/\/api.w.org\/{rel}","templated":true}]}}