{"id":67958,"date":"2022-04-13T02:23:16","date_gmt":"2022-04-13T07:23:16","guid":{"rendered":"https:\/\/akunq.net\/tr\/?p=67958"},"modified":"2022-04-13T02:23:16","modified_gmt":"2022-04-13T07:23:16","slug":"emmanuel-macron-ermeni-toplumu-temsilcileri-ile-bir-araya-gelecek","status":"publish","type":"post","link":"https:\/\/akunq.net\/tr\/?p=67958","title":{"rendered":"Emmanuel Macron, Ermeni toplumu temsilcileri ile bir araya gelecek"},"content":{"rendered":"<p><img loading=\"lazy\" decoding=\"async\" class=\"aligncenter size-medium wp-image-67959\" src=\"https:\/\/akunq.net\/tr\/wp-content\/uploads\/2022\/04\/Emanuel-Macron-360x242.jpg\" alt=\"\" width=\"360\" height=\"242\" srcset=\"https:\/\/akunq.net\/tr\/wp-content\/uploads\/sites\/6\/2022\/04\/Emanuel-Macron-360x242.jpg 360w, https:\/\/akunq.net\/tr\/wp-content\/uploads\/sites\/6\/2022\/04\/Emanuel-Macron-560x376.jpg 560w, https:\/\/akunq.net\/tr\/wp-content\/uploads\/sites\/6\/2022\/04\/Emanuel-Macron-260x175.jpg 260w, https:\/\/akunq.net\/tr\/wp-content\/uploads\/sites\/6\/2022\/04\/Emanuel-Macron-160x107.jpg 160w, https:\/\/akunq.net\/tr\/wp-content\/uploads\/sites\/6\/2022\/04\/Emanuel-Macron.jpg 670w\" sizes=\"auto, (max-width: 360px) 100vw, 360px\" \/><\/p>\n<p><em><strong>Fransa Cumhurba\u015fkanl\u0131\u011f\u0131 se\u00e7imlerinin ikinci turu \u00f6ncesinde, Ermeni toplumu temsilcilerinin yeniden cumhurba\u015fkanl\u0131\u011f\u0131na aday olan Emmanuel Macron ile g\u00f6r\u00fc\u015fmesi planlan\u0131yor.<\/strong><\/em><\/p>\n<p>Fransa Ermeni \u00d6rg\u00fctleri Koordinasyon Konseyi E\u015fba\u015fkan\u0131, Ermeni Devrimci Federasyonu (Ta\u015fnaktsutyun) B\u00fcrosu \u00fcyesi Murad Papazyan Armenpress&#8217;e verdi\u011fi deme\u00e7te, Emmanuel Macron&#8217;un \u00f6n\u00fcm\u00fczdeki be\u015f y\u0131l boyunca \u00f6nerilerini Ermeni toplumuna sunmas\u0131n\u0131n beklendi\u011fini kaydetti.<\/p>\n<p>&#8220;Emmanuel Macron ile temaslar\u0131m\u0131z ve \u00e7al\u0131\u015fmalar\u0131m\u0131z devam ediyor. Fransa&#8217;daki Ermeni \u00d6rg\u00fctleri Koordinasyon Konseyi&#8217;nin 24 Nisan&#8217;daki y\u0131ll\u0131k yeme\u011finde her zaman haz\u0131r bulunur. Kendisi, ekibi ve bakanlar\u0131yla y\u0131l boyunca toplant\u0131lar yap\u0131l\u0131yor. \u015eikayetimiz olsa bile, \u00f6rne\u011fin Fransa&#8217;n\u0131n Azerbaycan&#8217;a silah satt\u0131\u011f\u0131n\u0131 44 g\u00fcn sava\u015fla ba\u011flant\u0131l\u0131 olarak kamuoyuna sunuyoruz. K\u0131nad\u0131k, Ba\u015fkan Macron ile konu\u015ftuk. Fransa&#8217;n\u0131n bir e\u015fba\u015fkan \u00fclke olarak AG\u0130T Minsk Grubu&#8217;ndaki varl\u0131\u011f\u0131n\u0131n \u00f6nemli oldu\u011fu hat\u0131rlat\u0131lmal\u0131d\u0131r.<\/p>\n<p><em><strong>https:\/\/armenpress.am\/tur\/news\/1080425.html\u00a0<\/strong><\/em><\/p>\n<div id=\"lchgottntohhs\" class=\"mkbkhrkmhdgsse \">\n<div id=\"cm_copy_box\" class=\"cm_copy_box cnm_logo_animation\"><\/div>\n<\/div>\n","protected":false},"excerpt":{"rendered":"<p>Fransa Cumhurba\u015fkanl\u0131\u011f\u0131 se\u00e7imlerinin ikinci turu \u00f6ncesinde, Ermeni toplumu temsilcilerinin yeniden cumhurba\u015fkanl\u0131\u011f\u0131na aday olan Emmanuel Macron ile g\u00f6r\u00fc\u015fmesi planlan\u0131yor. Fransa Ermeni \u00d6rg\u00fctleri Koordinasyon Konseyi E\u015fba\u015fkan\u0131, Ermeni Devrimci Federasyonu (Ta\u015fnaktsutyun) B\u00fcrosu \u00fcyesi Murad Papazyan Armenpress&#8217;e verdi\u011fi deme\u00e7te, Emmanuel Macron&#8217;un \u00f6n\u00fcm\u00fczdeki be\u015f y\u0131l boyunca \u00f6nerilerini Ermeni toplumuna sunmas\u0131n\u0131n beklendi\u011fini kaydetti. &#8220;Emmanuel Macron ile temaslar\u0131m\u0131z ve \u00e7al\u0131\u015fmalar\u0131m\u0131z devam ediyor. [&hellip;]<\/p>\n","protected":false},"author":7,"featured_media":67959,"comment_status":"open","ping_status":"open","sticky":false,"template":"","format":"standard","meta":{"footnotes":""},"categories":[1],"tags":[],"class_list":["post-67958","post","type-post","status-publish","format-standard","has-post-thumbnail","hentry","category-haberler"],"yoast_head":"<!-- This site is optimized with the Yoast SEO plugin v27.4 - https:\/\/yoast.com\/product\/yoast-seo-wordpress\/ -->\n<title>Emmanuel Macron, Ermeni toplumu temsilcileri ile bir araya gelecek - Bati Ermenistan Ve Bati Ermenileri Sorunlari Ara\u015ftirmalar Merkezi<\/title>\n<meta name=\"robots\" content=\"index, follow, max-snippet:-1, max-image-preview:large, max-video-preview:-1\" \/>\n<link rel=\"canonical\" href=\"https:\/\/akunq.net\/tr\/?p=67958\" \/>\n<meta property=\"og:locale\" content=\"en_US\" \/>\n<meta property=\"og:type\" content=\"article\" \/>\n<meta property=\"og:title\" content=\"Emmanuel Macron, Ermeni toplumu temsilcileri ile bir araya gelecek - Bati Ermenistan Ve Bati Ermenileri Sorunlari Ara\u015ftirmalar Merkezi\" \/>\n<meta property=\"og:description\" content=\"Fransa Cumhurba\u015fkanl\u0131\u011f\u0131 se\u00e7imlerinin ikinci turu \u00f6ncesinde, Ermeni toplumu temsilcilerinin yeniden cumhurba\u015fkanl\u0131\u011f\u0131na aday olan Emmanuel Macron ile g\u00f6r\u00fc\u015fmesi planlan\u0131yor. Fransa Ermeni \u00d6rg\u00fctleri Koordinasyon Konseyi E\u015fba\u015fkan\u0131, Ermeni Devrimci Federasyonu (Ta\u015fnaktsutyun) B\u00fcrosu \u00fcyesi Murad Papazyan Armenpress&#8217;e verdi\u011fi deme\u00e7te, Emmanuel Macron&#8217;un \u00f6n\u00fcm\u00fczdeki be\u015f y\u0131l boyunca \u00f6nerilerini Ermeni toplumuna sunmas\u0131n\u0131n beklendi\u011fini kaydetti. &#8220;Emmanuel Macron ile temaslar\u0131m\u0131z ve \u00e7al\u0131\u015fmalar\u0131m\u0131z devam ediyor. [&hellip;]\" \/>\n<meta property=\"og:url\" content=\"https:\/\/akunq.net\/tr\/?p=67958\" \/>\n<meta property=\"og:site_name\" content=\"Bati Ermenistan Ve Bati Ermenileri Sorunlari Ara\u015ftirmalar Merkezi\" \/>\n<meta property=\"article:published_time\" content=\"2022-04-13T07:23:16+00:00\" \/>\n<meta property=\"og:image\" content=\"https:\/\/akunq.net\/tr\/wp-content\/uploads\/sites\/6\/2022\/04\/Emanuel-Macron.jpg\" \/>\n\t<meta property=\"og:image:width\" content=\"670\" \/>\n\t<meta property=\"og:image:height\" content=\"450\" \/>\n\t<meta property=\"og:image:type\" content=\"image\/jpeg\" \/>\n<meta name=\"author\" content=\"admin\" \/>\n<meta name=\"twitter:card\" content=\"summary_large_image\" \/>\n<meta name=\"twitter:label1\" content=\"Written by\" \/>\n\t<meta name=\"twitter:data1\" content=\"admin\" \/>\n\t<meta name=\"twitter:label2\" content=\"Est. reading time\" \/>\n\t<meta name=\"twitter:data2\" content=\"1 minute\" \/>\n<script type=\"application\/ld+json\" class=\"yoast-schema-graph\">{\"@context\":\"https:\\\/\\\/schema.org\",\"@graph\":[{\"@type\":\"Article\",\"@id\":\"https:\\\/\\\/akunq.net\\\/tr\\\/?p=67958#article\",\"isPartOf\":{\"@id\":\"https:\\\/\\\/akunq.net\\\/tr\\\/?p=67958\"},\"author\":{\"name\":\"admin\",\"@id\":\"https:\\\/\\\/akunq.net\\\/tr\\\/#\\\/schema\\\/person\\\/096f1d38a12cce57fb855b485ed24c9e\"},\"headline\":\"Emmanuel Macron, Ermeni toplumu temsilcileri ile bir araya gelecek\",\"datePublished\":\"2022-04-13T07:23:16+00:00\",\"mainEntityOfPage\":{\"@id\":\"https:\\\/\\\/akunq.net\\\/tr\\\/?p=67958\"},\"wordCount\":178,\"commentCount\":0,\"image\":{\"@id\":\"https:\\\/\\\/akunq.net\\\/tr\\\/?p=67958#primaryimage\"},\"thumbnailUrl\":\"https:\\\/\\\/akunq.net\\\/tr\\\/wp-content\\\/uploads\\\/sites\\\/6\\\/2022\\\/04\\\/Emanuel-Macron.jpg\",\"articleSection\":[\"Haberler\"],\"inLanguage\":\"en-US\",\"potentialAction\":[{\"@type\":\"CommentAction\",\"name\":\"Comment\",\"target\":[\"https:\\\/\\\/akunq.net\\\/tr\\\/?p=67958#respond\"]}]},{\"@type\":\"WebPage\",\"@id\":\"https:\\\/\\\/akunq.net\\\/tr\\\/?p=67958\",\"url\":\"https:\\\/\\\/akunq.net\\\/tr\\\/?p=67958\",\"name\":\"Emmanuel Macron, Ermeni toplumu temsilcileri ile bir araya gelecek - Bati Ermenistan Ve Bati Ermenileri Sorunlari Ara\u015ftirmalar Merkezi\",\"isPartOf\":{\"@id\":\"https:\\\/\\\/akunq.net\\\/tr\\\/#website\"},\"primaryImageOfPage\":{\"@id\":\"https:\\\/\\\/akunq.net\\\/tr\\\/?p=67958#primaryimage\"},\"image\":{\"@id\":\"https:\\\/\\\/akunq.net\\\/tr\\\/?p=67958#primaryimage\"},\"thumbnailUrl\":\"https:\\\/\\\/akunq.net\\\/tr\\\/wp-content\\\/uploads\\\/sites\\\/6\\\/2022\\\/04\\\/Emanuel-Macron.jpg\",\"datePublished\":\"2022-04-13T07:23:16+00:00\",\"author\":{\"@id\":\"https:\\\/\\\/akunq.net\\\/tr\\\/#\\\/schema\\\/person\\\/096f1d38a12cce57fb855b485ed24c9e\"},\"breadcrumb\":{\"@id\":\"https:\\\/\\\/akunq.net\\\/tr\\\/?p=67958#breadcrumb\"},\"inLanguage\":\"en-US\",\"potentialAction\":[{\"@type\":\"ReadAction\",\"target\":[\"https:\\\/\\\/akunq.net\\\/tr\\\/?p=67958\"]}]},{\"@type\":\"ImageObject\",\"inLanguage\":\"en-US\",\"@id\":\"https:\\\/\\\/akunq.net\\\/tr\\\/?p=67958#primaryimage\",\"url\":\"https:\\\/\\\/akunq.net\\\/tr\\\/wp-content\\\/uploads\\\/sites\\\/6\\\/2022\\\/04\\\/Emanuel-Macron.jpg\",\"contentUrl\":\"https:\\\/\\\/akunq.net\\\/tr\\\/wp-content\\\/uploads\\\/sites\\\/6\\\/2022\\\/04\\\/Emanuel-Macron.jpg\",\"width\":670,\"height\":450},{\"@type\":\"BreadcrumbList\",\"@id\":\"https:\\\/\\\/akunq.net\\\/tr\\\/?p=67958#breadcrumb\",\"itemListElement\":[{\"@type\":\"ListItem\",\"position\":1,\"name\":\"Home\",\"item\":\"https:\\\/\\\/akunq.net\\\/tr\"},{\"@type\":\"ListItem\",\"position\":2,\"name\":\"Emmanuel Macron, Ermeni toplumu temsilcileri ile bir araya gelecek\"}]},{\"@type\":\"WebSite\",\"@id\":\"https:\\\/\\\/akunq.net\\\/tr\\\/#website\",\"url\":\"https:\\\/\\\/akunq.net\\\/tr\\\/\",\"name\":\"Bati Ermenistan Ve Bati Ermenileri Sorunlari Ara\u015ftirmalar Merkezi\",\"description\":\"\",\"potentialAction\":[{\"@type\":\"SearchAction\",\"target\":{\"@type\":\"EntryPoint\",\"urlTemplate\":\"https:\\\/\\\/akunq.net\\\/tr\\\/?s={search_term_string}\"},\"query-input\":{\"@type\":\"PropertyValueSpecification\",\"valueRequired\":true,\"valueName\":\"search_term_string\"}}],\"inLanguage\":\"en-US\"},{\"@type\":\"Person\",\"@id\":\"https:\\\/\\\/akunq.net\\\/tr\\\/#\\\/schema\\\/person\\\/096f1d38a12cce57fb855b485ed24c9e\",\"name\":\"admin\",\"url\":\"https:\\\/\\\/akunq.net\\\/tr\\\/?author=7\"}]}<\/script>\n<!-- \/ Yoast SEO plugin. -->","yoast_head_json":{"title":"Emmanuel Macron, Ermeni toplumu temsilcileri ile bir araya gelecek - Bati Ermenistan Ve Bati Ermenileri Sorunlari Ara\u015ftirmalar Merkezi","robots":{"index":"index","follow":"follow","max-snippet":"max-snippet:-1","max-image-preview":"max-image-preview:large","max-video-preview":"max-video-preview:-1"},"canonical":"https:\/\/akunq.net\/tr\/?p=67958","og_locale":"en_US","og_type":"article","og_title":"Emmanuel Macron, Ermeni toplumu temsilcileri ile bir araya gelecek - Bati Ermenistan Ve Bati Ermenileri Sorunlari Ara\u015ftirmalar Merkezi","og_description":"Fransa Cumhurba\u015fkanl\u0131\u011f\u0131 se\u00e7imlerinin ikinci turu \u00f6ncesinde, Ermeni toplumu temsilcilerinin yeniden cumhurba\u015fkanl\u0131\u011f\u0131na aday olan Emmanuel Macron ile g\u00f6r\u00fc\u015fmesi planlan\u0131yor. Fransa Ermeni \u00d6rg\u00fctleri Koordinasyon Konseyi E\u015fba\u015fkan\u0131, Ermeni Devrimci Federasyonu (Ta\u015fnaktsutyun) B\u00fcrosu \u00fcyesi Murad Papazyan Armenpress&#8217;e verdi\u011fi deme\u00e7te, Emmanuel Macron&#8217;un \u00f6n\u00fcm\u00fczdeki be\u015f y\u0131l boyunca \u00f6nerilerini Ermeni toplumuna sunmas\u0131n\u0131n beklendi\u011fini kaydetti. &#8220;Emmanuel Macron ile temaslar\u0131m\u0131z ve \u00e7al\u0131\u015fmalar\u0131m\u0131z devam ediyor. [&hellip;]","og_url":"https:\/\/akunq.net\/tr\/?p=67958","og_site_name":"Bati Ermenistan Ve Bati Ermenileri Sorunlari Ara\u015ftirmalar Merkezi","article_published_time":"2022-04-13T07:23:16+00:00","og_image":[{"width":670,"height":450,"url":"https:\/\/akunq.net\/tr\/wp-content\/uploads\/sites\/6\/2022\/04\/Emanuel-Macron.jpg","type":"image\/jpeg"}],"author":"admin","twitter_card":"summary_large_image","twitter_misc":{"Written by":"admin","Est. reading time":"1 minute"},"schema":{"@context":"https:\/\/schema.org","@graph":[{"@type":"Article","@id":"https:\/\/akunq.net\/tr\/?p=67958#article","isPartOf":{"@id":"https:\/\/akunq.net\/tr\/?p=67958"},"author":{"name":"admin","@id":"https:\/\/akunq.net\/tr\/#\/schema\/person\/096f1d38a12cce57fb855b485ed24c9e"},"headline":"Emmanuel Macron, Ermeni toplumu temsilcileri ile bir araya gelecek","datePublished":"2022-04-13T07:23:16+00:00","mainEntityOfPage":{"@id":"https:\/\/akunq.net\/tr\/?p=67958"},"wordCount":178,"commentCount":0,"image":{"@id":"https:\/\/akunq.net\/tr\/?p=67958#primaryimage"},"thumbnailUrl":"https:\/\/akunq.net\/tr\/wp-content\/uploads\/sites\/6\/2022\/04\/Emanuel-Macron.jpg","articleSection":["Haberler"],"inLanguage":"en-US","potentialAction":[{"@type":"CommentAction","name":"Comment","target":["https:\/\/akunq.net\/tr\/?p=67958#respond"]}]},{"@type":"WebPage","@id":"https:\/\/akunq.net\/tr\/?p=67958","url":"https:\/\/akunq.net\/tr\/?p=67958","name":"Emmanuel Macron, Ermeni toplumu temsilcileri ile bir araya gelecek - Bati Ermenistan Ve Bati Ermenileri Sorunlari Ara\u015ftirmalar Merkezi","isPartOf":{"@id":"https:\/\/akunq.net\/tr\/#website"},"primaryImageOfPage":{"@id":"https:\/\/akunq.net\/tr\/?p=67958#primaryimage"},"image":{"@id":"https:\/\/akunq.net\/tr\/?p=67958#primaryimage"},"thumbnailUrl":"https:\/\/akunq.net\/tr\/wp-content\/uploads\/sites\/6\/2022\/04\/Emanuel-Macron.jpg","datePublished":"2022-04-13T07:23:16+00:00","author":{"@id":"https:\/\/akunq.net\/tr\/#\/schema\/person\/096f1d38a12cce57fb855b485ed24c9e"},"breadcrumb":{"@id":"https:\/\/akunq.net\/tr\/?p=67958#breadcrumb"},"inLanguage":"en-US","potentialAction":[{"@type":"ReadAction","target":["https:\/\/akunq.net\/tr\/?p=67958"]}]},{"@type":"ImageObject","inLanguage":"en-US","@id":"https:\/\/akunq.net\/tr\/?p=67958#primaryimage","url":"https:\/\/akunq.net\/tr\/wp-content\/uploads\/sites\/6\/2022\/04\/Emanuel-Macron.jpg","contentUrl":"https:\/\/akunq.net\/tr\/wp-content\/uploads\/sites\/6\/2022\/04\/Emanuel-Macron.jpg","width":670,"height":450},{"@type":"BreadcrumbList","@id":"https:\/\/akunq.net\/tr\/?p=67958#breadcrumb","itemListElement":[{"@type":"ListItem","position":1,"name":"Home","item":"https:\/\/akunq.net\/tr"},{"@type":"ListItem","position":2,"name":"Emmanuel Macron, Ermeni toplumu temsilcileri ile bir araya gelecek"}]},{"@type":"WebSite","@id":"https:\/\/akunq.net\/tr\/#website","url":"https:\/\/akunq.net\/tr\/","name":"Bati Ermenistan Ve Bati Ermenileri Sorunlari Ara\u015ftirmalar Merkezi","description":"","potentialAction":[{"@type":"SearchAction","target":{"@type":"EntryPoint","urlTemplate":"https:\/\/akunq.net\/tr\/?s={search_term_string}"},"query-input":{"@type":"PropertyValueSpecification","valueRequired":true,"valueName":"search_term_string"}}],"inLanguage":"en-US"},{"@type":"Person","@id":"https:\/\/akunq.net\/tr\/#\/schema\/person\/096f1d38a12cce57fb855b485ed24c9e","name":"admin","url":"https:\/\/akunq.net\/tr\/?author=7"}]}},"_links":{"self":[{"href":"https:\/\/akunq.net\/tr\/index.php?rest_route=\/wp\/v2\/posts\/67958","targetHints":{"allow":["GET"]}}],"collection":[{"href":"https:\/\/akunq.net\/tr\/index.php?rest_route=\/wp\/v2\/posts"}],"about":[{"href":"https:\/\/akunq.net\/tr\/index.php?rest_route=\/wp\/v2\/types\/post"}],"author":[{"embeddable":true,"href":"https:\/\/akunq.net\/tr\/index.php?rest_route=\/wp\/v2\/users\/7"}],"replies":[{"embeddable":true,"href":"https:\/\/akunq.net\/tr\/index.php?rest_route=%2Fwp%2Fv2%2Fcomments&post=67958"}],"version-history":[{"count":1,"href":"https:\/\/akunq.net\/tr\/index.php?rest_route=\/wp\/v2\/posts\/67958\/revisions"}],"predecessor-version":[{"id":67960,"href":"https:\/\/akunq.net\/tr\/index.php?rest_route=\/wp\/v2\/posts\/67958\/revisions\/67960"}],"wp:featuredmedia":[{"embeddable":true,"href":"https:\/\/akunq.net\/tr\/index.php?rest_route=\/wp\/v2\/media\/67959"}],"wp:attachment":[{"href":"https:\/\/akunq.net\/tr\/index.php?rest_route=%2Fwp%2Fv2%2Fmedia&parent=67958"}],"wp:term":[{"taxonomy":"category","embeddable":true,"href":"https:\/\/akunq.net\/tr\/index.php?rest_route=%2Fwp%2Fv2%2Fcategories&post=67958"},{"taxonomy":"post_tag","embeddable":true,"href":"https:\/\/akunq.net\/tr\/index.php?rest_route=%2Fwp%2Fv2%2Ftags&post=67958"}],"curies":[{"name":"wp","href":"https:\/\/api.w.org\/{rel}","templated":true}]}}