{"id":67948,"date":"2022-04-13T01:15:18","date_gmt":"2022-04-13T06:15:18","guid":{"rendered":"https:\/\/akunq.net\/tr\/?p=67948"},"modified":"2022-04-13T01:15:18","modified_gmt":"2022-04-13T06:15:18","slug":"aydinda-insanlik-utanci-sen-alevi-esin-ermeni-oyleyse-sana-is-yok","status":"publish","type":"post","link":"https:\/\/akunq.net\/tr\/?p=67948","title":{"rendered":"Ayd\u0131n\u2019da insanl\u0131k utanc\u0131! Sen Alevi, e\u015fin Ermeni \u00f6yleyse sana i\u015f yok\u2026"},"content":{"rendered":"<p><img loading=\"lazy\" decoding=\"async\" class=\"aligncenter size-medium wp-image-67949\" src=\"https:\/\/akunq.net\/tr\/wp-content\/uploads\/2022\/04\/Ayd\u0131n\u2019da-insanl\u0131k-utanc\u0131-360x155.png\" alt=\"\" width=\"360\" height=\"155\" srcset=\"https:\/\/akunq.net\/tr\/wp-content\/uploads\/sites\/6\/2022\/04\/Ayd\u0131n\u2019da-insanl\u0131k-utanc\u0131-360x155.png 360w, https:\/\/akunq.net\/tr\/wp-content\/uploads\/sites\/6\/2022\/04\/Ayd\u0131n\u2019da-insanl\u0131k-utanc\u0131-768x331.png 768w, https:\/\/akunq.net\/tr\/wp-content\/uploads\/sites\/6\/2022\/04\/Ayd\u0131n\u2019da-insanl\u0131k-utanc\u0131-1536x661.png 1536w, https:\/\/akunq.net\/tr\/wp-content\/uploads\/sites\/6\/2022\/04\/Ayd\u0131n\u2019da-insanl\u0131k-utanc\u0131-560x241.png 560w, https:\/\/akunq.net\/tr\/wp-content\/uploads\/sites\/6\/2022\/04\/Ayd\u0131n\u2019da-insanl\u0131k-utanc\u0131-260x112.png 260w, https:\/\/akunq.net\/tr\/wp-content\/uploads\/sites\/6\/2022\/04\/Ayd\u0131n\u2019da-insanl\u0131k-utanc\u0131-160x69.png 160w, https:\/\/akunq.net\/tr\/wp-content\/uploads\/sites\/6\/2022\/04\/Ayd\u0131n\u2019da-insanl\u0131k-utanc\u0131.png 2044w\" sizes=\"auto, (max-width: 360px) 100vw, 360px\" \/><\/p>\n<p><em><strong>AKP\u2019li Bozdo\u011fan Belediyesi taraf\u0131ndan d\u00fczenlenen hal\u0131 saha ve kafeterya i\u015fletilme hakk\u0131 ihalesinin tek kat\u0131l\u0131mc\u0131n\u0131n alevi k\u00f6kenli bir i\u015f insan\u0131 olmas\u0131 nedeniyle iptal edildi\u011fi \u00f6ne s\u00fcr\u00fcld\u00fc. \u0130haleye kat\u0131lan i\u015f insan\u0131 H\u00fcseyin Kavc\u0131, iptal karar\u0131na kar\u015f\u0131 yapt\u0131\u011f\u0131 itiraz nedeniyle Belediye Ba\u015fkan\u0131 Ufuk Alt\u0131nta\u015f taraf\u0131ndan \u201cDua et ben burada ba\u015fkan\u0131m yoksa ya \u00f6l\u00fcm\u00fcne ya da \u00f6l\u00fcm\u00fcme.\u201d s\u00f6zleriyle tehdit edildi\u011fini a\u00e7\u0131klad\u0131.<\/strong><\/em><\/p>\n<p><strong>Ali F\u0131rat \u00d6zbulat<\/strong><\/p>\n<p><a href=\"https:\/\/gazeteaydin.com\/haberleri\/akp\" target=\"_blank\" rel=\"noreferrer noopener\">AKP<\/a>\u2019li Bozdo\u011fan\u00a0<a href=\"https:\/\/gazeteaydin.com\/haberleri\/belediye\" target=\"_blank\" rel=\"noreferrer noopener\">\u00a0<\/a><a href=\"https:\/\/gazeteaydin.com\/haberleri\/belediye\" target=\"_blank\" rel=\"noreferrer noopener\">Belediye<\/a><a href=\"https:\/\/gazeteaydin.com\/haberleri\/belediye-baskani\" target=\"_blank\" rel=\"noreferrer noopener\">\u00a0Ba\u015fkan\u0131<\/a>\u00a0Ufuk Alt\u0131nta\u015f, son zamanlarda Cumhurba\u015fkan\u0131 Erdo\u011fan ve \u0130\u00e7 \u0130\u015fleri Bakan\u0131 S\u00fcleyman soylu taraf\u0131ndan ba\u015flat\u0131lan Alevi yurtta\u015flar\u0131n Cemevi ihtiya\u00e7lar\u0131n\u0131n yeniden yap\u0131m, onar\u0131m ve tefri\u015fat yard\u0131m\u0131 yaparak, Alevi yurtta\u015flara bir g\u00f6n\u00fcl seferberli\u011fi ba\u015flatt\u0131\u011f\u0131 bir d\u00f6nemde \u0130ktidar\u0131n uygulamalar\u0131n\u0131n tam z\u0131tt\u0131 bir y\u00f6nde ay\u0131r\u0131mc\u0131, b\u00f6l\u00fcc\u00fc ve \u00f6tekile\u015ftirici bir uygulamaya imza att\u0131.<\/p>\n<p><a href=\"https:\/\/gazeteaydin.com\/haberleri\/aydin\" target=\"_blank\" rel=\"noreferrer noopener\">Ayd\u0131n<\/a>\u2018\u0131n Bozdo\u011fan \u0130l\u00e7e\u00a0<a href=\"https:\/\/gazeteaydin.com\/haberleri\/belediyesi\" target=\"_blank\" rel=\"noreferrer noopener\">\u00a0<\/a><a href=\"https:\/\/gazeteaydin.com\/haberleri\/belediyesi\" target=\"_blank\" rel=\"noreferrer noopener\">Belediyesi<\/a>\u00a0taraf\u0131ndan 11 Nisan\u2019da d\u00fczenlenen \u201cGen\u00e7lik Park\u0131, Hal\u0131 Saha ve Kafeteryas\u0131\u201dn\u0131n i\u015fletme hakk\u0131 ihalesi \u201cTek kat\u0131l\u0131mc\u0131 sebebiyle rekabetin sa\u011flanamamas\u0131 ve kamu yarar\u0131n\u0131n g\u00f6zetilmesi\u201d gerek\u00e7esi ile iptal edildi. \u0130haleye kat\u0131lan i\u015f insan\u0131 H\u00fcseyin Kavc\u0131, Bozdo\u011fan Belediyesi taraf\u0131ndan d\u00fczenlenen ihalelilerinin\u00a0<a href=\"https:\/\/gazeteaydin.com\/haberleri\/yuzde\" target=\"_blank\" rel=\"noreferrer noopener\">y\u00fczde<\/a>\u00a0doksan\u0131n\u0131n tek kat\u0131l\u0131mc\u0131 ile ger\u00e7ekle\u015fti\u011fine dikkat \u00e7ekerken iptal karar\u0131n\u0131n arkas\u0131ndaki gerek\u00e7enin kendisinin Alevi, e\u015finin ise Ermeni k\u00f6kenli olmas\u0131 nedeniyle ger\u00e7ekle\u015fti\u011fini iddia etti.<\/p>\n<p>\u0130\u015f insan\u0131 Kavc\u0131, ihale g\u00fcn\u00fc ya\u015fananlara dair yapt\u0131\u011f\u0131 a\u00e7\u0131klamada\u00a0<strong>\u201c\u0130hale saatinde belediyede bulunmayan\u00a0<a href=\"https:\/\/gazeteaydin.com\/haberleri\/belediye-baskani\" target=\"_blank\" rel=\"noreferrer noopener\">Belediye Ba\u015fkan\u0131<\/a>\u00a0sekreteri taraf\u0131ndan aran\u0131p ihaleye gelip gelmeyece\u011fi soruldu.\u00a0<a href=\"https:\/\/gazeteaydin.com\/haberleri\/baskan\" target=\"_blank\" rel=\"noreferrer noopener\">Ba\u015fkan<\/a>\u00a0gelmeyece\u011fini belirtti bunun \u00fczerine ba\u015fkan bulunmadan enc\u00fcmen taraf\u0131ndan ihaleye kat\u0131lmak \u00fczere salona davet edildim. Kat\u0131l\u0131mc\u0131n\u0131n ben oldu\u011fumu g\u00f6ren belediye enc\u00fcmeni Yetgin Kellecio\u011flu hemen balkona \u00e7\u0131k\u0131p tekrar ba\u015fkan\u0131 arayarak kat\u0131l\u0131mc\u0131n\u0131n \u201cTahtac\u0131 Mahallesi\u2019nden\u201d oldu\u011fu kendisine iletti. Elbette balkonda ne konu\u015fuldu\u011funu tam olarak duyamad\u0131m ancak k\u0131smen dudak okuyabildim. Bu telefon konu\u015fmas\u0131 sonucunda enc\u00fcmen ba\u015fkan\u0131n beklenmesini istedi \u0130hale salonuna gelen ba\u015fkan gelir gelmez ihalenin kat\u0131l\u0131mc\u0131 yetersizli\u011finden rekabetin sa\u011flanamamas\u0131 ve kamu yarar\u0131n\u0131n g\u00f6zetilmesi nedenleri ile iptal edildi\u011fini bildirdi.\u201d<\/strong>\u00a0\u0130fadelerini kulland\u0131.<\/p>\n<p><strong>AKP\u2019L\u0130 BA\u015eKANDAN TEHD\u0130T<\/strong><\/p>\n<p>\u0130ptal karar\u0131na yapt\u0131\u011f\u0131 itiraz nedeniyle Bozdo\u011fan Belediye Ba\u015fkan\u0131 Ufuk Alt\u0131nta\u015f taraf\u0131ndan tehdit edildi\u011fini \u00f6ne s\u00fcren Kavc\u0131\u00a0<strong>\u201cBa\u015fkan bu gerek\u00e7e ile ihalenin yap\u0131lmayaca\u011f\u0131n\u0131 s\u00f6yledi\u011finde, kendisine kamu yarar\u0131n\u0131 g\u00f6zeterek teklif verece\u011fimizi belirtip ne kadar teklif edilmesini istediklerini sordum. Buna ra\u011fmen elinin tersini sallayarak beni kap\u0131 d\u0131\u015far\u0131 yapmak istedi. Yapt\u0131\u011f\u0131 el \u2013 kol hareketlerinden rahats\u0131zl\u0131\u011f\u0131m\u0131 gayet y\u00fcksek sesle belirttim. Kendisi ise hareketlerine devam etti. Yaka pa\u00e7a salondan at\u0131ld\u0131m. Ba\u015fkan koridorda da \u00fcst\u00fcme gelerek \u201cDua et ben burada ba\u015fkan\u0131m yoksa ya \u00f6l\u00fcm\u00fcne ya da \u00f6l\u00fcm\u00fcme\u201d s\u00f6z\u00fc ile tehdit ve hakaretlerine devam etti\u201d<\/strong>\u00a0dedi.<\/p>\n<p><strong>BELED\u0130YE ENC\u00dcMEN\u0130NDEN D\u0130KKAT \u00c7EKEN VURGU<\/strong><\/p>\n<p>Belediye Enc\u00fcmeni Yetgin Kellecio\u011flu\u2019nun ihaleye kat\u0131lmayaca\u011f\u0131n\u0131 belirten Belediye Ba\u015fkan\u0131 Ufuk Alt\u0131nta\u015f\u2019\u0131 \u0131srarla arayarak kat\u0131l\u0131mc\u0131n\u0131n Alevi k\u00f6kenli vatanda\u015flar\u0131n \u00e7o\u011funlukta ya\u015fad\u0131\u011f\u0131 \u201cTahtac\u0131 Mahallesi\u2019nden\u201d oldu\u011funu s\u00f6yledi\u011fine vurgu yapan Kavc\u0131\u00a0<strong>\u201cBu ihalenin iptalinin as\u0131l sebebi benim Alevi e\u015fimin de Ermeni as\u0131ll\u0131\u00a0<a href=\"https:\/\/gazeteaydin.com\/haberleri\/turkiye\" target=\"_blank\" rel=\"noreferrer noopener\">T\u00fcrkiye<\/a>\u00a0Cumhuriyeti vatanda\u015f\u0131 olmam\u0131zd\u0131r. Daha bu sabah e\u015fim bu i\u015flerden vazge\u00e7memi bir sabah uyand\u0131\u011f\u0131m\u0131zda kap\u0131m\u0131zda k\u0131rm\u0131z\u0131 bir \u00e7arp\u0131 g\u00f6rmek istemedi\u011fini s\u00f6yledi. Ben ise hem\u015ferilerime g\u00fcvendi\u011fimi b\u00f6yle bir \u015feyin asla olmayaca\u011f\u0131n\u0131 s\u00f6yleyerek kendisini teskin etmeye \u00e7al\u0131\u015ft\u0131m.<\/strong><\/p>\n<p><strong>Ayr\u0131mc\u0131l\u0131\u011fa kar\u015f\u0131 hep birlikte karde\u015f\u00e7e omuz omuza oldu\u011fumuzu ben zaten biliyorum. Ancak k\u00f6t\u00fc niyetli insanlar g\u00fcc\u00fc eline ge\u00e7irince m\u00fcnferit olaylar\u0131 sistematik hale getirebiliyor. Kamuoyu taraf\u0131ndan bu bilinsin ki bu olaylar tekrar etmesin\u201d<\/strong>\u00a0dedi.<\/p>\n<p><em><strong><a href=\"https:\/\/gazeteaydin.com\/haber\/9909266\/aydinda-insanlik-utanci-sen-alevi-esin-ermeni-oyleyse-sana-is-yok\">https:\/\/gazeteaydin.com\/haber\/9909266\/aydinda-insanlik-utanci-sen-alevi-esin-ermeni-oyleyse-sana-is-yok<\/a><\/strong><\/em><\/p>\n<div class=\"sharedaddy sd-sharing-enabled\">\n<div class=\"robots-nocontent sd-block sd-social sd-social-icon-text sd-sharing\">\n<h3 class=\"sd-title\"><\/h3>\n<\/div>\n<\/div>\n","protected":false},"excerpt":{"rendered":"<p>AKP\u2019li Bozdo\u011fan Belediyesi taraf\u0131ndan d\u00fczenlenen hal\u0131 saha ve kafeterya i\u015fletilme hakk\u0131 ihalesinin tek kat\u0131l\u0131mc\u0131n\u0131n alevi k\u00f6kenli bir i\u015f insan\u0131 olmas\u0131 nedeniyle iptal edildi\u011fi \u00f6ne s\u00fcr\u00fcld\u00fc. \u0130haleye kat\u0131lan i\u015f insan\u0131 H\u00fcseyin Kavc\u0131, iptal karar\u0131na kar\u015f\u0131 yapt\u0131\u011f\u0131 itiraz nedeniyle Belediye Ba\u015fkan\u0131 Ufuk Alt\u0131nta\u015f taraf\u0131ndan \u201cDua et ben burada ba\u015fkan\u0131m yoksa ya \u00f6l\u00fcm\u00fcne ya da \u00f6l\u00fcm\u00fcme.\u201d s\u00f6zleriyle tehdit [&hellip;]<\/p>\n","protected":false},"author":7,"featured_media":67949,"comment_status":"open","ping_status":"open","sticky":false,"template":"","format":"standard","meta":{"footnotes":""},"categories":[1,53],"tags":[],"class_list":["post-67948","post","type-post","status-publish","format-standard","has-post-thumbnail","hentry","category-haberler","category-turkiyede-azinliklar"],"yoast_head":"<!-- This site is optimized with the Yoast SEO plugin v27.4 - https:\/\/yoast.com\/product\/yoast-seo-wordpress\/ -->\n<title>Ayd\u0131n\u2019da insanl\u0131k utanc\u0131! Sen Alevi, e\u015fin Ermeni \u00f6yleyse sana i\u015f yok\u2026 - Bati Ermenistan Ve Bati Ermenileri Sorunlari Ara\u015ftirmalar Merkezi<\/title>\n<meta name=\"robots\" content=\"index, follow, max-snippet:-1, max-image-preview:large, max-video-preview:-1\" \/>\n<link rel=\"canonical\" href=\"https:\/\/akunq.net\/tr\/?p=67948\" \/>\n<meta property=\"og:locale\" content=\"en_US\" \/>\n<meta property=\"og:type\" content=\"article\" \/>\n<meta property=\"og:title\" content=\"Ayd\u0131n\u2019da insanl\u0131k utanc\u0131! Sen Alevi, e\u015fin Ermeni \u00f6yleyse sana i\u015f yok\u2026 - Bati Ermenistan Ve Bati Ermenileri Sorunlari Ara\u015ftirmalar Merkezi\" \/>\n<meta property=\"og:description\" content=\"AKP\u2019li Bozdo\u011fan Belediyesi taraf\u0131ndan d\u00fczenlenen hal\u0131 saha ve kafeterya i\u015fletilme hakk\u0131 ihalesinin tek kat\u0131l\u0131mc\u0131n\u0131n alevi k\u00f6kenli bir i\u015f insan\u0131 olmas\u0131 nedeniyle iptal edildi\u011fi \u00f6ne s\u00fcr\u00fcld\u00fc. \u0130haleye kat\u0131lan i\u015f insan\u0131 H\u00fcseyin Kavc\u0131, iptal karar\u0131na kar\u015f\u0131 yapt\u0131\u011f\u0131 itiraz nedeniyle Belediye Ba\u015fkan\u0131 Ufuk Alt\u0131nta\u015f taraf\u0131ndan \u201cDua et ben burada ba\u015fkan\u0131m yoksa ya \u00f6l\u00fcm\u00fcne ya da \u00f6l\u00fcm\u00fcme.\u201d s\u00f6zleriyle tehdit [&hellip;]\" \/>\n<meta property=\"og:url\" content=\"https:\/\/akunq.net\/tr\/?p=67948\" \/>\n<meta property=\"og:site_name\" content=\"Bati Ermenistan Ve Bati Ermenileri Sorunlari Ara\u015ftirmalar Merkezi\" \/>\n<meta property=\"article:published_time\" content=\"2022-04-13T06:15:18+00:00\" \/>\n<meta property=\"og:image\" content=\"https:\/\/akunq.net\/tr\/wp-content\/uploads\/sites\/6\/2022\/04\/Ayd\u0131n\u2019da-insanl\u0131k-utanc\u0131-360x155.png\" \/>\n\t<meta property=\"og:image:width\" content=\"360\" \/>\n\t<meta property=\"og:image:height\" content=\"155\" \/>\n\t<meta property=\"og:image:type\" content=\"image\/png\" \/>\n<meta name=\"author\" content=\"admin\" \/>\n<meta name=\"twitter:card\" content=\"summary_large_image\" \/>\n<meta name=\"twitter:label1\" content=\"Written by\" \/>\n\t<meta name=\"twitter:data1\" content=\"admin\" \/>\n\t<meta name=\"twitter:label2\" content=\"Est. reading time\" \/>\n\t<meta name=\"twitter:data2\" content=\"4 minutes\" \/>\n<script type=\"application\/ld+json\" class=\"yoast-schema-graph\">{\"@context\":\"https:\\\/\\\/schema.org\",\"@graph\":[{\"@type\":\"Article\",\"@id\":\"https:\\\/\\\/akunq.net\\\/tr\\\/?p=67948#article\",\"isPartOf\":{\"@id\":\"https:\\\/\\\/akunq.net\\\/tr\\\/?p=67948\"},\"author\":{\"name\":\"admin\",\"@id\":\"https:\\\/\\\/akunq.net\\\/tr\\\/#\\\/schema\\\/person\\\/096f1d38a12cce57fb855b485ed24c9e\"},\"headline\":\"Ayd\u0131n\u2019da insanl\u0131k utanc\u0131! Sen Alevi, e\u015fin Ermeni \u00f6yleyse sana i\u015f yok\u2026\",\"datePublished\":\"2022-04-13T06:15:18+00:00\",\"mainEntityOfPage\":{\"@id\":\"https:\\\/\\\/akunq.net\\\/tr\\\/?p=67948\"},\"wordCount\":737,\"commentCount\":0,\"image\":{\"@id\":\"https:\\\/\\\/akunq.net\\\/tr\\\/?p=67948#primaryimage\"},\"thumbnailUrl\":\"https:\\\/\\\/akunq.net\\\/tr\\\/wp-content\\\/uploads\\\/sites\\\/6\\\/2022\\\/04\\\/Ayd\u0131n\u2019da-insanl\u0131k-utanc\u0131.png\",\"articleSection\":[\"Haberler\",\"T\u00fcrkiye\u2019de Az\u0131nl\u0131klar\"],\"inLanguage\":\"en-US\",\"potentialAction\":[{\"@type\":\"CommentAction\",\"name\":\"Comment\",\"target\":[\"https:\\\/\\\/akunq.net\\\/tr\\\/?p=67948#respond\"]}]},{\"@type\":\"WebPage\",\"@id\":\"https:\\\/\\\/akunq.net\\\/tr\\\/?p=67948\",\"url\":\"https:\\\/\\\/akunq.net\\\/tr\\\/?p=67948\",\"name\":\"Ayd\u0131n\u2019da insanl\u0131k utanc\u0131! Sen Alevi, e\u015fin Ermeni \u00f6yleyse sana i\u015f yok\u2026 - Bati Ermenistan Ve Bati Ermenileri Sorunlari Ara\u015ftirmalar Merkezi\",\"isPartOf\":{\"@id\":\"https:\\\/\\\/akunq.net\\\/tr\\\/#website\"},\"primaryImageOfPage\":{\"@id\":\"https:\\\/\\\/akunq.net\\\/tr\\\/?p=67948#primaryimage\"},\"image\":{\"@id\":\"https:\\\/\\\/akunq.net\\\/tr\\\/?p=67948#primaryimage\"},\"thumbnailUrl\":\"https:\\\/\\\/akunq.net\\\/tr\\\/wp-content\\\/uploads\\\/sites\\\/6\\\/2022\\\/04\\\/Ayd\u0131n\u2019da-insanl\u0131k-utanc\u0131.png\",\"datePublished\":\"2022-04-13T06:15:18+00:00\",\"author\":{\"@id\":\"https:\\\/\\\/akunq.net\\\/tr\\\/#\\\/schema\\\/person\\\/096f1d38a12cce57fb855b485ed24c9e\"},\"breadcrumb\":{\"@id\":\"https:\\\/\\\/akunq.net\\\/tr\\\/?p=67948#breadcrumb\"},\"inLanguage\":\"en-US\",\"potentialAction\":[{\"@type\":\"ReadAction\",\"target\":[\"https:\\\/\\\/akunq.net\\\/tr\\\/?p=67948\"]}]},{\"@type\":\"ImageObject\",\"inLanguage\":\"en-US\",\"@id\":\"https:\\\/\\\/akunq.net\\\/tr\\\/?p=67948#primaryimage\",\"url\":\"https:\\\/\\\/akunq.net\\\/tr\\\/wp-content\\\/uploads\\\/sites\\\/6\\\/2022\\\/04\\\/Ayd\u0131n\u2019da-insanl\u0131k-utanc\u0131.png\",\"contentUrl\":\"https:\\\/\\\/akunq.net\\\/tr\\\/wp-content\\\/uploads\\\/sites\\\/6\\\/2022\\\/04\\\/Ayd\u0131n\u2019da-insanl\u0131k-utanc\u0131.png\",\"width\":2044,\"height\":880},{\"@type\":\"BreadcrumbList\",\"@id\":\"https:\\\/\\\/akunq.net\\\/tr\\\/?p=67948#breadcrumb\",\"itemListElement\":[{\"@type\":\"ListItem\",\"position\":1,\"name\":\"Home\",\"item\":\"https:\\\/\\\/akunq.net\\\/tr\"},{\"@type\":\"ListItem\",\"position\":2,\"name\":\"Ayd\u0131n\u2019da insanl\u0131k utanc\u0131! Sen Alevi, e\u015fin Ermeni \u00f6yleyse sana i\u015f yok\u2026\"}]},{\"@type\":\"WebSite\",\"@id\":\"https:\\\/\\\/akunq.net\\\/tr\\\/#website\",\"url\":\"https:\\\/\\\/akunq.net\\\/tr\\\/\",\"name\":\"Bati Ermenistan Ve Bati Ermenileri Sorunlari Ara\u015ftirmalar Merkezi\",\"description\":\"\",\"potentialAction\":[{\"@type\":\"SearchAction\",\"target\":{\"@type\":\"EntryPoint\",\"urlTemplate\":\"https:\\\/\\\/akunq.net\\\/tr\\\/?s={search_term_string}\"},\"query-input\":{\"@type\":\"PropertyValueSpecification\",\"valueRequired\":true,\"valueName\":\"search_term_string\"}}],\"inLanguage\":\"en-US\"},{\"@type\":\"Person\",\"@id\":\"https:\\\/\\\/akunq.net\\\/tr\\\/#\\\/schema\\\/person\\\/096f1d38a12cce57fb855b485ed24c9e\",\"name\":\"admin\",\"url\":\"https:\\\/\\\/akunq.net\\\/tr\\\/?author=7\"}]}<\/script>\n<!-- \/ Yoast SEO plugin. -->","yoast_head_json":{"title":"Ayd\u0131n\u2019da insanl\u0131k utanc\u0131! Sen Alevi, e\u015fin Ermeni \u00f6yleyse sana i\u015f yok\u2026 - Bati Ermenistan Ve Bati Ermenileri Sorunlari Ara\u015ftirmalar Merkezi","robots":{"index":"index","follow":"follow","max-snippet":"max-snippet:-1","max-image-preview":"max-image-preview:large","max-video-preview":"max-video-preview:-1"},"canonical":"https:\/\/akunq.net\/tr\/?p=67948","og_locale":"en_US","og_type":"article","og_title":"Ayd\u0131n\u2019da insanl\u0131k utanc\u0131! Sen Alevi, e\u015fin Ermeni \u00f6yleyse sana i\u015f yok\u2026 - Bati Ermenistan Ve Bati Ermenileri Sorunlari Ara\u015ftirmalar Merkezi","og_description":"AKP\u2019li Bozdo\u011fan Belediyesi taraf\u0131ndan d\u00fczenlenen hal\u0131 saha ve kafeterya i\u015fletilme hakk\u0131 ihalesinin tek kat\u0131l\u0131mc\u0131n\u0131n alevi k\u00f6kenli bir i\u015f insan\u0131 olmas\u0131 nedeniyle iptal edildi\u011fi \u00f6ne s\u00fcr\u00fcld\u00fc. \u0130haleye kat\u0131lan i\u015f insan\u0131 H\u00fcseyin Kavc\u0131, iptal karar\u0131na kar\u015f\u0131 yapt\u0131\u011f\u0131 itiraz nedeniyle Belediye Ba\u015fkan\u0131 Ufuk Alt\u0131nta\u015f taraf\u0131ndan \u201cDua et ben burada ba\u015fkan\u0131m yoksa ya \u00f6l\u00fcm\u00fcne ya da \u00f6l\u00fcm\u00fcme.\u201d s\u00f6zleriyle tehdit [&hellip;]","og_url":"https:\/\/akunq.net\/tr\/?p=67948","og_site_name":"Bati Ermenistan Ve Bati Ermenileri Sorunlari Ara\u015ftirmalar Merkezi","article_published_time":"2022-04-13T06:15:18+00:00","og_image":[{"width":360,"height":155,"url":"https:\/\/akunq.net\/tr\/wp-content\/uploads\/sites\/6\/2022\/04\/Ayd\u0131n\u2019da-insanl\u0131k-utanc\u0131-360x155.png","type":"image\/png"}],"author":"admin","twitter_card":"summary_large_image","twitter_misc":{"Written by":"admin","Est. reading time":"4 minutes"},"schema":{"@context":"https:\/\/schema.org","@graph":[{"@type":"Article","@id":"https:\/\/akunq.net\/tr\/?p=67948#article","isPartOf":{"@id":"https:\/\/akunq.net\/tr\/?p=67948"},"author":{"name":"admin","@id":"https:\/\/akunq.net\/tr\/#\/schema\/person\/096f1d38a12cce57fb855b485ed24c9e"},"headline":"Ayd\u0131n\u2019da insanl\u0131k utanc\u0131! Sen Alevi, e\u015fin Ermeni \u00f6yleyse sana i\u015f yok\u2026","datePublished":"2022-04-13T06:15:18+00:00","mainEntityOfPage":{"@id":"https:\/\/akunq.net\/tr\/?p=67948"},"wordCount":737,"commentCount":0,"image":{"@id":"https:\/\/akunq.net\/tr\/?p=67948#primaryimage"},"thumbnailUrl":"https:\/\/akunq.net\/tr\/wp-content\/uploads\/sites\/6\/2022\/04\/Ayd\u0131n\u2019da-insanl\u0131k-utanc\u0131.png","articleSection":["Haberler","T\u00fcrkiye\u2019de Az\u0131nl\u0131klar"],"inLanguage":"en-US","potentialAction":[{"@type":"CommentAction","name":"Comment","target":["https:\/\/akunq.net\/tr\/?p=67948#respond"]}]},{"@type":"WebPage","@id":"https:\/\/akunq.net\/tr\/?p=67948","url":"https:\/\/akunq.net\/tr\/?p=67948","name":"Ayd\u0131n\u2019da insanl\u0131k utanc\u0131! Sen Alevi, e\u015fin Ermeni \u00f6yleyse sana i\u015f yok\u2026 - Bati Ermenistan Ve Bati Ermenileri Sorunlari Ara\u015ftirmalar Merkezi","isPartOf":{"@id":"https:\/\/akunq.net\/tr\/#website"},"primaryImageOfPage":{"@id":"https:\/\/akunq.net\/tr\/?p=67948#primaryimage"},"image":{"@id":"https:\/\/akunq.net\/tr\/?p=67948#primaryimage"},"thumbnailUrl":"https:\/\/akunq.net\/tr\/wp-content\/uploads\/sites\/6\/2022\/04\/Ayd\u0131n\u2019da-insanl\u0131k-utanc\u0131.png","datePublished":"2022-04-13T06:15:18+00:00","author":{"@id":"https:\/\/akunq.net\/tr\/#\/schema\/person\/096f1d38a12cce57fb855b485ed24c9e"},"breadcrumb":{"@id":"https:\/\/akunq.net\/tr\/?p=67948#breadcrumb"},"inLanguage":"en-US","potentialAction":[{"@type":"ReadAction","target":["https:\/\/akunq.net\/tr\/?p=67948"]}]},{"@type":"ImageObject","inLanguage":"en-US","@id":"https:\/\/akunq.net\/tr\/?p=67948#primaryimage","url":"https:\/\/akunq.net\/tr\/wp-content\/uploads\/sites\/6\/2022\/04\/Ayd\u0131n\u2019da-insanl\u0131k-utanc\u0131.png","contentUrl":"https:\/\/akunq.net\/tr\/wp-content\/uploads\/sites\/6\/2022\/04\/Ayd\u0131n\u2019da-insanl\u0131k-utanc\u0131.png","width":2044,"height":880},{"@type":"BreadcrumbList","@id":"https:\/\/akunq.net\/tr\/?p=67948#breadcrumb","itemListElement":[{"@type":"ListItem","position":1,"name":"Home","item":"https:\/\/akunq.net\/tr"},{"@type":"ListItem","position":2,"name":"Ayd\u0131n\u2019da insanl\u0131k utanc\u0131! Sen Alevi, e\u015fin Ermeni \u00f6yleyse sana i\u015f yok\u2026"}]},{"@type":"WebSite","@id":"https:\/\/akunq.net\/tr\/#website","url":"https:\/\/akunq.net\/tr\/","name":"Bati Ermenistan Ve Bati Ermenileri Sorunlari Ara\u015ftirmalar Merkezi","description":"","potentialAction":[{"@type":"SearchAction","target":{"@type":"EntryPoint","urlTemplate":"https:\/\/akunq.net\/tr\/?s={search_term_string}"},"query-input":{"@type":"PropertyValueSpecification","valueRequired":true,"valueName":"search_term_string"}}],"inLanguage":"en-US"},{"@type":"Person","@id":"https:\/\/akunq.net\/tr\/#\/schema\/person\/096f1d38a12cce57fb855b485ed24c9e","name":"admin","url":"https:\/\/akunq.net\/tr\/?author=7"}]}},"_links":{"self":[{"href":"https:\/\/akunq.net\/tr\/index.php?rest_route=\/wp\/v2\/posts\/67948","targetHints":{"allow":["GET"]}}],"collection":[{"href":"https:\/\/akunq.net\/tr\/index.php?rest_route=\/wp\/v2\/posts"}],"about":[{"href":"https:\/\/akunq.net\/tr\/index.php?rest_route=\/wp\/v2\/types\/post"}],"author":[{"embeddable":true,"href":"https:\/\/akunq.net\/tr\/index.php?rest_route=\/wp\/v2\/users\/7"}],"replies":[{"embeddable":true,"href":"https:\/\/akunq.net\/tr\/index.php?rest_route=%2Fwp%2Fv2%2Fcomments&post=67948"}],"version-history":[{"count":1,"href":"https:\/\/akunq.net\/tr\/index.php?rest_route=\/wp\/v2\/posts\/67948\/revisions"}],"predecessor-version":[{"id":67950,"href":"https:\/\/akunq.net\/tr\/index.php?rest_route=\/wp\/v2\/posts\/67948\/revisions\/67950"}],"wp:featuredmedia":[{"embeddable":true,"href":"https:\/\/akunq.net\/tr\/index.php?rest_route=\/wp\/v2\/media\/67949"}],"wp:attachment":[{"href":"https:\/\/akunq.net\/tr\/index.php?rest_route=%2Fwp%2Fv2%2Fmedia&parent=67948"}],"wp:term":[{"taxonomy":"category","embeddable":true,"href":"https:\/\/akunq.net\/tr\/index.php?rest_route=%2Fwp%2Fv2%2Fcategories&post=67948"},{"taxonomy":"post_tag","embeddable":true,"href":"https:\/\/akunq.net\/tr\/index.php?rest_route=%2Fwp%2Fv2%2Ftags&post=67948"}],"curies":[{"name":"wp","href":"https:\/\/api.w.org\/{rel}","templated":true}]}}