{"id":67938,"date":"2022-04-12T04:29:50","date_gmt":"2022-04-12T09:29:50","guid":{"rendered":"https:\/\/akunq.net\/tr\/?p=67938"},"modified":"2022-04-12T04:29:50","modified_gmt":"2022-04-12T09:29:50","slug":"keldani-kilisesi-vakfi-baskani-diko-baskaniyla-iftarda-ihtiyac-sahibi-aile-ile-bir-araya-geldi","status":"publish","type":"post","link":"https:\/\/akunq.net\/tr\/?p=67938","title":{"rendered":"Keldani Kilisesi Vakf\u0131 Ba\u015fkan\u0131 D\u0130KO Ba\u015fkan\u0131yla iftarda ihtiya\u00e7 sahibi aile ile bir araya geldi"},"content":{"rendered":"<p><img loading=\"lazy\" decoding=\"async\" class=\"aligncenter size-medium wp-image-67939\" src=\"https:\/\/akunq.net\/tr\/wp-content\/uploads\/2022\/04\/Keldani-Kilisesi-Vakf\u0131-Ba\u015fkan\u0131-360x203.jpg\" alt=\"\" width=\"360\" height=\"203\" srcset=\"https:\/\/akunq.net\/tr\/wp-content\/uploads\/sites\/6\/2022\/04\/Keldani-Kilisesi-Vakf\u0131-Ba\u015fkan\u0131-360x203.jpg 360w, https:\/\/akunq.net\/tr\/wp-content\/uploads\/sites\/6\/2022\/04\/Keldani-Kilisesi-Vakf\u0131-Ba\u015fkan\u0131-560x315.jpg 560w, https:\/\/akunq.net\/tr\/wp-content\/uploads\/sites\/6\/2022\/04\/Keldani-Kilisesi-Vakf\u0131-Ba\u015fkan\u0131-260x146.jpg 260w, https:\/\/akunq.net\/tr\/wp-content\/uploads\/sites\/6\/2022\/04\/Keldani-Kilisesi-Vakf\u0131-Ba\u015fkan\u0131-160x90.jpg 160w, https:\/\/akunq.net\/tr\/wp-content\/uploads\/sites\/6\/2022\/04\/Keldani-Kilisesi-Vakf\u0131-Ba\u015fkan\u0131.jpg 639w\" sizes=\"auto, (max-width: 360px) 100vw, 360px\" \/><\/p>\n<p id=\"spot\"><em><strong>Keldani Kilisesi Vakf\u0131 Ba\u015fkan\u0131 D\u0130KO Ba\u015fkan\u0131yla iftarda ihtiya\u00e7 sahibi aile ile bir araya geldi Diyarbak\u0131r Kuyumcular ve Sarraflar Odas\u0131 (D\u0130KO)Ba\u015fkan Mehmet Y\u00fcksel\u2019in ba\u015flatt\u0131\u011f\u0131 Ramazan ay\u0131 boyunca her esnaf\u0131n maddi durumu d\u00fc\u015f\u00fck olan bir aileye iftar ve destek verme program\u0131na bu ak\u015fam\u2026<\/strong><\/em><\/p>\n<p>Keldani Kilisesi Vakf\u0131 Ba\u015fkan\u0131 D\u0130KO Ba\u015fkan\u0131yla iftarda ihtiya\u00e7 sahibi aile ile bir araya geldi<\/p>\n<p>D\u0130YARBAKIR \u2013\u00a0<a href=\"https:\/\/www.sondakika.com\/diyarbakir\/\">Diyarbak\u0131r<\/a>\u00a0Kuyumcular ve Sarraflar Odas\u0131 (D\u0130KO)Ba\u015fkan\u00a0<a href=\"https:\/\/www.sondakika.com\/mehmet-yuksel\/\">Mehmet Y\u00fcksel<\/a>\u2018in ba\u015flatt\u0131\u011f\u0131 Ramazan ay\u0131 boyunca her esnaf\u0131n maddi durumu d\u00fc\u015f\u00fck olan bir aileye iftar ve destek verme program\u0131na bu ak\u015fam Keldani Kilisesi Vakf\u0131 Ba\u015fkan\u0131 Yusuf Karaday\u0131 bir M\u00fcsl\u00fcman\u0131n iftar sofras\u0131na i\u015ftirak ederek ayni ve nakdi destek de bulundu.<\/p>\n<p>D\u0130KO Ba\u015fkan\u0131 Mehmet Y\u00fcksel, g\u00f6reve se\u00e7ildikleri yakla\u015f\u0131k \u00fc\u00e7 ayl\u0131k s\u00fcre\u00e7te bir\u00e7ok \u00e7al\u0131\u015fmay\u0131 ba\u015flat\u0131rken Ramazan ay\u0131 ile birlikte oda \u00fcyeleriyle Diyarbak\u0131r\u2019da yeni bir k\u00fclt\u00fcr\u00fcn ad\u0131m\u0131n\u0131 att\u0131. Oda olarak ald\u0131klar\u0131 karar ile Ramazan ay\u0131 boyunca her \u00fcye ile birlikte iftarda dar gelirli bir ailenin sofras\u0131nda bulunup ayni ve nakdi destekte bulunuluyor. Bu ak\u015fam ise odan\u0131n y\u00f6netiminde olup D\u0130KO Ba\u015fkan yard\u0131mc\u0131s\u0131 olan Keldani Kilisesi Vakf\u0131 Ba\u015fkan\u0131 Yusuf Karaday\u0131, M\u00fcsl\u00fcman bir aile iftar a\u00e7\u0131p oda olarak destekte bulundu.<\/p>\n<p>\u201cRamazan ay\u0131, k\u00fclt\u00fcr ay\u0131d\u0131r\u201d<\/p>\n<p>Kendilerine bir g\u00f6rev verilip, g\u00f6revlerinin \u00fc\u00e7\u00fcnc\u00fc ay\u0131nda olduklar\u0131n\u0131 belirten D\u0130KO Ba\u015fkan\u0131 Mehmet Y\u00fcksel, ilk yapacaklar\u0131 \u015feyin g\u00fczellik olmas\u0131n\u0131 istediklerini s\u00f6yledi. M\u00fcbarek Ay\u2019\u0131n rahmet ay\u0131 oldu\u011funu ifade eden Y\u00fcksel, \u201cMa\u011ffiret, k\u00fclt\u00fcr ay\u0131d\u0131r. Hi\u00e7bir \u015fey s\u00f6ylemesek de k\u00fclt\u00fcr ay\u0131m\u0131zd\u0131r. Bizde Kuyumcular Odas\u0131 Ba\u015fkanl\u0131\u011f\u0131 olarak, ba\u015fkanla her g\u00fcn bir esnaf\u0131m\u0131z olarak bir ma\u011fduru, bir yoksul evi ziyaret edip iftar\u0131m\u0131z\u0131 orada yapal\u0131m. B\u00f6yle program yapt\u0131k. Bizlere, hala l\u00fcks ortama, evlerimize gidip de iftar a\u00e7mad\u0131k. O aileler \u00e7ok seviniyorlar. Mutlu, huzurlu bir ortamda sofralar\u0131n\u0131 bizimle payla\u015f\u0131yorlar. Bug\u00fcn asl\u0131nda en b\u00fcy\u00fck de\u011fer Keldani Kilise Ba\u015fkan\u0131m\u0131z ayn\u0131 zamanda y\u00f6netimimizdedir. Beni arad\u0131, dedi ki, \u2018<a href=\"https:\/\/www.sondakika.com\/mehmet-baskan\/\">Mehmet Ba\u015fkan<\/a>\u00a0bende bu g\u00fczel insani hareketinde bulunmak istiyorum.\u2019 Ben \u00e7ok duygulan\u0131p Yusuf a\u011fabeyimize sar\u0131ld\u0131m. Bug\u00fcn onun s\u0131ras\u0131yd\u0131. Biz \u015fu an\u00a0<a href=\"https:\/\/www.sondakika.com\/baglar\/\">Ba\u011flar<\/a>\u2018da H\u00fcseyin karde\u015fimizin evine geldik. Sofras\u0131n\u0131 bizimle payla\u015ft\u0131. Beraber iftar\u0131m\u0131z\u0131 a\u00e7t\u0131k, \u00e7ay\u0131m\u0131z\u0131 i\u00e7tik. Bu g\u00fczellikler in\u015fallah hep olacak. 30 g\u00fcn boyunca biz, bu iftar\u0131m\u0131z\u0131 d\u0131\u015far\u0131da, ailelerin yan\u0131nda a\u00e7aca\u011f\u0131z. Bu k\u00fclt\u00fcr\u00fcm\u00fcz\u00fc devam ettirece\u011fiz. Burada asl\u0131nda \u00f6rnek te\u015fkil etsin. Haber yap\u0131lmas\u0131na izin verdik. \u015eundan dolay\u0131; 42 oda var ilimizde. Y\u00fczlerce m\u00fcd\u00fcr, kurumlar bu t\u00fcr \u015feyleri \u00f6rnek te\u015fkil edecek \u015fekilde yapmalar\u0131na buradan sesleniyorum. Bug\u00fcn bir M\u00fcsl\u00fcman\u0131n evine gelip iftar da payla\u015fmas\u0131 ger\u00e7ekten bizi \u00e7ok mutlu etti. Burada \u015fu anla\u015f\u0131l\u0131yor. Diyarbak\u0131r zengin bir k\u00fclt\u00fcre sahiptir. Karde\u015f\u00e7e, hepimiz bir arada ya\u015f\u0131yoruz\u201d dedi.<\/p>\n<p>Keldani Kilisesi Vakf\u0131 Ba\u015fkan\u0131 Yusuf Karaday\u0131, ba\u015fkan\u0131n panoda yaz\u0131 yazd\u0131\u011f\u0131n\u0131 ve a\u00e7\u0131p ona s\u00f6yledi\u011fini dile getirdi. Karaday\u0131, \u201c\u00c7ok sevindim, ilk kez b\u00f6yle bir \u015fey yap\u0131yoruz. \u00c7ok duyguland\u0131m.\u00a0<a href=\"https:\/\/www.sondakika.com\/ramazan-bayrami\/\">Ramazan Bayram\u0131<\/a>\u2018n\u0131n b\u00fct\u00fcn d\u00fcnyaya bar\u0131\u015f getirmesini diliyorum\u201d diye konu\u015ftu.<\/p>\n<p>Ev sahibi\u00a0<a href=\"https:\/\/www.sondakika.com\/huseyin-kahraman\/\">H\u00fcseyin Kahraman<\/a>\u00a0ise, Ba\u011flar\u2019da oturdu\u011funu, oda ba\u015fkan\u0131n kendilerini ziyarete gelmesiyle \u00e7ok memnun olduklar\u0131n\u0131 kaydetti.<\/p>\n<figure class=\"wp-block-image\"><img decoding=\"async\" src=\"https:\/\/i0.wp.com\/foto.sondakika.com\/haber\/2022\/04\/11\/keldani-kilisesi-vakfi-baskani-diko-baskaniyl-2-14858634_osd.jpg?ssl=1\" alt=\"Keldani Kilisesi Vakf\u0131 Ba\u015fkan\u0131 D\u0130KO Ba\u015fkan\u0131yla iftarda ihtiya\u00e7 sahibi aile ile bir araya geldi\" data-recalc-dims=\"1\" \/><\/figure>\n<p><em><strong><a href=\"https:\/\/www.sondakika.com\/haber\/haber-keldani-kilisesi-vakfi-baskani-diko-baskaniyla-14858634\/\">https:\/\/www.sondakika.com\/haber\/haber-keldani-kilisesi-vakfi-baskani-diko-baskaniyla-14858634\/<\/a><\/strong><\/em><\/p>\n","protected":false},"excerpt":{"rendered":"<p>Keldani Kilisesi Vakf\u0131 Ba\u015fkan\u0131 D\u0130KO Ba\u015fkan\u0131yla iftarda ihtiya\u00e7 sahibi aile ile bir araya geldi Diyarbak\u0131r Kuyumcular ve Sarraflar Odas\u0131 (D\u0130KO)Ba\u015fkan Mehmet Y\u00fcksel\u2019in ba\u015flatt\u0131\u011f\u0131 Ramazan ay\u0131 boyunca her esnaf\u0131n maddi durumu d\u00fc\u015f\u00fck olan bir aileye iftar ve destek verme program\u0131na bu ak\u015fam\u2026 Keldani Kilisesi Vakf\u0131 Ba\u015fkan\u0131 D\u0130KO Ba\u015fkan\u0131yla iftarda ihtiya\u00e7 sahibi aile ile bir araya geldi [&hellip;]<\/p>\n","protected":false},"author":7,"featured_media":67939,"comment_status":"open","ping_status":"open","sticky":false,"template":"","format":"standard","meta":{"footnotes":""},"categories":[1,53],"tags":[],"class_list":["post-67938","post","type-post","status-publish","format-standard","has-post-thumbnail","hentry","category-haberler","category-turkiyede-azinliklar"],"yoast_head":"<!-- This site is optimized with the Yoast SEO plugin v27.4 - https:\/\/yoast.com\/product\/yoast-seo-wordpress\/ -->\n<title>Keldani Kilisesi Vakf\u0131 Ba\u015fkan\u0131 D\u0130KO Ba\u015fkan\u0131yla iftarda ihtiya\u00e7 sahibi aile ile bir araya geldi - Bati Ermenistan Ve Bati Ermenileri Sorunlari Ara\u015ftirmalar Merkezi<\/title>\n<meta name=\"robots\" content=\"index, follow, max-snippet:-1, max-image-preview:large, max-video-preview:-1\" \/>\n<link rel=\"canonical\" href=\"https:\/\/akunq.net\/tr\/?p=67938\" \/>\n<meta property=\"og:locale\" content=\"en_US\" \/>\n<meta property=\"og:type\" content=\"article\" \/>\n<meta property=\"og:title\" content=\"Keldani Kilisesi Vakf\u0131 Ba\u015fkan\u0131 D\u0130KO Ba\u015fkan\u0131yla iftarda ihtiya\u00e7 sahibi aile ile bir araya geldi - Bati Ermenistan Ve Bati Ermenileri Sorunlari Ara\u015ftirmalar Merkezi\" \/>\n<meta property=\"og:description\" content=\"Keldani Kilisesi Vakf\u0131 Ba\u015fkan\u0131 D\u0130KO Ba\u015fkan\u0131yla iftarda ihtiya\u00e7 sahibi aile ile bir araya geldi Diyarbak\u0131r Kuyumcular ve Sarraflar Odas\u0131 (D\u0130KO)Ba\u015fkan Mehmet Y\u00fcksel\u2019in ba\u015flatt\u0131\u011f\u0131 Ramazan ay\u0131 boyunca her esnaf\u0131n maddi durumu d\u00fc\u015f\u00fck olan bir aileye iftar ve destek verme program\u0131na bu ak\u015fam\u2026 Keldani Kilisesi Vakf\u0131 Ba\u015fkan\u0131 D\u0130KO Ba\u015fkan\u0131yla iftarda ihtiya\u00e7 sahibi aile ile bir araya geldi [&hellip;]\" \/>\n<meta property=\"og:url\" content=\"https:\/\/akunq.net\/tr\/?p=67938\" \/>\n<meta property=\"og:site_name\" content=\"Bati Ermenistan Ve Bati Ermenileri Sorunlari Ara\u015ftirmalar Merkezi\" \/>\n<meta property=\"article:published_time\" content=\"2022-04-12T09:29:50+00:00\" \/>\n<meta property=\"og:image\" content=\"https:\/\/akunq.net\/tr\/wp-content\/uploads\/sites\/6\/2022\/04\/Keldani-Kilisesi-Vakf\u0131-Ba\u015fkan\u0131.jpg\" \/>\n\t<meta property=\"og:image:width\" content=\"639\" \/>\n\t<meta property=\"og:image:height\" content=\"360\" \/>\n\t<meta property=\"og:image:type\" content=\"image\/jpeg\" \/>\n<meta name=\"author\" content=\"admin\" \/>\n<meta name=\"twitter:card\" content=\"summary_large_image\" \/>\n<meta name=\"twitter:label1\" content=\"Written by\" \/>\n\t<meta name=\"twitter:data1\" content=\"admin\" \/>\n\t<meta name=\"twitter:label2\" content=\"Est. reading time\" \/>\n\t<meta name=\"twitter:data2\" content=\"3 minutes\" \/>\n<script type=\"application\/ld+json\" class=\"yoast-schema-graph\">{\"@context\":\"https:\\\/\\\/schema.org\",\"@graph\":[{\"@type\":\"Article\",\"@id\":\"https:\\\/\\\/akunq.net\\\/tr\\\/?p=67938#article\",\"isPartOf\":{\"@id\":\"https:\\\/\\\/akunq.net\\\/tr\\\/?p=67938\"},\"author\":{\"name\":\"admin\",\"@id\":\"https:\\\/\\\/akunq.net\\\/tr\\\/#\\\/schema\\\/person\\\/096f1d38a12cce57fb855b485ed24c9e\"},\"headline\":\"Keldani Kilisesi Vakf\u0131 Ba\u015fkan\u0131 D\u0130KO Ba\u015fkan\u0131yla iftarda ihtiya\u00e7 sahibi aile ile bir araya geldi\",\"datePublished\":\"2022-04-12T09:29:50+00:00\",\"mainEntityOfPage\":{\"@id\":\"https:\\\/\\\/akunq.net\\\/tr\\\/?p=67938\"},\"wordCount\":664,\"commentCount\":0,\"image\":{\"@id\":\"https:\\\/\\\/akunq.net\\\/tr\\\/?p=67938#primaryimage\"},\"thumbnailUrl\":\"https:\\\/\\\/akunq.net\\\/tr\\\/wp-content\\\/uploads\\\/sites\\\/6\\\/2022\\\/04\\\/Keldani-Kilisesi-Vakf\u0131-Ba\u015fkan\u0131.jpg\",\"articleSection\":[\"Haberler\",\"T\u00fcrkiye\u2019de Az\u0131nl\u0131klar\"],\"inLanguage\":\"en-US\",\"potentialAction\":[{\"@type\":\"CommentAction\",\"name\":\"Comment\",\"target\":[\"https:\\\/\\\/akunq.net\\\/tr\\\/?p=67938#respond\"]}]},{\"@type\":\"WebPage\",\"@id\":\"https:\\\/\\\/akunq.net\\\/tr\\\/?p=67938\",\"url\":\"https:\\\/\\\/akunq.net\\\/tr\\\/?p=67938\",\"name\":\"Keldani Kilisesi Vakf\u0131 Ba\u015fkan\u0131 D\u0130KO Ba\u015fkan\u0131yla iftarda ihtiya\u00e7 sahibi aile ile bir araya geldi - Bati Ermenistan Ve Bati Ermenileri Sorunlari Ara\u015ftirmalar Merkezi\",\"isPartOf\":{\"@id\":\"https:\\\/\\\/akunq.net\\\/tr\\\/#website\"},\"primaryImageOfPage\":{\"@id\":\"https:\\\/\\\/akunq.net\\\/tr\\\/?p=67938#primaryimage\"},\"image\":{\"@id\":\"https:\\\/\\\/akunq.net\\\/tr\\\/?p=67938#primaryimage\"},\"thumbnailUrl\":\"https:\\\/\\\/akunq.net\\\/tr\\\/wp-content\\\/uploads\\\/sites\\\/6\\\/2022\\\/04\\\/Keldani-Kilisesi-Vakf\u0131-Ba\u015fkan\u0131.jpg\",\"datePublished\":\"2022-04-12T09:29:50+00:00\",\"author\":{\"@id\":\"https:\\\/\\\/akunq.net\\\/tr\\\/#\\\/schema\\\/person\\\/096f1d38a12cce57fb855b485ed24c9e\"},\"breadcrumb\":{\"@id\":\"https:\\\/\\\/akunq.net\\\/tr\\\/?p=67938#breadcrumb\"},\"inLanguage\":\"en-US\",\"potentialAction\":[{\"@type\":\"ReadAction\",\"target\":[\"https:\\\/\\\/akunq.net\\\/tr\\\/?p=67938\"]}]},{\"@type\":\"ImageObject\",\"inLanguage\":\"en-US\",\"@id\":\"https:\\\/\\\/akunq.net\\\/tr\\\/?p=67938#primaryimage\",\"url\":\"https:\\\/\\\/akunq.net\\\/tr\\\/wp-content\\\/uploads\\\/sites\\\/6\\\/2022\\\/04\\\/Keldani-Kilisesi-Vakf\u0131-Ba\u015fkan\u0131.jpg\",\"contentUrl\":\"https:\\\/\\\/akunq.net\\\/tr\\\/wp-content\\\/uploads\\\/sites\\\/6\\\/2022\\\/04\\\/Keldani-Kilisesi-Vakf\u0131-Ba\u015fkan\u0131.jpg\",\"width\":639,\"height\":360},{\"@type\":\"BreadcrumbList\",\"@id\":\"https:\\\/\\\/akunq.net\\\/tr\\\/?p=67938#breadcrumb\",\"itemListElement\":[{\"@type\":\"ListItem\",\"position\":1,\"name\":\"Home\",\"item\":\"https:\\\/\\\/akunq.net\\\/tr\"},{\"@type\":\"ListItem\",\"position\":2,\"name\":\"Keldani Kilisesi Vakf\u0131 Ba\u015fkan\u0131 D\u0130KO Ba\u015fkan\u0131yla iftarda ihtiya\u00e7 sahibi aile ile bir araya geldi\"}]},{\"@type\":\"WebSite\",\"@id\":\"https:\\\/\\\/akunq.net\\\/tr\\\/#website\",\"url\":\"https:\\\/\\\/akunq.net\\\/tr\\\/\",\"name\":\"Bati Ermenistan Ve Bati Ermenileri Sorunlari Ara\u015ftirmalar Merkezi\",\"description\":\"\",\"potentialAction\":[{\"@type\":\"SearchAction\",\"target\":{\"@type\":\"EntryPoint\",\"urlTemplate\":\"https:\\\/\\\/akunq.net\\\/tr\\\/?s={search_term_string}\"},\"query-input\":{\"@type\":\"PropertyValueSpecification\",\"valueRequired\":true,\"valueName\":\"search_term_string\"}}],\"inLanguage\":\"en-US\"},{\"@type\":\"Person\",\"@id\":\"https:\\\/\\\/akunq.net\\\/tr\\\/#\\\/schema\\\/person\\\/096f1d38a12cce57fb855b485ed24c9e\",\"name\":\"admin\",\"url\":\"https:\\\/\\\/akunq.net\\\/tr\\\/?author=7\"}]}<\/script>\n<!-- \/ Yoast SEO plugin. -->","yoast_head_json":{"title":"Keldani Kilisesi Vakf\u0131 Ba\u015fkan\u0131 D\u0130KO Ba\u015fkan\u0131yla iftarda ihtiya\u00e7 sahibi aile ile bir araya geldi - Bati Ermenistan Ve Bati Ermenileri Sorunlari Ara\u015ftirmalar Merkezi","robots":{"index":"index","follow":"follow","max-snippet":"max-snippet:-1","max-image-preview":"max-image-preview:large","max-video-preview":"max-video-preview:-1"},"canonical":"https:\/\/akunq.net\/tr\/?p=67938","og_locale":"en_US","og_type":"article","og_title":"Keldani Kilisesi Vakf\u0131 Ba\u015fkan\u0131 D\u0130KO Ba\u015fkan\u0131yla iftarda ihtiya\u00e7 sahibi aile ile bir araya geldi - Bati Ermenistan Ve Bati Ermenileri Sorunlari Ara\u015ftirmalar Merkezi","og_description":"Keldani Kilisesi Vakf\u0131 Ba\u015fkan\u0131 D\u0130KO Ba\u015fkan\u0131yla iftarda ihtiya\u00e7 sahibi aile ile bir araya geldi Diyarbak\u0131r Kuyumcular ve Sarraflar Odas\u0131 (D\u0130KO)Ba\u015fkan Mehmet Y\u00fcksel\u2019in ba\u015flatt\u0131\u011f\u0131 Ramazan ay\u0131 boyunca her esnaf\u0131n maddi durumu d\u00fc\u015f\u00fck olan bir aileye iftar ve destek verme program\u0131na bu ak\u015fam\u2026 Keldani Kilisesi Vakf\u0131 Ba\u015fkan\u0131 D\u0130KO Ba\u015fkan\u0131yla iftarda ihtiya\u00e7 sahibi aile ile bir araya geldi [&hellip;]","og_url":"https:\/\/akunq.net\/tr\/?p=67938","og_site_name":"Bati Ermenistan Ve Bati Ermenileri Sorunlari Ara\u015ftirmalar Merkezi","article_published_time":"2022-04-12T09:29:50+00:00","og_image":[{"width":639,"height":360,"url":"https:\/\/akunq.net\/tr\/wp-content\/uploads\/sites\/6\/2022\/04\/Keldani-Kilisesi-Vakf\u0131-Ba\u015fkan\u0131.jpg","type":"image\/jpeg"}],"author":"admin","twitter_card":"summary_large_image","twitter_misc":{"Written by":"admin","Est. reading time":"3 minutes"},"schema":{"@context":"https:\/\/schema.org","@graph":[{"@type":"Article","@id":"https:\/\/akunq.net\/tr\/?p=67938#article","isPartOf":{"@id":"https:\/\/akunq.net\/tr\/?p=67938"},"author":{"name":"admin","@id":"https:\/\/akunq.net\/tr\/#\/schema\/person\/096f1d38a12cce57fb855b485ed24c9e"},"headline":"Keldani Kilisesi Vakf\u0131 Ba\u015fkan\u0131 D\u0130KO Ba\u015fkan\u0131yla iftarda ihtiya\u00e7 sahibi aile ile bir araya geldi","datePublished":"2022-04-12T09:29:50+00:00","mainEntityOfPage":{"@id":"https:\/\/akunq.net\/tr\/?p=67938"},"wordCount":664,"commentCount":0,"image":{"@id":"https:\/\/akunq.net\/tr\/?p=67938#primaryimage"},"thumbnailUrl":"https:\/\/akunq.net\/tr\/wp-content\/uploads\/sites\/6\/2022\/04\/Keldani-Kilisesi-Vakf\u0131-Ba\u015fkan\u0131.jpg","articleSection":["Haberler","T\u00fcrkiye\u2019de Az\u0131nl\u0131klar"],"inLanguage":"en-US","potentialAction":[{"@type":"CommentAction","name":"Comment","target":["https:\/\/akunq.net\/tr\/?p=67938#respond"]}]},{"@type":"WebPage","@id":"https:\/\/akunq.net\/tr\/?p=67938","url":"https:\/\/akunq.net\/tr\/?p=67938","name":"Keldani Kilisesi Vakf\u0131 Ba\u015fkan\u0131 D\u0130KO Ba\u015fkan\u0131yla iftarda ihtiya\u00e7 sahibi aile ile bir araya geldi - Bati Ermenistan Ve Bati Ermenileri Sorunlari Ara\u015ftirmalar Merkezi","isPartOf":{"@id":"https:\/\/akunq.net\/tr\/#website"},"primaryImageOfPage":{"@id":"https:\/\/akunq.net\/tr\/?p=67938#primaryimage"},"image":{"@id":"https:\/\/akunq.net\/tr\/?p=67938#primaryimage"},"thumbnailUrl":"https:\/\/akunq.net\/tr\/wp-content\/uploads\/sites\/6\/2022\/04\/Keldani-Kilisesi-Vakf\u0131-Ba\u015fkan\u0131.jpg","datePublished":"2022-04-12T09:29:50+00:00","author":{"@id":"https:\/\/akunq.net\/tr\/#\/schema\/person\/096f1d38a12cce57fb855b485ed24c9e"},"breadcrumb":{"@id":"https:\/\/akunq.net\/tr\/?p=67938#breadcrumb"},"inLanguage":"en-US","potentialAction":[{"@type":"ReadAction","target":["https:\/\/akunq.net\/tr\/?p=67938"]}]},{"@type":"ImageObject","inLanguage":"en-US","@id":"https:\/\/akunq.net\/tr\/?p=67938#primaryimage","url":"https:\/\/akunq.net\/tr\/wp-content\/uploads\/sites\/6\/2022\/04\/Keldani-Kilisesi-Vakf\u0131-Ba\u015fkan\u0131.jpg","contentUrl":"https:\/\/akunq.net\/tr\/wp-content\/uploads\/sites\/6\/2022\/04\/Keldani-Kilisesi-Vakf\u0131-Ba\u015fkan\u0131.jpg","width":639,"height":360},{"@type":"BreadcrumbList","@id":"https:\/\/akunq.net\/tr\/?p=67938#breadcrumb","itemListElement":[{"@type":"ListItem","position":1,"name":"Home","item":"https:\/\/akunq.net\/tr"},{"@type":"ListItem","position":2,"name":"Keldani Kilisesi Vakf\u0131 Ba\u015fkan\u0131 D\u0130KO Ba\u015fkan\u0131yla iftarda ihtiya\u00e7 sahibi aile ile bir araya geldi"}]},{"@type":"WebSite","@id":"https:\/\/akunq.net\/tr\/#website","url":"https:\/\/akunq.net\/tr\/","name":"Bati Ermenistan Ve Bati Ermenileri Sorunlari Ara\u015ftirmalar Merkezi","description":"","potentialAction":[{"@type":"SearchAction","target":{"@type":"EntryPoint","urlTemplate":"https:\/\/akunq.net\/tr\/?s={search_term_string}"},"query-input":{"@type":"PropertyValueSpecification","valueRequired":true,"valueName":"search_term_string"}}],"inLanguage":"en-US"},{"@type":"Person","@id":"https:\/\/akunq.net\/tr\/#\/schema\/person\/096f1d38a12cce57fb855b485ed24c9e","name":"admin","url":"https:\/\/akunq.net\/tr\/?author=7"}]}},"_links":{"self":[{"href":"https:\/\/akunq.net\/tr\/index.php?rest_route=\/wp\/v2\/posts\/67938","targetHints":{"allow":["GET"]}}],"collection":[{"href":"https:\/\/akunq.net\/tr\/index.php?rest_route=\/wp\/v2\/posts"}],"about":[{"href":"https:\/\/akunq.net\/tr\/index.php?rest_route=\/wp\/v2\/types\/post"}],"author":[{"embeddable":true,"href":"https:\/\/akunq.net\/tr\/index.php?rest_route=\/wp\/v2\/users\/7"}],"replies":[{"embeddable":true,"href":"https:\/\/akunq.net\/tr\/index.php?rest_route=%2Fwp%2Fv2%2Fcomments&post=67938"}],"version-history":[{"count":1,"href":"https:\/\/akunq.net\/tr\/index.php?rest_route=\/wp\/v2\/posts\/67938\/revisions"}],"predecessor-version":[{"id":67940,"href":"https:\/\/akunq.net\/tr\/index.php?rest_route=\/wp\/v2\/posts\/67938\/revisions\/67940"}],"wp:featuredmedia":[{"embeddable":true,"href":"https:\/\/akunq.net\/tr\/index.php?rest_route=\/wp\/v2\/media\/67939"}],"wp:attachment":[{"href":"https:\/\/akunq.net\/tr\/index.php?rest_route=%2Fwp%2Fv2%2Fmedia&parent=67938"}],"wp:term":[{"taxonomy":"category","embeddable":true,"href":"https:\/\/akunq.net\/tr\/index.php?rest_route=%2Fwp%2Fv2%2Fcategories&post=67938"},{"taxonomy":"post_tag","embeddable":true,"href":"https:\/\/akunq.net\/tr\/index.php?rest_route=%2Fwp%2Fv2%2Ftags&post=67938"}],"curies":[{"name":"wp","href":"https:\/\/api.w.org\/{rel}","templated":true}]}}