{"id":67916,"date":"2022-04-12T02:39:03","date_gmt":"2022-04-12T07:39:03","guid":{"rendered":"https:\/\/akunq.net\/tr\/?p=67916"},"modified":"2022-04-12T02:40:44","modified_gmt":"2022-04-12T07:40:44","slug":"azinlik-vakiflari-secim-yonetmeliginde-dayatma-mi-olacak","status":"publish","type":"post","link":"https:\/\/akunq.net\/tr\/?p=67916","title":{"rendered":"&#8220;Az\u0131nl\u0131k vak\u0131flar\u0131 se\u00e7im y\u00f6netmeli\u011finde dayatma m\u0131 olacak?&#8221;"},"content":{"rendered":"<p><img loading=\"lazy\" decoding=\"async\" class=\"aligncenter size-medium wp-image-67917\" src=\"https:\/\/akunq.net\/tr\/wp-content\/uploads\/2022\/04\/Garo-Paylan-360x240.jpg\" alt=\"\" width=\"360\" height=\"240\" srcset=\"https:\/\/akunq.net\/tr\/wp-content\/uploads\/sites\/6\/2022\/04\/Garo-Paylan-360x240.jpg 360w, https:\/\/akunq.net\/tr\/wp-content\/uploads\/sites\/6\/2022\/04\/Garo-Paylan-768x512.jpg 768w, https:\/\/akunq.net\/tr\/wp-content\/uploads\/sites\/6\/2022\/04\/Garo-Paylan-560x373.jpg 560w, https:\/\/akunq.net\/tr\/wp-content\/uploads\/sites\/6\/2022\/04\/Garo-Paylan-260x173.jpg 260w, https:\/\/akunq.net\/tr\/wp-content\/uploads\/sites\/6\/2022\/04\/Garo-Paylan-160x107.jpg 160w, https:\/\/akunq.net\/tr\/wp-content\/uploads\/sites\/6\/2022\/04\/Garo-Paylan.jpg 1200w\" sizes=\"auto, (max-width: 360px) 100vw, 360px\" \/><\/p>\n<p><em><strong>HDP Milletvekili Garo Paylan, Az\u0131nl\u0131k Vak\u0131flar\u0131n\u0131n y\u00f6netim kurullar\u0131n\u0131 se\u00e7mesine imkan verecek y\u00f6netmelikle ilgili olarak K\u00fclt\u00fcr Bakan\u0131 Mehmet Nuri Ersoy&#8217;a bir soru \u00f6nergesi y\u00f6neltti. Agos&#8217;ta \u00e7\u0131kan &#8220;Hastaneler se\u00e7im d\u0131\u015f\u0131 tutulabilir&#8221; iddias\u0131na da yer veren Paylan, &#8220;Az\u0131nl\u0131k Vak\u0131f Se\u00e7im Y\u00f6netmeli\u011finde de bir dayatma ile mi kar\u015f\u0131 kar\u015f\u0131ya kalaca\u011f\u0131z?&#8221; diye sordu.<\/strong><\/em><\/p>\n<p>Az\u0131nl\u0131k Vak\u0131flar\u0131, 2013 y\u0131l\u0131nda se\u00e7im y\u00f6netmeli\u011finin &#8220;Daha iyisi yap\u0131laca\u011f\u0131&#8221; gerek\u00e7esiyle Vak\u0131flar Genel M\u00fcd\u00fcrl\u00fc\u011f\u00fc&#8217;nce iptal edilmesinden bu yana, y\u00f6netim kurullar\u0131n\u0131 se\u00e7emiyor. Ge\u00e7en 9 y\u0131lda VGM yeni bir y\u00f6netmelik yay\u0131nlamad\u0131. Ancak \u00e7e\u015fitli kesimlerden gelen tepkiler ve talepler \u00fczerine K\u00fclt\u00fcr ve Turizm Bakan\u0131 Mehmet Nuri Ersoy y\u00f6netmelik i\u00e7in 2022 y\u0131l\u0131 Nisan ay\u0131n\u0131 i\u015faret etti. Tarih yakla\u015f\u0131rken \u0130\u00e7i\u015fleri Bakanl\u0131\u011f\u0131 ve VGM&#8217;den gelen heyetler az\u0131nl\u0131k toplumlar\u0131 temsilcileri ile temaslar\u0131n\u0131 art\u0131r\u0131rken Yedikule Surp P\u0131rgi\u00e7, Bal\u0131kl\u0131 Rum Hastanesi gibi hastane vak\u0131flar\u0131n\u0131n se\u00e7im d\u0131\u015f\u0131 tutulaca\u011f\u0131 ya da bu se\u00e7imlerin ertelenece\u011fi y\u00f6n\u00fcnde duyumlar artt\u0131. Agos \u00f6nceki hafta Prof. Dr. Toros Alcan ile yapt\u0131\u011f\u0131 s\u00f6yle\u015fide konuyu g\u00fcndeme getirmi\u015fti.\u00a0 HDP Diyarbak\u0131r milletvekili Garo Paylan konuyu bir soru \u00f6nergesiyle TBMM g\u00fcndemine ta\u015f\u0131d\u0131.<\/p>\n<p>Paylan&#8217;\u0131 \u00f6nergesi \u015f\u00f6yle:<\/p>\n<p>&#8220;Az\u0131nl\u0131k vak\u0131flar\u0131n\u0131n se\u00e7imlerini d\u00fczenleyen y\u00f6netmeli\u011fin 19 Ocak 2013 tarihinde iptal edilmesi nedeniyle, az\u0131nl\u0131k toplumlar\u0131 dokuz y\u0131l\u0131 a\u015fk\u0131n s\u00fcredir vak\u0131f y\u00f6netim kurulu se\u00e7imlerini yapamamaktad\u0131r. Bu durum az\u0131nl\u0131klar\u0131n sorunlar\u0131n\u0131 derinle\u015ftirmi\u015ftir.<\/p>\n<p>Cumhurba\u015fkan\u0131 Erdo\u011fan\u2019\u0131n, 2 Mart 2021 tarihinde ilan etti\u011fi \u0130nsan Haklar\u0131 Eylem Plan\u0131\u2019nda \u201cGayrim\u00fcslim cemaat vak\u0131flar\u0131 y\u00f6netim kurullar\u0131n\u0131n olu\u015fturulmas\u0131 ve se\u00e7imine ili\u015fkin Vak\u0131flar Y\u00f6netmeli\u011fi\u2019ni yeniden d\u00fczenliyoruz\u201d a\u00e7\u0131klamas\u0131ndan sonra, son b\u00fct\u00e7e g\u00f6r\u00fc\u015fmelerinde \u201cse\u00e7im y\u00f6netmeli\u011fi ile ilgili haz\u0131rl\u0131klar\u0131n tamamland\u0131\u011f\u0131n\u0131 ve Nisan ay\u0131 sonuna kadar y\u00f6netmeli\u011fin \u00e7\u0131kart\u0131laca\u011f\u0131n\u0131\u201d a\u00e7\u0131klad\u0131n\u0131z.<\/p>\n<p>A\u00e7\u0131klad\u0131\u011f\u0131n\u0131z tarihe az bir s\u00fcre kala, az\u0131nl\u0131k toplumlar\u0131 temsilcileri: \u201cS\u00fcrecin kapal\u0131 kap\u0131lar ard\u0131nda y\u00fcr\u00fct\u00fcld\u00fc\u011f\u00fcn\u00fc, kendileri ile herhangi bir isti\u015fare yap\u0131lmad\u0131\u011f\u0131n\u0131, fikir ve g\u00f6r\u00fc\u015flerine ba\u015fvurulmad\u0131\u011f\u0131n\u0131, haz\u0131rlanan se\u00e7im y\u00f6netmeli\u011fi hakk\u0131nda kamuoyuna s\u0131zan baz\u0131 iddialar\u0131n kabul edilemez oldu\u011funu\u201d a\u00e7\u0131klad\u0131.<\/p>\n<p>Bu ba\u011flamda,<\/p>\n<p>1. Az\u0131nl\u0131k Vak\u0131f Se\u00e7im Y\u00f6netmeli\u011finde de bir dayatma ile mi kar\u015f\u0131 kar\u015f\u0131ya kalaca\u011f\u0131z?<br \/>\n2. Az\u0131nl\u0131k Vak\u0131f Se\u00e7imleri Y\u00f6netmeli\u011fini neden az\u0131nl\u0131k toplum temsilcileri ile m\u00fczakere etmiyorsunuz?<br \/>\n3. Az\u0131nl\u0131k Vak\u0131f Se\u00e7im Y\u00f6netmeli\u011fi s\u00fcrecini neden kat\u0131l\u0131mc\u0131 ve \u015feffaf bir y\u00f6ntemle y\u00fcr\u00fctm\u00fcyorsunuz?<br \/>\n4. Ermeni ve Rum toplumlar\u0131n\u0131n en b\u00fcy\u00fck vak\u0131flar\u0131 olan hastane vak\u0131flar\u0131n\u0131n se\u00e7im d\u0131\u015f\u0131nda b\u0131rak\u0131laca\u011f\u0131 iddias\u0131 do\u011fru mudur?<br \/>\n5. Az\u0131nl\u0131k Vak\u0131f Se\u00e7im Y\u00f6netmelik tasla\u011f\u0131n\u0131 g\u00f6rmek ve g\u00f6r\u00fc\u015flerimizi iletmek istiyoruz. Y\u00f6netmelik a\u00e7\u0131klanmadan bu talebimizi kar\u015f\u0131layacak m\u0131s\u0131n\u0131z?<br \/>\n6. Az\u0131nl\u0131k Vak\u0131f Se\u00e7im Y\u00f6netmeli\u011fiyle, \u00e7\u0131kar gruplar\u0131n\u0131n beklentilerinin kar\u015f\u0131lanaca\u011f\u0131 iddialar\u0131 do\u011fru mudur?<br \/>\n7. Demokratik olmayan y\u00f6ntemlerle haz\u0131rlanan se\u00e7im y\u00f6netmeli\u011fi, az\u0131nl\u0131k toplumlar\u0131 i\u00e7inde demokrasiyi sa\u011flayabilir mi?&#8221;<\/p>\n<p><em><strong>https:\/\/www.agos.com.tr\/tr\/yazi\/26955\/azinlik-vakiflari-secim-yonetmeliginde-dayatma-mi-olacak\u00a0<\/strong><\/em><\/p>\n","protected":false},"excerpt":{"rendered":"<p>HDP Milletvekili Garo Paylan, Az\u0131nl\u0131k Vak\u0131flar\u0131n\u0131n y\u00f6netim kurullar\u0131n\u0131 se\u00e7mesine imkan verecek y\u00f6netmelikle ilgili olarak K\u00fclt\u00fcr Bakan\u0131 Mehmet Nuri Ersoy&#8217;a bir soru \u00f6nergesi y\u00f6neltti. Agos&#8217;ta \u00e7\u0131kan &#8220;Hastaneler se\u00e7im d\u0131\u015f\u0131 tutulabilir&#8221; iddias\u0131na da yer veren Paylan, &#8220;Az\u0131nl\u0131k Vak\u0131f Se\u00e7im Y\u00f6netmeli\u011finde de bir dayatma ile mi kar\u015f\u0131 kar\u015f\u0131ya kalaca\u011f\u0131z?&#8221; diye sordu. Az\u0131nl\u0131k Vak\u0131flar\u0131, 2013 y\u0131l\u0131nda se\u00e7im y\u00f6netmeli\u011finin &#8220;Daha [&hellip;]<\/p>\n","protected":false},"author":7,"featured_media":67917,"comment_status":"open","ping_status":"open","sticky":false,"template":"","format":"standard","meta":{"footnotes":""},"categories":[1,53],"tags":[],"class_list":["post-67916","post","type-post","status-publish","format-standard","has-post-thumbnail","hentry","category-haberler","category-turkiyede-azinliklar"],"yoast_head":"<!-- This site is optimized with the Yoast SEO plugin v27.4 - https:\/\/yoast.com\/product\/yoast-seo-wordpress\/ -->\n<title>&quot;Az\u0131nl\u0131k vak\u0131flar\u0131 se\u00e7im y\u00f6netmeli\u011finde dayatma m\u0131 olacak?&quot; - Bati Ermenistan Ve Bati Ermenileri Sorunlari Ara\u015ftirmalar Merkezi<\/title>\n<meta name=\"robots\" content=\"index, follow, max-snippet:-1, max-image-preview:large, max-video-preview:-1\" \/>\n<link rel=\"canonical\" href=\"https:\/\/akunq.net\/tr\/?p=67916\" \/>\n<meta property=\"og:locale\" content=\"en_US\" \/>\n<meta property=\"og:type\" content=\"article\" \/>\n<meta property=\"og:title\" content=\"&quot;Az\u0131nl\u0131k vak\u0131flar\u0131 se\u00e7im y\u00f6netmeli\u011finde dayatma m\u0131 olacak?&quot; - Bati Ermenistan Ve Bati Ermenileri Sorunlari Ara\u015ftirmalar Merkezi\" \/>\n<meta property=\"og:description\" content=\"HDP Milletvekili Garo Paylan, Az\u0131nl\u0131k Vak\u0131flar\u0131n\u0131n y\u00f6netim kurullar\u0131n\u0131 se\u00e7mesine imkan verecek y\u00f6netmelikle ilgili olarak K\u00fclt\u00fcr Bakan\u0131 Mehmet Nuri Ersoy&#8217;a bir soru \u00f6nergesi y\u00f6neltti. Agos&#8217;ta \u00e7\u0131kan &#8220;Hastaneler se\u00e7im d\u0131\u015f\u0131 tutulabilir&#8221; iddias\u0131na da yer veren Paylan, &#8220;Az\u0131nl\u0131k Vak\u0131f Se\u00e7im Y\u00f6netmeli\u011finde de bir dayatma ile mi kar\u015f\u0131 kar\u015f\u0131ya kalaca\u011f\u0131z?&#8221; diye sordu. Az\u0131nl\u0131k Vak\u0131flar\u0131, 2013 y\u0131l\u0131nda se\u00e7im y\u00f6netmeli\u011finin &#8220;Daha [&hellip;]\" \/>\n<meta property=\"og:url\" content=\"https:\/\/akunq.net\/tr\/?p=67916\" \/>\n<meta property=\"og:site_name\" content=\"Bati Ermenistan Ve Bati Ermenileri Sorunlari Ara\u015ftirmalar Merkezi\" \/>\n<meta property=\"article:published_time\" content=\"2022-04-12T07:39:03+00:00\" \/>\n<meta property=\"article:modified_time\" content=\"2022-04-12T07:40:44+00:00\" \/>\n<meta property=\"og:image\" content=\"https:\/\/akunq.net\/tr\/wp-content\/uploads\/sites\/6\/2022\/04\/Garo-Paylan.jpg\" \/>\n\t<meta property=\"og:image:width\" content=\"1200\" \/>\n\t<meta property=\"og:image:height\" content=\"800\" \/>\n\t<meta property=\"og:image:type\" content=\"image\/jpeg\" \/>\n<meta name=\"author\" content=\"admin\" \/>\n<meta name=\"twitter:card\" content=\"summary_large_image\" \/>\n<meta name=\"twitter:label1\" content=\"Written by\" \/>\n\t<meta name=\"twitter:data1\" content=\"admin\" \/>\n\t<meta name=\"twitter:label2\" content=\"Est. reading time\" \/>\n\t<meta name=\"twitter:data2\" content=\"3 minutes\" \/>\n<script type=\"application\/ld+json\" class=\"yoast-schema-graph\">{\"@context\":\"https:\\\/\\\/schema.org\",\"@graph\":[{\"@type\":\"Article\",\"@id\":\"https:\\\/\\\/akunq.net\\\/tr\\\/?p=67916#article\",\"isPartOf\":{\"@id\":\"https:\\\/\\\/akunq.net\\\/tr\\\/?p=67916\"},\"author\":{\"name\":\"admin\",\"@id\":\"https:\\\/\\\/akunq.net\\\/tr\\\/#\\\/schema\\\/person\\\/096f1d38a12cce57fb855b485ed24c9e\"},\"headline\":\"&#8220;Az\u0131nl\u0131k vak\u0131flar\u0131 se\u00e7im y\u00f6netmeli\u011finde dayatma m\u0131 olacak?&#8221;\",\"datePublished\":\"2022-04-12T07:39:03+00:00\",\"dateModified\":\"2022-04-12T07:40:44+00:00\",\"mainEntityOfPage\":{\"@id\":\"https:\\\/\\\/akunq.net\\\/tr\\\/?p=67916\"},\"wordCount\":620,\"commentCount\":0,\"image\":{\"@id\":\"https:\\\/\\\/akunq.net\\\/tr\\\/?p=67916#primaryimage\"},\"thumbnailUrl\":\"https:\\\/\\\/akunq.net\\\/tr\\\/wp-content\\\/uploads\\\/sites\\\/6\\\/2022\\\/04\\\/Garo-Paylan.jpg\",\"articleSection\":[\"Haberler\",\"T\u00fcrkiye\u2019de Az\u0131nl\u0131klar\"],\"inLanguage\":\"en-US\",\"potentialAction\":[{\"@type\":\"CommentAction\",\"name\":\"Comment\",\"target\":[\"https:\\\/\\\/akunq.net\\\/tr\\\/?p=67916#respond\"]}]},{\"@type\":\"WebPage\",\"@id\":\"https:\\\/\\\/akunq.net\\\/tr\\\/?p=67916\",\"url\":\"https:\\\/\\\/akunq.net\\\/tr\\\/?p=67916\",\"name\":\"\\\"Az\u0131nl\u0131k vak\u0131flar\u0131 se\u00e7im y\u00f6netmeli\u011finde dayatma m\u0131 olacak?\\\" - Bati Ermenistan Ve Bati Ermenileri Sorunlari Ara\u015ftirmalar Merkezi\",\"isPartOf\":{\"@id\":\"https:\\\/\\\/akunq.net\\\/tr\\\/#website\"},\"primaryImageOfPage\":{\"@id\":\"https:\\\/\\\/akunq.net\\\/tr\\\/?p=67916#primaryimage\"},\"image\":{\"@id\":\"https:\\\/\\\/akunq.net\\\/tr\\\/?p=67916#primaryimage\"},\"thumbnailUrl\":\"https:\\\/\\\/akunq.net\\\/tr\\\/wp-content\\\/uploads\\\/sites\\\/6\\\/2022\\\/04\\\/Garo-Paylan.jpg\",\"datePublished\":\"2022-04-12T07:39:03+00:00\",\"dateModified\":\"2022-04-12T07:40:44+00:00\",\"author\":{\"@id\":\"https:\\\/\\\/akunq.net\\\/tr\\\/#\\\/schema\\\/person\\\/096f1d38a12cce57fb855b485ed24c9e\"},\"breadcrumb\":{\"@id\":\"https:\\\/\\\/akunq.net\\\/tr\\\/?p=67916#breadcrumb\"},\"inLanguage\":\"en-US\",\"potentialAction\":[{\"@type\":\"ReadAction\",\"target\":[\"https:\\\/\\\/akunq.net\\\/tr\\\/?p=67916\"]}]},{\"@type\":\"ImageObject\",\"inLanguage\":\"en-US\",\"@id\":\"https:\\\/\\\/akunq.net\\\/tr\\\/?p=67916#primaryimage\",\"url\":\"https:\\\/\\\/akunq.net\\\/tr\\\/wp-content\\\/uploads\\\/sites\\\/6\\\/2022\\\/04\\\/Garo-Paylan.jpg\",\"contentUrl\":\"https:\\\/\\\/akunq.net\\\/tr\\\/wp-content\\\/uploads\\\/sites\\\/6\\\/2022\\\/04\\\/Garo-Paylan.jpg\",\"width\":1200,\"height\":800},{\"@type\":\"BreadcrumbList\",\"@id\":\"https:\\\/\\\/akunq.net\\\/tr\\\/?p=67916#breadcrumb\",\"itemListElement\":[{\"@type\":\"ListItem\",\"position\":1,\"name\":\"Home\",\"item\":\"https:\\\/\\\/akunq.net\\\/tr\"},{\"@type\":\"ListItem\",\"position\":2,\"name\":\"&#8220;Az\u0131nl\u0131k vak\u0131flar\u0131 se\u00e7im y\u00f6netmeli\u011finde dayatma m\u0131 olacak?&#8221;\"}]},{\"@type\":\"WebSite\",\"@id\":\"https:\\\/\\\/akunq.net\\\/tr\\\/#website\",\"url\":\"https:\\\/\\\/akunq.net\\\/tr\\\/\",\"name\":\"Bati Ermenistan Ve Bati Ermenileri Sorunlari Ara\u015ftirmalar Merkezi\",\"description\":\"\",\"potentialAction\":[{\"@type\":\"SearchAction\",\"target\":{\"@type\":\"EntryPoint\",\"urlTemplate\":\"https:\\\/\\\/akunq.net\\\/tr\\\/?s={search_term_string}\"},\"query-input\":{\"@type\":\"PropertyValueSpecification\",\"valueRequired\":true,\"valueName\":\"search_term_string\"}}],\"inLanguage\":\"en-US\"},{\"@type\":\"Person\",\"@id\":\"https:\\\/\\\/akunq.net\\\/tr\\\/#\\\/schema\\\/person\\\/096f1d38a12cce57fb855b485ed24c9e\",\"name\":\"admin\",\"url\":\"https:\\\/\\\/akunq.net\\\/tr\\\/?author=7\"}]}<\/script>\n<!-- \/ Yoast SEO plugin. -->","yoast_head_json":{"title":"\"Az\u0131nl\u0131k vak\u0131flar\u0131 se\u00e7im y\u00f6netmeli\u011finde dayatma m\u0131 olacak?\" - Bati Ermenistan Ve Bati Ermenileri Sorunlari Ara\u015ftirmalar Merkezi","robots":{"index":"index","follow":"follow","max-snippet":"max-snippet:-1","max-image-preview":"max-image-preview:large","max-video-preview":"max-video-preview:-1"},"canonical":"https:\/\/akunq.net\/tr\/?p=67916","og_locale":"en_US","og_type":"article","og_title":"\"Az\u0131nl\u0131k vak\u0131flar\u0131 se\u00e7im y\u00f6netmeli\u011finde dayatma m\u0131 olacak?\" - Bati Ermenistan Ve Bati Ermenileri Sorunlari Ara\u015ftirmalar Merkezi","og_description":"HDP Milletvekili Garo Paylan, Az\u0131nl\u0131k Vak\u0131flar\u0131n\u0131n y\u00f6netim kurullar\u0131n\u0131 se\u00e7mesine imkan verecek y\u00f6netmelikle ilgili olarak K\u00fclt\u00fcr Bakan\u0131 Mehmet Nuri Ersoy&#8217;a bir soru \u00f6nergesi y\u00f6neltti. Agos&#8217;ta \u00e7\u0131kan &#8220;Hastaneler se\u00e7im d\u0131\u015f\u0131 tutulabilir&#8221; iddias\u0131na da yer veren Paylan, &#8220;Az\u0131nl\u0131k Vak\u0131f Se\u00e7im Y\u00f6netmeli\u011finde de bir dayatma ile mi kar\u015f\u0131 kar\u015f\u0131ya kalaca\u011f\u0131z?&#8221; diye sordu. Az\u0131nl\u0131k Vak\u0131flar\u0131, 2013 y\u0131l\u0131nda se\u00e7im y\u00f6netmeli\u011finin &#8220;Daha [&hellip;]","og_url":"https:\/\/akunq.net\/tr\/?p=67916","og_site_name":"Bati Ermenistan Ve Bati Ermenileri Sorunlari Ara\u015ftirmalar Merkezi","article_published_time":"2022-04-12T07:39:03+00:00","article_modified_time":"2022-04-12T07:40:44+00:00","og_image":[{"width":1200,"height":800,"url":"https:\/\/akunq.net\/tr\/wp-content\/uploads\/sites\/6\/2022\/04\/Garo-Paylan.jpg","type":"image\/jpeg"}],"author":"admin","twitter_card":"summary_large_image","twitter_misc":{"Written by":"admin","Est. reading time":"3 minutes"},"schema":{"@context":"https:\/\/schema.org","@graph":[{"@type":"Article","@id":"https:\/\/akunq.net\/tr\/?p=67916#article","isPartOf":{"@id":"https:\/\/akunq.net\/tr\/?p=67916"},"author":{"name":"admin","@id":"https:\/\/akunq.net\/tr\/#\/schema\/person\/096f1d38a12cce57fb855b485ed24c9e"},"headline":"&#8220;Az\u0131nl\u0131k vak\u0131flar\u0131 se\u00e7im y\u00f6netmeli\u011finde dayatma m\u0131 olacak?&#8221;","datePublished":"2022-04-12T07:39:03+00:00","dateModified":"2022-04-12T07:40:44+00:00","mainEntityOfPage":{"@id":"https:\/\/akunq.net\/tr\/?p=67916"},"wordCount":620,"commentCount":0,"image":{"@id":"https:\/\/akunq.net\/tr\/?p=67916#primaryimage"},"thumbnailUrl":"https:\/\/akunq.net\/tr\/wp-content\/uploads\/sites\/6\/2022\/04\/Garo-Paylan.jpg","articleSection":["Haberler","T\u00fcrkiye\u2019de Az\u0131nl\u0131klar"],"inLanguage":"en-US","potentialAction":[{"@type":"CommentAction","name":"Comment","target":["https:\/\/akunq.net\/tr\/?p=67916#respond"]}]},{"@type":"WebPage","@id":"https:\/\/akunq.net\/tr\/?p=67916","url":"https:\/\/akunq.net\/tr\/?p=67916","name":"\"Az\u0131nl\u0131k vak\u0131flar\u0131 se\u00e7im y\u00f6netmeli\u011finde dayatma m\u0131 olacak?\" - Bati Ermenistan Ve Bati Ermenileri Sorunlari Ara\u015ftirmalar Merkezi","isPartOf":{"@id":"https:\/\/akunq.net\/tr\/#website"},"primaryImageOfPage":{"@id":"https:\/\/akunq.net\/tr\/?p=67916#primaryimage"},"image":{"@id":"https:\/\/akunq.net\/tr\/?p=67916#primaryimage"},"thumbnailUrl":"https:\/\/akunq.net\/tr\/wp-content\/uploads\/sites\/6\/2022\/04\/Garo-Paylan.jpg","datePublished":"2022-04-12T07:39:03+00:00","dateModified":"2022-04-12T07:40:44+00:00","author":{"@id":"https:\/\/akunq.net\/tr\/#\/schema\/person\/096f1d38a12cce57fb855b485ed24c9e"},"breadcrumb":{"@id":"https:\/\/akunq.net\/tr\/?p=67916#breadcrumb"},"inLanguage":"en-US","potentialAction":[{"@type":"ReadAction","target":["https:\/\/akunq.net\/tr\/?p=67916"]}]},{"@type":"ImageObject","inLanguage":"en-US","@id":"https:\/\/akunq.net\/tr\/?p=67916#primaryimage","url":"https:\/\/akunq.net\/tr\/wp-content\/uploads\/sites\/6\/2022\/04\/Garo-Paylan.jpg","contentUrl":"https:\/\/akunq.net\/tr\/wp-content\/uploads\/sites\/6\/2022\/04\/Garo-Paylan.jpg","width":1200,"height":800},{"@type":"BreadcrumbList","@id":"https:\/\/akunq.net\/tr\/?p=67916#breadcrumb","itemListElement":[{"@type":"ListItem","position":1,"name":"Home","item":"https:\/\/akunq.net\/tr"},{"@type":"ListItem","position":2,"name":"&#8220;Az\u0131nl\u0131k vak\u0131flar\u0131 se\u00e7im y\u00f6netmeli\u011finde dayatma m\u0131 olacak?&#8221;"}]},{"@type":"WebSite","@id":"https:\/\/akunq.net\/tr\/#website","url":"https:\/\/akunq.net\/tr\/","name":"Bati Ermenistan Ve Bati Ermenileri Sorunlari Ara\u015ftirmalar Merkezi","description":"","potentialAction":[{"@type":"SearchAction","target":{"@type":"EntryPoint","urlTemplate":"https:\/\/akunq.net\/tr\/?s={search_term_string}"},"query-input":{"@type":"PropertyValueSpecification","valueRequired":true,"valueName":"search_term_string"}}],"inLanguage":"en-US"},{"@type":"Person","@id":"https:\/\/akunq.net\/tr\/#\/schema\/person\/096f1d38a12cce57fb855b485ed24c9e","name":"admin","url":"https:\/\/akunq.net\/tr\/?author=7"}]}},"_links":{"self":[{"href":"https:\/\/akunq.net\/tr\/index.php?rest_route=\/wp\/v2\/posts\/67916","targetHints":{"allow":["GET"]}}],"collection":[{"href":"https:\/\/akunq.net\/tr\/index.php?rest_route=\/wp\/v2\/posts"}],"about":[{"href":"https:\/\/akunq.net\/tr\/index.php?rest_route=\/wp\/v2\/types\/post"}],"author":[{"embeddable":true,"href":"https:\/\/akunq.net\/tr\/index.php?rest_route=\/wp\/v2\/users\/7"}],"replies":[{"embeddable":true,"href":"https:\/\/akunq.net\/tr\/index.php?rest_route=%2Fwp%2Fv2%2Fcomments&post=67916"}],"version-history":[{"count":1,"href":"https:\/\/akunq.net\/tr\/index.php?rest_route=\/wp\/v2\/posts\/67916\/revisions"}],"predecessor-version":[{"id":67918,"href":"https:\/\/akunq.net\/tr\/index.php?rest_route=\/wp\/v2\/posts\/67916\/revisions\/67918"}],"wp:featuredmedia":[{"embeddable":true,"href":"https:\/\/akunq.net\/tr\/index.php?rest_route=\/wp\/v2\/media\/67917"}],"wp:attachment":[{"href":"https:\/\/akunq.net\/tr\/index.php?rest_route=%2Fwp%2Fv2%2Fmedia&parent=67916"}],"wp:term":[{"taxonomy":"category","embeddable":true,"href":"https:\/\/akunq.net\/tr\/index.php?rest_route=%2Fwp%2Fv2%2Fcategories&post=67916"},{"taxonomy":"post_tag","embeddable":true,"href":"https:\/\/akunq.net\/tr\/index.php?rest_route=%2Fwp%2Fv2%2Ftags&post=67916"}],"curies":[{"name":"wp","href":"https:\/\/api.w.org\/{rel}","templated":true}]}}