{"id":67905,"date":"2022-04-11T03:56:11","date_gmt":"2022-04-11T08:56:11","guid":{"rendered":"https:\/\/akunq.net\/tr\/?p=67905"},"modified":"2022-04-11T03:56:11","modified_gmt":"2022-04-11T08:56:11","slug":"mimar-sinan-ustalik-eserinin-golgesinde-duzenlenen-sergiyle-anildi","status":"publish","type":"post","link":"https:\/\/akunq.net\/tr\/?p=67905","title":{"rendered":"Mimar Sinan, ustal\u0131k eserinin g\u00f6lgesinde d\u00fczenlenen sergiyle an\u0131ld\u0131"},"content":{"rendered":"<p><img loading=\"lazy\" decoding=\"async\" class=\"aligncenter size-medium wp-image-67906\" src=\"https:\/\/akunq.net\/tr\/wp-content\/uploads\/2022\/04\/Mimar-Sinan-360x240.jpg\" alt=\"\" width=\"360\" height=\"240\" srcset=\"https:\/\/akunq.net\/tr\/wp-content\/uploads\/sites\/6\/2022\/04\/Mimar-Sinan-360x240.jpg 360w, https:\/\/akunq.net\/tr\/wp-content\/uploads\/sites\/6\/2022\/04\/Mimar-Sinan-560x373.jpg 560w, https:\/\/akunq.net\/tr\/wp-content\/uploads\/sites\/6\/2022\/04\/Mimar-Sinan-260x173.jpg 260w, https:\/\/akunq.net\/tr\/wp-content\/uploads\/sites\/6\/2022\/04\/Mimar-Sinan-160x107.jpg 160w, https:\/\/akunq.net\/tr\/wp-content\/uploads\/sites\/6\/2022\/04\/Mimar-Sinan.jpg 750w\" sizes=\"auto, (max-width: 360px) 100vw, 360px\" \/><\/p>\n<p><em><strong>Mimarl\u0131k tarihinin mihenk ta\u015f\u0131 Mimar Sinan, \u201custal\u0131k eserim\u201d dedi\u011fi Selimiye Camisi g\u00f6lgesinde d\u00fczenlenen sergiyle an\u0131ld\u0131.<\/strong><\/em><\/p>\n<p><strong>Cihan Demirci<\/strong><\/p>\n<p>TMMOB Mimarlar Odas\u0131 Edirne Temsilcili\u011fi taraf\u0131ndan Selimiye Meydan\u0131\u2019nda 50 eserin yer ald\u0131\u011f\u0131 eskis ve foto\u011fraf sergisi a\u00e7\u0131ld\u0131.<\/p>\n<p>Mimar Sinan\u2019\u0131n eserlerinin yer ald\u0131\u011f\u0131 sergi ilgi g\u00f6rd\u00fc.Cenk Erg\u00fcden, sergide yapt\u0131\u011f\u0131 konu\u015fmada, meslekta\u015flar\u0131n\u0131n Mimar Sinan\u2019\u0131 vefat\u0131n\u0131n 434\u2019\u00fcnc\u00fc y\u0131l\u0131nda sayg\u0131 ve rahmetle and\u0131\u011f\u0131n\u0131 s\u00f6yledi.<\/p>\n<p>Mimar Sinan\u2019\u0131n en g\u00fczel eserinin 85 ya\u015f\u0131nda yapt\u0131\u011f\u0131, yap\u0131m\u0131 5 y\u0131l\u0131 bulan Edirne\u2019deki Selimiye Camisi oldu\u011funu belirten Erg\u00fcden, \u201cSelimiye\u2019nin kubbesi, Ayasofya kubbesinden daha y\u00fcksek ve derindir. 31,50 metre \u00e7ap\u0131ndaki kubbe, sekizgen \u015feklindeki g\u00f6vde \u00fczerine oturmu\u015ftur. \u00dc\u00e7 \u015ferefeli ince minarelerine \u00fc\u00e7 ki\u015fi ayn\u0131 anda birbirini g\u00f6rmeden \u00e7\u0131kabilmektedir. Sinan bu caminin ustal\u0131k eseri oldu\u011funu ve b\u00fct\u00fcn sanat\u0131n\u0131 Selimiye\u2019de g\u00f6sterdi\u011fini belirtmektedir.\u201d diye konu\u015ftu.<\/p>\n<p>Sinan\u2019\u0131n ayn\u0131 zamanda bir \u015fehircilik uzman\u0131 oldu\u011funu belirten Erg\u00fcden, \u015funlar\u0131 kaydetti:<\/p>\n<p>\u201cYapaca\u011f\u0131 eserin, \u00f6nce \u00e7evresini tanzim etmesi \u00f6nemli bir husustur. Yer se\u00e7imleri konusunda da b\u00fcy\u00fck ba\u015far\u0131 g\u00f6stermi\u015f ve eserlerini, \u00e7evresine en uygun tarzda yerle\u015ftirmi\u015ftir. 84 cami, 53 mescit, 57 medrese, 7 dar\u00fclkurra, 22 t\u00fcrbe, 17 imaret, 3 dar\u00fc\u015f\u015fifa, 5 su yolu kemeri, 8 k\u00f6pr\u00fc, 20 kervansaray, 35 saray, 8 mahzen, 48 hamam olmak \u00fczere 365 kadar oldu\u011fu bilinmekle beraber ara\u015ft\u0131rmalar s\u00fcrmektedir.\u201d<\/p>\n<p>Sergiyi, \u0130dare Mahkemesi Ba\u015fkan\u0131 Y\u00fcksel Arslan, Edirne K\u00fclt\u00fcr ve Turizm M\u00fcd\u00fcr\u00fc Kemal Soyt\u00fcrk, Edirne Belediye Ba\u015fkan yard\u0131mc\u0131lar\u0131 Sel\u00e7uk \u00c7ak\u0131r, Yaver Tetik, \u0130l Genel Meclis Ba\u015fkan\u0131 Mehmet Ge\u00e7mi\u015f, CHP Edirne \u0130l Ba\u015fkan\u0131 Fevzi Pekcanl\u0131, mimarlar, akademisyenler ve vatanda\u015flar ziyaret etti.<\/p>\n<p>Sergi g\u00fcn boyunca gezilebilecek.<\/p>\n<hr \/>\n<p><em><strong><a href=\"https:\/\/www.aa.com.tr\/tr\/kultur-sanat\/mimar-sinan-ustalik-eserinin-golgesinde-duzenlenen-sergiyle-anildi\/2559465\" target=\"_blank\" rel=\"noopener noreferrer\">AA<\/a>\u00a0<\/strong><\/em><\/p>\n","protected":false},"excerpt":{"rendered":"<p>Mimarl\u0131k tarihinin mihenk ta\u015f\u0131 Mimar Sinan, \u201custal\u0131k eserim\u201d dedi\u011fi Selimiye Camisi g\u00f6lgesinde d\u00fczenlenen sergiyle an\u0131ld\u0131. Cihan Demirci TMMOB Mimarlar Odas\u0131 Edirne Temsilcili\u011fi taraf\u0131ndan Selimiye Meydan\u0131\u2019nda 50 eserin yer ald\u0131\u011f\u0131 eskis ve foto\u011fraf sergisi a\u00e7\u0131ld\u0131. Mimar Sinan\u2019\u0131n eserlerinin yer ald\u0131\u011f\u0131 sergi ilgi g\u00f6rd\u00fc.Cenk Erg\u00fcden, sergide yapt\u0131\u011f\u0131 konu\u015fmada, meslekta\u015flar\u0131n\u0131n Mimar Sinan\u2019\u0131 vefat\u0131n\u0131n 434\u2019\u00fcnc\u00fc y\u0131l\u0131nda sayg\u0131 ve rahmetle [&hellip;]<\/p>\n","protected":false},"author":7,"featured_media":67906,"comment_status":"open","ping_status":"open","sticky":false,"template":"","format":"standard","meta":{"footnotes":""},"categories":[1],"tags":[],"class_list":["post-67905","post","type-post","status-publish","format-standard","has-post-thumbnail","hentry","category-haberler"],"yoast_head":"<!-- This site is optimized with the Yoast SEO plugin v27.4 - https:\/\/yoast.com\/product\/yoast-seo-wordpress\/ -->\n<title>Mimar Sinan, ustal\u0131k eserinin g\u00f6lgesinde d\u00fczenlenen sergiyle an\u0131ld\u0131 - Bati Ermenistan Ve Bati Ermenileri Sorunlari Ara\u015ftirmalar Merkezi<\/title>\n<meta name=\"robots\" content=\"index, follow, max-snippet:-1, max-image-preview:large, max-video-preview:-1\" \/>\n<link rel=\"canonical\" href=\"https:\/\/akunq.net\/tr\/?p=67905\" \/>\n<meta property=\"og:locale\" content=\"en_US\" \/>\n<meta property=\"og:type\" content=\"article\" \/>\n<meta property=\"og:title\" content=\"Mimar Sinan, ustal\u0131k eserinin g\u00f6lgesinde d\u00fczenlenen sergiyle an\u0131ld\u0131 - Bati Ermenistan Ve Bati Ermenileri Sorunlari Ara\u015ftirmalar Merkezi\" \/>\n<meta property=\"og:description\" content=\"Mimarl\u0131k tarihinin mihenk ta\u015f\u0131 Mimar Sinan, \u201custal\u0131k eserim\u201d dedi\u011fi Selimiye Camisi g\u00f6lgesinde d\u00fczenlenen sergiyle an\u0131ld\u0131. Cihan Demirci TMMOB Mimarlar Odas\u0131 Edirne Temsilcili\u011fi taraf\u0131ndan Selimiye Meydan\u0131\u2019nda 50 eserin yer ald\u0131\u011f\u0131 eskis ve foto\u011fraf sergisi a\u00e7\u0131ld\u0131. Mimar Sinan\u2019\u0131n eserlerinin yer ald\u0131\u011f\u0131 sergi ilgi g\u00f6rd\u00fc.Cenk Erg\u00fcden, sergide yapt\u0131\u011f\u0131 konu\u015fmada, meslekta\u015flar\u0131n\u0131n Mimar Sinan\u2019\u0131 vefat\u0131n\u0131n 434\u2019\u00fcnc\u00fc y\u0131l\u0131nda sayg\u0131 ve rahmetle [&hellip;]\" \/>\n<meta property=\"og:url\" content=\"https:\/\/akunq.net\/tr\/?p=67905\" \/>\n<meta property=\"og:site_name\" content=\"Bati Ermenistan Ve Bati Ermenileri Sorunlari Ara\u015ftirmalar Merkezi\" \/>\n<meta property=\"article:published_time\" content=\"2022-04-11T08:56:11+00:00\" \/>\n<meta property=\"og:image\" content=\"https:\/\/akunq.net\/tr\/wp-content\/uploads\/sites\/6\/2022\/04\/Mimar-Sinan.jpg\" \/>\n\t<meta property=\"og:image:width\" content=\"750\" \/>\n\t<meta property=\"og:image:height\" content=\"500\" \/>\n\t<meta property=\"og:image:type\" content=\"image\/jpeg\" \/>\n<meta name=\"author\" content=\"admin\" \/>\n<meta name=\"twitter:card\" content=\"summary_large_image\" \/>\n<meta name=\"twitter:label1\" content=\"Written by\" \/>\n\t<meta name=\"twitter:data1\" content=\"admin\" \/>\n\t<meta name=\"twitter:label2\" content=\"Est. reading time\" \/>\n\t<meta name=\"twitter:data2\" content=\"1 minute\" \/>\n<script type=\"application\/ld+json\" class=\"yoast-schema-graph\">{\"@context\":\"https:\\\/\\\/schema.org\",\"@graph\":[{\"@type\":\"Article\",\"@id\":\"https:\\\/\\\/akunq.net\\\/tr\\\/?p=67905#article\",\"isPartOf\":{\"@id\":\"https:\\\/\\\/akunq.net\\\/tr\\\/?p=67905\"},\"author\":{\"name\":\"admin\",\"@id\":\"https:\\\/\\\/akunq.net\\\/tr\\\/#\\\/schema\\\/person\\\/096f1d38a12cce57fb855b485ed24c9e\"},\"headline\":\"Mimar Sinan, ustal\u0131k eserinin g\u00f6lgesinde d\u00fczenlenen sergiyle an\u0131ld\u0131\",\"datePublished\":\"2022-04-11T08:56:11+00:00\",\"mainEntityOfPage\":{\"@id\":\"https:\\\/\\\/akunq.net\\\/tr\\\/?p=67905\"},\"wordCount\":308,\"commentCount\":0,\"image\":{\"@id\":\"https:\\\/\\\/akunq.net\\\/tr\\\/?p=67905#primaryimage\"},\"thumbnailUrl\":\"https:\\\/\\\/akunq.net\\\/tr\\\/wp-content\\\/uploads\\\/sites\\\/6\\\/2022\\\/04\\\/Mimar-Sinan.jpg\",\"articleSection\":[\"Haberler\"],\"inLanguage\":\"en-US\",\"potentialAction\":[{\"@type\":\"CommentAction\",\"name\":\"Comment\",\"target\":[\"https:\\\/\\\/akunq.net\\\/tr\\\/?p=67905#respond\"]}]},{\"@type\":\"WebPage\",\"@id\":\"https:\\\/\\\/akunq.net\\\/tr\\\/?p=67905\",\"url\":\"https:\\\/\\\/akunq.net\\\/tr\\\/?p=67905\",\"name\":\"Mimar Sinan, ustal\u0131k eserinin g\u00f6lgesinde d\u00fczenlenen sergiyle an\u0131ld\u0131 - Bati Ermenistan Ve Bati Ermenileri Sorunlari Ara\u015ftirmalar Merkezi\",\"isPartOf\":{\"@id\":\"https:\\\/\\\/akunq.net\\\/tr\\\/#website\"},\"primaryImageOfPage\":{\"@id\":\"https:\\\/\\\/akunq.net\\\/tr\\\/?p=67905#primaryimage\"},\"image\":{\"@id\":\"https:\\\/\\\/akunq.net\\\/tr\\\/?p=67905#primaryimage\"},\"thumbnailUrl\":\"https:\\\/\\\/akunq.net\\\/tr\\\/wp-content\\\/uploads\\\/sites\\\/6\\\/2022\\\/04\\\/Mimar-Sinan.jpg\",\"datePublished\":\"2022-04-11T08:56:11+00:00\",\"author\":{\"@id\":\"https:\\\/\\\/akunq.net\\\/tr\\\/#\\\/schema\\\/person\\\/096f1d38a12cce57fb855b485ed24c9e\"},\"breadcrumb\":{\"@id\":\"https:\\\/\\\/akunq.net\\\/tr\\\/?p=67905#breadcrumb\"},\"inLanguage\":\"en-US\",\"potentialAction\":[{\"@type\":\"ReadAction\",\"target\":[\"https:\\\/\\\/akunq.net\\\/tr\\\/?p=67905\"]}]},{\"@type\":\"ImageObject\",\"inLanguage\":\"en-US\",\"@id\":\"https:\\\/\\\/akunq.net\\\/tr\\\/?p=67905#primaryimage\",\"url\":\"https:\\\/\\\/akunq.net\\\/tr\\\/wp-content\\\/uploads\\\/sites\\\/6\\\/2022\\\/04\\\/Mimar-Sinan.jpg\",\"contentUrl\":\"https:\\\/\\\/akunq.net\\\/tr\\\/wp-content\\\/uploads\\\/sites\\\/6\\\/2022\\\/04\\\/Mimar-Sinan.jpg\",\"width\":750,\"height\":500},{\"@type\":\"BreadcrumbList\",\"@id\":\"https:\\\/\\\/akunq.net\\\/tr\\\/?p=67905#breadcrumb\",\"itemListElement\":[{\"@type\":\"ListItem\",\"position\":1,\"name\":\"Home\",\"item\":\"https:\\\/\\\/akunq.net\\\/tr\"},{\"@type\":\"ListItem\",\"position\":2,\"name\":\"Mimar Sinan, ustal\u0131k eserinin g\u00f6lgesinde d\u00fczenlenen sergiyle an\u0131ld\u0131\"}]},{\"@type\":\"WebSite\",\"@id\":\"https:\\\/\\\/akunq.net\\\/tr\\\/#website\",\"url\":\"https:\\\/\\\/akunq.net\\\/tr\\\/\",\"name\":\"Bati Ermenistan Ve Bati Ermenileri Sorunlari Ara\u015ftirmalar Merkezi\",\"description\":\"\",\"potentialAction\":[{\"@type\":\"SearchAction\",\"target\":{\"@type\":\"EntryPoint\",\"urlTemplate\":\"https:\\\/\\\/akunq.net\\\/tr\\\/?s={search_term_string}\"},\"query-input\":{\"@type\":\"PropertyValueSpecification\",\"valueRequired\":true,\"valueName\":\"search_term_string\"}}],\"inLanguage\":\"en-US\"},{\"@type\":\"Person\",\"@id\":\"https:\\\/\\\/akunq.net\\\/tr\\\/#\\\/schema\\\/person\\\/096f1d38a12cce57fb855b485ed24c9e\",\"name\":\"admin\",\"url\":\"https:\\\/\\\/akunq.net\\\/tr\\\/?author=7\"}]}<\/script>\n<!-- \/ Yoast SEO plugin. -->","yoast_head_json":{"title":"Mimar Sinan, ustal\u0131k eserinin g\u00f6lgesinde d\u00fczenlenen sergiyle an\u0131ld\u0131 - Bati Ermenistan Ve Bati Ermenileri Sorunlari Ara\u015ftirmalar Merkezi","robots":{"index":"index","follow":"follow","max-snippet":"max-snippet:-1","max-image-preview":"max-image-preview:large","max-video-preview":"max-video-preview:-1"},"canonical":"https:\/\/akunq.net\/tr\/?p=67905","og_locale":"en_US","og_type":"article","og_title":"Mimar Sinan, ustal\u0131k eserinin g\u00f6lgesinde d\u00fczenlenen sergiyle an\u0131ld\u0131 - Bati Ermenistan Ve Bati Ermenileri Sorunlari Ara\u015ftirmalar Merkezi","og_description":"Mimarl\u0131k tarihinin mihenk ta\u015f\u0131 Mimar Sinan, \u201custal\u0131k eserim\u201d dedi\u011fi Selimiye Camisi g\u00f6lgesinde d\u00fczenlenen sergiyle an\u0131ld\u0131. Cihan Demirci TMMOB Mimarlar Odas\u0131 Edirne Temsilcili\u011fi taraf\u0131ndan Selimiye Meydan\u0131\u2019nda 50 eserin yer ald\u0131\u011f\u0131 eskis ve foto\u011fraf sergisi a\u00e7\u0131ld\u0131. Mimar Sinan\u2019\u0131n eserlerinin yer ald\u0131\u011f\u0131 sergi ilgi g\u00f6rd\u00fc.Cenk Erg\u00fcden, sergide yapt\u0131\u011f\u0131 konu\u015fmada, meslekta\u015flar\u0131n\u0131n Mimar Sinan\u2019\u0131 vefat\u0131n\u0131n 434\u2019\u00fcnc\u00fc y\u0131l\u0131nda sayg\u0131 ve rahmetle [&hellip;]","og_url":"https:\/\/akunq.net\/tr\/?p=67905","og_site_name":"Bati Ermenistan Ve Bati Ermenileri Sorunlari Ara\u015ftirmalar Merkezi","article_published_time":"2022-04-11T08:56:11+00:00","og_image":[{"width":750,"height":500,"url":"https:\/\/akunq.net\/tr\/wp-content\/uploads\/sites\/6\/2022\/04\/Mimar-Sinan.jpg","type":"image\/jpeg"}],"author":"admin","twitter_card":"summary_large_image","twitter_misc":{"Written by":"admin","Est. reading time":"1 minute"},"schema":{"@context":"https:\/\/schema.org","@graph":[{"@type":"Article","@id":"https:\/\/akunq.net\/tr\/?p=67905#article","isPartOf":{"@id":"https:\/\/akunq.net\/tr\/?p=67905"},"author":{"name":"admin","@id":"https:\/\/akunq.net\/tr\/#\/schema\/person\/096f1d38a12cce57fb855b485ed24c9e"},"headline":"Mimar Sinan, ustal\u0131k eserinin g\u00f6lgesinde d\u00fczenlenen sergiyle an\u0131ld\u0131","datePublished":"2022-04-11T08:56:11+00:00","mainEntityOfPage":{"@id":"https:\/\/akunq.net\/tr\/?p=67905"},"wordCount":308,"commentCount":0,"image":{"@id":"https:\/\/akunq.net\/tr\/?p=67905#primaryimage"},"thumbnailUrl":"https:\/\/akunq.net\/tr\/wp-content\/uploads\/sites\/6\/2022\/04\/Mimar-Sinan.jpg","articleSection":["Haberler"],"inLanguage":"en-US","potentialAction":[{"@type":"CommentAction","name":"Comment","target":["https:\/\/akunq.net\/tr\/?p=67905#respond"]}]},{"@type":"WebPage","@id":"https:\/\/akunq.net\/tr\/?p=67905","url":"https:\/\/akunq.net\/tr\/?p=67905","name":"Mimar Sinan, ustal\u0131k eserinin g\u00f6lgesinde d\u00fczenlenen sergiyle an\u0131ld\u0131 - Bati Ermenistan Ve Bati Ermenileri Sorunlari Ara\u015ftirmalar Merkezi","isPartOf":{"@id":"https:\/\/akunq.net\/tr\/#website"},"primaryImageOfPage":{"@id":"https:\/\/akunq.net\/tr\/?p=67905#primaryimage"},"image":{"@id":"https:\/\/akunq.net\/tr\/?p=67905#primaryimage"},"thumbnailUrl":"https:\/\/akunq.net\/tr\/wp-content\/uploads\/sites\/6\/2022\/04\/Mimar-Sinan.jpg","datePublished":"2022-04-11T08:56:11+00:00","author":{"@id":"https:\/\/akunq.net\/tr\/#\/schema\/person\/096f1d38a12cce57fb855b485ed24c9e"},"breadcrumb":{"@id":"https:\/\/akunq.net\/tr\/?p=67905#breadcrumb"},"inLanguage":"en-US","potentialAction":[{"@type":"ReadAction","target":["https:\/\/akunq.net\/tr\/?p=67905"]}]},{"@type":"ImageObject","inLanguage":"en-US","@id":"https:\/\/akunq.net\/tr\/?p=67905#primaryimage","url":"https:\/\/akunq.net\/tr\/wp-content\/uploads\/sites\/6\/2022\/04\/Mimar-Sinan.jpg","contentUrl":"https:\/\/akunq.net\/tr\/wp-content\/uploads\/sites\/6\/2022\/04\/Mimar-Sinan.jpg","width":750,"height":500},{"@type":"BreadcrumbList","@id":"https:\/\/akunq.net\/tr\/?p=67905#breadcrumb","itemListElement":[{"@type":"ListItem","position":1,"name":"Home","item":"https:\/\/akunq.net\/tr"},{"@type":"ListItem","position":2,"name":"Mimar Sinan, ustal\u0131k eserinin g\u00f6lgesinde d\u00fczenlenen sergiyle an\u0131ld\u0131"}]},{"@type":"WebSite","@id":"https:\/\/akunq.net\/tr\/#website","url":"https:\/\/akunq.net\/tr\/","name":"Bati Ermenistan Ve Bati Ermenileri Sorunlari Ara\u015ftirmalar Merkezi","description":"","potentialAction":[{"@type":"SearchAction","target":{"@type":"EntryPoint","urlTemplate":"https:\/\/akunq.net\/tr\/?s={search_term_string}"},"query-input":{"@type":"PropertyValueSpecification","valueRequired":true,"valueName":"search_term_string"}}],"inLanguage":"en-US"},{"@type":"Person","@id":"https:\/\/akunq.net\/tr\/#\/schema\/person\/096f1d38a12cce57fb855b485ed24c9e","name":"admin","url":"https:\/\/akunq.net\/tr\/?author=7"}]}},"_links":{"self":[{"href":"https:\/\/akunq.net\/tr\/index.php?rest_route=\/wp\/v2\/posts\/67905","targetHints":{"allow":["GET"]}}],"collection":[{"href":"https:\/\/akunq.net\/tr\/index.php?rest_route=\/wp\/v2\/posts"}],"about":[{"href":"https:\/\/akunq.net\/tr\/index.php?rest_route=\/wp\/v2\/types\/post"}],"author":[{"embeddable":true,"href":"https:\/\/akunq.net\/tr\/index.php?rest_route=\/wp\/v2\/users\/7"}],"replies":[{"embeddable":true,"href":"https:\/\/akunq.net\/tr\/index.php?rest_route=%2Fwp%2Fv2%2Fcomments&post=67905"}],"version-history":[{"count":1,"href":"https:\/\/akunq.net\/tr\/index.php?rest_route=\/wp\/v2\/posts\/67905\/revisions"}],"predecessor-version":[{"id":67907,"href":"https:\/\/akunq.net\/tr\/index.php?rest_route=\/wp\/v2\/posts\/67905\/revisions\/67907"}],"wp:featuredmedia":[{"embeddable":true,"href":"https:\/\/akunq.net\/tr\/index.php?rest_route=\/wp\/v2\/media\/67906"}],"wp:attachment":[{"href":"https:\/\/akunq.net\/tr\/index.php?rest_route=%2Fwp%2Fv2%2Fmedia&parent=67905"}],"wp:term":[{"taxonomy":"category","embeddable":true,"href":"https:\/\/akunq.net\/tr\/index.php?rest_route=%2Fwp%2Fv2%2Fcategories&post=67905"},{"taxonomy":"post_tag","embeddable":true,"href":"https:\/\/akunq.net\/tr\/index.php?rest_route=%2Fwp%2Fv2%2Ftags&post=67905"}],"curies":[{"name":"wp","href":"https:\/\/api.w.org\/{rel}","templated":true}]}}