{"id":67899,"date":"2022-04-11T03:27:51","date_gmt":"2022-04-11T08:27:51","guid":{"rendered":"https:\/\/akunq.net\/tr\/?p=67899"},"modified":"2022-04-11T03:27:51","modified_gmt":"2022-04-11T08:27:51","slug":"altin-kayisi-film-festivalinin-tarihleri-belli-oldu","status":"publish","type":"post","link":"https:\/\/akunq.net\/tr\/?p=67899","title":{"rendered":"&#8220;Alt\u0131n Kay\u0131s\u0131&#8221; film festivalinin tarihleri belli oldu"},"content":{"rendered":"<p><img loading=\"lazy\" decoding=\"async\" class=\"aligncenter size-medium wp-image-67900\" src=\"https:\/\/akunq.net\/tr\/wp-content\/uploads\/2022\/04\/Alt\u0131n-Kay\u0131s\u0131-360x242.jpg\" alt=\"\" width=\"360\" height=\"242\" srcset=\"https:\/\/akunq.net\/tr\/wp-content\/uploads\/sites\/6\/2022\/04\/Alt\u0131n-Kay\u0131s\u0131-360x242.jpg 360w, https:\/\/akunq.net\/tr\/wp-content\/uploads\/sites\/6\/2022\/04\/Alt\u0131n-Kay\u0131s\u0131-560x376.jpg 560w, https:\/\/akunq.net\/tr\/wp-content\/uploads\/sites\/6\/2022\/04\/Alt\u0131n-Kay\u0131s\u0131-260x175.jpg 260w, https:\/\/akunq.net\/tr\/wp-content\/uploads\/sites\/6\/2022\/04\/Alt\u0131n-Kay\u0131s\u0131-160x107.jpg 160w, https:\/\/akunq.net\/tr\/wp-content\/uploads\/sites\/6\/2022\/04\/Alt\u0131n-Kay\u0131s\u0131.jpg 670w\" sizes=\"auto, (max-width: 360px) 100vw, 360px\" \/><\/p>\n<p><strong><em>Uluslararas\u0131 \u201cAlt\u0131n Kay\u0131s\u0131\u201d 19\u2019uncu film festival\u0131 Yerevan\u2019da 10-17 Temmuz tarihlerinde ger\u00e7ekle\u015ftirilecek. Uluslararas\u0131 Film Festivali, d\u00fcnyan\u0131n farkl\u0131 \u00fclkelerinden yar\u0131\u015fmaya kat\u0131lan filmlerinin yan\u0131 s\u0131ra en prestijli film festivallerinin filmlerini de izleyicilere sunacak.<\/em><\/strong><\/p>\n<p>Armenpress haber ajans\u0131n\u0131n aktard\u0131\u011f\u0131 bilgilere g\u00f6re, festivalin GAIFF Pro \u00fcretim platformunun akreditasyonun a\u00e7\u0131l\u0131\u015f\u0131 da duyuruldu.<\/p>\n<p>GAIFF Pro, \u00e7al\u0131\u015fma a\u015famas\u0131nda C2C projeleri filmler i\u00e7in ba\u015fvurular\u0131 kabul etmeye ba\u015flad\u0131. C2C pazar\u0131 bu y\u0131l 11-15 Temmuz&#8217;da ger\u00e7ekle\u015fecek.<\/p>\n<p>GAIFF Pro&#8217;nun bir par\u00e7as\u0131 olan, C2C b\u00f6lgesel ortak yap\u0131m pazar\u0131, Bat\u0131 Asya b\u00f6lgesindeki film yap\u0131mc\u0131lar\u0131n\u0131n y\u00f6netmenin birinci veya ikinci film projesini geli\u015ftirmesinin yan\u0131 s\u0131ra uluslararas\u0131 film profesyonellerine sunarak &#8220;\u00fclkeler aras\u0131nda i\u015fbirli\u011fini&#8221; te\u015fvik eden uluslararas\u0131 bir platformdur.<\/p>\n<p><em><strong>https:\/\/armenpress.am\/tur\/news\/1080285.html\u00a0<\/strong><\/em><\/p>\n","protected":false},"excerpt":{"rendered":"<p>Uluslararas\u0131 \u201cAlt\u0131n Kay\u0131s\u0131\u201d 19\u2019uncu film festival\u0131 Yerevan\u2019da 10-17 Temmuz tarihlerinde ger\u00e7ekle\u015ftirilecek. Uluslararas\u0131 Film Festivali, d\u00fcnyan\u0131n farkl\u0131 \u00fclkelerinden yar\u0131\u015fmaya kat\u0131lan filmlerinin yan\u0131 s\u0131ra en prestijli film festivallerinin filmlerini de izleyicilere sunacak. Armenpress haber ajans\u0131n\u0131n aktard\u0131\u011f\u0131 bilgilere g\u00f6re, festivalin GAIFF Pro \u00fcretim platformunun akreditasyonun a\u00e7\u0131l\u0131\u015f\u0131 da duyuruldu. GAIFF Pro, \u00e7al\u0131\u015fma a\u015famas\u0131nda C2C projeleri filmler i\u00e7in ba\u015fvurular\u0131 kabul [&hellip;]<\/p>\n","protected":false},"author":7,"featured_media":67900,"comment_status":"open","ping_status":"open","sticky":false,"template":"","format":"standard","meta":{"footnotes":""},"categories":[1],"tags":[],"class_list":["post-67899","post","type-post","status-publish","format-standard","has-post-thumbnail","hentry","category-haberler"],"yoast_head":"<!-- This site is optimized with the Yoast SEO plugin v27.4 - https:\/\/yoast.com\/product\/yoast-seo-wordpress\/ -->\n<title>&quot;Alt\u0131n Kay\u0131s\u0131&quot; film festivalinin tarihleri belli oldu - Bati Ermenistan Ve Bati Ermenileri Sorunlari Ara\u015ftirmalar Merkezi<\/title>\n<meta name=\"robots\" content=\"index, follow, max-snippet:-1, max-image-preview:large, max-video-preview:-1\" \/>\n<link rel=\"canonical\" href=\"https:\/\/akunq.net\/tr\/?p=67899\" \/>\n<meta property=\"og:locale\" content=\"en_US\" \/>\n<meta property=\"og:type\" content=\"article\" \/>\n<meta property=\"og:title\" content=\"&quot;Alt\u0131n Kay\u0131s\u0131&quot; film festivalinin tarihleri belli oldu - Bati Ermenistan Ve Bati Ermenileri Sorunlari Ara\u015ftirmalar Merkezi\" \/>\n<meta property=\"og:description\" content=\"Uluslararas\u0131 \u201cAlt\u0131n Kay\u0131s\u0131\u201d 19\u2019uncu film festival\u0131 Yerevan\u2019da 10-17 Temmuz tarihlerinde ger\u00e7ekle\u015ftirilecek. Uluslararas\u0131 Film Festivali, d\u00fcnyan\u0131n farkl\u0131 \u00fclkelerinden yar\u0131\u015fmaya kat\u0131lan filmlerinin yan\u0131 s\u0131ra en prestijli film festivallerinin filmlerini de izleyicilere sunacak. Armenpress haber ajans\u0131n\u0131n aktard\u0131\u011f\u0131 bilgilere g\u00f6re, festivalin GAIFF Pro \u00fcretim platformunun akreditasyonun a\u00e7\u0131l\u0131\u015f\u0131 da duyuruldu. GAIFF Pro, \u00e7al\u0131\u015fma a\u015famas\u0131nda C2C projeleri filmler i\u00e7in ba\u015fvurular\u0131 kabul [&hellip;]\" \/>\n<meta property=\"og:url\" content=\"https:\/\/akunq.net\/tr\/?p=67899\" \/>\n<meta property=\"og:site_name\" content=\"Bati Ermenistan Ve Bati Ermenileri Sorunlari Ara\u015ftirmalar Merkezi\" \/>\n<meta property=\"article:published_time\" content=\"2022-04-11T08:27:51+00:00\" \/>\n<meta property=\"og:image\" content=\"https:\/\/akunq.net\/tr\/wp-content\/uploads\/sites\/6\/2022\/04\/Alt\u0131n-Kay\u0131s\u0131.jpg\" \/>\n\t<meta property=\"og:image:width\" content=\"670\" \/>\n\t<meta property=\"og:image:height\" content=\"450\" \/>\n\t<meta property=\"og:image:type\" content=\"image\/jpeg\" \/>\n<meta name=\"author\" content=\"admin\" \/>\n<meta name=\"twitter:card\" content=\"summary_large_image\" \/>\n<meta name=\"twitter:label1\" content=\"Written by\" \/>\n\t<meta name=\"twitter:data1\" content=\"admin\" \/>\n\t<meta name=\"twitter:label2\" content=\"Est. reading time\" \/>\n\t<meta name=\"twitter:data2\" content=\"1 minute\" \/>\n<script type=\"application\/ld+json\" class=\"yoast-schema-graph\">{\"@context\":\"https:\\\/\\\/schema.org\",\"@graph\":[{\"@type\":\"Article\",\"@id\":\"https:\\\/\\\/akunq.net\\\/tr\\\/?p=67899#article\",\"isPartOf\":{\"@id\":\"https:\\\/\\\/akunq.net\\\/tr\\\/?p=67899\"},\"author\":{\"name\":\"admin\",\"@id\":\"https:\\\/\\\/akunq.net\\\/tr\\\/#\\\/schema\\\/person\\\/096f1d38a12cce57fb855b485ed24c9e\"},\"headline\":\"&#8220;Alt\u0131n Kay\u0131s\u0131&#8221; film festivalinin tarihleri belli oldu\",\"datePublished\":\"2022-04-11T08:27:51+00:00\",\"mainEntityOfPage\":{\"@id\":\"https:\\\/\\\/akunq.net\\\/tr\\\/?p=67899\"},\"wordCount\":156,\"commentCount\":0,\"image\":{\"@id\":\"https:\\\/\\\/akunq.net\\\/tr\\\/?p=67899#primaryimage\"},\"thumbnailUrl\":\"https:\\\/\\\/akunq.net\\\/tr\\\/wp-content\\\/uploads\\\/sites\\\/6\\\/2022\\\/04\\\/Alt\u0131n-Kay\u0131s\u0131.jpg\",\"articleSection\":[\"Haberler\"],\"inLanguage\":\"en-US\",\"potentialAction\":[{\"@type\":\"CommentAction\",\"name\":\"Comment\",\"target\":[\"https:\\\/\\\/akunq.net\\\/tr\\\/?p=67899#respond\"]}]},{\"@type\":\"WebPage\",\"@id\":\"https:\\\/\\\/akunq.net\\\/tr\\\/?p=67899\",\"url\":\"https:\\\/\\\/akunq.net\\\/tr\\\/?p=67899\",\"name\":\"\\\"Alt\u0131n Kay\u0131s\u0131\\\" film festivalinin tarihleri belli oldu - Bati Ermenistan Ve Bati Ermenileri Sorunlari Ara\u015ftirmalar Merkezi\",\"isPartOf\":{\"@id\":\"https:\\\/\\\/akunq.net\\\/tr\\\/#website\"},\"primaryImageOfPage\":{\"@id\":\"https:\\\/\\\/akunq.net\\\/tr\\\/?p=67899#primaryimage\"},\"image\":{\"@id\":\"https:\\\/\\\/akunq.net\\\/tr\\\/?p=67899#primaryimage\"},\"thumbnailUrl\":\"https:\\\/\\\/akunq.net\\\/tr\\\/wp-content\\\/uploads\\\/sites\\\/6\\\/2022\\\/04\\\/Alt\u0131n-Kay\u0131s\u0131.jpg\",\"datePublished\":\"2022-04-11T08:27:51+00:00\",\"author\":{\"@id\":\"https:\\\/\\\/akunq.net\\\/tr\\\/#\\\/schema\\\/person\\\/096f1d38a12cce57fb855b485ed24c9e\"},\"breadcrumb\":{\"@id\":\"https:\\\/\\\/akunq.net\\\/tr\\\/?p=67899#breadcrumb\"},\"inLanguage\":\"en-US\",\"potentialAction\":[{\"@type\":\"ReadAction\",\"target\":[\"https:\\\/\\\/akunq.net\\\/tr\\\/?p=67899\"]}]},{\"@type\":\"ImageObject\",\"inLanguage\":\"en-US\",\"@id\":\"https:\\\/\\\/akunq.net\\\/tr\\\/?p=67899#primaryimage\",\"url\":\"https:\\\/\\\/akunq.net\\\/tr\\\/wp-content\\\/uploads\\\/sites\\\/6\\\/2022\\\/04\\\/Alt\u0131n-Kay\u0131s\u0131.jpg\",\"contentUrl\":\"https:\\\/\\\/akunq.net\\\/tr\\\/wp-content\\\/uploads\\\/sites\\\/6\\\/2022\\\/04\\\/Alt\u0131n-Kay\u0131s\u0131.jpg\",\"width\":670,\"height\":450},{\"@type\":\"BreadcrumbList\",\"@id\":\"https:\\\/\\\/akunq.net\\\/tr\\\/?p=67899#breadcrumb\",\"itemListElement\":[{\"@type\":\"ListItem\",\"position\":1,\"name\":\"Home\",\"item\":\"https:\\\/\\\/akunq.net\\\/tr\"},{\"@type\":\"ListItem\",\"position\":2,\"name\":\"&#8220;Alt\u0131n Kay\u0131s\u0131&#8221; film festivalinin tarihleri belli oldu\"}]},{\"@type\":\"WebSite\",\"@id\":\"https:\\\/\\\/akunq.net\\\/tr\\\/#website\",\"url\":\"https:\\\/\\\/akunq.net\\\/tr\\\/\",\"name\":\"Bati Ermenistan Ve Bati Ermenileri Sorunlari Ara\u015ftirmalar Merkezi\",\"description\":\"\",\"potentialAction\":[{\"@type\":\"SearchAction\",\"target\":{\"@type\":\"EntryPoint\",\"urlTemplate\":\"https:\\\/\\\/akunq.net\\\/tr\\\/?s={search_term_string}\"},\"query-input\":{\"@type\":\"PropertyValueSpecification\",\"valueRequired\":true,\"valueName\":\"search_term_string\"}}],\"inLanguage\":\"en-US\"},{\"@type\":\"Person\",\"@id\":\"https:\\\/\\\/akunq.net\\\/tr\\\/#\\\/schema\\\/person\\\/096f1d38a12cce57fb855b485ed24c9e\",\"name\":\"admin\",\"url\":\"https:\\\/\\\/akunq.net\\\/tr\\\/?author=7\"}]}<\/script>\n<!-- \/ Yoast SEO plugin. -->","yoast_head_json":{"title":"\"Alt\u0131n Kay\u0131s\u0131\" film festivalinin tarihleri belli oldu - Bati Ermenistan Ve Bati Ermenileri Sorunlari Ara\u015ftirmalar Merkezi","robots":{"index":"index","follow":"follow","max-snippet":"max-snippet:-1","max-image-preview":"max-image-preview:large","max-video-preview":"max-video-preview:-1"},"canonical":"https:\/\/akunq.net\/tr\/?p=67899","og_locale":"en_US","og_type":"article","og_title":"\"Alt\u0131n Kay\u0131s\u0131\" film festivalinin tarihleri belli oldu - Bati Ermenistan Ve Bati Ermenileri Sorunlari Ara\u015ftirmalar Merkezi","og_description":"Uluslararas\u0131 \u201cAlt\u0131n Kay\u0131s\u0131\u201d 19\u2019uncu film festival\u0131 Yerevan\u2019da 10-17 Temmuz tarihlerinde ger\u00e7ekle\u015ftirilecek. Uluslararas\u0131 Film Festivali, d\u00fcnyan\u0131n farkl\u0131 \u00fclkelerinden yar\u0131\u015fmaya kat\u0131lan filmlerinin yan\u0131 s\u0131ra en prestijli film festivallerinin filmlerini de izleyicilere sunacak. Armenpress haber ajans\u0131n\u0131n aktard\u0131\u011f\u0131 bilgilere g\u00f6re, festivalin GAIFF Pro \u00fcretim platformunun akreditasyonun a\u00e7\u0131l\u0131\u015f\u0131 da duyuruldu. GAIFF Pro, \u00e7al\u0131\u015fma a\u015famas\u0131nda C2C projeleri filmler i\u00e7in ba\u015fvurular\u0131 kabul [&hellip;]","og_url":"https:\/\/akunq.net\/tr\/?p=67899","og_site_name":"Bati Ermenistan Ve Bati Ermenileri Sorunlari Ara\u015ftirmalar Merkezi","article_published_time":"2022-04-11T08:27:51+00:00","og_image":[{"width":670,"height":450,"url":"https:\/\/akunq.net\/tr\/wp-content\/uploads\/sites\/6\/2022\/04\/Alt\u0131n-Kay\u0131s\u0131.jpg","type":"image\/jpeg"}],"author":"admin","twitter_card":"summary_large_image","twitter_misc":{"Written by":"admin","Est. reading time":"1 minute"},"schema":{"@context":"https:\/\/schema.org","@graph":[{"@type":"Article","@id":"https:\/\/akunq.net\/tr\/?p=67899#article","isPartOf":{"@id":"https:\/\/akunq.net\/tr\/?p=67899"},"author":{"name":"admin","@id":"https:\/\/akunq.net\/tr\/#\/schema\/person\/096f1d38a12cce57fb855b485ed24c9e"},"headline":"&#8220;Alt\u0131n Kay\u0131s\u0131&#8221; film festivalinin tarihleri belli oldu","datePublished":"2022-04-11T08:27:51+00:00","mainEntityOfPage":{"@id":"https:\/\/akunq.net\/tr\/?p=67899"},"wordCount":156,"commentCount":0,"image":{"@id":"https:\/\/akunq.net\/tr\/?p=67899#primaryimage"},"thumbnailUrl":"https:\/\/akunq.net\/tr\/wp-content\/uploads\/sites\/6\/2022\/04\/Alt\u0131n-Kay\u0131s\u0131.jpg","articleSection":["Haberler"],"inLanguage":"en-US","potentialAction":[{"@type":"CommentAction","name":"Comment","target":["https:\/\/akunq.net\/tr\/?p=67899#respond"]}]},{"@type":"WebPage","@id":"https:\/\/akunq.net\/tr\/?p=67899","url":"https:\/\/akunq.net\/tr\/?p=67899","name":"\"Alt\u0131n Kay\u0131s\u0131\" film festivalinin tarihleri belli oldu - Bati Ermenistan Ve Bati Ermenileri Sorunlari Ara\u015ftirmalar Merkezi","isPartOf":{"@id":"https:\/\/akunq.net\/tr\/#website"},"primaryImageOfPage":{"@id":"https:\/\/akunq.net\/tr\/?p=67899#primaryimage"},"image":{"@id":"https:\/\/akunq.net\/tr\/?p=67899#primaryimage"},"thumbnailUrl":"https:\/\/akunq.net\/tr\/wp-content\/uploads\/sites\/6\/2022\/04\/Alt\u0131n-Kay\u0131s\u0131.jpg","datePublished":"2022-04-11T08:27:51+00:00","author":{"@id":"https:\/\/akunq.net\/tr\/#\/schema\/person\/096f1d38a12cce57fb855b485ed24c9e"},"breadcrumb":{"@id":"https:\/\/akunq.net\/tr\/?p=67899#breadcrumb"},"inLanguage":"en-US","potentialAction":[{"@type":"ReadAction","target":["https:\/\/akunq.net\/tr\/?p=67899"]}]},{"@type":"ImageObject","inLanguage":"en-US","@id":"https:\/\/akunq.net\/tr\/?p=67899#primaryimage","url":"https:\/\/akunq.net\/tr\/wp-content\/uploads\/sites\/6\/2022\/04\/Alt\u0131n-Kay\u0131s\u0131.jpg","contentUrl":"https:\/\/akunq.net\/tr\/wp-content\/uploads\/sites\/6\/2022\/04\/Alt\u0131n-Kay\u0131s\u0131.jpg","width":670,"height":450},{"@type":"BreadcrumbList","@id":"https:\/\/akunq.net\/tr\/?p=67899#breadcrumb","itemListElement":[{"@type":"ListItem","position":1,"name":"Home","item":"https:\/\/akunq.net\/tr"},{"@type":"ListItem","position":2,"name":"&#8220;Alt\u0131n Kay\u0131s\u0131&#8221; film festivalinin tarihleri belli oldu"}]},{"@type":"WebSite","@id":"https:\/\/akunq.net\/tr\/#website","url":"https:\/\/akunq.net\/tr\/","name":"Bati Ermenistan Ve Bati Ermenileri Sorunlari Ara\u015ftirmalar Merkezi","description":"","potentialAction":[{"@type":"SearchAction","target":{"@type":"EntryPoint","urlTemplate":"https:\/\/akunq.net\/tr\/?s={search_term_string}"},"query-input":{"@type":"PropertyValueSpecification","valueRequired":true,"valueName":"search_term_string"}}],"inLanguage":"en-US"},{"@type":"Person","@id":"https:\/\/akunq.net\/tr\/#\/schema\/person\/096f1d38a12cce57fb855b485ed24c9e","name":"admin","url":"https:\/\/akunq.net\/tr\/?author=7"}]}},"_links":{"self":[{"href":"https:\/\/akunq.net\/tr\/index.php?rest_route=\/wp\/v2\/posts\/67899","targetHints":{"allow":["GET"]}}],"collection":[{"href":"https:\/\/akunq.net\/tr\/index.php?rest_route=\/wp\/v2\/posts"}],"about":[{"href":"https:\/\/akunq.net\/tr\/index.php?rest_route=\/wp\/v2\/types\/post"}],"author":[{"embeddable":true,"href":"https:\/\/akunq.net\/tr\/index.php?rest_route=\/wp\/v2\/users\/7"}],"replies":[{"embeddable":true,"href":"https:\/\/akunq.net\/tr\/index.php?rest_route=%2Fwp%2Fv2%2Fcomments&post=67899"}],"version-history":[{"count":1,"href":"https:\/\/akunq.net\/tr\/index.php?rest_route=\/wp\/v2\/posts\/67899\/revisions"}],"predecessor-version":[{"id":67901,"href":"https:\/\/akunq.net\/tr\/index.php?rest_route=\/wp\/v2\/posts\/67899\/revisions\/67901"}],"wp:featuredmedia":[{"embeddable":true,"href":"https:\/\/akunq.net\/tr\/index.php?rest_route=\/wp\/v2\/media\/67900"}],"wp:attachment":[{"href":"https:\/\/akunq.net\/tr\/index.php?rest_route=%2Fwp%2Fv2%2Fmedia&parent=67899"}],"wp:term":[{"taxonomy":"category","embeddable":true,"href":"https:\/\/akunq.net\/tr\/index.php?rest_route=%2Fwp%2Fv2%2Fcategories&post=67899"},{"taxonomy":"post_tag","embeddable":true,"href":"https:\/\/akunq.net\/tr\/index.php?rest_route=%2Fwp%2Fv2%2Ftags&post=67899"}],"curies":[{"name":"wp","href":"https:\/\/api.w.org\/{rel}","templated":true}]}}