{"id":67879,"date":"2022-04-08T06:07:01","date_gmt":"2022-04-08T11:07:01","guid":{"rendered":"https:\/\/akunq.net\/tr\/?p=67879"},"modified":"2022-04-08T06:07:01","modified_gmt":"2022-04-08T11:07:01","slug":"anket-akp-mhp-yuzde-40a-ulasamiyor","status":"publish","type":"post","link":"https:\/\/akunq.net\/tr\/?p=67879","title":{"rendered":"Anket: AKP-MHP y\u00fczde 40\u2019a ula\u015fam\u0131yor"},"content":{"rendered":"<p><img loading=\"lazy\" decoding=\"async\" class=\"aligncenter size-medium wp-image-67880\" src=\"https:\/\/akunq.net\/tr\/wp-content\/uploads\/2022\/04\/Sevimsizler-360x213.jpg\" alt=\"\" width=\"360\" height=\"213\" srcset=\"https:\/\/akunq.net\/tr\/wp-content\/uploads\/sites\/6\/2022\/04\/Sevimsizler-360x213.jpg 360w, https:\/\/akunq.net\/tr\/wp-content\/uploads\/sites\/6\/2022\/04\/Sevimsizler-560x332.jpg 560w, https:\/\/akunq.net\/tr\/wp-content\/uploads\/sites\/6\/2022\/04\/Sevimsizler-260x154.jpg 260w, https:\/\/akunq.net\/tr\/wp-content\/uploads\/sites\/6\/2022\/04\/Sevimsizler-160x95.jpg 160w, https:\/\/akunq.net\/tr\/wp-content\/uploads\/sites\/6\/2022\/04\/Sevimsizler.jpg 751w\" sizes=\"auto, (max-width: 360px) 100vw, 360px\" \/><\/p>\n<p><em><strong>Y\u00f6neylem\u2019in anketine g\u00f6re y\u00fczde 31,2 oy oran\u0131na sahip AKP\u2019yle CHP aras\u0131ndaki fark y\u00fczde 2,6\u2019ya indi. Verilere g\u00f6re AKP\u2019nin ittifak orta\u011f\u0131 MHP\u2019yle birlikte y\u00fczde 40\u2019a ula\u015famad\u0131\u011f\u0131 g\u00f6r\u00fcl\u00fcyor.<\/strong><\/em><\/p>\n<p>Ankete kat\u0131lanlar\u0131n y\u00fczde 90\u2019a yak\u0131n\u0131 T\u00fcrkiye\u2019nin ge\u00e7en seneye g\u00f6re daha k\u00f6t\u00fc durumda oldu\u011funu s\u00f6yledi.<\/p>\n<p>&nbsp;<\/p>\n<figure class=\"wp-block-image size-full\"><img loading=\"lazy\" decoding=\"async\" class=\"wp-image-1105119\" src=\"https:\/\/www.diken.com.tr\/wp-content\/uploads\/2022\/04\/20220407-anket-secim-oy-reuters.jpg\" sizes=\"auto, (max-width: 740px) 100vw, 740px\" srcset=\"https:\/\/www.diken.com.tr\/wp-content\/uploads\/2022\/04\/20220407-anket-secim-oy-reuters.jpg 740w, https:\/\/www.diken.com.tr\/wp-content\/uploads\/2022\/04\/20220407-anket-secim-oy-reuters-300x162.jpg 300w\" alt=\"\" width=\"740\" height=\"400\" \/><figcaption><em>Se\u00e7imler. Foto\u011fraf: Reuters<\/em><\/figcaption><\/figure>\n<p>Genel se\u00e7ime 15 ay var. Muhalefetteki partiler erken se\u00e7im isterken iktidar se\u00e7im d\u00fczenlemesiyle birlikte bu tart\u0131\u015fmalar\u0131n sona erdi\u011fini s\u00f6yl\u00fcyor.<\/p>\n<p>Yeni d\u00fczenlemeyle se\u00e7im baraj\u0131 y\u00fczde 7\u2019ye indirildi. D\u00fczenleme iktidar\u0131n lehine ittifak havuzunu da ortadan kald\u0131r\u0131yor.<\/p>\n<p>Ara\u015ft\u0131rmac\u0131lar iktidara oy deste\u011finin azald\u0131\u011f\u0131n\u0131 \u00f6ne s\u00fcr\u00fcyor. Anketler AKP\u2019nin orta\u011f\u0131 MHP\u2019yi de y\u00fczde 7\u2019nin hemen \u00fcst\u00fcnde g\u00f6steriyor.<\/p>\n<p>Asgari \u00fccrete zam da enflasyonun rekorlar k\u0131rmas\u0131 sonras\u0131 AKP\u2019deki d\u00fc\u015f\u00fc\u015fe engel olamad\u0131.<\/p>\n<h4>Yeni anket<\/h4>\n<p>Y\u00f6neylem Sosyal Ara\u015ft\u0131rmalar Merkezi\u2019nin 1-3 Nisan aras\u0131nda 27 ilde 2 bin 400 ki\u015fiyle d\u00fczenledi\u011fi ankete g\u00f6re partilerin oy oran\u0131, karars\u0131zlar da\u011f\u0131t\u0131ld\u0131ktan sonra \u015f\u00f6yle: AKP y\u00fczde 31,2, CHP y\u00fczde 28,6, \u0130Y\u0130 Parti y\u00fczde 14,5, HDP y\u00fczde 10, MHP y\u00fczde 7,8, Deva y\u00fczde 2, Yeniden Refah Partisi y\u00fczde 1,8, T\u0130P y\u00fczde 1,3 SP y\u00fczde 0,7, Gelecek y\u00fczde 0,5.<\/p>\n<figure class=\"wp-block-embed is-type-rich is-provider-twitter wp-block-embed-twitter\">\n<div class=\"wp-block-embed__wrapper\">\n<div class=\"twitter-tweet twitter-tweet-rendered\"><iframe id=\"twitter-widget-0\" class=\"\" title=\"Twitter Tweet\" src=\"https:\/\/platform.twitter.com\/embed\/Tweet.html?creatorScreenName=dikencomtr&amp;dnt=true&amp;embedId=twitter-widget-0&amp;features=eyJ0ZndfZXhwZXJpbWVudHNfY29va2llX2V4cGlyYXRpb24iOnsiYnVja2V0IjoxMjA5NjAwLCJ2ZXJzaW9uIjpudWxsfSwidGZ3X3NrZWxldG9uX2xvYWRpbmdfMTMzOTgiOnsiYnVja2V0IjoiY3RhIiwidmVyc2lvbiI6bnVsbH0sInRmd19zcGFjZV9jYXJkIjp7ImJ1Y2tldCI6Im9mZiIsInZlcnNpb24iOm51bGx9LCJ0Zndfc2Vuc2l0aXZlX21lZGlhX2ludGVyc3RpdGlhbF8xMzk2MyI6eyJidWNrZXQiOiJjb250cm9sIiwidmVyc2lvbiI6NH19&amp;frame=false&amp;hideCard=false&amp;hideThread=false&amp;id=1511941726394540034&amp;lang=en-gb&amp;origin=https%3A%2F%2Fwww.diken.com.tr%2Fanket-akp-mhp-yuzde-40a-ulasamiyor%2F&amp;sessionId=3273f16b55b8c3cb9dacc2cc71142d2ed49fd42c&amp;siteScreenName=dikencomtr&amp;theme=light&amp;widgetsVersion=940dd9ee54270%3A1649359550911&amp;width=500px\" frameborder=\"0\" scrolling=\"no\" allowfullscreen=\"allowfullscreen\" data-tweet-id=\"1511941726394540034\" data-mce-fragment=\"1\"><\/iframe><\/div>\n<\/div>\n<\/figure>\n<p><strong>\u201cMeclis \u00e7o\u011funlu\u011funu hangi ittifak kazan\u0131r\u201d<\/strong>\u00a0sorusuna y\u00fczde 55,6\u00a0<strong>\u2018millet ittifak\u0131\u2019<\/strong>, y\u00fczde 44,4\u00a0<strong>\u2018cumhur ittifak\u0131\u2019<\/strong>\u00a0cevab\u0131n\u0131 verdi. Do\u011frudan hangi ittifaka destek verildi\u011fi sorusundaysa\u00a0<strong>\u2018millet ittifak\u0131\u2019\u00a0<\/strong>y\u00fczde 37,6,\u00a0<strong>\u2018cumhur ittifak\u0131\u2019<\/strong>\u00a0y\u00fczde 33,9 ve\u00a0<strong>\u2018ittifak d\u0131\u015f\u0131\u2019<\/strong> 15,8 \u00e7\u0131kt\u0131.<\/p>\n<h4>Ge\u00e7en y\u0131la g\u00f6re nas\u0131l?<\/h4>\n<p><strong>\u201cGe\u00e7en y\u0131la g\u00f6re T\u00fcrkiye\u2019nin durumu iyi mi, k\u00f6t\u00fc m\u00fc oldu\u201d<\/strong>\u00a0sorusuna y\u00fczde 88,9\u2019luk ezici \u00e7o\u011funluk\u00a0<strong>\u201cDaha k\u00f6t\u00fc oldu\u201d<\/strong>\u00a0cevab\u0131n\u0131 verdi. Y\u00fczde 5,9\u2019sa\u00a0<strong>\u2018daha iyi\u2019\u00a0<\/strong>oldu\u011fu g\u00f6r\u00fc\u015f\u00fcnde.<\/p>\n<figure class=\"wp-block-image size-full\"><img loading=\"lazy\" decoding=\"async\" class=\"wp-image-1105127\" src=\"https:\/\/www.diken.com.tr\/wp-content\/uploads\/2022\/04\/20220704-yoneylem-turkiyenin-durumu.png\" sizes=\"auto, (max-width: 844px) 100vw, 844px\" srcset=\"https:\/\/www.diken.com.tr\/wp-content\/uploads\/2022\/04\/20220704-yoneylem-turkiyenin-durumu.png 844w, https:\/\/www.diken.com.tr\/wp-content\/uploads\/2022\/04\/20220704-yoneylem-turkiyenin-durumu-300x149.png 300w, https:\/\/www.diken.com.tr\/wp-content\/uploads\/2022\/04\/20220704-yoneylem-turkiyenin-durumu-768x381.png 768w\" alt=\"\" width=\"844\" height=\"419\" \/><figcaption><em>Grafikler: Y\u00f6neylem<\/em><\/figcaption><\/figure>\n<h4>Halk gelecekten de umutsuz<\/h4>\n<p><strong>\u201cSizce T\u00fcrkiye\u2019nin durumu \u00f6n\u00fcm\u00fczdeki bir y\u0131l i\u00e7inde iyiye mi k\u00f6t\u00fcye mi gidecek\u201d<\/strong>\u00a0sorusuna y\u00fczde 62,9\u00a0<strong>\u201cDaha k\u00f6t\u00fc olacak\u201d<\/strong>, y\u00fczde 20,9\u2019lik kesim\u00a0<strong>\u201c\u0130yi olacak\u201d<\/strong>, y\u00fczde 7,5\u2019sa\u00a0<strong>\u201cAyn\u0131 kalacak\u201d<\/strong>\u00a0cevab\u0131n\u0131 verdi.<\/p>\n<h4>Cumhurba\u015fkanl\u0131\u011f\u0131 ikinci turu<\/h4>\n<p>Ankete kat\u0131lanlar\u00a0<strong>\u201c\u0130kinci turda Erdo\u011fan m\u0131 muhalefetin aday\u0131 m\u0131\u201d\u00a0<\/strong>sorusuna \u015f\u00f6yle yan\u0131t verdi:<\/p>\n<ul>\n<li>Muhafelet aday\u0131: 51,3<\/li>\n<li>Erdo\u011fan: 32,8<\/li>\n<li>Karars\u0131z\u0131m: 8,8<\/li>\n<li>Oy kullanmam: 5,8<\/li>\n<\/ul>\n<p><strong>\u201cCumhurba\u015fkanl\u0131\u011f\u0131 se\u00e7imi ikinci tura kal\u0131rsa oyunuzu kime verirsiniz\u201d\u00a0<\/strong>sorusuna kat\u0131lanlar\u0131n y\u00fczde 36,5\u2019i Tayyip Erdo\u011fan, y\u00fczde 42,1\u2019i Kemal K\u0131l\u0131\u00e7daro\u011flu cevab\u0131n\u0131 verdi. K\u0131l\u0131\u00e7daro\u011flu\u2019nun oyu ayn\u0131 \u015firketin bir \u00f6nceki anketinde iki puan daha d\u00fc\u015f\u00fckt\u00fc.<\/p>\n<p>Ama rakip\u00a0Ekrem \u0130mamo\u011flu\u00a0olursa, Erdo\u011fan\u2019\u0131n oy oran\u0131 y\u00fczde 36\u2019ya geriliyor. \u0130mamo\u011flu\u2019nun adayl\u0131\u011f\u0131nda muhalefete verilecek destek y\u00fczde 49,2\u2019a y\u00fckseliyor.<\/p>\n<figure class=\"wp-block-image size-full\"><img loading=\"lazy\" decoding=\"async\" class=\"wp-image-1105133\" src=\"https:\/\/www.diken.com.tr\/wp-content\/uploads\/2022\/04\/20220407-yoneylem-anket-cumhurbaskanligi.png\" sizes=\"auto, (max-width: 794px) 100vw, 794px\" srcset=\"https:\/\/www.diken.com.tr\/wp-content\/uploads\/2022\/04\/20220407-yoneylem-anket-cumhurbaskanligi.png 794w, https:\/\/www.diken.com.tr\/wp-content\/uploads\/2022\/04\/20220407-yoneylem-anket-cumhurbaskanligi-300x124.png 300w, https:\/\/www.diken.com.tr\/wp-content\/uploads\/2022\/04\/20220407-yoneylem-anket-cumhurbaskanligi-768x318.png 768w\" alt=\"\" width=\"794\" height=\"329\" \/><\/figure>\n<h4>Se\u00e7im g\u00fcvenli\u011fi<\/h4>\n<p>Ankete kat\u0131lanlar\u0131n y\u00fczde 52,4\u2019\u00fc se\u00e7im g\u00fcvenli\u011finin yeterli derecede sa\u011flanamayaca\u011f\u0131 konusunda endi\u015feli. Y\u00fczde 42,2\u2019lik kesimse\u00a0<strong>\u201cBu konuda sorun yok\u201d\u00a0<\/strong>diyor.<\/p>\n<figure class=\"wp-block-image size-full\"><img loading=\"lazy\" decoding=\"async\" class=\"wp-image-1105136\" src=\"https:\/\/www.diken.com.tr\/wp-content\/uploads\/2022\/04\/20220407-yoneylem-secim-guvenligi-anket.png\" sizes=\"auto, (max-width: 770px) 100vw, 770px\" srcset=\"https:\/\/www.diken.com.tr\/wp-content\/uploads\/2022\/04\/20220407-yoneylem-secim-guvenligi-anket.png 770w, https:\/\/www.diken.com.tr\/wp-content\/uploads\/2022\/04\/20220407-yoneylem-secim-guvenligi-anket-300x180.png 300w, https:\/\/www.diken.com.tr\/wp-content\/uploads\/2022\/04\/20220407-yoneylem-secim-guvenligi-anket-768x462.png 768w\" alt=\"\" width=\"770\" height=\"463\" \/><\/figure>\n<h4>Ayn\u0131 \u015firketin \u00f6nceki anketi<\/h4>\n<p>Y\u00f6neylem\u2019in 3-6 Mart\u2019ta d\u00fczenledi\u011fi ankette y\u00fczde 32 oy oran\u0131na sahip AKP\u2019yle CHP aras\u0131ndaki fark y\u00fczde 2\u2019nin alt\u0131na\u00a0<a href=\"https:\/\/www.diken.com.tr\/anket-akpyle-chp-arasindaki-fark-yuzde-2nin-altinda\/\" target=\"_blank\" rel=\"noreferrer noopener\">inmi\u015fti.<\/a>\u00a0Ankette\u00a0\u0130Y\u0130 Parti 12,9 HDP y\u00fczde 9,8, MHP y\u00fczde 6,9, Deva Partisi y\u00fczde 2,8, Saadet Partisi y\u00fczde 1, T\u00fcrkiye \u0130\u015f\u00e7i Partisi y\u00fczde 1, Gelecek Partisi y\u00fczde 0,4 \u00f6l\u00e7\u00fclm\u00fc\u015ft\u00fc.<\/p>\n<h4>Di\u011fer anketler ne diyor?<\/h4>\n<p>MetroPOLL ara\u015ft\u0131rman\u0131n mart anketine g\u00f6re Ukrayna krizinde AKP\u2019nin arabulucu rol\u00fcne soyunmas\u0131 oylar\u0131 art\u0131rd\u0131. Ankette AKP\u2019nin oy oran\u0131 karars\u0131zlar ve protesto oylar da\u011f\u0131t\u0131ld\u0131ktan sonra y\u00fczde 34,3 oldu. CHP\u2019nin oy oran\u0131ysa y\u00fczde 24,1 oldu. Ankette \u0130Y\u0130 Parti y\u00fczde 16,1, HDP y\u00fczde 13, MHP y\u00fczde 4,9, DEVA Partisi y\u00fczde 2,2, Saadet Partisi y\u00fczde 1,4, Yeniden Refah Partisi y\u00fczde 1,2, Gelecek Partisi y\u00fczde 0,7 olarak\u00a0<a href=\"https:\/\/www.diken.com.tr\/anket-ukrayna-savasi-akpnin-oyunu-artirdi\/\" target=\"_blank\" rel=\"noreferrer noopener\">\u00f6l\u00e7\u00fcld\u00fc.<\/a><\/p>\n<p>MAK Ara\u015ft\u0131rma\u2019n\u0131n martta 5 bin 750 ki\u015fiyle 30\u2019u b\u00fcy\u00fck\u015fehir 64 ilde d\u00fczenledi\u011fi se\u00e7im anketine g\u00f6re karars\u0131zlar da\u011f\u0131t\u0131ld\u0131\u011f\u0131nda AKP y\u00fczde 30,4, CHP y\u00fczde 26,2, \u0130Y\u0130 Parti y\u00fczde 14,8, HDP y\u00fczde 8,8, MHP y\u00fczde 7,1\u2019lik oy oran\u0131nda\u00a0<a href=\"https:\/\/www.diken.com.tr\/anket-akpdeki-erime-suruyor-kararsizlar-muhalefete-daha-yakin\/\" target=\"_blank\" rel=\"noreferrer noopener\">\u00f6l\u00e7\u00fclm\u00fc\u015ft\u00fc.<\/a><\/p>\n<p>ORC Ara\u015ft\u0131rma\u2019n\u0131n 6-13 Mart aras\u0131nda 41 ilden 7 bin 290 kat\u0131l\u0131mc\u0131yla d\u00fczenledi\u011fi ankette AKP\u2019nin y\u00fczde 28,1 oy oran\u0131na d\u00fc\u015ft\u00fc\u011f\u00fc\u00a0<a href=\"https:\/\/www.diken.com.tr\/orc-anketi-akp-yuzde-30un-altina-dustu\/\" target=\"_blank\" rel=\"noreferrer noopener\">g\u00f6r\u00fclm\u00fc\u015ft\u00fc.<\/a><\/p>\n<p>Gezici Ara\u015ft\u0131rma\u2019n\u0131n 26-28 \u015eubat\u2019ta 22 kentteki 75 il\u00e7eden 2 bin 368 ki\u015fiyle yapt\u0131\u011f\u0131 ankette kat\u0131l\u0131mc\u0131lar\u0131n y\u00fczde 30,4\u2019\u00fc AKP, y\u00fczde 28,2\u2019si CHP\u2019yi se\u00e7mi\u015fti. \u0130Y\u0130 Parti\u2019nin oyu y\u00fczde 11,3, HDP y\u00fczde 10,1, MHP y\u00fczde 9,2 \u00e7\u0131km\u0131\u015ft\u0131.<\/p>\n<p><em><strong>https:\/\/www.diken.com.tr\/anket-akp-mhp-yuzde-40a-ulasamiyor\/\u00a0<\/strong><\/em><\/p>\n","protected":false},"excerpt":{"rendered":"<p>Y\u00f6neylem\u2019in anketine g\u00f6re y\u00fczde 31,2 oy oran\u0131na sahip AKP\u2019yle CHP aras\u0131ndaki fark y\u00fczde 2,6\u2019ya indi. Verilere g\u00f6re AKP\u2019nin ittifak orta\u011f\u0131 MHP\u2019yle birlikte y\u00fczde 40\u2019a ula\u015famad\u0131\u011f\u0131 g\u00f6r\u00fcl\u00fcyor. Ankete kat\u0131lanlar\u0131n y\u00fczde 90\u2019a yak\u0131n\u0131 T\u00fcrkiye\u2019nin ge\u00e7en seneye g\u00f6re daha k\u00f6t\u00fc durumda oldu\u011funu s\u00f6yledi. &nbsp; Se\u00e7imler. Foto\u011fraf: Reuters Genel se\u00e7ime 15 ay var. Muhalefetteki partiler erken se\u00e7im isterken iktidar [&hellip;]<\/p>\n","protected":false},"author":7,"featured_media":67880,"comment_status":"open","ping_status":"open","sticky":false,"template":"","format":"standard","meta":{"footnotes":""},"categories":[1],"tags":[],"class_list":["post-67879","post","type-post","status-publish","format-standard","has-post-thumbnail","hentry","category-haberler"],"yoast_head":"<!-- This site is optimized with the Yoast SEO plugin v27.4 - https:\/\/yoast.com\/product\/yoast-seo-wordpress\/ -->\n<title>Anket: AKP-MHP y\u00fczde 40\u2019a ula\u015fam\u0131yor - Bati Ermenistan Ve Bati Ermenileri Sorunlari Ara\u015ftirmalar Merkezi<\/title>\n<meta name=\"robots\" content=\"index, follow, max-snippet:-1, max-image-preview:large, max-video-preview:-1\" \/>\n<link rel=\"canonical\" href=\"https:\/\/akunq.net\/tr\/?p=67879\" \/>\n<meta property=\"og:locale\" content=\"en_US\" \/>\n<meta property=\"og:type\" content=\"article\" \/>\n<meta property=\"og:title\" content=\"Anket: AKP-MHP y\u00fczde 40\u2019a ula\u015fam\u0131yor - Bati Ermenistan Ve Bati Ermenileri Sorunlari Ara\u015ftirmalar Merkezi\" \/>\n<meta property=\"og:description\" content=\"Y\u00f6neylem\u2019in anketine g\u00f6re y\u00fczde 31,2 oy oran\u0131na sahip AKP\u2019yle CHP aras\u0131ndaki fark y\u00fczde 2,6\u2019ya indi. Verilere g\u00f6re AKP\u2019nin ittifak orta\u011f\u0131 MHP\u2019yle birlikte y\u00fczde 40\u2019a ula\u015famad\u0131\u011f\u0131 g\u00f6r\u00fcl\u00fcyor. Ankete kat\u0131lanlar\u0131n y\u00fczde 90\u2019a yak\u0131n\u0131 T\u00fcrkiye\u2019nin ge\u00e7en seneye g\u00f6re daha k\u00f6t\u00fc durumda oldu\u011funu s\u00f6yledi. &nbsp; Se\u00e7imler. Foto\u011fraf: Reuters Genel se\u00e7ime 15 ay var. Muhalefetteki partiler erken se\u00e7im isterken iktidar [&hellip;]\" \/>\n<meta property=\"og:url\" content=\"https:\/\/akunq.net\/tr\/?p=67879\" \/>\n<meta property=\"og:site_name\" content=\"Bati Ermenistan Ve Bati Ermenileri Sorunlari Ara\u015ftirmalar Merkezi\" \/>\n<meta property=\"article:published_time\" content=\"2022-04-08T11:07:01+00:00\" \/>\n<meta property=\"og:image\" content=\"https:\/\/akunq.net\/tr\/wp-content\/uploads\/sites\/6\/2022\/04\/Sevimsizler.jpg\" \/>\n\t<meta property=\"og:image:width\" content=\"751\" \/>\n\t<meta property=\"og:image:height\" content=\"445\" \/>\n\t<meta property=\"og:image:type\" content=\"image\/jpeg\" \/>\n<meta name=\"author\" content=\"admin\" \/>\n<meta name=\"twitter:card\" content=\"summary_large_image\" \/>\n<meta name=\"twitter:label1\" content=\"Written by\" \/>\n\t<meta name=\"twitter:data1\" content=\"admin\" \/>\n\t<meta name=\"twitter:label2\" content=\"Est. reading time\" \/>\n\t<meta name=\"twitter:data2\" content=\"4 minutes\" \/>\n<script type=\"application\/ld+json\" class=\"yoast-schema-graph\">{\"@context\":\"https:\\\/\\\/schema.org\",\"@graph\":[{\"@type\":\"Article\",\"@id\":\"https:\\\/\\\/akunq.net\\\/tr\\\/?p=67879#article\",\"isPartOf\":{\"@id\":\"https:\\\/\\\/akunq.net\\\/tr\\\/?p=67879\"},\"author\":{\"name\":\"admin\",\"@id\":\"https:\\\/\\\/akunq.net\\\/tr\\\/#\\\/schema\\\/person\\\/096f1d38a12cce57fb855b485ed24c9e\"},\"headline\":\"Anket: AKP-MHP y\u00fczde 40\u2019a ula\u015fam\u0131yor\",\"datePublished\":\"2022-04-08T11:07:01+00:00\",\"mainEntityOfPage\":{\"@id\":\"https:\\\/\\\/akunq.net\\\/tr\\\/?p=67879\"},\"wordCount\":800,\"commentCount\":0,\"image\":{\"@id\":\"https:\\\/\\\/akunq.net\\\/tr\\\/?p=67879#primaryimage\"},\"thumbnailUrl\":\"https:\\\/\\\/akunq.net\\\/tr\\\/wp-content\\\/uploads\\\/sites\\\/6\\\/2022\\\/04\\\/Sevimsizler.jpg\",\"articleSection\":[\"Haberler\"],\"inLanguage\":\"en-US\",\"potentialAction\":[{\"@type\":\"CommentAction\",\"name\":\"Comment\",\"target\":[\"https:\\\/\\\/akunq.net\\\/tr\\\/?p=67879#respond\"]}]},{\"@type\":\"WebPage\",\"@id\":\"https:\\\/\\\/akunq.net\\\/tr\\\/?p=67879\",\"url\":\"https:\\\/\\\/akunq.net\\\/tr\\\/?p=67879\",\"name\":\"Anket: AKP-MHP y\u00fczde 40\u2019a ula\u015fam\u0131yor - Bati Ermenistan Ve Bati Ermenileri Sorunlari Ara\u015ftirmalar Merkezi\",\"isPartOf\":{\"@id\":\"https:\\\/\\\/akunq.net\\\/tr\\\/#website\"},\"primaryImageOfPage\":{\"@id\":\"https:\\\/\\\/akunq.net\\\/tr\\\/?p=67879#primaryimage\"},\"image\":{\"@id\":\"https:\\\/\\\/akunq.net\\\/tr\\\/?p=67879#primaryimage\"},\"thumbnailUrl\":\"https:\\\/\\\/akunq.net\\\/tr\\\/wp-content\\\/uploads\\\/sites\\\/6\\\/2022\\\/04\\\/Sevimsizler.jpg\",\"datePublished\":\"2022-04-08T11:07:01+00:00\",\"author\":{\"@id\":\"https:\\\/\\\/akunq.net\\\/tr\\\/#\\\/schema\\\/person\\\/096f1d38a12cce57fb855b485ed24c9e\"},\"breadcrumb\":{\"@id\":\"https:\\\/\\\/akunq.net\\\/tr\\\/?p=67879#breadcrumb\"},\"inLanguage\":\"en-US\",\"potentialAction\":[{\"@type\":\"ReadAction\",\"target\":[\"https:\\\/\\\/akunq.net\\\/tr\\\/?p=67879\"]}]},{\"@type\":\"ImageObject\",\"inLanguage\":\"en-US\",\"@id\":\"https:\\\/\\\/akunq.net\\\/tr\\\/?p=67879#primaryimage\",\"url\":\"https:\\\/\\\/akunq.net\\\/tr\\\/wp-content\\\/uploads\\\/sites\\\/6\\\/2022\\\/04\\\/Sevimsizler.jpg\",\"contentUrl\":\"https:\\\/\\\/akunq.net\\\/tr\\\/wp-content\\\/uploads\\\/sites\\\/6\\\/2022\\\/04\\\/Sevimsizler.jpg\",\"width\":751,\"height\":445},{\"@type\":\"BreadcrumbList\",\"@id\":\"https:\\\/\\\/akunq.net\\\/tr\\\/?p=67879#breadcrumb\",\"itemListElement\":[{\"@type\":\"ListItem\",\"position\":1,\"name\":\"Home\",\"item\":\"https:\\\/\\\/akunq.net\\\/tr\"},{\"@type\":\"ListItem\",\"position\":2,\"name\":\"Anket: AKP-MHP y\u00fczde 40\u2019a ula\u015fam\u0131yor\"}]},{\"@type\":\"WebSite\",\"@id\":\"https:\\\/\\\/akunq.net\\\/tr\\\/#website\",\"url\":\"https:\\\/\\\/akunq.net\\\/tr\\\/\",\"name\":\"Bati Ermenistan Ve Bati Ermenileri Sorunlari Ara\u015ftirmalar Merkezi\",\"description\":\"\",\"potentialAction\":[{\"@type\":\"SearchAction\",\"target\":{\"@type\":\"EntryPoint\",\"urlTemplate\":\"https:\\\/\\\/akunq.net\\\/tr\\\/?s={search_term_string}\"},\"query-input\":{\"@type\":\"PropertyValueSpecification\",\"valueRequired\":true,\"valueName\":\"search_term_string\"}}],\"inLanguage\":\"en-US\"},{\"@type\":\"Person\",\"@id\":\"https:\\\/\\\/akunq.net\\\/tr\\\/#\\\/schema\\\/person\\\/096f1d38a12cce57fb855b485ed24c9e\",\"name\":\"admin\",\"url\":\"https:\\\/\\\/akunq.net\\\/tr\\\/?author=7\"}]}<\/script>\n<!-- \/ Yoast SEO plugin. -->","yoast_head_json":{"title":"Anket: AKP-MHP y\u00fczde 40\u2019a ula\u015fam\u0131yor - Bati Ermenistan Ve Bati Ermenileri Sorunlari Ara\u015ftirmalar Merkezi","robots":{"index":"index","follow":"follow","max-snippet":"max-snippet:-1","max-image-preview":"max-image-preview:large","max-video-preview":"max-video-preview:-1"},"canonical":"https:\/\/akunq.net\/tr\/?p=67879","og_locale":"en_US","og_type":"article","og_title":"Anket: AKP-MHP y\u00fczde 40\u2019a ula\u015fam\u0131yor - Bati Ermenistan Ve Bati Ermenileri Sorunlari Ara\u015ftirmalar Merkezi","og_description":"Y\u00f6neylem\u2019in anketine g\u00f6re y\u00fczde 31,2 oy oran\u0131na sahip AKP\u2019yle CHP aras\u0131ndaki fark y\u00fczde 2,6\u2019ya indi. Verilere g\u00f6re AKP\u2019nin ittifak orta\u011f\u0131 MHP\u2019yle birlikte y\u00fczde 40\u2019a ula\u015famad\u0131\u011f\u0131 g\u00f6r\u00fcl\u00fcyor. Ankete kat\u0131lanlar\u0131n y\u00fczde 90\u2019a yak\u0131n\u0131 T\u00fcrkiye\u2019nin ge\u00e7en seneye g\u00f6re daha k\u00f6t\u00fc durumda oldu\u011funu s\u00f6yledi. &nbsp; Se\u00e7imler. Foto\u011fraf: Reuters Genel se\u00e7ime 15 ay var. Muhalefetteki partiler erken se\u00e7im isterken iktidar [&hellip;]","og_url":"https:\/\/akunq.net\/tr\/?p=67879","og_site_name":"Bati Ermenistan Ve Bati Ermenileri Sorunlari Ara\u015ftirmalar Merkezi","article_published_time":"2022-04-08T11:07:01+00:00","og_image":[{"width":751,"height":445,"url":"https:\/\/akunq.net\/tr\/wp-content\/uploads\/sites\/6\/2022\/04\/Sevimsizler.jpg","type":"image\/jpeg"}],"author":"admin","twitter_card":"summary_large_image","twitter_misc":{"Written by":"admin","Est. reading time":"4 minutes"},"schema":{"@context":"https:\/\/schema.org","@graph":[{"@type":"Article","@id":"https:\/\/akunq.net\/tr\/?p=67879#article","isPartOf":{"@id":"https:\/\/akunq.net\/tr\/?p=67879"},"author":{"name":"admin","@id":"https:\/\/akunq.net\/tr\/#\/schema\/person\/096f1d38a12cce57fb855b485ed24c9e"},"headline":"Anket: AKP-MHP y\u00fczde 40\u2019a ula\u015fam\u0131yor","datePublished":"2022-04-08T11:07:01+00:00","mainEntityOfPage":{"@id":"https:\/\/akunq.net\/tr\/?p=67879"},"wordCount":800,"commentCount":0,"image":{"@id":"https:\/\/akunq.net\/tr\/?p=67879#primaryimage"},"thumbnailUrl":"https:\/\/akunq.net\/tr\/wp-content\/uploads\/sites\/6\/2022\/04\/Sevimsizler.jpg","articleSection":["Haberler"],"inLanguage":"en-US","potentialAction":[{"@type":"CommentAction","name":"Comment","target":["https:\/\/akunq.net\/tr\/?p=67879#respond"]}]},{"@type":"WebPage","@id":"https:\/\/akunq.net\/tr\/?p=67879","url":"https:\/\/akunq.net\/tr\/?p=67879","name":"Anket: AKP-MHP y\u00fczde 40\u2019a ula\u015fam\u0131yor - Bati Ermenistan Ve Bati Ermenileri Sorunlari Ara\u015ftirmalar Merkezi","isPartOf":{"@id":"https:\/\/akunq.net\/tr\/#website"},"primaryImageOfPage":{"@id":"https:\/\/akunq.net\/tr\/?p=67879#primaryimage"},"image":{"@id":"https:\/\/akunq.net\/tr\/?p=67879#primaryimage"},"thumbnailUrl":"https:\/\/akunq.net\/tr\/wp-content\/uploads\/sites\/6\/2022\/04\/Sevimsizler.jpg","datePublished":"2022-04-08T11:07:01+00:00","author":{"@id":"https:\/\/akunq.net\/tr\/#\/schema\/person\/096f1d38a12cce57fb855b485ed24c9e"},"breadcrumb":{"@id":"https:\/\/akunq.net\/tr\/?p=67879#breadcrumb"},"inLanguage":"en-US","potentialAction":[{"@type":"ReadAction","target":["https:\/\/akunq.net\/tr\/?p=67879"]}]},{"@type":"ImageObject","inLanguage":"en-US","@id":"https:\/\/akunq.net\/tr\/?p=67879#primaryimage","url":"https:\/\/akunq.net\/tr\/wp-content\/uploads\/sites\/6\/2022\/04\/Sevimsizler.jpg","contentUrl":"https:\/\/akunq.net\/tr\/wp-content\/uploads\/sites\/6\/2022\/04\/Sevimsizler.jpg","width":751,"height":445},{"@type":"BreadcrumbList","@id":"https:\/\/akunq.net\/tr\/?p=67879#breadcrumb","itemListElement":[{"@type":"ListItem","position":1,"name":"Home","item":"https:\/\/akunq.net\/tr"},{"@type":"ListItem","position":2,"name":"Anket: AKP-MHP y\u00fczde 40\u2019a ula\u015fam\u0131yor"}]},{"@type":"WebSite","@id":"https:\/\/akunq.net\/tr\/#website","url":"https:\/\/akunq.net\/tr\/","name":"Bati Ermenistan Ve Bati Ermenileri Sorunlari Ara\u015ftirmalar Merkezi","description":"","potentialAction":[{"@type":"SearchAction","target":{"@type":"EntryPoint","urlTemplate":"https:\/\/akunq.net\/tr\/?s={search_term_string}"},"query-input":{"@type":"PropertyValueSpecification","valueRequired":true,"valueName":"search_term_string"}}],"inLanguage":"en-US"},{"@type":"Person","@id":"https:\/\/akunq.net\/tr\/#\/schema\/person\/096f1d38a12cce57fb855b485ed24c9e","name":"admin","url":"https:\/\/akunq.net\/tr\/?author=7"}]}},"_links":{"self":[{"href":"https:\/\/akunq.net\/tr\/index.php?rest_route=\/wp\/v2\/posts\/67879","targetHints":{"allow":["GET"]}}],"collection":[{"href":"https:\/\/akunq.net\/tr\/index.php?rest_route=\/wp\/v2\/posts"}],"about":[{"href":"https:\/\/akunq.net\/tr\/index.php?rest_route=\/wp\/v2\/types\/post"}],"author":[{"embeddable":true,"href":"https:\/\/akunq.net\/tr\/index.php?rest_route=\/wp\/v2\/users\/7"}],"replies":[{"embeddable":true,"href":"https:\/\/akunq.net\/tr\/index.php?rest_route=%2Fwp%2Fv2%2Fcomments&post=67879"}],"version-history":[{"count":1,"href":"https:\/\/akunq.net\/tr\/index.php?rest_route=\/wp\/v2\/posts\/67879\/revisions"}],"predecessor-version":[{"id":67881,"href":"https:\/\/akunq.net\/tr\/index.php?rest_route=\/wp\/v2\/posts\/67879\/revisions\/67881"}],"wp:featuredmedia":[{"embeddable":true,"href":"https:\/\/akunq.net\/tr\/index.php?rest_route=\/wp\/v2\/media\/67880"}],"wp:attachment":[{"href":"https:\/\/akunq.net\/tr\/index.php?rest_route=%2Fwp%2Fv2%2Fmedia&parent=67879"}],"wp:term":[{"taxonomy":"category","embeddable":true,"href":"https:\/\/akunq.net\/tr\/index.php?rest_route=%2Fwp%2Fv2%2Fcategories&post=67879"},{"taxonomy":"post_tag","embeddable":true,"href":"https:\/\/akunq.net\/tr\/index.php?rest_route=%2Fwp%2Fv2%2Ftags&post=67879"}],"curies":[{"name":"wp","href":"https:\/\/api.w.org\/{rel}","templated":true}]}}