{"id":67873,"date":"2022-04-08T05:48:13","date_gmt":"2022-04-08T10:48:13","guid":{"rendered":"https:\/\/akunq.net\/tr\/?p=67873"},"modified":"2022-04-08T05:48:13","modified_gmt":"2022-04-08T10:48:13","slug":"kurtce-muzik-dinleyip-halay-ceken-ogrenciler-darp-edildi-korkutulan-kimi-ogrenciler-karamani-terk-etti","status":"publish","type":"post","link":"https:\/\/akunq.net\/tr\/?p=67873","title":{"rendered":"K\u00fcrt\u00e7e m\u00fczik dinleyip halay \u00e7eken \u00f6\u011frenciler darp edildi\u2026 Korkutulan kimi \u00f6\u011frenciler Karaman&#8217;\u0131 terk etti"},"content":{"rendered":"<section class=\"entry-article-topper\">\n<div class=\"grid-x grid-margin-x\">\n<div class=\"cell\">\n<div class=\"entry-header clearfix \">\n<div class=\"entry-subtitle\">\n<p><em><strong>Kendilerine Karamano\u011flu Mehmetbey \u00dclk\u00fcc\u00fcleri ad\u0131 verilen grubun sald\u0131r\u0131s\u0131na u\u011frayan kimi \u00f6\u011frencilerin psikolojileri bozuldu ve \u015fehri terk etti. Valilik olaya el koydu. Vali I\u015f\u0131k&#8217;\u0131n toplant\u0131 yaparak, olay\u0131n kabul edilemez oldu\u011funu belirtti\u011fi \u00f6\u011frenildi.<\/strong><\/em><\/p>\n<\/div>\n<div class=\"entry-meta-wrapper\">\n<div class=\"grid-x align-justify align-middle\">\n<div class=\"cell shrink\">\n<div class=\"entry-meta\">\n<div class=\"entry-meta-field entry-meta-author\"><strong><a href=\"https:\/\/www.indyturk.com\/taxonomy\/term\/68891\">Can Bursal\u0131\u00a0<\/a><\/strong><time><\/time><\/div>\n<\/div>\n<\/div>\n<div class=\"cell large-shrink\">\n<div class=\"share-block\">\n<div class=\"socials-btns\">\n<div class=\"addthis_inline_share_toolbox\" data-url=\"https:\/\/www.indyturk.com\/node\/494921\" data-title=\"K\u00fcrt\u00e7e m\u00fczik dinleyip halay \u00e7eken \u00f6\u011frenciler darp edildi\u2026 Korkutulan kimi \u00f6\u011frenciler Karaman'\u0131 terk etti\" data-description=\"Karaman'da bulunan Karamano\u011flu Mehmetbey \u00dcniversitesi'nde, K\u00fcrt\u00e7e m\u00fczik dinleyip halay \u00e7eken \u00f6\u011frenciler, kendilerine Karamano\u011flu Mehmetbey \u00dclk\u00fcc\u00fcleri ad\u0131n\u0131 veren bir grup taraf\u0131ndan sald\u0131r\u0131ya u\u011frad\u0131. Bir depoya kilitlenerek darp edilen \u00f6\u011frencilerin, Karaman'\u0131 terk ederek memleketlerine d\u00f6nmek zorunda kald\u0131\u011f\u0131 \u00f6\u011frenildi. Depoda darp Sald\u0131r\u0131, 1 Nisan'da ya\u015fand\u0131. 31 Mart'ta Karamano\u011flu Mehmetbey \u00dcniversitesi'nde bulunan Kredi ve Yurtlar Kurumu (KYK) yurdunda, K\u00fcrt \u00f6\u011frenciler K\u00fcrt\u00e7e m\u00fczik dinledi ve halay \u00e7ekti.\">\n<div id=\"atstbx\" class=\"at-resp-share-element at-style-responsive addthis-smartlayers addthis-animated at4-show\" role=\"region\" aria-labelledby=\"at-5107a301-1ffc-42e0-a8a6-f7507a569d23\"><span id=\"at-5107a301-1ffc-42e0-a8a6-f7507a569d23\" class=\"at4-visually-hidden\"><\/span><\/p>\n<div class=\"at-share-btn-elements\"><\/div>\n<\/div>\n<\/div>\n<\/div>\n<\/div>\n<div class=\"follow-block\"><\/div>\n<\/div>\n<\/div>\n<\/div>\n<\/div>\n<div class=\"entry-media\">\n<div class=\"entry-media-inner-img\"><img decoding=\"async\" class=\"lazy fill-content abs-element\" src=\"https:\/\/www.indyturk.com\/sites\/default\/files\/styles\/1368x911\/public\/article\/main_image\/2022\/04\/07\/906921-557580845.jpg?itok=KTmPUZfs\" \/><\/div>\n<div class=\"caption-field\">\n<p><em>Karamano\u011flu Mehmetbey \u00dcniversitesi \/ Foto\u011fraf: kmu.edu.tr<\/em><\/p>\n<\/div>\n<\/div>\n<\/div>\n<\/div>\n<\/section>\n<div class=\"grid-container\">\n<article class=\"entry-article\">\n<div class=\"grid-x align-justify\">\n<div class=\"content-wrap-holder cell\">\n<div class=\"region region-content\">\n<div id=\"block-system-main\" class=\"block block-system\">\n<div class=\"content\">\n<div class=\"content-wrap\">\n<div class=\"printable-area page-taxonomy-term-16\" dir=\"ltr\">\n<div class=\"entry-content\" data-io-article-url=\"https:\/\/www.indyturk.com\/node\/494921\/haber\/k%C3%BCrt%C3%A7e-m%C3%BCzik-dinleyip-halay-%C3%A7eken-%C3%B6%C4%9Frenciler-darp-edildi%E2%80%A6-korkutulan-kimi\">\n<div class=\"field field-name-body field-type-text-with-summary field-label-hidden\">\n<div class=\"field-items\">\n<div class=\"field-item even\">\n<p>Karaman&#8217;da bulunan Karamano\u011flu Mehmetbey \u00dcniversitesi&#8217;nde, K\u00fcrt\u00e7e m\u00fczik dinleyip halay \u00e7eken \u00f6\u011frenciler, kendilerine Karamano\u011flu Mehmetbey \u00dclk\u00fcc\u00fcleri ad\u0131n\u0131 veren bir grup taraf\u0131ndan sald\u0131r\u0131ya u\u011frad\u0131.<\/p>\n<p>Bir depoya kilitlenerek darp edilen \u00f6\u011frencilerin, Karaman&#8217;\u0131 terk ederek memleketlerine d\u00f6nmek zorunda kald\u0131\u011f\u0131 \u00f6\u011frenildi.<\/p>\n<p><strong>Depoda darp<\/strong><\/p>\n<p>Sald\u0131r\u0131, 1 Nisan&#8217;da ya\u015fand\u0131. 31 Mart&#8217;ta Karamano\u011flu Mehmetbey \u00dcniversitesi&#8217;nde bulunan Kredi ve Yurtlar Kurumu (KYK) yurdunda, K\u00fcrt \u00f6\u011frenciler K\u00fcrt\u00e7e m\u00fczik dinledi ve halay \u00e7ekti.<\/p>\n<p>Halay \u00e7eken \u00f6\u011frencilerin bir b\u00f6l\u00fcm\u00fc, iddiaya g\u00f6re ertesi g\u00fcn kendilerine Karamano\u011flu Mehmetbey \u00dclk\u00fcc\u00fcleri ad\u0131n\u0131 veren bir grup taraf\u0131ndan bir depoya sokularak darp edildi.<\/p>\n<p><strong>Telefonlar\u0131na el konuldu<\/strong><\/p>\n<p>Darp edilen \u00f6\u011frencilerin telefonlar\u0131na da el konularak, sosyal medyadan payla\u015f\u0131m yap\u0131ld\u0131. Payla\u015f\u0131mda, &#8220;D\u00fcn gece yapt\u0131\u011f\u0131m\u0131z ahlaks\u0131zca K\u00fcrt\u00e7e halay \u00e7ekti\u011fimizden dolay\u0131, MUKADDES T\u00dcRK Halk\u0131ndan ve Karamano\u011flu Mehmetbey \u00dcniversitesi&#8217;nin ger\u00e7ek sahibi olan KARAMANO\u011eLU MEHMETBEY \u00dcN\u0130VERS\u0130TES\u0130 \u00dcLK\u00dcC\u00dcLER\u0130NDEN \u00f6z\u00fcr dileriz&#8221; ifadeleri yer ald\u0131.<\/p>\n<div class=\"dnd-widget-wrapper context-custom_image type-image\">\n<div class=\"dnd-caption-wrapper\">\n<div class=\"meta\">Darp edilen \u00f6\u011frencilerin telefonuna el konuldu, sosyal medyadan payla\u015f\u0131m yap\u0131ld\u0131 \/ G\u00f6rsel: Independent T\u00fcrk\u00e7e<\/div>\n<\/div>\n<\/div>\n<p><strong>Darp edilen \u00f6\u011frencilerden biri Karaman&#8217;\u0131 terk etti<\/strong><\/p>\n<p>Darp edilen \u00f6\u011frencilerden birine Independent T\u00fcrk\u00e7e ula\u015ft\u0131. \u0130smini vermek istemeyen \u00f6\u011frenci, psikolojisinin \u00e7ok bozuk oldu\u011fu i\u00e7in\u00a0Karaman&#8217;\u0131 terk ederek memleketine d\u00f6nd\u00fc\u011f\u00fcn\u00fc ifade etti.<\/p>\n<p><strong>Vali m\u00fcdahale etti<\/strong><\/p>\n<p>Edinilen bilgilere g\u00f6re\u00a0Karaman Valisi Mehmet Alpaslan I\u015f\u0131k, sald\u0131r\u0131dan haberdar olunca ilgili kurumlar ve temsilcileriyle toplant\u0131 yapt\u0131 ve &#8220;olay\u0131n kabul edilemez&#8221; oldu\u011funu belirtti.<\/p>\n<p><strong>Rekt\u00f6rden \u00dclk\u00fc Ocaklar\u0131&#8217;na &#8216;uyar\u0131&#8217; ziyareti<\/strong><\/p>\n<p>Karamano\u011flu Mehmetbey \u00dcniversitesi Rekt\u00f6r\u00fc Prof. Dr. Nam\u0131k Ak da, d\u00fcn (6 Nisan 2022) Karaman \u00dclk\u00fc Ocaklar\u0131&#8217;n\u0131 ziyaret etti.<\/p>\n<p>Karaman \u00dclk\u00fc Ocaklar\u0131&#8217;n\u0131n Twitter hesab\u0131ndan yap\u0131lan payla\u015f\u0131mda, Rekt\u00f6r Ak&#8217;\u0131n ziyaretine vurgu yap\u0131ld\u0131.<\/p>\n<p>Ancak ziyaretin, ya\u015fanan olay nedeniyle uyar\u0131 ama\u00e7l\u0131 yap\u0131ld\u0131\u011f\u0131 belirtiliyor.<\/p>\n<p><strong>\u00dclk\u00fc Ocaklar\u0131 Ba\u015fkan\u0131&#8217;ndan yan\u0131t yok<\/strong><\/p>\n<p>Sald\u0131r\u0131yla ilgili telefon ve mesajla ula\u015ft\u0131\u011f\u0131m\u0131z Karaman \u00dclk\u00fc Ocaklar\u0131 Ba\u015fkan\u0131 Yusuf Ba\u015fkocagil, yan\u0131t vermedi.<\/p>\n<p><strong>Sald\u0131r\u0131 TBMM g\u00fcndemine ta\u015f\u0131nd\u0131<\/strong><\/p>\n<p>Karaman&#8217;daki sald\u0131r\u0131, T\u00fcrkiye B\u00fcy\u00fck Millet Meclisi Genel Kurulu&#8217;nda da g\u00fcndeme geldi. Halklar\u0131n Demokratik Partisi Kocaeli Milletvekili \u00d6mer Faruk Gergerlio\u011flu, TBMM Genel Kurulu&#8217;ndaki konu\u015fmas\u0131na, olaya de\u011finerek &#8220;K\u00fcrt \u00f6\u011frenciler, K\u00fcrt\u00e7e halay \u00e7ektikleri ve K\u00fcrt\u00e7e \u015fark\u0131 s\u00f6yledikleri i\u00e7in\u00a0\u00fclk\u00fcc\u00fc grup taraf\u0131ndan sald\u0131r\u0131ya u\u011frad\u0131, darp edildiler&#8221; ifadelerini kulland\u0131.<\/p>\n<p>Gergerlio\u011flu, sald\u0131r\u0131ya u\u011frayan \u00f6\u011frencilerden biriyle konu\u015ftu\u011funu da ifade ederek, &#8220;Bu \u00fcniversitedeki \u00f6\u011frenciler maalesef \u00fcniversiteden ayr\u0131lmak zorunda kald\u0131lar, vatan haini ilan edildiler, darp edildiler ve memleketlerine d\u00f6nd\u00fcler. Ben memleketine d\u00f6nen Diyarbak\u0131rl\u0131 bir K\u00fcrt \u00f6\u011frenciyle d\u00fcn g\u00f6r\u00fc\u015ft\u00fcm. Neden d\u00f6nd\u00fcn diye sordum? &#8216;Vekilim, ben art\u0131k Karaman&#8217;a gidemem. Bak\u0131n, bize zorla, tehditle \u00f6z\u00fcr dileten Instagram mesajlar\u0131 payla\u015ft\u0131rd\u0131 bu \u00fclk\u00fcc\u00fc grup. Ben art\u0131k o Karaman&#8217;a gidemem.&#8217; dedi&#8221; \u015feklinde konu\u015ftu.<\/p>\n<p>Gergerlio\u011flu ayr\u0131ca, olay\u0131n ara\u015ft\u0131r\u0131lmas\u0131 istemiyle soru \u00f6nergesi verdi.<\/p>\n<p><em><strong>https:\/\/www.indyturk.com\/node\/494921\/haber\/k%C3%BCrt%C3%A7e-m%C3%BCzik-dinleyip-halay-%C3%A7eken-%C3%B6%C4%9Frenciler-darp-edildi%E2%80%A6-korkutulan-kimi\u00a0<\/strong><\/em><\/p>\n<p>&nbsp;<\/p>\n<\/div>\n<\/div>\n<\/div>\n<\/div>\n<\/div>\n<\/div>\n<\/div>\n<\/div>\n<\/div>\n<\/div>\n<\/div>\n<\/article>\n<\/div>\n","protected":false},"excerpt":{"rendered":"<p>Kendilerine Karamano\u011flu Mehmetbey \u00dclk\u00fcc\u00fcleri ad\u0131 verilen grubun sald\u0131r\u0131s\u0131na u\u011frayan kimi \u00f6\u011frencilerin psikolojileri bozuldu ve \u015fehri terk etti. Valilik olaya el koydu. Vali I\u015f\u0131k&#8217;\u0131n toplant\u0131 yaparak, olay\u0131n kabul edilemez oldu\u011funu belirtti\u011fi \u00f6\u011frenildi. Can Bursal\u0131\u00a0 Karamano\u011flu Mehmetbey \u00dcniversitesi \/ Foto\u011fraf: kmu.edu.tr Karaman&#8217;da bulunan Karamano\u011flu Mehmetbey \u00dcniversitesi&#8217;nde, K\u00fcrt\u00e7e m\u00fczik dinleyip halay \u00e7eken \u00f6\u011frenciler, kendilerine Karamano\u011flu Mehmetbey \u00dclk\u00fcc\u00fcleri ad\u0131n\u0131 [&hellip;]<\/p>\n","protected":false},"author":7,"featured_media":67874,"comment_status":"open","ping_status":"open","sticky":false,"template":"","format":"standard","meta":{"footnotes":""},"categories":[1,53],"tags":[],"class_list":["post-67873","post","type-post","status-publish","format-standard","has-post-thumbnail","hentry","category-haberler","category-turkiyede-azinliklar"],"yoast_head":"<!-- This site is optimized with the Yoast SEO plugin v27.4 - https:\/\/yoast.com\/product\/yoast-seo-wordpress\/ -->\n<title>K\u00fcrt\u00e7e m\u00fczik dinleyip halay \u00e7eken \u00f6\u011frenciler darp edildi\u2026 Korkutulan kimi \u00f6\u011frenciler Karaman&#039;\u0131 terk etti - Bati Ermenistan Ve Bati Ermenileri Sorunlari Ara\u015ftirmalar Merkezi<\/title>\n<meta name=\"robots\" content=\"index, follow, max-snippet:-1, max-image-preview:large, max-video-preview:-1\" \/>\n<link rel=\"canonical\" href=\"https:\/\/akunq.net\/tr\/?p=67873\" \/>\n<meta property=\"og:locale\" content=\"en_US\" \/>\n<meta property=\"og:type\" content=\"article\" \/>\n<meta property=\"og:title\" content=\"K\u00fcrt\u00e7e m\u00fczik dinleyip halay \u00e7eken \u00f6\u011frenciler darp edildi\u2026 Korkutulan kimi \u00f6\u011frenciler Karaman&#039;\u0131 terk etti - Bati Ermenistan Ve Bati Ermenileri Sorunlari Ara\u015ftirmalar Merkezi\" \/>\n<meta property=\"og:description\" content=\"Kendilerine Karamano\u011flu Mehmetbey \u00dclk\u00fcc\u00fcleri ad\u0131 verilen grubun sald\u0131r\u0131s\u0131na u\u011frayan kimi \u00f6\u011frencilerin psikolojileri bozuldu ve \u015fehri terk etti. Valilik olaya el koydu. Vali I\u015f\u0131k&#8217;\u0131n toplant\u0131 yaparak, olay\u0131n kabul edilemez oldu\u011funu belirtti\u011fi \u00f6\u011frenildi. Can Bursal\u0131\u00a0 Karamano\u011flu Mehmetbey \u00dcniversitesi \/ Foto\u011fraf: kmu.edu.tr Karaman&#8217;da bulunan Karamano\u011flu Mehmetbey \u00dcniversitesi&#8217;nde, K\u00fcrt\u00e7e m\u00fczik dinleyip halay \u00e7eken \u00f6\u011frenciler, kendilerine Karamano\u011flu Mehmetbey \u00dclk\u00fcc\u00fcleri ad\u0131n\u0131 [&hellip;]\" \/>\n<meta property=\"og:url\" content=\"https:\/\/akunq.net\/tr\/?p=67873\" \/>\n<meta property=\"og:site_name\" content=\"Bati Ermenistan Ve Bati Ermenileri Sorunlari Ara\u015ftirmalar Merkezi\" \/>\n<meta property=\"article:published_time\" content=\"2022-04-08T10:48:13+00:00\" \/>\n<meta property=\"og:image\" content=\"https:\/\/akunq.net\/tr\/wp-content\/uploads\/sites\/6\/2022\/04\/Karamano\u011flu.jpg\" \/>\n\t<meta property=\"og:image:width\" content=\"1368\" \/>\n\t<meta property=\"og:image:height\" content=\"911\" \/>\n\t<meta property=\"og:image:type\" content=\"image\/jpeg\" \/>\n<meta name=\"author\" content=\"admin\" \/>\n<meta name=\"twitter:card\" content=\"summary_large_image\" \/>\n<meta name=\"twitter:label1\" content=\"Written by\" \/>\n\t<meta name=\"twitter:data1\" content=\"admin\" \/>\n\t<meta name=\"twitter:label2\" content=\"Est. reading time\" \/>\n\t<meta name=\"twitter:data2\" content=\"3 minutes\" \/>\n<script type=\"application\/ld+json\" class=\"yoast-schema-graph\">{\"@context\":\"https:\\\/\\\/schema.org\",\"@graph\":[{\"@type\":\"Article\",\"@id\":\"https:\\\/\\\/akunq.net\\\/tr\\\/?p=67873#article\",\"isPartOf\":{\"@id\":\"https:\\\/\\\/akunq.net\\\/tr\\\/?p=67873\"},\"author\":{\"name\":\"admin\",\"@id\":\"https:\\\/\\\/akunq.net\\\/tr\\\/#\\\/schema\\\/person\\\/096f1d38a12cce57fb855b485ed24c9e\"},\"headline\":\"K\u00fcrt\u00e7e m\u00fczik dinleyip halay \u00e7eken \u00f6\u011frenciler darp edildi\u2026 Korkutulan kimi \u00f6\u011frenciler Karaman&#8217;\u0131 terk etti\",\"datePublished\":\"2022-04-08T10:48:13+00:00\",\"mainEntityOfPage\":{\"@id\":\"https:\\\/\\\/akunq.net\\\/tr\\\/?p=67873\"},\"wordCount\":631,\"commentCount\":0,\"image\":{\"@id\":\"https:\\\/\\\/akunq.net\\\/tr\\\/?p=67873#primaryimage\"},\"thumbnailUrl\":\"https:\\\/\\\/akunq.net\\\/tr\\\/wp-content\\\/uploads\\\/sites\\\/6\\\/2022\\\/04\\\/Karamano\u011flu.jpg\",\"articleSection\":[\"Haberler\",\"T\u00fcrkiye\u2019de Az\u0131nl\u0131klar\"],\"inLanguage\":\"en-US\",\"potentialAction\":[{\"@type\":\"CommentAction\",\"name\":\"Comment\",\"target\":[\"https:\\\/\\\/akunq.net\\\/tr\\\/?p=67873#respond\"]}]},{\"@type\":\"WebPage\",\"@id\":\"https:\\\/\\\/akunq.net\\\/tr\\\/?p=67873\",\"url\":\"https:\\\/\\\/akunq.net\\\/tr\\\/?p=67873\",\"name\":\"K\u00fcrt\u00e7e m\u00fczik dinleyip halay \u00e7eken \u00f6\u011frenciler darp edildi\u2026 Korkutulan kimi \u00f6\u011frenciler Karaman'\u0131 terk etti - Bati Ermenistan Ve Bati Ermenileri Sorunlari Ara\u015ftirmalar Merkezi\",\"isPartOf\":{\"@id\":\"https:\\\/\\\/akunq.net\\\/tr\\\/#website\"},\"primaryImageOfPage\":{\"@id\":\"https:\\\/\\\/akunq.net\\\/tr\\\/?p=67873#primaryimage\"},\"image\":{\"@id\":\"https:\\\/\\\/akunq.net\\\/tr\\\/?p=67873#primaryimage\"},\"thumbnailUrl\":\"https:\\\/\\\/akunq.net\\\/tr\\\/wp-content\\\/uploads\\\/sites\\\/6\\\/2022\\\/04\\\/Karamano\u011flu.jpg\",\"datePublished\":\"2022-04-08T10:48:13+00:00\",\"author\":{\"@id\":\"https:\\\/\\\/akunq.net\\\/tr\\\/#\\\/schema\\\/person\\\/096f1d38a12cce57fb855b485ed24c9e\"},\"breadcrumb\":{\"@id\":\"https:\\\/\\\/akunq.net\\\/tr\\\/?p=67873#breadcrumb\"},\"inLanguage\":\"en-US\",\"potentialAction\":[{\"@type\":\"ReadAction\",\"target\":[\"https:\\\/\\\/akunq.net\\\/tr\\\/?p=67873\"]}]},{\"@type\":\"ImageObject\",\"inLanguage\":\"en-US\",\"@id\":\"https:\\\/\\\/akunq.net\\\/tr\\\/?p=67873#primaryimage\",\"url\":\"https:\\\/\\\/akunq.net\\\/tr\\\/wp-content\\\/uploads\\\/sites\\\/6\\\/2022\\\/04\\\/Karamano\u011flu.jpg\",\"contentUrl\":\"https:\\\/\\\/akunq.net\\\/tr\\\/wp-content\\\/uploads\\\/sites\\\/6\\\/2022\\\/04\\\/Karamano\u011flu.jpg\",\"width\":1368,\"height\":911},{\"@type\":\"BreadcrumbList\",\"@id\":\"https:\\\/\\\/akunq.net\\\/tr\\\/?p=67873#breadcrumb\",\"itemListElement\":[{\"@type\":\"ListItem\",\"position\":1,\"name\":\"Home\",\"item\":\"https:\\\/\\\/akunq.net\\\/tr\"},{\"@type\":\"ListItem\",\"position\":2,\"name\":\"K\u00fcrt\u00e7e m\u00fczik dinleyip halay \u00e7eken \u00f6\u011frenciler darp edildi\u2026 Korkutulan kimi \u00f6\u011frenciler Karaman&#8217;\u0131 terk etti\"}]},{\"@type\":\"WebSite\",\"@id\":\"https:\\\/\\\/akunq.net\\\/tr\\\/#website\",\"url\":\"https:\\\/\\\/akunq.net\\\/tr\\\/\",\"name\":\"Bati Ermenistan Ve Bati Ermenileri Sorunlari Ara\u015ftirmalar Merkezi\",\"description\":\"\",\"potentialAction\":[{\"@type\":\"SearchAction\",\"target\":{\"@type\":\"EntryPoint\",\"urlTemplate\":\"https:\\\/\\\/akunq.net\\\/tr\\\/?s={search_term_string}\"},\"query-input\":{\"@type\":\"PropertyValueSpecification\",\"valueRequired\":true,\"valueName\":\"search_term_string\"}}],\"inLanguage\":\"en-US\"},{\"@type\":\"Person\",\"@id\":\"https:\\\/\\\/akunq.net\\\/tr\\\/#\\\/schema\\\/person\\\/096f1d38a12cce57fb855b485ed24c9e\",\"name\":\"admin\",\"url\":\"https:\\\/\\\/akunq.net\\\/tr\\\/?author=7\"}]}<\/script>\n<!-- \/ Yoast SEO plugin. -->","yoast_head_json":{"title":"K\u00fcrt\u00e7e m\u00fczik dinleyip halay \u00e7eken \u00f6\u011frenciler darp edildi\u2026 Korkutulan kimi \u00f6\u011frenciler Karaman'\u0131 terk etti - Bati Ermenistan Ve Bati Ermenileri Sorunlari Ara\u015ftirmalar Merkezi","robots":{"index":"index","follow":"follow","max-snippet":"max-snippet:-1","max-image-preview":"max-image-preview:large","max-video-preview":"max-video-preview:-1"},"canonical":"https:\/\/akunq.net\/tr\/?p=67873","og_locale":"en_US","og_type":"article","og_title":"K\u00fcrt\u00e7e m\u00fczik dinleyip halay \u00e7eken \u00f6\u011frenciler darp edildi\u2026 Korkutulan kimi \u00f6\u011frenciler Karaman'\u0131 terk etti - Bati Ermenistan Ve Bati Ermenileri Sorunlari Ara\u015ftirmalar Merkezi","og_description":"Kendilerine Karamano\u011flu Mehmetbey \u00dclk\u00fcc\u00fcleri ad\u0131 verilen grubun sald\u0131r\u0131s\u0131na u\u011frayan kimi \u00f6\u011frencilerin psikolojileri bozuldu ve \u015fehri terk etti. Valilik olaya el koydu. Vali I\u015f\u0131k&#8217;\u0131n toplant\u0131 yaparak, olay\u0131n kabul edilemez oldu\u011funu belirtti\u011fi \u00f6\u011frenildi. Can Bursal\u0131\u00a0 Karamano\u011flu Mehmetbey \u00dcniversitesi \/ Foto\u011fraf: kmu.edu.tr Karaman&#8217;da bulunan Karamano\u011flu Mehmetbey \u00dcniversitesi&#8217;nde, K\u00fcrt\u00e7e m\u00fczik dinleyip halay \u00e7eken \u00f6\u011frenciler, kendilerine Karamano\u011flu Mehmetbey \u00dclk\u00fcc\u00fcleri ad\u0131n\u0131 [&hellip;]","og_url":"https:\/\/akunq.net\/tr\/?p=67873","og_site_name":"Bati Ermenistan Ve Bati Ermenileri Sorunlari Ara\u015ftirmalar Merkezi","article_published_time":"2022-04-08T10:48:13+00:00","og_image":[{"width":1368,"height":911,"url":"https:\/\/akunq.net\/tr\/wp-content\/uploads\/sites\/6\/2022\/04\/Karamano\u011flu.jpg","type":"image\/jpeg"}],"author":"admin","twitter_card":"summary_large_image","twitter_misc":{"Written by":"admin","Est. reading time":"3 minutes"},"schema":{"@context":"https:\/\/schema.org","@graph":[{"@type":"Article","@id":"https:\/\/akunq.net\/tr\/?p=67873#article","isPartOf":{"@id":"https:\/\/akunq.net\/tr\/?p=67873"},"author":{"name":"admin","@id":"https:\/\/akunq.net\/tr\/#\/schema\/person\/096f1d38a12cce57fb855b485ed24c9e"},"headline":"K\u00fcrt\u00e7e m\u00fczik dinleyip halay \u00e7eken \u00f6\u011frenciler darp edildi\u2026 Korkutulan kimi \u00f6\u011frenciler Karaman&#8217;\u0131 terk etti","datePublished":"2022-04-08T10:48:13+00:00","mainEntityOfPage":{"@id":"https:\/\/akunq.net\/tr\/?p=67873"},"wordCount":631,"commentCount":0,"image":{"@id":"https:\/\/akunq.net\/tr\/?p=67873#primaryimage"},"thumbnailUrl":"https:\/\/akunq.net\/tr\/wp-content\/uploads\/sites\/6\/2022\/04\/Karamano\u011flu.jpg","articleSection":["Haberler","T\u00fcrkiye\u2019de Az\u0131nl\u0131klar"],"inLanguage":"en-US","potentialAction":[{"@type":"CommentAction","name":"Comment","target":["https:\/\/akunq.net\/tr\/?p=67873#respond"]}]},{"@type":"WebPage","@id":"https:\/\/akunq.net\/tr\/?p=67873","url":"https:\/\/akunq.net\/tr\/?p=67873","name":"K\u00fcrt\u00e7e m\u00fczik dinleyip halay \u00e7eken \u00f6\u011frenciler darp edildi\u2026 Korkutulan kimi \u00f6\u011frenciler Karaman'\u0131 terk etti - Bati Ermenistan Ve Bati Ermenileri Sorunlari Ara\u015ftirmalar Merkezi","isPartOf":{"@id":"https:\/\/akunq.net\/tr\/#website"},"primaryImageOfPage":{"@id":"https:\/\/akunq.net\/tr\/?p=67873#primaryimage"},"image":{"@id":"https:\/\/akunq.net\/tr\/?p=67873#primaryimage"},"thumbnailUrl":"https:\/\/akunq.net\/tr\/wp-content\/uploads\/sites\/6\/2022\/04\/Karamano\u011flu.jpg","datePublished":"2022-04-08T10:48:13+00:00","author":{"@id":"https:\/\/akunq.net\/tr\/#\/schema\/person\/096f1d38a12cce57fb855b485ed24c9e"},"breadcrumb":{"@id":"https:\/\/akunq.net\/tr\/?p=67873#breadcrumb"},"inLanguage":"en-US","potentialAction":[{"@type":"ReadAction","target":["https:\/\/akunq.net\/tr\/?p=67873"]}]},{"@type":"ImageObject","inLanguage":"en-US","@id":"https:\/\/akunq.net\/tr\/?p=67873#primaryimage","url":"https:\/\/akunq.net\/tr\/wp-content\/uploads\/sites\/6\/2022\/04\/Karamano\u011flu.jpg","contentUrl":"https:\/\/akunq.net\/tr\/wp-content\/uploads\/sites\/6\/2022\/04\/Karamano\u011flu.jpg","width":1368,"height":911},{"@type":"BreadcrumbList","@id":"https:\/\/akunq.net\/tr\/?p=67873#breadcrumb","itemListElement":[{"@type":"ListItem","position":1,"name":"Home","item":"https:\/\/akunq.net\/tr"},{"@type":"ListItem","position":2,"name":"K\u00fcrt\u00e7e m\u00fczik dinleyip halay \u00e7eken \u00f6\u011frenciler darp edildi\u2026 Korkutulan kimi \u00f6\u011frenciler Karaman&#8217;\u0131 terk etti"}]},{"@type":"WebSite","@id":"https:\/\/akunq.net\/tr\/#website","url":"https:\/\/akunq.net\/tr\/","name":"Bati Ermenistan Ve Bati Ermenileri Sorunlari Ara\u015ftirmalar Merkezi","description":"","potentialAction":[{"@type":"SearchAction","target":{"@type":"EntryPoint","urlTemplate":"https:\/\/akunq.net\/tr\/?s={search_term_string}"},"query-input":{"@type":"PropertyValueSpecification","valueRequired":true,"valueName":"search_term_string"}}],"inLanguage":"en-US"},{"@type":"Person","@id":"https:\/\/akunq.net\/tr\/#\/schema\/person\/096f1d38a12cce57fb855b485ed24c9e","name":"admin","url":"https:\/\/akunq.net\/tr\/?author=7"}]}},"_links":{"self":[{"href":"https:\/\/akunq.net\/tr\/index.php?rest_route=\/wp\/v2\/posts\/67873","targetHints":{"allow":["GET"]}}],"collection":[{"href":"https:\/\/akunq.net\/tr\/index.php?rest_route=\/wp\/v2\/posts"}],"about":[{"href":"https:\/\/akunq.net\/tr\/index.php?rest_route=\/wp\/v2\/types\/post"}],"author":[{"embeddable":true,"href":"https:\/\/akunq.net\/tr\/index.php?rest_route=\/wp\/v2\/users\/7"}],"replies":[{"embeddable":true,"href":"https:\/\/akunq.net\/tr\/index.php?rest_route=%2Fwp%2Fv2%2Fcomments&post=67873"}],"version-history":[{"count":1,"href":"https:\/\/akunq.net\/tr\/index.php?rest_route=\/wp\/v2\/posts\/67873\/revisions"}],"predecessor-version":[{"id":67875,"href":"https:\/\/akunq.net\/tr\/index.php?rest_route=\/wp\/v2\/posts\/67873\/revisions\/67875"}],"wp:featuredmedia":[{"embeddable":true,"href":"https:\/\/akunq.net\/tr\/index.php?rest_route=\/wp\/v2\/media\/67874"}],"wp:attachment":[{"href":"https:\/\/akunq.net\/tr\/index.php?rest_route=%2Fwp%2Fv2%2Fmedia&parent=67873"}],"wp:term":[{"taxonomy":"category","embeddable":true,"href":"https:\/\/akunq.net\/tr\/index.php?rest_route=%2Fwp%2Fv2%2Fcategories&post=67873"},{"taxonomy":"post_tag","embeddable":true,"href":"https:\/\/akunq.net\/tr\/index.php?rest_route=%2Fwp%2Fv2%2Ftags&post=67873"}],"curies":[{"name":"wp","href":"https:\/\/api.w.org\/{rel}","templated":true}]}}