{"id":67870,"date":"2022-04-08T02:10:51","date_gmt":"2022-04-08T07:10:51","guid":{"rendered":"https:\/\/akunq.net\/tr\/?p=67870"},"modified":"2022-04-08T02:10:51","modified_gmt":"2022-04-08T07:10:51","slug":"migirdic-margosyani-ugurladik","status":"publish","type":"post","link":"https:\/\/akunq.net\/tr\/?p=67870","title":{"rendered":"M\u0131g\u0131rdi\u00e7 Margosyan&#8217;\u0131 u\u011furlad\u0131k"},"content":{"rendered":"<div><img loading=\"lazy\" decoding=\"async\" class=\"aligncenter size-medium wp-image-67871\" src=\"https:\/\/akunq.net\/tr\/wp-content\/uploads\/2022\/04\/M\u0131g\u0131rdi\u00e7-Margosyan-4-360x270.jpg\" alt=\"\" width=\"360\" height=\"270\" srcset=\"https:\/\/akunq.net\/tr\/wp-content\/uploads\/sites\/6\/2022\/04\/M\u0131g\u0131rdi\u00e7-Margosyan-4-360x270.jpg 360w, https:\/\/akunq.net\/tr\/wp-content\/uploads\/sites\/6\/2022\/04\/M\u0131g\u0131rdi\u00e7-Margosyan-4-768x576.jpg 768w, https:\/\/akunq.net\/tr\/wp-content\/uploads\/sites\/6\/2022\/04\/M\u0131g\u0131rdi\u00e7-Margosyan-4-1536x1152.jpg 1536w, https:\/\/akunq.net\/tr\/wp-content\/uploads\/sites\/6\/2022\/04\/M\u0131g\u0131rdi\u00e7-Margosyan-4-2048x1536.jpg 2048w, https:\/\/akunq.net\/tr\/wp-content\/uploads\/sites\/6\/2022\/04\/M\u0131g\u0131rdi\u00e7-Margosyan-4-560x420.jpg 560w, https:\/\/akunq.net\/tr\/wp-content\/uploads\/sites\/6\/2022\/04\/M\u0131g\u0131rdi\u00e7-Margosyan-4-260x195.jpg 260w, https:\/\/akunq.net\/tr\/wp-content\/uploads\/sites\/6\/2022\/04\/M\u0131g\u0131rdi\u00e7-Margosyan-4-160x120.jpg 160w\" sizes=\"auto, (max-width: 360px) 100vw, 360px\" \/><\/div>\n<div class=\"post-meta\"><strong><span class=\"posted-by\"><span class=\"reviewer\"><a title=\"\u0130\u015fhan Erdin\u00e7\" href=\"https:\/\/www.agos.com.tr\/tr\/yazar\/264\/ishan-erdinc\" rel=\"author\">\u0130\u015fhan Erdin\u00e7<\/a><\/span> \u00a0<\/span><\/strong><\/div>\n<div class=\"post-meta\"><em><strong><span style=\"color: #333333; font-family: 'Cantata One', serif; letter-spacing: 0.05em;\">2 Nisan Cumartesi g\u00fcn\u00fc hayat\u0131n\u0131 kaybeden yazar ve e\u011fitimci M\u0131g\u0131rdi\u00e7 Margosyan bug\u00fcn Kumkap\u0131 Patriklik Kilisesi&#8217;nde yap\u0131lan t\u00f6renin ard\u0131ndan topra\u011fa verildi.<\/span><\/strong><\/em><\/div>\n<div class=\"post-container cf\">\n<div class=\"post-content-right\">\n<div class=\"post-content description \">\n<p>83 ya\u015f\u0131nda hayat\u0131n\u0131 kaybeden Margosyan i\u00e7in Kumkap\u0131 Patriklik Kilisesi&#8217;nde cenaze t\u00f6reni d\u00fczenlendi.<\/p>\n<p>T\u00f6rene geni\u015f bir kalabal\u0131k kat\u0131ld\u0131. Margosyan&#8217;\u0131n dostlar\u0131 ve sevenleri kiliseyi doldururken edebiyat ve bas\u0131n d\u00fcnyas\u0131ndan da \u00e7ok say\u0131da isim t\u00f6rene kat\u0131ld\u0131. Diyarbak\u0131r Ermeni toplumundan da pek \u00e7ok kat\u0131l\u0131mc\u0131 vard\u0131.<\/p>\n<p>T\u00f6rene T\u00fcrkiye Ermenileri Patri\u011fi Sahak Ma\u015falyan riyaset etti. T\u00f6ren s\u0131ras\u0131nda vaaz\u0131 da Patrik Ma\u015falyan verdi ve Margosyan&#8217;\u0131n ya\u015fam\u0131ndan, \u00e7al\u0131\u015fmalar\u0131ndan \u00f6vg\u00fcyle bahsetti.<\/p>\n<p>CHP Genel Ba\u015fkan\u0131 Kemal K\u0131l\u0131\u00e7daro\u011flu \u00e7elenk g\u00f6nderenler aras\u0131ndayd\u0131. Adalar Belediye Ba\u015fkan\u0131 Erdem G\u00fcl, Kad\u0131k\u00f6y Belediye Ba\u015fkan\u0131 \u015eerdil Dara\u00a0 Odaba\u015f\u0131 , CHP Milletvekilleri Sezgin Tanr\u0131kulu, Turan Aydo\u011fan, HDP milletvekilleri Garo Paylan, Z\u00fcleyha G\u00fcl\u00fcm t\u00f6rende haz\u0131r bulundu.<\/p>\n<p>Margosyan&#8217;\u0131n naa\u015f\u0131n\u0131n yan\u0131nda sayg\u0131 n\u00f6beti tutanlar aras\u0131nda bir d\u00f6nem \u00f6\u011fretmenlik yapt\u0131\u011f\u0131 Surp Ha\u00e7 T\u0131brevank Lisesi&#8217;nin vak\u0131f ba\u015fkan\u0131 Prof. Dr. Toros Alcan, Maltepe \u00dcniversitesi Rekt\u00f6r Yard\u0131mc\u0131s\u0131 Prof. Dr. Manuk Manukyan, T\u0131brevank Lisesi M\u00fcd\u00fcr\u00fc Armen Saruhanyan, T\u0131brevank Lisesi Mezunlar Derne\u011fi Ba\u015fkan\u0131 Nubar Din\u00e7\u00f6z ve T\u0131brevank mezunlar\u0131ndan Arsen Ar\u015f\u0131k vard\u0131. T\u00f6rende Aras Yay\u0131nc\u0131l\u0131k Yay\u0131n Y\u00f6netmeni Rober Kopta\u015f,\u00a0 Evrensel Gazetesi Yay\u0131n Y\u00f6netmeni Fatih Polat ve Agos Gazetesi Yay\u0131n Y\u00f6netmeni Yetvart Danzikyan&#8217;\u0131n yan\u0131s\u0131ra yay\u0131nevi ve gazetelerin \u00e7al\u0131\u015fanlar\u0131 da yer ald\u0131. Aras\u00a0 Yay\u0131nc\u0131l\u0131k&#8217;\u0131n kurucular\u0131ndan Yetvart Tovmasyan, Payline Tovmasyan da t\u00f6rende haz\u0131r bulundu. Diyarbak\u0131r Surp Giragos Killisesi Vakf\u0131 Ba\u015fkan\u0131 Ergun Ay\u0131k ve y\u00f6neticisi Gaffur T\u00fcrkay da t\u00f6rene kat\u0131ld\u0131.<\/p>\n<p>Margosyan cenaze t\u00f6reninin ard\u0131ndan \u015ei\u015fli Ermeni Mezarl\u0131\u011f\u0131&#8217;nda topra\u011fa verildi.<\/p>\n<p>Margosyan\u2019\u0131n mezar\u0131na o\u011flu \u015eant Margosyan ve yazar \u015eehmus Diken taraf\u0131ndan k\u00f6y\u00fc Heredan\u2019dan getirilen toprak d\u00f6k\u00fcld\u00fc.<\/p>\n<div id=\"photoholder1\" class=\"photoholder no-display appear\"><img loading=\"lazy\" decoding=\"async\" class=\"no-display appear\" src=\"https:\/\/admin.agos.com.tr\/Upload\/Agos\/Images\/margosyan%20mezarl%C4%B1k%20ishan%20erdinc%20dusuk.jpg\" alt=\"\" width=\"383\" height=\"320\" \/><\/div>\n<p>Mezarl\u0131kta Masis K\u00fcrk\u00e7\u00fcgil bir konu\u015fma yaparken, Margosyan&#8217;\u0131n karde\u015fi Arda\u015fes Margosyan da Suren Tanielyan&#8217;\u0131n yazd\u0131\u011f\u0131 metni okudu.<\/p>\n<p>Aras Yay\u0131nc\u0131l\u0131k&#8217;\u0131n kurucular\u0131 aras\u0131nda olan M\u0131g\u0131rdi\u00e7 Margosyan Agos&#8217;ta da kurulu\u015f d\u00f6neminde yazarl\u0131k yapm\u0131\u015ft\u0131. Margosyan son olarak Evrensel gazetesinde k\u00f6\u015fe yazarl\u0131\u011f\u0131 yap\u0131yordu.<\/p>\n<p>Margosyan \u00f6zellikle Diyarbak\u0131r Ermenilerinin hayat\u0131n\u0131 ve tarihini anlatt\u0131\u011f\u0131 hikaye ve romanlar\u0131yla geni\u015f bir kesim taraf\u0131ndan sevildi.<\/p>\n<p>M\u0131g\u0131rdi\u00e7 Margosyan 23 Ara\u00adl\u0131k 1938\u2019de Di\u00adyar\u00adba\u00adk\u0131r\u2019da, Han\u00ad\u00e7e\u00adpek Ma\u00adhal\u00adle\u00adsi\u2019nde (G\u00e2\u00advur Ma\u00adhal\u00adle\u00adsi) do\u011f\u00addu. E\u011fi\u00adti\u00admi\u00adni S\u00fc\u00adley\u00adman Na\u00adzif \u0130l\u00adko\u00adku\u00adlu, Zi\u00adya G\u00f6\u00adkalp Or\u00adta\u00adoku\u00adlu, da\u00adha son\u00adra \u0130s\u00adtan\u00adbul\u2019da\u00adki Bez\u00adci\u00adyan Or\u00adta\u00adoku\u00adlu ve Get\u00adro\u00adna\u00adgan Li\u00adse\u00adsi\u2019nde s\u00fcr\u00add\u00fcr\u00add\u00fc. \u0130s\u00adtan\u00adbul \u00dcni\u00adver\u00adsi\u00adte\u00adsi Ede\u00adbi\u00adyat Fa\u00adk\u00fcl\u00adte\u00adsi Fel\u00adse\u00adfe B\u00f6\u00adl\u00fc\u00adm\u00fc\u2019n\u00fc bi\u00adtir\u00addi.<\/p>\n<p>1966-1972 y\u0131l\u00adla\u00adr\u0131 ara\u00ads\u0131n\u00adda \u00dcs\u00adk\u00fc\u00addar&#8217;daki Surp Ha\u00e7 T\u0131b\u00adre\u00advank Er\u00adme\u00adni Li\u00adse\u00adsi\u2019nde m\u00fc\u00add\u00fcr\u00adl\u00fc\u00ad\u011f\u00fcn ya\u00adn\u0131 s\u0131\u00adra fel\u00adse\u00adfe, psi\u00adko\u00adloji, Er\u00adme\u00adni di\u00adli ve ede\u00adbi\u00adya\u00adt\u0131 \u00f6\u011f\u00adret\u00admen\u00adli\u00ad\u011fi yap\u00adt\u0131. Da\u00adha son\u00adra \u00f6\u011f\u00adret\u00admen\u00adli\u00ad\u011fi b\u0131\u00adra\u00adka\u00adrak ti\u00adca\u00adre\u00adte at\u0131l\u00add\u0131. Ede\u00adbi \u00e7al\u0131\u015fma\u00adla\u00adr\u0131\u00adn\u0131 ara\u00adl\u0131k\u00ads\u0131z s\u00fcr\u00add\u00fcr\u00add\u00fc.<\/p>\n<p>Mar\u00adma\u00adra ga\u00adze\u00adte\u00adsin\u00adde ya\u00ady\u0131m\u00adla\u00adnan Er\u00adme\u00adni\u00adce \u00f6y\u00adk\u00fc\u00adle\u00adri\u00adnin bir b\u00f6\u00adl\u00fc\u00adm\u00fc Mer Ayt Go\u011f\u00adme\u00adr\u0131 [Bi\u00adzim Ora\u00adlar] ad\u0131y\u00adla ki\u00adtap ha\u00adli\u00adne geti\u00adril\u00addi (1984) ve bu ki\u00adta\u00adb\u0131y\u00adla 1988\u2019de, Er\u00adme\u00adni\u00adce ya\u00adzan ya\u00adzar\u00adla\u00adra ve\u00adri\u00adlen Eliz Ka\u00advuk\u00ad\u00e7u\u00adyan Ede\u00adbi\u00adyat \u00d6d\u00fc\u00adl\u00fc\u2019n\u00fc (Pa\u00adris-Fran\u00adsa) al\u00add\u0131. Aras Yay\u0131nc\u0131l\u0131k taraf\u0131ndan bas\u0131lan G\u00e2\u00advur Ma\u00adhal\u00adle\u00adsi (1992), S\u00f6y\u00adle Mar\u00adgos Ne\u00adre\u00adli\u00adsen? (1995) ve Bi\u00adle\u00adti\u00admiz \u0130s\u00adtan\u00adbul\u2019a Ke\u00adsil\u00addi (1998) ad\u00adl\u0131 T\u00fcrk\u00ad\u00e7e ki\u00adtap\u00adla\u00adr\u0131\u00adn\u0131, 1999\u2019da ikin\u00adci Erme\u00adni\u00adce ki\u00adta\u00adb\u0131 Dik\u00adri\u00adsi Ape\u00adren [Dic\u00adle K\u0131\u00ady\u0131\u00adla\u00adr\u0131n\u00addan] iz\u00adle\u00addi. G\u00e2\u00advur Ma\u00adhal\u00adlesi Aves\u00adta Ya\u00ady\u0131n\u00adla\u00adr\u0131 ta\u00adra\u00adf\u0131n\u00addan Li Ba Me, Li Wan De\u00adran [Bi\u00adzim O Y\u00f6\u00adre\u00adler] ad\u0131y\u00adla K\u00fcrt\u00ad\u00e7e ola\u00adrak ya\u00ady\u0131m\u00adlan\u00add\u0131 (1999).<\/p>\n<p>T\u00fcrk\u00ad\u00e7e ka\u00adle\u00adme al\u00add\u0131\u00ad\u011f\u0131 Tes\u00adpih Ta\u00adne\u00adle\u00adri (2006) ad\u00adl\u0131 an\u0131-ro\u00adma\u00adn\u0131\u00ad b\u00fcy\u00fck ilgiyle kar\u015f\u0131land\u0131. Evrensel gazetesinde \u201cKirveme Mektuplar\u201d adl\u0131 k\u00f6\u015fesinde yazmay\u0131 s\u00fcrd\u00fcren Margosyan\u2019\u0131n bu makalelerinin bir k\u0131sm\u0131 Kirveme Mektuplar ad\u0131yla 2006\u2019da Diyarbak\u0131r\u2019da kitapla\u015ft\u0131r\u0131ld\u0131. 1996-1999 aras\u0131nda Agos gazetesinde yay\u0131mlanan makalelerinden yap\u0131lan bir se\u00e7ki olan Zur\u00adna 2009\u2019da, yine Evrensel yaz\u0131lar\u0131ndan derlenen \u00c7en\u00adgel\u00adli\u00adi\u011f\u00adne (ilk bas\u0131m\u0131 1999, Belge) ve Yeni Y\u00fczy\u0131l ve Yeni G\u00fcndem gazetelerinde yay\u0131mlanan makalelerinden derlenen K\u00fcr\u00addan 2010\u2019da kitapla\u015ft\u0131r\u0131ld\u0131. Yazar\u0131n, d\u00fcnyan\u0131n yarat\u0131l\u0131\u015f hik\u00e2yesini mizahi bir \u00fcslupla ele ald\u0131\u011f\u0131 son kitab\u0131 Tanr\u0131\u2019n\u0131n Seyir Defteri ise 2016\u2019da yay\u0131mland\u0131.<\/p><\/div>\n<div><\/div>\n<div><em>FOTO\u011eRAFLAR: \u0130\u015fhan Erdin\u00e7<\/em><\/div>\n<div><em><strong>https:\/\/www.agos.com.tr\/tr\/yazi\/26939\/migirdic-margosyan-i-ugurladik\u00a0<\/strong><\/em><\/div>\n<\/div>\n<\/div>\n","protected":false},"excerpt":{"rendered":"<p>\u0130\u015fhan Erdin\u00e7 \u00a0 2 Nisan Cumartesi g\u00fcn\u00fc hayat\u0131n\u0131 kaybeden yazar ve e\u011fitimci M\u0131g\u0131rdi\u00e7 Margosyan bug\u00fcn Kumkap\u0131 Patriklik Kilisesi&#8217;nde yap\u0131lan t\u00f6renin ard\u0131ndan topra\u011fa verildi. 83 ya\u015f\u0131nda hayat\u0131n\u0131 kaybeden Margosyan i\u00e7in Kumkap\u0131 Patriklik Kilisesi&#8217;nde cenaze t\u00f6reni d\u00fczenlendi. T\u00f6rene geni\u015f bir kalabal\u0131k kat\u0131ld\u0131. Margosyan&#8217;\u0131n dostlar\u0131 ve sevenleri kiliseyi doldururken edebiyat ve bas\u0131n d\u00fcnyas\u0131ndan da \u00e7ok say\u0131da isim t\u00f6rene [&hellip;]<\/p>\n","protected":false},"author":7,"featured_media":67871,"comment_status":"open","ping_status":"open","sticky":false,"template":"","format":"standard","meta":{"footnotes":""},"categories":[1],"tags":[],"class_list":["post-67870","post","type-post","status-publish","format-standard","has-post-thumbnail","hentry","category-haberler"],"yoast_head":"<!-- This site is optimized with the Yoast SEO plugin v27.4 - https:\/\/yoast.com\/product\/yoast-seo-wordpress\/ -->\n<title>M\u0131g\u0131rdi\u00e7 Margosyan&#039;\u0131 u\u011furlad\u0131k - Bati Ermenistan Ve Bati Ermenileri Sorunlari Ara\u015ftirmalar Merkezi<\/title>\n<meta name=\"robots\" content=\"index, follow, max-snippet:-1, max-image-preview:large, max-video-preview:-1\" \/>\n<link rel=\"canonical\" href=\"https:\/\/akunq.net\/tr\/?p=67870\" \/>\n<meta property=\"og:locale\" content=\"en_US\" \/>\n<meta property=\"og:type\" content=\"article\" \/>\n<meta property=\"og:title\" content=\"M\u0131g\u0131rdi\u00e7 Margosyan&#039;\u0131 u\u011furlad\u0131k - Bati Ermenistan Ve Bati Ermenileri Sorunlari Ara\u015ftirmalar Merkezi\" \/>\n<meta property=\"og:description\" content=\"\u0130\u015fhan Erdin\u00e7 \u00a0 2 Nisan Cumartesi g\u00fcn\u00fc hayat\u0131n\u0131 kaybeden yazar ve e\u011fitimci M\u0131g\u0131rdi\u00e7 Margosyan bug\u00fcn Kumkap\u0131 Patriklik Kilisesi&#8217;nde yap\u0131lan t\u00f6renin ard\u0131ndan topra\u011fa verildi. 83 ya\u015f\u0131nda hayat\u0131n\u0131 kaybeden Margosyan i\u00e7in Kumkap\u0131 Patriklik Kilisesi&#8217;nde cenaze t\u00f6reni d\u00fczenlendi. T\u00f6rene geni\u015f bir kalabal\u0131k kat\u0131ld\u0131. Margosyan&#8217;\u0131n dostlar\u0131 ve sevenleri kiliseyi doldururken edebiyat ve bas\u0131n d\u00fcnyas\u0131ndan da \u00e7ok say\u0131da isim t\u00f6rene [&hellip;]\" \/>\n<meta property=\"og:url\" content=\"https:\/\/akunq.net\/tr\/?p=67870\" \/>\n<meta property=\"og:site_name\" content=\"Bati Ermenistan Ve Bati Ermenileri Sorunlari Ara\u015ftirmalar Merkezi\" \/>\n<meta property=\"article:published_time\" content=\"2022-04-08T07:10:51+00:00\" \/>\n<meta property=\"og:image\" content=\"https:\/\/akunq.net\/tr\/wp-content\/uploads\/sites\/6\/2022\/04\/M\u0131g\u0131rdi\u00e7-Margosyan-4-scaled.jpg\" \/>\n\t<meta property=\"og:image:width\" content=\"2560\" \/>\n\t<meta property=\"og:image:height\" content=\"1920\" \/>\n\t<meta property=\"og:image:type\" content=\"image\/jpeg\" \/>\n<meta name=\"author\" content=\"admin\" \/>\n<meta name=\"twitter:card\" content=\"summary_large_image\" \/>\n<meta name=\"twitter:label1\" content=\"Written by\" \/>\n\t<meta name=\"twitter:data1\" content=\"admin\" \/>\n\t<meta name=\"twitter:label2\" content=\"Est. reading time\" \/>\n\t<meta name=\"twitter:data2\" content=\"5 minutes\" \/>\n<script type=\"application\/ld+json\" class=\"yoast-schema-graph\">{\"@context\":\"https:\\\/\\\/schema.org\",\"@graph\":[{\"@type\":\"Article\",\"@id\":\"https:\\\/\\\/akunq.net\\\/tr\\\/?p=67870#article\",\"isPartOf\":{\"@id\":\"https:\\\/\\\/akunq.net\\\/tr\\\/?p=67870\"},\"author\":{\"name\":\"admin\",\"@id\":\"https:\\\/\\\/akunq.net\\\/tr\\\/#\\\/schema\\\/person\\\/096f1d38a12cce57fb855b485ed24c9e\"},\"headline\":\"M\u0131g\u0131rdi\u00e7 Margosyan&#8217;\u0131 u\u011furlad\u0131k\",\"datePublished\":\"2022-04-08T07:10:51+00:00\",\"mainEntityOfPage\":{\"@id\":\"https:\\\/\\\/akunq.net\\\/tr\\\/?p=67870\"},\"wordCount\":994,\"commentCount\":0,\"image\":{\"@id\":\"https:\\\/\\\/akunq.net\\\/tr\\\/?p=67870#primaryimage\"},\"thumbnailUrl\":\"https:\\\/\\\/akunq.net\\\/tr\\\/wp-content\\\/uploads\\\/sites\\\/6\\\/2022\\\/04\\\/M\u0131g\u0131rdi\u00e7-Margosyan-4-scaled.jpg\",\"articleSection\":[\"Haberler\"],\"inLanguage\":\"en-US\",\"potentialAction\":[{\"@type\":\"CommentAction\",\"name\":\"Comment\",\"target\":[\"https:\\\/\\\/akunq.net\\\/tr\\\/?p=67870#respond\"]}]},{\"@type\":\"WebPage\",\"@id\":\"https:\\\/\\\/akunq.net\\\/tr\\\/?p=67870\",\"url\":\"https:\\\/\\\/akunq.net\\\/tr\\\/?p=67870\",\"name\":\"M\u0131g\u0131rdi\u00e7 Margosyan'\u0131 u\u011furlad\u0131k - Bati Ermenistan Ve Bati Ermenileri Sorunlari Ara\u015ftirmalar Merkezi\",\"isPartOf\":{\"@id\":\"https:\\\/\\\/akunq.net\\\/tr\\\/#website\"},\"primaryImageOfPage\":{\"@id\":\"https:\\\/\\\/akunq.net\\\/tr\\\/?p=67870#primaryimage\"},\"image\":{\"@id\":\"https:\\\/\\\/akunq.net\\\/tr\\\/?p=67870#primaryimage\"},\"thumbnailUrl\":\"https:\\\/\\\/akunq.net\\\/tr\\\/wp-content\\\/uploads\\\/sites\\\/6\\\/2022\\\/04\\\/M\u0131g\u0131rdi\u00e7-Margosyan-4-scaled.jpg\",\"datePublished\":\"2022-04-08T07:10:51+00:00\",\"author\":{\"@id\":\"https:\\\/\\\/akunq.net\\\/tr\\\/#\\\/schema\\\/person\\\/096f1d38a12cce57fb855b485ed24c9e\"},\"breadcrumb\":{\"@id\":\"https:\\\/\\\/akunq.net\\\/tr\\\/?p=67870#breadcrumb\"},\"inLanguage\":\"en-US\",\"potentialAction\":[{\"@type\":\"ReadAction\",\"target\":[\"https:\\\/\\\/akunq.net\\\/tr\\\/?p=67870\"]}]},{\"@type\":\"ImageObject\",\"inLanguage\":\"en-US\",\"@id\":\"https:\\\/\\\/akunq.net\\\/tr\\\/?p=67870#primaryimage\",\"url\":\"https:\\\/\\\/akunq.net\\\/tr\\\/wp-content\\\/uploads\\\/sites\\\/6\\\/2022\\\/04\\\/M\u0131g\u0131rdi\u00e7-Margosyan-4-scaled.jpg\",\"contentUrl\":\"https:\\\/\\\/akunq.net\\\/tr\\\/wp-content\\\/uploads\\\/sites\\\/6\\\/2022\\\/04\\\/M\u0131g\u0131rdi\u00e7-Margosyan-4-scaled.jpg\",\"width\":2560,\"height\":1920},{\"@type\":\"BreadcrumbList\",\"@id\":\"https:\\\/\\\/akunq.net\\\/tr\\\/?p=67870#breadcrumb\",\"itemListElement\":[{\"@type\":\"ListItem\",\"position\":1,\"name\":\"Home\",\"item\":\"https:\\\/\\\/akunq.net\\\/tr\"},{\"@type\":\"ListItem\",\"position\":2,\"name\":\"M\u0131g\u0131rdi\u00e7 Margosyan&#8217;\u0131 u\u011furlad\u0131k\"}]},{\"@type\":\"WebSite\",\"@id\":\"https:\\\/\\\/akunq.net\\\/tr\\\/#website\",\"url\":\"https:\\\/\\\/akunq.net\\\/tr\\\/\",\"name\":\"Bati Ermenistan Ve Bati Ermenileri Sorunlari Ara\u015ftirmalar Merkezi\",\"description\":\"\",\"potentialAction\":[{\"@type\":\"SearchAction\",\"target\":{\"@type\":\"EntryPoint\",\"urlTemplate\":\"https:\\\/\\\/akunq.net\\\/tr\\\/?s={search_term_string}\"},\"query-input\":{\"@type\":\"PropertyValueSpecification\",\"valueRequired\":true,\"valueName\":\"search_term_string\"}}],\"inLanguage\":\"en-US\"},{\"@type\":\"Person\",\"@id\":\"https:\\\/\\\/akunq.net\\\/tr\\\/#\\\/schema\\\/person\\\/096f1d38a12cce57fb855b485ed24c9e\",\"name\":\"admin\",\"url\":\"https:\\\/\\\/akunq.net\\\/tr\\\/?author=7\"}]}<\/script>\n<!-- \/ Yoast SEO plugin. -->","yoast_head_json":{"title":"M\u0131g\u0131rdi\u00e7 Margosyan'\u0131 u\u011furlad\u0131k - Bati Ermenistan Ve Bati Ermenileri Sorunlari Ara\u015ftirmalar Merkezi","robots":{"index":"index","follow":"follow","max-snippet":"max-snippet:-1","max-image-preview":"max-image-preview:large","max-video-preview":"max-video-preview:-1"},"canonical":"https:\/\/akunq.net\/tr\/?p=67870","og_locale":"en_US","og_type":"article","og_title":"M\u0131g\u0131rdi\u00e7 Margosyan'\u0131 u\u011furlad\u0131k - Bati Ermenistan Ve Bati Ermenileri Sorunlari Ara\u015ftirmalar Merkezi","og_description":"\u0130\u015fhan Erdin\u00e7 \u00a0 2 Nisan Cumartesi g\u00fcn\u00fc hayat\u0131n\u0131 kaybeden yazar ve e\u011fitimci M\u0131g\u0131rdi\u00e7 Margosyan bug\u00fcn Kumkap\u0131 Patriklik Kilisesi&#8217;nde yap\u0131lan t\u00f6renin ard\u0131ndan topra\u011fa verildi. 83 ya\u015f\u0131nda hayat\u0131n\u0131 kaybeden Margosyan i\u00e7in Kumkap\u0131 Patriklik Kilisesi&#8217;nde cenaze t\u00f6reni d\u00fczenlendi. T\u00f6rene geni\u015f bir kalabal\u0131k kat\u0131ld\u0131. Margosyan&#8217;\u0131n dostlar\u0131 ve sevenleri kiliseyi doldururken edebiyat ve bas\u0131n d\u00fcnyas\u0131ndan da \u00e7ok say\u0131da isim t\u00f6rene [&hellip;]","og_url":"https:\/\/akunq.net\/tr\/?p=67870","og_site_name":"Bati Ermenistan Ve Bati Ermenileri Sorunlari Ara\u015ftirmalar Merkezi","article_published_time":"2022-04-08T07:10:51+00:00","og_image":[{"width":2560,"height":1920,"url":"https:\/\/akunq.net\/tr\/wp-content\/uploads\/sites\/6\/2022\/04\/M\u0131g\u0131rdi\u00e7-Margosyan-4-scaled.jpg","type":"image\/jpeg"}],"author":"admin","twitter_card":"summary_large_image","twitter_misc":{"Written by":"admin","Est. reading time":"5 minutes"},"schema":{"@context":"https:\/\/schema.org","@graph":[{"@type":"Article","@id":"https:\/\/akunq.net\/tr\/?p=67870#article","isPartOf":{"@id":"https:\/\/akunq.net\/tr\/?p=67870"},"author":{"name":"admin","@id":"https:\/\/akunq.net\/tr\/#\/schema\/person\/096f1d38a12cce57fb855b485ed24c9e"},"headline":"M\u0131g\u0131rdi\u00e7 Margosyan&#8217;\u0131 u\u011furlad\u0131k","datePublished":"2022-04-08T07:10:51+00:00","mainEntityOfPage":{"@id":"https:\/\/akunq.net\/tr\/?p=67870"},"wordCount":994,"commentCount":0,"image":{"@id":"https:\/\/akunq.net\/tr\/?p=67870#primaryimage"},"thumbnailUrl":"https:\/\/akunq.net\/tr\/wp-content\/uploads\/sites\/6\/2022\/04\/M\u0131g\u0131rdi\u00e7-Margosyan-4-scaled.jpg","articleSection":["Haberler"],"inLanguage":"en-US","potentialAction":[{"@type":"CommentAction","name":"Comment","target":["https:\/\/akunq.net\/tr\/?p=67870#respond"]}]},{"@type":"WebPage","@id":"https:\/\/akunq.net\/tr\/?p=67870","url":"https:\/\/akunq.net\/tr\/?p=67870","name":"M\u0131g\u0131rdi\u00e7 Margosyan'\u0131 u\u011furlad\u0131k - Bati Ermenistan Ve Bati Ermenileri Sorunlari Ara\u015ftirmalar Merkezi","isPartOf":{"@id":"https:\/\/akunq.net\/tr\/#website"},"primaryImageOfPage":{"@id":"https:\/\/akunq.net\/tr\/?p=67870#primaryimage"},"image":{"@id":"https:\/\/akunq.net\/tr\/?p=67870#primaryimage"},"thumbnailUrl":"https:\/\/akunq.net\/tr\/wp-content\/uploads\/sites\/6\/2022\/04\/M\u0131g\u0131rdi\u00e7-Margosyan-4-scaled.jpg","datePublished":"2022-04-08T07:10:51+00:00","author":{"@id":"https:\/\/akunq.net\/tr\/#\/schema\/person\/096f1d38a12cce57fb855b485ed24c9e"},"breadcrumb":{"@id":"https:\/\/akunq.net\/tr\/?p=67870#breadcrumb"},"inLanguage":"en-US","potentialAction":[{"@type":"ReadAction","target":["https:\/\/akunq.net\/tr\/?p=67870"]}]},{"@type":"ImageObject","inLanguage":"en-US","@id":"https:\/\/akunq.net\/tr\/?p=67870#primaryimage","url":"https:\/\/akunq.net\/tr\/wp-content\/uploads\/sites\/6\/2022\/04\/M\u0131g\u0131rdi\u00e7-Margosyan-4-scaled.jpg","contentUrl":"https:\/\/akunq.net\/tr\/wp-content\/uploads\/sites\/6\/2022\/04\/M\u0131g\u0131rdi\u00e7-Margosyan-4-scaled.jpg","width":2560,"height":1920},{"@type":"BreadcrumbList","@id":"https:\/\/akunq.net\/tr\/?p=67870#breadcrumb","itemListElement":[{"@type":"ListItem","position":1,"name":"Home","item":"https:\/\/akunq.net\/tr"},{"@type":"ListItem","position":2,"name":"M\u0131g\u0131rdi\u00e7 Margosyan&#8217;\u0131 u\u011furlad\u0131k"}]},{"@type":"WebSite","@id":"https:\/\/akunq.net\/tr\/#website","url":"https:\/\/akunq.net\/tr\/","name":"Bati Ermenistan Ve Bati Ermenileri Sorunlari Ara\u015ftirmalar Merkezi","description":"","potentialAction":[{"@type":"SearchAction","target":{"@type":"EntryPoint","urlTemplate":"https:\/\/akunq.net\/tr\/?s={search_term_string}"},"query-input":{"@type":"PropertyValueSpecification","valueRequired":true,"valueName":"search_term_string"}}],"inLanguage":"en-US"},{"@type":"Person","@id":"https:\/\/akunq.net\/tr\/#\/schema\/person\/096f1d38a12cce57fb855b485ed24c9e","name":"admin","url":"https:\/\/akunq.net\/tr\/?author=7"}]}},"_links":{"self":[{"href":"https:\/\/akunq.net\/tr\/index.php?rest_route=\/wp\/v2\/posts\/67870","targetHints":{"allow":["GET"]}}],"collection":[{"href":"https:\/\/akunq.net\/tr\/index.php?rest_route=\/wp\/v2\/posts"}],"about":[{"href":"https:\/\/akunq.net\/tr\/index.php?rest_route=\/wp\/v2\/types\/post"}],"author":[{"embeddable":true,"href":"https:\/\/akunq.net\/tr\/index.php?rest_route=\/wp\/v2\/users\/7"}],"replies":[{"embeddable":true,"href":"https:\/\/akunq.net\/tr\/index.php?rest_route=%2Fwp%2Fv2%2Fcomments&post=67870"}],"version-history":[{"count":1,"href":"https:\/\/akunq.net\/tr\/index.php?rest_route=\/wp\/v2\/posts\/67870\/revisions"}],"predecessor-version":[{"id":67872,"href":"https:\/\/akunq.net\/tr\/index.php?rest_route=\/wp\/v2\/posts\/67870\/revisions\/67872"}],"wp:featuredmedia":[{"embeddable":true,"href":"https:\/\/akunq.net\/tr\/index.php?rest_route=\/wp\/v2\/media\/67871"}],"wp:attachment":[{"href":"https:\/\/akunq.net\/tr\/index.php?rest_route=%2Fwp%2Fv2%2Fmedia&parent=67870"}],"wp:term":[{"taxonomy":"category","embeddable":true,"href":"https:\/\/akunq.net\/tr\/index.php?rest_route=%2Fwp%2Fv2%2Fcategories&post=67870"},{"taxonomy":"post_tag","embeddable":true,"href":"https:\/\/akunq.net\/tr\/index.php?rest_route=%2Fwp%2Fv2%2Ftags&post=67870"}],"curies":[{"name":"wp","href":"https:\/\/api.w.org\/{rel}","templated":true}]}}