{"id":67867,"date":"2022-04-08T02:05:02","date_gmt":"2022-04-08T07:05:02","guid":{"rendered":"https:\/\/akunq.net\/tr\/?p=67867"},"modified":"2022-04-08T02:05:02","modified_gmt":"2022-04-08T07:05:02","slug":"ermenistan-muhalefetinden-8-maddelik-aciklama-karabag-azerbaycan-sinirlari-icinde-yer-alamaz","status":"publish","type":"post","link":"https:\/\/akunq.net\/tr\/?p=67867","title":{"rendered":"Ermenistan muhalefetinden 8 maddelik a\u00e7\u0131klama: Karaba\u011f Azerbaycan s\u0131n\u0131rlar\u0131 i\u00e7inde yer alamaz"},"content":{"rendered":"<div class=\"html-content\">\n<p><img loading=\"lazy\" decoding=\"async\" class=\"aligncenter size-medium wp-image-67868\" src=\"https:\/\/akunq.net\/tr\/wp-content\/uploads\/2022\/04\/Opera-binasi-360x239.jpg\" alt=\"\" width=\"360\" height=\"239\" srcset=\"https:\/\/akunq.net\/tr\/wp-content\/uploads\/sites\/6\/2022\/04\/Opera-binasi-360x239.jpg 360w, https:\/\/akunq.net\/tr\/wp-content\/uploads\/sites\/6\/2022\/04\/Opera-binasi-560x371.jpg 560w, https:\/\/akunq.net\/tr\/wp-content\/uploads\/sites\/6\/2022\/04\/Opera-binasi-260x172.jpg 260w, https:\/\/akunq.net\/tr\/wp-content\/uploads\/sites\/6\/2022\/04\/Opera-binasi-160x106.jpg 160w, https:\/\/akunq.net\/tr\/wp-content\/uploads\/sites\/6\/2022\/04\/Opera-binasi.jpg 769w\" sizes=\"auto, (max-width: 360px) 100vw, 360px\" \/><\/p>\n<p><em><strong>5 Nisan tarihinde Ermenistan\u2019\u0131n be\u015fkenti Yerevan\u2019daki \u201cAzatutyun\u201d (\u00d6zg\u00fcrl\u00fck) meydan\u0131nda Ermenistan muhalefeti kalabal\u0131k bir g\u00f6steri d\u00fczenledi.<\/strong><\/em><\/p>\n<p>\u201cVatan Kurtulu\u015f Hareketi\u201d olarak adland\u0131r\u0131lan muhalefet birli\u011finde genelde Ermeni Devrimci Federasyonu (Ta\u015fnak Partisi), eski Cumhurba\u015fkanlar\u0131 Robert Ko\u00e7aryan\u2019\u0131n ve Serj Sarkisyan\u2019\u0131n yanda\u015flar\u0131 yer al\u0131yorlar.<\/p>\n<p>G\u00f6steri sonunda muhalif siyasi g\u00fc\u00e7ler 8 maddelik yaz\u0131l\u0131 bir a\u00e7\u0131klama yay\u0131nlad\u0131lar.<\/p>\n<p><em>\u0130\u015fte o a\u00e7\u0131klaman\u0131n maddeleri a\u015fa\u011f\u0131da:<\/em><\/p>\n<p>1.\u00a0Ermenistan Cumhuriyeti Artsakh (Karaba\u011f) halk\u0131n\u0131n g\u00fcvenlik ve kendi kaderini tayin etme hakk\u0131n\u0131n t\u00fcm unsurlar\u0131yla \u00a0hayata ge\u00e7irilme s\u00fcrecinin garant\u00f6r\u00fc oldu\u011funu yeniden teyit etmeli.<\/p>\n<p>2.\u00a0Azerbaycan s\u0131n\u0131rlar\u0131 i\u00e7inde Artsakh\u2019\u0131n herhangi bir stat\u00fcs\u00fc kabul edilemez.<\/p>\n<p>3.\u00a0Ermenistan ile g\u00fcvenilir karayolu ba\u011flant\u0131s\u0131 olmaks\u0131z\u0131n Artsakh\u2019\u0131n bir anklav olmas\u0131 kabul edilemez.<\/p>\n<p>4.\u00a01994 y\u0131l\u0131nda AG\u0130T zirvesi karar\u0131yla belirlenmi\u015f format ve hedefler do\u011frultusunda m\u00fczakere s\u00fcrecinin yeniden ba\u015flamas\u0131na y\u00f6nelik ad\u0131mlar at\u0131lmal\u0131.<\/p>\n<p>5.\u00a0Ermenistan\u2019\u0131n egemenli\u011fini ve toprak b\u00fct\u00fcnl\u00fc\u011f\u00fcn\u00fcn ihlal edilmesiyle ula\u015f\u0131m ba\u011flant\u0131lar\u0131n\u0131n a\u00e7\u0131lmas\u0131 ad\u0131 alt\u0131nda koridorlar\u0131n sa\u011flanmas\u0131 kabul edilemez.<\/p>\n<p>6.\u00a0Azerbaycan taraf\u0131ndan \u015fiddet uygulamas\u0131 yada \u015fiddet uygulama tehdidi ko\u015fullar\u0131nda herhangi bir devletleraras\u0131 anla\u015fman\u0131n imzalanmas\u0131, s\u0131n\u0131r belirleme s\u00fcre\u00e7lerinin ger\u00e7ekle\u015ftirilmesi kabul edilemez.<\/p>\n<p>7.\u00a0Azerbaycan ile, Artsakh\u2019\u0131n kendi kaderini tayin etme hakk\u0131n\u0131n s\u0131n\u0131rlama olmadan hayata ge\u00e7irilmesini engelleyen herhangi bir anla\u015fma kabul edilemez.<\/p>\n<p>8.\u00a0Ermenistan-T\u00fcrkiye ili\u015fkilerinde Ermeni halk\u0131n\u0131n vatan\u0131ndan mahrum b\u0131rak\u0131lmas\u0131na yol a\u00e7an Ermeni Soyk\u0131r\u0131m\u0131 ger\u00e7e\u011fini ve Ermeni dini, k\u00fclt\u00fcrel miras\u0131na sahip olma hakk\u0131n\u0131\u00a0sorgulayan herhangi bir anla\u015fma kabul edilemez.<\/p>\n<\/div>\n<div class=\"current-author fl cb\"><em><strong><a class=\"a-none\" href=\"https:\/\/www.ermenihaber.am\/tr\/news\/2022\/04\/06\/Karaba%C4%9F-Ermenistan-m%C3%BChalefeti-Azerbaycan\/228555\">Ermenihaber.am<\/a><\/strong><\/em><\/div>\n<div class=\"cb\"><\/div>\n<div class=\"current-socials\">\n<div id=\"st-1\" class=\"sharethis-inline-share-buttons st-left  st-inline-share-buttons st-animated\">\n<div class=\"st-btn st-first\" data-network=\"facebook\"><\/div>\n<div class=\"st-btn st-last\" data-network=\"sharethis\"><\/div>\n<\/div>\n<\/div>\n","protected":false},"excerpt":{"rendered":"<p>5 Nisan tarihinde Ermenistan\u2019\u0131n be\u015fkenti Yerevan\u2019daki \u201cAzatutyun\u201d (\u00d6zg\u00fcrl\u00fck) meydan\u0131nda Ermenistan muhalefeti kalabal\u0131k bir g\u00f6steri d\u00fczenledi. \u201cVatan Kurtulu\u015f Hareketi\u201d olarak adland\u0131r\u0131lan muhalefet birli\u011finde genelde Ermeni Devrimci Federasyonu (Ta\u015fnak Partisi), eski Cumhurba\u015fkanlar\u0131 Robert Ko\u00e7aryan\u2019\u0131n ve Serj Sarkisyan\u2019\u0131n yanda\u015flar\u0131 yer al\u0131yorlar. G\u00f6steri sonunda muhalif siyasi g\u00fc\u00e7ler 8 maddelik yaz\u0131l\u0131 bir a\u00e7\u0131klama yay\u0131nlad\u0131lar. \u0130\u015fte o a\u00e7\u0131klaman\u0131n maddeleri a\u015fa\u011f\u0131da: 1.\u00a0Ermenistan [&hellip;]<\/p>\n","protected":false},"author":7,"featured_media":67868,"comment_status":"open","ping_status":"open","sticky":false,"template":"","format":"standard","meta":{"footnotes":""},"categories":[1],"tags":[],"class_list":["post-67867","post","type-post","status-publish","format-standard","has-post-thumbnail","hentry","category-haberler"],"yoast_head":"<!-- This site is optimized with the Yoast SEO plugin v27.4 - https:\/\/yoast.com\/product\/yoast-seo-wordpress\/ -->\n<title>Ermenistan muhalefetinden 8 maddelik a\u00e7\u0131klama: Karaba\u011f Azerbaycan s\u0131n\u0131rlar\u0131 i\u00e7inde yer alamaz - Bati Ermenistan Ve Bati Ermenileri Sorunlari Ara\u015ftirmalar Merkezi<\/title>\n<meta name=\"robots\" content=\"index, follow, max-snippet:-1, max-image-preview:large, max-video-preview:-1\" \/>\n<link rel=\"canonical\" href=\"https:\/\/akunq.net\/tr\/?p=67867\" \/>\n<meta property=\"og:locale\" content=\"en_US\" \/>\n<meta property=\"og:type\" content=\"article\" \/>\n<meta property=\"og:title\" content=\"Ermenistan muhalefetinden 8 maddelik a\u00e7\u0131klama: Karaba\u011f Azerbaycan s\u0131n\u0131rlar\u0131 i\u00e7inde yer alamaz - Bati Ermenistan Ve Bati Ermenileri Sorunlari Ara\u015ftirmalar Merkezi\" \/>\n<meta property=\"og:description\" content=\"5 Nisan tarihinde Ermenistan\u2019\u0131n be\u015fkenti Yerevan\u2019daki \u201cAzatutyun\u201d (\u00d6zg\u00fcrl\u00fck) meydan\u0131nda Ermenistan muhalefeti kalabal\u0131k bir g\u00f6steri d\u00fczenledi. \u201cVatan Kurtulu\u015f Hareketi\u201d olarak adland\u0131r\u0131lan muhalefet birli\u011finde genelde Ermeni Devrimci Federasyonu (Ta\u015fnak Partisi), eski Cumhurba\u015fkanlar\u0131 Robert Ko\u00e7aryan\u2019\u0131n ve Serj Sarkisyan\u2019\u0131n yanda\u015flar\u0131 yer al\u0131yorlar. G\u00f6steri sonunda muhalif siyasi g\u00fc\u00e7ler 8 maddelik yaz\u0131l\u0131 bir a\u00e7\u0131klama yay\u0131nlad\u0131lar. \u0130\u015fte o a\u00e7\u0131klaman\u0131n maddeleri a\u015fa\u011f\u0131da: 1.\u00a0Ermenistan [&hellip;]\" \/>\n<meta property=\"og:url\" content=\"https:\/\/akunq.net\/tr\/?p=67867\" \/>\n<meta property=\"og:site_name\" content=\"Bati Ermenistan Ve Bati Ermenileri Sorunlari Ara\u015ftirmalar Merkezi\" \/>\n<meta property=\"article:published_time\" content=\"2022-04-08T07:05:02+00:00\" \/>\n<meta property=\"og:image\" content=\"https:\/\/akunq.net\/tr\/wp-content\/uploads\/sites\/6\/2022\/04\/Opera-binasi.jpg\" \/>\n\t<meta property=\"og:image:width\" content=\"769\" \/>\n\t<meta property=\"og:image:height\" content=\"510\" \/>\n\t<meta property=\"og:image:type\" content=\"image\/jpeg\" \/>\n<meta name=\"author\" content=\"admin\" \/>\n<meta name=\"twitter:card\" content=\"summary_large_image\" \/>\n<meta name=\"twitter:label1\" content=\"Written by\" \/>\n\t<meta name=\"twitter:data1\" content=\"admin\" \/>\n\t<meta name=\"twitter:label2\" content=\"Est. reading time\" \/>\n\t<meta name=\"twitter:data2\" content=\"2 minutes\" \/>\n<script type=\"application\/ld+json\" class=\"yoast-schema-graph\">{\"@context\":\"https:\\\/\\\/schema.org\",\"@graph\":[{\"@type\":\"Article\",\"@id\":\"https:\\\/\\\/akunq.net\\\/tr\\\/?p=67867#article\",\"isPartOf\":{\"@id\":\"https:\\\/\\\/akunq.net\\\/tr\\\/?p=67867\"},\"author\":{\"name\":\"admin\",\"@id\":\"https:\\\/\\\/akunq.net\\\/tr\\\/#\\\/schema\\\/person\\\/096f1d38a12cce57fb855b485ed24c9e\"},\"headline\":\"Ermenistan muhalefetinden 8 maddelik a\u00e7\u0131klama: Karaba\u011f Azerbaycan s\u0131n\u0131rlar\u0131 i\u00e7inde yer alamaz\",\"datePublished\":\"2022-04-08T07:05:02+00:00\",\"mainEntityOfPage\":{\"@id\":\"https:\\\/\\\/akunq.net\\\/tr\\\/?p=67867\"},\"wordCount\":321,\"commentCount\":0,\"image\":{\"@id\":\"https:\\\/\\\/akunq.net\\\/tr\\\/?p=67867#primaryimage\"},\"thumbnailUrl\":\"https:\\\/\\\/akunq.net\\\/tr\\\/wp-content\\\/uploads\\\/sites\\\/6\\\/2022\\\/04\\\/Opera-binasi.jpg\",\"articleSection\":[\"Haberler\"],\"inLanguage\":\"en-US\",\"potentialAction\":[{\"@type\":\"CommentAction\",\"name\":\"Comment\",\"target\":[\"https:\\\/\\\/akunq.net\\\/tr\\\/?p=67867#respond\"]}]},{\"@type\":\"WebPage\",\"@id\":\"https:\\\/\\\/akunq.net\\\/tr\\\/?p=67867\",\"url\":\"https:\\\/\\\/akunq.net\\\/tr\\\/?p=67867\",\"name\":\"Ermenistan muhalefetinden 8 maddelik a\u00e7\u0131klama: Karaba\u011f Azerbaycan s\u0131n\u0131rlar\u0131 i\u00e7inde yer alamaz - Bati Ermenistan Ve Bati Ermenileri Sorunlari Ara\u015ftirmalar Merkezi\",\"isPartOf\":{\"@id\":\"https:\\\/\\\/akunq.net\\\/tr\\\/#website\"},\"primaryImageOfPage\":{\"@id\":\"https:\\\/\\\/akunq.net\\\/tr\\\/?p=67867#primaryimage\"},\"image\":{\"@id\":\"https:\\\/\\\/akunq.net\\\/tr\\\/?p=67867#primaryimage\"},\"thumbnailUrl\":\"https:\\\/\\\/akunq.net\\\/tr\\\/wp-content\\\/uploads\\\/sites\\\/6\\\/2022\\\/04\\\/Opera-binasi.jpg\",\"datePublished\":\"2022-04-08T07:05:02+00:00\",\"author\":{\"@id\":\"https:\\\/\\\/akunq.net\\\/tr\\\/#\\\/schema\\\/person\\\/096f1d38a12cce57fb855b485ed24c9e\"},\"breadcrumb\":{\"@id\":\"https:\\\/\\\/akunq.net\\\/tr\\\/?p=67867#breadcrumb\"},\"inLanguage\":\"en-US\",\"potentialAction\":[{\"@type\":\"ReadAction\",\"target\":[\"https:\\\/\\\/akunq.net\\\/tr\\\/?p=67867\"]}]},{\"@type\":\"ImageObject\",\"inLanguage\":\"en-US\",\"@id\":\"https:\\\/\\\/akunq.net\\\/tr\\\/?p=67867#primaryimage\",\"url\":\"https:\\\/\\\/akunq.net\\\/tr\\\/wp-content\\\/uploads\\\/sites\\\/6\\\/2022\\\/04\\\/Opera-binasi.jpg\",\"contentUrl\":\"https:\\\/\\\/akunq.net\\\/tr\\\/wp-content\\\/uploads\\\/sites\\\/6\\\/2022\\\/04\\\/Opera-binasi.jpg\",\"width\":769,\"height\":510},{\"@type\":\"BreadcrumbList\",\"@id\":\"https:\\\/\\\/akunq.net\\\/tr\\\/?p=67867#breadcrumb\",\"itemListElement\":[{\"@type\":\"ListItem\",\"position\":1,\"name\":\"Home\",\"item\":\"https:\\\/\\\/akunq.net\\\/tr\"},{\"@type\":\"ListItem\",\"position\":2,\"name\":\"Ermenistan muhalefetinden 8 maddelik a\u00e7\u0131klama: Karaba\u011f Azerbaycan s\u0131n\u0131rlar\u0131 i\u00e7inde yer alamaz\"}]},{\"@type\":\"WebSite\",\"@id\":\"https:\\\/\\\/akunq.net\\\/tr\\\/#website\",\"url\":\"https:\\\/\\\/akunq.net\\\/tr\\\/\",\"name\":\"Bati Ermenistan Ve Bati Ermenileri Sorunlari Ara\u015ftirmalar Merkezi\",\"description\":\"\",\"potentialAction\":[{\"@type\":\"SearchAction\",\"target\":{\"@type\":\"EntryPoint\",\"urlTemplate\":\"https:\\\/\\\/akunq.net\\\/tr\\\/?s={search_term_string}\"},\"query-input\":{\"@type\":\"PropertyValueSpecification\",\"valueRequired\":true,\"valueName\":\"search_term_string\"}}],\"inLanguage\":\"en-US\"},{\"@type\":\"Person\",\"@id\":\"https:\\\/\\\/akunq.net\\\/tr\\\/#\\\/schema\\\/person\\\/096f1d38a12cce57fb855b485ed24c9e\",\"name\":\"admin\",\"url\":\"https:\\\/\\\/akunq.net\\\/tr\\\/?author=7\"}]}<\/script>\n<!-- \/ Yoast SEO plugin. -->","yoast_head_json":{"title":"Ermenistan muhalefetinden 8 maddelik a\u00e7\u0131klama: Karaba\u011f Azerbaycan s\u0131n\u0131rlar\u0131 i\u00e7inde yer alamaz - Bati Ermenistan Ve Bati Ermenileri Sorunlari Ara\u015ftirmalar Merkezi","robots":{"index":"index","follow":"follow","max-snippet":"max-snippet:-1","max-image-preview":"max-image-preview:large","max-video-preview":"max-video-preview:-1"},"canonical":"https:\/\/akunq.net\/tr\/?p=67867","og_locale":"en_US","og_type":"article","og_title":"Ermenistan muhalefetinden 8 maddelik a\u00e7\u0131klama: Karaba\u011f Azerbaycan s\u0131n\u0131rlar\u0131 i\u00e7inde yer alamaz - Bati Ermenistan Ve Bati Ermenileri Sorunlari Ara\u015ftirmalar Merkezi","og_description":"5 Nisan tarihinde Ermenistan\u2019\u0131n be\u015fkenti Yerevan\u2019daki \u201cAzatutyun\u201d (\u00d6zg\u00fcrl\u00fck) meydan\u0131nda Ermenistan muhalefeti kalabal\u0131k bir g\u00f6steri d\u00fczenledi. \u201cVatan Kurtulu\u015f Hareketi\u201d olarak adland\u0131r\u0131lan muhalefet birli\u011finde genelde Ermeni Devrimci Federasyonu (Ta\u015fnak Partisi), eski Cumhurba\u015fkanlar\u0131 Robert Ko\u00e7aryan\u2019\u0131n ve Serj Sarkisyan\u2019\u0131n yanda\u015flar\u0131 yer al\u0131yorlar. G\u00f6steri sonunda muhalif siyasi g\u00fc\u00e7ler 8 maddelik yaz\u0131l\u0131 bir a\u00e7\u0131klama yay\u0131nlad\u0131lar. \u0130\u015fte o a\u00e7\u0131klaman\u0131n maddeleri a\u015fa\u011f\u0131da: 1.\u00a0Ermenistan [&hellip;]","og_url":"https:\/\/akunq.net\/tr\/?p=67867","og_site_name":"Bati Ermenistan Ve Bati Ermenileri Sorunlari Ara\u015ftirmalar Merkezi","article_published_time":"2022-04-08T07:05:02+00:00","og_image":[{"width":769,"height":510,"url":"https:\/\/akunq.net\/tr\/wp-content\/uploads\/sites\/6\/2022\/04\/Opera-binasi.jpg","type":"image\/jpeg"}],"author":"admin","twitter_card":"summary_large_image","twitter_misc":{"Written by":"admin","Est. reading time":"2 minutes"},"schema":{"@context":"https:\/\/schema.org","@graph":[{"@type":"Article","@id":"https:\/\/akunq.net\/tr\/?p=67867#article","isPartOf":{"@id":"https:\/\/akunq.net\/tr\/?p=67867"},"author":{"name":"admin","@id":"https:\/\/akunq.net\/tr\/#\/schema\/person\/096f1d38a12cce57fb855b485ed24c9e"},"headline":"Ermenistan muhalefetinden 8 maddelik a\u00e7\u0131klama: Karaba\u011f Azerbaycan s\u0131n\u0131rlar\u0131 i\u00e7inde yer alamaz","datePublished":"2022-04-08T07:05:02+00:00","mainEntityOfPage":{"@id":"https:\/\/akunq.net\/tr\/?p=67867"},"wordCount":321,"commentCount":0,"image":{"@id":"https:\/\/akunq.net\/tr\/?p=67867#primaryimage"},"thumbnailUrl":"https:\/\/akunq.net\/tr\/wp-content\/uploads\/sites\/6\/2022\/04\/Opera-binasi.jpg","articleSection":["Haberler"],"inLanguage":"en-US","potentialAction":[{"@type":"CommentAction","name":"Comment","target":["https:\/\/akunq.net\/tr\/?p=67867#respond"]}]},{"@type":"WebPage","@id":"https:\/\/akunq.net\/tr\/?p=67867","url":"https:\/\/akunq.net\/tr\/?p=67867","name":"Ermenistan muhalefetinden 8 maddelik a\u00e7\u0131klama: Karaba\u011f Azerbaycan s\u0131n\u0131rlar\u0131 i\u00e7inde yer alamaz - Bati Ermenistan Ve Bati Ermenileri Sorunlari Ara\u015ftirmalar Merkezi","isPartOf":{"@id":"https:\/\/akunq.net\/tr\/#website"},"primaryImageOfPage":{"@id":"https:\/\/akunq.net\/tr\/?p=67867#primaryimage"},"image":{"@id":"https:\/\/akunq.net\/tr\/?p=67867#primaryimage"},"thumbnailUrl":"https:\/\/akunq.net\/tr\/wp-content\/uploads\/sites\/6\/2022\/04\/Opera-binasi.jpg","datePublished":"2022-04-08T07:05:02+00:00","author":{"@id":"https:\/\/akunq.net\/tr\/#\/schema\/person\/096f1d38a12cce57fb855b485ed24c9e"},"breadcrumb":{"@id":"https:\/\/akunq.net\/tr\/?p=67867#breadcrumb"},"inLanguage":"en-US","potentialAction":[{"@type":"ReadAction","target":["https:\/\/akunq.net\/tr\/?p=67867"]}]},{"@type":"ImageObject","inLanguage":"en-US","@id":"https:\/\/akunq.net\/tr\/?p=67867#primaryimage","url":"https:\/\/akunq.net\/tr\/wp-content\/uploads\/sites\/6\/2022\/04\/Opera-binasi.jpg","contentUrl":"https:\/\/akunq.net\/tr\/wp-content\/uploads\/sites\/6\/2022\/04\/Opera-binasi.jpg","width":769,"height":510},{"@type":"BreadcrumbList","@id":"https:\/\/akunq.net\/tr\/?p=67867#breadcrumb","itemListElement":[{"@type":"ListItem","position":1,"name":"Home","item":"https:\/\/akunq.net\/tr"},{"@type":"ListItem","position":2,"name":"Ermenistan muhalefetinden 8 maddelik a\u00e7\u0131klama: Karaba\u011f Azerbaycan s\u0131n\u0131rlar\u0131 i\u00e7inde yer alamaz"}]},{"@type":"WebSite","@id":"https:\/\/akunq.net\/tr\/#website","url":"https:\/\/akunq.net\/tr\/","name":"Bati Ermenistan Ve Bati Ermenileri Sorunlari Ara\u015ftirmalar Merkezi","description":"","potentialAction":[{"@type":"SearchAction","target":{"@type":"EntryPoint","urlTemplate":"https:\/\/akunq.net\/tr\/?s={search_term_string}"},"query-input":{"@type":"PropertyValueSpecification","valueRequired":true,"valueName":"search_term_string"}}],"inLanguage":"en-US"},{"@type":"Person","@id":"https:\/\/akunq.net\/tr\/#\/schema\/person\/096f1d38a12cce57fb855b485ed24c9e","name":"admin","url":"https:\/\/akunq.net\/tr\/?author=7"}]}},"_links":{"self":[{"href":"https:\/\/akunq.net\/tr\/index.php?rest_route=\/wp\/v2\/posts\/67867","targetHints":{"allow":["GET"]}}],"collection":[{"href":"https:\/\/akunq.net\/tr\/index.php?rest_route=\/wp\/v2\/posts"}],"about":[{"href":"https:\/\/akunq.net\/tr\/index.php?rest_route=\/wp\/v2\/types\/post"}],"author":[{"embeddable":true,"href":"https:\/\/akunq.net\/tr\/index.php?rest_route=\/wp\/v2\/users\/7"}],"replies":[{"embeddable":true,"href":"https:\/\/akunq.net\/tr\/index.php?rest_route=%2Fwp%2Fv2%2Fcomments&post=67867"}],"version-history":[{"count":1,"href":"https:\/\/akunq.net\/tr\/index.php?rest_route=\/wp\/v2\/posts\/67867\/revisions"}],"predecessor-version":[{"id":67869,"href":"https:\/\/akunq.net\/tr\/index.php?rest_route=\/wp\/v2\/posts\/67867\/revisions\/67869"}],"wp:featuredmedia":[{"embeddable":true,"href":"https:\/\/akunq.net\/tr\/index.php?rest_route=\/wp\/v2\/media\/67868"}],"wp:attachment":[{"href":"https:\/\/akunq.net\/tr\/index.php?rest_route=%2Fwp%2Fv2%2Fmedia&parent=67867"}],"wp:term":[{"taxonomy":"category","embeddable":true,"href":"https:\/\/akunq.net\/tr\/index.php?rest_route=%2Fwp%2Fv2%2Fcategories&post=67867"},{"taxonomy":"post_tag","embeddable":true,"href":"https:\/\/akunq.net\/tr\/index.php?rest_route=%2Fwp%2Fv2%2Ftags&post=67867"}],"curies":[{"name":"wp","href":"https:\/\/api.w.org\/{rel}","templated":true}]}}