{"id":67862,"date":"2022-04-07T02:26:11","date_gmt":"2022-04-07T07:26:11","guid":{"rendered":"https:\/\/akunq.net\/tr\/?p=67862"},"modified":"2022-04-07T02:26:11","modified_gmt":"2022-04-07T07:26:11","slug":"migirdic-margosyan-yarin-topraga-verilecek","status":"publish","type":"post","link":"https:\/\/akunq.net\/tr\/?p=67862","title":{"rendered":"M\u0131g\u0131rdi\u00e7 Margosyan, yar\u0131n topra\u011fa verilecek"},"content":{"rendered":"<p><img loading=\"lazy\" decoding=\"async\" class=\"aligncenter size-medium wp-image-67863\" src=\"https:\/\/akunq.net\/tr\/wp-content\/uploads\/2022\/04\/Margosyan-1-360x240.jpg\" alt=\"\" width=\"360\" height=\"240\" srcset=\"https:\/\/akunq.net\/tr\/wp-content\/uploads\/sites\/6\/2022\/04\/Margosyan-1-360x240.jpg 360w, https:\/\/akunq.net\/tr\/wp-content\/uploads\/sites\/6\/2022\/04\/Margosyan-1-768x513.jpg 768w, https:\/\/akunq.net\/tr\/wp-content\/uploads\/sites\/6\/2022\/04\/Margosyan-1-560x374.jpg 560w, https:\/\/akunq.net\/tr\/wp-content\/uploads\/sites\/6\/2022\/04\/Margosyan-1-260x174.jpg 260w, https:\/\/akunq.net\/tr\/wp-content\/uploads\/sites\/6\/2022\/04\/Margosyan-1-160x107.jpg 160w, https:\/\/akunq.net\/tr\/wp-content\/uploads\/sites\/6\/2022\/04\/Margosyan-1.jpg 800w\" sizes=\"auto, (max-width: 360px) 100vw, 360px\" \/><\/p>\n<p><em><strong>Gazetemizin K\u00f6\u015fe Yazar\u0131, Ermeni Yazar M\u0131g\u0131rdi\u00e7 Margosyan yar\u0131n, Kumkap\u0131 Patrikhane Kilisesinde saat 14.00\u2019te yap\u0131lacak t\u00f6renin ard\u0131ndan \u015ei\u015fli Ermeni Mezarl\u0131\u011f\u0131nda topra\u011fa verilecek.<\/strong><\/em><\/p>\n<p>2 Nisan\u2019da kaybetti\u011fimiz Gazetemizin K\u00f6\u015fe Yazar\u0131, Ermeni Yazar M\u0131g\u0131rdi\u00e7 Margosyan yar\u0131n, Kumkap\u0131 Patrikhane Kilisesinde saat 14.00\u2019te yap\u0131lacak t\u00f6renin ard\u0131ndan \u015ei\u015fli Ermeni Mezarl\u0131\u011f\u0131nda topra\u011fa verilecek. Margosyan karaci\u011ferle ba\u011flant\u0131l\u0131 sa\u011fl\u0131k sorunlar\u0131 nedeniyle bir s\u00fcredir Maltepe \u00dcniversitesi Hastanesinde tedavi g\u00f6r\u00fcyordu. Ermeni yaz\u0131n\u0131nda ta\u015fra edebiyat\u0131n\u0131n son temsilcisi olarak bilinen Margosyan Aras yay\u0131nc\u0131l\u0131\u011f\u0131n y\u00f6neticilerinden biriydi. Margosyan, Evrensel, Agos, Marmara ve Yeniy\u00fczy\u0131l gazetelerinde yazd\u0131.<\/p>\n<h3>MIGIRD\u0130\u00c7 MARGOSYAN K\u0130MD\u0130R?<\/h3>\n<p>Margosyan 23 Aral\u0131k 1938\u2019de Diyarbak\u0131r\u2019da, Han\u00e7epek Mahallesi\u2019nde (Gavur Mahallesi) do\u011fdu. E\u011fitimini\u00a0 S\u00fcleyman Nazif \u0130lkokulu, Ziya G\u00f6kalp Ortaokulu, daha sonra \u0130stanbul\u2019daki Bezciyan Ortaokulu ve Getronagan Lisesinde s\u00fcrd\u00fcrd\u00fc. \u0130stanbul \u00dcniversitesi Edebiyat Fak\u00fcltesi Felsefe B\u00f6l\u00fcm\u00fcn\u00fc bitirdi.<\/p>\n<p>1966-1972 y\u0131llar\u0131 aras\u0131nda \u00dcsk\u00fcdar Selams\u0131z\u2019daki\u00a0 Surp Ha\u00e7 T\u0131brevank Ermeni Lisesinde m\u00fcd\u00fcrl\u00fc\u011f\u00fcn yan\u0131 s\u0131ra felsefe, psikoloji, Ermeni dili ve edebiyat\u0131\u00a0 \u00f6\u011fretmenli\u011fi yapt\u0131. Daha sonra \u00f6\u011fretmenli\u011fi b\u0131rakarak ticarete at\u0131ld\u0131. Edebi \u00e7al\u0131\u015fmalar\u0131n\u0131 aral\u0131ks\u0131z\u00a0 s\u00fcrd\u00fcrd\u00fc.<\/p>\n<p>Marmara gazetesinde yay\u0131mlanan Ermenice\u00a0 \u00f6yk\u00fclerinin bir b\u00f6l\u00fcm\u00fc Mer Ayt Go\u011fmer\u0131 (Bizim Oralar)\u00a0 ad\u0131yla kitap haline getirildi (1984) ve bu kitab\u0131yla\u00a0 1988\u2019de, Ermenice yazan yazarlara verilen Eliz Kavuk\u00e7uyan Edebiyat \u00d6d\u00fcl\u00fc\u2019n\u00fc ald\u0131. Aras Yay\u0131nc\u0131l\u0131k taraf\u0131ndan bas\u0131lan G\u00e2vur Mahallesi (1992), S\u00f6yle Margos Nerelisen? (1995) ve Biletimiz \u0130stanbul\u2019a Kesildi (1998) adl\u0131 T\u00fcrk\u00e7e kitaplar\u0131n\u0131, 1999\u2019da ikinci Ermenice kitab\u0131 Dikrisi\u00a0 Aperen izledi. T\u00fcrk\u00e7e kaleme ald\u0131\u011f\u0131 Tespih Taneleri (2006) adl\u0131 an\u0131-roman\u0131 b\u00fcy\u00fck ilgiyle kar\u015f\u0131land\u0131. Evrensel, Agos ve Yeni Ya\u015fam gazetelerinde yazd\u0131\u011f\u0131 yaz\u0131lar, Kirveme Mektuplar,\u00a0 \u00c7engellii\u011fne, Zurna\u00a0 ve K\u00fcrdan isimleriyle\u00a0 kitapla\u015ft\u0131r\u0131ld\u0131. Yazar\u0131n, d\u00fcnyan\u0131n yarat\u0131l\u0131\u015f hikayesini mizahi bir \u00fcslupla ele ald\u0131\u011f\u0131 son kitab\u0131\u00a0 Tanr\u0131\u2019n\u0131n Seyir Defteri ise 2016\u2019da yay\u0131mland\u0131.<b>\u00a0<\/b><\/p>\n<p><strong><em><a href=\"https:\/\/www.evrensel.net\/haber\/458797\/migirdic-margosyan-yarin-topraga-verilecek\">https:\/\/www.evrensel.net\/haber\/458797\/migirdic-margosyan-yarin-topraga-verilecek<\/a><\/em><\/strong><\/p>\n<div class=\"sharedaddy sd-sharing-enabled\">\n<div class=\"robots-nocontent sd-block sd-social sd-social-icon-text sd-sharing\">\n<h3 class=\"sd-title\"><\/h3>\n<\/div>\n<\/div>\n","protected":false},"excerpt":{"rendered":"<p>Gazetemizin K\u00f6\u015fe Yazar\u0131, Ermeni Yazar M\u0131g\u0131rdi\u00e7 Margosyan yar\u0131n, Kumkap\u0131 Patrikhane Kilisesinde saat 14.00\u2019te yap\u0131lacak t\u00f6renin ard\u0131ndan \u015ei\u015fli Ermeni Mezarl\u0131\u011f\u0131nda topra\u011fa verilecek. 2 Nisan\u2019da kaybetti\u011fimiz Gazetemizin K\u00f6\u015fe Yazar\u0131, Ermeni Yazar M\u0131g\u0131rdi\u00e7 Margosyan yar\u0131n, Kumkap\u0131 Patrikhane Kilisesinde saat 14.00\u2019te yap\u0131lacak t\u00f6renin ard\u0131ndan \u015ei\u015fli Ermeni Mezarl\u0131\u011f\u0131nda topra\u011fa verilecek. Margosyan karaci\u011ferle ba\u011flant\u0131l\u0131 sa\u011fl\u0131k sorunlar\u0131 nedeniyle bir s\u00fcredir Maltepe \u00dcniversitesi [&hellip;]<\/p>\n","protected":false},"author":7,"featured_media":67863,"comment_status":"open","ping_status":"open","sticky":false,"template":"","format":"standard","meta":{"footnotes":""},"categories":[1],"tags":[],"class_list":["post-67862","post","type-post","status-publish","format-standard","has-post-thumbnail","hentry","category-haberler"],"yoast_head":"<!-- This site is optimized with the Yoast SEO plugin v27.4 - https:\/\/yoast.com\/product\/yoast-seo-wordpress\/ -->\n<title>M\u0131g\u0131rdi\u00e7 Margosyan, yar\u0131n topra\u011fa verilecek - Bati Ermenistan Ve Bati Ermenileri Sorunlari Ara\u015ftirmalar Merkezi<\/title>\n<meta name=\"robots\" content=\"index, follow, max-snippet:-1, max-image-preview:large, max-video-preview:-1\" \/>\n<link rel=\"canonical\" href=\"https:\/\/akunq.net\/tr\/?p=67862\" \/>\n<meta property=\"og:locale\" content=\"en_US\" \/>\n<meta property=\"og:type\" content=\"article\" \/>\n<meta property=\"og:title\" content=\"M\u0131g\u0131rdi\u00e7 Margosyan, yar\u0131n topra\u011fa verilecek - Bati Ermenistan Ve Bati Ermenileri Sorunlari Ara\u015ftirmalar Merkezi\" \/>\n<meta property=\"og:description\" content=\"Gazetemizin K\u00f6\u015fe Yazar\u0131, Ermeni Yazar M\u0131g\u0131rdi\u00e7 Margosyan yar\u0131n, Kumkap\u0131 Patrikhane Kilisesinde saat 14.00\u2019te yap\u0131lacak t\u00f6renin ard\u0131ndan \u015ei\u015fli Ermeni Mezarl\u0131\u011f\u0131nda topra\u011fa verilecek. 2 Nisan\u2019da kaybetti\u011fimiz Gazetemizin K\u00f6\u015fe Yazar\u0131, Ermeni Yazar M\u0131g\u0131rdi\u00e7 Margosyan yar\u0131n, Kumkap\u0131 Patrikhane Kilisesinde saat 14.00\u2019te yap\u0131lacak t\u00f6renin ard\u0131ndan \u015ei\u015fli Ermeni Mezarl\u0131\u011f\u0131nda topra\u011fa verilecek. Margosyan karaci\u011ferle ba\u011flant\u0131l\u0131 sa\u011fl\u0131k sorunlar\u0131 nedeniyle bir s\u00fcredir Maltepe \u00dcniversitesi [&hellip;]\" \/>\n<meta property=\"og:url\" content=\"https:\/\/akunq.net\/tr\/?p=67862\" \/>\n<meta property=\"og:site_name\" content=\"Bati Ermenistan Ve Bati Ermenileri Sorunlari Ara\u015ftirmalar Merkezi\" \/>\n<meta property=\"article:published_time\" content=\"2022-04-07T07:26:11+00:00\" \/>\n<meta property=\"og:image\" content=\"https:\/\/akunq.net\/tr\/wp-content\/uploads\/sites\/6\/2022\/04\/Margosyan-1.jpg\" \/>\n\t<meta property=\"og:image:width\" content=\"800\" \/>\n\t<meta property=\"og:image:height\" content=\"534\" \/>\n\t<meta property=\"og:image:type\" content=\"image\/jpeg\" \/>\n<meta name=\"author\" content=\"admin\" \/>\n<meta name=\"twitter:card\" content=\"summary_large_image\" \/>\n<meta name=\"twitter:label1\" content=\"Written by\" \/>\n\t<meta name=\"twitter:data1\" content=\"admin\" \/>\n\t<meta name=\"twitter:label2\" content=\"Est. reading time\" \/>\n\t<meta name=\"twitter:data2\" content=\"2 minutes\" \/>\n<script type=\"application\/ld+json\" class=\"yoast-schema-graph\">{\"@context\":\"https:\\\/\\\/schema.org\",\"@graph\":[{\"@type\":\"Article\",\"@id\":\"https:\\\/\\\/akunq.net\\\/tr\\\/?p=67862#article\",\"isPartOf\":{\"@id\":\"https:\\\/\\\/akunq.net\\\/tr\\\/?p=67862\"},\"author\":{\"name\":\"admin\",\"@id\":\"https:\\\/\\\/akunq.net\\\/tr\\\/#\\\/schema\\\/person\\\/096f1d38a12cce57fb855b485ed24c9e\"},\"headline\":\"M\u0131g\u0131rdi\u00e7 Margosyan, yar\u0131n topra\u011fa verilecek\",\"datePublished\":\"2022-04-07T07:26:11+00:00\",\"mainEntityOfPage\":{\"@id\":\"https:\\\/\\\/akunq.net\\\/tr\\\/?p=67862\"},\"wordCount\":374,\"commentCount\":0,\"image\":{\"@id\":\"https:\\\/\\\/akunq.net\\\/tr\\\/?p=67862#primaryimage\"},\"thumbnailUrl\":\"https:\\\/\\\/akunq.net\\\/tr\\\/wp-content\\\/uploads\\\/sites\\\/6\\\/2022\\\/04\\\/Margosyan-1.jpg\",\"articleSection\":[\"Haberler\"],\"inLanguage\":\"en-US\",\"potentialAction\":[{\"@type\":\"CommentAction\",\"name\":\"Comment\",\"target\":[\"https:\\\/\\\/akunq.net\\\/tr\\\/?p=67862#respond\"]}]},{\"@type\":\"WebPage\",\"@id\":\"https:\\\/\\\/akunq.net\\\/tr\\\/?p=67862\",\"url\":\"https:\\\/\\\/akunq.net\\\/tr\\\/?p=67862\",\"name\":\"M\u0131g\u0131rdi\u00e7 Margosyan, yar\u0131n topra\u011fa verilecek - Bati Ermenistan Ve Bati Ermenileri Sorunlari Ara\u015ftirmalar Merkezi\",\"isPartOf\":{\"@id\":\"https:\\\/\\\/akunq.net\\\/tr\\\/#website\"},\"primaryImageOfPage\":{\"@id\":\"https:\\\/\\\/akunq.net\\\/tr\\\/?p=67862#primaryimage\"},\"image\":{\"@id\":\"https:\\\/\\\/akunq.net\\\/tr\\\/?p=67862#primaryimage\"},\"thumbnailUrl\":\"https:\\\/\\\/akunq.net\\\/tr\\\/wp-content\\\/uploads\\\/sites\\\/6\\\/2022\\\/04\\\/Margosyan-1.jpg\",\"datePublished\":\"2022-04-07T07:26:11+00:00\",\"author\":{\"@id\":\"https:\\\/\\\/akunq.net\\\/tr\\\/#\\\/schema\\\/person\\\/096f1d38a12cce57fb855b485ed24c9e\"},\"breadcrumb\":{\"@id\":\"https:\\\/\\\/akunq.net\\\/tr\\\/?p=67862#breadcrumb\"},\"inLanguage\":\"en-US\",\"potentialAction\":[{\"@type\":\"ReadAction\",\"target\":[\"https:\\\/\\\/akunq.net\\\/tr\\\/?p=67862\"]}]},{\"@type\":\"ImageObject\",\"inLanguage\":\"en-US\",\"@id\":\"https:\\\/\\\/akunq.net\\\/tr\\\/?p=67862#primaryimage\",\"url\":\"https:\\\/\\\/akunq.net\\\/tr\\\/wp-content\\\/uploads\\\/sites\\\/6\\\/2022\\\/04\\\/Margosyan-1.jpg\",\"contentUrl\":\"https:\\\/\\\/akunq.net\\\/tr\\\/wp-content\\\/uploads\\\/sites\\\/6\\\/2022\\\/04\\\/Margosyan-1.jpg\",\"width\":800,\"height\":534},{\"@type\":\"BreadcrumbList\",\"@id\":\"https:\\\/\\\/akunq.net\\\/tr\\\/?p=67862#breadcrumb\",\"itemListElement\":[{\"@type\":\"ListItem\",\"position\":1,\"name\":\"Home\",\"item\":\"https:\\\/\\\/akunq.net\\\/tr\"},{\"@type\":\"ListItem\",\"position\":2,\"name\":\"M\u0131g\u0131rdi\u00e7 Margosyan, yar\u0131n topra\u011fa verilecek\"}]},{\"@type\":\"WebSite\",\"@id\":\"https:\\\/\\\/akunq.net\\\/tr\\\/#website\",\"url\":\"https:\\\/\\\/akunq.net\\\/tr\\\/\",\"name\":\"Bati Ermenistan Ve Bati Ermenileri Sorunlari Ara\u015ftirmalar Merkezi\",\"description\":\"\",\"potentialAction\":[{\"@type\":\"SearchAction\",\"target\":{\"@type\":\"EntryPoint\",\"urlTemplate\":\"https:\\\/\\\/akunq.net\\\/tr\\\/?s={search_term_string}\"},\"query-input\":{\"@type\":\"PropertyValueSpecification\",\"valueRequired\":true,\"valueName\":\"search_term_string\"}}],\"inLanguage\":\"en-US\"},{\"@type\":\"Person\",\"@id\":\"https:\\\/\\\/akunq.net\\\/tr\\\/#\\\/schema\\\/person\\\/096f1d38a12cce57fb855b485ed24c9e\",\"name\":\"admin\",\"url\":\"https:\\\/\\\/akunq.net\\\/tr\\\/?author=7\"}]}<\/script>\n<!-- \/ Yoast SEO plugin. -->","yoast_head_json":{"title":"M\u0131g\u0131rdi\u00e7 Margosyan, yar\u0131n topra\u011fa verilecek - Bati Ermenistan Ve Bati Ermenileri Sorunlari Ara\u015ftirmalar Merkezi","robots":{"index":"index","follow":"follow","max-snippet":"max-snippet:-1","max-image-preview":"max-image-preview:large","max-video-preview":"max-video-preview:-1"},"canonical":"https:\/\/akunq.net\/tr\/?p=67862","og_locale":"en_US","og_type":"article","og_title":"M\u0131g\u0131rdi\u00e7 Margosyan, yar\u0131n topra\u011fa verilecek - Bati Ermenistan Ve Bati Ermenileri Sorunlari Ara\u015ftirmalar Merkezi","og_description":"Gazetemizin K\u00f6\u015fe Yazar\u0131, Ermeni Yazar M\u0131g\u0131rdi\u00e7 Margosyan yar\u0131n, Kumkap\u0131 Patrikhane Kilisesinde saat 14.00\u2019te yap\u0131lacak t\u00f6renin ard\u0131ndan \u015ei\u015fli Ermeni Mezarl\u0131\u011f\u0131nda topra\u011fa verilecek. 2 Nisan\u2019da kaybetti\u011fimiz Gazetemizin K\u00f6\u015fe Yazar\u0131, Ermeni Yazar M\u0131g\u0131rdi\u00e7 Margosyan yar\u0131n, Kumkap\u0131 Patrikhane Kilisesinde saat 14.00\u2019te yap\u0131lacak t\u00f6renin ard\u0131ndan \u015ei\u015fli Ermeni Mezarl\u0131\u011f\u0131nda topra\u011fa verilecek. Margosyan karaci\u011ferle ba\u011flant\u0131l\u0131 sa\u011fl\u0131k sorunlar\u0131 nedeniyle bir s\u00fcredir Maltepe \u00dcniversitesi [&hellip;]","og_url":"https:\/\/akunq.net\/tr\/?p=67862","og_site_name":"Bati Ermenistan Ve Bati Ermenileri Sorunlari Ara\u015ftirmalar Merkezi","article_published_time":"2022-04-07T07:26:11+00:00","og_image":[{"width":800,"height":534,"url":"https:\/\/akunq.net\/tr\/wp-content\/uploads\/sites\/6\/2022\/04\/Margosyan-1.jpg","type":"image\/jpeg"}],"author":"admin","twitter_card":"summary_large_image","twitter_misc":{"Written by":"admin","Est. reading time":"2 minutes"},"schema":{"@context":"https:\/\/schema.org","@graph":[{"@type":"Article","@id":"https:\/\/akunq.net\/tr\/?p=67862#article","isPartOf":{"@id":"https:\/\/akunq.net\/tr\/?p=67862"},"author":{"name":"admin","@id":"https:\/\/akunq.net\/tr\/#\/schema\/person\/096f1d38a12cce57fb855b485ed24c9e"},"headline":"M\u0131g\u0131rdi\u00e7 Margosyan, yar\u0131n topra\u011fa verilecek","datePublished":"2022-04-07T07:26:11+00:00","mainEntityOfPage":{"@id":"https:\/\/akunq.net\/tr\/?p=67862"},"wordCount":374,"commentCount":0,"image":{"@id":"https:\/\/akunq.net\/tr\/?p=67862#primaryimage"},"thumbnailUrl":"https:\/\/akunq.net\/tr\/wp-content\/uploads\/sites\/6\/2022\/04\/Margosyan-1.jpg","articleSection":["Haberler"],"inLanguage":"en-US","potentialAction":[{"@type":"CommentAction","name":"Comment","target":["https:\/\/akunq.net\/tr\/?p=67862#respond"]}]},{"@type":"WebPage","@id":"https:\/\/akunq.net\/tr\/?p=67862","url":"https:\/\/akunq.net\/tr\/?p=67862","name":"M\u0131g\u0131rdi\u00e7 Margosyan, yar\u0131n topra\u011fa verilecek - Bati Ermenistan Ve Bati Ermenileri Sorunlari Ara\u015ftirmalar Merkezi","isPartOf":{"@id":"https:\/\/akunq.net\/tr\/#website"},"primaryImageOfPage":{"@id":"https:\/\/akunq.net\/tr\/?p=67862#primaryimage"},"image":{"@id":"https:\/\/akunq.net\/tr\/?p=67862#primaryimage"},"thumbnailUrl":"https:\/\/akunq.net\/tr\/wp-content\/uploads\/sites\/6\/2022\/04\/Margosyan-1.jpg","datePublished":"2022-04-07T07:26:11+00:00","author":{"@id":"https:\/\/akunq.net\/tr\/#\/schema\/person\/096f1d38a12cce57fb855b485ed24c9e"},"breadcrumb":{"@id":"https:\/\/akunq.net\/tr\/?p=67862#breadcrumb"},"inLanguage":"en-US","potentialAction":[{"@type":"ReadAction","target":["https:\/\/akunq.net\/tr\/?p=67862"]}]},{"@type":"ImageObject","inLanguage":"en-US","@id":"https:\/\/akunq.net\/tr\/?p=67862#primaryimage","url":"https:\/\/akunq.net\/tr\/wp-content\/uploads\/sites\/6\/2022\/04\/Margosyan-1.jpg","contentUrl":"https:\/\/akunq.net\/tr\/wp-content\/uploads\/sites\/6\/2022\/04\/Margosyan-1.jpg","width":800,"height":534},{"@type":"BreadcrumbList","@id":"https:\/\/akunq.net\/tr\/?p=67862#breadcrumb","itemListElement":[{"@type":"ListItem","position":1,"name":"Home","item":"https:\/\/akunq.net\/tr"},{"@type":"ListItem","position":2,"name":"M\u0131g\u0131rdi\u00e7 Margosyan, yar\u0131n topra\u011fa verilecek"}]},{"@type":"WebSite","@id":"https:\/\/akunq.net\/tr\/#website","url":"https:\/\/akunq.net\/tr\/","name":"Bati Ermenistan Ve Bati Ermenileri Sorunlari Ara\u015ftirmalar Merkezi","description":"","potentialAction":[{"@type":"SearchAction","target":{"@type":"EntryPoint","urlTemplate":"https:\/\/akunq.net\/tr\/?s={search_term_string}"},"query-input":{"@type":"PropertyValueSpecification","valueRequired":true,"valueName":"search_term_string"}}],"inLanguage":"en-US"},{"@type":"Person","@id":"https:\/\/akunq.net\/tr\/#\/schema\/person\/096f1d38a12cce57fb855b485ed24c9e","name":"admin","url":"https:\/\/akunq.net\/tr\/?author=7"}]}},"_links":{"self":[{"href":"https:\/\/akunq.net\/tr\/index.php?rest_route=\/wp\/v2\/posts\/67862","targetHints":{"allow":["GET"]}}],"collection":[{"href":"https:\/\/akunq.net\/tr\/index.php?rest_route=\/wp\/v2\/posts"}],"about":[{"href":"https:\/\/akunq.net\/tr\/index.php?rest_route=\/wp\/v2\/types\/post"}],"author":[{"embeddable":true,"href":"https:\/\/akunq.net\/tr\/index.php?rest_route=\/wp\/v2\/users\/7"}],"replies":[{"embeddable":true,"href":"https:\/\/akunq.net\/tr\/index.php?rest_route=%2Fwp%2Fv2%2Fcomments&post=67862"}],"version-history":[{"count":1,"href":"https:\/\/akunq.net\/tr\/index.php?rest_route=\/wp\/v2\/posts\/67862\/revisions"}],"predecessor-version":[{"id":67864,"href":"https:\/\/akunq.net\/tr\/index.php?rest_route=\/wp\/v2\/posts\/67862\/revisions\/67864"}],"wp:featuredmedia":[{"embeddable":true,"href":"https:\/\/akunq.net\/tr\/index.php?rest_route=\/wp\/v2\/media\/67863"}],"wp:attachment":[{"href":"https:\/\/akunq.net\/tr\/index.php?rest_route=%2Fwp%2Fv2%2Fmedia&parent=67862"}],"wp:term":[{"taxonomy":"category","embeddable":true,"href":"https:\/\/akunq.net\/tr\/index.php?rest_route=%2Fwp%2Fv2%2Fcategories&post=67862"},{"taxonomy":"post_tag","embeddable":true,"href":"https:\/\/akunq.net\/tr\/index.php?rest_route=%2Fwp%2Fv2%2Ftags&post=67862"}],"curies":[{"name":"wp","href":"https:\/\/api.w.org\/{rel}","templated":true}]}}