{"id":67832,"date":"2022-04-06T02:03:11","date_gmt":"2022-04-06T07:03:11","guid":{"rendered":"https:\/\/akunq.net\/tr\/?p=67832"},"modified":"2022-04-06T02:03:11","modified_gmt":"2022-04-06T07:03:11","slug":"aydin-cubukcu-migirdic-margosyanin-ardindan-yazdi-elveda-migirdic-usta","status":"publish","type":"post","link":"https:\/\/akunq.net\/tr\/?p=67832","title":{"rendered":"Ayd\u0131n \u00c7ubuk\u00e7u, M\u0131g\u0131rdi\u00e7 Margosyan\u2019\u0131n ard\u0131ndan yazd\u0131: \u201cElveda M\u0131g\u0131rdi\u00e7 Usta\u201d"},"content":{"rendered":"<p><img loading=\"lazy\" decoding=\"async\" class=\"aligncenter size-medium wp-image-67833\" src=\"https:\/\/akunq.net\/tr\/wp-content\/uploads\/2022\/04\/M\u0131g\u0131rdi\u00e7-Margosyan-3-360x203.jpg\" alt=\"\" width=\"360\" height=\"203\" srcset=\"https:\/\/akunq.net\/tr\/wp-content\/uploads\/sites\/6\/2022\/04\/M\u0131g\u0131rdi\u00e7-Margosyan-3-360x203.jpg 360w, https:\/\/akunq.net\/tr\/wp-content\/uploads\/sites\/6\/2022\/04\/M\u0131g\u0131rdi\u00e7-Margosyan-3-768x432.jpg 768w, https:\/\/akunq.net\/tr\/wp-content\/uploads\/sites\/6\/2022\/04\/M\u0131g\u0131rdi\u00e7-Margosyan-3-560x315.jpg 560w, https:\/\/akunq.net\/tr\/wp-content\/uploads\/sites\/6\/2022\/04\/M\u0131g\u0131rdi\u00e7-Margosyan-3-260x146.jpg 260w, https:\/\/akunq.net\/tr\/wp-content\/uploads\/sites\/6\/2022\/04\/M\u0131g\u0131rdi\u00e7-Margosyan-3-160x90.jpg 160w, https:\/\/akunq.net\/tr\/wp-content\/uploads\/sites\/6\/2022\/04\/M\u0131g\u0131rdi\u00e7-Margosyan-3.jpg 1280w\" sizes=\"auto, (max-width: 360px) 100vw, 360px\" \/><\/p>\n<p><em><strong>\u00c7ok ac\u0131l\u0131 ve \u00e7ok ne\u015feli olmay\u0131, her durumda espriler yapmay\u0131 beceren iyimserli\u011fi ve umudu ile bir \u0131\u015f\u0131k topu gibiydi.<\/strong><\/em><\/p>\n<p><strong>Ayd\u0131n \u00c7UBUK\u00c7U<\/strong><\/p>\n<p>Doksanl\u0131 y\u0131llar\u0131n ortalar\u0131nda, \u201995 ya da \u201896 olmal\u0131, Diyarbak\u0131r\u2019da Ermenice bas\u0131lm\u0131\u015f sosyalist bir gazetenin fotokopisiyle Evrensel K\u00fclt\u00fcr dergimize geldi. Yaln\u0131zca \u00f6yk\u00fclerinden tan\u0131yordum o g\u00fcne de\u011fin. Y\u00fcz y\u00fcze ilk o g\u00fcn tan\u0131\u015ft\u0131k, hararetle el s\u0131k\u0131\u015ft\u0131k. M\u00fcthi\u015f keyifli bir sohbet i\u00e7inde, o y\u00fczy\u0131ll\u0131k sosyalist gazetedeki yaz\u0131lar\u0131n baz\u0131lar\u0131ndan k\u0131sa \u00e7eviriler yapt\u0131. 1 May\u0131s dolay\u0131s\u0131yla yaz\u0131lm\u0131\u015f bir bildiri \u00f6zellikle ola\u011fan\u00fcst\u00fcyd\u00fc. K\u00fcrt, Ermeni, T\u00fcrk proleterlerin karde\u015fli\u011fine ve birlikte m\u00fccadelesine \u00e7a\u011fr\u0131 yapan, bug\u00fcn bile virg\u00fcl\u00fcne dokunmadan da\u011f\u0131t\u0131labilecek, de\u011ferinden hi\u00e7 kaybetmemi\u015f bir bildiriydi. Gazeteyi tan\u0131tan bir yaz\u0131y\u0131 dergide yay\u0131mlad\u0131k. Sonra s\u0131k s\u0131k T\u00fcnel\u2019de kesi\u015fti yolumuz. F\u0131rsat ve zaman bulduk\u00e7a, derinlere saklanm\u0131\u015f Aras Yay\u0131nevinde bulu\u015fur s\u00f6yle\u015firdik. \u00c7ok ac\u0131l\u0131 ve \u00e7ok ne\u015feli olmay\u0131, her durumda espriler yapmay\u0131 beceren iyimserli\u011fi ve umudu ile bir \u0131\u015f\u0131k topu gibiydi. \u0130lk okudu\u011fum, \u201cG\u00e2vur Mahallesi\u201d, Sivas\u2019ta \u00e7ocuklu\u011fumun ge\u00e7ti\u011fi \u201cErmeni Mahallesi\u201d an\u0131lar\u0131na g\u00f6t\u00fcrm\u00fc\u015ft\u00fc beni. Terziler, marangozlar, kuyumcular, demirciler\u2026 Ve ikinci anam\u0131z gibi bildi\u011fimiz Madam Elmas\u2019la ilgili an\u0131lar\u0131m\u0131 ilgiyle dinler, kimi zaman h\u00fcz\u00fcnlenir, kimi zaman o kocaman kahkahalar\u0131ndan birini patlat\u0131rd\u0131.<\/p>\n<p>\u00d6yk\u00fclerinin okuyan\u0131 s\u0131ms\u0131k\u0131 saran i\u00e7tenli\u011fi ve d\u00fcr\u00fcstl\u00fc\u011f\u00fc de, ince mizahla birlikte giden derin ac\u0131lar y\u00fckl\u00fc i\u00e7erikleri de onun kimli\u011finin apa\u00e7\u0131k yans\u0131mas\u0131yd\u0131. Ve Evrensel\u2019deki yaz\u0131lar\u0131\u2026 Her hafta bir \u201cMesele\u201dyi kulaklar\u0131ndan tutup evirip \u00e7evirmesi, kas\u0131tl\u0131 uzatt\u0131\u011f\u0131 ama \u00e7ok zekice yaz\u0131lm\u0131\u015f ilk paragraftan ba\u015flay\u0131p son sat\u0131r\u0131na kadar okunan g\u00fczelim pazar yaz\u0131lar\u0131\u2026<\/p>\n<p>Birka\u00e7 \u00f6\u011frencisine denk geldim yay\u0131nevinde. O b\u00fcy\u00fck sevgilerini, derin sayg\u0131lar\u0131n\u0131 izledim. S\u0131n\u0131fta nas\u0131l oldu\u011funu hayal ettim. Sahici bir insan, kocaman bir y\u00fcrek ve keskin bir zeka, art\u0131k aram\u0131zda yok.<\/p>\n<p>\u00c7ok borcumuz var! Halk\u0131n\u0131n b\u00fct\u00fcn has \u00f6zelliklerini yans\u0131tan ayd\u0131nl\u0131\u011f\u0131n\u0131 elbette \u00f6zleyecek, g\u00fczel an\u0131s\u0131n\u0131 ya\u015fataca\u011f\u0131z; ama hepimizin pay\u0131na d\u00fc\u015fen, kalbinin derinliklerinde ta\u015f\u0131d\u0131\u011f\u0131 b\u00fcy\u00fck ve onurlu ac\u0131y\u0131 payla\u015farak borcumuzun bir k\u0131sm\u0131n\u0131 olsun \u00f6demeye \u00e7al\u0131\u015fmak olmal\u0131.<\/p>\n<p><em><strong><a href=\"https:\/\/www.evrensel.net\/haber\/458536\/aydin-cubukcu-migirdic-margosyanin-ardindan-yazdi-elveda-migirdic-usta\">https:\/\/www.evrensel.net\/haber\/458536\/aydin-cubukcu-migirdic-margosyanin-ardindan-yazdi-elveda-migirdic-usta<\/a>\u00a0<\/strong><\/em><\/p>\n","protected":false},"excerpt":{"rendered":"<p>\u00c7ok ac\u0131l\u0131 ve \u00e7ok ne\u015feli olmay\u0131, her durumda espriler yapmay\u0131 beceren iyimserli\u011fi ve umudu ile bir \u0131\u015f\u0131k topu gibiydi. Ayd\u0131n \u00c7UBUK\u00c7U Doksanl\u0131 y\u0131llar\u0131n ortalar\u0131nda, \u201995 ya da \u201896 olmal\u0131, Diyarbak\u0131r\u2019da Ermenice bas\u0131lm\u0131\u015f sosyalist bir gazetenin fotokopisiyle Evrensel K\u00fclt\u00fcr dergimize geldi. Yaln\u0131zca \u00f6yk\u00fclerinden tan\u0131yordum o g\u00fcne de\u011fin. Y\u00fcz y\u00fcze ilk o g\u00fcn tan\u0131\u015ft\u0131k, hararetle el s\u0131k\u0131\u015ft\u0131k. [&hellip;]<\/p>\n","protected":false},"author":7,"featured_media":67833,"comment_status":"open","ping_status":"open","sticky":false,"template":"","format":"standard","meta":{"footnotes":""},"categories":[1],"tags":[],"class_list":["post-67832","post","type-post","status-publish","format-standard","has-post-thumbnail","hentry","category-haberler"],"yoast_head":"<!-- This site is optimized with the Yoast SEO plugin v27.4 - https:\/\/yoast.com\/product\/yoast-seo-wordpress\/ -->\n<title>Ayd\u0131n \u00c7ubuk\u00e7u, M\u0131g\u0131rdi\u00e7 Margosyan\u2019\u0131n ard\u0131ndan yazd\u0131: \u201cElveda M\u0131g\u0131rdi\u00e7 Usta\u201d - Bati Ermenistan Ve Bati Ermenileri Sorunlari Ara\u015ftirmalar Merkezi<\/title>\n<meta name=\"robots\" content=\"index, follow, max-snippet:-1, max-image-preview:large, max-video-preview:-1\" \/>\n<link rel=\"canonical\" href=\"https:\/\/akunq.net\/tr\/?p=67832\" \/>\n<meta property=\"og:locale\" content=\"en_US\" \/>\n<meta property=\"og:type\" content=\"article\" \/>\n<meta property=\"og:title\" content=\"Ayd\u0131n \u00c7ubuk\u00e7u, M\u0131g\u0131rdi\u00e7 Margosyan\u2019\u0131n ard\u0131ndan yazd\u0131: \u201cElveda M\u0131g\u0131rdi\u00e7 Usta\u201d - Bati Ermenistan Ve Bati Ermenileri Sorunlari Ara\u015ftirmalar Merkezi\" \/>\n<meta property=\"og:description\" content=\"\u00c7ok ac\u0131l\u0131 ve \u00e7ok ne\u015feli olmay\u0131, her durumda espriler yapmay\u0131 beceren iyimserli\u011fi ve umudu ile bir \u0131\u015f\u0131k topu gibiydi. Ayd\u0131n \u00c7UBUK\u00c7U Doksanl\u0131 y\u0131llar\u0131n ortalar\u0131nda, \u201995 ya da \u201896 olmal\u0131, Diyarbak\u0131r\u2019da Ermenice bas\u0131lm\u0131\u015f sosyalist bir gazetenin fotokopisiyle Evrensel K\u00fclt\u00fcr dergimize geldi. Yaln\u0131zca \u00f6yk\u00fclerinden tan\u0131yordum o g\u00fcne de\u011fin. Y\u00fcz y\u00fcze ilk o g\u00fcn tan\u0131\u015ft\u0131k, hararetle el s\u0131k\u0131\u015ft\u0131k. [&hellip;]\" \/>\n<meta property=\"og:url\" content=\"https:\/\/akunq.net\/tr\/?p=67832\" \/>\n<meta property=\"og:site_name\" content=\"Bati Ermenistan Ve Bati Ermenileri Sorunlari Ara\u015ftirmalar Merkezi\" \/>\n<meta property=\"article:published_time\" content=\"2022-04-06T07:03:11+00:00\" \/>\n<meta property=\"og:image\" content=\"https:\/\/akunq.net\/tr\/wp-content\/uploads\/sites\/6\/2022\/04\/M\u0131g\u0131rdi\u00e7-Margosyan-3.jpg\" \/>\n\t<meta property=\"og:image:width\" content=\"1280\" \/>\n\t<meta property=\"og:image:height\" content=\"720\" \/>\n\t<meta property=\"og:image:type\" content=\"image\/jpeg\" \/>\n<meta name=\"author\" content=\"admin\" \/>\n<meta name=\"twitter:card\" content=\"summary_large_image\" \/>\n<meta name=\"twitter:label1\" content=\"Written by\" \/>\n\t<meta name=\"twitter:data1\" content=\"admin\" \/>\n\t<meta name=\"twitter:label2\" content=\"Est. reading time\" \/>\n\t<meta name=\"twitter:data2\" content=\"2 minutes\" \/>\n<script type=\"application\/ld+json\" class=\"yoast-schema-graph\">{\"@context\":\"https:\\\/\\\/schema.org\",\"@graph\":[{\"@type\":\"Article\",\"@id\":\"https:\\\/\\\/akunq.net\\\/tr\\\/?p=67832#article\",\"isPartOf\":{\"@id\":\"https:\\\/\\\/akunq.net\\\/tr\\\/?p=67832\"},\"author\":{\"name\":\"admin\",\"@id\":\"https:\\\/\\\/akunq.net\\\/tr\\\/#\\\/schema\\\/person\\\/096f1d38a12cce57fb855b485ed24c9e\"},\"headline\":\"Ayd\u0131n \u00c7ubuk\u00e7u, M\u0131g\u0131rdi\u00e7 Margosyan\u2019\u0131n ard\u0131ndan yazd\u0131: \u201cElveda M\u0131g\u0131rdi\u00e7 Usta\u201d\",\"datePublished\":\"2022-04-06T07:03:11+00:00\",\"mainEntityOfPage\":{\"@id\":\"https:\\\/\\\/akunq.net\\\/tr\\\/?p=67832\"},\"wordCount\":458,\"commentCount\":0,\"image\":{\"@id\":\"https:\\\/\\\/akunq.net\\\/tr\\\/?p=67832#primaryimage\"},\"thumbnailUrl\":\"https:\\\/\\\/akunq.net\\\/tr\\\/wp-content\\\/uploads\\\/sites\\\/6\\\/2022\\\/04\\\/M\u0131g\u0131rdi\u00e7-Margosyan-3.jpg\",\"articleSection\":[\"Haberler\"],\"inLanguage\":\"en-US\",\"potentialAction\":[{\"@type\":\"CommentAction\",\"name\":\"Comment\",\"target\":[\"https:\\\/\\\/akunq.net\\\/tr\\\/?p=67832#respond\"]}]},{\"@type\":\"WebPage\",\"@id\":\"https:\\\/\\\/akunq.net\\\/tr\\\/?p=67832\",\"url\":\"https:\\\/\\\/akunq.net\\\/tr\\\/?p=67832\",\"name\":\"Ayd\u0131n \u00c7ubuk\u00e7u, M\u0131g\u0131rdi\u00e7 Margosyan\u2019\u0131n ard\u0131ndan yazd\u0131: \u201cElveda M\u0131g\u0131rdi\u00e7 Usta\u201d - Bati Ermenistan Ve Bati Ermenileri Sorunlari Ara\u015ftirmalar Merkezi\",\"isPartOf\":{\"@id\":\"https:\\\/\\\/akunq.net\\\/tr\\\/#website\"},\"primaryImageOfPage\":{\"@id\":\"https:\\\/\\\/akunq.net\\\/tr\\\/?p=67832#primaryimage\"},\"image\":{\"@id\":\"https:\\\/\\\/akunq.net\\\/tr\\\/?p=67832#primaryimage\"},\"thumbnailUrl\":\"https:\\\/\\\/akunq.net\\\/tr\\\/wp-content\\\/uploads\\\/sites\\\/6\\\/2022\\\/04\\\/M\u0131g\u0131rdi\u00e7-Margosyan-3.jpg\",\"datePublished\":\"2022-04-06T07:03:11+00:00\",\"author\":{\"@id\":\"https:\\\/\\\/akunq.net\\\/tr\\\/#\\\/schema\\\/person\\\/096f1d38a12cce57fb855b485ed24c9e\"},\"breadcrumb\":{\"@id\":\"https:\\\/\\\/akunq.net\\\/tr\\\/?p=67832#breadcrumb\"},\"inLanguage\":\"en-US\",\"potentialAction\":[{\"@type\":\"ReadAction\",\"target\":[\"https:\\\/\\\/akunq.net\\\/tr\\\/?p=67832\"]}]},{\"@type\":\"ImageObject\",\"inLanguage\":\"en-US\",\"@id\":\"https:\\\/\\\/akunq.net\\\/tr\\\/?p=67832#primaryimage\",\"url\":\"https:\\\/\\\/akunq.net\\\/tr\\\/wp-content\\\/uploads\\\/sites\\\/6\\\/2022\\\/04\\\/M\u0131g\u0131rdi\u00e7-Margosyan-3.jpg\",\"contentUrl\":\"https:\\\/\\\/akunq.net\\\/tr\\\/wp-content\\\/uploads\\\/sites\\\/6\\\/2022\\\/04\\\/M\u0131g\u0131rdi\u00e7-Margosyan-3.jpg\",\"width\":1280,\"height\":720},{\"@type\":\"BreadcrumbList\",\"@id\":\"https:\\\/\\\/akunq.net\\\/tr\\\/?p=67832#breadcrumb\",\"itemListElement\":[{\"@type\":\"ListItem\",\"position\":1,\"name\":\"Home\",\"item\":\"https:\\\/\\\/akunq.net\\\/tr\"},{\"@type\":\"ListItem\",\"position\":2,\"name\":\"Ayd\u0131n \u00c7ubuk\u00e7u, M\u0131g\u0131rdi\u00e7 Margosyan\u2019\u0131n ard\u0131ndan yazd\u0131: \u201cElveda M\u0131g\u0131rdi\u00e7 Usta\u201d\"}]},{\"@type\":\"WebSite\",\"@id\":\"https:\\\/\\\/akunq.net\\\/tr\\\/#website\",\"url\":\"https:\\\/\\\/akunq.net\\\/tr\\\/\",\"name\":\"Bati Ermenistan Ve Bati Ermenileri Sorunlari Ara\u015ftirmalar Merkezi\",\"description\":\"\",\"potentialAction\":[{\"@type\":\"SearchAction\",\"target\":{\"@type\":\"EntryPoint\",\"urlTemplate\":\"https:\\\/\\\/akunq.net\\\/tr\\\/?s={search_term_string}\"},\"query-input\":{\"@type\":\"PropertyValueSpecification\",\"valueRequired\":true,\"valueName\":\"search_term_string\"}}],\"inLanguage\":\"en-US\"},{\"@type\":\"Person\",\"@id\":\"https:\\\/\\\/akunq.net\\\/tr\\\/#\\\/schema\\\/person\\\/096f1d38a12cce57fb855b485ed24c9e\",\"name\":\"admin\",\"url\":\"https:\\\/\\\/akunq.net\\\/tr\\\/?author=7\"}]}<\/script>\n<!-- \/ Yoast SEO plugin. -->","yoast_head_json":{"title":"Ayd\u0131n \u00c7ubuk\u00e7u, M\u0131g\u0131rdi\u00e7 Margosyan\u2019\u0131n ard\u0131ndan yazd\u0131: \u201cElveda M\u0131g\u0131rdi\u00e7 Usta\u201d - Bati Ermenistan Ve Bati Ermenileri Sorunlari Ara\u015ftirmalar Merkezi","robots":{"index":"index","follow":"follow","max-snippet":"max-snippet:-1","max-image-preview":"max-image-preview:large","max-video-preview":"max-video-preview:-1"},"canonical":"https:\/\/akunq.net\/tr\/?p=67832","og_locale":"en_US","og_type":"article","og_title":"Ayd\u0131n \u00c7ubuk\u00e7u, M\u0131g\u0131rdi\u00e7 Margosyan\u2019\u0131n ard\u0131ndan yazd\u0131: \u201cElveda M\u0131g\u0131rdi\u00e7 Usta\u201d - Bati Ermenistan Ve Bati Ermenileri Sorunlari Ara\u015ftirmalar Merkezi","og_description":"\u00c7ok ac\u0131l\u0131 ve \u00e7ok ne\u015feli olmay\u0131, her durumda espriler yapmay\u0131 beceren iyimserli\u011fi ve umudu ile bir \u0131\u015f\u0131k topu gibiydi. Ayd\u0131n \u00c7UBUK\u00c7U Doksanl\u0131 y\u0131llar\u0131n ortalar\u0131nda, \u201995 ya da \u201896 olmal\u0131, Diyarbak\u0131r\u2019da Ermenice bas\u0131lm\u0131\u015f sosyalist bir gazetenin fotokopisiyle Evrensel K\u00fclt\u00fcr dergimize geldi. Yaln\u0131zca \u00f6yk\u00fclerinden tan\u0131yordum o g\u00fcne de\u011fin. Y\u00fcz y\u00fcze ilk o g\u00fcn tan\u0131\u015ft\u0131k, hararetle el s\u0131k\u0131\u015ft\u0131k. [&hellip;]","og_url":"https:\/\/akunq.net\/tr\/?p=67832","og_site_name":"Bati Ermenistan Ve Bati Ermenileri Sorunlari Ara\u015ftirmalar Merkezi","article_published_time":"2022-04-06T07:03:11+00:00","og_image":[{"width":1280,"height":720,"url":"https:\/\/akunq.net\/tr\/wp-content\/uploads\/sites\/6\/2022\/04\/M\u0131g\u0131rdi\u00e7-Margosyan-3.jpg","type":"image\/jpeg"}],"author":"admin","twitter_card":"summary_large_image","twitter_misc":{"Written by":"admin","Est. reading time":"2 minutes"},"schema":{"@context":"https:\/\/schema.org","@graph":[{"@type":"Article","@id":"https:\/\/akunq.net\/tr\/?p=67832#article","isPartOf":{"@id":"https:\/\/akunq.net\/tr\/?p=67832"},"author":{"name":"admin","@id":"https:\/\/akunq.net\/tr\/#\/schema\/person\/096f1d38a12cce57fb855b485ed24c9e"},"headline":"Ayd\u0131n \u00c7ubuk\u00e7u, M\u0131g\u0131rdi\u00e7 Margosyan\u2019\u0131n ard\u0131ndan yazd\u0131: \u201cElveda M\u0131g\u0131rdi\u00e7 Usta\u201d","datePublished":"2022-04-06T07:03:11+00:00","mainEntityOfPage":{"@id":"https:\/\/akunq.net\/tr\/?p=67832"},"wordCount":458,"commentCount":0,"image":{"@id":"https:\/\/akunq.net\/tr\/?p=67832#primaryimage"},"thumbnailUrl":"https:\/\/akunq.net\/tr\/wp-content\/uploads\/sites\/6\/2022\/04\/M\u0131g\u0131rdi\u00e7-Margosyan-3.jpg","articleSection":["Haberler"],"inLanguage":"en-US","potentialAction":[{"@type":"CommentAction","name":"Comment","target":["https:\/\/akunq.net\/tr\/?p=67832#respond"]}]},{"@type":"WebPage","@id":"https:\/\/akunq.net\/tr\/?p=67832","url":"https:\/\/akunq.net\/tr\/?p=67832","name":"Ayd\u0131n \u00c7ubuk\u00e7u, M\u0131g\u0131rdi\u00e7 Margosyan\u2019\u0131n ard\u0131ndan yazd\u0131: \u201cElveda M\u0131g\u0131rdi\u00e7 Usta\u201d - Bati Ermenistan Ve Bati Ermenileri Sorunlari Ara\u015ftirmalar Merkezi","isPartOf":{"@id":"https:\/\/akunq.net\/tr\/#website"},"primaryImageOfPage":{"@id":"https:\/\/akunq.net\/tr\/?p=67832#primaryimage"},"image":{"@id":"https:\/\/akunq.net\/tr\/?p=67832#primaryimage"},"thumbnailUrl":"https:\/\/akunq.net\/tr\/wp-content\/uploads\/sites\/6\/2022\/04\/M\u0131g\u0131rdi\u00e7-Margosyan-3.jpg","datePublished":"2022-04-06T07:03:11+00:00","author":{"@id":"https:\/\/akunq.net\/tr\/#\/schema\/person\/096f1d38a12cce57fb855b485ed24c9e"},"breadcrumb":{"@id":"https:\/\/akunq.net\/tr\/?p=67832#breadcrumb"},"inLanguage":"en-US","potentialAction":[{"@type":"ReadAction","target":["https:\/\/akunq.net\/tr\/?p=67832"]}]},{"@type":"ImageObject","inLanguage":"en-US","@id":"https:\/\/akunq.net\/tr\/?p=67832#primaryimage","url":"https:\/\/akunq.net\/tr\/wp-content\/uploads\/sites\/6\/2022\/04\/M\u0131g\u0131rdi\u00e7-Margosyan-3.jpg","contentUrl":"https:\/\/akunq.net\/tr\/wp-content\/uploads\/sites\/6\/2022\/04\/M\u0131g\u0131rdi\u00e7-Margosyan-3.jpg","width":1280,"height":720},{"@type":"BreadcrumbList","@id":"https:\/\/akunq.net\/tr\/?p=67832#breadcrumb","itemListElement":[{"@type":"ListItem","position":1,"name":"Home","item":"https:\/\/akunq.net\/tr"},{"@type":"ListItem","position":2,"name":"Ayd\u0131n \u00c7ubuk\u00e7u, M\u0131g\u0131rdi\u00e7 Margosyan\u2019\u0131n ard\u0131ndan yazd\u0131: \u201cElveda M\u0131g\u0131rdi\u00e7 Usta\u201d"}]},{"@type":"WebSite","@id":"https:\/\/akunq.net\/tr\/#website","url":"https:\/\/akunq.net\/tr\/","name":"Bati Ermenistan Ve Bati Ermenileri Sorunlari Ara\u015ftirmalar Merkezi","description":"","potentialAction":[{"@type":"SearchAction","target":{"@type":"EntryPoint","urlTemplate":"https:\/\/akunq.net\/tr\/?s={search_term_string}"},"query-input":{"@type":"PropertyValueSpecification","valueRequired":true,"valueName":"search_term_string"}}],"inLanguage":"en-US"},{"@type":"Person","@id":"https:\/\/akunq.net\/tr\/#\/schema\/person\/096f1d38a12cce57fb855b485ed24c9e","name":"admin","url":"https:\/\/akunq.net\/tr\/?author=7"}]}},"_links":{"self":[{"href":"https:\/\/akunq.net\/tr\/index.php?rest_route=\/wp\/v2\/posts\/67832","targetHints":{"allow":["GET"]}}],"collection":[{"href":"https:\/\/akunq.net\/tr\/index.php?rest_route=\/wp\/v2\/posts"}],"about":[{"href":"https:\/\/akunq.net\/tr\/index.php?rest_route=\/wp\/v2\/types\/post"}],"author":[{"embeddable":true,"href":"https:\/\/akunq.net\/tr\/index.php?rest_route=\/wp\/v2\/users\/7"}],"replies":[{"embeddable":true,"href":"https:\/\/akunq.net\/tr\/index.php?rest_route=%2Fwp%2Fv2%2Fcomments&post=67832"}],"version-history":[{"count":1,"href":"https:\/\/akunq.net\/tr\/index.php?rest_route=\/wp\/v2\/posts\/67832\/revisions"}],"predecessor-version":[{"id":67834,"href":"https:\/\/akunq.net\/tr\/index.php?rest_route=\/wp\/v2\/posts\/67832\/revisions\/67834"}],"wp:featuredmedia":[{"embeddable":true,"href":"https:\/\/akunq.net\/tr\/index.php?rest_route=\/wp\/v2\/media\/67833"}],"wp:attachment":[{"href":"https:\/\/akunq.net\/tr\/index.php?rest_route=%2Fwp%2Fv2%2Fmedia&parent=67832"}],"wp:term":[{"taxonomy":"category","embeddable":true,"href":"https:\/\/akunq.net\/tr\/index.php?rest_route=%2Fwp%2Fv2%2Fcategories&post=67832"},{"taxonomy":"post_tag","embeddable":true,"href":"https:\/\/akunq.net\/tr\/index.php?rest_route=%2Fwp%2Fv2%2Ftags&post=67832"}],"curies":[{"name":"wp","href":"https:\/\/api.w.org\/{rel}","templated":true}]}}