{"id":67826,"date":"2022-04-06T01:41:23","date_gmt":"2022-04-06T06:41:23","guid":{"rendered":"https:\/\/akunq.net\/tr\/?p=67826"},"modified":"2022-04-06T01:41:23","modified_gmt":"2022-04-06T06:41:23","slug":"gurcistan-parlamento-baskani-tsitsernakaberd-anitini-ziyaret-etti","status":"publish","type":"post","link":"https:\/\/akunq.net\/tr\/?p=67826","title":{"rendered":"G\u00fcrcistan Parlamento Ba\u015fkan\u0131 Tsitsernakaberd An\u0131t\u0131&#8217;n\u0131 ziyaret etti"},"content":{"rendered":"<p><img loading=\"lazy\" decoding=\"async\" class=\"aligncenter size-medium wp-image-67827\" src=\"https:\/\/akunq.net\/tr\/wp-content\/uploads\/2022\/04\/G\u00fcrcistan-Parlamento-Ba\u015fkan\u0131-360x242.jpg\" alt=\"\" width=\"360\" height=\"242\" srcset=\"https:\/\/akunq.net\/tr\/wp-content\/uploads\/sites\/6\/2022\/04\/G\u00fcrcistan-Parlamento-Ba\u015fkan\u0131-360x242.jpg 360w, https:\/\/akunq.net\/tr\/wp-content\/uploads\/sites\/6\/2022\/04\/G\u00fcrcistan-Parlamento-Ba\u015fkan\u0131-560x376.jpg 560w, https:\/\/akunq.net\/tr\/wp-content\/uploads\/sites\/6\/2022\/04\/G\u00fcrcistan-Parlamento-Ba\u015fkan\u0131-260x175.jpg 260w, https:\/\/akunq.net\/tr\/wp-content\/uploads\/sites\/6\/2022\/04\/G\u00fcrcistan-Parlamento-Ba\u015fkan\u0131-160x107.jpg 160w, https:\/\/akunq.net\/tr\/wp-content\/uploads\/sites\/6\/2022\/04\/G\u00fcrcistan-Parlamento-Ba\u015fkan\u0131.jpg 670w\" sizes=\"auto, (max-width: 360px) 100vw, 360px\" \/><\/p>\n<p><em><strong>Ermenistan Parlamento Ba\u015fkan\u0131 Alen Simonyan\u2019\u0131n daveti \u00fczerine iki g\u00fcnl\u00fck resmi bir ziyaret i\u00e7in Ermenistan\u2019da bulunan G\u00fcrcistan Parlamento Ba\u015fkan\u0131 Shalva Papuashvili\u2019nin ba\u015fkanl\u0131\u011f\u0131ndaki heyet, Ermenistan Parlamento Ba\u015fkan Yard\u0131mc\u0131s\u0131, Ermenistan-G\u00fcrcistan Dostluk Grubu Ba\u015fkan\u0131 Ruben Rubinyan ile birlikte Tsitsernakaberd An\u0131t\u0131&#8217;n\u0131 ziyaret ettiler.<\/strong><\/em><\/p>\n<p>Ermenistan Parlamentosu\u2019ndan Armenpress\u2019e verilen bilgiye g\u00f6re heyet \u00fcyeleri, Ermeni Soyk\u0131r\u0131m\u0131 kurbanlar\u0131n\u0131 anmak i\u00e7in ebedi ate\u015fe \u00e7elenk ve \u00e7i\u00e7ekler b\u0131rakt\u0131, Kutsal \u015eehitlerin an\u0131s\u0131na sayg\u0131 duru\u015funda bulundu. Onlar, Ermeni Soyk\u0131r\u0131m\u0131 M\u00fcze-Enstit\u00fcs\u00fc&#8217;nde 20. y\u00fczy\u0131l\u0131n Soyk\u0131r\u0131m\u0131n\u0131 (Medz Ye\u011fern) kan\u0131tlayan belgelerle tan\u0131\u015ft\u0131lar.<\/p>\n<p><em><strong>https:\/\/armenpress.am\/tur\/news\/1079842.html\u00a0<\/strong><\/em><\/p>\n","protected":false},"excerpt":{"rendered":"<p>Ermenistan Parlamento Ba\u015fkan\u0131 Alen Simonyan\u2019\u0131n daveti \u00fczerine iki g\u00fcnl\u00fck resmi bir ziyaret i\u00e7in Ermenistan\u2019da bulunan G\u00fcrcistan Parlamento Ba\u015fkan\u0131 Shalva Papuashvili\u2019nin ba\u015fkanl\u0131\u011f\u0131ndaki heyet, Ermenistan Parlamento Ba\u015fkan Yard\u0131mc\u0131s\u0131, Ermenistan-G\u00fcrcistan Dostluk Grubu Ba\u015fkan\u0131 Ruben Rubinyan ile birlikte Tsitsernakaberd An\u0131t\u0131&#8217;n\u0131 ziyaret ettiler. Ermenistan Parlamentosu\u2019ndan Armenpress\u2019e verilen bilgiye g\u00f6re heyet \u00fcyeleri, Ermeni Soyk\u0131r\u0131m\u0131 kurbanlar\u0131n\u0131 anmak i\u00e7in ebedi ate\u015fe \u00e7elenk ve [&hellip;]<\/p>\n","protected":false},"author":7,"featured_media":67827,"comment_status":"open","ping_status":"open","sticky":false,"template":"","format":"standard","meta":{"footnotes":""},"categories":[1],"tags":[],"class_list":["post-67826","post","type-post","status-publish","format-standard","has-post-thumbnail","hentry","category-haberler"],"yoast_head":"<!-- This site is optimized with the Yoast SEO plugin v27.4 - https:\/\/yoast.com\/product\/yoast-seo-wordpress\/ -->\n<title>G\u00fcrcistan Parlamento Ba\u015fkan\u0131 Tsitsernakaberd An\u0131t\u0131&#039;n\u0131 ziyaret etti - Bati Ermenistan Ve Bati Ermenileri Sorunlari Ara\u015ftirmalar Merkezi<\/title>\n<meta name=\"robots\" content=\"index, follow, max-snippet:-1, max-image-preview:large, max-video-preview:-1\" \/>\n<link rel=\"canonical\" href=\"https:\/\/akunq.net\/tr\/?p=67826\" \/>\n<meta property=\"og:locale\" content=\"en_US\" \/>\n<meta property=\"og:type\" content=\"article\" \/>\n<meta property=\"og:title\" content=\"G\u00fcrcistan Parlamento Ba\u015fkan\u0131 Tsitsernakaberd An\u0131t\u0131&#039;n\u0131 ziyaret etti - Bati Ermenistan Ve Bati Ermenileri Sorunlari Ara\u015ftirmalar Merkezi\" \/>\n<meta property=\"og:description\" content=\"Ermenistan Parlamento Ba\u015fkan\u0131 Alen Simonyan\u2019\u0131n daveti \u00fczerine iki g\u00fcnl\u00fck resmi bir ziyaret i\u00e7in Ermenistan\u2019da bulunan G\u00fcrcistan Parlamento Ba\u015fkan\u0131 Shalva Papuashvili\u2019nin ba\u015fkanl\u0131\u011f\u0131ndaki heyet, Ermenistan Parlamento Ba\u015fkan Yard\u0131mc\u0131s\u0131, Ermenistan-G\u00fcrcistan Dostluk Grubu Ba\u015fkan\u0131 Ruben Rubinyan ile birlikte Tsitsernakaberd An\u0131t\u0131&#8217;n\u0131 ziyaret ettiler. Ermenistan Parlamentosu\u2019ndan Armenpress\u2019e verilen bilgiye g\u00f6re heyet \u00fcyeleri, Ermeni Soyk\u0131r\u0131m\u0131 kurbanlar\u0131n\u0131 anmak i\u00e7in ebedi ate\u015fe \u00e7elenk ve [&hellip;]\" \/>\n<meta property=\"og:url\" content=\"https:\/\/akunq.net\/tr\/?p=67826\" \/>\n<meta property=\"og:site_name\" content=\"Bati Ermenistan Ve Bati Ermenileri Sorunlari Ara\u015ftirmalar Merkezi\" \/>\n<meta property=\"article:published_time\" content=\"2022-04-06T06:41:23+00:00\" \/>\n<meta property=\"og:image\" content=\"https:\/\/akunq.net\/tr\/wp-content\/uploads\/sites\/6\/2022\/04\/G\u00fcrcistan-Parlamento-Ba\u015fkan\u0131.jpg\" \/>\n\t<meta property=\"og:image:width\" content=\"670\" \/>\n\t<meta property=\"og:image:height\" content=\"450\" \/>\n\t<meta property=\"og:image:type\" content=\"image\/jpeg\" \/>\n<meta name=\"author\" content=\"admin\" \/>\n<meta name=\"twitter:card\" content=\"summary_large_image\" \/>\n<meta name=\"twitter:label1\" content=\"Written by\" \/>\n\t<meta name=\"twitter:data1\" content=\"admin\" \/>\n\t<meta name=\"twitter:label2\" content=\"Est. reading time\" \/>\n\t<meta name=\"twitter:data2\" content=\"1 minute\" \/>\n<script type=\"application\/ld+json\" class=\"yoast-schema-graph\">{\"@context\":\"https:\\\/\\\/schema.org\",\"@graph\":[{\"@type\":\"Article\",\"@id\":\"https:\\\/\\\/akunq.net\\\/tr\\\/?p=67826#article\",\"isPartOf\":{\"@id\":\"https:\\\/\\\/akunq.net\\\/tr\\\/?p=67826\"},\"author\":{\"name\":\"admin\",\"@id\":\"https:\\\/\\\/akunq.net\\\/tr\\\/#\\\/schema\\\/person\\\/096f1d38a12cce57fb855b485ed24c9e\"},\"headline\":\"G\u00fcrcistan Parlamento Ba\u015fkan\u0131 Tsitsernakaberd An\u0131t\u0131&#8217;n\u0131 ziyaret etti\",\"datePublished\":\"2022-04-06T06:41:23+00:00\",\"mainEntityOfPage\":{\"@id\":\"https:\\\/\\\/akunq.net\\\/tr\\\/?p=67826\"},\"wordCount\":137,\"commentCount\":0,\"image\":{\"@id\":\"https:\\\/\\\/akunq.net\\\/tr\\\/?p=67826#primaryimage\"},\"thumbnailUrl\":\"https:\\\/\\\/akunq.net\\\/tr\\\/wp-content\\\/uploads\\\/sites\\\/6\\\/2022\\\/04\\\/G\u00fcrcistan-Parlamento-Ba\u015fkan\u0131.jpg\",\"articleSection\":[\"Haberler\"],\"inLanguage\":\"en-US\",\"potentialAction\":[{\"@type\":\"CommentAction\",\"name\":\"Comment\",\"target\":[\"https:\\\/\\\/akunq.net\\\/tr\\\/?p=67826#respond\"]}]},{\"@type\":\"WebPage\",\"@id\":\"https:\\\/\\\/akunq.net\\\/tr\\\/?p=67826\",\"url\":\"https:\\\/\\\/akunq.net\\\/tr\\\/?p=67826\",\"name\":\"G\u00fcrcistan Parlamento Ba\u015fkan\u0131 Tsitsernakaberd An\u0131t\u0131'n\u0131 ziyaret etti - Bati Ermenistan Ve Bati Ermenileri Sorunlari Ara\u015ftirmalar Merkezi\",\"isPartOf\":{\"@id\":\"https:\\\/\\\/akunq.net\\\/tr\\\/#website\"},\"primaryImageOfPage\":{\"@id\":\"https:\\\/\\\/akunq.net\\\/tr\\\/?p=67826#primaryimage\"},\"image\":{\"@id\":\"https:\\\/\\\/akunq.net\\\/tr\\\/?p=67826#primaryimage\"},\"thumbnailUrl\":\"https:\\\/\\\/akunq.net\\\/tr\\\/wp-content\\\/uploads\\\/sites\\\/6\\\/2022\\\/04\\\/G\u00fcrcistan-Parlamento-Ba\u015fkan\u0131.jpg\",\"datePublished\":\"2022-04-06T06:41:23+00:00\",\"author\":{\"@id\":\"https:\\\/\\\/akunq.net\\\/tr\\\/#\\\/schema\\\/person\\\/096f1d38a12cce57fb855b485ed24c9e\"},\"breadcrumb\":{\"@id\":\"https:\\\/\\\/akunq.net\\\/tr\\\/?p=67826#breadcrumb\"},\"inLanguage\":\"en-US\",\"potentialAction\":[{\"@type\":\"ReadAction\",\"target\":[\"https:\\\/\\\/akunq.net\\\/tr\\\/?p=67826\"]}]},{\"@type\":\"ImageObject\",\"inLanguage\":\"en-US\",\"@id\":\"https:\\\/\\\/akunq.net\\\/tr\\\/?p=67826#primaryimage\",\"url\":\"https:\\\/\\\/akunq.net\\\/tr\\\/wp-content\\\/uploads\\\/sites\\\/6\\\/2022\\\/04\\\/G\u00fcrcistan-Parlamento-Ba\u015fkan\u0131.jpg\",\"contentUrl\":\"https:\\\/\\\/akunq.net\\\/tr\\\/wp-content\\\/uploads\\\/sites\\\/6\\\/2022\\\/04\\\/G\u00fcrcistan-Parlamento-Ba\u015fkan\u0131.jpg\",\"width\":670,\"height\":450},{\"@type\":\"BreadcrumbList\",\"@id\":\"https:\\\/\\\/akunq.net\\\/tr\\\/?p=67826#breadcrumb\",\"itemListElement\":[{\"@type\":\"ListItem\",\"position\":1,\"name\":\"Home\",\"item\":\"https:\\\/\\\/akunq.net\\\/tr\"},{\"@type\":\"ListItem\",\"position\":2,\"name\":\"G\u00fcrcistan Parlamento Ba\u015fkan\u0131 Tsitsernakaberd An\u0131t\u0131&#8217;n\u0131 ziyaret etti\"}]},{\"@type\":\"WebSite\",\"@id\":\"https:\\\/\\\/akunq.net\\\/tr\\\/#website\",\"url\":\"https:\\\/\\\/akunq.net\\\/tr\\\/\",\"name\":\"Bati Ermenistan Ve Bati Ermenileri Sorunlari Ara\u015ftirmalar Merkezi\",\"description\":\"\",\"potentialAction\":[{\"@type\":\"SearchAction\",\"target\":{\"@type\":\"EntryPoint\",\"urlTemplate\":\"https:\\\/\\\/akunq.net\\\/tr\\\/?s={search_term_string}\"},\"query-input\":{\"@type\":\"PropertyValueSpecification\",\"valueRequired\":true,\"valueName\":\"search_term_string\"}}],\"inLanguage\":\"en-US\"},{\"@type\":\"Person\",\"@id\":\"https:\\\/\\\/akunq.net\\\/tr\\\/#\\\/schema\\\/person\\\/096f1d38a12cce57fb855b485ed24c9e\",\"name\":\"admin\",\"url\":\"https:\\\/\\\/akunq.net\\\/tr\\\/?author=7\"}]}<\/script>\n<!-- \/ Yoast SEO plugin. -->","yoast_head_json":{"title":"G\u00fcrcistan Parlamento Ba\u015fkan\u0131 Tsitsernakaberd An\u0131t\u0131'n\u0131 ziyaret etti - Bati Ermenistan Ve Bati Ermenileri Sorunlari Ara\u015ftirmalar Merkezi","robots":{"index":"index","follow":"follow","max-snippet":"max-snippet:-1","max-image-preview":"max-image-preview:large","max-video-preview":"max-video-preview:-1"},"canonical":"https:\/\/akunq.net\/tr\/?p=67826","og_locale":"en_US","og_type":"article","og_title":"G\u00fcrcistan Parlamento Ba\u015fkan\u0131 Tsitsernakaberd An\u0131t\u0131'n\u0131 ziyaret etti - Bati Ermenistan Ve Bati Ermenileri Sorunlari Ara\u015ftirmalar Merkezi","og_description":"Ermenistan Parlamento Ba\u015fkan\u0131 Alen Simonyan\u2019\u0131n daveti \u00fczerine iki g\u00fcnl\u00fck resmi bir ziyaret i\u00e7in Ermenistan\u2019da bulunan G\u00fcrcistan Parlamento Ba\u015fkan\u0131 Shalva Papuashvili\u2019nin ba\u015fkanl\u0131\u011f\u0131ndaki heyet, Ermenistan Parlamento Ba\u015fkan Yard\u0131mc\u0131s\u0131, Ermenistan-G\u00fcrcistan Dostluk Grubu Ba\u015fkan\u0131 Ruben Rubinyan ile birlikte Tsitsernakaberd An\u0131t\u0131&#8217;n\u0131 ziyaret ettiler. Ermenistan Parlamentosu\u2019ndan Armenpress\u2019e verilen bilgiye g\u00f6re heyet \u00fcyeleri, Ermeni Soyk\u0131r\u0131m\u0131 kurbanlar\u0131n\u0131 anmak i\u00e7in ebedi ate\u015fe \u00e7elenk ve [&hellip;]","og_url":"https:\/\/akunq.net\/tr\/?p=67826","og_site_name":"Bati Ermenistan Ve Bati Ermenileri Sorunlari Ara\u015ftirmalar Merkezi","article_published_time":"2022-04-06T06:41:23+00:00","og_image":[{"width":670,"height":450,"url":"https:\/\/akunq.net\/tr\/wp-content\/uploads\/sites\/6\/2022\/04\/G\u00fcrcistan-Parlamento-Ba\u015fkan\u0131.jpg","type":"image\/jpeg"}],"author":"admin","twitter_card":"summary_large_image","twitter_misc":{"Written by":"admin","Est. reading time":"1 minute"},"schema":{"@context":"https:\/\/schema.org","@graph":[{"@type":"Article","@id":"https:\/\/akunq.net\/tr\/?p=67826#article","isPartOf":{"@id":"https:\/\/akunq.net\/tr\/?p=67826"},"author":{"name":"admin","@id":"https:\/\/akunq.net\/tr\/#\/schema\/person\/096f1d38a12cce57fb855b485ed24c9e"},"headline":"G\u00fcrcistan Parlamento Ba\u015fkan\u0131 Tsitsernakaberd An\u0131t\u0131&#8217;n\u0131 ziyaret etti","datePublished":"2022-04-06T06:41:23+00:00","mainEntityOfPage":{"@id":"https:\/\/akunq.net\/tr\/?p=67826"},"wordCount":137,"commentCount":0,"image":{"@id":"https:\/\/akunq.net\/tr\/?p=67826#primaryimage"},"thumbnailUrl":"https:\/\/akunq.net\/tr\/wp-content\/uploads\/sites\/6\/2022\/04\/G\u00fcrcistan-Parlamento-Ba\u015fkan\u0131.jpg","articleSection":["Haberler"],"inLanguage":"en-US","potentialAction":[{"@type":"CommentAction","name":"Comment","target":["https:\/\/akunq.net\/tr\/?p=67826#respond"]}]},{"@type":"WebPage","@id":"https:\/\/akunq.net\/tr\/?p=67826","url":"https:\/\/akunq.net\/tr\/?p=67826","name":"G\u00fcrcistan Parlamento Ba\u015fkan\u0131 Tsitsernakaberd An\u0131t\u0131'n\u0131 ziyaret etti - Bati Ermenistan Ve Bati Ermenileri Sorunlari Ara\u015ftirmalar Merkezi","isPartOf":{"@id":"https:\/\/akunq.net\/tr\/#website"},"primaryImageOfPage":{"@id":"https:\/\/akunq.net\/tr\/?p=67826#primaryimage"},"image":{"@id":"https:\/\/akunq.net\/tr\/?p=67826#primaryimage"},"thumbnailUrl":"https:\/\/akunq.net\/tr\/wp-content\/uploads\/sites\/6\/2022\/04\/G\u00fcrcistan-Parlamento-Ba\u015fkan\u0131.jpg","datePublished":"2022-04-06T06:41:23+00:00","author":{"@id":"https:\/\/akunq.net\/tr\/#\/schema\/person\/096f1d38a12cce57fb855b485ed24c9e"},"breadcrumb":{"@id":"https:\/\/akunq.net\/tr\/?p=67826#breadcrumb"},"inLanguage":"en-US","potentialAction":[{"@type":"ReadAction","target":["https:\/\/akunq.net\/tr\/?p=67826"]}]},{"@type":"ImageObject","inLanguage":"en-US","@id":"https:\/\/akunq.net\/tr\/?p=67826#primaryimage","url":"https:\/\/akunq.net\/tr\/wp-content\/uploads\/sites\/6\/2022\/04\/G\u00fcrcistan-Parlamento-Ba\u015fkan\u0131.jpg","contentUrl":"https:\/\/akunq.net\/tr\/wp-content\/uploads\/sites\/6\/2022\/04\/G\u00fcrcistan-Parlamento-Ba\u015fkan\u0131.jpg","width":670,"height":450},{"@type":"BreadcrumbList","@id":"https:\/\/akunq.net\/tr\/?p=67826#breadcrumb","itemListElement":[{"@type":"ListItem","position":1,"name":"Home","item":"https:\/\/akunq.net\/tr"},{"@type":"ListItem","position":2,"name":"G\u00fcrcistan Parlamento Ba\u015fkan\u0131 Tsitsernakaberd An\u0131t\u0131&#8217;n\u0131 ziyaret etti"}]},{"@type":"WebSite","@id":"https:\/\/akunq.net\/tr\/#website","url":"https:\/\/akunq.net\/tr\/","name":"Bati Ermenistan Ve Bati Ermenileri Sorunlari Ara\u015ftirmalar Merkezi","description":"","potentialAction":[{"@type":"SearchAction","target":{"@type":"EntryPoint","urlTemplate":"https:\/\/akunq.net\/tr\/?s={search_term_string}"},"query-input":{"@type":"PropertyValueSpecification","valueRequired":true,"valueName":"search_term_string"}}],"inLanguage":"en-US"},{"@type":"Person","@id":"https:\/\/akunq.net\/tr\/#\/schema\/person\/096f1d38a12cce57fb855b485ed24c9e","name":"admin","url":"https:\/\/akunq.net\/tr\/?author=7"}]}},"_links":{"self":[{"href":"https:\/\/akunq.net\/tr\/index.php?rest_route=\/wp\/v2\/posts\/67826","targetHints":{"allow":["GET"]}}],"collection":[{"href":"https:\/\/akunq.net\/tr\/index.php?rest_route=\/wp\/v2\/posts"}],"about":[{"href":"https:\/\/akunq.net\/tr\/index.php?rest_route=\/wp\/v2\/types\/post"}],"author":[{"embeddable":true,"href":"https:\/\/akunq.net\/tr\/index.php?rest_route=\/wp\/v2\/users\/7"}],"replies":[{"embeddable":true,"href":"https:\/\/akunq.net\/tr\/index.php?rest_route=%2Fwp%2Fv2%2Fcomments&post=67826"}],"version-history":[{"count":1,"href":"https:\/\/akunq.net\/tr\/index.php?rest_route=\/wp\/v2\/posts\/67826\/revisions"}],"predecessor-version":[{"id":67828,"href":"https:\/\/akunq.net\/tr\/index.php?rest_route=\/wp\/v2\/posts\/67826\/revisions\/67828"}],"wp:featuredmedia":[{"embeddable":true,"href":"https:\/\/akunq.net\/tr\/index.php?rest_route=\/wp\/v2\/media\/67827"}],"wp:attachment":[{"href":"https:\/\/akunq.net\/tr\/index.php?rest_route=%2Fwp%2Fv2%2Fmedia&parent=67826"}],"wp:term":[{"taxonomy":"category","embeddable":true,"href":"https:\/\/akunq.net\/tr\/index.php?rest_route=%2Fwp%2Fv2%2Fcategories&post=67826"},{"taxonomy":"post_tag","embeddable":true,"href":"https:\/\/akunq.net\/tr\/index.php?rest_route=%2Fwp%2Fv2%2Ftags&post=67826"}],"curies":[{"name":"wp","href":"https:\/\/api.w.org\/{rel}","templated":true}]}}