{"id":67819,"date":"2022-04-05T02:39:24","date_gmt":"2022-04-05T07:39:24","guid":{"rendered":"https:\/\/akunq.net\/tr\/?p=67819"},"modified":"2022-04-05T02:39:24","modified_gmt":"2022-04-05T07:39:24","slug":"hakkari-yuksekovada-150-yillik-tarihi-su-degirmeni","status":"publish","type":"post","link":"https:\/\/akunq.net\/tr\/?p=67819","title":{"rendered":"Hakkari-Y\u00fcksekova\u2019da 150 y\u0131ll\u0131k tarihi su de\u011firmeni"},"content":{"rendered":"<p><img loading=\"lazy\" decoding=\"async\" class=\"aligncenter size-medium wp-image-67820\" src=\"https:\/\/akunq.net\/tr\/wp-content\/uploads\/2022\/04\/150-y\u0131ll\u0131k-tarihi-su-de\u011firmeni-360x240.jpg\" alt=\"\" width=\"360\" height=\"240\" srcset=\"https:\/\/akunq.net\/tr\/wp-content\/uploads\/sites\/6\/2022\/04\/150-y\u0131ll\u0131k-tarihi-su-de\u011firmeni-360x240.jpg 360w, https:\/\/akunq.net\/tr\/wp-content\/uploads\/sites\/6\/2022\/04\/150-y\u0131ll\u0131k-tarihi-su-de\u011firmeni-768x512.jpg 768w, https:\/\/akunq.net\/tr\/wp-content\/uploads\/sites\/6\/2022\/04\/150-y\u0131ll\u0131k-tarihi-su-de\u011firmeni-560x373.jpg 560w, https:\/\/akunq.net\/tr\/wp-content\/uploads\/sites\/6\/2022\/04\/150-y\u0131ll\u0131k-tarihi-su-de\u011firmeni-260x173.jpg 260w, https:\/\/akunq.net\/tr\/wp-content\/uploads\/sites\/6\/2022\/04\/150-y\u0131ll\u0131k-tarihi-su-de\u011firmeni-160x107.jpg 160w, https:\/\/akunq.net\/tr\/wp-content\/uploads\/sites\/6\/2022\/04\/150-y\u0131ll\u0131k-tarihi-su-de\u011firmeni.jpg 1200w\" sizes=\"auto, (max-width: 360px) 100vw, 360px\" \/><\/p>\n<p><em><strong>Hakkari (R\u00fbdaw)<\/strong>\u00a0<strong>\u2013 Hakkari\u2019nin Y\u00fcksekova (Gever) il\u00e7esinde as\u0131rl\u0131k su de\u011firmeni i\u015fleten H\u00fcseyin Kartal, \u201cBu de\u011firmen (a\u015f) 150 y\u0131l \u00f6nce kuruldu. Dedelerimiz ilk \u00f6nce bu de\u011firmeni d\u00f6nd\u00fcrd\u00fc, ard\u0131ndan biz devrald\u0131k ve \u015fu anda biz i\u015fletiyoruz\u201d dedi.<\/strong><\/em><\/p>\n<p>Hakkari\u2019nin Y\u00fcksekova il\u00e7esine ba\u011fl\u0131 Da\u011fl\u0131ca (Oremar) b\u00f6lgesinde bulunan Ye\u015filta\u015f (\u015eitazin) k\u00f6y\u00fcndeki 150 y\u0131ll\u0131k su de\u011firmeni (a\u015f\u00ea av) teknolojiye ra\u011fmen ayakta kalabilmi\u015f durumda ve h\u00e2l\u00e2 i\u015fliyor.<\/p>\n<p>Re\u015fko ve Sat da\u011flar\u0131n\u0131n yamac\u0131nda, Ava\u015fin nehrinin oldu\u011fu b\u00f6lgede bulunan de\u011firmenden sadece Ye\u015filta\u015f k\u00f6y\u00fc de\u011fil, civardaki di\u011fer k\u00f6yler de yararlan\u0131yor.<\/p>\n<p>60 y\u0131ldan fazla s\u00fcredir su de\u011firmenini i\u015fleten H\u00fcseyin Kartal, de\u011firmenin Hakkari\u2019de tek oldu\u011funu kaydetti.<\/p>\n<p><strong>\u201c150 y\u0131l \u00f6nce kuruldu\u201d<\/strong><\/p>\n<p>Kartal \u015fu ifadeleri kulland\u0131:<\/p>\n<p>\u201c62 y\u0131ld\u0131r bu k\u00f6yde bu i\u015fi yap\u0131yorum. De\u011firmen d\u0131\u015f\u0131nda Hayvanc\u0131l\u0131k ve ar\u0131c\u0131l\u0131kla da u\u011fra\u015f\u0131yoruz. Bu de\u011firmen (a\u015f) 150 y\u0131l \u00f6nce kuruldu. Dedelerimiz ilk \u00f6nce bu de\u011firmeni d\u00f6nd\u00fcrd\u00fc, ard\u0131ndan biz devrald\u0131k ve \u015fu anda biz i\u015fletiyoruz.<\/p>\n<p>Bizden sonra \u00e7ocuklar\u0131m\u0131z\u0131n i\u015fletip i\u015fletmeyece\u011fini bilmiyorum, fakat bildi\u011fim kadar\u0131yla Hakkari b\u00f6lgesinde sadece bu de\u011firmen var.\u201d<\/p>\n<p><strong>\u201cBizim d\u0131\u015f\u0131m\u0131zda, etraf\u0131m\u0131zdaki k\u00f6yler de bu de\u011firmenden faydalan\u0131yor\u201d<\/strong><\/p>\n<p>Ye\u015filta\u015f muhtar\u0131 Ha\u015fim Kartal da k\u00f6ye ili\u015fkin bilgi vererek \u015f\u00f6yle konu\u015ftu:<\/p>\n<p>\u201cK\u00f6y\u00fcm\u00fczde yakla\u015f\u0131k 70 hane bulunuyor. Bu, bizim de\u011firmenimiz. 100 y\u0131ldan fazlad\u0131r \u00f6\u011f\u00fct\u00fcyor.<\/p>\n<p>Etraf\u0131m\u0131zdaki di\u011fer k\u00f6ylerde buna benzer herhangi bir de\u011firmen bulunmuyor. Sadece bizim de\u011firmen, ayakta kalabilmi\u015f durumda. Bizim d\u0131\u015f\u0131m\u0131zda, etraf\u0131m\u0131zdaki k\u00f6yler de bu de\u011firmenden faydalan\u0131yor.\u201d<\/p>\n<p>De\u011firmen hakk\u0131nda pek \u00e7ok iddia da dillendiriliyor.<\/p>\n<p>Bunlardan biri de de\u011firmenin Ka\u015filyan (Ka\u015fil) ad\u0131ndaki Ermeni bir usta taraf\u0131ndan yap\u0131ld\u0131\u011f\u0131 ve K\u00fcrtlerle Ermenilerin o d\u00f6nemde m\u0131s\u0131r ve bu\u011fdaylar\u0131n\u0131 bu de\u011firmende \u00f6\u011f\u00fctt\u00fckleri.<\/p>\n<p><em><strong><a href=\"https:\/\/www.rudaw.net\/turkish\/kurdistan\/030420222\">https:\/\/www.rudaw.net\/turkish\/kurdistan\/030420222<\/a>\u00a0<\/strong><\/em><\/p>\n","protected":false},"excerpt":{"rendered":"<p>Hakkari (R\u00fbdaw)\u00a0\u2013 Hakkari\u2019nin Y\u00fcksekova (Gever) il\u00e7esinde as\u0131rl\u0131k su de\u011firmeni i\u015fleten H\u00fcseyin Kartal, \u201cBu de\u011firmen (a\u015f) 150 y\u0131l \u00f6nce kuruldu. Dedelerimiz ilk \u00f6nce bu de\u011firmeni d\u00f6nd\u00fcrd\u00fc, ard\u0131ndan biz devrald\u0131k ve \u015fu anda biz i\u015fletiyoruz\u201d dedi. Hakkari\u2019nin Y\u00fcksekova il\u00e7esine ba\u011fl\u0131 Da\u011fl\u0131ca (Oremar) b\u00f6lgesinde bulunan Ye\u015filta\u015f (\u015eitazin) k\u00f6y\u00fcndeki 150 y\u0131ll\u0131k su de\u011firmeni (a\u015f\u00ea av) teknolojiye ra\u011fmen ayakta kalabilmi\u015f [&hellip;]<\/p>\n","protected":false},"author":7,"featured_media":67820,"comment_status":"open","ping_status":"open","sticky":false,"template":"","format":"standard","meta":{"footnotes":""},"categories":[1],"tags":[],"class_list":["post-67819","post","type-post","status-publish","format-standard","has-post-thumbnail","hentry","category-haberler"],"yoast_head":"<!-- This site is optimized with the Yoast SEO plugin v27.4 - https:\/\/yoast.com\/product\/yoast-seo-wordpress\/ -->\n<title>Hakkari-Y\u00fcksekova\u2019da 150 y\u0131ll\u0131k tarihi su de\u011firmeni - Bati Ermenistan Ve Bati Ermenileri Sorunlari Ara\u015ftirmalar Merkezi<\/title>\n<meta name=\"robots\" content=\"index, follow, max-snippet:-1, max-image-preview:large, max-video-preview:-1\" \/>\n<link rel=\"canonical\" href=\"https:\/\/akunq.net\/tr\/?p=67819\" \/>\n<meta property=\"og:locale\" content=\"en_US\" \/>\n<meta property=\"og:type\" content=\"article\" \/>\n<meta property=\"og:title\" content=\"Hakkari-Y\u00fcksekova\u2019da 150 y\u0131ll\u0131k tarihi su de\u011firmeni - Bati Ermenistan Ve Bati Ermenileri Sorunlari Ara\u015ftirmalar Merkezi\" \/>\n<meta property=\"og:description\" content=\"Hakkari (R\u00fbdaw)\u00a0\u2013 Hakkari\u2019nin Y\u00fcksekova (Gever) il\u00e7esinde as\u0131rl\u0131k su de\u011firmeni i\u015fleten H\u00fcseyin Kartal, \u201cBu de\u011firmen (a\u015f) 150 y\u0131l \u00f6nce kuruldu. Dedelerimiz ilk \u00f6nce bu de\u011firmeni d\u00f6nd\u00fcrd\u00fc, ard\u0131ndan biz devrald\u0131k ve \u015fu anda biz i\u015fletiyoruz\u201d dedi. Hakkari\u2019nin Y\u00fcksekova il\u00e7esine ba\u011fl\u0131 Da\u011fl\u0131ca (Oremar) b\u00f6lgesinde bulunan Ye\u015filta\u015f (\u015eitazin) k\u00f6y\u00fcndeki 150 y\u0131ll\u0131k su de\u011firmeni (a\u015f\u00ea av) teknolojiye ra\u011fmen ayakta kalabilmi\u015f [&hellip;]\" \/>\n<meta property=\"og:url\" content=\"https:\/\/akunq.net\/tr\/?p=67819\" \/>\n<meta property=\"og:site_name\" content=\"Bati Ermenistan Ve Bati Ermenileri Sorunlari Ara\u015ftirmalar Merkezi\" \/>\n<meta property=\"article:published_time\" content=\"2022-04-05T07:39:24+00:00\" \/>\n<meta property=\"og:image\" content=\"https:\/\/akunq.net\/tr\/wp-content\/uploads\/sites\/6\/2022\/04\/150-y\u0131ll\u0131k-tarihi-su-de\u011firmeni.jpg\" \/>\n\t<meta property=\"og:image:width\" content=\"1200\" \/>\n\t<meta property=\"og:image:height\" content=\"800\" \/>\n\t<meta property=\"og:image:type\" content=\"image\/jpeg\" \/>\n<meta name=\"author\" content=\"admin\" \/>\n<meta name=\"twitter:card\" content=\"summary_large_image\" \/>\n<meta name=\"twitter:label1\" content=\"Written by\" \/>\n\t<meta name=\"twitter:data1\" content=\"admin\" \/>\n\t<meta name=\"twitter:label2\" content=\"Est. reading time\" \/>\n\t<meta name=\"twitter:data2\" content=\"2 minutes\" \/>\n<script type=\"application\/ld+json\" class=\"yoast-schema-graph\">{\"@context\":\"https:\\\/\\\/schema.org\",\"@graph\":[{\"@type\":\"Article\",\"@id\":\"https:\\\/\\\/akunq.net\\\/tr\\\/?p=67819#article\",\"isPartOf\":{\"@id\":\"https:\\\/\\\/akunq.net\\\/tr\\\/?p=67819\"},\"author\":{\"name\":\"admin\",\"@id\":\"https:\\\/\\\/akunq.net\\\/tr\\\/#\\\/schema\\\/person\\\/096f1d38a12cce57fb855b485ed24c9e\"},\"headline\":\"Hakkari-Y\u00fcksekova\u2019da 150 y\u0131ll\u0131k tarihi su de\u011firmeni\",\"datePublished\":\"2022-04-05T07:39:24+00:00\",\"mainEntityOfPage\":{\"@id\":\"https:\\\/\\\/akunq.net\\\/tr\\\/?p=67819\"},\"wordCount\":381,\"commentCount\":0,\"image\":{\"@id\":\"https:\\\/\\\/akunq.net\\\/tr\\\/?p=67819#primaryimage\"},\"thumbnailUrl\":\"https:\\\/\\\/akunq.net\\\/tr\\\/wp-content\\\/uploads\\\/sites\\\/6\\\/2022\\\/04\\\/150-y\u0131ll\u0131k-tarihi-su-de\u011firmeni.jpg\",\"articleSection\":[\"Haberler\"],\"inLanguage\":\"en-US\",\"potentialAction\":[{\"@type\":\"CommentAction\",\"name\":\"Comment\",\"target\":[\"https:\\\/\\\/akunq.net\\\/tr\\\/?p=67819#respond\"]}]},{\"@type\":\"WebPage\",\"@id\":\"https:\\\/\\\/akunq.net\\\/tr\\\/?p=67819\",\"url\":\"https:\\\/\\\/akunq.net\\\/tr\\\/?p=67819\",\"name\":\"Hakkari-Y\u00fcksekova\u2019da 150 y\u0131ll\u0131k tarihi su de\u011firmeni - Bati Ermenistan Ve Bati Ermenileri Sorunlari Ara\u015ftirmalar Merkezi\",\"isPartOf\":{\"@id\":\"https:\\\/\\\/akunq.net\\\/tr\\\/#website\"},\"primaryImageOfPage\":{\"@id\":\"https:\\\/\\\/akunq.net\\\/tr\\\/?p=67819#primaryimage\"},\"image\":{\"@id\":\"https:\\\/\\\/akunq.net\\\/tr\\\/?p=67819#primaryimage\"},\"thumbnailUrl\":\"https:\\\/\\\/akunq.net\\\/tr\\\/wp-content\\\/uploads\\\/sites\\\/6\\\/2022\\\/04\\\/150-y\u0131ll\u0131k-tarihi-su-de\u011firmeni.jpg\",\"datePublished\":\"2022-04-05T07:39:24+00:00\",\"author\":{\"@id\":\"https:\\\/\\\/akunq.net\\\/tr\\\/#\\\/schema\\\/person\\\/096f1d38a12cce57fb855b485ed24c9e\"},\"breadcrumb\":{\"@id\":\"https:\\\/\\\/akunq.net\\\/tr\\\/?p=67819#breadcrumb\"},\"inLanguage\":\"en-US\",\"potentialAction\":[{\"@type\":\"ReadAction\",\"target\":[\"https:\\\/\\\/akunq.net\\\/tr\\\/?p=67819\"]}]},{\"@type\":\"ImageObject\",\"inLanguage\":\"en-US\",\"@id\":\"https:\\\/\\\/akunq.net\\\/tr\\\/?p=67819#primaryimage\",\"url\":\"https:\\\/\\\/akunq.net\\\/tr\\\/wp-content\\\/uploads\\\/sites\\\/6\\\/2022\\\/04\\\/150-y\u0131ll\u0131k-tarihi-su-de\u011firmeni.jpg\",\"contentUrl\":\"https:\\\/\\\/akunq.net\\\/tr\\\/wp-content\\\/uploads\\\/sites\\\/6\\\/2022\\\/04\\\/150-y\u0131ll\u0131k-tarihi-su-de\u011firmeni.jpg\",\"width\":1200,\"height\":800},{\"@type\":\"BreadcrumbList\",\"@id\":\"https:\\\/\\\/akunq.net\\\/tr\\\/?p=67819#breadcrumb\",\"itemListElement\":[{\"@type\":\"ListItem\",\"position\":1,\"name\":\"Home\",\"item\":\"https:\\\/\\\/akunq.net\\\/tr\"},{\"@type\":\"ListItem\",\"position\":2,\"name\":\"Hakkari-Y\u00fcksekova\u2019da 150 y\u0131ll\u0131k tarihi su de\u011firmeni\"}]},{\"@type\":\"WebSite\",\"@id\":\"https:\\\/\\\/akunq.net\\\/tr\\\/#website\",\"url\":\"https:\\\/\\\/akunq.net\\\/tr\\\/\",\"name\":\"Bati Ermenistan Ve Bati Ermenileri Sorunlari Ara\u015ftirmalar Merkezi\",\"description\":\"\",\"potentialAction\":[{\"@type\":\"SearchAction\",\"target\":{\"@type\":\"EntryPoint\",\"urlTemplate\":\"https:\\\/\\\/akunq.net\\\/tr\\\/?s={search_term_string}\"},\"query-input\":{\"@type\":\"PropertyValueSpecification\",\"valueRequired\":true,\"valueName\":\"search_term_string\"}}],\"inLanguage\":\"en-US\"},{\"@type\":\"Person\",\"@id\":\"https:\\\/\\\/akunq.net\\\/tr\\\/#\\\/schema\\\/person\\\/096f1d38a12cce57fb855b485ed24c9e\",\"name\":\"admin\",\"url\":\"https:\\\/\\\/akunq.net\\\/tr\\\/?author=7\"}]}<\/script>\n<!-- \/ Yoast SEO plugin. -->","yoast_head_json":{"title":"Hakkari-Y\u00fcksekova\u2019da 150 y\u0131ll\u0131k tarihi su de\u011firmeni - Bati Ermenistan Ve Bati Ermenileri Sorunlari Ara\u015ftirmalar Merkezi","robots":{"index":"index","follow":"follow","max-snippet":"max-snippet:-1","max-image-preview":"max-image-preview:large","max-video-preview":"max-video-preview:-1"},"canonical":"https:\/\/akunq.net\/tr\/?p=67819","og_locale":"en_US","og_type":"article","og_title":"Hakkari-Y\u00fcksekova\u2019da 150 y\u0131ll\u0131k tarihi su de\u011firmeni - Bati Ermenistan Ve Bati Ermenileri Sorunlari Ara\u015ftirmalar Merkezi","og_description":"Hakkari (R\u00fbdaw)\u00a0\u2013 Hakkari\u2019nin Y\u00fcksekova (Gever) il\u00e7esinde as\u0131rl\u0131k su de\u011firmeni i\u015fleten H\u00fcseyin Kartal, \u201cBu de\u011firmen (a\u015f) 150 y\u0131l \u00f6nce kuruldu. Dedelerimiz ilk \u00f6nce bu de\u011firmeni d\u00f6nd\u00fcrd\u00fc, ard\u0131ndan biz devrald\u0131k ve \u015fu anda biz i\u015fletiyoruz\u201d dedi. Hakkari\u2019nin Y\u00fcksekova il\u00e7esine ba\u011fl\u0131 Da\u011fl\u0131ca (Oremar) b\u00f6lgesinde bulunan Ye\u015filta\u015f (\u015eitazin) k\u00f6y\u00fcndeki 150 y\u0131ll\u0131k su de\u011firmeni (a\u015f\u00ea av) teknolojiye ra\u011fmen ayakta kalabilmi\u015f [&hellip;]","og_url":"https:\/\/akunq.net\/tr\/?p=67819","og_site_name":"Bati Ermenistan Ve Bati Ermenileri Sorunlari Ara\u015ftirmalar Merkezi","article_published_time":"2022-04-05T07:39:24+00:00","og_image":[{"width":1200,"height":800,"url":"https:\/\/akunq.net\/tr\/wp-content\/uploads\/sites\/6\/2022\/04\/150-y\u0131ll\u0131k-tarihi-su-de\u011firmeni.jpg","type":"image\/jpeg"}],"author":"admin","twitter_card":"summary_large_image","twitter_misc":{"Written by":"admin","Est. reading time":"2 minutes"},"schema":{"@context":"https:\/\/schema.org","@graph":[{"@type":"Article","@id":"https:\/\/akunq.net\/tr\/?p=67819#article","isPartOf":{"@id":"https:\/\/akunq.net\/tr\/?p=67819"},"author":{"name":"admin","@id":"https:\/\/akunq.net\/tr\/#\/schema\/person\/096f1d38a12cce57fb855b485ed24c9e"},"headline":"Hakkari-Y\u00fcksekova\u2019da 150 y\u0131ll\u0131k tarihi su de\u011firmeni","datePublished":"2022-04-05T07:39:24+00:00","mainEntityOfPage":{"@id":"https:\/\/akunq.net\/tr\/?p=67819"},"wordCount":381,"commentCount":0,"image":{"@id":"https:\/\/akunq.net\/tr\/?p=67819#primaryimage"},"thumbnailUrl":"https:\/\/akunq.net\/tr\/wp-content\/uploads\/sites\/6\/2022\/04\/150-y\u0131ll\u0131k-tarihi-su-de\u011firmeni.jpg","articleSection":["Haberler"],"inLanguage":"en-US","potentialAction":[{"@type":"CommentAction","name":"Comment","target":["https:\/\/akunq.net\/tr\/?p=67819#respond"]}]},{"@type":"WebPage","@id":"https:\/\/akunq.net\/tr\/?p=67819","url":"https:\/\/akunq.net\/tr\/?p=67819","name":"Hakkari-Y\u00fcksekova\u2019da 150 y\u0131ll\u0131k tarihi su de\u011firmeni - Bati Ermenistan Ve Bati Ermenileri Sorunlari Ara\u015ftirmalar Merkezi","isPartOf":{"@id":"https:\/\/akunq.net\/tr\/#website"},"primaryImageOfPage":{"@id":"https:\/\/akunq.net\/tr\/?p=67819#primaryimage"},"image":{"@id":"https:\/\/akunq.net\/tr\/?p=67819#primaryimage"},"thumbnailUrl":"https:\/\/akunq.net\/tr\/wp-content\/uploads\/sites\/6\/2022\/04\/150-y\u0131ll\u0131k-tarihi-su-de\u011firmeni.jpg","datePublished":"2022-04-05T07:39:24+00:00","author":{"@id":"https:\/\/akunq.net\/tr\/#\/schema\/person\/096f1d38a12cce57fb855b485ed24c9e"},"breadcrumb":{"@id":"https:\/\/akunq.net\/tr\/?p=67819#breadcrumb"},"inLanguage":"en-US","potentialAction":[{"@type":"ReadAction","target":["https:\/\/akunq.net\/tr\/?p=67819"]}]},{"@type":"ImageObject","inLanguage":"en-US","@id":"https:\/\/akunq.net\/tr\/?p=67819#primaryimage","url":"https:\/\/akunq.net\/tr\/wp-content\/uploads\/sites\/6\/2022\/04\/150-y\u0131ll\u0131k-tarihi-su-de\u011firmeni.jpg","contentUrl":"https:\/\/akunq.net\/tr\/wp-content\/uploads\/sites\/6\/2022\/04\/150-y\u0131ll\u0131k-tarihi-su-de\u011firmeni.jpg","width":1200,"height":800},{"@type":"BreadcrumbList","@id":"https:\/\/akunq.net\/tr\/?p=67819#breadcrumb","itemListElement":[{"@type":"ListItem","position":1,"name":"Home","item":"https:\/\/akunq.net\/tr"},{"@type":"ListItem","position":2,"name":"Hakkari-Y\u00fcksekova\u2019da 150 y\u0131ll\u0131k tarihi su de\u011firmeni"}]},{"@type":"WebSite","@id":"https:\/\/akunq.net\/tr\/#website","url":"https:\/\/akunq.net\/tr\/","name":"Bati Ermenistan Ve Bati Ermenileri Sorunlari Ara\u015ftirmalar Merkezi","description":"","potentialAction":[{"@type":"SearchAction","target":{"@type":"EntryPoint","urlTemplate":"https:\/\/akunq.net\/tr\/?s={search_term_string}"},"query-input":{"@type":"PropertyValueSpecification","valueRequired":true,"valueName":"search_term_string"}}],"inLanguage":"en-US"},{"@type":"Person","@id":"https:\/\/akunq.net\/tr\/#\/schema\/person\/096f1d38a12cce57fb855b485ed24c9e","name":"admin","url":"https:\/\/akunq.net\/tr\/?author=7"}]}},"_links":{"self":[{"href":"https:\/\/akunq.net\/tr\/index.php?rest_route=\/wp\/v2\/posts\/67819","targetHints":{"allow":["GET"]}}],"collection":[{"href":"https:\/\/akunq.net\/tr\/index.php?rest_route=\/wp\/v2\/posts"}],"about":[{"href":"https:\/\/akunq.net\/tr\/index.php?rest_route=\/wp\/v2\/types\/post"}],"author":[{"embeddable":true,"href":"https:\/\/akunq.net\/tr\/index.php?rest_route=\/wp\/v2\/users\/7"}],"replies":[{"embeddable":true,"href":"https:\/\/akunq.net\/tr\/index.php?rest_route=%2Fwp%2Fv2%2Fcomments&post=67819"}],"version-history":[{"count":1,"href":"https:\/\/akunq.net\/tr\/index.php?rest_route=\/wp\/v2\/posts\/67819\/revisions"}],"predecessor-version":[{"id":67821,"href":"https:\/\/akunq.net\/tr\/index.php?rest_route=\/wp\/v2\/posts\/67819\/revisions\/67821"}],"wp:featuredmedia":[{"embeddable":true,"href":"https:\/\/akunq.net\/tr\/index.php?rest_route=\/wp\/v2\/media\/67820"}],"wp:attachment":[{"href":"https:\/\/akunq.net\/tr\/index.php?rest_route=%2Fwp%2Fv2%2Fmedia&parent=67819"}],"wp:term":[{"taxonomy":"category","embeddable":true,"href":"https:\/\/akunq.net\/tr\/index.php?rest_route=%2Fwp%2Fv2%2Fcategories&post=67819"},{"taxonomy":"post_tag","embeddable":true,"href":"https:\/\/akunq.net\/tr\/index.php?rest_route=%2Fwp%2Fv2%2Ftags&post=67819"}],"curies":[{"name":"wp","href":"https:\/\/api.w.org\/{rel}","templated":true}]}}