{"id":67799,"date":"2022-04-04T03:03:21","date_gmt":"2022-04-04T08:03:21","guid":{"rendered":"https:\/\/akunq.net\/tr\/?p=67799"},"modified":"2022-04-04T03:03:21","modified_gmt":"2022-04-04T08:03:21","slug":"pen-turkiye-migirdic-margosyan-eserleriyle-yasayanlar-arasina-katildi","status":"publish","type":"post","link":"https:\/\/akunq.net\/tr\/?p=67799","title":{"rendered":"PEN T\u00fcrkiye: M\u0131g\u0131rdi\u00e7 Margosyan, \u2018Eserleriyle Ya\u015fayanlar\u2019 aras\u0131na kat\u0131ld\u0131"},"content":{"rendered":"<p><img loading=\"lazy\" decoding=\"async\" class=\"aligncenter size-medium wp-image-67800\" src=\"https:\/\/akunq.net\/tr\/wp-content\/uploads\/2022\/04\/Margosyan-351x270.jpg\" alt=\"\" width=\"351\" height=\"270\" srcset=\"https:\/\/akunq.net\/tr\/wp-content\/uploads\/sites\/6\/2022\/04\/Margosyan-351x270.jpg 351w, https:\/\/akunq.net\/tr\/wp-content\/uploads\/sites\/6\/2022\/04\/Margosyan-560x430.jpg 560w, https:\/\/akunq.net\/tr\/wp-content\/uploads\/sites\/6\/2022\/04\/Margosyan-260x200.jpg 260w, https:\/\/akunq.net\/tr\/wp-content\/uploads\/sites\/6\/2022\/04\/Margosyan-160x123.jpg 160w, https:\/\/akunq.net\/tr\/wp-content\/uploads\/sites\/6\/2022\/04\/Margosyan.jpg 600w\" sizes=\"auto, (max-width: 351px) 100vw, 351px\" \/><\/p>\n<p><em><strong>PEN T\u00fcrkiye, vefat eden Ermeni yazar M\u0131g\u0131rdi\u00e7 Margosyan\u2019\u0131n ard\u0131ndan taziye mesaj\u0131 yay\u0131nlad\u0131: \u201cBaron M\u0131g\u0131rdi\u00e7, M\u0131g\u0131rdi\u00e7 Margosyan \u2018Eserleriyle Ya\u015fayanlar\u2019 aras\u0131na kat\u0131ld\u0131.\u201d<\/strong><\/em><\/p>\n<p>DUVAR \u2013 PEN T\u00fcrkiye Y\u00f6netim Kurulu, d\u00fcn vefat eden Ermeni yazar M\u0131g\u0131rdi\u00e7 Margosyan i\u00e7in bir taziye mesaj\u0131 yay\u0131mlad\u0131. Mesajda, \u201cDostumuz M\u0131g\u0131rdi\u00e7 Margosyan eserleri, yay\u0131nc\u0131l\u0131\u011f\u0131 ve esprili ki\u015fili\u011fi ile hem Ermeni hem de t\u00fcm T\u00fcrkiye k\u00fclt\u00fcr ve edebiyat\u0131 i\u00e7in b\u00fcy\u00fck bir de\u011fer olarak an\u0131lacak, okunacak, ayd\u0131nlatmay\u0131 s\u00fcrd\u00fcrecektir\u201d ifadeleri kullan\u0131ld\u0131.<\/p>\n<p>PEN T\u00fcrkiye Y\u00f6netim Kurulu\u2019nun mesaj\u0131 \u015f\u00f6yle:<\/p>\n<p>\u201cGavur Mahallesi\u2019nin yak\u0131\u015f\u0131kl\u0131s\u0131, Baron M\u0131g\u0131rdi\u00e7, M\u0131g\u0131rdi\u00e7 Margosyan \u2018Eserleriyle Ya\u015fayanlar\u2019 aras\u0131na kat\u0131ld\u0131.<\/p>\n<p>Edebi yazarl\u0131\u011f\u0131n\u0131n yan\u0131 s\u0131ra, mizah anlay\u0131\u015f\u0131, zekas\u0131, sohbeti ile g\u00f6n\u00fcllerde taht kuran ender yazarlar\u0131m\u0131zdand\u0131r.<\/p>\n<p>Gavur Mahallesi, S\u00f6yle Margos Nerelisen, Biletimiz \u0130stanbul\u2019a Kesildi, \u00c7engellii\u011fne gibi eserlerinde ya\u015fad\u0131\u011f\u0131 topraklar\u0131n k\u00fclt\u00fcr zenginli\u011fini kendi ya\u015fant\u0131lar\u0131ndan yola \u00e7\u0131karak son derece duyarl\u0131kl\u0131 bir dil ve ustaca bir kurguyla anlatm\u0131\u015f, son derece de\u011ferli bir yazar\u0131m\u0131zd\u0131r.<\/p>\n<p>Yeni G\u00fcndem, Marmara, Evrensel gazeteleri ve \u00d6k\u00fcz dergisi dahil olmak \u00fczere pek \u00e7ok gazete ve dergide yaz\u0131lar\u0131 yay\u0131nlanm\u0131\u015ft\u0131r.<\/p>\n<p>Dostumuz M\u0131g\u0131rdi\u00e7 Margosyan eserleri, yay\u0131nc\u0131l\u0131\u011f\u0131 ve esprili ki\u015fili\u011fi ile hem Ermeni hem de t\u00fcm T\u00fcrkiye k\u00fclt\u00fcr ve edebiyat\u0131 i\u00e7in b\u00fcy\u00fck bir de\u011fer olarak an\u0131lacak, okunacak, ayd\u0131nlatmay\u0131 s\u00fcrd\u00fcrecektir.<\/p>\n<p>De\u011ferli P.E.N \u00dcyemizin ailesine, sevenlerine ba\u015fsa\u011fl\u0131\u011f\u0131 ve sab\u0131rlar dileriz.\u201d<\/p>\n<hr \/>\n<p><em><strong><a href=\"https:\/\/www.gazeteduvar.com.tr\/pen-turkiye-migirdic-margosyan-eserleriyle-yasayanlar-arasina-katildi-haber-1559071\" target=\"_blank\" rel=\"noopener noreferrer\">Gazete Duvar<\/a>\u00a0<\/strong><\/em><\/p>\n","protected":false},"excerpt":{"rendered":"<p>PEN T\u00fcrkiye, vefat eden Ermeni yazar M\u0131g\u0131rdi\u00e7 Margosyan\u2019\u0131n ard\u0131ndan taziye mesaj\u0131 yay\u0131nlad\u0131: \u201cBaron M\u0131g\u0131rdi\u00e7, M\u0131g\u0131rdi\u00e7 Margosyan \u2018Eserleriyle Ya\u015fayanlar\u2019 aras\u0131na kat\u0131ld\u0131.\u201d DUVAR \u2013 PEN T\u00fcrkiye Y\u00f6netim Kurulu, d\u00fcn vefat eden Ermeni yazar M\u0131g\u0131rdi\u00e7 Margosyan i\u00e7in bir taziye mesaj\u0131 yay\u0131mlad\u0131. Mesajda, \u201cDostumuz M\u0131g\u0131rdi\u00e7 Margosyan eserleri, yay\u0131nc\u0131l\u0131\u011f\u0131 ve esprili ki\u015fili\u011fi ile hem Ermeni hem de t\u00fcm T\u00fcrkiye k\u00fclt\u00fcr [&hellip;]<\/p>\n","protected":false},"author":7,"featured_media":67800,"comment_status":"open","ping_status":"open","sticky":false,"template":"","format":"standard","meta":{"footnotes":""},"categories":[1],"tags":[],"class_list":["post-67799","post","type-post","status-publish","format-standard","has-post-thumbnail","hentry","category-haberler"],"yoast_head":"<!-- This site is optimized with the Yoast SEO plugin v27.4 - https:\/\/yoast.com\/product\/yoast-seo-wordpress\/ -->\n<title>PEN T\u00fcrkiye: M\u0131g\u0131rdi\u00e7 Margosyan, \u2018Eserleriyle Ya\u015fayanlar\u2019 aras\u0131na kat\u0131ld\u0131 - Bati Ermenistan Ve Bati Ermenileri Sorunlari Ara\u015ftirmalar Merkezi<\/title>\n<meta name=\"robots\" content=\"index, follow, max-snippet:-1, max-image-preview:large, max-video-preview:-1\" \/>\n<link rel=\"canonical\" href=\"https:\/\/akunq.net\/tr\/?p=67799\" \/>\n<meta property=\"og:locale\" content=\"en_US\" \/>\n<meta property=\"og:type\" content=\"article\" \/>\n<meta property=\"og:title\" content=\"PEN T\u00fcrkiye: M\u0131g\u0131rdi\u00e7 Margosyan, \u2018Eserleriyle Ya\u015fayanlar\u2019 aras\u0131na kat\u0131ld\u0131 - Bati Ermenistan Ve Bati Ermenileri Sorunlari Ara\u015ftirmalar Merkezi\" \/>\n<meta property=\"og:description\" content=\"PEN T\u00fcrkiye, vefat eden Ermeni yazar M\u0131g\u0131rdi\u00e7 Margosyan\u2019\u0131n ard\u0131ndan taziye mesaj\u0131 yay\u0131nlad\u0131: \u201cBaron M\u0131g\u0131rdi\u00e7, M\u0131g\u0131rdi\u00e7 Margosyan \u2018Eserleriyle Ya\u015fayanlar\u2019 aras\u0131na kat\u0131ld\u0131.\u201d DUVAR \u2013 PEN T\u00fcrkiye Y\u00f6netim Kurulu, d\u00fcn vefat eden Ermeni yazar M\u0131g\u0131rdi\u00e7 Margosyan i\u00e7in bir taziye mesaj\u0131 yay\u0131mlad\u0131. Mesajda, \u201cDostumuz M\u0131g\u0131rdi\u00e7 Margosyan eserleri, yay\u0131nc\u0131l\u0131\u011f\u0131 ve esprili ki\u015fili\u011fi ile hem Ermeni hem de t\u00fcm T\u00fcrkiye k\u00fclt\u00fcr [&hellip;]\" \/>\n<meta property=\"og:url\" content=\"https:\/\/akunq.net\/tr\/?p=67799\" \/>\n<meta property=\"og:site_name\" content=\"Bati Ermenistan Ve Bati Ermenileri Sorunlari Ara\u015ftirmalar Merkezi\" \/>\n<meta property=\"article:published_time\" content=\"2022-04-04T08:03:21+00:00\" \/>\n<meta property=\"og:image\" content=\"https:\/\/akunq.net\/tr\/wp-content\/uploads\/sites\/6\/2022\/04\/Margosyan.jpg\" \/>\n\t<meta property=\"og:image:width\" content=\"600\" \/>\n\t<meta property=\"og:image:height\" content=\"461\" \/>\n\t<meta property=\"og:image:type\" content=\"image\/jpeg\" \/>\n<meta name=\"author\" content=\"admin\" \/>\n<meta name=\"twitter:card\" content=\"summary_large_image\" \/>\n<meta name=\"twitter:label1\" content=\"Written by\" \/>\n\t<meta name=\"twitter:data1\" content=\"admin\" \/>\n\t<meta name=\"twitter:label2\" content=\"Est. reading time\" \/>\n\t<meta name=\"twitter:data2\" content=\"1 minute\" \/>\n<script type=\"application\/ld+json\" class=\"yoast-schema-graph\">{\"@context\":\"https:\\\/\\\/schema.org\",\"@graph\":[{\"@type\":\"Article\",\"@id\":\"https:\\\/\\\/akunq.net\\\/tr\\\/?p=67799#article\",\"isPartOf\":{\"@id\":\"https:\\\/\\\/akunq.net\\\/tr\\\/?p=67799\"},\"author\":{\"name\":\"admin\",\"@id\":\"https:\\\/\\\/akunq.net\\\/tr\\\/#\\\/schema\\\/person\\\/096f1d38a12cce57fb855b485ed24c9e\"},\"headline\":\"PEN T\u00fcrkiye: M\u0131g\u0131rdi\u00e7 Margosyan, \u2018Eserleriyle Ya\u015fayanlar\u2019 aras\u0131na kat\u0131ld\u0131\",\"datePublished\":\"2022-04-04T08:03:21+00:00\",\"mainEntityOfPage\":{\"@id\":\"https:\\\/\\\/akunq.net\\\/tr\\\/?p=67799\"},\"wordCount\":308,\"commentCount\":0,\"image\":{\"@id\":\"https:\\\/\\\/akunq.net\\\/tr\\\/?p=67799#primaryimage\"},\"thumbnailUrl\":\"https:\\\/\\\/akunq.net\\\/tr\\\/wp-content\\\/uploads\\\/sites\\\/6\\\/2022\\\/04\\\/Margosyan.jpg\",\"articleSection\":[\"Haberler\"],\"inLanguage\":\"en-US\",\"potentialAction\":[{\"@type\":\"CommentAction\",\"name\":\"Comment\",\"target\":[\"https:\\\/\\\/akunq.net\\\/tr\\\/?p=67799#respond\"]}]},{\"@type\":\"WebPage\",\"@id\":\"https:\\\/\\\/akunq.net\\\/tr\\\/?p=67799\",\"url\":\"https:\\\/\\\/akunq.net\\\/tr\\\/?p=67799\",\"name\":\"PEN T\u00fcrkiye: M\u0131g\u0131rdi\u00e7 Margosyan, \u2018Eserleriyle Ya\u015fayanlar\u2019 aras\u0131na kat\u0131ld\u0131 - Bati Ermenistan Ve Bati Ermenileri Sorunlari Ara\u015ftirmalar Merkezi\",\"isPartOf\":{\"@id\":\"https:\\\/\\\/akunq.net\\\/tr\\\/#website\"},\"primaryImageOfPage\":{\"@id\":\"https:\\\/\\\/akunq.net\\\/tr\\\/?p=67799#primaryimage\"},\"image\":{\"@id\":\"https:\\\/\\\/akunq.net\\\/tr\\\/?p=67799#primaryimage\"},\"thumbnailUrl\":\"https:\\\/\\\/akunq.net\\\/tr\\\/wp-content\\\/uploads\\\/sites\\\/6\\\/2022\\\/04\\\/Margosyan.jpg\",\"datePublished\":\"2022-04-04T08:03:21+00:00\",\"author\":{\"@id\":\"https:\\\/\\\/akunq.net\\\/tr\\\/#\\\/schema\\\/person\\\/096f1d38a12cce57fb855b485ed24c9e\"},\"breadcrumb\":{\"@id\":\"https:\\\/\\\/akunq.net\\\/tr\\\/?p=67799#breadcrumb\"},\"inLanguage\":\"en-US\",\"potentialAction\":[{\"@type\":\"ReadAction\",\"target\":[\"https:\\\/\\\/akunq.net\\\/tr\\\/?p=67799\"]}]},{\"@type\":\"ImageObject\",\"inLanguage\":\"en-US\",\"@id\":\"https:\\\/\\\/akunq.net\\\/tr\\\/?p=67799#primaryimage\",\"url\":\"https:\\\/\\\/akunq.net\\\/tr\\\/wp-content\\\/uploads\\\/sites\\\/6\\\/2022\\\/04\\\/Margosyan.jpg\",\"contentUrl\":\"https:\\\/\\\/akunq.net\\\/tr\\\/wp-content\\\/uploads\\\/sites\\\/6\\\/2022\\\/04\\\/Margosyan.jpg\",\"width\":600,\"height\":461},{\"@type\":\"BreadcrumbList\",\"@id\":\"https:\\\/\\\/akunq.net\\\/tr\\\/?p=67799#breadcrumb\",\"itemListElement\":[{\"@type\":\"ListItem\",\"position\":1,\"name\":\"Home\",\"item\":\"https:\\\/\\\/akunq.net\\\/tr\"},{\"@type\":\"ListItem\",\"position\":2,\"name\":\"PEN T\u00fcrkiye: M\u0131g\u0131rdi\u00e7 Margosyan, \u2018Eserleriyle Ya\u015fayanlar\u2019 aras\u0131na kat\u0131ld\u0131\"}]},{\"@type\":\"WebSite\",\"@id\":\"https:\\\/\\\/akunq.net\\\/tr\\\/#website\",\"url\":\"https:\\\/\\\/akunq.net\\\/tr\\\/\",\"name\":\"Bati Ermenistan Ve Bati Ermenileri Sorunlari Ara\u015ftirmalar Merkezi\",\"description\":\"\",\"potentialAction\":[{\"@type\":\"SearchAction\",\"target\":{\"@type\":\"EntryPoint\",\"urlTemplate\":\"https:\\\/\\\/akunq.net\\\/tr\\\/?s={search_term_string}\"},\"query-input\":{\"@type\":\"PropertyValueSpecification\",\"valueRequired\":true,\"valueName\":\"search_term_string\"}}],\"inLanguage\":\"en-US\"},{\"@type\":\"Person\",\"@id\":\"https:\\\/\\\/akunq.net\\\/tr\\\/#\\\/schema\\\/person\\\/096f1d38a12cce57fb855b485ed24c9e\",\"name\":\"admin\",\"url\":\"https:\\\/\\\/akunq.net\\\/tr\\\/?author=7\"}]}<\/script>\n<!-- \/ Yoast SEO plugin. -->","yoast_head_json":{"title":"PEN T\u00fcrkiye: M\u0131g\u0131rdi\u00e7 Margosyan, \u2018Eserleriyle Ya\u015fayanlar\u2019 aras\u0131na kat\u0131ld\u0131 - Bati Ermenistan Ve Bati Ermenileri Sorunlari Ara\u015ftirmalar Merkezi","robots":{"index":"index","follow":"follow","max-snippet":"max-snippet:-1","max-image-preview":"max-image-preview:large","max-video-preview":"max-video-preview:-1"},"canonical":"https:\/\/akunq.net\/tr\/?p=67799","og_locale":"en_US","og_type":"article","og_title":"PEN T\u00fcrkiye: M\u0131g\u0131rdi\u00e7 Margosyan, \u2018Eserleriyle Ya\u015fayanlar\u2019 aras\u0131na kat\u0131ld\u0131 - Bati Ermenistan Ve Bati Ermenileri Sorunlari Ara\u015ftirmalar Merkezi","og_description":"PEN T\u00fcrkiye, vefat eden Ermeni yazar M\u0131g\u0131rdi\u00e7 Margosyan\u2019\u0131n ard\u0131ndan taziye mesaj\u0131 yay\u0131nlad\u0131: \u201cBaron M\u0131g\u0131rdi\u00e7, M\u0131g\u0131rdi\u00e7 Margosyan \u2018Eserleriyle Ya\u015fayanlar\u2019 aras\u0131na kat\u0131ld\u0131.\u201d DUVAR \u2013 PEN T\u00fcrkiye Y\u00f6netim Kurulu, d\u00fcn vefat eden Ermeni yazar M\u0131g\u0131rdi\u00e7 Margosyan i\u00e7in bir taziye mesaj\u0131 yay\u0131mlad\u0131. Mesajda, \u201cDostumuz M\u0131g\u0131rdi\u00e7 Margosyan eserleri, yay\u0131nc\u0131l\u0131\u011f\u0131 ve esprili ki\u015fili\u011fi ile hem Ermeni hem de t\u00fcm T\u00fcrkiye k\u00fclt\u00fcr [&hellip;]","og_url":"https:\/\/akunq.net\/tr\/?p=67799","og_site_name":"Bati Ermenistan Ve Bati Ermenileri Sorunlari Ara\u015ftirmalar Merkezi","article_published_time":"2022-04-04T08:03:21+00:00","og_image":[{"width":600,"height":461,"url":"https:\/\/akunq.net\/tr\/wp-content\/uploads\/sites\/6\/2022\/04\/Margosyan.jpg","type":"image\/jpeg"}],"author":"admin","twitter_card":"summary_large_image","twitter_misc":{"Written by":"admin","Est. reading time":"1 minute"},"schema":{"@context":"https:\/\/schema.org","@graph":[{"@type":"Article","@id":"https:\/\/akunq.net\/tr\/?p=67799#article","isPartOf":{"@id":"https:\/\/akunq.net\/tr\/?p=67799"},"author":{"name":"admin","@id":"https:\/\/akunq.net\/tr\/#\/schema\/person\/096f1d38a12cce57fb855b485ed24c9e"},"headline":"PEN T\u00fcrkiye: M\u0131g\u0131rdi\u00e7 Margosyan, \u2018Eserleriyle Ya\u015fayanlar\u2019 aras\u0131na kat\u0131ld\u0131","datePublished":"2022-04-04T08:03:21+00:00","mainEntityOfPage":{"@id":"https:\/\/akunq.net\/tr\/?p=67799"},"wordCount":308,"commentCount":0,"image":{"@id":"https:\/\/akunq.net\/tr\/?p=67799#primaryimage"},"thumbnailUrl":"https:\/\/akunq.net\/tr\/wp-content\/uploads\/sites\/6\/2022\/04\/Margosyan.jpg","articleSection":["Haberler"],"inLanguage":"en-US","potentialAction":[{"@type":"CommentAction","name":"Comment","target":["https:\/\/akunq.net\/tr\/?p=67799#respond"]}]},{"@type":"WebPage","@id":"https:\/\/akunq.net\/tr\/?p=67799","url":"https:\/\/akunq.net\/tr\/?p=67799","name":"PEN T\u00fcrkiye: M\u0131g\u0131rdi\u00e7 Margosyan, \u2018Eserleriyle Ya\u015fayanlar\u2019 aras\u0131na kat\u0131ld\u0131 - Bati Ermenistan Ve Bati Ermenileri Sorunlari Ara\u015ftirmalar Merkezi","isPartOf":{"@id":"https:\/\/akunq.net\/tr\/#website"},"primaryImageOfPage":{"@id":"https:\/\/akunq.net\/tr\/?p=67799#primaryimage"},"image":{"@id":"https:\/\/akunq.net\/tr\/?p=67799#primaryimage"},"thumbnailUrl":"https:\/\/akunq.net\/tr\/wp-content\/uploads\/sites\/6\/2022\/04\/Margosyan.jpg","datePublished":"2022-04-04T08:03:21+00:00","author":{"@id":"https:\/\/akunq.net\/tr\/#\/schema\/person\/096f1d38a12cce57fb855b485ed24c9e"},"breadcrumb":{"@id":"https:\/\/akunq.net\/tr\/?p=67799#breadcrumb"},"inLanguage":"en-US","potentialAction":[{"@type":"ReadAction","target":["https:\/\/akunq.net\/tr\/?p=67799"]}]},{"@type":"ImageObject","inLanguage":"en-US","@id":"https:\/\/akunq.net\/tr\/?p=67799#primaryimage","url":"https:\/\/akunq.net\/tr\/wp-content\/uploads\/sites\/6\/2022\/04\/Margosyan.jpg","contentUrl":"https:\/\/akunq.net\/tr\/wp-content\/uploads\/sites\/6\/2022\/04\/Margosyan.jpg","width":600,"height":461},{"@type":"BreadcrumbList","@id":"https:\/\/akunq.net\/tr\/?p=67799#breadcrumb","itemListElement":[{"@type":"ListItem","position":1,"name":"Home","item":"https:\/\/akunq.net\/tr"},{"@type":"ListItem","position":2,"name":"PEN T\u00fcrkiye: M\u0131g\u0131rdi\u00e7 Margosyan, \u2018Eserleriyle Ya\u015fayanlar\u2019 aras\u0131na kat\u0131ld\u0131"}]},{"@type":"WebSite","@id":"https:\/\/akunq.net\/tr\/#website","url":"https:\/\/akunq.net\/tr\/","name":"Bati Ermenistan Ve Bati Ermenileri Sorunlari Ara\u015ftirmalar Merkezi","description":"","potentialAction":[{"@type":"SearchAction","target":{"@type":"EntryPoint","urlTemplate":"https:\/\/akunq.net\/tr\/?s={search_term_string}"},"query-input":{"@type":"PropertyValueSpecification","valueRequired":true,"valueName":"search_term_string"}}],"inLanguage":"en-US"},{"@type":"Person","@id":"https:\/\/akunq.net\/tr\/#\/schema\/person\/096f1d38a12cce57fb855b485ed24c9e","name":"admin","url":"https:\/\/akunq.net\/tr\/?author=7"}]}},"_links":{"self":[{"href":"https:\/\/akunq.net\/tr\/index.php?rest_route=\/wp\/v2\/posts\/67799","targetHints":{"allow":["GET"]}}],"collection":[{"href":"https:\/\/akunq.net\/tr\/index.php?rest_route=\/wp\/v2\/posts"}],"about":[{"href":"https:\/\/akunq.net\/tr\/index.php?rest_route=\/wp\/v2\/types\/post"}],"author":[{"embeddable":true,"href":"https:\/\/akunq.net\/tr\/index.php?rest_route=\/wp\/v2\/users\/7"}],"replies":[{"embeddable":true,"href":"https:\/\/akunq.net\/tr\/index.php?rest_route=%2Fwp%2Fv2%2Fcomments&post=67799"}],"version-history":[{"count":1,"href":"https:\/\/akunq.net\/tr\/index.php?rest_route=\/wp\/v2\/posts\/67799\/revisions"}],"predecessor-version":[{"id":67801,"href":"https:\/\/akunq.net\/tr\/index.php?rest_route=\/wp\/v2\/posts\/67799\/revisions\/67801"}],"wp:featuredmedia":[{"embeddable":true,"href":"https:\/\/akunq.net\/tr\/index.php?rest_route=\/wp\/v2\/media\/67800"}],"wp:attachment":[{"href":"https:\/\/akunq.net\/tr\/index.php?rest_route=%2Fwp%2Fv2%2Fmedia&parent=67799"}],"wp:term":[{"taxonomy":"category","embeddable":true,"href":"https:\/\/akunq.net\/tr\/index.php?rest_route=%2Fwp%2Fv2%2Fcategories&post=67799"},{"taxonomy":"post_tag","embeddable":true,"href":"https:\/\/akunq.net\/tr\/index.php?rest_route=%2Fwp%2Fv2%2Ftags&post=67799"}],"curies":[{"name":"wp","href":"https:\/\/api.w.org\/{rel}","templated":true}]}}