{"id":67795,"date":"2022-04-04T02:21:31","date_gmt":"2022-04-04T07:21:31","guid":{"rendered":"https:\/\/akunq.net\/tr\/?p=67795"},"modified":"2022-04-04T02:21:31","modified_gmt":"2022-04-04T07:21:31","slug":"cemevlerinin-elektrigi-neden-kesiliyor","status":"publish","type":"post","link":"https:\/\/akunq.net\/tr\/?p=67795","title":{"rendered":"Cemevlerinin elektri\u011fi neden kesiliyor?"},"content":{"rendered":"<p><img loading=\"lazy\" decoding=\"async\" class=\"aligncenter size-medium wp-image-67796\" src=\"https:\/\/akunq.net\/tr\/wp-content\/uploads\/2022\/04\/Cemevleri-360x203.png\" alt=\"\" width=\"360\" height=\"203\" srcset=\"https:\/\/akunq.net\/tr\/wp-content\/uploads\/sites\/6\/2022\/04\/Cemevleri-360x203.png 360w, https:\/\/akunq.net\/tr\/wp-content\/uploads\/sites\/6\/2022\/04\/Cemevleri-768x432.png 768w, https:\/\/akunq.net\/tr\/wp-content\/uploads\/sites\/6\/2022\/04\/Cemevleri-560x315.png 560w, https:\/\/akunq.net\/tr\/wp-content\/uploads\/sites\/6\/2022\/04\/Cemevleri-260x146.png 260w, https:\/\/akunq.net\/tr\/wp-content\/uploads\/sites\/6\/2022\/04\/Cemevleri-160x90.png 160w, https:\/\/akunq.net\/tr\/wp-content\/uploads\/sites\/6\/2022\/04\/Cemevleri.png 1024w\" sizes=\"auto, (max-width: 360px) 100vw, 360px\" \/><\/p>\n<p><em><strong>Devlet taraf\u0131ndan ibadethane stat\u00fcs\u00fc tan\u0131nmad\u0131\u011f\u0131 i\u00e7in elektrikleri kesilen Cemevleri Meclis g\u00fcndeminde.<\/strong><\/em><\/p>\n<p><strong>Halklar\u0131n Demokratik Partisi (HDP) \u0130stanbul Milletvekili Ali KENANO\u011eLU<\/strong>, devlet taraf\u0131ndan ibadethane stat\u00fcs\u00fc tan\u0131nmad\u0131\u011f\u0131 i\u00e7in elektrik da\u011f\u0131t\u0131m \u015firketleri taraf\u0131ndan elektrikleri kesilen Cemevlerini Meclis g\u00fcndemine ta\u015f\u0131d\u0131. Cumhurba\u015fkanl\u0131\u011f\u0131\u2019na verdi\u011fi soru \u00f6nergesinde Cemevlerinin ibadethane stat\u00fcs\u00fcn\u00fcn tan\u0131nmas\u0131na ili\u015fkin yerel ve uluslararas\u0131 emsal mahkeme kararlar\u0131na dikkat \u00e7eken Kenano\u011flu, \u201c<em>Alevilerin inan\u00e7 merkezi olan Cemevlerinin ibadethane oldu\u011fu ve elektrik vb. giderlerinin devlet taraf\u0131ndan \u00f6denmesi gerekti\u011fi ile ilgili AH\u0130M, Dan\u0131\u015ftay ve Yerel Mahkemelerin verdi\u011fi kararlar mevcutken Bursa Ataevler Cemevi\u2019nin elektri\u011fi neden kesilmektedir?<\/em>\u201d diye sordu.<\/p>\n<h2><strong>(HDP) \u0130stanbul Milletvekili Ali KENANO\u011eLU<\/strong>, soru \u00f6nergesinde<\/h2>\n<p>Alev\u00ee K\u00fclt\u00fcr Dernekleri, Cemevlerinin ticarethane de\u011fil, ibadethane oldu\u011fu, dolay\u0131s\u0131yla y\u00fcksek gelen elektrik faturalar\u0131n\u0131 \u00f6demeyeceklerini a\u00e7\u0131klam\u0131\u015flard\u0131. Bu do\u011frultuda Bursa Ataevler Cemevinin 2.862 TL.\u2019lik elektrik faturas\u0131n\u0131n \u00f6demesini yapmad\u0131\u011f\u0131 gerek\u00e7esiyle UEDA\u015e taraf\u0131ndan elektri\u011fi kesilmi\u015ftir.<\/p>\n<p>Alevi K\u00fclt\u00fcr Dernekleri (AKD) Genel Merkezi, ger\u00e7ekle\u015ftirilen kesintiye tepki g\u00f6stererek,<strong><em>\u00a0\u201c<\/em><\/strong>21. Y\u00fczy\u0131lda hala bizlerin ibadethanesi olan Cemevlerimizin elektri\u011fi kesilmeye devam ediyor\u201d\u00a0\u015feklinde a\u00e7\u0131klama yapm\u0131\u015ft\u0131r.<\/p>\n<p>Bilindi\u011fi gibi, Alevilerin ibadethanesi olan Cemevlerinin elektrik giderlerinin devlet taraf\u0131ndan kar\u015f\u0131lanmamas\u0131 \u00fczerine hem i\u00e7 hukuk hem de d\u0131\u015f hukuk mercilerinde a\u00e7\u0131lm\u0131\u015f ve kazan\u0131lm\u0131\u015f kararlar mevcuttur.<\/p>\n<p>Bunun en son \u00f6rne\u011fi; Kad\u0131k\u00f6y\u2019deki Pir Sultan Abdal Cemevi\u2019nin elektrik faturas\u0131 \u2018ticarethane\u2019 stat\u00fcs\u00fcnde kesilmesi nedeniyle Cemevi borcunu \u00f6deyemeyince \u0130stanbul Anadolu Yakas\u0131 Elektrik Perakende Sat\u0131\u015f A.\u015e. taraf\u0131ndan elektri\u011fi kesilmi\u015f, Pir Sultan Abdal K\u00fclt\u00fcr Derne\u011fi\u2019nin Anadolu 7. Asliye Hukuk Mahkemesi\u2019nde Cemevinin elektri\u011finin kesilmesiyle ilgili a\u00e7t\u0131\u011f\u0131 davada, Mahkeme 15 Mart 2022 tarihinde\u00a0<strong>\u2018ticarethane h\u00fck\u00fcmlerine\u2019 g\u00f6re fatura g\u00f6nderilen Cemevinin borcu olmad\u0131\u011f\u0131na\u00a0<\/strong>y\u00f6nelik karar vermi\u015ftir.<\/p>\n<p>Di\u011fer taraftan daha \u00f6nceki y\u0131llarda, Bak\u0131rk\u00f6y 5. Asliye Hukuk mahkemesinin 19.09.2017 tarihli ve 2015\/420 Esas say\u0131l\u0131 karar\u0131 ve Yarg\u0131tay 3. Hukuk Dairesinin 25.10.2018 tarihli ve 2018\/3515 Esas say\u0131l\u0131 onama karar\u0131 gere\u011fi Cemevleri ibadethane stat\u00fcs\u00fcnde say\u0131ld\u0131\u011f\u0131ndan elektrik sarfiyat bedellerinden muaf tutulmu\u015ftur.<\/p>\n<p>Yine, \u0130stanbul 18. Asliye Hukuk Mahkemesi, \u0130stanbul Esenyurt\u2019ta bulunan ve Cem Vakf\u0131\u2019na ba\u011fl\u0131 K\u0131ra\u00e7 Cemevinin ibadethane say\u0131lmas\u0131 gerekti\u011fini belirterek elektrik faturas\u0131 \u00f6denmemesine y\u00f6nelik karar vermi\u015ftir.<\/p>\n<p>Ayr\u0131ca, \u0130stanbul Esenyurt\u2019ta bulunan Erenler E\u011fitim ve K\u00fclt\u00fcr Vakf\u0131 Cemevinin elektrik faturalar\u0131n\u0131n \u00f6denmedi\u011fi gerek\u00e7esiyle BEDA\u015e taraf\u0131ndan Cemevi icraya verilmi\u015f ve Cemevi y\u00f6netimi kar\u015f\u0131 dava a\u00e7arak icray\u0131 durdurmu\u015ftur. Cemevi y\u00f6netiminin, Cemevlerinin Alevilerin ibadethanesi oldu\u011fu i\u00e7in elektrik giderlerinin devlet taraf\u0131ndan kar\u015f\u0131lanmas\u0131 istemiyle 2015 y\u0131l\u0131nda a\u00e7t\u0131\u011f\u0131 dava sonu\u00e7lanm\u0131\u015f ve Dan\u0131\u015ftay 13. Dairesi verdi\u011fi karara g\u00f6re Erenler Cemevinin elektrik giderlerinin Devlet taraf\u0131ndan \u00f6denmesine karar verilmi\u015ftir.<\/p>\n<p>Aral\u0131k 2014 y\u0131l\u0131nda Avrupa \u0130nsan Haklar\u0131 Mahkemesi (A\u0130HM) T\u00fcrkiye\u2019de Cemevlerine ayr\u0131mc\u0131l\u0131k yap\u0131ld\u0131\u011f\u0131n\u0131 ve Cemevlerinin de di\u011fer ibadethaneler gibi hukuki olarak tan\u0131nmas\u0131 gerekti\u011fini oybirli\u011fiyle karara ba\u011flam\u0131\u015ft\u0131r. A\u0130HM s\u00f6z konusu karar\u0131nda \u00f6zetle cami, kilise veya sinagoglara uygulanan elektrik faturas\u0131 muafiyetinin, Cemevlerine uygulanmamas\u0131n\u0131n kabul edilemeyece\u011fini belirtmi\u015f ve Yenibosna\u2019da ger\u00e7ekle\u015ftirilen hi\u00e7bir faaliyetin ticari bir karakter ta\u015f\u0131mad\u0131\u011f\u0131ndan yola \u00e7\u0131karak \u201cCemevleri de di\u011fer dinlere ait mekanlar gibi ibadet mekanlar\u0131d\u0131r. Devlet temsilcileri, neden Cemevlerine farkl\u0131 bir uygulama getirildi\u011fi konusundaki savunmas\u0131nda ger\u00e7ek\u00e7i ve objektif bir gerek\u00e7e sunamam\u0131\u015ft\u0131r. Dolay\u0131s\u0131yla A\u0130HS\u2019in 9\u2019uncu maddesiyle ba\u011flant\u0131l\u0131 olarak din \u00f6zg\u00fcrl\u00fc\u011f\u00fcn\u00fc garanti alt\u0131na alan 14\u2019\u00fcnc\u00fc maddesinin ihlal edildi\u011fine karar verilmi\u015ftir\u201d denilmektedir.<\/p>\n<p>Ayr\u0131ca, y\u00fcr\u00fcrl\u00fckte bulunan 6446 say\u0131l\u0131 Enerji Piyasas\u0131 Kanununun \u201cGenel ayd\u0131nlatma\u201d ba\u015fl\u0131kl\u0131 ge\u00e7ici 6. maddesinin \u00fc\u00e7\u00fcnc\u00fc f\u0131kras\u0131nda \u201c\u2026 toplumun ibadetine a\u00e7\u0131lm\u0131\u015f ve \u00fccretsiz girilen ibadethanelere ili\u015fkin ayd\u0131nlatma giderleri ise Diyanet \u0130\u015fleri Ba\u015fkanl\u0131\u011f\u0131 b\u00fct\u00e7esine konulacak \u00f6denekten kar\u015f\u0131lan\u0131r.\u201d \u00a0h\u00fckm\u00fcne yer verilmi\u015ftir. Bu h\u00fck\u00fcmden de anla\u015f\u0131laca\u011f\u0131 \u00fczere toplumun ibadetine a\u00e7\u0131lm\u0131\u015f ve \u00fccretsiz girilen t\u00fcm ibadethanelerin ayd\u0131nlatma giderlerinin devlet taraf\u0131ndan kar\u015f\u0131lanmas\u0131 gerekti\u011fi \u00f6ng\u00f6r\u00fclm\u00fc\u015ft\u00fcr.<\/p>\n<h3><strong>Bu ba\u011flamda;<\/strong><\/h3>\n<ol>\n<li>T\u00fcrkiye\u2019de Cemevleri d\u0131\u015f\u0131nda elektri\u011fi kesilen ba\u015fka bir inanca ait ibadethane var m\u0131d\u0131r?<\/li>\n<li>Camilerin elektrik faturalar\u0131 devlet taraf\u0131ndan kar\u015f\u0131land\u0131\u011f\u0131 halde, Alevilerin ibadethanesi olan Cemevlerinin elektrik faturalar\u0131 neden devlet taraf\u0131ndan kar\u015f\u0131lanmamaktad\u0131r?<\/li>\n<li>Kad\u0131k\u00f6y Pir Sultan Abdal Cemevi\u2019nin elektrik faturas\u0131n\u0131 \u00f6dememesi nedeniyle a\u00e7t\u0131\u011f\u0131 davada Anadolu 7. Asliye Hukuk Mahkemesi\u2019nin 15 Mart 2022 tarihinde verdi\u011fi \u2018ticarethane h\u00fck\u00fcmlerine\u2019 g\u00f6re fatura g\u00f6nderilen Cemevinin borcu olmad\u0131\u011f\u0131na y\u00f6nelik karar\u201d\u0131 ba\u011flay\u0131c\u0131 de\u011fil midir? Bu karar neden emsal karar olarak uygulanmamaktad\u0131r?<\/li>\n<li>Devlet, cami, mescit, sinagog, kilise gibi yerleri ibadethane olarak g\u00f6r\u00fcrken, Cemevlerini neden ibadethaneden saymamaktad\u0131r?<\/li>\n<li>Cami, mescit, sinagog, kilise gibi yerlere ibadethane stat\u00fcs\u00fc tan\u0131n\u0131rken, Cemevlerinin ibadethane say\u0131lamamas\u0131 bir ayr\u0131mc\u0131l\u0131k de\u011fil midir?<\/li>\n<li>Alevilerden de al\u0131nan vergileri ile t\u00fcm inan\u00e7 merkezlerinin giderleri kar\u015f\u0131lan\u0131rken, Cemevlerinin giderleri neden kar\u015f\u0131lanmamaktad\u0131r?<\/li>\n<li>Alevilerin inan\u00e7 merkezi olan Cemevlerinin ibadethane oldu\u011fu ve elektrik vb. giderlerinin devlet taraf\u0131ndan \u00f6denmesi gerekti\u011fi ile ilgili AH\u0130M, Dan\u0131\u015ftay ve Yerel Mahkemelerin verdi\u011fi kararlar mevcutken Bursa Ataevler Cemevi\u2019nin elektri\u011fi neden kesilmektedir?<\/li>\n<li>Alevilerin ibadet yeri olan Cemevlerinin ibadethane oldu\u011funun tart\u0131\u015fmalardan \u00e7\u0131kar\u0131lmas\u0131 ve b\u00fct\u00fcn ibadethanelere tan\u0131nan haklar\u0131n Cemevlerine de tan\u0131nmas\u0131 i\u00e7in genel bir hukuki d\u00fczenleme yap\u0131lacak m\u0131d\u0131r?<\/li>\n<\/ol>\n<p><em><strong><a href=\"https:\/\/www.habereguven.com\/cemevlerinin-elektrigi-neden-kesiliyor\/\">https:\/\/www.habereguven.com\/cemevlerinin-elektrigi-neden-kesiliyor\/<\/a>\u00a0<\/strong><\/em><\/p>\n","protected":false},"excerpt":{"rendered":"<p>Devlet taraf\u0131ndan ibadethane stat\u00fcs\u00fc tan\u0131nmad\u0131\u011f\u0131 i\u00e7in elektrikleri kesilen Cemevleri Meclis g\u00fcndeminde. Halklar\u0131n Demokratik Partisi (HDP) \u0130stanbul Milletvekili Ali KENANO\u011eLU, devlet taraf\u0131ndan ibadethane stat\u00fcs\u00fc tan\u0131nmad\u0131\u011f\u0131 i\u00e7in elektrik da\u011f\u0131t\u0131m \u015firketleri taraf\u0131ndan elektrikleri kesilen Cemevlerini Meclis g\u00fcndemine ta\u015f\u0131d\u0131. Cumhurba\u015fkanl\u0131\u011f\u0131\u2019na verdi\u011fi soru \u00f6nergesinde Cemevlerinin ibadethane stat\u00fcs\u00fcn\u00fcn tan\u0131nmas\u0131na ili\u015fkin yerel ve uluslararas\u0131 emsal mahkeme kararlar\u0131na dikkat \u00e7eken Kenano\u011flu, \u201cAlevilerin inan\u00e7 [&hellip;]<\/p>\n","protected":false},"author":7,"featured_media":67796,"comment_status":"open","ping_status":"open","sticky":false,"template":"","format":"standard","meta":{"footnotes":""},"categories":[1,53],"tags":[],"class_list":["post-67795","post","type-post","status-publish","format-standard","has-post-thumbnail","hentry","category-haberler","category-turkiyede-azinliklar"],"yoast_head":"<!-- This site is optimized with the Yoast SEO plugin v27.4 - https:\/\/yoast.com\/product\/yoast-seo-wordpress\/ -->\n<title>Cemevlerinin elektri\u011fi neden kesiliyor? - Bati Ermenistan Ve Bati Ermenileri Sorunlari Ara\u015ftirmalar Merkezi<\/title>\n<meta name=\"robots\" content=\"index, follow, max-snippet:-1, max-image-preview:large, max-video-preview:-1\" \/>\n<link rel=\"canonical\" href=\"https:\/\/akunq.net\/tr\/?p=67795\" \/>\n<meta property=\"og:locale\" content=\"en_US\" \/>\n<meta property=\"og:type\" content=\"article\" \/>\n<meta property=\"og:title\" content=\"Cemevlerinin elektri\u011fi neden kesiliyor? - Bati Ermenistan Ve Bati Ermenileri Sorunlari Ara\u015ftirmalar Merkezi\" \/>\n<meta property=\"og:description\" content=\"Devlet taraf\u0131ndan ibadethane stat\u00fcs\u00fc tan\u0131nmad\u0131\u011f\u0131 i\u00e7in elektrikleri kesilen Cemevleri Meclis g\u00fcndeminde. Halklar\u0131n Demokratik Partisi (HDP) \u0130stanbul Milletvekili Ali KENANO\u011eLU, devlet taraf\u0131ndan ibadethane stat\u00fcs\u00fc tan\u0131nmad\u0131\u011f\u0131 i\u00e7in elektrik da\u011f\u0131t\u0131m \u015firketleri taraf\u0131ndan elektrikleri kesilen Cemevlerini Meclis g\u00fcndemine ta\u015f\u0131d\u0131. Cumhurba\u015fkanl\u0131\u011f\u0131\u2019na verdi\u011fi soru \u00f6nergesinde Cemevlerinin ibadethane stat\u00fcs\u00fcn\u00fcn tan\u0131nmas\u0131na ili\u015fkin yerel ve uluslararas\u0131 emsal mahkeme kararlar\u0131na dikkat \u00e7eken Kenano\u011flu, \u201cAlevilerin inan\u00e7 [&hellip;]\" \/>\n<meta property=\"og:url\" content=\"https:\/\/akunq.net\/tr\/?p=67795\" \/>\n<meta property=\"og:site_name\" content=\"Bati Ermenistan Ve Bati Ermenileri Sorunlari Ara\u015ftirmalar Merkezi\" \/>\n<meta property=\"article:published_time\" content=\"2022-04-04T07:21:31+00:00\" \/>\n<meta property=\"og:image\" content=\"https:\/\/akunq.net\/tr\/wp-content\/uploads\/sites\/6\/2022\/04\/Cemevleri.png\" \/>\n\t<meta property=\"og:image:width\" content=\"1024\" \/>\n\t<meta property=\"og:image:height\" content=\"576\" \/>\n\t<meta property=\"og:image:type\" content=\"image\/png\" \/>\n<meta name=\"author\" content=\"admin\" \/>\n<meta name=\"twitter:card\" content=\"summary_large_image\" \/>\n<meta name=\"twitter:label1\" content=\"Written by\" \/>\n\t<meta name=\"twitter:data1\" content=\"admin\" \/>\n\t<meta name=\"twitter:label2\" content=\"Est. reading time\" \/>\n\t<meta name=\"twitter:data2\" content=\"5 minutes\" \/>\n<script type=\"application\/ld+json\" class=\"yoast-schema-graph\">{\"@context\":\"https:\\\/\\\/schema.org\",\"@graph\":[{\"@type\":\"Article\",\"@id\":\"https:\\\/\\\/akunq.net\\\/tr\\\/?p=67795#article\",\"isPartOf\":{\"@id\":\"https:\\\/\\\/akunq.net\\\/tr\\\/?p=67795\"},\"author\":{\"name\":\"admin\",\"@id\":\"https:\\\/\\\/akunq.net\\\/tr\\\/#\\\/schema\\\/person\\\/096f1d38a12cce57fb855b485ed24c9e\"},\"headline\":\"Cemevlerinin elektri\u011fi neden kesiliyor?\",\"datePublished\":\"2022-04-04T07:21:31+00:00\",\"mainEntityOfPage\":{\"@id\":\"https:\\\/\\\/akunq.net\\\/tr\\\/?p=67795\"},\"wordCount\":969,\"commentCount\":0,\"image\":{\"@id\":\"https:\\\/\\\/akunq.net\\\/tr\\\/?p=67795#primaryimage\"},\"thumbnailUrl\":\"https:\\\/\\\/akunq.net\\\/tr\\\/wp-content\\\/uploads\\\/sites\\\/6\\\/2022\\\/04\\\/Cemevleri.png\",\"articleSection\":[\"Haberler\",\"T\u00fcrkiye\u2019de Az\u0131nl\u0131klar\"],\"inLanguage\":\"en-US\",\"potentialAction\":[{\"@type\":\"CommentAction\",\"name\":\"Comment\",\"target\":[\"https:\\\/\\\/akunq.net\\\/tr\\\/?p=67795#respond\"]}]},{\"@type\":\"WebPage\",\"@id\":\"https:\\\/\\\/akunq.net\\\/tr\\\/?p=67795\",\"url\":\"https:\\\/\\\/akunq.net\\\/tr\\\/?p=67795\",\"name\":\"Cemevlerinin elektri\u011fi neden kesiliyor? - Bati Ermenistan Ve Bati Ermenileri Sorunlari Ara\u015ftirmalar Merkezi\",\"isPartOf\":{\"@id\":\"https:\\\/\\\/akunq.net\\\/tr\\\/#website\"},\"primaryImageOfPage\":{\"@id\":\"https:\\\/\\\/akunq.net\\\/tr\\\/?p=67795#primaryimage\"},\"image\":{\"@id\":\"https:\\\/\\\/akunq.net\\\/tr\\\/?p=67795#primaryimage\"},\"thumbnailUrl\":\"https:\\\/\\\/akunq.net\\\/tr\\\/wp-content\\\/uploads\\\/sites\\\/6\\\/2022\\\/04\\\/Cemevleri.png\",\"datePublished\":\"2022-04-04T07:21:31+00:00\",\"author\":{\"@id\":\"https:\\\/\\\/akunq.net\\\/tr\\\/#\\\/schema\\\/person\\\/096f1d38a12cce57fb855b485ed24c9e\"},\"breadcrumb\":{\"@id\":\"https:\\\/\\\/akunq.net\\\/tr\\\/?p=67795#breadcrumb\"},\"inLanguage\":\"en-US\",\"potentialAction\":[{\"@type\":\"ReadAction\",\"target\":[\"https:\\\/\\\/akunq.net\\\/tr\\\/?p=67795\"]}]},{\"@type\":\"ImageObject\",\"inLanguage\":\"en-US\",\"@id\":\"https:\\\/\\\/akunq.net\\\/tr\\\/?p=67795#primaryimage\",\"url\":\"https:\\\/\\\/akunq.net\\\/tr\\\/wp-content\\\/uploads\\\/sites\\\/6\\\/2022\\\/04\\\/Cemevleri.png\",\"contentUrl\":\"https:\\\/\\\/akunq.net\\\/tr\\\/wp-content\\\/uploads\\\/sites\\\/6\\\/2022\\\/04\\\/Cemevleri.png\",\"width\":1024,\"height\":576},{\"@type\":\"BreadcrumbList\",\"@id\":\"https:\\\/\\\/akunq.net\\\/tr\\\/?p=67795#breadcrumb\",\"itemListElement\":[{\"@type\":\"ListItem\",\"position\":1,\"name\":\"Home\",\"item\":\"https:\\\/\\\/akunq.net\\\/tr\"},{\"@type\":\"ListItem\",\"position\":2,\"name\":\"Cemevlerinin elektri\u011fi neden kesiliyor?\"}]},{\"@type\":\"WebSite\",\"@id\":\"https:\\\/\\\/akunq.net\\\/tr\\\/#website\",\"url\":\"https:\\\/\\\/akunq.net\\\/tr\\\/\",\"name\":\"Bati Ermenistan Ve Bati Ermenileri Sorunlari Ara\u015ftirmalar Merkezi\",\"description\":\"\",\"potentialAction\":[{\"@type\":\"SearchAction\",\"target\":{\"@type\":\"EntryPoint\",\"urlTemplate\":\"https:\\\/\\\/akunq.net\\\/tr\\\/?s={search_term_string}\"},\"query-input\":{\"@type\":\"PropertyValueSpecification\",\"valueRequired\":true,\"valueName\":\"search_term_string\"}}],\"inLanguage\":\"en-US\"},{\"@type\":\"Person\",\"@id\":\"https:\\\/\\\/akunq.net\\\/tr\\\/#\\\/schema\\\/person\\\/096f1d38a12cce57fb855b485ed24c9e\",\"name\":\"admin\",\"url\":\"https:\\\/\\\/akunq.net\\\/tr\\\/?author=7\"}]}<\/script>\n<!-- \/ Yoast SEO plugin. -->","yoast_head_json":{"title":"Cemevlerinin elektri\u011fi neden kesiliyor? - Bati Ermenistan Ve Bati Ermenileri Sorunlari Ara\u015ftirmalar Merkezi","robots":{"index":"index","follow":"follow","max-snippet":"max-snippet:-1","max-image-preview":"max-image-preview:large","max-video-preview":"max-video-preview:-1"},"canonical":"https:\/\/akunq.net\/tr\/?p=67795","og_locale":"en_US","og_type":"article","og_title":"Cemevlerinin elektri\u011fi neden kesiliyor? - Bati Ermenistan Ve Bati Ermenileri Sorunlari Ara\u015ftirmalar Merkezi","og_description":"Devlet taraf\u0131ndan ibadethane stat\u00fcs\u00fc tan\u0131nmad\u0131\u011f\u0131 i\u00e7in elektrikleri kesilen Cemevleri Meclis g\u00fcndeminde. Halklar\u0131n Demokratik Partisi (HDP) \u0130stanbul Milletvekili Ali KENANO\u011eLU, devlet taraf\u0131ndan ibadethane stat\u00fcs\u00fc tan\u0131nmad\u0131\u011f\u0131 i\u00e7in elektrik da\u011f\u0131t\u0131m \u015firketleri taraf\u0131ndan elektrikleri kesilen Cemevlerini Meclis g\u00fcndemine ta\u015f\u0131d\u0131. Cumhurba\u015fkanl\u0131\u011f\u0131\u2019na verdi\u011fi soru \u00f6nergesinde Cemevlerinin ibadethane stat\u00fcs\u00fcn\u00fcn tan\u0131nmas\u0131na ili\u015fkin yerel ve uluslararas\u0131 emsal mahkeme kararlar\u0131na dikkat \u00e7eken Kenano\u011flu, \u201cAlevilerin inan\u00e7 [&hellip;]","og_url":"https:\/\/akunq.net\/tr\/?p=67795","og_site_name":"Bati Ermenistan Ve Bati Ermenileri Sorunlari Ara\u015ftirmalar Merkezi","article_published_time":"2022-04-04T07:21:31+00:00","og_image":[{"width":1024,"height":576,"url":"https:\/\/akunq.net\/tr\/wp-content\/uploads\/sites\/6\/2022\/04\/Cemevleri.png","type":"image\/png"}],"author":"admin","twitter_card":"summary_large_image","twitter_misc":{"Written by":"admin","Est. reading time":"5 minutes"},"schema":{"@context":"https:\/\/schema.org","@graph":[{"@type":"Article","@id":"https:\/\/akunq.net\/tr\/?p=67795#article","isPartOf":{"@id":"https:\/\/akunq.net\/tr\/?p=67795"},"author":{"name":"admin","@id":"https:\/\/akunq.net\/tr\/#\/schema\/person\/096f1d38a12cce57fb855b485ed24c9e"},"headline":"Cemevlerinin elektri\u011fi neden kesiliyor?","datePublished":"2022-04-04T07:21:31+00:00","mainEntityOfPage":{"@id":"https:\/\/akunq.net\/tr\/?p=67795"},"wordCount":969,"commentCount":0,"image":{"@id":"https:\/\/akunq.net\/tr\/?p=67795#primaryimage"},"thumbnailUrl":"https:\/\/akunq.net\/tr\/wp-content\/uploads\/sites\/6\/2022\/04\/Cemevleri.png","articleSection":["Haberler","T\u00fcrkiye\u2019de Az\u0131nl\u0131klar"],"inLanguage":"en-US","potentialAction":[{"@type":"CommentAction","name":"Comment","target":["https:\/\/akunq.net\/tr\/?p=67795#respond"]}]},{"@type":"WebPage","@id":"https:\/\/akunq.net\/tr\/?p=67795","url":"https:\/\/akunq.net\/tr\/?p=67795","name":"Cemevlerinin elektri\u011fi neden kesiliyor? - Bati Ermenistan Ve Bati Ermenileri Sorunlari Ara\u015ftirmalar Merkezi","isPartOf":{"@id":"https:\/\/akunq.net\/tr\/#website"},"primaryImageOfPage":{"@id":"https:\/\/akunq.net\/tr\/?p=67795#primaryimage"},"image":{"@id":"https:\/\/akunq.net\/tr\/?p=67795#primaryimage"},"thumbnailUrl":"https:\/\/akunq.net\/tr\/wp-content\/uploads\/sites\/6\/2022\/04\/Cemevleri.png","datePublished":"2022-04-04T07:21:31+00:00","author":{"@id":"https:\/\/akunq.net\/tr\/#\/schema\/person\/096f1d38a12cce57fb855b485ed24c9e"},"breadcrumb":{"@id":"https:\/\/akunq.net\/tr\/?p=67795#breadcrumb"},"inLanguage":"en-US","potentialAction":[{"@type":"ReadAction","target":["https:\/\/akunq.net\/tr\/?p=67795"]}]},{"@type":"ImageObject","inLanguage":"en-US","@id":"https:\/\/akunq.net\/tr\/?p=67795#primaryimage","url":"https:\/\/akunq.net\/tr\/wp-content\/uploads\/sites\/6\/2022\/04\/Cemevleri.png","contentUrl":"https:\/\/akunq.net\/tr\/wp-content\/uploads\/sites\/6\/2022\/04\/Cemevleri.png","width":1024,"height":576},{"@type":"BreadcrumbList","@id":"https:\/\/akunq.net\/tr\/?p=67795#breadcrumb","itemListElement":[{"@type":"ListItem","position":1,"name":"Home","item":"https:\/\/akunq.net\/tr"},{"@type":"ListItem","position":2,"name":"Cemevlerinin elektri\u011fi neden kesiliyor?"}]},{"@type":"WebSite","@id":"https:\/\/akunq.net\/tr\/#website","url":"https:\/\/akunq.net\/tr\/","name":"Bati Ermenistan Ve Bati Ermenileri Sorunlari Ara\u015ftirmalar Merkezi","description":"","potentialAction":[{"@type":"SearchAction","target":{"@type":"EntryPoint","urlTemplate":"https:\/\/akunq.net\/tr\/?s={search_term_string}"},"query-input":{"@type":"PropertyValueSpecification","valueRequired":true,"valueName":"search_term_string"}}],"inLanguage":"en-US"},{"@type":"Person","@id":"https:\/\/akunq.net\/tr\/#\/schema\/person\/096f1d38a12cce57fb855b485ed24c9e","name":"admin","url":"https:\/\/akunq.net\/tr\/?author=7"}]}},"_links":{"self":[{"href":"https:\/\/akunq.net\/tr\/index.php?rest_route=\/wp\/v2\/posts\/67795","targetHints":{"allow":["GET"]}}],"collection":[{"href":"https:\/\/akunq.net\/tr\/index.php?rest_route=\/wp\/v2\/posts"}],"about":[{"href":"https:\/\/akunq.net\/tr\/index.php?rest_route=\/wp\/v2\/types\/post"}],"author":[{"embeddable":true,"href":"https:\/\/akunq.net\/tr\/index.php?rest_route=\/wp\/v2\/users\/7"}],"replies":[{"embeddable":true,"href":"https:\/\/akunq.net\/tr\/index.php?rest_route=%2Fwp%2Fv2%2Fcomments&post=67795"}],"version-history":[{"count":1,"href":"https:\/\/akunq.net\/tr\/index.php?rest_route=\/wp\/v2\/posts\/67795\/revisions"}],"predecessor-version":[{"id":67797,"href":"https:\/\/akunq.net\/tr\/index.php?rest_route=\/wp\/v2\/posts\/67795\/revisions\/67797"}],"wp:featuredmedia":[{"embeddable":true,"href":"https:\/\/akunq.net\/tr\/index.php?rest_route=\/wp\/v2\/media\/67796"}],"wp:attachment":[{"href":"https:\/\/akunq.net\/tr\/index.php?rest_route=%2Fwp%2Fv2%2Fmedia&parent=67795"}],"wp:term":[{"taxonomy":"category","embeddable":true,"href":"https:\/\/akunq.net\/tr\/index.php?rest_route=%2Fwp%2Fv2%2Fcategories&post=67795"},{"taxonomy":"post_tag","embeddable":true,"href":"https:\/\/akunq.net\/tr\/index.php?rest_route=%2Fwp%2Fv2%2Ftags&post=67795"}],"curies":[{"name":"wp","href":"https:\/\/api.w.org\/{rel}","templated":true}]}}