{"id":67792,"date":"2022-04-04T02:03:29","date_gmt":"2022-04-04T07:03:29","guid":{"rendered":"https:\/\/akunq.net\/tr\/?p=67792"},"modified":"2022-04-04T02:03:29","modified_gmt":"2022-04-04T07:03:29","slug":"demirtas-migirdic-margosyan-icin-bassagligi-mesaji-yayinladi","status":"publish","type":"post","link":"https:\/\/akunq.net\/tr\/?p=67792","title":{"rendered":"Demirta\u015f, M\u0131g\u0131rdi\u00e7 Margosyan i\u00e7in ba\u015fsa\u011fl\u0131\u011f\u0131 mesaj\u0131 yay\u0131nlad\u0131"},"content":{"rendered":"<p><img loading=\"lazy\" decoding=\"async\" class=\"aligncenter size-medium wp-image-67793\" src=\"https:\/\/akunq.net\/tr\/wp-content\/uploads\/2022\/04\/M\u0131g\u0131rdi\u00e7_margosyan-360x203.jpg\" alt=\"\" width=\"360\" height=\"203\" srcset=\"https:\/\/akunq.net\/tr\/wp-content\/uploads\/sites\/6\/2022\/04\/M\u0131g\u0131rdi\u00e7_margosyan-360x203.jpg 360w, https:\/\/akunq.net\/tr\/wp-content\/uploads\/sites\/6\/2022\/04\/M\u0131g\u0131rdi\u00e7_margosyan-560x315.jpg 560w, https:\/\/akunq.net\/tr\/wp-content\/uploads\/sites\/6\/2022\/04\/M\u0131g\u0131rdi\u00e7_margosyan-260x146.jpg 260w, https:\/\/akunq.net\/tr\/wp-content\/uploads\/sites\/6\/2022\/04\/M\u0131g\u0131rdi\u00e7_margosyan-160x90.jpg 160w, https:\/\/akunq.net\/tr\/wp-content\/uploads\/sites\/6\/2022\/04\/M\u0131g\u0131rdi\u00e7_margosyan.jpg 750w\" sizes=\"auto, (max-width: 360px) 100vw, 360px\" \/><\/p>\n<p><em><strong>Demirta\u015f mesaj\u0131nda \u2018Ermeni halk\u0131n\u0131n g\u00fczel evlad\u0131 M\u0131g\u0131rdi\u00e7 Margosyan\u2019\u0131 sayg\u0131yla an\u0131yor, ailesine ve sevenlerine ba\u015f sa\u011fl\u0131\u011f\u0131 diliyorum\u2019 dedi.<\/strong><\/em><\/p>\n<p>Diyarbak\u0131r do\u011fumlu Ermeni edebiyat\u00e7\u0131 ve \u2018S\u00f6yle Margos Nerelisen\u2019 isimli kitab\u0131n yazar\u0131 M\u0131g\u0131rdi\u00e7 Margosyan\u2019un hayat\u0131n\u0131 kaybetmesine ili\u015fkin HDP\u2019nin tutuklu eski E\u015f Genel Ba\u015fkan\u0131 Selahattin Demirta\u015f ba\u015fsa\u011fl\u0131\u011f\u0131 mesaj\u0131 yay\u0131nlad\u0131.<\/p>\n<p>Demirta\u015f mesaj\u0131nda \u201cSevgili hem\u0219erim, de\u011ferli a\u011fabeyim; bu topraklar\u0131n ac\u0131s\u0131n\u0131, sevincini y\u00fcre\u011finde harmanlayan Ermeni halk\u0131n\u0131n g\u00fczel evlad\u0131 M\u0131g\u0131rdi\u00e7 Margosyan\u2019\u0131 sayg\u0131yla an\u0131yor, ailesine ve sevenlerine ba\u015f sa\u011fl\u0131\u011f\u0131 diliyorum.\u201d dedi.<\/p>\n<div class=\"twitter-tweet twitter-tweet-rendered\"><iframe id=\"twitter-widget-0\" class=\"\" title=\"Twitter Tweet\" src=\"https:\/\/platform.twitter.com\/embed\/Tweet.html?creatorScreenName=HyeTert&amp;dnt=true&amp;embedId=twitter-widget-0&amp;features=eyJ0ZndfZXhwZXJpbWVudHNfY29va2llX2V4cGlyYXRpb24iOnsiYnVja2V0IjoxMjA5NjAwLCJ2ZXJzaW9uIjpudWxsfSwidGZ3X3NrZWxldG9uX2xvYWRpbmdfMTMzOTgiOnsiYnVja2V0IjoiY3RhIiwidmVyc2lvbiI6bnVsbH0sInRmd19zcGFjZV9jYXJkIjp7ImJ1Y2tldCI6Im9mZiIsInZlcnNpb24iOm51bGx9fQ%3D%3D&amp;frame=false&amp;hideCard=false&amp;hideThread=false&amp;id=1510610661327450115&amp;lang=tr&amp;origin=https%3A%2F%2Fhyetert.org%2F2022%2F04%2F03%2Fdemirtas-migirdic-margosyan-icin-bassagligi-mesaji-yayinladi%2F&amp;sessionId=4f323634f40d1e89a093242010450632a338158d&amp;siteScreenName=HyeTert&amp;theme=light&amp;widgetsVersion=f9f80a909a60b%3A1648751432723&amp;width=500px\" frameborder=\"0\" scrolling=\"no\" allowfullscreen=\"allowfullscreen\" data-tweet-id=\"1510610661327450115\" data-mce-fragment=\"1\"><\/iframe><\/div>\n<p>Margosyan, 7 Nisan Per\u015fembe g\u00fcn\u00fc Kumkap\u0131 Patrikhane kilisesinde saat 14.00\u2019te yap\u0131lacak t\u00f6renin ard\u0131ndan \u015ei\u015fli Ermeni Mezarl\u0131\u011f\u0131\u2019nda topra\u011fa verilecek.<\/p>\n<p><strong>MARGOSYAN K\u0130MD\u0130R?<\/strong><\/p>\n<p>Margosyan 23 Ara\u00adl\u0131k 1938\u2019de Di\u00adyar\u00adba\u00adk\u0131r\u2019da, Han\u00ad\u00e7e\u00adpek Ma\u00adhal\u00adle\u00adsi\u2019nde (G\u00e2\u00advur Ma\u00adhal\u00adle\u00adsi) do\u011f\u00addu. E\u011fi\u00adti\u00admi\u00adni S\u00fc\u00adley\u00adman Na\u00adzif \u0130l\u00adko\u00adku\u00adlu, Zi\u00adya G\u00f6\u00adkalp Or\u00adta\u00adoku\u00adlu, da\u00adha son\u00adra \u0130s\u00adtan\u00adbul\u2019da\u00adki Bez\u00adci\u00adyan Or\u00adta\u00adoku\u00adlu ve Get\u00adro\u00adna\u00adgan Li\u00adse\u00adsi\u2019nde s\u00fcr\u00add\u00fcr\u00add\u00fc. \u0130s\u00adtan\u00adbul \u00dcni\u00adver\u00adsi\u00adte\u00adsi Ede\u00adbi\u00adyat Fa\u00adk\u00fcl\u00adte\u00adsi Fel\u00adse\u00adfe B\u00f6\u00adl\u00fc\u00adm\u00fc\u2019n\u00fc bi\u00adtir\u00addi.<\/p>\n<p>1966-1972 y\u0131l\u00adla\u00adr\u0131 ara\u00ads\u0131n\u00adda \u00dcs\u00adk\u00fc\u00addar Se\u00adlam\u00ads\u0131z\u2019da\u00adki Surp Ha\u00e7 T\u0131b\u00adre\u00advank Er\u00adme\u00adni Li\u00adse\u00adsi\u2019nde m\u00fc\u00add\u00fcr\u00adl\u00fc\u00ad\u011f\u00fcn ya\u00adn\u0131 s\u0131\u00adra fel\u00adse\u00adfe, psi\u00adko\u00adloji, Er\u00adme\u00adni di\u00adli ve ede\u00adbi\u00adya\u00adt\u0131 \u00f6\u011f\u00adret\u00admen\u00adli\u00ad\u011fi yap\u00adt\u0131. Da\u00adha son\u00adra \u00f6\u011f\u00adret\u00admen\u00adli\u00ad\u011fi b\u0131\u00adra\u00adka\u00adrak ti\u00adca\u00adre\u00adte at\u0131l\u00add\u0131. Ede\u00adbi \u00e7al\u0131\u015fma\u00adla\u00adr\u0131\u00adn\u0131 ara\u00adl\u0131k\u00ads\u0131z s\u00fcr\u00add\u00fcr\u00add\u00fc. Mar\u00adma\u00adra ga\u00adze\u00adte\u00adsin\u00adde ya\u00ady\u0131m\u00adla\u00adnan Er\u00adme\u00adni\u00adce \u00f6y\u00adk\u00fc\u00adle\u00adri\u00adnin bir b\u00f6\u00adl\u00fc\u00adm\u00fc Mer Ayt Go\u011f\u00adme\u00adr\u0131 [Bi\u00adzim Ora\u00adlar] ad\u0131y\u00adla ki\u00adtap ha\u00adli\u00adne geti\u00adril\u00addi (1984) ve bu ki\u00adta\u00adb\u0131y\u00adla 1988\u2019de, Er\u00adme\u00adni\u00adce ya\u00adzan ya\u00adzar\u00adla\u00adra ve\u00adri\u00adlen Eliz Ka\u00advuk\u00ad\u00e7u\u00adyan Ede\u00adbi\u00adyat \u00d6d\u00fc\u00adl\u00fc\u2019n\u00fc (Pa\u00adris-Fran\u00adsa) al\u00add\u0131. Aras Yay\u0131nc\u0131l\u0131k taraf\u0131ndan bas\u0131lan G\u00e2\u00advur Ma\u00adhal\u00adle\u00adsi (1992), S\u00f6y\u00adle Mar\u00adgos Ne\u00adre\u00adli\u00adsen? (1995) ve Bi\u00adle\u00adti\u00admiz \u0130s\u00adtan\u00adbul\u2019a Ke\u00adsil\u00addi (1998) ad\u00adl\u0131 T\u00fcrk\u00ad\u00e7e ki\u00adtap\u00adla\u00adr\u0131\u00adn\u0131, 1999\u2019da ikin\u00adci Erme\u00adni\u00adce ki\u00adta\u00adb\u0131 Dik\u00adri\u00adsi Ape\u00adren [Dic\u00adle K\u0131\u00ady\u0131\u00adla\u00adr\u0131n\u00addan] iz\u00adle\u00addi. G\u00e2\u00advur Ma\u00adhal\u00adlesi Aves\u00adta Ya\u00ady\u0131n\u00adla\u00adr\u0131 ta\u00adra\u00adf\u0131n\u00addan Li Ba Me, Li Wan De\u00adran [Bi\u00adzim O Y\u00f6\u00adre\u00adler] ad\u0131y\u00adla K\u00fcrt\u00ad\u00e7e ola\u00adrak ya\u00ady\u0131m\u00adlan\u00add\u0131 (1999). T\u00fcrk\u00ad\u00e7e ka\u00adle\u00adme al\u00add\u0131\u00ad\u011f\u0131 Tes\u00adpih Ta\u00adne\u00adle\u00adri (2006) ad\u00adl\u0131 an\u0131-ro\u00adma\u00adn\u0131\u00ad b\u00fcy\u00fck ilgiyle kar\u015f\u0131land\u0131.<\/p>\n<p>Evrensel gazetesinde \u201cKirveme Mektuplar\u201d adl\u0131 k\u00f6\u015fesinde yazmay\u0131 s\u00fcrd\u00fcren Margosyan\u2019\u0131n bu makalelerinin bir k\u0131sm\u0131 Kirveme Mektuplar ad\u0131yla 2006\u2019da Diyarbak\u0131r\u2019da kitapla\u015ft\u0131r\u0131ld\u0131 (Lis taraf\u0131ndan. 2011\u2019de yeni bas\u0131m\u0131 Aras). 1996-1999 aras\u0131nda Agos gazetesinde yay\u0131mlanan makalelerinden yap\u0131lan bir se\u00e7ki olan Zur\u00adna 2009\u2019da, yine Evrensel yaz\u0131lar\u0131ndan derlenen \u00c7en\u00adgel\u00adli\u00adi\u011f\u00adne (ilk bas\u0131m\u0131 1999, Belge) ve Yeni Y\u00fczy\u0131l ve Yeni G\u00fcndem gazetelerinde yay\u0131mlanan makalelerinden derlenen K\u00fcr\u00addan 2010\u2019da kitapla\u015ft\u0131r\u0131ld\u0131. Yazar\u0131n, d\u00fcnyan\u0131n yarat\u0131l\u0131\u015f hik\u00e2yesini mizahi bir \u00fcslupla ele ald\u0131\u011f\u0131 son kitab\u0131 Tanr\u0131\u2019n\u0131n Seyir Defteri ise 2016\u2019da yay\u0131mland\u0131.<\/p>\n<p>Ermeni yaz\u0131n\u0131nda ta\u015fra edebiyat\u0131n\u0131n son temsilcisi olarak bilinen Margosyan Aras yay\u0131nc\u0131l\u0131\u011f\u0131n y\u00f6neticilerinden biriydi. Margosyan, Evrensel, Agos, Marmara ve Yeniy\u00fczy\u0131l gazetelerinde yazd\u0131.<\/p>\n<p><strong>Eserleri<\/strong><\/p>\n<ul>\n<li><em>Tespih Taneleri<\/em><\/li>\n<li><em>Dikrisi Aperen Dicle K\u0131y\u0131lar\u0131ndan<\/em><\/li>\n<li><em>Biletimiz \u0130stanbul\u2019a Kesildi<\/em><\/li>\n<li><em>Mer Ayt Go\u011fmeri (Bizim O Y\u00f6reler)<\/em><\/li>\n<li><em>Gavur Mahallesi<\/em><\/li>\n<li><em>S\u00f6yle Margos Nerelisen?<\/em><\/li>\n<li><em>M\u0131g\u0131rdi\u00e7 Margosyan\u2019\u0131n Hayat\u0131<\/em><\/li>\n<\/ul>\n<hr \/>\n<p><em><strong><a href=\"https:\/\/artigercek.com\/haberler\/demirtas-ermeni-halkinin-guzel-evladi-margosyan-i-saygiyla-aniyorum\" target=\"_blank\" rel=\"noopener noreferrer\">Art\u0131 Ger\u00e7ek<\/a><\/strong><\/em><\/p>\n<div class=\"sharedaddy sd-sharing-enabled\">\n<div class=\"robots-nocontent sd-block sd-social sd-social-icon-text sd-sharing\">\n<h3 class=\"sd-title\"><\/h3>\n<\/div>\n<\/div>\n","protected":false},"excerpt":{"rendered":"<p>Demirta\u015f mesaj\u0131nda \u2018Ermeni halk\u0131n\u0131n g\u00fczel evlad\u0131 M\u0131g\u0131rdi\u00e7 Margosyan\u2019\u0131 sayg\u0131yla an\u0131yor, ailesine ve sevenlerine ba\u015f sa\u011fl\u0131\u011f\u0131 diliyorum\u2019 dedi. Diyarbak\u0131r do\u011fumlu Ermeni edebiyat\u00e7\u0131 ve \u2018S\u00f6yle Margos Nerelisen\u2019 isimli kitab\u0131n yazar\u0131 M\u0131g\u0131rdi\u00e7 Margosyan\u2019un hayat\u0131n\u0131 kaybetmesine ili\u015fkin HDP\u2019nin tutuklu eski E\u015f Genel Ba\u015fkan\u0131 Selahattin Demirta\u015f ba\u015fsa\u011fl\u0131\u011f\u0131 mesaj\u0131 yay\u0131nlad\u0131. Demirta\u015f mesaj\u0131nda \u201cSevgili hem\u0219erim, de\u011ferli a\u011fabeyim; bu topraklar\u0131n ac\u0131s\u0131n\u0131, sevincini y\u00fcre\u011finde [&hellip;]<\/p>\n","protected":false},"author":7,"featured_media":67793,"comment_status":"open","ping_status":"open","sticky":false,"template":"","format":"standard","meta":{"footnotes":""},"categories":[1],"tags":[],"class_list":["post-67792","post","type-post","status-publish","format-standard","has-post-thumbnail","hentry","category-haberler"],"yoast_head":"<!-- This site is optimized with the Yoast SEO plugin v27.4 - https:\/\/yoast.com\/product\/yoast-seo-wordpress\/ -->\n<title>Demirta\u015f, M\u0131g\u0131rdi\u00e7 Margosyan i\u00e7in ba\u015fsa\u011fl\u0131\u011f\u0131 mesaj\u0131 yay\u0131nlad\u0131 - Bati Ermenistan Ve Bati Ermenileri Sorunlari Ara\u015ftirmalar Merkezi<\/title>\n<meta name=\"robots\" content=\"index, follow, max-snippet:-1, max-image-preview:large, max-video-preview:-1\" \/>\n<link rel=\"canonical\" href=\"https:\/\/akunq.net\/tr\/?p=67792\" \/>\n<meta property=\"og:locale\" content=\"en_US\" \/>\n<meta property=\"og:type\" content=\"article\" \/>\n<meta property=\"og:title\" content=\"Demirta\u015f, M\u0131g\u0131rdi\u00e7 Margosyan i\u00e7in ba\u015fsa\u011fl\u0131\u011f\u0131 mesaj\u0131 yay\u0131nlad\u0131 - Bati Ermenistan Ve Bati Ermenileri Sorunlari Ara\u015ftirmalar Merkezi\" \/>\n<meta property=\"og:description\" content=\"Demirta\u015f mesaj\u0131nda \u2018Ermeni halk\u0131n\u0131n g\u00fczel evlad\u0131 M\u0131g\u0131rdi\u00e7 Margosyan\u2019\u0131 sayg\u0131yla an\u0131yor, ailesine ve sevenlerine ba\u015f sa\u011fl\u0131\u011f\u0131 diliyorum\u2019 dedi. Diyarbak\u0131r do\u011fumlu Ermeni edebiyat\u00e7\u0131 ve \u2018S\u00f6yle Margos Nerelisen\u2019 isimli kitab\u0131n yazar\u0131 M\u0131g\u0131rdi\u00e7 Margosyan\u2019un hayat\u0131n\u0131 kaybetmesine ili\u015fkin HDP\u2019nin tutuklu eski E\u015f Genel Ba\u015fkan\u0131 Selahattin Demirta\u015f ba\u015fsa\u011fl\u0131\u011f\u0131 mesaj\u0131 yay\u0131nlad\u0131. Demirta\u015f mesaj\u0131nda \u201cSevgili hem\u0219erim, de\u011ferli a\u011fabeyim; bu topraklar\u0131n ac\u0131s\u0131n\u0131, sevincini y\u00fcre\u011finde [&hellip;]\" \/>\n<meta property=\"og:url\" content=\"https:\/\/akunq.net\/tr\/?p=67792\" \/>\n<meta property=\"og:site_name\" content=\"Bati Ermenistan Ve Bati Ermenileri Sorunlari Ara\u015ftirmalar Merkezi\" \/>\n<meta property=\"article:published_time\" content=\"2022-04-04T07:03:29+00:00\" \/>\n<meta property=\"og:image\" content=\"https:\/\/akunq.net\/tr\/wp-content\/uploads\/sites\/6\/2022\/04\/M\u0131g\u0131rdi\u00e7_margosyan.jpg\" \/>\n\t<meta property=\"og:image:width\" content=\"750\" \/>\n\t<meta property=\"og:image:height\" content=\"422\" \/>\n\t<meta property=\"og:image:type\" content=\"image\/jpeg\" \/>\n<meta name=\"author\" content=\"admin\" \/>\n<meta name=\"twitter:card\" content=\"summary_large_image\" \/>\n<meta name=\"twitter:label1\" content=\"Written by\" \/>\n\t<meta name=\"twitter:data1\" content=\"admin\" \/>\n\t<meta name=\"twitter:label2\" content=\"Est. reading time\" \/>\n\t<meta name=\"twitter:data2\" content=\"4 minutes\" \/>\n<script type=\"application\/ld+json\" class=\"yoast-schema-graph\">{\"@context\":\"https:\\\/\\\/schema.org\",\"@graph\":[{\"@type\":\"Article\",\"@id\":\"https:\\\/\\\/akunq.net\\\/tr\\\/?p=67792#article\",\"isPartOf\":{\"@id\":\"https:\\\/\\\/akunq.net\\\/tr\\\/?p=67792\"},\"author\":{\"name\":\"admin\",\"@id\":\"https:\\\/\\\/akunq.net\\\/tr\\\/#\\\/schema\\\/person\\\/096f1d38a12cce57fb855b485ed24c9e\"},\"headline\":\"Demirta\u015f, M\u0131g\u0131rdi\u00e7 Margosyan i\u00e7in ba\u015fsa\u011fl\u0131\u011f\u0131 mesaj\u0131 yay\u0131nlad\u0131\",\"datePublished\":\"2022-04-04T07:03:29+00:00\",\"mainEntityOfPage\":{\"@id\":\"https:\\\/\\\/akunq.net\\\/tr\\\/?p=67792\"},\"wordCount\":765,\"commentCount\":0,\"image\":{\"@id\":\"https:\\\/\\\/akunq.net\\\/tr\\\/?p=67792#primaryimage\"},\"thumbnailUrl\":\"https:\\\/\\\/akunq.net\\\/tr\\\/wp-content\\\/uploads\\\/sites\\\/6\\\/2022\\\/04\\\/M\u0131g\u0131rdi\u00e7_margosyan.jpg\",\"articleSection\":[\"Haberler\"],\"inLanguage\":\"en-US\",\"potentialAction\":[{\"@type\":\"CommentAction\",\"name\":\"Comment\",\"target\":[\"https:\\\/\\\/akunq.net\\\/tr\\\/?p=67792#respond\"]}]},{\"@type\":\"WebPage\",\"@id\":\"https:\\\/\\\/akunq.net\\\/tr\\\/?p=67792\",\"url\":\"https:\\\/\\\/akunq.net\\\/tr\\\/?p=67792\",\"name\":\"Demirta\u015f, M\u0131g\u0131rdi\u00e7 Margosyan i\u00e7in ba\u015fsa\u011fl\u0131\u011f\u0131 mesaj\u0131 yay\u0131nlad\u0131 - Bati Ermenistan Ve Bati Ermenileri Sorunlari Ara\u015ftirmalar Merkezi\",\"isPartOf\":{\"@id\":\"https:\\\/\\\/akunq.net\\\/tr\\\/#website\"},\"primaryImageOfPage\":{\"@id\":\"https:\\\/\\\/akunq.net\\\/tr\\\/?p=67792#primaryimage\"},\"image\":{\"@id\":\"https:\\\/\\\/akunq.net\\\/tr\\\/?p=67792#primaryimage\"},\"thumbnailUrl\":\"https:\\\/\\\/akunq.net\\\/tr\\\/wp-content\\\/uploads\\\/sites\\\/6\\\/2022\\\/04\\\/M\u0131g\u0131rdi\u00e7_margosyan.jpg\",\"datePublished\":\"2022-04-04T07:03:29+00:00\",\"author\":{\"@id\":\"https:\\\/\\\/akunq.net\\\/tr\\\/#\\\/schema\\\/person\\\/096f1d38a12cce57fb855b485ed24c9e\"},\"breadcrumb\":{\"@id\":\"https:\\\/\\\/akunq.net\\\/tr\\\/?p=67792#breadcrumb\"},\"inLanguage\":\"en-US\",\"potentialAction\":[{\"@type\":\"ReadAction\",\"target\":[\"https:\\\/\\\/akunq.net\\\/tr\\\/?p=67792\"]}]},{\"@type\":\"ImageObject\",\"inLanguage\":\"en-US\",\"@id\":\"https:\\\/\\\/akunq.net\\\/tr\\\/?p=67792#primaryimage\",\"url\":\"https:\\\/\\\/akunq.net\\\/tr\\\/wp-content\\\/uploads\\\/sites\\\/6\\\/2022\\\/04\\\/M\u0131g\u0131rdi\u00e7_margosyan.jpg\",\"contentUrl\":\"https:\\\/\\\/akunq.net\\\/tr\\\/wp-content\\\/uploads\\\/sites\\\/6\\\/2022\\\/04\\\/M\u0131g\u0131rdi\u00e7_margosyan.jpg\",\"width\":750,\"height\":422},{\"@type\":\"BreadcrumbList\",\"@id\":\"https:\\\/\\\/akunq.net\\\/tr\\\/?p=67792#breadcrumb\",\"itemListElement\":[{\"@type\":\"ListItem\",\"position\":1,\"name\":\"Home\",\"item\":\"https:\\\/\\\/akunq.net\\\/tr\"},{\"@type\":\"ListItem\",\"position\":2,\"name\":\"Demirta\u015f, M\u0131g\u0131rdi\u00e7 Margosyan i\u00e7in ba\u015fsa\u011fl\u0131\u011f\u0131 mesaj\u0131 yay\u0131nlad\u0131\"}]},{\"@type\":\"WebSite\",\"@id\":\"https:\\\/\\\/akunq.net\\\/tr\\\/#website\",\"url\":\"https:\\\/\\\/akunq.net\\\/tr\\\/\",\"name\":\"Bati Ermenistan Ve Bati Ermenileri Sorunlari Ara\u015ftirmalar Merkezi\",\"description\":\"\",\"potentialAction\":[{\"@type\":\"SearchAction\",\"target\":{\"@type\":\"EntryPoint\",\"urlTemplate\":\"https:\\\/\\\/akunq.net\\\/tr\\\/?s={search_term_string}\"},\"query-input\":{\"@type\":\"PropertyValueSpecification\",\"valueRequired\":true,\"valueName\":\"search_term_string\"}}],\"inLanguage\":\"en-US\"},{\"@type\":\"Person\",\"@id\":\"https:\\\/\\\/akunq.net\\\/tr\\\/#\\\/schema\\\/person\\\/096f1d38a12cce57fb855b485ed24c9e\",\"name\":\"admin\",\"url\":\"https:\\\/\\\/akunq.net\\\/tr\\\/?author=7\"}]}<\/script>\n<!-- \/ Yoast SEO plugin. -->","yoast_head_json":{"title":"Demirta\u015f, M\u0131g\u0131rdi\u00e7 Margosyan i\u00e7in ba\u015fsa\u011fl\u0131\u011f\u0131 mesaj\u0131 yay\u0131nlad\u0131 - Bati Ermenistan Ve Bati Ermenileri Sorunlari Ara\u015ftirmalar Merkezi","robots":{"index":"index","follow":"follow","max-snippet":"max-snippet:-1","max-image-preview":"max-image-preview:large","max-video-preview":"max-video-preview:-1"},"canonical":"https:\/\/akunq.net\/tr\/?p=67792","og_locale":"en_US","og_type":"article","og_title":"Demirta\u015f, M\u0131g\u0131rdi\u00e7 Margosyan i\u00e7in ba\u015fsa\u011fl\u0131\u011f\u0131 mesaj\u0131 yay\u0131nlad\u0131 - Bati Ermenistan Ve Bati Ermenileri Sorunlari Ara\u015ftirmalar Merkezi","og_description":"Demirta\u015f mesaj\u0131nda \u2018Ermeni halk\u0131n\u0131n g\u00fczel evlad\u0131 M\u0131g\u0131rdi\u00e7 Margosyan\u2019\u0131 sayg\u0131yla an\u0131yor, ailesine ve sevenlerine ba\u015f sa\u011fl\u0131\u011f\u0131 diliyorum\u2019 dedi. Diyarbak\u0131r do\u011fumlu Ermeni edebiyat\u00e7\u0131 ve \u2018S\u00f6yle Margos Nerelisen\u2019 isimli kitab\u0131n yazar\u0131 M\u0131g\u0131rdi\u00e7 Margosyan\u2019un hayat\u0131n\u0131 kaybetmesine ili\u015fkin HDP\u2019nin tutuklu eski E\u015f Genel Ba\u015fkan\u0131 Selahattin Demirta\u015f ba\u015fsa\u011fl\u0131\u011f\u0131 mesaj\u0131 yay\u0131nlad\u0131. Demirta\u015f mesaj\u0131nda \u201cSevgili hem\u0219erim, de\u011ferli a\u011fabeyim; bu topraklar\u0131n ac\u0131s\u0131n\u0131, sevincini y\u00fcre\u011finde [&hellip;]","og_url":"https:\/\/akunq.net\/tr\/?p=67792","og_site_name":"Bati Ermenistan Ve Bati Ermenileri Sorunlari Ara\u015ftirmalar Merkezi","article_published_time":"2022-04-04T07:03:29+00:00","og_image":[{"width":750,"height":422,"url":"https:\/\/akunq.net\/tr\/wp-content\/uploads\/sites\/6\/2022\/04\/M\u0131g\u0131rdi\u00e7_margosyan.jpg","type":"image\/jpeg"}],"author":"admin","twitter_card":"summary_large_image","twitter_misc":{"Written by":"admin","Est. reading time":"4 minutes"},"schema":{"@context":"https:\/\/schema.org","@graph":[{"@type":"Article","@id":"https:\/\/akunq.net\/tr\/?p=67792#article","isPartOf":{"@id":"https:\/\/akunq.net\/tr\/?p=67792"},"author":{"name":"admin","@id":"https:\/\/akunq.net\/tr\/#\/schema\/person\/096f1d38a12cce57fb855b485ed24c9e"},"headline":"Demirta\u015f, M\u0131g\u0131rdi\u00e7 Margosyan i\u00e7in ba\u015fsa\u011fl\u0131\u011f\u0131 mesaj\u0131 yay\u0131nlad\u0131","datePublished":"2022-04-04T07:03:29+00:00","mainEntityOfPage":{"@id":"https:\/\/akunq.net\/tr\/?p=67792"},"wordCount":765,"commentCount":0,"image":{"@id":"https:\/\/akunq.net\/tr\/?p=67792#primaryimage"},"thumbnailUrl":"https:\/\/akunq.net\/tr\/wp-content\/uploads\/sites\/6\/2022\/04\/M\u0131g\u0131rdi\u00e7_margosyan.jpg","articleSection":["Haberler"],"inLanguage":"en-US","potentialAction":[{"@type":"CommentAction","name":"Comment","target":["https:\/\/akunq.net\/tr\/?p=67792#respond"]}]},{"@type":"WebPage","@id":"https:\/\/akunq.net\/tr\/?p=67792","url":"https:\/\/akunq.net\/tr\/?p=67792","name":"Demirta\u015f, M\u0131g\u0131rdi\u00e7 Margosyan i\u00e7in ba\u015fsa\u011fl\u0131\u011f\u0131 mesaj\u0131 yay\u0131nlad\u0131 - Bati Ermenistan Ve Bati Ermenileri Sorunlari Ara\u015ftirmalar Merkezi","isPartOf":{"@id":"https:\/\/akunq.net\/tr\/#website"},"primaryImageOfPage":{"@id":"https:\/\/akunq.net\/tr\/?p=67792#primaryimage"},"image":{"@id":"https:\/\/akunq.net\/tr\/?p=67792#primaryimage"},"thumbnailUrl":"https:\/\/akunq.net\/tr\/wp-content\/uploads\/sites\/6\/2022\/04\/M\u0131g\u0131rdi\u00e7_margosyan.jpg","datePublished":"2022-04-04T07:03:29+00:00","author":{"@id":"https:\/\/akunq.net\/tr\/#\/schema\/person\/096f1d38a12cce57fb855b485ed24c9e"},"breadcrumb":{"@id":"https:\/\/akunq.net\/tr\/?p=67792#breadcrumb"},"inLanguage":"en-US","potentialAction":[{"@type":"ReadAction","target":["https:\/\/akunq.net\/tr\/?p=67792"]}]},{"@type":"ImageObject","inLanguage":"en-US","@id":"https:\/\/akunq.net\/tr\/?p=67792#primaryimage","url":"https:\/\/akunq.net\/tr\/wp-content\/uploads\/sites\/6\/2022\/04\/M\u0131g\u0131rdi\u00e7_margosyan.jpg","contentUrl":"https:\/\/akunq.net\/tr\/wp-content\/uploads\/sites\/6\/2022\/04\/M\u0131g\u0131rdi\u00e7_margosyan.jpg","width":750,"height":422},{"@type":"BreadcrumbList","@id":"https:\/\/akunq.net\/tr\/?p=67792#breadcrumb","itemListElement":[{"@type":"ListItem","position":1,"name":"Home","item":"https:\/\/akunq.net\/tr"},{"@type":"ListItem","position":2,"name":"Demirta\u015f, M\u0131g\u0131rdi\u00e7 Margosyan i\u00e7in ba\u015fsa\u011fl\u0131\u011f\u0131 mesaj\u0131 yay\u0131nlad\u0131"}]},{"@type":"WebSite","@id":"https:\/\/akunq.net\/tr\/#website","url":"https:\/\/akunq.net\/tr\/","name":"Bati Ermenistan Ve Bati Ermenileri Sorunlari Ara\u015ftirmalar Merkezi","description":"","potentialAction":[{"@type":"SearchAction","target":{"@type":"EntryPoint","urlTemplate":"https:\/\/akunq.net\/tr\/?s={search_term_string}"},"query-input":{"@type":"PropertyValueSpecification","valueRequired":true,"valueName":"search_term_string"}}],"inLanguage":"en-US"},{"@type":"Person","@id":"https:\/\/akunq.net\/tr\/#\/schema\/person\/096f1d38a12cce57fb855b485ed24c9e","name":"admin","url":"https:\/\/akunq.net\/tr\/?author=7"}]}},"_links":{"self":[{"href":"https:\/\/akunq.net\/tr\/index.php?rest_route=\/wp\/v2\/posts\/67792","targetHints":{"allow":["GET"]}}],"collection":[{"href":"https:\/\/akunq.net\/tr\/index.php?rest_route=\/wp\/v2\/posts"}],"about":[{"href":"https:\/\/akunq.net\/tr\/index.php?rest_route=\/wp\/v2\/types\/post"}],"author":[{"embeddable":true,"href":"https:\/\/akunq.net\/tr\/index.php?rest_route=\/wp\/v2\/users\/7"}],"replies":[{"embeddable":true,"href":"https:\/\/akunq.net\/tr\/index.php?rest_route=%2Fwp%2Fv2%2Fcomments&post=67792"}],"version-history":[{"count":1,"href":"https:\/\/akunq.net\/tr\/index.php?rest_route=\/wp\/v2\/posts\/67792\/revisions"}],"predecessor-version":[{"id":67794,"href":"https:\/\/akunq.net\/tr\/index.php?rest_route=\/wp\/v2\/posts\/67792\/revisions\/67794"}],"wp:featuredmedia":[{"embeddable":true,"href":"https:\/\/akunq.net\/tr\/index.php?rest_route=\/wp\/v2\/media\/67793"}],"wp:attachment":[{"href":"https:\/\/akunq.net\/tr\/index.php?rest_route=%2Fwp%2Fv2%2Fmedia&parent=67792"}],"wp:term":[{"taxonomy":"category","embeddable":true,"href":"https:\/\/akunq.net\/tr\/index.php?rest_route=%2Fwp%2Fv2%2Fcategories&post=67792"},{"taxonomy":"post_tag","embeddable":true,"href":"https:\/\/akunq.net\/tr\/index.php?rest_route=%2Fwp%2Fv2%2Ftags&post=67792"}],"curies":[{"name":"wp","href":"https:\/\/api.w.org\/{rel}","templated":true}]}}